{"id":145615,"date":"2023-11-04T13:52:02","date_gmt":"2023-11-04T12:52:02","guid":{"rendered":"https:\/\/www.bellunopress.it\/?p=145615"},"modified":"2023-11-04T13:52:02","modified_gmt":"2023-11-04T12:52:02","slug":"proseguono-le-ricerche-di-walter-locatello-il-vigile-del-fuoco-disperso-nel-canale-tesa-vecchio-di-puos-dalpago","status":"publish","type":"post","link":"https:\/\/www.bellunopress.it\/fr\/2023\/11\/04\/proseguono-le-ricerche-di-walter-locatello-il-vigile-del-fuoco-disperso-nel-canale-tesa-vecchio-di-puos-dalpago\/","title":{"rendered":"Proseguono le ricerche di Walter Locatello, il vigile del fuoco disperso nel canale Tesa Vecchio di Puos d&#8217;Alpago"},"content":{"rendered":"<p><img loading=\"lazy\" decoding=\"async\" class=\"alignleft size-full wp-image-145616\" src=\"https:\/\/www.bellunopress.it\/wp-content\/uploads\/2023\/11\/vigili-del-fuoco-drone-lago-s-croce_edited.jpg\" alt=\"\" width=\"1000\" height=\"563\" srcset=\"https:\/\/www.bellunopress.it\/wp-content\/uploads\/2023\/11\/vigili-del-fuoco-drone-lago-s-croce_edited.jpg 1000w, https:\/\/www.bellunopress.it\/wp-content\/uploads\/2023\/11\/vigili-del-fuoco-drone-lago-s-croce_edited-500x282.jpg 500w, https:\/\/www.bellunopress.it\/wp-content\/uploads\/2023\/11\/vigili-del-fuoco-drone-lago-s-croce_edited-696x392.jpg 696w\" sizes=\"auto, (max-width: 1000px) 100vw, 1000px\" \/>Puos d&#8217;Alpago, 4 novembre 2023 &#8211; Proseguono senza sosta le ricerche di Walter Locatello, il vigile del fuoco scomparso due giorni fa dopo essere scivolato accidentalmente nel canale Tesa Vecchio a Puos D\u2019Alpago.<br \/>\nAl lavoro oggi pi\u00f9 di 40 vigili del fuoco, con squadre a terra, soccorritori fluviali, soccorritori acquatici con moto d\u2019acqua, sommozzatori e nucleo SAPR (Sistemi Aeromobili a Pilotaggio Remoto), oltre l\u2019elicottero del reparto volo Venezia. Due le imbarcazioni, tra cui una proveniente da Roma dotata di sonar Didson ad alta definizione, impegnate per le ricerche nei fondali del lago oltre a un gommone a supporto per le ricerche di superficie e perlustrazione nella acque del lago di Santa Croce (BL).<\/p>","protected":false},"excerpt":{"rendered":"<p>Puos d&#8217;Alpago, 4 novembre 2023 &#8211; Proseguono senza sosta le ricerche di Walter Locatello, il vigile del fuoco scomparso due giorni fa dopo essere scivolato accidentalmente nel canale Tesa Vecchio a Puos D\u2019Alpago. Al lavoro oggi pi\u00f9 di 40 vigili del fuoco, con squadre a terra, soccorritori fluviali, soccorritori acquatici con moto d\u2019acqua, sommozzatori e [&hellip;]<\/p>\n","protected":false},"author":2,"featured_media":145616,"comment_status":"closed","ping_status":"open","sticky":false,"template":"","format":"standard","meta":{"footnotes":""},"categories":[5,26],"tags":[],"class_list":["post-145615","post","type-post","status-publish","format-standard","has-post-thumbnail","category-cronaca","category-prima-pagina"],"yoast_head":"<!-- This site is optimized with the Yoast SEO plugin v28.4 - https:\/\/yoast.com\/product\/yoast-seo-wordpress\/ -->\n<title>Proseguono le ricerche di Walter Locatello, il vigile del fuoco disperso nel canale Tesa Vecchio di Puos d&#039;Alpago - Bellunopress - Dolomiti<\/title>\n<meta name=\"robots\" content=\"index, follow, max-snippet:-1, max-image-preview:large, max-video-preview:-1\" \/>\n<link rel=\"canonical\" href=\"https:\/\/www.bellunopress.it\/fr\/2023\/11\/04\/proseguono-le-ricerche-di-walter-locatello-il-vigile-del-fuoco-disperso-nel-canale-tesa-vecchio-di-puos-dalpago\/\" \/>\n<meta property=\"og:locale\" content=\"fr_FR\" \/>\n<meta property=\"og:type\" content=\"article\" \/>\n<meta property=\"og:title\" content=\"Proseguono le ricerche di Walter Locatello, il vigile del fuoco disperso nel canale Tesa Vecchio di Puos d&#039;Alpago - Bellunopress - Dolomiti\" \/>\n<meta property=\"og:description\" content=\"Puos d&#8217;Alpago, 4 novembre 2023 &#8211; Proseguono senza sosta le ricerche di Walter Locatello, il vigile del fuoco scomparso due giorni fa dopo essere scivolato accidentalmente nel canale Tesa Vecchio a Puos D\u2019Alpago. Al lavoro oggi pi\u00f9 di 40 vigili del fuoco, con squadre a terra, soccorritori fluviali, soccorritori acquatici con moto d\u2019acqua, sommozzatori e [&hellip;]\" \/>\n<meta property=\"og:url\" content=\"https:\/\/www.bellunopress.it\/fr\/2023\/11\/04\/proseguono-le-ricerche-di-walter-locatello-il-vigile-del-fuoco-disperso-nel-canale-tesa-vecchio-di-puos-dalpago\/\" \/>\n<meta property=\"og:site_name\" content=\"Bellunopress - Dolomiti\" \/>\n<meta property=\"article:publisher\" content=\"https:\/\/www.facebook.com\/profile.php?id=100008943462799\" \/>\n<meta property=\"article:published_time\" content=\"2023-11-04T12:52:02+00:00\" \/>\n<meta property=\"og:image\" content=\"https:\/\/www.bellunopress.it\/wp-content\/uploads\/2023\/11\/vigili-del-fuoco-drone-lago-s-croce_edited.jpg\" \/>\n\t<meta property=\"og:image:width\" content=\"1000\" \/>\n\t<meta property=\"og:image:height\" content=\"563\" \/>\n\t<meta property=\"og:image:type\" content=\"image\/jpeg\" \/>\n<meta name=\"author\" content=\"redazione\" \/>\n<meta name=\"twitter:card\" content=\"summary_large_image\" \/>\n<meta name=\"twitter:creator\" content=\"@bellunopress\" \/>\n<meta name=\"twitter:site\" content=\"@bellunopress\" \/>\n<meta name=\"twitter:label1\" content=\"\u00c9crit par\" \/>\n\t<meta name=\"twitter:data1\" content=\"redazione\" \/>\n\t<meta name=\"twitter:label2\" content=\"Dur\u00e9e de lecture estim\u00e9e\" \/>\n\t<meta name=\"twitter:data2\" content=\"1 minute\" \/>\n<script type=\"application\/ld+json\" class=\"yoast-schema-graph\">{\"@context\":\"https:\\\/\\\/schema.org\",\"@graph\":[{\"@type\":\"Article\",\"@id\":\"https:\\\/\\\/www.bellunopress.it\\\/2023\\\/11\\\/04\\\/proseguono-le-ricerche-di-walter-locatello-il-vigile-del-fuoco-disperso-nel-canale-tesa-vecchio-di-puos-dalpago\\\/#article\",\"isPartOf\":{\"@id\":\"https:\\\/\\\/www.bellunopress.it\\\/2023\\\/11\\\/04\\\/proseguono-le-ricerche-di-walter-locatello-il-vigile-del-fuoco-disperso-nel-canale-tesa-vecchio-di-puos-dalpago\\\/\"},\"author\":{\"name\":\"redazione\",\"@id\":\"https:\\\/\\\/www.bellunopress.it\\\/#\\\/schema\\\/person\\\/79bb06722b37ece1c03d3e94beb30d73\"},\"headline\":\"Proseguono le ricerche di Walter Locatello, il vigile del fuoco disperso nel canale Tesa Vecchio di Puos d&#8217;Alpago\",\"datePublished\":\"2023-11-04T12:52:02+00:00\",\"mainEntityOfPage\":{\"@id\":\"https:\\\/\\\/www.bellunopress.it\\\/2023\\\/11\\\/04\\\/proseguono-le-ricerche-di-walter-locatello-il-vigile-del-fuoco-disperso-nel-canale-tesa-vecchio-di-puos-dalpago\\\/\"},\"wordCount\":133,\"publisher\":{\"@id\":\"https:\\\/\\\/www.bellunopress.it\\\/#organization\"},\"image\":{\"@id\":\"https:\\\/\\\/www.bellunopress.it\\\/2023\\\/11\\\/04\\\/proseguono-le-ricerche-di-walter-locatello-il-vigile-del-fuoco-disperso-nel-canale-tesa-vecchio-di-puos-dalpago\\\/#primaryimage\"},\"thumbnailUrl\":\"https:\\\/\\\/www.bellunopress.it\\\/wp-content\\\/uploads\\\/2023\\\/11\\\/vigili-del-fuoco-drone-lago-s-croce_edited.jpg\",\"articleSection\":[\"Cronaca\\\/Politica\",\"Prima Pagina\"],\"inLanguage\":\"fr-FR\"},{\"@type\":\"WebPage\",\"@id\":\"https:\\\/\\\/www.bellunopress.it\\\/2023\\\/11\\\/04\\\/proseguono-le-ricerche-di-walter-locatello-il-vigile-del-fuoco-disperso-nel-canale-tesa-vecchio-di-puos-dalpago\\\/\",\"url\":\"https:\\\/\\\/www.bellunopress.it\\\/2023\\\/11\\\/04\\\/proseguono-le-ricerche-di-walter-locatello-il-vigile-del-fuoco-disperso-nel-canale-tesa-vecchio-di-puos-dalpago\\\/\",\"name\":\"Proseguono le ricerche di Walter Locatello, il vigile del fuoco disperso nel canale Tesa Vecchio di Puos d'Alpago - Bellunopress - Dolomiti\",\"isPartOf\":{\"@id\":\"https:\\\/\\\/www.bellunopress.it\\\/#website\"},\"primaryImageOfPage\":{\"@id\":\"https:\\\/\\\/www.bellunopress.it\\\/2023\\\/11\\\/04\\\/proseguono-le-ricerche-di-walter-locatello-il-vigile-del-fuoco-disperso-nel-canale-tesa-vecchio-di-puos-dalpago\\\/#primaryimage\"},\"image\":{\"@id\":\"https:\\\/\\\/www.bellunopress.it\\\/2023\\\/11\\\/04\\\/proseguono-le-ricerche-di-walter-locatello-il-vigile-del-fuoco-disperso-nel-canale-tesa-vecchio-di-puos-dalpago\\\/#primaryimage\"},\"thumbnailUrl\":\"https:\\\/\\\/www.bellunopress.it\\\/wp-content\\\/uploads\\\/2023\\\/11\\\/vigili-del-fuoco-drone-lago-s-croce_edited.jpg\",\"datePublished\":\"2023-11-04T12:52:02+00:00\",\"breadcrumb\":{\"@id\":\"https:\\\/\\\/www.bellunopress.it\\\/2023\\\/11\\\/04\\\/proseguono-le-ricerche-di-walter-locatello-il-vigile-del-fuoco-disperso-nel-canale-tesa-vecchio-di-puos-dalpago\\\/#breadcrumb\"},\"inLanguage\":\"fr-FR\",\"potentialAction\":[{\"@type\":\"ReadAction\",\"target\":[\"https:\\\/\\\/www.bellunopress.it\\\/2023\\\/11\\\/04\\\/proseguono-le-ricerche-di-walter-locatello-il-vigile-del-fuoco-disperso-nel-canale-tesa-vecchio-di-puos-dalpago\\\/\"]}]},{\"@type\":\"ImageObject\",\"inLanguage\":\"fr-FR\",\"@id\":\"https:\\\/\\\/www.bellunopress.it\\\/2023\\\/11\\\/04\\\/proseguono-le-ricerche-di-walter-locatello-il-vigile-del-fuoco-disperso-nel-canale-tesa-vecchio-di-puos-dalpago\\\/#primaryimage\",\"url\":\"https:\\\/\\\/www.bellunopress.it\\\/wp-content\\\/uploads\\\/2023\\\/11\\\/vigili-del-fuoco-drone-lago-s-croce_edited.jpg\",\"contentUrl\":\"https:\\\/\\\/www.bellunopress.it\\\/wp-content\\\/uploads\\\/2023\\\/11\\\/vigili-del-fuoco-drone-lago-s-croce_edited.jpg\",\"width\":1000,\"height\":563},{\"@type\":\"BreadcrumbList\",\"@id\":\"https:\\\/\\\/www.bellunopress.it\\\/2023\\\/11\\\/04\\\/proseguono-le-ricerche-di-walter-locatello-il-vigile-del-fuoco-disperso-nel-canale-tesa-vecchio-di-puos-dalpago\\\/#breadcrumb\",\"itemListElement\":[{\"@type\":\"ListItem\",\"position\":1,\"name\":\"Home\",\"item\":\"https:\\\/\\\/www.bellunopress.it\\\/\"},{\"@type\":\"ListItem\",\"position\":2,\"name\":\"Proseguono le ricerche di Walter Locatello, il vigile del fuoco disperso nel canale Tesa Vecchio di Puos d&#8217;Alpago\"}]},{\"@type\":\"WebSite\",\"@id\":\"https:\\\/\\\/www.bellunopress.it\\\/#website\",\"url\":\"https:\\\/\\\/www.bellunopress.it\\\/\",\"name\":\"Bellunopress - Dolomiti\",\"description\":\"e-mail: redazione@bellunopress.it\",\"publisher\":{\"@id\":\"https:\\\/\\\/www.bellunopress.it\\\/#organization\"},\"potentialAction\":[{\"@type\":\"SearchAction\",\"target\":{\"@type\":\"EntryPoint\",\"urlTemplate\":\"https:\\\/\\\/www.bellunopress.it\\\/?s={search_term_string}\"},\"query-input\":{\"@type\":\"PropertyValueSpecification\",\"valueRequired\":true,\"valueName\":\"search_term_string\"}}],\"inLanguage\":\"fr-FR\"},{\"@type\":\"Organization\",\"@id\":\"https:\\\/\\\/www.bellunopress.it\\\/#organization\",\"name\":\"Bellunopress\",\"url\":\"https:\\\/\\\/www.bellunopress.it\\\/\",\"logo\":{\"@type\":\"ImageObject\",\"inLanguage\":\"fr-FR\",\"@id\":\"https:\\\/\\\/www.bellunopress.it\\\/#\\\/schema\\\/logo\\\/image\\\/\",\"url\":\"https:\\\/\\\/www.bellunopress.it\\\/wp-content\\\/uploads\\\/2011\\\/05\\\/cropped-logo-bellunopress-.jpg\",\"contentUrl\":\"https:\\\/\\\/www.bellunopress.it\\\/wp-content\\\/uploads\\\/2011\\\/05\\\/cropped-logo-bellunopress-.jpg\",\"width\":512,\"height\":512,\"caption\":\"Bellunopress\"},\"image\":{\"@id\":\"https:\\\/\\\/www.bellunopress.it\\\/#\\\/schema\\\/logo\\\/image\\\/\"},\"sameAs\":[\"https:\\\/\\\/www.facebook.com\\\/profile.php?id=100008943462799\",\"https:\\\/\\\/x.com\\\/bellunopress\",\"https:\\\/\\\/www.linkedin.com\\\/hp\\\/?dnr=JBzUWaJfMUw8vbXJJ2tVW5-I3jZKvC4wsoxE&amp;amp;amp;amp;amp;amp;trk=nav_responsive_tab_home\",\"https:\\\/\\\/www.youtube.com\\\/channel\\\/UCxL0wu1uN0_3_7hGG0306cw\"]},{\"@type\":\"Person\",\"@id\":\"https:\\\/\\\/www.bellunopress.it\\\/#\\\/schema\\\/person\\\/79bb06722b37ece1c03d3e94beb30d73\",\"name\":\"redazione\",\"image\":{\"@type\":\"ImageObject\",\"inLanguage\":\"fr-FR\",\"@id\":\"https:\\\/\\\/secure.gravatar.com\\\/avatar\\\/37d968a2e67a6fd04c169c4bdef102d0bc5d31b2546345219e348575eb80e9a0?s=96&d=mm&r=g\",\"url\":\"https:\\\/\\\/secure.gravatar.com\\\/avatar\\\/37d968a2e67a6fd04c169c4bdef102d0bc5d31b2546345219e348575eb80e9a0?s=96&d=mm&r=g\",\"contentUrl\":\"https:\\\/\\\/secure.gravatar.com\\\/avatar\\\/37d968a2e67a6fd04c169c4bdef102d0bc5d31b2546345219e348575eb80e9a0?s=96&d=mm&r=g\",\"caption\":\"redazione\"},\"sameAs\":[\"http:\\\/\\\/www.bellunopress.it\",\"https:\\\/\\\/x.com\\\/bellunopress\"],\"url\":\"https:\\\/\\\/www.bellunopress.it\\\/fr\\\/author\\\/redazione\\\/\"}]}<\/script>\n<!-- \/ Yoast SEO plugin. -->","yoast_head_json":{"title":"Proseguono le ricerche di Walter Locatello, il vigile del fuoco disperso nel canale Tesa Vecchio di Puos d'Alpago - Bellunopress - Dolomiti","robots":{"index":"index","follow":"follow","max-snippet":"max-snippet:-1","max-image-preview":"max-image-preview:large","max-video-preview":"max-video-preview:-1"},"canonical":"https:\/\/www.bellunopress.it\/fr\/2023\/11\/04\/proseguono-le-ricerche-di-walter-locatello-il-vigile-del-fuoco-disperso-nel-canale-tesa-vecchio-di-puos-dalpago\/","og_locale":"fr_FR","og_type":"article","og_title":"Proseguono le ricerche di Walter Locatello, il vigile del fuoco disperso nel canale Tesa Vecchio di Puos d'Alpago - Bellunopress - Dolomiti","og_description":"Puos d&#8217;Alpago, 4 novembre 2023 &#8211; Proseguono senza sosta le ricerche di Walter Locatello, il vigile del fuoco scomparso due giorni fa dopo essere scivolato accidentalmente nel canale Tesa Vecchio a Puos D\u2019Alpago. Al lavoro oggi pi\u00f9 di 40 vigili del fuoco, con squadre a terra, soccorritori fluviali, soccorritori acquatici con moto d\u2019acqua, sommozzatori e [&hellip;]","og_url":"https:\/\/www.bellunopress.it\/fr\/2023\/11\/04\/proseguono-le-ricerche-di-walter-locatello-il-vigile-del-fuoco-disperso-nel-canale-tesa-vecchio-di-puos-dalpago\/","og_site_name":"Bellunopress - Dolomiti","article_publisher":"https:\/\/www.facebook.com\/profile.php?id=100008943462799","article_published_time":"2023-11-04T12:52:02+00:00","og_image":[{"width":1000,"height":563,"url":"https:\/\/www.bellunopress.it\/wp-content\/uploads\/2023\/11\/vigili-del-fuoco-drone-lago-s-croce_edited.jpg","type":"image\/jpeg"}],"author":"redazione","twitter_card":"summary_large_image","twitter_creator":"@bellunopress","twitter_site":"@bellunopress","twitter_misc":{"\u00c9crit par":"redazione","Dur\u00e9e de lecture estim\u00e9e":"1 minute"},"schema":{"@context":"https:\/\/schema.org","@graph":[{"@type":"Article","@id":"https:\/\/www.bellunopress.it\/2023\/11\/04\/proseguono-le-ricerche-di-walter-locatello-il-vigile-del-fuoco-disperso-nel-canale-tesa-vecchio-di-puos-dalpago\/#article","isPartOf":{"@id":"https:\/\/www.bellunopress.it\/2023\/11\/04\/proseguono-le-ricerche-di-walter-locatello-il-vigile-del-fuoco-disperso-nel-canale-tesa-vecchio-di-puos-dalpago\/"},"author":{"name":"redazione","@id":"https:\/\/www.bellunopress.it\/#\/schema\/person\/79bb06722b37ece1c03d3e94beb30d73"},"headline":"Proseguono le ricerche di Walter Locatello, il vigile del fuoco disperso nel canale Tesa Vecchio di Puos d&#8217;Alpago","datePublished":"2023-11-04T12:52:02+00:00","mainEntityOfPage":{"@id":"https:\/\/www.bellunopress.it\/2023\/11\/04\/proseguono-le-ricerche-di-walter-locatello-il-vigile-del-fuoco-disperso-nel-canale-tesa-vecchio-di-puos-dalpago\/"},"wordCount":133,"publisher":{"@id":"https:\/\/www.bellunopress.it\/#organization"},"image":{"@id":"https:\/\/www.bellunopress.it\/2023\/11\/04\/proseguono-le-ricerche-di-walter-locatello-il-vigile-del-fuoco-disperso-nel-canale-tesa-vecchio-di-puos-dalpago\/#primaryimage"},"thumbnailUrl":"https:\/\/www.bellunopress.it\/wp-content\/uploads\/2023\/11\/vigili-del-fuoco-drone-lago-s-croce_edited.jpg","articleSection":["Cronaca\/Politica","Prima Pagina"],"inLanguage":"fr-FR"},{"@type":"WebPage","@id":"https:\/\/www.bellunopress.it\/2023\/11\/04\/proseguono-le-ricerche-di-walter-locatello-il-vigile-del-fuoco-disperso-nel-canale-tesa-vecchio-di-puos-dalpago\/","url":"https:\/\/www.bellunopress.it\/2023\/11\/04\/proseguono-le-ricerche-di-walter-locatello-il-vigile-del-fuoco-disperso-nel-canale-tesa-vecchio-di-puos-dalpago\/","name":"Proseguono le ricerche di Walter Locatello, il vigile del fuoco disperso nel canale Tesa Vecchio di Puos d'Alpago - Bellunopress - Dolomiti","isPartOf":{"@id":"https:\/\/www.bellunopress.it\/#website"},"primaryImageOfPage":{"@id":"https:\/\/www.bellunopress.it\/2023\/11\/04\/proseguono-le-ricerche-di-walter-locatello-il-vigile-del-fuoco-disperso-nel-canale-tesa-vecchio-di-puos-dalpago\/#primaryimage"},"image":{"@id":"https:\/\/www.bellunopress.it\/2023\/11\/04\/proseguono-le-ricerche-di-walter-locatello-il-vigile-del-fuoco-disperso-nel-canale-tesa-vecchio-di-puos-dalpago\/#primaryimage"},"thumbnailUrl":"https:\/\/www.bellunopress.it\/wp-content\/uploads\/2023\/11\/vigili-del-fuoco-drone-lago-s-croce_edited.jpg","datePublished":"2023-11-04T12:52:02+00:00","breadcrumb":{"@id":"https:\/\/www.bellunopress.it\/2023\/11\/04\/proseguono-le-ricerche-di-walter-locatello-il-vigile-del-fuoco-disperso-nel-canale-tesa-vecchio-di-puos-dalpago\/#breadcrumb"},"inLanguage":"fr-FR","potentialAction":[{"@type":"ReadAction","target":["https:\/\/www.bellunopress.it\/2023\/11\/04\/proseguono-le-ricerche-di-walter-locatello-il-vigile-del-fuoco-disperso-nel-canale-tesa-vecchio-di-puos-dalpago\/"]}]},{"@type":"ImageObject","inLanguage":"fr-FR","@id":"https:\/\/www.bellunopress.it\/2023\/11\/04\/proseguono-le-ricerche-di-walter-locatello-il-vigile-del-fuoco-disperso-nel-canale-tesa-vecchio-di-puos-dalpago\/#primaryimage","url":"https:\/\/www.bellunopress.it\/wp-content\/uploads\/2023\/11\/vigili-del-fuoco-drone-lago-s-croce_edited.jpg","contentUrl":"https:\/\/www.bellunopress.it\/wp-content\/uploads\/2023\/11\/vigili-del-fuoco-drone-lago-s-croce_edited.jpg","width":1000,"height":563},{"@type":"BreadcrumbList","@id":"https:\/\/www.bellunopress.it\/2023\/11\/04\/proseguono-le-ricerche-di-walter-locatello-il-vigile-del-fuoco-disperso-nel-canale-tesa-vecchio-di-puos-dalpago\/#breadcrumb","itemListElement":[{"@type":"ListItem","position":1,"name":"Home","item":"https:\/\/www.bellunopress.it\/"},{"@type":"ListItem","position":2,"name":"Proseguono le ricerche di Walter Locatello, il vigile del fuoco disperso nel canale Tesa Vecchio di Puos d&#8217;Alpago"}]},{"@type":"WebSite","@id":"https:\/\/www.bellunopress.it\/#website","url":"https:\/\/www.bellunopress.it\/","name":"Bellunopress - Dolomiti","description":"e-mail: redazione@bellunopress.it","publisher":{"@id":"https:\/\/www.bellunopress.it\/#organization"},"potentialAction":[{"@type":"SearchAction","target":{"@type":"EntryPoint","urlTemplate":"https:\/\/www.bellunopress.it\/?s={search_term_string}"},"query-input":{"@type":"PropertyValueSpecification","valueRequired":true,"valueName":"search_term_string"}}],"inLanguage":"fr-FR"},{"@type":"Organization","@id":"https:\/\/www.bellunopress.it\/#organization","name":"Bellunopress","url":"https:\/\/www.bellunopress.it\/","logo":{"@type":"ImageObject","inLanguage":"fr-FR","@id":"https:\/\/www.bellunopress.it\/#\/schema\/logo\/image\/","url":"https:\/\/www.bellunopress.it\/wp-content\/uploads\/2011\/05\/cropped-logo-bellunopress-.jpg","contentUrl":"https:\/\/www.bellunopress.it\/wp-content\/uploads\/2011\/05\/cropped-logo-bellunopress-.jpg","width":512,"height":512,"caption":"Bellunopress"},"image":{"@id":"https:\/\/www.bellunopress.it\/#\/schema\/logo\/image\/"},"sameAs":["https:\/\/www.facebook.com\/profile.php?id=100008943462799","https:\/\/x.com\/bellunopress","https:\/\/www.linkedin.com\/hp\/?dnr=JBzUWaJfMUw8vbXJJ2tVW5-I3jZKvC4wsoxE&amp;amp;amp;amp;amp;amp;trk=nav_responsive_tab_home","https:\/\/www.youtube.com\/channel\/UCxL0wu1uN0_3_7hGG0306cw"]},{"@type":"Person","@id":"https:\/\/www.bellunopress.it\/#\/schema\/person\/79bb06722b37ece1c03d3e94beb30d73","name":"r\u00e9daction","image":{"@type":"ImageObject","inLanguage":"fr-FR","@id":"https:\/\/secure.gravatar.com\/avatar\/37d968a2e67a6fd04c169c4bdef102d0bc5d31b2546345219e348575eb80e9a0?s=96&d=mm&r=g","url":"https:\/\/secure.gravatar.com\/avatar\/37d968a2e67a6fd04c169c4bdef102d0bc5d31b2546345219e348575eb80e9a0?s=96&d=mm&r=g","contentUrl":"https:\/\/secure.gravatar.com\/avatar\/37d968a2e67a6fd04c169c4bdef102d0bc5d31b2546345219e348575eb80e9a0?s=96&d=mm&r=g","caption":"redazione"},"sameAs":["http:\/\/www.bellunopress.it","https:\/\/x.com\/bellunopress"],"url":"https:\/\/www.bellunopress.it\/fr\/author\/redazione\/"}]}},"_links":{"self":[{"href":"https:\/\/www.bellunopress.it\/fr\/wp-json\/wp\/v2\/posts\/145615","targetHints":{"allow":["GET"]}}],"collection":[{"href":"https:\/\/www.bellunopress.it\/fr\/wp-json\/wp\/v2\/posts"}],"about":[{"href":"https:\/\/www.bellunopress.it\/fr\/wp-json\/wp\/v2\/types\/post"}],"author":[{"embeddable":true,"href":"https:\/\/www.bellunopress.it\/fr\/wp-json\/wp\/v2\/users\/2"}],"replies":[{"embeddable":true,"href":"https:\/\/www.bellunopress.it\/fr\/wp-json\/wp\/v2\/comments?post=145615"}],"version-history":[{"count":1,"href":"https:\/\/www.bellunopress.it\/fr\/wp-json\/wp\/v2\/posts\/145615\/revisions"}],"predecessor-version":[{"id":145617,"href":"https:\/\/www.bellunopress.it\/fr\/wp-json\/wp\/v2\/posts\/145615\/revisions\/145617"}],"wp:featuredmedia":[{"embeddable":true,"href":"https:\/\/www.bellunopress.it\/fr\/wp-json\/wp\/v2\/media\/145616"}],"wp:attachment":[{"href":"https:\/\/www.bellunopress.it\/fr\/wp-json\/wp\/v2\/media?parent=145615"}],"wp:term":[{"taxonomy":"category","embeddable":true,"href":"https:\/\/www.bellunopress.it\/fr\/wp-json\/wp\/v2\/categories?post=145615"},{"taxonomy":"post_tag","embeddable":true,"href":"https:\/\/www.bellunopress.it\/fr\/wp-json\/wp\/v2\/tags?post=145615"}],"curies":[{"name":"wp","href":"https:\/\/api.w.org\/{rel}","templated":true}]}}