{"id":145613,"date":"2023-11-04T09:44:12","date_gmt":"2023-11-04T08:44:12","guid":{"rendered":"https:\/\/www.bellunopress.it\/?p=145613"},"modified":"2023-11-04T09:44:12","modified_gmt":"2023-11-04T08:44:12","slug":"gli-alpini-di-ponte-nelle-alpi-soverzene-celebrano-lunita-nazionale-e-la-giornata-delle-forze-armate","status":"publish","type":"post","link":"https:\/\/www.bellunopress.it\/fr\/2023\/11\/04\/gli-alpini-di-ponte-nelle-alpi-soverzene-celebrano-lunita-nazionale-e-la-giornata-delle-forze-armate\/","title":{"rendered":"Gli Alpini di Ponte nelle Alpi Soverzene celebrano l&#8217;Unit\u00e0 nazionale e la Giornata delle Forze armate"},"content":{"rendered":"<p><img loading=\"lazy\" decoding=\"async\" class=\"alignleft size-full wp-image-114503\" src=\"https:\/\/www.bellunopress.it\/wp-content\/uploads\/2020\/05\/Alpini-Ana.jpg\" alt=\"\" width=\"512\" height=\"491\" srcset=\"https:\/\/www.bellunopress.it\/wp-content\/uploads\/2020\/05\/Alpini-Ana.jpg 512w, https:\/\/www.bellunopress.it\/wp-content\/uploads\/2020\/05\/Alpini-Ana-500x479.jpg 500w, https:\/\/www.bellunopress.it\/wp-content\/uploads\/2020\/05\/Alpini-Ana-438x420.jpg 438w\" sizes=\"auto, (max-width: 512px) 100vw, 512px\" \/>Gli Alpini del gruppo Ponte nelle Alpi-Soverzene hanno scelto il monumento ai Caduti di Lastreghe per la manifestazione nazionale in occasione del 4 novembre. Per volont\u00e0 del presidente Sebastiano Favero, l&#8217;iniziativa si \u00e8 svolta nello stesso momento in tutte le localit\u00e0 italiane prescelte: alle ore 19 del 3 novembre.<\/p>\n<p>\u00c8 stata una cerimonia carica di significato, che segna il 105mo anniversario della fine del primo conflitto mondiale. Gli Alpini di tutta Italia, infatti, si sono ritrovati davanti al loro monumento in modo corale e simbolico.<\/p>\n<p>La Giornata delle Forze armate e dell&#8217;Unit\u00e0 nazionale \u00e8 l&#8217;occasione per ribadire con forza l&#8217;attaccamento ai valori di pace, solidariet\u00e0, servizio. Negli anni recenti, l&#8217;Associazione ha celebrato importanti traguardi, come il 150. anniversario della fondazione del Corpo degli Alpini e il centenario della stessa Ana. Gli alpini hanno poi affrontato gravi difficolt\u00e0 come la pandemia Covid-19, durante la quale non hanno esitato a prestare servizio alle comunit\u00e0 locali. Inoltre, alla presenza del presidente della Repubblica, Sergio Mattarella, hanno commemorato il 60mo anniversario del disastro del Vajont.<\/p>\n<p>Purtroppo, nonostante le sfide e l&#8217;impegno, il mondo continua a vivere momenti difficili e critici che mettono in discussione la convivenza pacifica e civile. Ma onorare la memoria significa testimoniare per la pace, tramandando ai giovani i valori della Costituzione italiana.<\/p>\n<p>Hanno portato i saluti il capo-frazione di Lastreghe, Giancarlo De Pizzol, il capo-gruppo Ana, Mario Dall&#8217;Anese, e il sindaco di Ponte nelle Alpi, Paolo Vendramini: il primo cittadino ha ringraziato i presenti e i volontari della Protezione civile per la dedizione e l&#8217;impegno che ancora una volta hanno dimostrato nelle ultime ore dell&#8217;allerta meteo, mentre il parroco, don Giuseppe, ha benedetto il monumento.<\/p>","protected":false},"excerpt":{"rendered":"<p>Gli Alpini del gruppo Ponte nelle Alpi-Soverzene hanno scelto il monumento ai Caduti di Lastreghe per la manifestazione nazionale in occasione del 4 novembre. Per volont\u00e0 del presidente Sebastiano Favero, l&#8217;iniziativa si \u00e8 svolta nello stesso momento in tutte le localit\u00e0 italiane prescelte: alle ore 19 del 3 novembre. \u00c8 stata una cerimonia carica di [&hellip;]<\/p>\n","protected":false},"author":2,"featured_media":114503,"comment_status":"closed","ping_status":"open","sticky":false,"template":"","format":"standard","meta":{"footnotes":""},"categories":[8],"tags":[],"class_list":["post-145613","post","type-post","status-publish","format-standard","has-post-thumbnail","category-societa-istituzioni"],"yoast_head":"<!-- This site is optimized with the Yoast SEO plugin v28.4 - https:\/\/yoast.com\/product\/yoast-seo-wordpress\/ -->\n<title>Gli Alpini di Ponte nelle Alpi Soverzene celebrano l&#039;Unit\u00e0 nazionale e la Giornata delle Forze armate - Bellunopress - Dolomiti<\/title>\n<meta name=\"robots\" content=\"index, follow, max-snippet:-1, max-image-preview:large, max-video-preview:-1\" \/>\n<link rel=\"canonical\" href=\"https:\/\/www.bellunopress.it\/fr\/2023\/11\/04\/gli-alpini-di-ponte-nelle-alpi-soverzene-celebrano-lunita-nazionale-e-la-giornata-delle-forze-armate\/\" \/>\n<meta property=\"og:locale\" content=\"fr_FR\" \/>\n<meta property=\"og:type\" content=\"article\" \/>\n<meta property=\"og:title\" content=\"Gli Alpini di Ponte nelle Alpi Soverzene celebrano l&#039;Unit\u00e0 nazionale e la Giornata delle Forze armate - Bellunopress - Dolomiti\" \/>\n<meta property=\"og:description\" content=\"Gli Alpini del gruppo Ponte nelle Alpi-Soverzene hanno scelto il monumento ai Caduti di Lastreghe per la manifestazione nazionale in occasione del 4 novembre. Per volont\u00e0 del presidente Sebastiano Favero, l&#8217;iniziativa si \u00e8 svolta nello stesso momento in tutte le localit\u00e0 italiane prescelte: alle ore 19 del 3 novembre. \u00c8 stata una cerimonia carica di [&hellip;]\" \/>\n<meta property=\"og:url\" content=\"https:\/\/www.bellunopress.it\/fr\/2023\/11\/04\/gli-alpini-di-ponte-nelle-alpi-soverzene-celebrano-lunita-nazionale-e-la-giornata-delle-forze-armate\/\" \/>\n<meta property=\"og:site_name\" content=\"Bellunopress - Dolomiti\" \/>\n<meta property=\"article:publisher\" content=\"https:\/\/www.facebook.com\/profile.php?id=100008943462799\" \/>\n<meta property=\"article:published_time\" content=\"2023-11-04T08:44:12+00:00\" \/>\n<meta property=\"og:image\" content=\"https:\/\/www.bellunopress.it\/wp-content\/uploads\/2020\/05\/Alpini-Ana.jpg\" \/>\n\t<meta property=\"og:image:width\" content=\"512\" \/>\n\t<meta property=\"og:image:height\" content=\"491\" \/>\n\t<meta property=\"og:image:type\" content=\"image\/jpeg\" \/>\n<meta name=\"author\" content=\"redazione\" \/>\n<meta name=\"twitter:card\" content=\"summary_large_image\" \/>\n<meta name=\"twitter:creator\" content=\"@bellunopress\" \/>\n<meta name=\"twitter:site\" content=\"@bellunopress\" \/>\n<meta name=\"twitter:label1\" content=\"\u00c9crit par\" \/>\n\t<meta name=\"twitter:data1\" content=\"redazione\" \/>\n\t<meta name=\"twitter:label2\" content=\"Dur\u00e9e de lecture estim\u00e9e\" \/>\n\t<meta name=\"twitter:data2\" content=\"1 minute\" \/>\n<script type=\"application\/ld+json\" class=\"yoast-schema-graph\">{\"@context\":\"https:\\\/\\\/schema.org\",\"@graph\":[{\"@type\":\"Article\",\"@id\":\"https:\\\/\\\/www.bellunopress.it\\\/2023\\\/11\\\/04\\\/gli-alpini-di-ponte-nelle-alpi-soverzene-celebrano-lunita-nazionale-e-la-giornata-delle-forze-armate\\\/#article\",\"isPartOf\":{\"@id\":\"https:\\\/\\\/www.bellunopress.it\\\/2023\\\/11\\\/04\\\/gli-alpini-di-ponte-nelle-alpi-soverzene-celebrano-lunita-nazionale-e-la-giornata-delle-forze-armate\\\/\"},\"author\":{\"name\":\"redazione\",\"@id\":\"https:\\\/\\\/www.bellunopress.it\\\/#\\\/schema\\\/person\\\/79bb06722b37ece1c03d3e94beb30d73\"},\"headline\":\"Gli Alpini di Ponte nelle Alpi Soverzene celebrano l&#8217;Unit\u00e0 nazionale e la Giornata delle Forze armate\",\"datePublished\":\"2023-11-04T08:44:12+00:00\",\"mainEntityOfPage\":{\"@id\":\"https:\\\/\\\/www.bellunopress.it\\\/2023\\\/11\\\/04\\\/gli-alpini-di-ponte-nelle-alpi-soverzene-celebrano-lunita-nazionale-e-la-giornata-delle-forze-armate\\\/\"},\"wordCount\":294,\"publisher\":{\"@id\":\"https:\\\/\\\/www.bellunopress.it\\\/#organization\"},\"image\":{\"@id\":\"https:\\\/\\\/www.bellunopress.it\\\/2023\\\/11\\\/04\\\/gli-alpini-di-ponte-nelle-alpi-soverzene-celebrano-lunita-nazionale-e-la-giornata-delle-forze-armate\\\/#primaryimage\"},\"thumbnailUrl\":\"https:\\\/\\\/www.bellunopress.it\\\/wp-content\\\/uploads\\\/2020\\\/05\\\/Alpini-Ana.jpg\",\"articleSection\":[\"Societ\u00e0, Associazioni, Istituzioni\"],\"inLanguage\":\"fr-FR\"},{\"@type\":\"WebPage\",\"@id\":\"https:\\\/\\\/www.bellunopress.it\\\/2023\\\/11\\\/04\\\/gli-alpini-di-ponte-nelle-alpi-soverzene-celebrano-lunita-nazionale-e-la-giornata-delle-forze-armate\\\/\",\"url\":\"https:\\\/\\\/www.bellunopress.it\\\/2023\\\/11\\\/04\\\/gli-alpini-di-ponte-nelle-alpi-soverzene-celebrano-lunita-nazionale-e-la-giornata-delle-forze-armate\\\/\",\"name\":\"Gli Alpini di Ponte nelle Alpi Soverzene celebrano l'Unit\u00e0 nazionale e la Giornata delle Forze armate - Bellunopress - Dolomiti\",\"isPartOf\":{\"@id\":\"https:\\\/\\\/www.bellunopress.it\\\/#website\"},\"primaryImageOfPage\":{\"@id\":\"https:\\\/\\\/www.bellunopress.it\\\/2023\\\/11\\\/04\\\/gli-alpini-di-ponte-nelle-alpi-soverzene-celebrano-lunita-nazionale-e-la-giornata-delle-forze-armate\\\/#primaryimage\"},\"image\":{\"@id\":\"https:\\\/\\\/www.bellunopress.it\\\/2023\\\/11\\\/04\\\/gli-alpini-di-ponte-nelle-alpi-soverzene-celebrano-lunita-nazionale-e-la-giornata-delle-forze-armate\\\/#primaryimage\"},\"thumbnailUrl\":\"https:\\\/\\\/www.bellunopress.it\\\/wp-content\\\/uploads\\\/2020\\\/05\\\/Alpini-Ana.jpg\",\"datePublished\":\"2023-11-04T08:44:12+00:00\",\"breadcrumb\":{\"@id\":\"https:\\\/\\\/www.bellunopress.it\\\/2023\\\/11\\\/04\\\/gli-alpini-di-ponte-nelle-alpi-soverzene-celebrano-lunita-nazionale-e-la-giornata-delle-forze-armate\\\/#breadcrumb\"},\"inLanguage\":\"fr-FR\",\"potentialAction\":[{\"@type\":\"ReadAction\",\"target\":[\"https:\\\/\\\/www.bellunopress.it\\\/2023\\\/11\\\/04\\\/gli-alpini-di-ponte-nelle-alpi-soverzene-celebrano-lunita-nazionale-e-la-giornata-delle-forze-armate\\\/\"]}]},{\"@type\":\"ImageObject\",\"inLanguage\":\"fr-FR\",\"@id\":\"https:\\\/\\\/www.bellunopress.it\\\/2023\\\/11\\\/04\\\/gli-alpini-di-ponte-nelle-alpi-soverzene-celebrano-lunita-nazionale-e-la-giornata-delle-forze-armate\\\/#primaryimage\",\"url\":\"https:\\\/\\\/www.bellunopress.it\\\/wp-content\\\/uploads\\\/2020\\\/05\\\/Alpini-Ana.jpg\",\"contentUrl\":\"https:\\\/\\\/www.bellunopress.it\\\/wp-content\\\/uploads\\\/2020\\\/05\\\/Alpini-Ana.jpg\",\"width\":512,\"height\":491},{\"@type\":\"BreadcrumbList\",\"@id\":\"https:\\\/\\\/www.bellunopress.it\\\/2023\\\/11\\\/04\\\/gli-alpini-di-ponte-nelle-alpi-soverzene-celebrano-lunita-nazionale-e-la-giornata-delle-forze-armate\\\/#breadcrumb\",\"itemListElement\":[{\"@type\":\"ListItem\",\"position\":1,\"name\":\"Home\",\"item\":\"https:\\\/\\\/www.bellunopress.it\\\/\"},{\"@type\":\"ListItem\",\"position\":2,\"name\":\"Gli Alpini di Ponte nelle Alpi Soverzene celebrano l&#8217;Unit\u00e0 nazionale e la Giornata delle Forze armate\"}]},{\"@type\":\"WebSite\",\"@id\":\"https:\\\/\\\/www.bellunopress.it\\\/#website\",\"url\":\"https:\\\/\\\/www.bellunopress.it\\\/\",\"name\":\"Bellunopress - Dolomiti\",\"description\":\"e-mail: redazione@bellunopress.it\",\"publisher\":{\"@id\":\"https:\\\/\\\/www.bellunopress.it\\\/#organization\"},\"potentialAction\":[{\"@type\":\"SearchAction\",\"target\":{\"@type\":\"EntryPoint\",\"urlTemplate\":\"https:\\\/\\\/www.bellunopress.it\\\/?s={search_term_string}\"},\"query-input\":{\"@type\":\"PropertyValueSpecification\",\"valueRequired\":true,\"valueName\":\"search_term_string\"}}],\"inLanguage\":\"fr-FR\"},{\"@type\":\"Organization\",\"@id\":\"https:\\\/\\\/www.bellunopress.it\\\/#organization\",\"name\":\"Bellunopress\",\"url\":\"https:\\\/\\\/www.bellunopress.it\\\/\",\"logo\":{\"@type\":\"ImageObject\",\"inLanguage\":\"fr-FR\",\"@id\":\"https:\\\/\\\/www.bellunopress.it\\\/#\\\/schema\\\/logo\\\/image\\\/\",\"url\":\"https:\\\/\\\/www.bellunopress.it\\\/wp-content\\\/uploads\\\/2011\\\/05\\\/cropped-logo-bellunopress-.jpg\",\"contentUrl\":\"https:\\\/\\\/www.bellunopress.it\\\/wp-content\\\/uploads\\\/2011\\\/05\\\/cropped-logo-bellunopress-.jpg\",\"width\":512,\"height\":512,\"caption\":\"Bellunopress\"},\"image\":{\"@id\":\"https:\\\/\\\/www.bellunopress.it\\\/#\\\/schema\\\/logo\\\/image\\\/\"},\"sameAs\":[\"https:\\\/\\\/www.facebook.com\\\/profile.php?id=100008943462799\",\"https:\\\/\\\/x.com\\\/bellunopress\",\"https:\\\/\\\/www.linkedin.com\\\/hp\\\/?dnr=JBzUWaJfMUw8vbXJJ2tVW5-I3jZKvC4wsoxE&amp;amp;amp;amp;amp;amp;trk=nav_responsive_tab_home\",\"https:\\\/\\\/www.youtube.com\\\/channel\\\/UCxL0wu1uN0_3_7hGG0306cw\"]},{\"@type\":\"Person\",\"@id\":\"https:\\\/\\\/www.bellunopress.it\\\/#\\\/schema\\\/person\\\/79bb06722b37ece1c03d3e94beb30d73\",\"name\":\"redazione\",\"image\":{\"@type\":\"ImageObject\",\"inLanguage\":\"fr-FR\",\"@id\":\"https:\\\/\\\/secure.gravatar.com\\\/avatar\\\/37d968a2e67a6fd04c169c4bdef102d0bc5d31b2546345219e348575eb80e9a0?s=96&d=mm&r=g\",\"url\":\"https:\\\/\\\/secure.gravatar.com\\\/avatar\\\/37d968a2e67a6fd04c169c4bdef102d0bc5d31b2546345219e348575eb80e9a0?s=96&d=mm&r=g\",\"contentUrl\":\"https:\\\/\\\/secure.gravatar.com\\\/avatar\\\/37d968a2e67a6fd04c169c4bdef102d0bc5d31b2546345219e348575eb80e9a0?s=96&d=mm&r=g\",\"caption\":\"redazione\"},\"sameAs\":[\"http:\\\/\\\/www.bellunopress.it\",\"https:\\\/\\\/x.com\\\/bellunopress\"],\"url\":\"https:\\\/\\\/www.bellunopress.it\\\/fr\\\/author\\\/redazione\\\/\"}]}<\/script>\n<!-- \/ Yoast SEO plugin. -->","yoast_head_json":{"title":"Gli Alpini di Ponte nelle Alpi Soverzene celebrano l'Unit\u00e0 nazionale e la Giornata delle Forze armate - Bellunopress - Dolomiti","robots":{"index":"index","follow":"follow","max-snippet":"max-snippet:-1","max-image-preview":"max-image-preview:large","max-video-preview":"max-video-preview:-1"},"canonical":"https:\/\/www.bellunopress.it\/fr\/2023\/11\/04\/gli-alpini-di-ponte-nelle-alpi-soverzene-celebrano-lunita-nazionale-e-la-giornata-delle-forze-armate\/","og_locale":"fr_FR","og_type":"article","og_title":"Gli Alpini di Ponte nelle Alpi Soverzene celebrano l'Unit\u00e0 nazionale e la Giornata delle Forze armate - Bellunopress - Dolomiti","og_description":"Gli Alpini del gruppo Ponte nelle Alpi-Soverzene hanno scelto il monumento ai Caduti di Lastreghe per la manifestazione nazionale in occasione del 4 novembre. Per volont\u00e0 del presidente Sebastiano Favero, l&#8217;iniziativa si \u00e8 svolta nello stesso momento in tutte le localit\u00e0 italiane prescelte: alle ore 19 del 3 novembre. \u00c8 stata una cerimonia carica di [&hellip;]","og_url":"https:\/\/www.bellunopress.it\/fr\/2023\/11\/04\/gli-alpini-di-ponte-nelle-alpi-soverzene-celebrano-lunita-nazionale-e-la-giornata-delle-forze-armate\/","og_site_name":"Bellunopress - Dolomiti","article_publisher":"https:\/\/www.facebook.com\/profile.php?id=100008943462799","article_published_time":"2023-11-04T08:44:12+00:00","og_image":[{"width":512,"height":491,"url":"https:\/\/www.bellunopress.it\/wp-content\/uploads\/2020\/05\/Alpini-Ana.jpg","type":"image\/jpeg"}],"author":"redazione","twitter_card":"summary_large_image","twitter_creator":"@bellunopress","twitter_site":"@bellunopress","twitter_misc":{"\u00c9crit par":"redazione","Dur\u00e9e de lecture estim\u00e9e":"1 minute"},"schema":{"@context":"https:\/\/schema.org","@graph":[{"@type":"Article","@id":"https:\/\/www.bellunopress.it\/2023\/11\/04\/gli-alpini-di-ponte-nelle-alpi-soverzene-celebrano-lunita-nazionale-e-la-giornata-delle-forze-armate\/#article","isPartOf":{"@id":"https:\/\/www.bellunopress.it\/2023\/11\/04\/gli-alpini-di-ponte-nelle-alpi-soverzene-celebrano-lunita-nazionale-e-la-giornata-delle-forze-armate\/"},"author":{"name":"redazione","@id":"https:\/\/www.bellunopress.it\/#\/schema\/person\/79bb06722b37ece1c03d3e94beb30d73"},"headline":"Gli Alpini di Ponte nelle Alpi Soverzene celebrano l&#8217;Unit\u00e0 nazionale e la Giornata delle Forze armate","datePublished":"2023-11-04T08:44:12+00:00","mainEntityOfPage":{"@id":"https:\/\/www.bellunopress.it\/2023\/11\/04\/gli-alpini-di-ponte-nelle-alpi-soverzene-celebrano-lunita-nazionale-e-la-giornata-delle-forze-armate\/"},"wordCount":294,"publisher":{"@id":"https:\/\/www.bellunopress.it\/#organization"},"image":{"@id":"https:\/\/www.bellunopress.it\/2023\/11\/04\/gli-alpini-di-ponte-nelle-alpi-soverzene-celebrano-lunita-nazionale-e-la-giornata-delle-forze-armate\/#primaryimage"},"thumbnailUrl":"https:\/\/www.bellunopress.it\/wp-content\/uploads\/2020\/05\/Alpini-Ana.jpg","articleSection":["Societ\u00e0, Associazioni, Istituzioni"],"inLanguage":"fr-FR"},{"@type":"WebPage","@id":"https:\/\/www.bellunopress.it\/2023\/11\/04\/gli-alpini-di-ponte-nelle-alpi-soverzene-celebrano-lunita-nazionale-e-la-giornata-delle-forze-armate\/","url":"https:\/\/www.bellunopress.it\/2023\/11\/04\/gli-alpini-di-ponte-nelle-alpi-soverzene-celebrano-lunita-nazionale-e-la-giornata-delle-forze-armate\/","name":"Gli Alpini di Ponte nelle Alpi Soverzene celebrano l'Unit\u00e0 nazionale e la Giornata delle Forze armate - Bellunopress - Dolomiti","isPartOf":{"@id":"https:\/\/www.bellunopress.it\/#website"},"primaryImageOfPage":{"@id":"https:\/\/www.bellunopress.it\/2023\/11\/04\/gli-alpini-di-ponte-nelle-alpi-soverzene-celebrano-lunita-nazionale-e-la-giornata-delle-forze-armate\/#primaryimage"},"image":{"@id":"https:\/\/www.bellunopress.it\/2023\/11\/04\/gli-alpini-di-ponte-nelle-alpi-soverzene-celebrano-lunita-nazionale-e-la-giornata-delle-forze-armate\/#primaryimage"},"thumbnailUrl":"https:\/\/www.bellunopress.it\/wp-content\/uploads\/2020\/05\/Alpini-Ana.jpg","datePublished":"2023-11-04T08:44:12+00:00","breadcrumb":{"@id":"https:\/\/www.bellunopress.it\/2023\/11\/04\/gli-alpini-di-ponte-nelle-alpi-soverzene-celebrano-lunita-nazionale-e-la-giornata-delle-forze-armate\/#breadcrumb"},"inLanguage":"fr-FR","potentialAction":[{"@type":"ReadAction","target":["https:\/\/www.bellunopress.it\/2023\/11\/04\/gli-alpini-di-ponte-nelle-alpi-soverzene-celebrano-lunita-nazionale-e-la-giornata-delle-forze-armate\/"]}]},{"@type":"ImageObject","inLanguage":"fr-FR","@id":"https:\/\/www.bellunopress.it\/2023\/11\/04\/gli-alpini-di-ponte-nelle-alpi-soverzene-celebrano-lunita-nazionale-e-la-giornata-delle-forze-armate\/#primaryimage","url":"https:\/\/www.bellunopress.it\/wp-content\/uploads\/2020\/05\/Alpini-Ana.jpg","contentUrl":"https:\/\/www.bellunopress.it\/wp-content\/uploads\/2020\/05\/Alpini-Ana.jpg","width":512,"height":491},{"@type":"BreadcrumbList","@id":"https:\/\/www.bellunopress.it\/2023\/11\/04\/gli-alpini-di-ponte-nelle-alpi-soverzene-celebrano-lunita-nazionale-e-la-giornata-delle-forze-armate\/#breadcrumb","itemListElement":[{"@type":"ListItem","position":1,"name":"Home","item":"https:\/\/www.bellunopress.it\/"},{"@type":"ListItem","position":2,"name":"Gli Alpini di Ponte nelle Alpi Soverzene celebrano l&#8217;Unit\u00e0 nazionale e la Giornata delle Forze armate"}]},{"@type":"WebSite","@id":"https:\/\/www.bellunopress.it\/#website","url":"https:\/\/www.bellunopress.it\/","name":"Bellunopress - Dolomiti","description":"e-mail: redazione@bellunopress.it","publisher":{"@id":"https:\/\/www.bellunopress.it\/#organization"},"potentialAction":[{"@type":"SearchAction","target":{"@type":"EntryPoint","urlTemplate":"https:\/\/www.bellunopress.it\/?s={search_term_string}"},"query-input":{"@type":"PropertyValueSpecification","valueRequired":true,"valueName":"search_term_string"}}],"inLanguage":"fr-FR"},{"@type":"Organization","@id":"https:\/\/www.bellunopress.it\/#organization","name":"Bellunopress","url":"https:\/\/www.bellunopress.it\/","logo":{"@type":"ImageObject","inLanguage":"fr-FR","@id":"https:\/\/www.bellunopress.it\/#\/schema\/logo\/image\/","url":"https:\/\/www.bellunopress.it\/wp-content\/uploads\/2011\/05\/cropped-logo-bellunopress-.jpg","contentUrl":"https:\/\/www.bellunopress.it\/wp-content\/uploads\/2011\/05\/cropped-logo-bellunopress-.jpg","width":512,"height":512,"caption":"Bellunopress"},"image":{"@id":"https:\/\/www.bellunopress.it\/#\/schema\/logo\/image\/"},"sameAs":["https:\/\/www.facebook.com\/profile.php?id=100008943462799","https:\/\/x.com\/bellunopress","https:\/\/www.linkedin.com\/hp\/?dnr=JBzUWaJfMUw8vbXJJ2tVW5-I3jZKvC4wsoxE&amp;amp;amp;amp;amp;amp;trk=nav_responsive_tab_home","https:\/\/www.youtube.com\/channel\/UCxL0wu1uN0_3_7hGG0306cw"]},{"@type":"Person","@id":"https:\/\/www.bellunopress.it\/#\/schema\/person\/79bb06722b37ece1c03d3e94beb30d73","name":"r\u00e9daction","image":{"@type":"ImageObject","inLanguage":"fr-FR","@id":"https:\/\/secure.gravatar.com\/avatar\/37d968a2e67a6fd04c169c4bdef102d0bc5d31b2546345219e348575eb80e9a0?s=96&d=mm&r=g","url":"https:\/\/secure.gravatar.com\/avatar\/37d968a2e67a6fd04c169c4bdef102d0bc5d31b2546345219e348575eb80e9a0?s=96&d=mm&r=g","contentUrl":"https:\/\/secure.gravatar.com\/avatar\/37d968a2e67a6fd04c169c4bdef102d0bc5d31b2546345219e348575eb80e9a0?s=96&d=mm&r=g","caption":"redazione"},"sameAs":["http:\/\/www.bellunopress.it","https:\/\/x.com\/bellunopress"],"url":"https:\/\/www.bellunopress.it\/fr\/author\/redazione\/"}]}},"_links":{"self":[{"href":"https:\/\/www.bellunopress.it\/fr\/wp-json\/wp\/v2\/posts\/145613","targetHints":{"allow":["GET"]}}],"collection":[{"href":"https:\/\/www.bellunopress.it\/fr\/wp-json\/wp\/v2\/posts"}],"about":[{"href":"https:\/\/www.bellunopress.it\/fr\/wp-json\/wp\/v2\/types\/post"}],"author":[{"embeddable":true,"href":"https:\/\/www.bellunopress.it\/fr\/wp-json\/wp\/v2\/users\/2"}],"replies":[{"embeddable":true,"href":"https:\/\/www.bellunopress.it\/fr\/wp-json\/wp\/v2\/comments?post=145613"}],"version-history":[{"count":1,"href":"https:\/\/www.bellunopress.it\/fr\/wp-json\/wp\/v2\/posts\/145613\/revisions"}],"predecessor-version":[{"id":145614,"href":"https:\/\/www.bellunopress.it\/fr\/wp-json\/wp\/v2\/posts\/145613\/revisions\/145614"}],"wp:featuredmedia":[{"embeddable":true,"href":"https:\/\/www.bellunopress.it\/fr\/wp-json\/wp\/v2\/media\/114503"}],"wp:attachment":[{"href":"https:\/\/www.bellunopress.it\/fr\/wp-json\/wp\/v2\/media?parent=145613"}],"wp:term":[{"taxonomy":"category","embeddable":true,"href":"https:\/\/www.bellunopress.it\/fr\/wp-json\/wp\/v2\/categories?post=145613"},{"taxonomy":"post_tag","embeddable":true,"href":"https:\/\/www.bellunopress.it\/fr\/wp-json\/wp\/v2\/tags?post=145613"}],"curies":[{"name":"wp","href":"https:\/\/api.w.org\/{rel}","templated":true}]}}