{"id":145608,"date":"2023-11-03T19:56:53","date_gmt":"2023-11-03T18:56:53","guid":{"rendered":"https:\/\/www.bellunopress.it\/?p=145608"},"modified":"2023-11-03T19:56:53","modified_gmt":"2023-11-03T18:56:53","slug":"in-alto-i-cuori-antistorico-togliere-il-bob-a-cortina","status":"publish","type":"post","link":"https:\/\/www.bellunopress.it\/fr\/2023\/11\/03\/in-alto-i-cuori-antistorico-togliere-il-bob-a-cortina\/","title":{"rendered":"In alto i cuori. Antistorico togliere il bob a Cortina"},"content":{"rendered":"<p><img loading=\"lazy\" decoding=\"async\" class=\"alignleft size-full wp-image-128801\" src=\"https:\/\/www.bellunopress.it\/wp-content\/uploads\/2021\/10\/lettera_edited.jpg\" alt=\"\" width=\"477\" height=\"224\" \/>Ho gareggiato con il Bob a 2 e 4 come frenatore e poi pilota sia a Cortina d\u2019 Ampezzo che Cervinia. Affiliato a quasi tutti i club, dal 1982 al 1991.<br \/>\nHo sostituito nel Gennaio 1983 il frenatore titolare di ITA 2 per degli allenamenti ad IGLS (A).<br \/>\nRitengo che togliere il Bob a Cortina d\u2019 Ampezzo, in ricordo di Eugenio Monti, oltre alle altre discipline affini sul ghiaccio, slittino, skeleton e parabob, \u00e8 antistorico come dimenticare gli Arditi dagli epici fatti della Prima Guerra Mondiale che osando e sperando hanno reso grande l\u2019Italia. I corpi speciali, ad esempio: Col Moschin e Consubin delle Forze Armate, sono, come il bob, cose per pochi e non si pu\u00f2 farne a meno. Il Bob nasce fra le Genti Alpine e Cortina ne \u00e8 la capitale storica.<br \/>\nLa pista da Bob, in passato, l\u2019 hanno sempre costruita i volontari ampezzani unitamente ai bobbisti perch\u00e9 per capire le piste necessitano quelli che ci mettono sopra il sedere.<br \/>\nLe mie prime discese le ho fatte dalla partenza vecchia di 1.740 di lunghezza: un incubo. Successivamente \u00e8 stata ridotta a 1.350 ml. per renderla pi\u00f9 sicura e con percorso artificiale.<\/p>\n<p>Ora, escludere il Bob e le discipline del ghiaccio, da Cortina d\u2019 Ampezzo , \u00e8 un insulto non soltanto per i bobbisti, ma anche per le Genti Ampezzane ed alpine in genere e per quelli che in questa disciplina olimpionica ci vedono prove di massimo ardimento. Mi chiedo cosa rimane di una societ\u00e0 senza giovani coraggiosi, che purtroppo sono sempre meno\u2026.?<br \/>\nSe non ci fosse pi\u00f9 la pista Cortina d\u2019Ampezzo non ci sarebbero pi\u00f9 in Italia, pure, piste per le discipline olimpiche dello Slittino, parabob e dello Skeleton, per il fatto che i club, principalmente, sono nel Nord-Est e avrebbero la funzione di tenere \u201cviva\u201d la pista con allenamenti e gare anche per gli stranieri.<br \/>\nSe ripristinassero la pista la pista di Cesana il giorno dopo le gare sarebbe chiusa per sempre\u2026Ma chi ci andrebbe domani ad allenarsi a Cesana o della proposta di andare a Saint- Moritz che \u00e8 una pista naturale, della quale non riesco a comprendere il grado di sicurezza.<br \/>\nBisogna tenere anche conto che i costruttori di bob sono a Cortina d\u2019 Ampezzo ed hanno pure clienti esteri.<\/p>\n<p>Inoltre non riesco a comprendere l&#8217;enorme costo per realizzare la pista: \u20ac 124.000.000,00 quando ricostruirla sul vecchio tracciato di Cortina d\u2019 Ampezzo costerebbe, come da progetto, con un ridimensionamento dei costi, per rimanere su quanto stanziato dal Governo,+ o \u2013 ad un quarto. Ripristinare Cesana costerebbe \u20ac 34.000.000,00: cos\u00ec viene riportato dalla stampa ma sicuramente molto di pi\u00f9 e senza nessuna garanzia di sostenibilit\u00e0 post-olimpica o, addirittura, come gi\u00e0 preavvisato, con la chiusura della pista dopo l\u2019 evento.<\/p>\n<p>Credo che Cortina d\u2019 Ampezzo non ha bisogno delle Olimpiadi per essere Cortina d\u2019Ampezzo e gli Ampezzani stanno bene anche senza; comunque sarebbe un valore aggiunto per lo sport ed anche per il turismo.<br \/>\nQuesto insulto alla \u201cPerla delle Dolomiti\u201d, dopo aver usato il suo nome per portare le Olimpiadi in Italia, \u00e8 frutto delle consorterie politico\/affariste nazionali e non. Quelle venete si agitano tanto ma non contano niente e sono pi\u00f9 aduse a reggere il calice di Prosecco in mano che difendere il proprio territorio in genere.<br \/>\nNella vita si possono perdere tante cose per\u00f2 ritengo che l\u2019orgoglio, l\u2019onore siano cose preziose e vadano gelosamente tutelate. Dopo la bufera bisogna cadere sempre in piedi a schiena dritta, anche quando si perde, per avere rispetto, altrimenti si fa la figura dei camerieri che si accontentano della mancia.<br \/>\nPertanto la Comunit\u00e0 Ampezzana farebbe bene di pretendere come suo diritto, togliere la &#8220;ciliegina sulla torta&#8221; e cio\u00e8 il logo \u201c CORTINA\u201d da quello delle Olimpiadi, le gare le vadano a fare da qualche altra parte e la pista da bob in Piazza Duomo a Milano.<br \/>\nAd Maiora.<\/p>\n<p><strong>Ferdinando Francescon<\/strong><br \/>\n<strong>ex bobbista<\/strong><\/p>","protected":false},"excerpt":{"rendered":"<p>Ho gareggiato con il Bob a 2 e 4 come frenatore e poi pilota sia a Cortina d\u2019 Ampezzo che Cervinia. Affiliato a quasi tutti i club, dal 1982 al 1991. Ho sostituito nel Gennaio 1983 il frenatore titolare di ITA 2 per degli allenamenti ad IGLS (A). Ritengo che togliere il Bob a Cortina [&hellip;]<\/p>\n","protected":false},"author":2,"featured_media":123649,"comment_status":"closed","ping_status":"open","sticky":false,"template":"","format":"standard","meta":{"footnotes":""},"categories":[1,4],"tags":[],"class_list":["post-145608","post","type-post","status-publish","format-standard","has-post-thumbnail","category-leo","category-sport"],"yoast_head":"<!-- This site is optimized with the Yoast SEO plugin v28.4 - https:\/\/yoast.com\/product\/yoast-seo-wordpress\/ -->\n<title>In alto i cuori. Antistorico togliere il bob a Cortina - Bellunopress - Dolomiti<\/title>\n<meta name=\"robots\" content=\"index, follow, max-snippet:-1, max-image-preview:large, max-video-preview:-1\" \/>\n<link rel=\"canonical\" href=\"https:\/\/www.bellunopress.it\/fr\/2023\/11\/03\/in-alto-i-cuori-antistorico-togliere-il-bob-a-cortina\/\" \/>\n<meta property=\"og:locale\" content=\"fr_FR\" \/>\n<meta property=\"og:type\" content=\"article\" \/>\n<meta property=\"og:title\" content=\"In alto i cuori. Antistorico togliere il bob a Cortina - Bellunopress - Dolomiti\" \/>\n<meta property=\"og:description\" content=\"Ho gareggiato con il Bob a 2 e 4 come frenatore e poi pilota sia a Cortina d\u2019 Ampezzo che Cervinia. Affiliato a quasi tutti i club, dal 1982 al 1991. Ho sostituito nel Gennaio 1983 il frenatore titolare di ITA 2 per degli allenamenti ad IGLS (A). Ritengo che togliere il Bob a Cortina [&hellip;]\" \/>\n<meta property=\"og:url\" content=\"https:\/\/www.bellunopress.it\/fr\/2023\/11\/03\/in-alto-i-cuori-antistorico-togliere-il-bob-a-cortina\/\" \/>\n<meta property=\"og:site_name\" content=\"Bellunopress - Dolomiti\" \/>\n<meta property=\"article:publisher\" content=\"https:\/\/www.facebook.com\/profile.php?id=100008943462799\" \/>\n<meta property=\"article:published_time\" content=\"2023-11-03T18:56:53+00:00\" \/>\n<meta property=\"og:image\" content=\"https:\/\/www.bellunopress.it\/wp-content\/uploads\/2021\/04\/lettera-mail_edited.jpg\" \/>\n\t<meta property=\"og:image:width\" content=\"962\" \/>\n\t<meta property=\"og:image:height\" content=\"1000\" \/>\n\t<meta property=\"og:image:type\" content=\"image\/jpeg\" \/>\n<meta name=\"author\" content=\"redazione\" \/>\n<meta name=\"twitter:card\" content=\"summary_large_image\" \/>\n<meta name=\"twitter:creator\" content=\"@bellunopress\" \/>\n<meta name=\"twitter:site\" content=\"@bellunopress\" \/>\n<meta name=\"twitter:label1\" content=\"\u00c9crit par\" \/>\n\t<meta name=\"twitter:data1\" content=\"redazione\" \/>\n\t<meta name=\"twitter:label2\" content=\"Dur\u00e9e de lecture estim\u00e9e\" \/>\n\t<meta name=\"twitter:data2\" content=\"3 minutes\" \/>\n<script type=\"application\/ld+json\" class=\"yoast-schema-graph\">{\"@context\":\"https:\\\/\\\/schema.org\",\"@graph\":[{\"@type\":\"Article\",\"@id\":\"https:\\\/\\\/www.bellunopress.it\\\/2023\\\/11\\\/03\\\/in-alto-i-cuori-antistorico-togliere-il-bob-a-cortina\\\/#article\",\"isPartOf\":{\"@id\":\"https:\\\/\\\/www.bellunopress.it\\\/2023\\\/11\\\/03\\\/in-alto-i-cuori-antistorico-togliere-il-bob-a-cortina\\\/\"},\"author\":{\"name\":\"redazione\",\"@id\":\"https:\\\/\\\/www.bellunopress.it\\\/#\\\/schema\\\/person\\\/79bb06722b37ece1c03d3e94beb30d73\"},\"headline\":\"In alto i cuori. Antistorico togliere il bob a Cortina\",\"datePublished\":\"2023-11-03T18:56:53+00:00\",\"mainEntityOfPage\":{\"@id\":\"https:\\\/\\\/www.bellunopress.it\\\/2023\\\/11\\\/03\\\/in-alto-i-cuori-antistorico-togliere-il-bob-a-cortina\\\/\"},\"wordCount\":640,\"publisher\":{\"@id\":\"https:\\\/\\\/www.bellunopress.it\\\/#organization\"},\"image\":{\"@id\":\"https:\\\/\\\/www.bellunopress.it\\\/2023\\\/11\\\/03\\\/in-alto-i-cuori-antistorico-togliere-il-bob-a-cortina\\\/#primaryimage\"},\"thumbnailUrl\":\"https:\\\/\\\/www.bellunopress.it\\\/wp-content\\\/uploads\\\/2021\\\/04\\\/lettera-mail_edited.jpg\",\"articleSection\":[\"Lettere Opinioni\",\"Sport, tempo libero\"],\"inLanguage\":\"fr-FR\"},{\"@type\":\"WebPage\",\"@id\":\"https:\\\/\\\/www.bellunopress.it\\\/2023\\\/11\\\/03\\\/in-alto-i-cuori-antistorico-togliere-il-bob-a-cortina\\\/\",\"url\":\"https:\\\/\\\/www.bellunopress.it\\\/2023\\\/11\\\/03\\\/in-alto-i-cuori-antistorico-togliere-il-bob-a-cortina\\\/\",\"name\":\"In alto i cuori. Antistorico togliere il bob a Cortina - Bellunopress - Dolomiti\",\"isPartOf\":{\"@id\":\"https:\\\/\\\/www.bellunopress.it\\\/#website\"},\"primaryImageOfPage\":{\"@id\":\"https:\\\/\\\/www.bellunopress.it\\\/2023\\\/11\\\/03\\\/in-alto-i-cuori-antistorico-togliere-il-bob-a-cortina\\\/#primaryimage\"},\"image\":{\"@id\":\"https:\\\/\\\/www.bellunopress.it\\\/2023\\\/11\\\/03\\\/in-alto-i-cuori-antistorico-togliere-il-bob-a-cortina\\\/#primaryimage\"},\"thumbnailUrl\":\"https:\\\/\\\/www.bellunopress.it\\\/wp-content\\\/uploads\\\/2021\\\/04\\\/lettera-mail_edited.jpg\",\"datePublished\":\"2023-11-03T18:56:53+00:00\",\"breadcrumb\":{\"@id\":\"https:\\\/\\\/www.bellunopress.it\\\/2023\\\/11\\\/03\\\/in-alto-i-cuori-antistorico-togliere-il-bob-a-cortina\\\/#breadcrumb\"},\"inLanguage\":\"fr-FR\",\"potentialAction\":[{\"@type\":\"ReadAction\",\"target\":[\"https:\\\/\\\/www.bellunopress.it\\\/2023\\\/11\\\/03\\\/in-alto-i-cuori-antistorico-togliere-il-bob-a-cortina\\\/\"]}]},{\"@type\":\"ImageObject\",\"inLanguage\":\"fr-FR\",\"@id\":\"https:\\\/\\\/www.bellunopress.it\\\/2023\\\/11\\\/03\\\/in-alto-i-cuori-antistorico-togliere-il-bob-a-cortina\\\/#primaryimage\",\"url\":\"https:\\\/\\\/www.bellunopress.it\\\/wp-content\\\/uploads\\\/2021\\\/04\\\/lettera-mail_edited.jpg\",\"contentUrl\":\"https:\\\/\\\/www.bellunopress.it\\\/wp-content\\\/uploads\\\/2021\\\/04\\\/lettera-mail_edited.jpg\",\"width\":962,\"height\":1000},{\"@type\":\"BreadcrumbList\",\"@id\":\"https:\\\/\\\/www.bellunopress.it\\\/2023\\\/11\\\/03\\\/in-alto-i-cuori-antistorico-togliere-il-bob-a-cortina\\\/#breadcrumb\",\"itemListElement\":[{\"@type\":\"ListItem\",\"position\":1,\"name\":\"Home\",\"item\":\"https:\\\/\\\/www.bellunopress.it\\\/\"},{\"@type\":\"ListItem\",\"position\":2,\"name\":\"In alto i cuori. Antistorico togliere il bob a Cortina\"}]},{\"@type\":\"WebSite\",\"@id\":\"https:\\\/\\\/www.bellunopress.it\\\/#website\",\"url\":\"https:\\\/\\\/www.bellunopress.it\\\/\",\"name\":\"Bellunopress - Dolomiti\",\"description\":\"e-mail: redazione@bellunopress.it\",\"publisher\":{\"@id\":\"https:\\\/\\\/www.bellunopress.it\\\/#organization\"},\"potentialAction\":[{\"@type\":\"SearchAction\",\"target\":{\"@type\":\"EntryPoint\",\"urlTemplate\":\"https:\\\/\\\/www.bellunopress.it\\\/?s={search_term_string}\"},\"query-input\":{\"@type\":\"PropertyValueSpecification\",\"valueRequired\":true,\"valueName\":\"search_term_string\"}}],\"inLanguage\":\"fr-FR\"},{\"@type\":\"Organization\",\"@id\":\"https:\\\/\\\/www.bellunopress.it\\\/#organization\",\"name\":\"Bellunopress\",\"url\":\"https:\\\/\\\/www.bellunopress.it\\\/\",\"logo\":{\"@type\":\"ImageObject\",\"inLanguage\":\"fr-FR\",\"@id\":\"https:\\\/\\\/www.bellunopress.it\\\/#\\\/schema\\\/logo\\\/image\\\/\",\"url\":\"https:\\\/\\\/www.bellunopress.it\\\/wp-content\\\/uploads\\\/2011\\\/05\\\/cropped-logo-bellunopress-.jpg\",\"contentUrl\":\"https:\\\/\\\/www.bellunopress.it\\\/wp-content\\\/uploads\\\/2011\\\/05\\\/cropped-logo-bellunopress-.jpg\",\"width\":512,\"height\":512,\"caption\":\"Bellunopress\"},\"image\":{\"@id\":\"https:\\\/\\\/www.bellunopress.it\\\/#\\\/schema\\\/logo\\\/image\\\/\"},\"sameAs\":[\"https:\\\/\\\/www.facebook.com\\\/profile.php?id=100008943462799\",\"https:\\\/\\\/x.com\\\/bellunopress\",\"https:\\\/\\\/www.linkedin.com\\\/hp\\\/?dnr=JBzUWaJfMUw8vbXJJ2tVW5-I3jZKvC4wsoxE&amp;amp;amp;amp;amp;amp;trk=nav_responsive_tab_home\",\"https:\\\/\\\/www.youtube.com\\\/channel\\\/UCxL0wu1uN0_3_7hGG0306cw\"]},{\"@type\":\"Person\",\"@id\":\"https:\\\/\\\/www.bellunopress.it\\\/#\\\/schema\\\/person\\\/79bb06722b37ece1c03d3e94beb30d73\",\"name\":\"redazione\",\"image\":{\"@type\":\"ImageObject\",\"inLanguage\":\"fr-FR\",\"@id\":\"https:\\\/\\\/secure.gravatar.com\\\/avatar\\\/37d968a2e67a6fd04c169c4bdef102d0bc5d31b2546345219e348575eb80e9a0?s=96&d=mm&r=g\",\"url\":\"https:\\\/\\\/secure.gravatar.com\\\/avatar\\\/37d968a2e67a6fd04c169c4bdef102d0bc5d31b2546345219e348575eb80e9a0?s=96&d=mm&r=g\",\"contentUrl\":\"https:\\\/\\\/secure.gravatar.com\\\/avatar\\\/37d968a2e67a6fd04c169c4bdef102d0bc5d31b2546345219e348575eb80e9a0?s=96&d=mm&r=g\",\"caption\":\"redazione\"},\"sameAs\":[\"http:\\\/\\\/www.bellunopress.it\",\"https:\\\/\\\/x.com\\\/bellunopress\"],\"url\":\"https:\\\/\\\/www.bellunopress.it\\\/fr\\\/author\\\/redazione\\\/\"}]}<\/script>\n<!-- \/ Yoast SEO plugin. -->","yoast_head_json":{"title":"In alto i cuori. Antistorico togliere il bob a Cortina - Bellunopress - Dolomiti","robots":{"index":"index","follow":"follow","max-snippet":"max-snippet:-1","max-image-preview":"max-image-preview:large","max-video-preview":"max-video-preview:-1"},"canonical":"https:\/\/www.bellunopress.it\/fr\/2023\/11\/03\/in-alto-i-cuori-antistorico-togliere-il-bob-a-cortina\/","og_locale":"fr_FR","og_type":"article","og_title":"In alto i cuori. Antistorico togliere il bob a Cortina - Bellunopress - Dolomiti","og_description":"Ho gareggiato con il Bob a 2 e 4 come frenatore e poi pilota sia a Cortina d\u2019 Ampezzo che Cervinia. Affiliato a quasi tutti i club, dal 1982 al 1991. Ho sostituito nel Gennaio 1983 il frenatore titolare di ITA 2 per degli allenamenti ad IGLS (A). Ritengo che togliere il Bob a Cortina [&hellip;]","og_url":"https:\/\/www.bellunopress.it\/fr\/2023\/11\/03\/in-alto-i-cuori-antistorico-togliere-il-bob-a-cortina\/","og_site_name":"Bellunopress - Dolomiti","article_publisher":"https:\/\/www.facebook.com\/profile.php?id=100008943462799","article_published_time":"2023-11-03T18:56:53+00:00","og_image":[{"width":962,"height":1000,"url":"https:\/\/www.bellunopress.it\/wp-content\/uploads\/2021\/04\/lettera-mail_edited.jpg","type":"image\/jpeg"}],"author":"redazione","twitter_card":"summary_large_image","twitter_creator":"@bellunopress","twitter_site":"@bellunopress","twitter_misc":{"\u00c9crit par":"redazione","Dur\u00e9e de lecture estim\u00e9e":"3 minutes"},"schema":{"@context":"https:\/\/schema.org","@graph":[{"@type":"Article","@id":"https:\/\/www.bellunopress.it\/2023\/11\/03\/in-alto-i-cuori-antistorico-togliere-il-bob-a-cortina\/#article","isPartOf":{"@id":"https:\/\/www.bellunopress.it\/2023\/11\/03\/in-alto-i-cuori-antistorico-togliere-il-bob-a-cortina\/"},"author":{"name":"redazione","@id":"https:\/\/www.bellunopress.it\/#\/schema\/person\/79bb06722b37ece1c03d3e94beb30d73"},"headline":"In alto i cuori. Antistorico togliere il bob a Cortina","datePublished":"2023-11-03T18:56:53+00:00","mainEntityOfPage":{"@id":"https:\/\/www.bellunopress.it\/2023\/11\/03\/in-alto-i-cuori-antistorico-togliere-il-bob-a-cortina\/"},"wordCount":640,"publisher":{"@id":"https:\/\/www.bellunopress.it\/#organization"},"image":{"@id":"https:\/\/www.bellunopress.it\/2023\/11\/03\/in-alto-i-cuori-antistorico-togliere-il-bob-a-cortina\/#primaryimage"},"thumbnailUrl":"https:\/\/www.bellunopress.it\/wp-content\/uploads\/2021\/04\/lettera-mail_edited.jpg","articleSection":["Lettere Opinioni","Sport, tempo libero"],"inLanguage":"fr-FR"},{"@type":"WebPage","@id":"https:\/\/www.bellunopress.it\/2023\/11\/03\/in-alto-i-cuori-antistorico-togliere-il-bob-a-cortina\/","url":"https:\/\/www.bellunopress.it\/2023\/11\/03\/in-alto-i-cuori-antistorico-togliere-il-bob-a-cortina\/","name":"In alto i cuori. Antistorico togliere il bob a Cortina - Bellunopress - Dolomiti","isPartOf":{"@id":"https:\/\/www.bellunopress.it\/#website"},"primaryImageOfPage":{"@id":"https:\/\/www.bellunopress.it\/2023\/11\/03\/in-alto-i-cuori-antistorico-togliere-il-bob-a-cortina\/#primaryimage"},"image":{"@id":"https:\/\/www.bellunopress.it\/2023\/11\/03\/in-alto-i-cuori-antistorico-togliere-il-bob-a-cortina\/#primaryimage"},"thumbnailUrl":"https:\/\/www.bellunopress.it\/wp-content\/uploads\/2021\/04\/lettera-mail_edited.jpg","datePublished":"2023-11-03T18:56:53+00:00","breadcrumb":{"@id":"https:\/\/www.bellunopress.it\/2023\/11\/03\/in-alto-i-cuori-antistorico-togliere-il-bob-a-cortina\/#breadcrumb"},"inLanguage":"fr-FR","potentialAction":[{"@type":"ReadAction","target":["https:\/\/www.bellunopress.it\/2023\/11\/03\/in-alto-i-cuori-antistorico-togliere-il-bob-a-cortina\/"]}]},{"@type":"ImageObject","inLanguage":"fr-FR","@id":"https:\/\/www.bellunopress.it\/2023\/11\/03\/in-alto-i-cuori-antistorico-togliere-il-bob-a-cortina\/#primaryimage","url":"https:\/\/www.bellunopress.it\/wp-content\/uploads\/2021\/04\/lettera-mail_edited.jpg","contentUrl":"https:\/\/www.bellunopress.it\/wp-content\/uploads\/2021\/04\/lettera-mail_edited.jpg","width":962,"height":1000},{"@type":"BreadcrumbList","@id":"https:\/\/www.bellunopress.it\/2023\/11\/03\/in-alto-i-cuori-antistorico-togliere-il-bob-a-cortina\/#breadcrumb","itemListElement":[{"@type":"ListItem","position":1,"name":"Home","item":"https:\/\/www.bellunopress.it\/"},{"@type":"ListItem","position":2,"name":"In alto i cuori. Antistorico togliere il bob a Cortina"}]},{"@type":"WebSite","@id":"https:\/\/www.bellunopress.it\/#website","url":"https:\/\/www.bellunopress.it\/","name":"Bellunopress - Dolomiti","description":"e-mail: redazione@bellunopress.it","publisher":{"@id":"https:\/\/www.bellunopress.it\/#organization"},"potentialAction":[{"@type":"SearchAction","target":{"@type":"EntryPoint","urlTemplate":"https:\/\/www.bellunopress.it\/?s={search_term_string}"},"query-input":{"@type":"PropertyValueSpecification","valueRequired":true,"valueName":"search_term_string"}}],"inLanguage":"fr-FR"},{"@type":"Organization","@id":"https:\/\/www.bellunopress.it\/#organization","name":"Bellunopress","url":"https:\/\/www.bellunopress.it\/","logo":{"@type":"ImageObject","inLanguage":"fr-FR","@id":"https:\/\/www.bellunopress.it\/#\/schema\/logo\/image\/","url":"https:\/\/www.bellunopress.it\/wp-content\/uploads\/2011\/05\/cropped-logo-bellunopress-.jpg","contentUrl":"https:\/\/www.bellunopress.it\/wp-content\/uploads\/2011\/05\/cropped-logo-bellunopress-.jpg","width":512,"height":512,"caption":"Bellunopress"},"image":{"@id":"https:\/\/www.bellunopress.it\/#\/schema\/logo\/image\/"},"sameAs":["https:\/\/www.facebook.com\/profile.php?id=100008943462799","https:\/\/x.com\/bellunopress","https:\/\/www.linkedin.com\/hp\/?dnr=JBzUWaJfMUw8vbXJJ2tVW5-I3jZKvC4wsoxE&amp;amp;amp;amp;amp;amp;trk=nav_responsive_tab_home","https:\/\/www.youtube.com\/channel\/UCxL0wu1uN0_3_7hGG0306cw"]},{"@type":"Person","@id":"https:\/\/www.bellunopress.it\/#\/schema\/person\/79bb06722b37ece1c03d3e94beb30d73","name":"r\u00e9daction","image":{"@type":"ImageObject","inLanguage":"fr-FR","@id":"https:\/\/secure.gravatar.com\/avatar\/37d968a2e67a6fd04c169c4bdef102d0bc5d31b2546345219e348575eb80e9a0?s=96&d=mm&r=g","url":"https:\/\/secure.gravatar.com\/avatar\/37d968a2e67a6fd04c169c4bdef102d0bc5d31b2546345219e348575eb80e9a0?s=96&d=mm&r=g","contentUrl":"https:\/\/secure.gravatar.com\/avatar\/37d968a2e67a6fd04c169c4bdef102d0bc5d31b2546345219e348575eb80e9a0?s=96&d=mm&r=g","caption":"redazione"},"sameAs":["http:\/\/www.bellunopress.it","https:\/\/x.com\/bellunopress"],"url":"https:\/\/www.bellunopress.it\/fr\/author\/redazione\/"}]}},"_links":{"self":[{"href":"https:\/\/www.bellunopress.it\/fr\/wp-json\/wp\/v2\/posts\/145608","targetHints":{"allow":["GET"]}}],"collection":[{"href":"https:\/\/www.bellunopress.it\/fr\/wp-json\/wp\/v2\/posts"}],"about":[{"href":"https:\/\/www.bellunopress.it\/fr\/wp-json\/wp\/v2\/types\/post"}],"author":[{"embeddable":true,"href":"https:\/\/www.bellunopress.it\/fr\/wp-json\/wp\/v2\/users\/2"}],"replies":[{"embeddable":true,"href":"https:\/\/www.bellunopress.it\/fr\/wp-json\/wp\/v2\/comments?post=145608"}],"version-history":[{"count":1,"href":"https:\/\/www.bellunopress.it\/fr\/wp-json\/wp\/v2\/posts\/145608\/revisions"}],"predecessor-version":[{"id":145609,"href":"https:\/\/www.bellunopress.it\/fr\/wp-json\/wp\/v2\/posts\/145608\/revisions\/145609"}],"wp:featuredmedia":[{"embeddable":true,"href":"https:\/\/www.bellunopress.it\/fr\/wp-json\/wp\/v2\/media\/123649"}],"wp:attachment":[{"href":"https:\/\/www.bellunopress.it\/fr\/wp-json\/wp\/v2\/media?parent=145608"}],"wp:term":[{"taxonomy":"category","embeddable":true,"href":"https:\/\/www.bellunopress.it\/fr\/wp-json\/wp\/v2\/categories?post=145608"},{"taxonomy":"post_tag","embeddable":true,"href":"https:\/\/www.bellunopress.it\/fr\/wp-json\/wp\/v2\/tags?post=145608"}],"curies":[{"name":"wp","href":"https:\/\/api.w.org\/{rel}","templated":true}]}}