{"id":145606,"date":"2023-11-03T16:19:37","date_gmt":"2023-11-03T15:19:37","guid":{"rendered":"https:\/\/www.bellunopress.it\/?p=145606"},"modified":"2023-11-03T16:19:37","modified_gmt":"2023-11-03T15:19:37","slug":"emergenza-meteo-anas-ecco-le-13-strade-chiuse-nel-centro-nord-italia","status":"publish","type":"post","link":"https:\/\/www.bellunopress.it\/fr\/2023\/11\/03\/emergenza-meteo-anas-ecco-le-13-strade-chiuse-nel-centro-nord-italia\/","title":{"rendered":"Emergenza meteo. Anas: ecco le 13 strade chiuse nel Centro Nord Italia"},"content":{"rendered":"<p><em><strong><img loading=\"lazy\" decoding=\"async\" class=\"alignleft size-full wp-image-102713\" src=\"https:\/\/www.bellunopress.it\/wp-content\/uploads\/2019\/03\/Anas.jpg\" alt=\"\" width=\"300\" height=\"174\" \/>I tratti chiusi sono tre in Veneto, uno in Lombardia, quattro in Liguria, quattro in Toscana, uno in Emilia-Romagna<\/strong><\/em><\/p>\n<p>Roma, 3 novembre 2023 \u2013 aggiornamento ore 15:00 &#8211;\u00a0In allerta fin dai giorni scorsi per l&#8217;emergenza meteo annunciata nel Centro Nord d&#8217;Italia con il ciclone Ciaran, le centrali operative Anas (Polo Infrastrutture del Gruppo Fs Italiane) in attivit\u00e0 H24, in queste ore di massima criticit\u00e0, stanno svolgendo un continuo scambio informativo con le Prefetture, le Protezioni civili regionali e Nazionale, i Vigili del Fuoco, le Forze di Polizia e le Amministrazioni comunali. Tutte le squadre Anas sul territorio sono state mobilitate per gli interventi di sicurezza e viabilit\u00e0.<\/p>\n<p>Ecco il quadro aggiornato per quanto riguarda le strade e le autostrade di competenza:<\/p>\n<p>In Veneto permane la chiusura della strada statale 51 &#8220;Alemagna&#8221; a Fadalto, in provincia di Treviso, e della statale 52 &#8220;Carnica&#8221; tra Cimagogna e Auronzo di Cadore, in provincia di Belluno, per frana e caduta massi.<\/p>\n<p>Sulla strada statale 14 &#8220;della Venezia Giulia, a causa della piena del fiume, \u00e8 stato chiuso in mattinata in via precauzionale, su allerta della Protezione Civile, il ponte sul fiume Tagliamento, nei pressi del confine con il Friuli-Venezia Giulia. Il tratto viene presidiato dal personale Anas al fine di monitorare il livello del fiume e per la gestione della viabilit\u00e0.<\/p>\n<p>Inoltre, lungo la strada statale 16 &#8220;Adriatica&#8221;, \u00e8 sempre attivo il monitoraggio del fiume Adige a seguito della piena dei giorni scorsi. Anas aveva avviato le attivit\u00e0 di messa in sicurezza del cantiere in corrispondenza del ponte tra Boara Pisani in provincia di Padova e Rovigo, provvedendo al sollevamento dei ponteggi e delle reti.<\/p>\n<p>In Liguria a causa delle forti precipitazioni sul Levante ligure, Anas ha disposto la chiusura al transito della statale 586 &#8220;della Val d&#8217;Aveto&#8221; a Rezzoaglio, in provincia di Genova. Il tratto era stato riaperto al traffico il 1\u00b0 novembre, dopo che una frana di grandi dimensioni aveva interessato la sede stradale nella giornata di luned\u00ec 30 ottobre. Il provvedimento \u00e8 stato preso in via precauzionale a tutela della circolazione stradale in considerazione del violento maltempo che potrebbe innescare movimenti improvvisi del fronte di frana. Questa mattina, inoltre, a causa di una nuova frana \u00e8 stato chiuso un altro tratto della statale in localit\u00e0 Borzonasca.<\/p>\n<p>A causa di una forte mareggiata, la statale 1 &#8220;Via Aurelia&#8221; \u00e8 provvisoriamente chiusa al traffico al km 475,300, tra Sestri Levante e Lavagna. Il provvedimento, che interessa la viabilit\u00e0 all&#8217;altezza di galleria Sant&#8217;Anna, \u00e8 stato adottato a tutela della circolazione lungo il tratto.<\/p>\n<p>Sempre sulla statale 1 &#8220;Via Aurelia&#8221;, chiusura del tratto dal km 548,500 al km 549,000, ad Arenzano, a causa di una mareggiata.<\/p>\n<p>In Lombardia \u00e8 chiusa la strada statale 45 &#8220;Ter Gardesana Occidentale&#8221; per allagamento della Galleria Seriola a Villanuova sul Clisi, in provincia di Brescia.<\/p>\n<p>In Toscana, la strada statale 12 &#8220;dell&#8217;Abetone e del Brennero&#8221; \u00e8 chiusa a Borgo a Mozzano (km 44,200), in provincia di Lucca, a causa di un movimento franoso in fase di scivolamento sul versante che incombe sulla strada. Il traffico \u00e8 deviato sulla viabilit\u00e0 secondaria con indicazioni sul posto. La strada statale 62 &#8220;della Cisa&#8221; \u00e8 chiusa nel comune di Pontremoli (MS) in prossimit\u00e0 del valico (km 52), a causa di un movimento franoso che ha coinvolto e danneggiato strutturalmente il corpo stradale. Sul posto non \u00e8 presente una viabilit\u00e0 alternativa.<\/p>\n<p>Sulla strada statale 1 &#8220;Aurelia&#8221; \u00e8 temporaneamente chiuso un tratto della carreggiata sud a Viareggio, a causa della caduta di alberi. Il traffico \u00e8 deviato con uscita obbligatoria a Bicchio e rientro a Marina di Torre del Lago. Sul posto sono in corso gli interventi di rimozione e pulizia del piano viabile.<\/p>\n<p>Sulla strada statale 67 &#8220;Tosco Romagnola&#8221; \u00e8 chiuso un tratto a Empoli (km 46,500) a causa dell&#8217;allagamento di un sottopasso. Il traffico \u00e8 deviato sulla viabilit\u00e0 comunale con indicazioni sul posto. In corso gli interventi di ripristino.<\/p>\n<p>In Emilia-Romagna una frana ha invaso la carreggiata della strada statale 45 &#8220;di Val di Trebbia&#8221; provocandone la chiusura con deviazioni del traffico sulla viabilit\u00e0 comunale. Al momento stanno lavorando i rocciatori per mettere in sicurezza il versante.<\/p>\n<p>Inoltre, in Friuli-Venezia Giulia si transita al momento a senso unico alternato lungo la statale 54 &#8220;del Friuli&#8221;, che era stata chiusa nella notte a causa di una frana.<\/p>\n<p>Nella regione, inoltre, \u00e8 in corso da ieri la sorveglianza e il monitoraggio da parte dei tecnici di Anas su alcune arterie: le statali 54 &#8220;del Friuli&#8221;, 55 &#8220;dell&#8217;Isonzo&#8221;, &#8220;52 bis Carnica&#8221;, i raccordi di Trieste, la statale 202 &#8220;Triestina&#8221;, la statale 14 della Venezia Giulia.<\/p>\n<p>Anas, societ\u00e0 del Polo infrastrutturale del Gruppo Fs italiane, ricorda che quando guidi, Guida e Basta! No distrazioni, no alcol, no droga per la tua sicurezza e quella degli altri (guidaebasta.it). Per una mobilit\u00e0 informata l&#8217;evoluzione della situazione del traffico in tempo reale \u00e8 consultabile anche su tutti gli smartphone e i tablet, grazie all&#8217;applicazione &#8220;VAI&#8221; di Anas, disponibile gratuitamente in &#8220;App store&#8221; e in &#8220;Play store&#8221;. Il servizio clienti &#8220;Pronto Anas&#8221; \u00e8 raggiungibile chiamando il numero verde gratuito 800.841.148.<\/p>\n<p>&nbsp;<\/p>\n<p>&nbsp;<\/p>","protected":false},"excerpt":{"rendered":"<p>I tratti chiusi sono tre in Veneto, uno in Lombardia, quattro in Liguria, quattro in Toscana, uno in Emilia-Romagna Roma, 3 novembre 2023 \u2013 aggiornamento ore 15:00 &#8211;\u00a0In allerta fin dai giorni scorsi per l&#8217;emergenza meteo annunciata nel Centro Nord d&#8217;Italia con il ciclone Ciaran, le centrali operative Anas (Polo Infrastrutture del Gruppo Fs Italiane) [&hellip;]<\/p>\n","protected":false},"author":2,"featured_media":123568,"comment_status":"closed","ping_status":"open","sticky":false,"template":"","format":"standard","meta":{"footnotes":""},"categories":[5],"tags":[],"class_list":["post-145606","post","type-post","status-publish","format-standard","has-post-thumbnail","category-cronaca"],"yoast_head":"<!-- This site is optimized with the Yoast SEO plugin v28.4 - https:\/\/yoast.com\/product\/yoast-seo-wordpress\/ -->\n<title>Emergenza meteo. Anas: ecco le 13 strade chiuse nel Centro Nord Italia - Bellunopress - Dolomiti<\/title>\n<meta name=\"robots\" content=\"index, follow, max-snippet:-1, max-image-preview:large, max-video-preview:-1\" \/>\n<link rel=\"canonical\" href=\"https:\/\/www.bellunopress.it\/fr\/2023\/11\/03\/emergenza-meteo-anas-ecco-le-13-strade-chiuse-nel-centro-nord-italia\/\" \/>\n<meta property=\"og:locale\" content=\"fr_FR\" \/>\n<meta property=\"og:type\" content=\"article\" \/>\n<meta property=\"og:title\" content=\"Emergenza meteo. Anas: ecco le 13 strade chiuse nel Centro Nord Italia - Bellunopress - Dolomiti\" \/>\n<meta property=\"og:description\" content=\"I tratti chiusi sono tre in Veneto, uno in Lombardia, quattro in Liguria, quattro in Toscana, uno in Emilia-Romagna Roma, 3 novembre 2023 \u2013 aggiornamento ore 15:00 &#8211;\u00a0In allerta fin dai giorni scorsi per l&#8217;emergenza meteo annunciata nel Centro Nord d&#8217;Italia con il ciclone Ciaran, le centrali operative Anas (Polo Infrastrutture del Gruppo Fs Italiane) [&hellip;]\" \/>\n<meta property=\"og:url\" content=\"https:\/\/www.bellunopress.it\/fr\/2023\/11\/03\/emergenza-meteo-anas-ecco-le-13-strade-chiuse-nel-centro-nord-italia\/\" \/>\n<meta property=\"og:site_name\" content=\"Bellunopress - Dolomiti\" \/>\n<meta property=\"article:publisher\" content=\"https:\/\/www.facebook.com\/profile.php?id=100008943462799\" \/>\n<meta property=\"article:published_time\" content=\"2023-11-03T15:19:37+00:00\" \/>\n<meta property=\"og:image\" content=\"https:\/\/www.bellunopress.it\/wp-content\/uploads\/2021\/04\/Anas_edited.jpg\" \/>\n\t<meta property=\"og:image:width\" content=\"1000\" \/>\n\t<meta property=\"og:image:height\" content=\"568\" \/>\n\t<meta property=\"og:image:type\" content=\"image\/jpeg\" \/>\n<meta name=\"author\" content=\"redazione\" \/>\n<meta name=\"twitter:card\" content=\"summary_large_image\" \/>\n<meta name=\"twitter:creator\" content=\"@bellunopress\" \/>\n<meta name=\"twitter:site\" content=\"@bellunopress\" \/>\n<meta name=\"twitter:label1\" content=\"\u00c9crit par\" \/>\n\t<meta name=\"twitter:data1\" content=\"redazione\" \/>\n\t<meta name=\"twitter:label2\" content=\"Dur\u00e9e de lecture estim\u00e9e\" \/>\n\t<meta name=\"twitter:data2\" content=\"4 minutes\" \/>\n<script type=\"application\/ld+json\" class=\"yoast-schema-graph\">{\"@context\":\"https:\\\/\\\/schema.org\",\"@graph\":[{\"@type\":\"Article\",\"@id\":\"https:\\\/\\\/www.bellunopress.it\\\/2023\\\/11\\\/03\\\/emergenza-meteo-anas-ecco-le-13-strade-chiuse-nel-centro-nord-italia\\\/#article\",\"isPartOf\":{\"@id\":\"https:\\\/\\\/www.bellunopress.it\\\/2023\\\/11\\\/03\\\/emergenza-meteo-anas-ecco-le-13-strade-chiuse-nel-centro-nord-italia\\\/\"},\"author\":{\"name\":\"redazione\",\"@id\":\"https:\\\/\\\/www.bellunopress.it\\\/#\\\/schema\\\/person\\\/79bb06722b37ece1c03d3e94beb30d73\"},\"headline\":\"Emergenza meteo. Anas: ecco le 13 strade chiuse nel Centro Nord Italia\",\"datePublished\":\"2023-11-03T15:19:37+00:00\",\"mainEntityOfPage\":{\"@id\":\"https:\\\/\\\/www.bellunopress.it\\\/2023\\\/11\\\/03\\\/emergenza-meteo-anas-ecco-le-13-strade-chiuse-nel-centro-nord-italia\\\/\"},\"wordCount\":813,\"publisher\":{\"@id\":\"https:\\\/\\\/www.bellunopress.it\\\/#organization\"},\"image\":{\"@id\":\"https:\\\/\\\/www.bellunopress.it\\\/2023\\\/11\\\/03\\\/emergenza-meteo-anas-ecco-le-13-strade-chiuse-nel-centro-nord-italia\\\/#primaryimage\"},\"thumbnailUrl\":\"https:\\\/\\\/www.bellunopress.it\\\/wp-content\\\/uploads\\\/2021\\\/04\\\/Anas_edited.jpg\",\"articleSection\":[\"Cronaca\\\/Politica\"],\"inLanguage\":\"fr-FR\"},{\"@type\":\"WebPage\",\"@id\":\"https:\\\/\\\/www.bellunopress.it\\\/2023\\\/11\\\/03\\\/emergenza-meteo-anas-ecco-le-13-strade-chiuse-nel-centro-nord-italia\\\/\",\"url\":\"https:\\\/\\\/www.bellunopress.it\\\/2023\\\/11\\\/03\\\/emergenza-meteo-anas-ecco-le-13-strade-chiuse-nel-centro-nord-italia\\\/\",\"name\":\"Emergenza meteo. Anas: ecco le 13 strade chiuse nel Centro Nord Italia - Bellunopress - Dolomiti\",\"isPartOf\":{\"@id\":\"https:\\\/\\\/www.bellunopress.it\\\/#website\"},\"primaryImageOfPage\":{\"@id\":\"https:\\\/\\\/www.bellunopress.it\\\/2023\\\/11\\\/03\\\/emergenza-meteo-anas-ecco-le-13-strade-chiuse-nel-centro-nord-italia\\\/#primaryimage\"},\"image\":{\"@id\":\"https:\\\/\\\/www.bellunopress.it\\\/2023\\\/11\\\/03\\\/emergenza-meteo-anas-ecco-le-13-strade-chiuse-nel-centro-nord-italia\\\/#primaryimage\"},\"thumbnailUrl\":\"https:\\\/\\\/www.bellunopress.it\\\/wp-content\\\/uploads\\\/2021\\\/04\\\/Anas_edited.jpg\",\"datePublished\":\"2023-11-03T15:19:37+00:00\",\"breadcrumb\":{\"@id\":\"https:\\\/\\\/www.bellunopress.it\\\/2023\\\/11\\\/03\\\/emergenza-meteo-anas-ecco-le-13-strade-chiuse-nel-centro-nord-italia\\\/#breadcrumb\"},\"inLanguage\":\"fr-FR\",\"potentialAction\":[{\"@type\":\"ReadAction\",\"target\":[\"https:\\\/\\\/www.bellunopress.it\\\/2023\\\/11\\\/03\\\/emergenza-meteo-anas-ecco-le-13-strade-chiuse-nel-centro-nord-italia\\\/\"]}]},{\"@type\":\"ImageObject\",\"inLanguage\":\"fr-FR\",\"@id\":\"https:\\\/\\\/www.bellunopress.it\\\/2023\\\/11\\\/03\\\/emergenza-meteo-anas-ecco-le-13-strade-chiuse-nel-centro-nord-italia\\\/#primaryimage\",\"url\":\"https:\\\/\\\/www.bellunopress.it\\\/wp-content\\\/uploads\\\/2021\\\/04\\\/Anas_edited.jpg\",\"contentUrl\":\"https:\\\/\\\/www.bellunopress.it\\\/wp-content\\\/uploads\\\/2021\\\/04\\\/Anas_edited.jpg\",\"width\":1000,\"height\":568},{\"@type\":\"BreadcrumbList\",\"@id\":\"https:\\\/\\\/www.bellunopress.it\\\/2023\\\/11\\\/03\\\/emergenza-meteo-anas-ecco-le-13-strade-chiuse-nel-centro-nord-italia\\\/#breadcrumb\",\"itemListElement\":[{\"@type\":\"ListItem\",\"position\":1,\"name\":\"Home\",\"item\":\"https:\\\/\\\/www.bellunopress.it\\\/\"},{\"@type\":\"ListItem\",\"position\":2,\"name\":\"Emergenza meteo. Anas: ecco le 13 strade chiuse nel Centro Nord Italia\"}]},{\"@type\":\"WebSite\",\"@id\":\"https:\\\/\\\/www.bellunopress.it\\\/#website\",\"url\":\"https:\\\/\\\/www.bellunopress.it\\\/\",\"name\":\"Bellunopress - Dolomiti\",\"description\":\"e-mail: redazione@bellunopress.it\",\"publisher\":{\"@id\":\"https:\\\/\\\/www.bellunopress.it\\\/#organization\"},\"potentialAction\":[{\"@type\":\"SearchAction\",\"target\":{\"@type\":\"EntryPoint\",\"urlTemplate\":\"https:\\\/\\\/www.bellunopress.it\\\/?s={search_term_string}\"},\"query-input\":{\"@type\":\"PropertyValueSpecification\",\"valueRequired\":true,\"valueName\":\"search_term_string\"}}],\"inLanguage\":\"fr-FR\"},{\"@type\":\"Organization\",\"@id\":\"https:\\\/\\\/www.bellunopress.it\\\/#organization\",\"name\":\"Bellunopress\",\"url\":\"https:\\\/\\\/www.bellunopress.it\\\/\",\"logo\":{\"@type\":\"ImageObject\",\"inLanguage\":\"fr-FR\",\"@id\":\"https:\\\/\\\/www.bellunopress.it\\\/#\\\/schema\\\/logo\\\/image\\\/\",\"url\":\"https:\\\/\\\/www.bellunopress.it\\\/wp-content\\\/uploads\\\/2011\\\/05\\\/cropped-logo-bellunopress-.jpg\",\"contentUrl\":\"https:\\\/\\\/www.bellunopress.it\\\/wp-content\\\/uploads\\\/2011\\\/05\\\/cropped-logo-bellunopress-.jpg\",\"width\":512,\"height\":512,\"caption\":\"Bellunopress\"},\"image\":{\"@id\":\"https:\\\/\\\/www.bellunopress.it\\\/#\\\/schema\\\/logo\\\/image\\\/\"},\"sameAs\":[\"https:\\\/\\\/www.facebook.com\\\/profile.php?id=100008943462799\",\"https:\\\/\\\/x.com\\\/bellunopress\",\"https:\\\/\\\/www.linkedin.com\\\/hp\\\/?dnr=JBzUWaJfMUw8vbXJJ2tVW5-I3jZKvC4wsoxE&amp;amp;amp;amp;amp;amp;trk=nav_responsive_tab_home\",\"https:\\\/\\\/www.youtube.com\\\/channel\\\/UCxL0wu1uN0_3_7hGG0306cw\"]},{\"@type\":\"Person\",\"@id\":\"https:\\\/\\\/www.bellunopress.it\\\/#\\\/schema\\\/person\\\/79bb06722b37ece1c03d3e94beb30d73\",\"name\":\"redazione\",\"image\":{\"@type\":\"ImageObject\",\"inLanguage\":\"fr-FR\",\"@id\":\"https:\\\/\\\/secure.gravatar.com\\\/avatar\\\/37d968a2e67a6fd04c169c4bdef102d0bc5d31b2546345219e348575eb80e9a0?s=96&d=mm&r=g\",\"url\":\"https:\\\/\\\/secure.gravatar.com\\\/avatar\\\/37d968a2e67a6fd04c169c4bdef102d0bc5d31b2546345219e348575eb80e9a0?s=96&d=mm&r=g\",\"contentUrl\":\"https:\\\/\\\/secure.gravatar.com\\\/avatar\\\/37d968a2e67a6fd04c169c4bdef102d0bc5d31b2546345219e348575eb80e9a0?s=96&d=mm&r=g\",\"caption\":\"redazione\"},\"sameAs\":[\"http:\\\/\\\/www.bellunopress.it\",\"https:\\\/\\\/x.com\\\/bellunopress\"],\"url\":\"https:\\\/\\\/www.bellunopress.it\\\/fr\\\/author\\\/redazione\\\/\"}]}<\/script>\n<!-- \/ Yoast SEO plugin. -->","yoast_head_json":{"title":"Emergenza meteo. Anas: ecco le 13 strade chiuse nel Centro Nord Italia - Bellunopress - Dolomiti","robots":{"index":"index","follow":"follow","max-snippet":"max-snippet:-1","max-image-preview":"max-image-preview:large","max-video-preview":"max-video-preview:-1"},"canonical":"https:\/\/www.bellunopress.it\/fr\/2023\/11\/03\/emergenza-meteo-anas-ecco-le-13-strade-chiuse-nel-centro-nord-italia\/","og_locale":"fr_FR","og_type":"article","og_title":"Emergenza meteo. Anas: ecco le 13 strade chiuse nel Centro Nord Italia - Bellunopress - Dolomiti","og_description":"I tratti chiusi sono tre in Veneto, uno in Lombardia, quattro in Liguria, quattro in Toscana, uno in Emilia-Romagna Roma, 3 novembre 2023 \u2013 aggiornamento ore 15:00 &#8211;\u00a0In allerta fin dai giorni scorsi per l&#8217;emergenza meteo annunciata nel Centro Nord d&#8217;Italia con il ciclone Ciaran, le centrali operative Anas (Polo Infrastrutture del Gruppo Fs Italiane) [&hellip;]","og_url":"https:\/\/www.bellunopress.it\/fr\/2023\/11\/03\/emergenza-meteo-anas-ecco-le-13-strade-chiuse-nel-centro-nord-italia\/","og_site_name":"Bellunopress - Dolomiti","article_publisher":"https:\/\/www.facebook.com\/profile.php?id=100008943462799","article_published_time":"2023-11-03T15:19:37+00:00","og_image":[{"width":1000,"height":568,"url":"https:\/\/www.bellunopress.it\/wp-content\/uploads\/2021\/04\/Anas_edited.jpg","type":"image\/jpeg"}],"author":"redazione","twitter_card":"summary_large_image","twitter_creator":"@bellunopress","twitter_site":"@bellunopress","twitter_misc":{"\u00c9crit par":"redazione","Dur\u00e9e de lecture estim\u00e9e":"4 minutes"},"schema":{"@context":"https:\/\/schema.org","@graph":[{"@type":"Article","@id":"https:\/\/www.bellunopress.it\/2023\/11\/03\/emergenza-meteo-anas-ecco-le-13-strade-chiuse-nel-centro-nord-italia\/#article","isPartOf":{"@id":"https:\/\/www.bellunopress.it\/2023\/11\/03\/emergenza-meteo-anas-ecco-le-13-strade-chiuse-nel-centro-nord-italia\/"},"author":{"name":"redazione","@id":"https:\/\/www.bellunopress.it\/#\/schema\/person\/79bb06722b37ece1c03d3e94beb30d73"},"headline":"Emergenza meteo. Anas: ecco le 13 strade chiuse nel Centro Nord Italia","datePublished":"2023-11-03T15:19:37+00:00","mainEntityOfPage":{"@id":"https:\/\/www.bellunopress.it\/2023\/11\/03\/emergenza-meteo-anas-ecco-le-13-strade-chiuse-nel-centro-nord-italia\/"},"wordCount":813,"publisher":{"@id":"https:\/\/www.bellunopress.it\/#organization"},"image":{"@id":"https:\/\/www.bellunopress.it\/2023\/11\/03\/emergenza-meteo-anas-ecco-le-13-strade-chiuse-nel-centro-nord-italia\/#primaryimage"},"thumbnailUrl":"https:\/\/www.bellunopress.it\/wp-content\/uploads\/2021\/04\/Anas_edited.jpg","articleSection":["Cronaca\/Politica"],"inLanguage":"fr-FR"},{"@type":"WebPage","@id":"https:\/\/www.bellunopress.it\/2023\/11\/03\/emergenza-meteo-anas-ecco-le-13-strade-chiuse-nel-centro-nord-italia\/","url":"https:\/\/www.bellunopress.it\/2023\/11\/03\/emergenza-meteo-anas-ecco-le-13-strade-chiuse-nel-centro-nord-italia\/","name":"Emergenza meteo. Anas: ecco le 13 strade chiuse nel Centro Nord Italia - Bellunopress - Dolomiti","isPartOf":{"@id":"https:\/\/www.bellunopress.it\/#website"},"primaryImageOfPage":{"@id":"https:\/\/www.bellunopress.it\/2023\/11\/03\/emergenza-meteo-anas-ecco-le-13-strade-chiuse-nel-centro-nord-italia\/#primaryimage"},"image":{"@id":"https:\/\/www.bellunopress.it\/2023\/11\/03\/emergenza-meteo-anas-ecco-le-13-strade-chiuse-nel-centro-nord-italia\/#primaryimage"},"thumbnailUrl":"https:\/\/www.bellunopress.it\/wp-content\/uploads\/2021\/04\/Anas_edited.jpg","datePublished":"2023-11-03T15:19:37+00:00","breadcrumb":{"@id":"https:\/\/www.bellunopress.it\/2023\/11\/03\/emergenza-meteo-anas-ecco-le-13-strade-chiuse-nel-centro-nord-italia\/#breadcrumb"},"inLanguage":"fr-FR","potentialAction":[{"@type":"ReadAction","target":["https:\/\/www.bellunopress.it\/2023\/11\/03\/emergenza-meteo-anas-ecco-le-13-strade-chiuse-nel-centro-nord-italia\/"]}]},{"@type":"ImageObject","inLanguage":"fr-FR","@id":"https:\/\/www.bellunopress.it\/2023\/11\/03\/emergenza-meteo-anas-ecco-le-13-strade-chiuse-nel-centro-nord-italia\/#primaryimage","url":"https:\/\/www.bellunopress.it\/wp-content\/uploads\/2021\/04\/Anas_edited.jpg","contentUrl":"https:\/\/www.bellunopress.it\/wp-content\/uploads\/2021\/04\/Anas_edited.jpg","width":1000,"height":568},{"@type":"BreadcrumbList","@id":"https:\/\/www.bellunopress.it\/2023\/11\/03\/emergenza-meteo-anas-ecco-le-13-strade-chiuse-nel-centro-nord-italia\/#breadcrumb","itemListElement":[{"@type":"ListItem","position":1,"name":"Home","item":"https:\/\/www.bellunopress.it\/"},{"@type":"ListItem","position":2,"name":"Emergenza meteo. Anas: ecco le 13 strade chiuse nel Centro Nord Italia"}]},{"@type":"WebSite","@id":"https:\/\/www.bellunopress.it\/#website","url":"https:\/\/www.bellunopress.it\/","name":"Bellunopress - Dolomiti","description":"e-mail: redazione@bellunopress.it","publisher":{"@id":"https:\/\/www.bellunopress.it\/#organization"},"potentialAction":[{"@type":"SearchAction","target":{"@type":"EntryPoint","urlTemplate":"https:\/\/www.bellunopress.it\/?s={search_term_string}"},"query-input":{"@type":"PropertyValueSpecification","valueRequired":true,"valueName":"search_term_string"}}],"inLanguage":"fr-FR"},{"@type":"Organization","@id":"https:\/\/www.bellunopress.it\/#organization","name":"Bellunopress","url":"https:\/\/www.bellunopress.it\/","logo":{"@type":"ImageObject","inLanguage":"fr-FR","@id":"https:\/\/www.bellunopress.it\/#\/schema\/logo\/image\/","url":"https:\/\/www.bellunopress.it\/wp-content\/uploads\/2011\/05\/cropped-logo-bellunopress-.jpg","contentUrl":"https:\/\/www.bellunopress.it\/wp-content\/uploads\/2011\/05\/cropped-logo-bellunopress-.jpg","width":512,"height":512,"caption":"Bellunopress"},"image":{"@id":"https:\/\/www.bellunopress.it\/#\/schema\/logo\/image\/"},"sameAs":["https:\/\/www.facebook.com\/profile.php?id=100008943462799","https:\/\/x.com\/bellunopress","https:\/\/www.linkedin.com\/hp\/?dnr=JBzUWaJfMUw8vbXJJ2tVW5-I3jZKvC4wsoxE&amp;amp;amp;amp;amp;amp;trk=nav_responsive_tab_home","https:\/\/www.youtube.com\/channel\/UCxL0wu1uN0_3_7hGG0306cw"]},{"@type":"Person","@id":"https:\/\/www.bellunopress.it\/#\/schema\/person\/79bb06722b37ece1c03d3e94beb30d73","name":"r\u00e9daction","image":{"@type":"ImageObject","inLanguage":"fr-FR","@id":"https:\/\/secure.gravatar.com\/avatar\/37d968a2e67a6fd04c169c4bdef102d0bc5d31b2546345219e348575eb80e9a0?s=96&d=mm&r=g","url":"https:\/\/secure.gravatar.com\/avatar\/37d968a2e67a6fd04c169c4bdef102d0bc5d31b2546345219e348575eb80e9a0?s=96&d=mm&r=g","contentUrl":"https:\/\/secure.gravatar.com\/avatar\/37d968a2e67a6fd04c169c4bdef102d0bc5d31b2546345219e348575eb80e9a0?s=96&d=mm&r=g","caption":"redazione"},"sameAs":["http:\/\/www.bellunopress.it","https:\/\/x.com\/bellunopress"],"url":"https:\/\/www.bellunopress.it\/fr\/author\/redazione\/"}]}},"_links":{"self":[{"href":"https:\/\/www.bellunopress.it\/fr\/wp-json\/wp\/v2\/posts\/145606","targetHints":{"allow":["GET"]}}],"collection":[{"href":"https:\/\/www.bellunopress.it\/fr\/wp-json\/wp\/v2\/posts"}],"about":[{"href":"https:\/\/www.bellunopress.it\/fr\/wp-json\/wp\/v2\/types\/post"}],"author":[{"embeddable":true,"href":"https:\/\/www.bellunopress.it\/fr\/wp-json\/wp\/v2\/users\/2"}],"replies":[{"embeddable":true,"href":"https:\/\/www.bellunopress.it\/fr\/wp-json\/wp\/v2\/comments?post=145606"}],"version-history":[{"count":1,"href":"https:\/\/www.bellunopress.it\/fr\/wp-json\/wp\/v2\/posts\/145606\/revisions"}],"predecessor-version":[{"id":145607,"href":"https:\/\/www.bellunopress.it\/fr\/wp-json\/wp\/v2\/posts\/145606\/revisions\/145607"}],"wp:featuredmedia":[{"embeddable":true,"href":"https:\/\/www.bellunopress.it\/fr\/wp-json\/wp\/v2\/media\/123568"}],"wp:attachment":[{"href":"https:\/\/www.bellunopress.it\/fr\/wp-json\/wp\/v2\/media?parent=145606"}],"wp:term":[{"taxonomy":"category","embeddable":true,"href":"https:\/\/www.bellunopress.it\/fr\/wp-json\/wp\/v2\/categories?post=145606"},{"taxonomy":"post_tag","embeddable":true,"href":"https:\/\/www.bellunopress.it\/fr\/wp-json\/wp\/v2\/tags?post=145606"}],"curies":[{"name":"wp","href":"https:\/\/api.w.org\/{rel}","templated":true}]}}