{"id":145603,"date":"2023-11-03T16:15:07","date_gmt":"2023-11-03T15:15:07","guid":{"rendered":"https:\/\/www.bellunopress.it\/?p=145603"},"modified":"2023-11-03T16:15:07","modified_gmt":"2023-11-03T15:15:07","slug":"progetto-primavera-casa-5-incontri-per-recuperare-il-patrimonio-immobiliare-in-disuso-in-valbelluna","status":"publish","type":"post","link":"https:\/\/www.bellunopress.it\/fr\/2023\/11\/03\/progetto-primavera-casa-5-incontri-per-recuperare-il-patrimonio-immobiliare-in-disuso-in-valbelluna\/","title":{"rendered":"Progetto &#8220;Primavera casa&#8221;. 5 incontri per recuperare il patrimonio immobiliare in disuso in Valbelluna"},"content":{"rendered":"<p><img loading=\"lazy\" decoding=\"async\" class=\"alignleft size-full wp-image-145604\" src=\"https:\/\/www.bellunopress.it\/wp-content\/uploads\/2023\/11\/Primavera-casa.jpg\" alt=\"\" width=\"728\" height=\"306\" srcset=\"https:\/\/www.bellunopress.it\/wp-content\/uploads\/2023\/11\/Primavera-casa.jpg 728w, https:\/\/www.bellunopress.it\/wp-content\/uploads\/2023\/11\/Primavera-casa-500x210.jpg 500w, https:\/\/www.bellunopress.it\/wp-content\/uploads\/2023\/11\/Primavera-casa-696x293.jpg 696w\" sizes=\"auto, (max-width: 728px) 100vw, 728px\" \/>Cinque nuovi incontri pubblici per presentare il progetto di valorizzazione abitativa e turistica del patrimonio immobiliare in disuso della Valbelluna. Lo propone Primavera Casa, al suo secondo anno di sperimentazione.<\/p>\n<p>Queste le date e le sedi degli incontri:<\/p>\n<p>Gioved\u00ec 9 novembre, h 20.30, LENTIAI, SOMS (Societ\u00e0 Operaia Mutuo Soccorso), via Mentana 1<br \/>\nVenerd\u00ec 10 novembre, h 18.30, SOSPIROLO, centro civico, piazza Segato<br \/>\nGioved\u00ec 16 novembre, h 18.30, TRICHIANA, sala San Felice, piazza Toni Merlin<br \/>\nMercoled\u00ec 22 novembre, h 20.30, LIMANA, sala conferenze del Municipio, via Roma 90<br \/>\nMercoled\u00ec 6 dicembre, h 20.30, SAN GREGORIO, sala Tina Merlin, via dell&#8217;Emigrante<\/p>\n<p>Nel Bellunese, un&#8217;abitazione su due non \u00e8 occupata. Eppure, pare impossibile per turisti e lavoratori trovare alloggio nei nostri paesi. In Valbelluna la situazione \u00e8 leggermente migliore: una casa non occupata ogni tre. I dati sono Istat, 2019. Da allora non \u00e8 cambiato molto.<\/p>\n<p>Noi invece questo trend lo vogliamo cambiare.<br \/>\nVogliamo paesi rumorosi di voci e risate, paesi abitati.<br \/>\nPerch\u00e9 una casa non occupata significa spopolamento, incuria, costi materiali e immateriali per chi la possiede e per la comunit\u00e0 che ci convive.<\/p>\n<p>Vogliamo riaprire queste case vuote.<br \/>\nRiempirle di parole ed emozioni, istanti di futuro, ricchezza.<\/p>\n<p>Il progetto PRIMAVERA CASA mette in comunicazione chi le case le possiede e chi vorrebbe abitarle \u2013 ovvero, i lavoratori che arrivano in Valbelluna e i turisti che vengono ai piedi delle Dolomiti per esplorarne la bellezza.<br \/>\nCoinvolge e affianca i proprietari di case sfitte per costruire assieme a loro una nuova rete di abitazioni accoglienti, che si aprano al turismo e\/o alla presenza di lavoratori da fuori Provincia.<\/p>\n<p>Il secondo anno di PRIMAVERA CASA: sviluppi<\/p>\n<p>Quello cominciato a settembre 2023 \u00e8 il secondo anno del progetto sperimentale PRIMAVERA CASA. Nel primo anno il team ha scelto di concentrarsi sulla destra Piave, per testare il progetto su un&#8217;area contenuta.<br \/>\nNegli scorsi mesi hanno partecipato ai tre incontri pubblici di presentazione di progetto un centinaio di persone; in cinquanta hanno inviato la propria manifestazione di interesse; sono stati fatti una trentina di sopralluoghi; e sono dieci le case in fase di riattivazione.<\/p>\n<p>Nel suo secondo anno, PRIMAVERA CASA si aprir\u00e0 a tutta la Valbelluna: a novembre quindi ecco i primi incontri a Borgo Valbelluna e a Limana.<\/p>\n<p>Nel frattempo, il team sta lavorando alla stesura di protocolli con aziende del territorio, per agevolare le imprese locali nella ricerca di alloggi per i propri dipendenti e per fornire ai proprietari un riferimento (l&#8217;azienda stessa) che possa assumere un ruolo di facilitatore, al bisogno, oltre che la percezione rassicurante di affittare casa a persone che hanno effettivamente un lavoro.<br \/>\nIl contatto con le imprese \u00e8 nella sua fase iniziale: il team PRIMAVERA CASA \u00e8 disponibile a incontrare qualsiasi azienda fosse interessata al progetto. Per la manifestazione di interesse \u00e8 possibile scrivere a info@primaveracasa.eu o compilare il form nel sito www.primaveracasa.eu.<\/p>\n<p>Per i proprietari che hanno aderito e aderiranno al progetto PRIMAVERA CASA, sono previsti una serie di incontri e momenti formativi dedicati, per continuare l&#8217;affiancamento anche oltre la mera riapertura fisica dell&#8217;immobile, e aiutarli a districarsi tra forme di locazione turistica, adempimenti normativi, selezione degli inquilini, gestione delle prenotazioni\u2026<\/p>\n<p>Nello specifico, proprio in queste settimane il Consorzio Turistico Dolomiti Prealpi ha in programma una serie di quattro incontri di in-formazione e un laboratorio formativo sul tema del digitale nel settore della ricezione turistica. Il progetto, \u201cStrategie digitali per il turismo in Valbelluna\u201d, realizzato nell&#8217;ambito di PRIMAVERA CASA, \u00e8 finanziato dall&#8217;Unione Montana Feltrina con fondi derivanti dalla tassa di soggiorno.<\/p>\n<p>Infine, parte del team PRIMAVERA CASA sta lavorando a ulteriori sviluppi del progetto, e in particolare alla strutturazione di una serie di servizi per la gestione delle co-abitazioni, soluzione abitativa piuttosto frequente in particolare per lavoratori che vengono da fuori Provincia, magari per periodi brevi, e che preferiscono dividere il costo di appartamenti spesso troppo grandi per una persona sola.<\/p>\n<p>Come funziona PRIMAVERA CASA<\/p>\n<p>Il progetto PRIMAVERA CASA si rivolge ai proprietari di case non occupate in Valbelluna.<br \/>\nOvvero, a chi abita in zona e possiede una seconda casa poco distante, a chi lavora ormai altrove e ha ereditato la casa dei genitori, a chi \u00e8 emigrato da decenni e conserva, tra i suoi legami con la terra d&#8217;origine, un&#8217;abitazione \u2013 magari in compropriet\u00e0.<\/p>\n<p>Tutte queste case vuote costano.<br \/>\nCostano ai proprietari, in primis (per la manutenzione, visto che le case sfitte invecchiano pi\u00f9 velocemente; per il fisco, dall&#8217;IMU in poi; per le utenze e i costi condominiali, quando si applicano), ma costano anche ai Comuni e alle comunit\u00e0 che qui continuano ad abitare (lo svuotarsi dei paesi, le difficolt\u00e0 ad accogliere nuovi abitanti o lavoratori, la minore attrattivit\u00e0 turistica, il minore gettito fiscale).<\/p>\n<p>Il progetto PRIMAVERA CASA propone ai proprietari di case non occupate in Valbelluna un affiancamento per riaprire e mettere in affitto l&#8217;immobile.<\/p>\n<p>Nel primo anno (settembre 2022-2023), il team di lavoro ha studiato e attivato una serie di servizi di consulenza, gratuiti fino al termine del progetto sperimentale (agosto 2024), per accompagnare gli interessati a riattivare e far rivivere la propria casa vuota, e regalare cos\u00ec anche al territorio una nuova occasione di crescita economica.<\/p>\n<p>Per chi decide di aderire al progetto PRIMAVERA CASA \u00e8 previsto un percorso costituito da un primo incontro individuale e dal sopralluogo della casa \u2013 con valutazione estetico-funzionale della struttura \u2013 da una consulenza di orientamento fiscale e burocratico con ACLI (anche nell&#8217;ottica di scegliere tra affitto di medio lungo periodo o turistico), da un confronto con gli addetti del Consorzio Dolomiti Prealpi per tutto ci\u00f2 che riguarda la locazione turistica, dalla realizzazione di fotografie e testi professionali, da un primo posizionamento dell&#8217;annuncio nel sistema DMS regionale e dalla promozione da parte della rete di sportelli turistici territoriali.<\/p>\n<p>L&#8217;obiettivo del progetto PRIMAVERA CASA \u00e8 quindi riattivare case vuote che potrebbero ancora ospitare momenti di vita, risate, sogni \u2013 e di farlo prima che queste case si deteriorino a tal punto da diventare un costo per tutti. La sfida, nel contesto in declino della demografia bellunese, \u00e8 mettere a valore il significativo patrimonio immobiliare non occupato della Valbelluna e trasformarlo in un&#8217;opportunit\u00e0: di aprirsi al mondo e accogliere chi desidera vivere e lavorare nei nostri paesi e chi i nostri paesi li vuole visitare, ed esplorare.<\/p>\n<p>Sia per il territorio che per i proprietari PRIMAVERA CASA \u00e8 perci\u00f2 in primis un&#8217;occasione economica: invece di pagare, per le seconde case inutilizzate, queste diventano lo strumento per generare una rendita personale.<br \/>\nL&#8217;interesse economico non \u00e8 per\u00f2 l&#8217;unico in gioco: la presenza di nuovi abitanti (anche turisti) renderebbe i servizi sul territorio ancora pi\u00f9 necessari. Riaprire le case vuote \u00e8 anche un modo per salvare i Paesi: lo spopolamento si nutre di case chiuse. Le aziende che non riescono a trovare alloggio per i propri lavoratori potrebbero decidere di orientare altrove eventuali progetti di sviluppo.<br \/>\nInfine, ridare vita ad abitazioni che tanta vita hanno vissuto, nel passato, ha anche un valore affettivo: la casa della nonna pu\u00f2 morire, o pu\u00f2 invece nutrirsi di nuovi amori e progetti, di meraviglie e altri gesti quotidiani. Il ricordo esiste solo se c&#8217;\u00e8 vita.<\/p>\n<p>Il team PRIMAVERA CASA<\/p>\n<p>Il progetto PRIMAVERA CASA \u00e8 realizzato con il sostegno della Fondazione Cariverona ed \u00e8 ideato e partecipato da cooperativa sociale Societ\u00e0 Nuova, Isoipse Impresa Sociale, ACLI Servizi srl, Consorzio Turistico Dolomiti Prealpi, con il supporto di Odar e la consulenza tecnica e metodologica di Etifor.<br \/>\nIl progetto \u00e8 al momento patrocinato dai Comuni di Sedico, Santa Giustina, Cesiomaggiore, San Gregorio nelle Alpi, Sospirolo, Borgo Valbelluna e Limana.<\/p>\n<p>Il progetto PRIMAVERA CASA si fonda sulla condivisione di un obiettivo comune, la valorizzazione del patrimonio immobiliare in disuso della Valbelluna.<br \/>\nOgni partner collabora al progetto mettendo a disposizione le proprie specifiche competenze. Societ\u00e0 Nuova, capofila di progetto, si occupa di project management, sviluppi di progetto, sgomberi e pulizie per il primo riutilizzo degli alloggi, gestione delle coabitazioni. ACLI supporta i proprietari con la contrattualistica, gli adempimenti fiscali e burocratici, e li affianca nelle loro scelte di locazione. Isoipse si occupa della comunicazione di progetto e della presentazione delle singole case aderenti. Il Consorzio Dolomiti Prealpi accoglie le case rese disponibili nella propria rete di sportelli turistici e nei siti collegati alla DMO, e affianca i proprietari aiutandoli a districarsi nelle specificit\u00e0 del settore turistico, in forte espansione in Valbelluna.<\/p>\n<p>Gli appuntamenti PRIMAVERA CASA<\/p>\n<p>Incontri pubblici<\/p>\n<p>Sono previsti cinque incontri pubblici aperti a chiunque lo desideri, e in particolare a chi possiede case sfitte nei Comuni partecipanti e potrebbe essere interessato a ragionare su una loro riapertura.<\/p>\n<p>Gioved\u00ec 9 novembre, h 20.30, LENTIAI, SOMS Societ\u00e0 Operaia Mutuo Soccorso, via Mentana 1<br \/>\nVenerd\u00ec 10 novembre, h 18.30, SOSPIROLO, centro civico, piazza Segato<br \/>\nGioved\u00ec 16 novembre, h 18.30, TRICHIANA, sala San Felice, piazza Toni Merlin<br \/>\nMercoled\u00ec 22 novembre, h 20.30, LIMANA, sala conferenze del Municipio, via Roma 90<br \/>\nMercoled\u00ec 6 dicembre, h 20.30, SAN GREGORIO, sala Tina Merlin, via dell&#8217;Emigrante<\/p>\n<p>Sportelli<\/p>\n<p>Per i proprietari interessati sono attivi due Sportelli di approfondimento, uno presso le sedi ACLI, uno presso il Consorzio Turistico Dolomiti Prealpi. Sono Sportelli tematici: quello ACLI \u00e8 destinato a chi avesse dubbi o desiderasse assistenza per questioni burocratiche, fiscali o amministrative, legate all&#8217;affitto di medio lungo termine o turistico; lo sportello del Consorzio Dolomiti Prealpi \u00e8 invece pensato per chi \u00e8 intenzionato a sperimentarsi nell&#8217;ambito dell&#8217;accoglienza turistica.<br \/>\nGli sportelli sono attivati su prenotazione:<br \/>\ncontattare Michele al numero 378\/3012234<br \/>\no alla mail michele@primaveracasa.eu<\/p>","protected":false},"excerpt":{"rendered":"<p>Cinque nuovi incontri pubblici per presentare il progetto di valorizzazione abitativa e turistica del patrimonio immobiliare in disuso della Valbelluna. Lo propone Primavera Casa, al suo secondo anno di sperimentazione. Queste le date e le sedi degli incontri: Gioved\u00ec 9 novembre, h 20.30, LENTIAI, SOMS (Societ\u00e0 Operaia Mutuo Soccorso), via Mentana 1 Venerd\u00ec 10 novembre, [&hellip;]<\/p>\n","protected":false},"author":2,"featured_media":145604,"comment_status":"closed","ping_status":"open","sticky":false,"template":"","format":"standard","meta":{"footnotes":""},"categories":[36,26],"tags":[],"class_list":["post-145603","post","type-post","status-publish","format-standard","has-post-thumbnail","category-lavoro-economia","category-prima-pagina"],"yoast_head":"<!-- This site is optimized with the Yoast SEO plugin v28.4 - https:\/\/yoast.com\/product\/yoast-seo-wordpress\/ -->\n<title>Progetto &quot;Primavera casa&quot;. 5 incontri per recuperare il patrimonio immobiliare in disuso in Valbelluna - Bellunopress - Dolomiti<\/title>\n<meta name=\"robots\" content=\"index, follow, max-snippet:-1, max-image-preview:large, max-video-preview:-1\" \/>\n<link rel=\"canonical\" href=\"https:\/\/www.bellunopress.it\/fr\/2023\/11\/03\/progetto-primavera-casa-5-incontri-per-recuperare-il-patrimonio-immobiliare-in-disuso-in-valbelluna\/\" \/>\n<meta property=\"og:locale\" content=\"fr_FR\" \/>\n<meta property=\"og:type\" content=\"article\" \/>\n<meta property=\"og:title\" content=\"Progetto &quot;Primavera casa&quot;. 5 incontri per recuperare il patrimonio immobiliare in disuso in Valbelluna - Bellunopress - Dolomiti\" \/>\n<meta property=\"og:description\" content=\"Cinque nuovi incontri pubblici per presentare il progetto di valorizzazione abitativa e turistica del patrimonio immobiliare in disuso della Valbelluna. Lo propone Primavera Casa, al suo secondo anno di sperimentazione. Queste le date e le sedi degli incontri: Gioved\u00ec 9 novembre, h 20.30, LENTIAI, SOMS (Societ\u00e0 Operaia Mutuo Soccorso), via Mentana 1 Venerd\u00ec 10 novembre, [&hellip;]\" \/>\n<meta property=\"og:url\" content=\"https:\/\/www.bellunopress.it\/fr\/2023\/11\/03\/progetto-primavera-casa-5-incontri-per-recuperare-il-patrimonio-immobiliare-in-disuso-in-valbelluna\/\" \/>\n<meta property=\"og:site_name\" content=\"Bellunopress - Dolomiti\" \/>\n<meta property=\"article:publisher\" content=\"https:\/\/www.facebook.com\/profile.php?id=100008943462799\" \/>\n<meta property=\"article:published_time\" content=\"2023-11-03T15:15:07+00:00\" \/>\n<meta property=\"og:image\" content=\"https:\/\/www.bellunopress.it\/wp-content\/uploads\/2023\/11\/Primavera-casa.jpg\" \/>\n\t<meta property=\"og:image:width\" content=\"728\" \/>\n\t<meta property=\"og:image:height\" content=\"306\" \/>\n\t<meta property=\"og:image:type\" content=\"image\/jpeg\" \/>\n<meta name=\"author\" content=\"redazione\" \/>\n<meta name=\"twitter:card\" content=\"summary_large_image\" \/>\n<meta name=\"twitter:creator\" content=\"@bellunopress\" \/>\n<meta name=\"twitter:site\" content=\"@bellunopress\" \/>\n<meta name=\"twitter:label1\" content=\"\u00c9crit par\" \/>\n\t<meta name=\"twitter:data1\" content=\"redazione\" \/>\n\t<meta name=\"twitter:label2\" content=\"Dur\u00e9e de lecture estim\u00e9e\" \/>\n\t<meta name=\"twitter:data2\" content=\"8 minutes\" \/>\n<script type=\"application\/ld+json\" class=\"yoast-schema-graph\">{\"@context\":\"https:\\\/\\\/schema.org\",\"@graph\":[{\"@type\":\"Article\",\"@id\":\"https:\\\/\\\/www.bellunopress.it\\\/2023\\\/11\\\/03\\\/progetto-primavera-casa-5-incontri-per-recuperare-il-patrimonio-immobiliare-in-disuso-in-valbelluna\\\/#article\",\"isPartOf\":{\"@id\":\"https:\\\/\\\/www.bellunopress.it\\\/2023\\\/11\\\/03\\\/progetto-primavera-casa-5-incontri-per-recuperare-il-patrimonio-immobiliare-in-disuso-in-valbelluna\\\/\"},\"author\":{\"name\":\"redazione\",\"@id\":\"https:\\\/\\\/www.bellunopress.it\\\/#\\\/schema\\\/person\\\/79bb06722b37ece1c03d3e94beb30d73\"},\"headline\":\"Progetto &#8220;Primavera casa&#8221;. 5 incontri per recuperare il patrimonio immobiliare in disuso in Valbelluna\",\"datePublished\":\"2023-11-03T15:15:07+00:00\",\"mainEntityOfPage\":{\"@id\":\"https:\\\/\\\/www.bellunopress.it\\\/2023\\\/11\\\/03\\\/progetto-primavera-casa-5-incontri-per-recuperare-il-patrimonio-immobiliare-in-disuso-in-valbelluna\\\/\"},\"wordCount\":1549,\"publisher\":{\"@id\":\"https:\\\/\\\/www.bellunopress.it\\\/#organization\"},\"image\":{\"@id\":\"https:\\\/\\\/www.bellunopress.it\\\/2023\\\/11\\\/03\\\/progetto-primavera-casa-5-incontri-per-recuperare-il-patrimonio-immobiliare-in-disuso-in-valbelluna\\\/#primaryimage\"},\"thumbnailUrl\":\"https:\\\/\\\/www.bellunopress.it\\\/wp-content\\\/uploads\\\/2023\\\/11\\\/Primavera-casa.jpg\",\"articleSection\":[\"Lavoro, Economia, Turismo\",\"Prima Pagina\"],\"inLanguage\":\"fr-FR\"},{\"@type\":\"WebPage\",\"@id\":\"https:\\\/\\\/www.bellunopress.it\\\/2023\\\/11\\\/03\\\/progetto-primavera-casa-5-incontri-per-recuperare-il-patrimonio-immobiliare-in-disuso-in-valbelluna\\\/\",\"url\":\"https:\\\/\\\/www.bellunopress.it\\\/2023\\\/11\\\/03\\\/progetto-primavera-casa-5-incontri-per-recuperare-il-patrimonio-immobiliare-in-disuso-in-valbelluna\\\/\",\"name\":\"Progetto \\\"Primavera casa\\\". 5 incontri per recuperare il patrimonio immobiliare in disuso in Valbelluna - Bellunopress - Dolomiti\",\"isPartOf\":{\"@id\":\"https:\\\/\\\/www.bellunopress.it\\\/#website\"},\"primaryImageOfPage\":{\"@id\":\"https:\\\/\\\/www.bellunopress.it\\\/2023\\\/11\\\/03\\\/progetto-primavera-casa-5-incontri-per-recuperare-il-patrimonio-immobiliare-in-disuso-in-valbelluna\\\/#primaryimage\"},\"image\":{\"@id\":\"https:\\\/\\\/www.bellunopress.it\\\/2023\\\/11\\\/03\\\/progetto-primavera-casa-5-incontri-per-recuperare-il-patrimonio-immobiliare-in-disuso-in-valbelluna\\\/#primaryimage\"},\"thumbnailUrl\":\"https:\\\/\\\/www.bellunopress.it\\\/wp-content\\\/uploads\\\/2023\\\/11\\\/Primavera-casa.jpg\",\"datePublished\":\"2023-11-03T15:15:07+00:00\",\"breadcrumb\":{\"@id\":\"https:\\\/\\\/www.bellunopress.it\\\/2023\\\/11\\\/03\\\/progetto-primavera-casa-5-incontri-per-recuperare-il-patrimonio-immobiliare-in-disuso-in-valbelluna\\\/#breadcrumb\"},\"inLanguage\":\"fr-FR\",\"potentialAction\":[{\"@type\":\"ReadAction\",\"target\":[\"https:\\\/\\\/www.bellunopress.it\\\/2023\\\/11\\\/03\\\/progetto-primavera-casa-5-incontri-per-recuperare-il-patrimonio-immobiliare-in-disuso-in-valbelluna\\\/\"]}]},{\"@type\":\"ImageObject\",\"inLanguage\":\"fr-FR\",\"@id\":\"https:\\\/\\\/www.bellunopress.it\\\/2023\\\/11\\\/03\\\/progetto-primavera-casa-5-incontri-per-recuperare-il-patrimonio-immobiliare-in-disuso-in-valbelluna\\\/#primaryimage\",\"url\":\"https:\\\/\\\/www.bellunopress.it\\\/wp-content\\\/uploads\\\/2023\\\/11\\\/Primavera-casa.jpg\",\"contentUrl\":\"https:\\\/\\\/www.bellunopress.it\\\/wp-content\\\/uploads\\\/2023\\\/11\\\/Primavera-casa.jpg\",\"width\":728,\"height\":306},{\"@type\":\"BreadcrumbList\",\"@id\":\"https:\\\/\\\/www.bellunopress.it\\\/2023\\\/11\\\/03\\\/progetto-primavera-casa-5-incontri-per-recuperare-il-patrimonio-immobiliare-in-disuso-in-valbelluna\\\/#breadcrumb\",\"itemListElement\":[{\"@type\":\"ListItem\",\"position\":1,\"name\":\"Home\",\"item\":\"https:\\\/\\\/www.bellunopress.it\\\/\"},{\"@type\":\"ListItem\",\"position\":2,\"name\":\"Progetto &#8220;Primavera casa&#8221;. 5 incontri per recuperare il patrimonio immobiliare in disuso in Valbelluna\"}]},{\"@type\":\"WebSite\",\"@id\":\"https:\\\/\\\/www.bellunopress.it\\\/#website\",\"url\":\"https:\\\/\\\/www.bellunopress.it\\\/\",\"name\":\"Bellunopress - Dolomiti\",\"description\":\"e-mail: redazione@bellunopress.it\",\"publisher\":{\"@id\":\"https:\\\/\\\/www.bellunopress.it\\\/#organization\"},\"potentialAction\":[{\"@type\":\"SearchAction\",\"target\":{\"@type\":\"EntryPoint\",\"urlTemplate\":\"https:\\\/\\\/www.bellunopress.it\\\/?s={search_term_string}\"},\"query-input\":{\"@type\":\"PropertyValueSpecification\",\"valueRequired\":true,\"valueName\":\"search_term_string\"}}],\"inLanguage\":\"fr-FR\"},{\"@type\":\"Organization\",\"@id\":\"https:\\\/\\\/www.bellunopress.it\\\/#organization\",\"name\":\"Bellunopress\",\"url\":\"https:\\\/\\\/www.bellunopress.it\\\/\",\"logo\":{\"@type\":\"ImageObject\",\"inLanguage\":\"fr-FR\",\"@id\":\"https:\\\/\\\/www.bellunopress.it\\\/#\\\/schema\\\/logo\\\/image\\\/\",\"url\":\"https:\\\/\\\/www.bellunopress.it\\\/wp-content\\\/uploads\\\/2011\\\/05\\\/cropped-logo-bellunopress-.jpg\",\"contentUrl\":\"https:\\\/\\\/www.bellunopress.it\\\/wp-content\\\/uploads\\\/2011\\\/05\\\/cropped-logo-bellunopress-.jpg\",\"width\":512,\"height\":512,\"caption\":\"Bellunopress\"},\"image\":{\"@id\":\"https:\\\/\\\/www.bellunopress.it\\\/#\\\/schema\\\/logo\\\/image\\\/\"},\"sameAs\":[\"https:\\\/\\\/www.facebook.com\\\/profile.php?id=100008943462799\",\"https:\\\/\\\/x.com\\\/bellunopress\",\"https:\\\/\\\/www.linkedin.com\\\/hp\\\/?dnr=JBzUWaJfMUw8vbXJJ2tVW5-I3jZKvC4wsoxE&amp;amp;amp;amp;amp;amp;trk=nav_responsive_tab_home\",\"https:\\\/\\\/www.youtube.com\\\/channel\\\/UCxL0wu1uN0_3_7hGG0306cw\"]},{\"@type\":\"Person\",\"@id\":\"https:\\\/\\\/www.bellunopress.it\\\/#\\\/schema\\\/person\\\/79bb06722b37ece1c03d3e94beb30d73\",\"name\":\"redazione\",\"image\":{\"@type\":\"ImageObject\",\"inLanguage\":\"fr-FR\",\"@id\":\"https:\\\/\\\/secure.gravatar.com\\\/avatar\\\/37d968a2e67a6fd04c169c4bdef102d0bc5d31b2546345219e348575eb80e9a0?s=96&d=mm&r=g\",\"url\":\"https:\\\/\\\/secure.gravatar.com\\\/avatar\\\/37d968a2e67a6fd04c169c4bdef102d0bc5d31b2546345219e348575eb80e9a0?s=96&d=mm&r=g\",\"contentUrl\":\"https:\\\/\\\/secure.gravatar.com\\\/avatar\\\/37d968a2e67a6fd04c169c4bdef102d0bc5d31b2546345219e348575eb80e9a0?s=96&d=mm&r=g\",\"caption\":\"redazione\"},\"sameAs\":[\"http:\\\/\\\/www.bellunopress.it\",\"https:\\\/\\\/x.com\\\/bellunopress\"],\"url\":\"https:\\\/\\\/www.bellunopress.it\\\/fr\\\/author\\\/redazione\\\/\"}]}<\/script>\n<!-- \/ Yoast SEO plugin. -->","yoast_head_json":{"title":"Progetto \"Primavera casa\". 5 incontri per recuperare il patrimonio immobiliare in disuso in Valbelluna - Bellunopress - Dolomiti","robots":{"index":"index","follow":"follow","max-snippet":"max-snippet:-1","max-image-preview":"max-image-preview:large","max-video-preview":"max-video-preview:-1"},"canonical":"https:\/\/www.bellunopress.it\/fr\/2023\/11\/03\/progetto-primavera-casa-5-incontri-per-recuperare-il-patrimonio-immobiliare-in-disuso-in-valbelluna\/","og_locale":"fr_FR","og_type":"article","og_title":"Progetto \"Primavera casa\". 5 incontri per recuperare il patrimonio immobiliare in disuso in Valbelluna - Bellunopress - Dolomiti","og_description":"Cinque nuovi incontri pubblici per presentare il progetto di valorizzazione abitativa e turistica del patrimonio immobiliare in disuso della Valbelluna. Lo propone Primavera Casa, al suo secondo anno di sperimentazione. Queste le date e le sedi degli incontri: Gioved\u00ec 9 novembre, h 20.30, LENTIAI, SOMS (Societ\u00e0 Operaia Mutuo Soccorso), via Mentana 1 Venerd\u00ec 10 novembre, [&hellip;]","og_url":"https:\/\/www.bellunopress.it\/fr\/2023\/11\/03\/progetto-primavera-casa-5-incontri-per-recuperare-il-patrimonio-immobiliare-in-disuso-in-valbelluna\/","og_site_name":"Bellunopress - Dolomiti","article_publisher":"https:\/\/www.facebook.com\/profile.php?id=100008943462799","article_published_time":"2023-11-03T15:15:07+00:00","og_image":[{"width":728,"height":306,"url":"https:\/\/www.bellunopress.it\/wp-content\/uploads\/2023\/11\/Primavera-casa.jpg","type":"image\/jpeg"}],"author":"redazione","twitter_card":"summary_large_image","twitter_creator":"@bellunopress","twitter_site":"@bellunopress","twitter_misc":{"\u00c9crit par":"redazione","Dur\u00e9e de lecture estim\u00e9e":"8 minutes"},"schema":{"@context":"https:\/\/schema.org","@graph":[{"@type":"Article","@id":"https:\/\/www.bellunopress.it\/2023\/11\/03\/progetto-primavera-casa-5-incontri-per-recuperare-il-patrimonio-immobiliare-in-disuso-in-valbelluna\/#article","isPartOf":{"@id":"https:\/\/www.bellunopress.it\/2023\/11\/03\/progetto-primavera-casa-5-incontri-per-recuperare-il-patrimonio-immobiliare-in-disuso-in-valbelluna\/"},"author":{"name":"redazione","@id":"https:\/\/www.bellunopress.it\/#\/schema\/person\/79bb06722b37ece1c03d3e94beb30d73"},"headline":"Progetto &#8220;Primavera casa&#8221;. 5 incontri per recuperare il patrimonio immobiliare in disuso in Valbelluna","datePublished":"2023-11-03T15:15:07+00:00","mainEntityOfPage":{"@id":"https:\/\/www.bellunopress.it\/2023\/11\/03\/progetto-primavera-casa-5-incontri-per-recuperare-il-patrimonio-immobiliare-in-disuso-in-valbelluna\/"},"wordCount":1549,"publisher":{"@id":"https:\/\/www.bellunopress.it\/#organization"},"image":{"@id":"https:\/\/www.bellunopress.it\/2023\/11\/03\/progetto-primavera-casa-5-incontri-per-recuperare-il-patrimonio-immobiliare-in-disuso-in-valbelluna\/#primaryimage"},"thumbnailUrl":"https:\/\/www.bellunopress.it\/wp-content\/uploads\/2023\/11\/Primavera-casa.jpg","articleSection":["Lavoro, Economia, Turismo","Prima Pagina"],"inLanguage":"fr-FR"},{"@type":"WebPage","@id":"https:\/\/www.bellunopress.it\/2023\/11\/03\/progetto-primavera-casa-5-incontri-per-recuperare-il-patrimonio-immobiliare-in-disuso-in-valbelluna\/","url":"https:\/\/www.bellunopress.it\/2023\/11\/03\/progetto-primavera-casa-5-incontri-per-recuperare-il-patrimonio-immobiliare-in-disuso-in-valbelluna\/","name":"Progetto \"Primavera casa\". 5 incontri per recuperare il patrimonio immobiliare in disuso in Valbelluna - Bellunopress - Dolomiti","isPartOf":{"@id":"https:\/\/www.bellunopress.it\/#website"},"primaryImageOfPage":{"@id":"https:\/\/www.bellunopress.it\/2023\/11\/03\/progetto-primavera-casa-5-incontri-per-recuperare-il-patrimonio-immobiliare-in-disuso-in-valbelluna\/#primaryimage"},"image":{"@id":"https:\/\/www.bellunopress.it\/2023\/11\/03\/progetto-primavera-casa-5-incontri-per-recuperare-il-patrimonio-immobiliare-in-disuso-in-valbelluna\/#primaryimage"},"thumbnailUrl":"https:\/\/www.bellunopress.it\/wp-content\/uploads\/2023\/11\/Primavera-casa.jpg","datePublished":"2023-11-03T15:15:07+00:00","breadcrumb":{"@id":"https:\/\/www.bellunopress.it\/2023\/11\/03\/progetto-primavera-casa-5-incontri-per-recuperare-il-patrimonio-immobiliare-in-disuso-in-valbelluna\/#breadcrumb"},"inLanguage":"fr-FR","potentialAction":[{"@type":"ReadAction","target":["https:\/\/www.bellunopress.it\/2023\/11\/03\/progetto-primavera-casa-5-incontri-per-recuperare-il-patrimonio-immobiliare-in-disuso-in-valbelluna\/"]}]},{"@type":"ImageObject","inLanguage":"fr-FR","@id":"https:\/\/www.bellunopress.it\/2023\/11\/03\/progetto-primavera-casa-5-incontri-per-recuperare-il-patrimonio-immobiliare-in-disuso-in-valbelluna\/#primaryimage","url":"https:\/\/www.bellunopress.it\/wp-content\/uploads\/2023\/11\/Primavera-casa.jpg","contentUrl":"https:\/\/www.bellunopress.it\/wp-content\/uploads\/2023\/11\/Primavera-casa.jpg","width":728,"height":306},{"@type":"BreadcrumbList","@id":"https:\/\/www.bellunopress.it\/2023\/11\/03\/progetto-primavera-casa-5-incontri-per-recuperare-il-patrimonio-immobiliare-in-disuso-in-valbelluna\/#breadcrumb","itemListElement":[{"@type":"ListItem","position":1,"name":"Home","item":"https:\/\/www.bellunopress.it\/"},{"@type":"ListItem","position":2,"name":"Progetto &#8220;Primavera casa&#8221;. 5 incontri per recuperare il patrimonio immobiliare in disuso in Valbelluna"}]},{"@type":"WebSite","@id":"https:\/\/www.bellunopress.it\/#website","url":"https:\/\/www.bellunopress.it\/","name":"Bellunopress - Dolomiti","description":"e-mail: redazione@bellunopress.it","publisher":{"@id":"https:\/\/www.bellunopress.it\/#organization"},"potentialAction":[{"@type":"SearchAction","target":{"@type":"EntryPoint","urlTemplate":"https:\/\/www.bellunopress.it\/?s={search_term_string}"},"query-input":{"@type":"PropertyValueSpecification","valueRequired":true,"valueName":"search_term_string"}}],"inLanguage":"fr-FR"},{"@type":"Organization","@id":"https:\/\/www.bellunopress.it\/#organization","name":"Bellunopress","url":"https:\/\/www.bellunopress.it\/","logo":{"@type":"ImageObject","inLanguage":"fr-FR","@id":"https:\/\/www.bellunopress.it\/#\/schema\/logo\/image\/","url":"https:\/\/www.bellunopress.it\/wp-content\/uploads\/2011\/05\/cropped-logo-bellunopress-.jpg","contentUrl":"https:\/\/www.bellunopress.it\/wp-content\/uploads\/2011\/05\/cropped-logo-bellunopress-.jpg","width":512,"height":512,"caption":"Bellunopress"},"image":{"@id":"https:\/\/www.bellunopress.it\/#\/schema\/logo\/image\/"},"sameAs":["https:\/\/www.facebook.com\/profile.php?id=100008943462799","https:\/\/x.com\/bellunopress","https:\/\/www.linkedin.com\/hp\/?dnr=JBzUWaJfMUw8vbXJJ2tVW5-I3jZKvC4wsoxE&amp;amp;amp;amp;amp;amp;trk=nav_responsive_tab_home","https:\/\/www.youtube.com\/channel\/UCxL0wu1uN0_3_7hGG0306cw"]},{"@type":"Person","@id":"https:\/\/www.bellunopress.it\/#\/schema\/person\/79bb06722b37ece1c03d3e94beb30d73","name":"r\u00e9daction","image":{"@type":"ImageObject","inLanguage":"fr-FR","@id":"https:\/\/secure.gravatar.com\/avatar\/37d968a2e67a6fd04c169c4bdef102d0bc5d31b2546345219e348575eb80e9a0?s=96&d=mm&r=g","url":"https:\/\/secure.gravatar.com\/avatar\/37d968a2e67a6fd04c169c4bdef102d0bc5d31b2546345219e348575eb80e9a0?s=96&d=mm&r=g","contentUrl":"https:\/\/secure.gravatar.com\/avatar\/37d968a2e67a6fd04c169c4bdef102d0bc5d31b2546345219e348575eb80e9a0?s=96&d=mm&r=g","caption":"redazione"},"sameAs":["http:\/\/www.bellunopress.it","https:\/\/x.com\/bellunopress"],"url":"https:\/\/www.bellunopress.it\/fr\/author\/redazione\/"}]}},"_links":{"self":[{"href":"https:\/\/www.bellunopress.it\/fr\/wp-json\/wp\/v2\/posts\/145603","targetHints":{"allow":["GET"]}}],"collection":[{"href":"https:\/\/www.bellunopress.it\/fr\/wp-json\/wp\/v2\/posts"}],"about":[{"href":"https:\/\/www.bellunopress.it\/fr\/wp-json\/wp\/v2\/types\/post"}],"author":[{"embeddable":true,"href":"https:\/\/www.bellunopress.it\/fr\/wp-json\/wp\/v2\/users\/2"}],"replies":[{"embeddable":true,"href":"https:\/\/www.bellunopress.it\/fr\/wp-json\/wp\/v2\/comments?post=145603"}],"version-history":[{"count":1,"href":"https:\/\/www.bellunopress.it\/fr\/wp-json\/wp\/v2\/posts\/145603\/revisions"}],"predecessor-version":[{"id":145605,"href":"https:\/\/www.bellunopress.it\/fr\/wp-json\/wp\/v2\/posts\/145603\/revisions\/145605"}],"wp:featuredmedia":[{"embeddable":true,"href":"https:\/\/www.bellunopress.it\/fr\/wp-json\/wp\/v2\/media\/145604"}],"wp:attachment":[{"href":"https:\/\/www.bellunopress.it\/fr\/wp-json\/wp\/v2\/media?parent=145603"}],"wp:term":[{"taxonomy":"category","embeddable":true,"href":"https:\/\/www.bellunopress.it\/fr\/wp-json\/wp\/v2\/categories?post=145603"},{"taxonomy":"post_tag","embeddable":true,"href":"https:\/\/www.bellunopress.it\/fr\/wp-json\/wp\/v2\/tags?post=145603"}],"curies":[{"name":"wp","href":"https:\/\/api.w.org\/{rel}","templated":true}]}}