{"id":145601,"date":"2023-11-03T16:00:41","date_gmt":"2023-11-03T15:00:41","guid":{"rendered":"https:\/\/www.bellunopress.it\/?p=145601"},"modified":"2023-11-03T16:00:41","modified_gmt":"2023-11-03T15:00:41","slug":"emergenza-meteo-30-ottobre-3-novembre-sindaco-de-pellegrin-grande-dispiego-di-forze-e-andato-tutto-bene","status":"publish","type":"post","link":"https:\/\/www.bellunopress.it\/fr\/2023\/11\/03\/emergenza-meteo-30-ottobre-3-novembre-sindaco-de-pellegrin-grande-dispiego-di-forze-e-andato-tutto-bene\/","title":{"rendered":"Emergenza meteo 30 ottobre 3 novembre. Sindaco De Pellegrin: &#8220;Grande dispiego di forze, \u00e8 andato tutto bene&#8221;"},"content":{"rendered":"<figure id=\"attachment_135245\" aria-describedby=\"caption-attachment-135245\" style=\"width: 803px\" class=\"wp-caption alignleft\"><img loading=\"lazy\" decoding=\"async\" class=\"size-full wp-image-135245\" src=\"https:\/\/www.bellunopress.it\/wp-content\/uploads\/2022\/07\/Oscar-De-Pellegrin-sindaco-di-Belluno_edited.jpg\" alt=\"\" width=\"803\" height=\"1000\" srcset=\"https:\/\/www.bellunopress.it\/wp-content\/uploads\/2022\/07\/Oscar-De-Pellegrin-sindaco-di-Belluno_edited.jpg 803w, https:\/\/www.bellunopress.it\/wp-content\/uploads\/2022\/07\/Oscar-De-Pellegrin-sindaco-di-Belluno_edited-402x500.jpg 402w, https:\/\/www.bellunopress.it\/wp-content\/uploads\/2022\/07\/Oscar-De-Pellegrin-sindaco-di-Belluno_edited-696x867.jpg 696w, https:\/\/www.bellunopress.it\/wp-content\/uploads\/2022\/07\/Oscar-De-Pellegrin-sindaco-di-Belluno_edited-337x420.jpg 337w\" sizes=\"auto, (max-width: 803px) 100vw, 803px\" \/><figcaption id=\"caption-attachment-135245\" class=\"wp-caption-text\">Oscar De Pellegrin, sindaco di Belluno<\/figcaption><\/figure>\n<p>\u201cL\u2019emergenza \u00e8 stata superata e non abbiamo avuto grossi danni, ringrazio l\u2019assessore alla Protezione Civile Lorenza De Kunovich, la polizia locale, il gruppo comunale di Protezione Civile e l\u2019ANA per l\u2019enorme impegno h24 profuso tra il 30 ottobre e il 3 novembre. Il dispiegamento di forze in campo \u00e8 stato importante, in 4 giorni sono stati macinati chilometri e chilometri, il territorio \u00e8 stato passato al setaccio e nessun\u2019area di rischio \u00e8 stata tralasciata, con il risultato che siamo riusciti ad intervenire in maniera tempestiva liberando subito le strade dov\u2019erano caduti alberi e dove i tombini si erano intasati. Resta una criticit\u00e0 a Medil, l\u2019intervento l\u00ec \u00e8 pi\u00f9 importante e verr\u00e0 programmato nei prossimi giorni\u201d.<\/p>\n<p>Cos\u00ec il sindaco di Belluno, Oscar De Pellegrin, a margine dell\u2019emergenza meteo che ha tenuto in stato di pre allerta tutta la provincia tra il 30 ottobre e il 3 novembre.<\/p>\n<p>Il Coc \u2013 Centro operativo comunale \u00e8 stato aperto una prima volta il 30 ottobre e una seconda il 2 novembre su disposizione dell\u2019Unit\u00e0 di crisi della Regione Veneto e in seguito all\u2019entrata del territorio in stato di pre allerta, codice rosso per rischio idrogeologico legato a frane, esondazioni e cedimenti stradali.<br \/>\nLe maggiori criticit\u00e0 si sono verificate tra il 30 e il 31 ottobre, quando \u00e8 stato necessario intervenire in via Miari per la pulizia delle caditoie, sul piazzale del Nevegal, in via Malvan, a Pian del Monte e alle Ronce per la rimozione di piante cadute sulla strada. Con un\u2019ordinanza, nella serata del 30, \u00e8 stato imposto il divieto di circolazione in via Calmada, nella strada vicinale della Val Medon, in via Medil lungo la strada delle Fosse in localit\u00e0 Pascoli e una seconda ordinanza \u00e8 stata emessa poco prima dell\u2019una nella notte tra il 2 e il 3 novembre, quando il monitoraggio del livello del fiume Piave ha evidenziato l\u2019innalzamento del livello idrometrico (in seguito al rilascio d\u2019acqua di una diga in Cadore) e i sensori di livello posizionati al ponte della Vittoria hanno segnalato il raggiungimento della soglia di pre allarme. E\u2019 stato cos\u00ec necessario, a livello precauzionale per evitare pericoli per la circolazione veicolare e pedonale, la completa chiusura al traffico del ponte, della zona demaniale \u201cLambioi beach\u201d in via dei Dendrofori e del campo da calcio di Borgo Piave, in via Montegrappa.<br \/>\nPonte e vie sono stati successivamente riaperti al traffico attorno alle 7 del 3 novembre, quando il livello dell\u2019acqua \u00e8 rientrato sotto la soglia di pre allerta.<br \/>\nPer tutta la notte gruppo comunale di PC, polizia locale e Ana hanno presidiato la zona, con particolare attenzione alle abitazioni pi\u00f9 vicine all\u2019alveo.<\/p>\n<p>Resta la criticit\u00e0 lungo la strada delle Fosse e in via Medil, dove la via che serve alcune abitazioni, un\u2019azienda agricola e il Cas che ospita 17 migranti \u00e8 franata in un punto e al momento vige il divieto, per motivi di sicurezza, del transito con i mezzi.<\/p>\n<p>\u201cRingrazio la Regione per aver convocato con tempestivit\u00e0 l\u2019Unit\u00e0 di crisi, presieduta dall\u2019Assessore Bottacin delegato da Zaia per questa ennesima emergenza \u2013 commenta l\u2019assessore alla PC De Kunovich -, ringrazio anche tutti gli uomini del gruppo comunale di PC, il comando di polizia locale e il gruppo Ana per il lavoro mirabile e l\u2019impegno. Il Coc \u00e8 stato aperto gi\u00e0 nella fase iniziale della perturbazione, questo ha permesso di organizzarsi con i giusti tempi e di essere immediatamente attivi quando dal territorio hanno iniziato ad arrivare le segnalazioni. Fortunatamente non si sono verificati grossi danni, tuttavia la macchina dell\u2019emergenza ha funzionato a pieno ritmo e non ha mai calato l\u2019attenzione\u201d.<\/p>\n<p>Sul territorio sono state dispiegate sei squadre di Protezione Civile, una ventina di uomini in tutto, ai quali si sono aggiunti gli agenti del Comando di polizia locale e il gruppo Ana.<\/p>","protected":false},"excerpt":{"rendered":"<p>\u201cL\u2019emergenza \u00e8 stata superata e non abbiamo avuto grossi danni, ringrazio l\u2019assessore alla Protezione Civile Lorenza De Kunovich, la polizia locale, il gruppo comunale di Protezione Civile e l\u2019ANA per l\u2019enorme impegno h24 profuso tra il 30 ottobre e il 3 novembre. Il dispiegamento di forze in campo \u00e8 stato importante, in 4 giorni sono [&hellip;]<\/p>\n","protected":false},"author":2,"featured_media":135245,"comment_status":"closed","ping_status":"open","sticky":false,"template":"","format":"standard","meta":{"footnotes":""},"categories":[5,26],"tags":[],"class_list":["post-145601","post","type-post","status-publish","format-standard","has-post-thumbnail","category-cronaca","category-prima-pagina"],"yoast_head":"<!-- This site is optimized with the Yoast SEO plugin v28.4 - https:\/\/yoast.com\/product\/yoast-seo-wordpress\/ -->\n<title>Emergenza meteo 30 ottobre 3 novembre. Sindaco De Pellegrin: &quot;Grande dispiego di forze, \u00e8 andato tutto bene&quot; - Bellunopress - Dolomiti<\/title>\n<meta name=\"robots\" content=\"index, follow, max-snippet:-1, max-image-preview:large, max-video-preview:-1\" \/>\n<link rel=\"canonical\" href=\"https:\/\/www.bellunopress.it\/fr\/2023\/11\/03\/emergenza-meteo-30-ottobre-3-novembre-sindaco-de-pellegrin-grande-dispiego-di-forze-e-andato-tutto-bene\/\" \/>\n<meta property=\"og:locale\" content=\"fr_FR\" \/>\n<meta property=\"og:type\" content=\"article\" \/>\n<meta property=\"og:title\" content=\"Emergenza meteo 30 ottobre 3 novembre. Sindaco De Pellegrin: &quot;Grande dispiego di forze, \u00e8 andato tutto bene&quot; - Bellunopress - Dolomiti\" \/>\n<meta property=\"og:description\" content=\"\u201cL\u2019emergenza \u00e8 stata superata e non abbiamo avuto grossi danni, ringrazio l\u2019assessore alla Protezione Civile Lorenza De Kunovich, la polizia locale, il gruppo comunale di Protezione Civile e l\u2019ANA per l\u2019enorme impegno h24 profuso tra il 30 ottobre e il 3 novembre. Il dispiegamento di forze in campo \u00e8 stato importante, in 4 giorni sono [&hellip;]\" \/>\n<meta property=\"og:url\" content=\"https:\/\/www.bellunopress.it\/fr\/2023\/11\/03\/emergenza-meteo-30-ottobre-3-novembre-sindaco-de-pellegrin-grande-dispiego-di-forze-e-andato-tutto-bene\/\" \/>\n<meta property=\"og:site_name\" content=\"Bellunopress - Dolomiti\" \/>\n<meta property=\"article:publisher\" content=\"https:\/\/www.facebook.com\/profile.php?id=100008943462799\" \/>\n<meta property=\"article:published_time\" content=\"2023-11-03T15:00:41+00:00\" \/>\n<meta property=\"og:image\" content=\"https:\/\/www.bellunopress.it\/wp-content\/uploads\/2022\/07\/Oscar-De-Pellegrin-sindaco-di-Belluno_edited.jpg\" \/>\n\t<meta property=\"og:image:width\" content=\"803\" \/>\n\t<meta property=\"og:image:height\" content=\"1000\" \/>\n\t<meta property=\"og:image:type\" content=\"image\/jpeg\" \/>\n<meta name=\"author\" content=\"redazione\" \/>\n<meta name=\"twitter:card\" content=\"summary_large_image\" \/>\n<meta name=\"twitter:creator\" content=\"@bellunopress\" \/>\n<meta name=\"twitter:site\" content=\"@bellunopress\" \/>\n<meta name=\"twitter:label1\" content=\"\u00c9crit par\" \/>\n\t<meta name=\"twitter:data1\" content=\"redazione\" \/>\n\t<meta name=\"twitter:label2\" content=\"Dur\u00e9e de lecture estim\u00e9e\" \/>\n\t<meta name=\"twitter:data2\" content=\"3 minutes\" \/>\n<script type=\"application\/ld+json\" class=\"yoast-schema-graph\">{\"@context\":\"https:\\\/\\\/schema.org\",\"@graph\":[{\"@type\":\"Article\",\"@id\":\"https:\\\/\\\/www.bellunopress.it\\\/2023\\\/11\\\/03\\\/emergenza-meteo-30-ottobre-3-novembre-sindaco-de-pellegrin-grande-dispiego-di-forze-e-andato-tutto-bene\\\/#article\",\"isPartOf\":{\"@id\":\"https:\\\/\\\/www.bellunopress.it\\\/2023\\\/11\\\/03\\\/emergenza-meteo-30-ottobre-3-novembre-sindaco-de-pellegrin-grande-dispiego-di-forze-e-andato-tutto-bene\\\/\"},\"author\":{\"name\":\"redazione\",\"@id\":\"https:\\\/\\\/www.bellunopress.it\\\/#\\\/schema\\\/person\\\/79bb06722b37ece1c03d3e94beb30d73\"},\"headline\":\"Emergenza meteo 30 ottobre 3 novembre. Sindaco De Pellegrin: &#8220;Grande dispiego di forze, \u00e8 andato tutto bene&#8221;\",\"datePublished\":\"2023-11-03T15:00:41+00:00\",\"mainEntityOfPage\":{\"@id\":\"https:\\\/\\\/www.bellunopress.it\\\/2023\\\/11\\\/03\\\/emergenza-meteo-30-ottobre-3-novembre-sindaco-de-pellegrin-grande-dispiego-di-forze-e-andato-tutto-bene\\\/\"},\"wordCount\":646,\"publisher\":{\"@id\":\"https:\\\/\\\/www.bellunopress.it\\\/#organization\"},\"image\":{\"@id\":\"https:\\\/\\\/www.bellunopress.it\\\/2023\\\/11\\\/03\\\/emergenza-meteo-30-ottobre-3-novembre-sindaco-de-pellegrin-grande-dispiego-di-forze-e-andato-tutto-bene\\\/#primaryimage\"},\"thumbnailUrl\":\"https:\\\/\\\/www.bellunopress.it\\\/wp-content\\\/uploads\\\/2022\\\/07\\\/Oscar-De-Pellegrin-sindaco-di-Belluno_edited.jpg\",\"articleSection\":[\"Cronaca\\\/Politica\",\"Prima Pagina\"],\"inLanguage\":\"fr-FR\"},{\"@type\":\"WebPage\",\"@id\":\"https:\\\/\\\/www.bellunopress.it\\\/2023\\\/11\\\/03\\\/emergenza-meteo-30-ottobre-3-novembre-sindaco-de-pellegrin-grande-dispiego-di-forze-e-andato-tutto-bene\\\/\",\"url\":\"https:\\\/\\\/www.bellunopress.it\\\/2023\\\/11\\\/03\\\/emergenza-meteo-30-ottobre-3-novembre-sindaco-de-pellegrin-grande-dispiego-di-forze-e-andato-tutto-bene\\\/\",\"name\":\"Emergenza meteo 30 ottobre 3 novembre. Sindaco De Pellegrin: \\\"Grande dispiego di forze, \u00e8 andato tutto bene\\\" - Bellunopress - Dolomiti\",\"isPartOf\":{\"@id\":\"https:\\\/\\\/www.bellunopress.it\\\/#website\"},\"primaryImageOfPage\":{\"@id\":\"https:\\\/\\\/www.bellunopress.it\\\/2023\\\/11\\\/03\\\/emergenza-meteo-30-ottobre-3-novembre-sindaco-de-pellegrin-grande-dispiego-di-forze-e-andato-tutto-bene\\\/#primaryimage\"},\"image\":{\"@id\":\"https:\\\/\\\/www.bellunopress.it\\\/2023\\\/11\\\/03\\\/emergenza-meteo-30-ottobre-3-novembre-sindaco-de-pellegrin-grande-dispiego-di-forze-e-andato-tutto-bene\\\/#primaryimage\"},\"thumbnailUrl\":\"https:\\\/\\\/www.bellunopress.it\\\/wp-content\\\/uploads\\\/2022\\\/07\\\/Oscar-De-Pellegrin-sindaco-di-Belluno_edited.jpg\",\"datePublished\":\"2023-11-03T15:00:41+00:00\",\"breadcrumb\":{\"@id\":\"https:\\\/\\\/www.bellunopress.it\\\/2023\\\/11\\\/03\\\/emergenza-meteo-30-ottobre-3-novembre-sindaco-de-pellegrin-grande-dispiego-di-forze-e-andato-tutto-bene\\\/#breadcrumb\"},\"inLanguage\":\"fr-FR\",\"potentialAction\":[{\"@type\":\"ReadAction\",\"target\":[\"https:\\\/\\\/www.bellunopress.it\\\/2023\\\/11\\\/03\\\/emergenza-meteo-30-ottobre-3-novembre-sindaco-de-pellegrin-grande-dispiego-di-forze-e-andato-tutto-bene\\\/\"]}]},{\"@type\":\"ImageObject\",\"inLanguage\":\"fr-FR\",\"@id\":\"https:\\\/\\\/www.bellunopress.it\\\/2023\\\/11\\\/03\\\/emergenza-meteo-30-ottobre-3-novembre-sindaco-de-pellegrin-grande-dispiego-di-forze-e-andato-tutto-bene\\\/#primaryimage\",\"url\":\"https:\\\/\\\/www.bellunopress.it\\\/wp-content\\\/uploads\\\/2022\\\/07\\\/Oscar-De-Pellegrin-sindaco-di-Belluno_edited.jpg\",\"contentUrl\":\"https:\\\/\\\/www.bellunopress.it\\\/wp-content\\\/uploads\\\/2022\\\/07\\\/Oscar-De-Pellegrin-sindaco-di-Belluno_edited.jpg\",\"width\":803,\"height\":1000,\"caption\":\"Oscar De Pellegrin, sindaco di Belluno\"},{\"@type\":\"BreadcrumbList\",\"@id\":\"https:\\\/\\\/www.bellunopress.it\\\/2023\\\/11\\\/03\\\/emergenza-meteo-30-ottobre-3-novembre-sindaco-de-pellegrin-grande-dispiego-di-forze-e-andato-tutto-bene\\\/#breadcrumb\",\"itemListElement\":[{\"@type\":\"ListItem\",\"position\":1,\"name\":\"Home\",\"item\":\"https:\\\/\\\/www.bellunopress.it\\\/\"},{\"@type\":\"ListItem\",\"position\":2,\"name\":\"Emergenza meteo 30 ottobre 3 novembre. Sindaco De Pellegrin: &#8220;Grande dispiego di forze, \u00e8 andato tutto bene&#8221;\"}]},{\"@type\":\"WebSite\",\"@id\":\"https:\\\/\\\/www.bellunopress.it\\\/#website\",\"url\":\"https:\\\/\\\/www.bellunopress.it\\\/\",\"name\":\"Bellunopress - Dolomiti\",\"description\":\"e-mail: redazione@bellunopress.it\",\"publisher\":{\"@id\":\"https:\\\/\\\/www.bellunopress.it\\\/#organization\"},\"potentialAction\":[{\"@type\":\"SearchAction\",\"target\":{\"@type\":\"EntryPoint\",\"urlTemplate\":\"https:\\\/\\\/www.bellunopress.it\\\/?s={search_term_string}\"},\"query-input\":{\"@type\":\"PropertyValueSpecification\",\"valueRequired\":true,\"valueName\":\"search_term_string\"}}],\"inLanguage\":\"fr-FR\"},{\"@type\":\"Organization\",\"@id\":\"https:\\\/\\\/www.bellunopress.it\\\/#organization\",\"name\":\"Bellunopress\",\"url\":\"https:\\\/\\\/www.bellunopress.it\\\/\",\"logo\":{\"@type\":\"ImageObject\",\"inLanguage\":\"fr-FR\",\"@id\":\"https:\\\/\\\/www.bellunopress.it\\\/#\\\/schema\\\/logo\\\/image\\\/\",\"url\":\"https:\\\/\\\/www.bellunopress.it\\\/wp-content\\\/uploads\\\/2011\\\/05\\\/cropped-logo-bellunopress-.jpg\",\"contentUrl\":\"https:\\\/\\\/www.bellunopress.it\\\/wp-content\\\/uploads\\\/2011\\\/05\\\/cropped-logo-bellunopress-.jpg\",\"width\":512,\"height\":512,\"caption\":\"Bellunopress\"},\"image\":{\"@id\":\"https:\\\/\\\/www.bellunopress.it\\\/#\\\/schema\\\/logo\\\/image\\\/\"},\"sameAs\":[\"https:\\\/\\\/www.facebook.com\\\/profile.php?id=100008943462799\",\"https:\\\/\\\/x.com\\\/bellunopress\",\"https:\\\/\\\/www.linkedin.com\\\/hp\\\/?dnr=JBzUWaJfMUw8vbXJJ2tVW5-I3jZKvC4wsoxE&amp;amp;amp;amp;amp;amp;trk=nav_responsive_tab_home\",\"https:\\\/\\\/www.youtube.com\\\/channel\\\/UCxL0wu1uN0_3_7hGG0306cw\"]},{\"@type\":\"Person\",\"@id\":\"https:\\\/\\\/www.bellunopress.it\\\/#\\\/schema\\\/person\\\/79bb06722b37ece1c03d3e94beb30d73\",\"name\":\"redazione\",\"image\":{\"@type\":\"ImageObject\",\"inLanguage\":\"fr-FR\",\"@id\":\"https:\\\/\\\/secure.gravatar.com\\\/avatar\\\/37d968a2e67a6fd04c169c4bdef102d0bc5d31b2546345219e348575eb80e9a0?s=96&d=mm&r=g\",\"url\":\"https:\\\/\\\/secure.gravatar.com\\\/avatar\\\/37d968a2e67a6fd04c169c4bdef102d0bc5d31b2546345219e348575eb80e9a0?s=96&d=mm&r=g\",\"contentUrl\":\"https:\\\/\\\/secure.gravatar.com\\\/avatar\\\/37d968a2e67a6fd04c169c4bdef102d0bc5d31b2546345219e348575eb80e9a0?s=96&d=mm&r=g\",\"caption\":\"redazione\"},\"sameAs\":[\"http:\\\/\\\/www.bellunopress.it\",\"https:\\\/\\\/x.com\\\/bellunopress\"],\"url\":\"https:\\\/\\\/www.bellunopress.it\\\/fr\\\/author\\\/redazione\\\/\"}]}<\/script>\n<!-- \/ Yoast SEO plugin. -->","yoast_head_json":{"title":"Emergenza meteo 30 ottobre 3 novembre. Sindaco De Pellegrin: \"Grande dispiego di forze, \u00e8 andato tutto bene\" - Bellunopress - Dolomiti","robots":{"index":"index","follow":"follow","max-snippet":"max-snippet:-1","max-image-preview":"max-image-preview:large","max-video-preview":"max-video-preview:-1"},"canonical":"https:\/\/www.bellunopress.it\/fr\/2023\/11\/03\/emergenza-meteo-30-ottobre-3-novembre-sindaco-de-pellegrin-grande-dispiego-di-forze-e-andato-tutto-bene\/","og_locale":"fr_FR","og_type":"article","og_title":"Emergenza meteo 30 ottobre 3 novembre. Sindaco De Pellegrin: \"Grande dispiego di forze, \u00e8 andato tutto bene\" - Bellunopress - Dolomiti","og_description":"\u201cL\u2019emergenza \u00e8 stata superata e non abbiamo avuto grossi danni, ringrazio l\u2019assessore alla Protezione Civile Lorenza De Kunovich, la polizia locale, il gruppo comunale di Protezione Civile e l\u2019ANA per l\u2019enorme impegno h24 profuso tra il 30 ottobre e il 3 novembre. Il dispiegamento di forze in campo \u00e8 stato importante, in 4 giorni sono [&hellip;]","og_url":"https:\/\/www.bellunopress.it\/fr\/2023\/11\/03\/emergenza-meteo-30-ottobre-3-novembre-sindaco-de-pellegrin-grande-dispiego-di-forze-e-andato-tutto-bene\/","og_site_name":"Bellunopress - Dolomiti","article_publisher":"https:\/\/www.facebook.com\/profile.php?id=100008943462799","article_published_time":"2023-11-03T15:00:41+00:00","og_image":[{"width":803,"height":1000,"url":"https:\/\/www.bellunopress.it\/wp-content\/uploads\/2022\/07\/Oscar-De-Pellegrin-sindaco-di-Belluno_edited.jpg","type":"image\/jpeg"}],"author":"redazione","twitter_card":"summary_large_image","twitter_creator":"@bellunopress","twitter_site":"@bellunopress","twitter_misc":{"\u00c9crit par":"redazione","Dur\u00e9e de lecture estim\u00e9e":"3 minutes"},"schema":{"@context":"https:\/\/schema.org","@graph":[{"@type":"Article","@id":"https:\/\/www.bellunopress.it\/2023\/11\/03\/emergenza-meteo-30-ottobre-3-novembre-sindaco-de-pellegrin-grande-dispiego-di-forze-e-andato-tutto-bene\/#article","isPartOf":{"@id":"https:\/\/www.bellunopress.it\/2023\/11\/03\/emergenza-meteo-30-ottobre-3-novembre-sindaco-de-pellegrin-grande-dispiego-di-forze-e-andato-tutto-bene\/"},"author":{"name":"redazione","@id":"https:\/\/www.bellunopress.it\/#\/schema\/person\/79bb06722b37ece1c03d3e94beb30d73"},"headline":"Emergenza meteo 30 ottobre 3 novembre. Sindaco De Pellegrin: &#8220;Grande dispiego di forze, \u00e8 andato tutto bene&#8221;","datePublished":"2023-11-03T15:00:41+00:00","mainEntityOfPage":{"@id":"https:\/\/www.bellunopress.it\/2023\/11\/03\/emergenza-meteo-30-ottobre-3-novembre-sindaco-de-pellegrin-grande-dispiego-di-forze-e-andato-tutto-bene\/"},"wordCount":646,"publisher":{"@id":"https:\/\/www.bellunopress.it\/#organization"},"image":{"@id":"https:\/\/www.bellunopress.it\/2023\/11\/03\/emergenza-meteo-30-ottobre-3-novembre-sindaco-de-pellegrin-grande-dispiego-di-forze-e-andato-tutto-bene\/#primaryimage"},"thumbnailUrl":"https:\/\/www.bellunopress.it\/wp-content\/uploads\/2022\/07\/Oscar-De-Pellegrin-sindaco-di-Belluno_edited.jpg","articleSection":["Cronaca\/Politica","Prima Pagina"],"inLanguage":"fr-FR"},{"@type":"WebPage","@id":"https:\/\/www.bellunopress.it\/2023\/11\/03\/emergenza-meteo-30-ottobre-3-novembre-sindaco-de-pellegrin-grande-dispiego-di-forze-e-andato-tutto-bene\/","url":"https:\/\/www.bellunopress.it\/2023\/11\/03\/emergenza-meteo-30-ottobre-3-novembre-sindaco-de-pellegrin-grande-dispiego-di-forze-e-andato-tutto-bene\/","name":"Emergenza meteo 30 ottobre 3 novembre. Sindaco De Pellegrin: \"Grande dispiego di forze, \u00e8 andato tutto bene\" - Bellunopress - Dolomiti","isPartOf":{"@id":"https:\/\/www.bellunopress.it\/#website"},"primaryImageOfPage":{"@id":"https:\/\/www.bellunopress.it\/2023\/11\/03\/emergenza-meteo-30-ottobre-3-novembre-sindaco-de-pellegrin-grande-dispiego-di-forze-e-andato-tutto-bene\/#primaryimage"},"image":{"@id":"https:\/\/www.bellunopress.it\/2023\/11\/03\/emergenza-meteo-30-ottobre-3-novembre-sindaco-de-pellegrin-grande-dispiego-di-forze-e-andato-tutto-bene\/#primaryimage"},"thumbnailUrl":"https:\/\/www.bellunopress.it\/wp-content\/uploads\/2022\/07\/Oscar-De-Pellegrin-sindaco-di-Belluno_edited.jpg","datePublished":"2023-11-03T15:00:41+00:00","breadcrumb":{"@id":"https:\/\/www.bellunopress.it\/2023\/11\/03\/emergenza-meteo-30-ottobre-3-novembre-sindaco-de-pellegrin-grande-dispiego-di-forze-e-andato-tutto-bene\/#breadcrumb"},"inLanguage":"fr-FR","potentialAction":[{"@type":"ReadAction","target":["https:\/\/www.bellunopress.it\/2023\/11\/03\/emergenza-meteo-30-ottobre-3-novembre-sindaco-de-pellegrin-grande-dispiego-di-forze-e-andato-tutto-bene\/"]}]},{"@type":"ImageObject","inLanguage":"fr-FR","@id":"https:\/\/www.bellunopress.it\/2023\/11\/03\/emergenza-meteo-30-ottobre-3-novembre-sindaco-de-pellegrin-grande-dispiego-di-forze-e-andato-tutto-bene\/#primaryimage","url":"https:\/\/www.bellunopress.it\/wp-content\/uploads\/2022\/07\/Oscar-De-Pellegrin-sindaco-di-Belluno_edited.jpg","contentUrl":"https:\/\/www.bellunopress.it\/wp-content\/uploads\/2022\/07\/Oscar-De-Pellegrin-sindaco-di-Belluno_edited.jpg","width":803,"height":1000,"caption":"Oscar De Pellegrin, sindaco di Belluno"},{"@type":"BreadcrumbList","@id":"https:\/\/www.bellunopress.it\/2023\/11\/03\/emergenza-meteo-30-ottobre-3-novembre-sindaco-de-pellegrin-grande-dispiego-di-forze-e-andato-tutto-bene\/#breadcrumb","itemListElement":[{"@type":"ListItem","position":1,"name":"Home","item":"https:\/\/www.bellunopress.it\/"},{"@type":"ListItem","position":2,"name":"Emergenza meteo 30 ottobre 3 novembre. Sindaco De Pellegrin: &#8220;Grande dispiego di forze, \u00e8 andato tutto bene&#8221;"}]},{"@type":"WebSite","@id":"https:\/\/www.bellunopress.it\/#website","url":"https:\/\/www.bellunopress.it\/","name":"Bellunopress - Dolomiti","description":"e-mail: redazione@bellunopress.it","publisher":{"@id":"https:\/\/www.bellunopress.it\/#organization"},"potentialAction":[{"@type":"SearchAction","target":{"@type":"EntryPoint","urlTemplate":"https:\/\/www.bellunopress.it\/?s={search_term_string}"},"query-input":{"@type":"PropertyValueSpecification","valueRequired":true,"valueName":"search_term_string"}}],"inLanguage":"fr-FR"},{"@type":"Organization","@id":"https:\/\/www.bellunopress.it\/#organization","name":"Bellunopress","url":"https:\/\/www.bellunopress.it\/","logo":{"@type":"ImageObject","inLanguage":"fr-FR","@id":"https:\/\/www.bellunopress.it\/#\/schema\/logo\/image\/","url":"https:\/\/www.bellunopress.it\/wp-content\/uploads\/2011\/05\/cropped-logo-bellunopress-.jpg","contentUrl":"https:\/\/www.bellunopress.it\/wp-content\/uploads\/2011\/05\/cropped-logo-bellunopress-.jpg","width":512,"height":512,"caption":"Bellunopress"},"image":{"@id":"https:\/\/www.bellunopress.it\/#\/schema\/logo\/image\/"},"sameAs":["https:\/\/www.facebook.com\/profile.php?id=100008943462799","https:\/\/x.com\/bellunopress","https:\/\/www.linkedin.com\/hp\/?dnr=JBzUWaJfMUw8vbXJJ2tVW5-I3jZKvC4wsoxE&amp;amp;amp;amp;amp;amp;trk=nav_responsive_tab_home","https:\/\/www.youtube.com\/channel\/UCxL0wu1uN0_3_7hGG0306cw"]},{"@type":"Person","@id":"https:\/\/www.bellunopress.it\/#\/schema\/person\/79bb06722b37ece1c03d3e94beb30d73","name":"r\u00e9daction","image":{"@type":"ImageObject","inLanguage":"fr-FR","@id":"https:\/\/secure.gravatar.com\/avatar\/37d968a2e67a6fd04c169c4bdef102d0bc5d31b2546345219e348575eb80e9a0?s=96&d=mm&r=g","url":"https:\/\/secure.gravatar.com\/avatar\/37d968a2e67a6fd04c169c4bdef102d0bc5d31b2546345219e348575eb80e9a0?s=96&d=mm&r=g","contentUrl":"https:\/\/secure.gravatar.com\/avatar\/37d968a2e67a6fd04c169c4bdef102d0bc5d31b2546345219e348575eb80e9a0?s=96&d=mm&r=g","caption":"redazione"},"sameAs":["http:\/\/www.bellunopress.it","https:\/\/x.com\/bellunopress"],"url":"https:\/\/www.bellunopress.it\/fr\/author\/redazione\/"}]}},"_links":{"self":[{"href":"https:\/\/www.bellunopress.it\/fr\/wp-json\/wp\/v2\/posts\/145601","targetHints":{"allow":["GET"]}}],"collection":[{"href":"https:\/\/www.bellunopress.it\/fr\/wp-json\/wp\/v2\/posts"}],"about":[{"href":"https:\/\/www.bellunopress.it\/fr\/wp-json\/wp\/v2\/types\/post"}],"author":[{"embeddable":true,"href":"https:\/\/www.bellunopress.it\/fr\/wp-json\/wp\/v2\/users\/2"}],"replies":[{"embeddable":true,"href":"https:\/\/www.bellunopress.it\/fr\/wp-json\/wp\/v2\/comments?post=145601"}],"version-history":[{"count":1,"href":"https:\/\/www.bellunopress.it\/fr\/wp-json\/wp\/v2\/posts\/145601\/revisions"}],"predecessor-version":[{"id":145602,"href":"https:\/\/www.bellunopress.it\/fr\/wp-json\/wp\/v2\/posts\/145601\/revisions\/145602"}],"wp:featuredmedia":[{"embeddable":true,"href":"https:\/\/www.bellunopress.it\/fr\/wp-json\/wp\/v2\/media\/135245"}],"wp:attachment":[{"href":"https:\/\/www.bellunopress.it\/fr\/wp-json\/wp\/v2\/media?parent=145601"}],"wp:term":[{"taxonomy":"category","embeddable":true,"href":"https:\/\/www.bellunopress.it\/fr\/wp-json\/wp\/v2\/categories?post=145601"},{"taxonomy":"post_tag","embeddable":true,"href":"https:\/\/www.bellunopress.it\/fr\/wp-json\/wp\/v2\/tags?post=145601"}],"curies":[{"name":"wp","href":"https:\/\/api.w.org\/{rel}","templated":true}]}}