{"id":145581,"date":"2023-11-03T12:08:35","date_gmt":"2023-11-03T11:08:35","guid":{"rendered":"https:\/\/www.bellunopress.it\/?p=145581"},"modified":"2023-11-03T07:13:53","modified_gmt":"2023-11-03T06:13:53","slug":"rassegna-corale-sabato-sera-a-sedico","status":"publish","type":"post","link":"https:\/\/www.bellunopress.it\/fr\/2023\/11\/03\/rassegna-corale-sabato-sera-a-sedico\/","title":{"rendered":"Rassegna corale sabato sera a Sedico"},"content":{"rendered":"<p><img loading=\"lazy\" decoding=\"async\" class=\"alignleft size-full wp-image-62374\" src=\"https:\/\/www.bellunopress.it\/wp-content\/uploads\/2014\/09\/musica.jpg\" alt=\"\" width=\"169\" height=\"170\" srcset=\"https:\/\/www.bellunopress.it\/wp-content\/uploads\/2014\/09\/musica.jpg 169w, https:\/\/www.bellunopress.it\/wp-content\/uploads\/2014\/09\/musica-150x150.jpg 150w, https:\/\/www.bellunopress.it\/wp-content\/uploads\/2014\/09\/musica-144x144.jpg 144w\" sizes=\"auto, (max-width: 169px) 100vw, 169px\" \/>\u201cDolomiti in coro\u201d, la rassegna corale biennale della Consulta di Belluno<br \/>\ndell\u2019Associazione per lo sviluppo delle attivit\u00e0 corali del Veneto (A.S.A.C.), approda<br \/>\nquest\u2019anno anche a Sedico con il patrocinio di Comune, Provincia, Reteventi e Regione<br \/>\ndel Veneto ed il sostegno della Cassa di Fassa, Primiero e Belluno.<\/p>\n<p>L\u2019appuntamento \u00e8 fissato per sabato 4 novembre alle 20.30 nella chiesa arcipretale di<br \/>\nSanta Maria Annunziata di Sedico (g.c.) e vedr\u00e0 la partecipazione di tre complessi<br \/>\ndell\u2019area provinciale con la collaborazione organizzativa e logistica del Gruppo corale<br \/>\nsedicense \u201cVoci in valle\u201d.<br \/>\nSar\u00e0 proprio il coro locale a voci miste, diretto da Bruno Cargnel e Marisa Santomaso,<br \/>\nad aprire la serata con brani di Riz Ortolani, Marco Maiero, Paddy Moloney, U2-Bob<br \/>\nChilcott e Giorgio Susana.<\/p>\n<p>Seguir\u00e0 la formazione a voci miste composta dal Coro \u201cStelle Alpine\u201d di Tisoi e dal<br \/>\nCoro Antole, diretta da Simone Da Gioz, che eseguir\u00e0 canti di Bepi De Marzi, Roberto<br \/>\nPadoin, Charles Gounod e Marco Maiero.<\/p>\n<p>Chiuder\u00e0 la serata il Coro a voci virili \u201cA.N.A. Piave\u201d di Feltre, diretto da Gaia Da<br \/>\nRugna e Aldo Speranza, che proporr\u00e0 melodie di Marco Maiero, Bepi De Marzi e<br \/>\nLamberto Pietrop\u00f2li.-<\/p>","protected":false},"excerpt":{"rendered":"<p>\u201cDolomiti in coro\u201d, la rassegna corale biennale della Consulta di Belluno dell\u2019Associazione per lo sviluppo delle attivit\u00e0 corali del Veneto (A.S.A.C.), approda quest\u2019anno anche a Sedico con il patrocinio di Comune, Provincia, Reteventi e Regione del Veneto ed il sostegno della Cassa di Fassa, Primiero e Belluno. L\u2019appuntamento \u00e8 fissato per sabato 4 novembre alle [&hellip;]<\/p>\n","protected":false},"author":2,"featured_media":127177,"comment_status":"closed","ping_status":"open","sticky":false,"template":"","format":"standard","meta":{"footnotes":""},"categories":[27,25],"tags":[],"class_list":["post-145581","post","type-post","status-publish","format-standard","has-post-thumbnail","category-appuntamenti","category-pausa-caffe"],"yoast_head":"<!-- This site is optimized with the Yoast SEO plugin v28.4 - https:\/\/yoast.com\/product\/yoast-seo-wordpress\/ -->\n<title>Rassegna corale sabato sera a Sedico - Bellunopress - Dolomiti<\/title>\n<meta name=\"robots\" content=\"index, follow, max-snippet:-1, max-image-preview:large, max-video-preview:-1\" \/>\n<link rel=\"canonical\" href=\"https:\/\/www.bellunopress.it\/fr\/2023\/11\/03\/rassegna-corale-sabato-sera-a-sedico\/\" \/>\n<meta property=\"og:locale\" content=\"fr_FR\" \/>\n<meta property=\"og:type\" content=\"article\" \/>\n<meta property=\"og:title\" content=\"Rassegna corale sabato sera a Sedico - Bellunopress - Dolomiti\" \/>\n<meta property=\"og:description\" content=\"\u201cDolomiti in coro\u201d, la rassegna corale biennale della Consulta di Belluno dell\u2019Associazione per lo sviluppo delle attivit\u00e0 corali del Veneto (A.S.A.C.), approda quest\u2019anno anche a Sedico con il patrocinio di Comune, Provincia, Reteventi e Regione del Veneto ed il sostegno della Cassa di Fassa, Primiero e Belluno. L\u2019appuntamento \u00e8 fissato per sabato 4 novembre alle [&hellip;]\" \/>\n<meta property=\"og:url\" content=\"https:\/\/www.bellunopress.it\/fr\/2023\/11\/03\/rassegna-corale-sabato-sera-a-sedico\/\" \/>\n<meta property=\"og:site_name\" content=\"Bellunopress - Dolomiti\" \/>\n<meta property=\"article:publisher\" content=\"https:\/\/www.facebook.com\/profile.php?id=100008943462799\" \/>\n<meta property=\"article:published_time\" content=\"2023-11-03T11:08:35+00:00\" \/>\n<meta property=\"og:image\" content=\"https:\/\/www.bellunopress.it\/wp-content\/uploads\/2021\/08\/teatro-musicale_edited.jpg\" \/>\n\t<meta property=\"og:image:width\" content=\"616\" \/>\n\t<meta property=\"og:image:height\" content=\"516\" \/>\n\t<meta property=\"og:image:type\" content=\"image\/jpeg\" \/>\n<meta name=\"author\" content=\"redazione\" \/>\n<meta name=\"twitter:card\" content=\"summary_large_image\" \/>\n<meta name=\"twitter:creator\" content=\"@bellunopress\" \/>\n<meta name=\"twitter:site\" content=\"@bellunopress\" \/>\n<meta name=\"twitter:label1\" content=\"\u00c9crit par\" \/>\n\t<meta name=\"twitter:data1\" content=\"redazione\" \/>\n\t<meta name=\"twitter:label2\" content=\"Dur\u00e9e de lecture estim\u00e9e\" \/>\n\t<meta name=\"twitter:data2\" content=\"1 minute\" \/>\n<script type=\"application\/ld+json\" class=\"yoast-schema-graph\">{\"@context\":\"https:\\\/\\\/schema.org\",\"@graph\":[{\"@type\":\"Article\",\"@id\":\"https:\\\/\\\/www.bellunopress.it\\\/2023\\\/11\\\/03\\\/rassegna-corale-sabato-sera-a-sedico\\\/#article\",\"isPartOf\":{\"@id\":\"https:\\\/\\\/www.bellunopress.it\\\/2023\\\/11\\\/03\\\/rassegna-corale-sabato-sera-a-sedico\\\/\"},\"author\":{\"name\":\"redazione\",\"@id\":\"https:\\\/\\\/www.bellunopress.it\\\/#\\\/schema\\\/person\\\/79bb06722b37ece1c03d3e94beb30d73\"},\"headline\":\"Rassegna corale sabato sera a Sedico\",\"datePublished\":\"2023-11-03T11:08:35+00:00\",\"mainEntityOfPage\":{\"@id\":\"https:\\\/\\\/www.bellunopress.it\\\/2023\\\/11\\\/03\\\/rassegna-corale-sabato-sera-a-sedico\\\/\"},\"wordCount\":204,\"publisher\":{\"@id\":\"https:\\\/\\\/www.bellunopress.it\\\/#organization\"},\"image\":{\"@id\":\"https:\\\/\\\/www.bellunopress.it\\\/2023\\\/11\\\/03\\\/rassegna-corale-sabato-sera-a-sedico\\\/#primaryimage\"},\"thumbnailUrl\":\"https:\\\/\\\/www.bellunopress.it\\\/wp-content\\\/uploads\\\/2021\\\/08\\\/teatro-musicale_edited.jpg\",\"articleSection\":[\"Appuntamenti, Eventi\",\"Pausa Caff\u00e8\"],\"inLanguage\":\"fr-FR\"},{\"@type\":\"WebPage\",\"@id\":\"https:\\\/\\\/www.bellunopress.it\\\/2023\\\/11\\\/03\\\/rassegna-corale-sabato-sera-a-sedico\\\/\",\"url\":\"https:\\\/\\\/www.bellunopress.it\\\/2023\\\/11\\\/03\\\/rassegna-corale-sabato-sera-a-sedico\\\/\",\"name\":\"Rassegna corale sabato sera a Sedico - Bellunopress - Dolomiti\",\"isPartOf\":{\"@id\":\"https:\\\/\\\/www.bellunopress.it\\\/#website\"},\"primaryImageOfPage\":{\"@id\":\"https:\\\/\\\/www.bellunopress.it\\\/2023\\\/11\\\/03\\\/rassegna-corale-sabato-sera-a-sedico\\\/#primaryimage\"},\"image\":{\"@id\":\"https:\\\/\\\/www.bellunopress.it\\\/2023\\\/11\\\/03\\\/rassegna-corale-sabato-sera-a-sedico\\\/#primaryimage\"},\"thumbnailUrl\":\"https:\\\/\\\/www.bellunopress.it\\\/wp-content\\\/uploads\\\/2021\\\/08\\\/teatro-musicale_edited.jpg\",\"datePublished\":\"2023-11-03T11:08:35+00:00\",\"breadcrumb\":{\"@id\":\"https:\\\/\\\/www.bellunopress.it\\\/2023\\\/11\\\/03\\\/rassegna-corale-sabato-sera-a-sedico\\\/#breadcrumb\"},\"inLanguage\":\"fr-FR\",\"potentialAction\":[{\"@type\":\"ReadAction\",\"target\":[\"https:\\\/\\\/www.bellunopress.it\\\/2023\\\/11\\\/03\\\/rassegna-corale-sabato-sera-a-sedico\\\/\"]}]},{\"@type\":\"ImageObject\",\"inLanguage\":\"fr-FR\",\"@id\":\"https:\\\/\\\/www.bellunopress.it\\\/2023\\\/11\\\/03\\\/rassegna-corale-sabato-sera-a-sedico\\\/#primaryimage\",\"url\":\"https:\\\/\\\/www.bellunopress.it\\\/wp-content\\\/uploads\\\/2021\\\/08\\\/teatro-musicale_edited.jpg\",\"contentUrl\":\"https:\\\/\\\/www.bellunopress.it\\\/wp-content\\\/uploads\\\/2021\\\/08\\\/teatro-musicale_edited.jpg\",\"width\":616,\"height\":516},{\"@type\":\"BreadcrumbList\",\"@id\":\"https:\\\/\\\/www.bellunopress.it\\\/2023\\\/11\\\/03\\\/rassegna-corale-sabato-sera-a-sedico\\\/#breadcrumb\",\"itemListElement\":[{\"@type\":\"ListItem\",\"position\":1,\"name\":\"Home\",\"item\":\"https:\\\/\\\/www.bellunopress.it\\\/\"},{\"@type\":\"ListItem\",\"position\":2,\"name\":\"Rassegna corale sabato sera a Sedico\"}]},{\"@type\":\"WebSite\",\"@id\":\"https:\\\/\\\/www.bellunopress.it\\\/#website\",\"url\":\"https:\\\/\\\/www.bellunopress.it\\\/\",\"name\":\"Bellunopress - Dolomiti\",\"description\":\"e-mail: redazione@bellunopress.it\",\"publisher\":{\"@id\":\"https:\\\/\\\/www.bellunopress.it\\\/#organization\"},\"potentialAction\":[{\"@type\":\"SearchAction\",\"target\":{\"@type\":\"EntryPoint\",\"urlTemplate\":\"https:\\\/\\\/www.bellunopress.it\\\/?s={search_term_string}\"},\"query-input\":{\"@type\":\"PropertyValueSpecification\",\"valueRequired\":true,\"valueName\":\"search_term_string\"}}],\"inLanguage\":\"fr-FR\"},{\"@type\":\"Organization\",\"@id\":\"https:\\\/\\\/www.bellunopress.it\\\/#organization\",\"name\":\"Bellunopress\",\"url\":\"https:\\\/\\\/www.bellunopress.it\\\/\",\"logo\":{\"@type\":\"ImageObject\",\"inLanguage\":\"fr-FR\",\"@id\":\"https:\\\/\\\/www.bellunopress.it\\\/#\\\/schema\\\/logo\\\/image\\\/\",\"url\":\"https:\\\/\\\/www.bellunopress.it\\\/wp-content\\\/uploads\\\/2011\\\/05\\\/cropped-logo-bellunopress-.jpg\",\"contentUrl\":\"https:\\\/\\\/www.bellunopress.it\\\/wp-content\\\/uploads\\\/2011\\\/05\\\/cropped-logo-bellunopress-.jpg\",\"width\":512,\"height\":512,\"caption\":\"Bellunopress\"},\"image\":{\"@id\":\"https:\\\/\\\/www.bellunopress.it\\\/#\\\/schema\\\/logo\\\/image\\\/\"},\"sameAs\":[\"https:\\\/\\\/www.facebook.com\\\/profile.php?id=100008943462799\",\"https:\\\/\\\/x.com\\\/bellunopress\",\"https:\\\/\\\/www.linkedin.com\\\/hp\\\/?dnr=JBzUWaJfMUw8vbXJJ2tVW5-I3jZKvC4wsoxE&amp;amp;amp;amp;amp;amp;trk=nav_responsive_tab_home\",\"https:\\\/\\\/www.youtube.com\\\/channel\\\/UCxL0wu1uN0_3_7hGG0306cw\"]},{\"@type\":\"Person\",\"@id\":\"https:\\\/\\\/www.bellunopress.it\\\/#\\\/schema\\\/person\\\/79bb06722b37ece1c03d3e94beb30d73\",\"name\":\"redazione\",\"image\":{\"@type\":\"ImageObject\",\"inLanguage\":\"fr-FR\",\"@id\":\"https:\\\/\\\/secure.gravatar.com\\\/avatar\\\/37d968a2e67a6fd04c169c4bdef102d0bc5d31b2546345219e348575eb80e9a0?s=96&d=mm&r=g\",\"url\":\"https:\\\/\\\/secure.gravatar.com\\\/avatar\\\/37d968a2e67a6fd04c169c4bdef102d0bc5d31b2546345219e348575eb80e9a0?s=96&d=mm&r=g\",\"contentUrl\":\"https:\\\/\\\/secure.gravatar.com\\\/avatar\\\/37d968a2e67a6fd04c169c4bdef102d0bc5d31b2546345219e348575eb80e9a0?s=96&d=mm&r=g\",\"caption\":\"redazione\"},\"sameAs\":[\"http:\\\/\\\/www.bellunopress.it\",\"https:\\\/\\\/x.com\\\/bellunopress\"],\"url\":\"https:\\\/\\\/www.bellunopress.it\\\/fr\\\/author\\\/redazione\\\/\"}]}<\/script>\n<!-- \/ Yoast SEO plugin. -->","yoast_head_json":{"title":"Rassegna corale sabato sera a Sedico - Bellunopress - Dolomiti","robots":{"index":"index","follow":"follow","max-snippet":"max-snippet:-1","max-image-preview":"max-image-preview:large","max-video-preview":"max-video-preview:-1"},"canonical":"https:\/\/www.bellunopress.it\/fr\/2023\/11\/03\/rassegna-corale-sabato-sera-a-sedico\/","og_locale":"fr_FR","og_type":"article","og_title":"Rassegna corale sabato sera a Sedico - Bellunopress - Dolomiti","og_description":"\u201cDolomiti in coro\u201d, la rassegna corale biennale della Consulta di Belluno dell\u2019Associazione per lo sviluppo delle attivit\u00e0 corali del Veneto (A.S.A.C.), approda quest\u2019anno anche a Sedico con il patrocinio di Comune, Provincia, Reteventi e Regione del Veneto ed il sostegno della Cassa di Fassa, Primiero e Belluno. L\u2019appuntamento \u00e8 fissato per sabato 4 novembre alle [&hellip;]","og_url":"https:\/\/www.bellunopress.it\/fr\/2023\/11\/03\/rassegna-corale-sabato-sera-a-sedico\/","og_site_name":"Bellunopress - Dolomiti","article_publisher":"https:\/\/www.facebook.com\/profile.php?id=100008943462799","article_published_time":"2023-11-03T11:08:35+00:00","og_image":[{"width":616,"height":516,"url":"https:\/\/www.bellunopress.it\/wp-content\/uploads\/2021\/08\/teatro-musicale_edited.jpg","type":"image\/jpeg"}],"author":"redazione","twitter_card":"summary_large_image","twitter_creator":"@bellunopress","twitter_site":"@bellunopress","twitter_misc":{"\u00c9crit par":"redazione","Dur\u00e9e de lecture estim\u00e9e":"1 minute"},"schema":{"@context":"https:\/\/schema.org","@graph":[{"@type":"Article","@id":"https:\/\/www.bellunopress.it\/2023\/11\/03\/rassegna-corale-sabato-sera-a-sedico\/#article","isPartOf":{"@id":"https:\/\/www.bellunopress.it\/2023\/11\/03\/rassegna-corale-sabato-sera-a-sedico\/"},"author":{"name":"redazione","@id":"https:\/\/www.bellunopress.it\/#\/schema\/person\/79bb06722b37ece1c03d3e94beb30d73"},"headline":"Rassegna corale sabato sera a Sedico","datePublished":"2023-11-03T11:08:35+00:00","mainEntityOfPage":{"@id":"https:\/\/www.bellunopress.it\/2023\/11\/03\/rassegna-corale-sabato-sera-a-sedico\/"},"wordCount":204,"publisher":{"@id":"https:\/\/www.bellunopress.it\/#organization"},"image":{"@id":"https:\/\/www.bellunopress.it\/2023\/11\/03\/rassegna-corale-sabato-sera-a-sedico\/#primaryimage"},"thumbnailUrl":"https:\/\/www.bellunopress.it\/wp-content\/uploads\/2021\/08\/teatro-musicale_edited.jpg","articleSection":["Appuntamenti, Eventi","Pausa Caff\u00e8"],"inLanguage":"fr-FR"},{"@type":"WebPage","@id":"https:\/\/www.bellunopress.it\/2023\/11\/03\/rassegna-corale-sabato-sera-a-sedico\/","url":"https:\/\/www.bellunopress.it\/2023\/11\/03\/rassegna-corale-sabato-sera-a-sedico\/","name":"Rassegna corale sabato sera a Sedico - Bellunopress - Dolomiti","isPartOf":{"@id":"https:\/\/www.bellunopress.it\/#website"},"primaryImageOfPage":{"@id":"https:\/\/www.bellunopress.it\/2023\/11\/03\/rassegna-corale-sabato-sera-a-sedico\/#primaryimage"},"image":{"@id":"https:\/\/www.bellunopress.it\/2023\/11\/03\/rassegna-corale-sabato-sera-a-sedico\/#primaryimage"},"thumbnailUrl":"https:\/\/www.bellunopress.it\/wp-content\/uploads\/2021\/08\/teatro-musicale_edited.jpg","datePublished":"2023-11-03T11:08:35+00:00","breadcrumb":{"@id":"https:\/\/www.bellunopress.it\/2023\/11\/03\/rassegna-corale-sabato-sera-a-sedico\/#breadcrumb"},"inLanguage":"fr-FR","potentialAction":[{"@type":"ReadAction","target":["https:\/\/www.bellunopress.it\/2023\/11\/03\/rassegna-corale-sabato-sera-a-sedico\/"]}]},{"@type":"ImageObject","inLanguage":"fr-FR","@id":"https:\/\/www.bellunopress.it\/2023\/11\/03\/rassegna-corale-sabato-sera-a-sedico\/#primaryimage","url":"https:\/\/www.bellunopress.it\/wp-content\/uploads\/2021\/08\/teatro-musicale_edited.jpg","contentUrl":"https:\/\/www.bellunopress.it\/wp-content\/uploads\/2021\/08\/teatro-musicale_edited.jpg","width":616,"height":516},{"@type":"BreadcrumbList","@id":"https:\/\/www.bellunopress.it\/2023\/11\/03\/rassegna-corale-sabato-sera-a-sedico\/#breadcrumb","itemListElement":[{"@type":"ListItem","position":1,"name":"Home","item":"https:\/\/www.bellunopress.it\/"},{"@type":"ListItem","position":2,"name":"Rassegna corale sabato sera a Sedico"}]},{"@type":"WebSite","@id":"https:\/\/www.bellunopress.it\/#website","url":"https:\/\/www.bellunopress.it\/","name":"Bellunopress - Dolomiti","description":"e-mail: redazione@bellunopress.it","publisher":{"@id":"https:\/\/www.bellunopress.it\/#organization"},"potentialAction":[{"@type":"SearchAction","target":{"@type":"EntryPoint","urlTemplate":"https:\/\/www.bellunopress.it\/?s={search_term_string}"},"query-input":{"@type":"PropertyValueSpecification","valueRequired":true,"valueName":"search_term_string"}}],"inLanguage":"fr-FR"},{"@type":"Organization","@id":"https:\/\/www.bellunopress.it\/#organization","name":"Bellunopress","url":"https:\/\/www.bellunopress.it\/","logo":{"@type":"ImageObject","inLanguage":"fr-FR","@id":"https:\/\/www.bellunopress.it\/#\/schema\/logo\/image\/","url":"https:\/\/www.bellunopress.it\/wp-content\/uploads\/2011\/05\/cropped-logo-bellunopress-.jpg","contentUrl":"https:\/\/www.bellunopress.it\/wp-content\/uploads\/2011\/05\/cropped-logo-bellunopress-.jpg","width":512,"height":512,"caption":"Bellunopress"},"image":{"@id":"https:\/\/www.bellunopress.it\/#\/schema\/logo\/image\/"},"sameAs":["https:\/\/www.facebook.com\/profile.php?id=100008943462799","https:\/\/x.com\/bellunopress","https:\/\/www.linkedin.com\/hp\/?dnr=JBzUWaJfMUw8vbXJJ2tVW5-I3jZKvC4wsoxE&amp;amp;amp;amp;amp;amp;trk=nav_responsive_tab_home","https:\/\/www.youtube.com\/channel\/UCxL0wu1uN0_3_7hGG0306cw"]},{"@type":"Person","@id":"https:\/\/www.bellunopress.it\/#\/schema\/person\/79bb06722b37ece1c03d3e94beb30d73","name":"r\u00e9daction","image":{"@type":"ImageObject","inLanguage":"fr-FR","@id":"https:\/\/secure.gravatar.com\/avatar\/37d968a2e67a6fd04c169c4bdef102d0bc5d31b2546345219e348575eb80e9a0?s=96&d=mm&r=g","url":"https:\/\/secure.gravatar.com\/avatar\/37d968a2e67a6fd04c169c4bdef102d0bc5d31b2546345219e348575eb80e9a0?s=96&d=mm&r=g","contentUrl":"https:\/\/secure.gravatar.com\/avatar\/37d968a2e67a6fd04c169c4bdef102d0bc5d31b2546345219e348575eb80e9a0?s=96&d=mm&r=g","caption":"redazione"},"sameAs":["http:\/\/www.bellunopress.it","https:\/\/x.com\/bellunopress"],"url":"https:\/\/www.bellunopress.it\/fr\/author\/redazione\/"}]}},"_links":{"self":[{"href":"https:\/\/www.bellunopress.it\/fr\/wp-json\/wp\/v2\/posts\/145581","targetHints":{"allow":["GET"]}}],"collection":[{"href":"https:\/\/www.bellunopress.it\/fr\/wp-json\/wp\/v2\/posts"}],"about":[{"href":"https:\/\/www.bellunopress.it\/fr\/wp-json\/wp\/v2\/types\/post"}],"author":[{"embeddable":true,"href":"https:\/\/www.bellunopress.it\/fr\/wp-json\/wp\/v2\/users\/2"}],"replies":[{"embeddable":true,"href":"https:\/\/www.bellunopress.it\/fr\/wp-json\/wp\/v2\/comments?post=145581"}],"version-history":[{"count":1,"href":"https:\/\/www.bellunopress.it\/fr\/wp-json\/wp\/v2\/posts\/145581\/revisions"}],"predecessor-version":[{"id":145582,"href":"https:\/\/www.bellunopress.it\/fr\/wp-json\/wp\/v2\/posts\/145581\/revisions\/145582"}],"wp:featuredmedia":[{"embeddable":true,"href":"https:\/\/www.bellunopress.it\/fr\/wp-json\/wp\/v2\/media\/127177"}],"wp:attachment":[{"href":"https:\/\/www.bellunopress.it\/fr\/wp-json\/wp\/v2\/media?parent=145581"}],"wp:term":[{"taxonomy":"category","embeddable":true,"href":"https:\/\/www.bellunopress.it\/fr\/wp-json\/wp\/v2\/categories?post=145581"},{"taxonomy":"post_tag","embeddable":true,"href":"https:\/\/www.bellunopress.it\/fr\/wp-json\/wp\/v2\/tags?post=145581"}],"curies":[{"name":"wp","href":"https:\/\/api.w.org\/{rel}","templated":true}]}}