{"id":145570,"date":"2023-11-02T17:53:09","date_gmt":"2023-11-02T16:53:09","guid":{"rendered":"https:\/\/www.bellunopress.it\/?p=145570"},"modified":"2023-11-02T17:53:09","modified_gmt":"2023-11-02T16:53:09","slug":"crollo-del-muro-di-contenimento-della-strada-di-accesso-al-tiro-a-segno-di-belluno-di-renato-cafiero","status":"publish","type":"post","link":"https:\/\/www.bellunopress.it\/fr\/2023\/11\/02\/crollo-del-muro-di-contenimento-della-strada-di-accesso-al-tiro-a-segno-di-belluno-di-renato-cafiero\/","title":{"rendered":"Crollo del muro di contenimento della strada di accesso al Tiro a Segno di Belluno * di Renato Cafiero"},"content":{"rendered":"<p><img loading=\"lazy\" decoding=\"async\" class=\"alignleft size-full wp-image-145571\" src=\"https:\/\/www.bellunopress.it\/wp-content\/uploads\/2023\/11\/Strada-poligono-di-tiro-MUssoi_edited.jpg\" alt=\"\" width=\"480\" height=\"640\" srcset=\"https:\/\/www.bellunopress.it\/wp-content\/uploads\/2023\/11\/Strada-poligono-di-tiro-MUssoi_edited.jpg 480w, https:\/\/www.bellunopress.it\/wp-content\/uploads\/2023\/11\/Strada-poligono-di-tiro-MUssoi_edited-375x500.jpg 375w\" sizes=\"auto, (max-width: 480px) 100vw, 480px\" \/>Luned\u00ec sera, 30 ottobre, a causa delle insistenti piogge di questi giorni, \u00e8 nuovamente ceduta una parte del muro di sostegno della strada militare \u201ca Trincea\u201d che conduce al Tiro a Segno Nazionale Sezione di Belluno.<br \/>\nOvviamente le autorit\u00e0 competenti VV.FF., viste le condizioni del manufatto hanno ritenuto opportuno chiudere la strada al traffico per comprensibilissimi motivi di sicurezza.<br \/>\nSta di fatto che la chiusura della strada comporta una serie di preoccupanti problematiche a carico dei cittadini che vi transitano tutti i giorni oltre agli utenti del poligono, in particolar modo alle forze di Polizia di Stato, Locale e Guardie Giurate che vi accedono per gli addestramenti previsti dalla Legge.<\/p>\n<p>Ricostruiamo per\u00f2 l\u2019annosa storia di questa storica strada costruita dai militari oltre un secolo fa.<\/p>\n<p>La strada \u00e8 una strada militare di propriet\u00e0 del demanio Ramo Difesa a partire dalla strada comunale fino al Poligono. In passato ed esattamente nel 2006 l\u2019allora Presidente tent\u00f2 una pratica per la cessione della strada dal Demanio Militare al Comune di Belluno, il quale inoltr\u00f2 richiesta ufficiale del Settore Territorio Servizio Urbanistico Prot. 0028069 del 14\/08\/2006, al Quinto Reparto Infrastrutture Ufficio Demanio di Padova il quale rispose il 7 settembre 2006 con Prot. Nr 07\/5687\/5\u00b0INFRA-BZ\/I 57 richiedendo al Comune di Belluno la necessaria documentazione, ma la cosa non ebbe seguito in quanto non risultano agli atti ulteriori corrispondenze. A dire il vero i vicini tentarono anche di richiedere la costruzione di una strada che arrivasse alle case interessate, ma anche questa iniziativa non ebbe esito positivo. Il giorno 02 dicembre 2021 cedette la parte del muro di sinistra scendendo verso il poligono. Il giorno 3 dicembre inviai personalmente comunicazione, fotografie, richiesta di intervento al Quinto Reparto Infrastrutture dell&#8217;esercito, all&#8217;Ufficio Tecnico opere pubbliche del Comune di Belluno, alla Polizia locale di Belluno e all&#8217;Unione Italiana Tiro a Segno Nazionale con richiesta di contributo straordinario. L&#8217;esercito rispose telefonicamente sostenendo che non avevano capitoli di spesa dedicati agli interventi straordinari. Il 9 Dicembre 2021 la Polizia Comunale rispose con PEC alla nostra, indicando che non era competenza loro, in quanto la strada era demaniale e la responsabilit\u00e0 non era del comune, pertanto veniva rifiutata la mia richiesta di sopralluogo da noi richiesto per motivi di sicurezza pubblica. L&#8217;Unione Italiana Tiro a Segno non ci rispose mai, fino a quando in una comunicazione telefonica ci dissero che avremmo dovuto fare a nostre spese tutto il progetto di rifacimento della strada e dei muri compreso il sondaggio geologico e il preventivo di spesa (parliamo di una cifra intorno ai 15\/20.000\u20ac solo per capire se avevamo diritto o no a un contributo parziale). Interpellammo poi due aziende per avere un sopralluogo e un preventivo di spesa, ma entrambe declinarono la richiesta per eccesso di lavoro una e per mancanza di un progetto l&#8217;altra. La Ditta Menegolla, su nostra richiesta, intervenne GRATUITAMENTE mettendo in sicurezza la strada, asportando il materiale franato e ponendo in loco il manufatto in cemento di contenimento. Il 18\/05\/2023 in previsione delle piogge autunnali venne fatta da parte nostra, un&#8217;altra richiesta all&#8217;Ufficio Tecnico del Comune con Prot. 24229 e ne ebbi risposta il 26\/05\/2023 con Prot. 25521 dove mi si riconfermava che la propriet\u00e0 non era del Comune e che tutte le manutenzioni spettavano a TUTTI coloro (compresi quindi i privati), che utilizzavano la strada. Tentai quindi un approccio con i vari proprietari delle case ma, come si pu\u00f2 immaginare, nessuno \u00e8 disposto a mettere mano a 15\/20.000 \u20ac a famiglia per ricostruire i muri e la strada di propriet\u00e0 altrui. Ieri sera il successivo smottamento che ha portato all&#8217;intervento dei Vigili del Fuoco che ovviamente hanno interdetto l&#8217;uso della strada. Al di l\u00e0 del danno di gestione per le attivit\u00e0 Istituzionali del Poligono, il fatto rappresenta un ben pi\u00f9 grave rischio per i cittadini; pensiamo solo all&#8217;impossibilit\u00e0 di rifornire di gas GPL le case, all&#8217;impossibilit\u00e0 di passaggio di una ambulanza se ce ne fosse bisogno, o di una autobotte dei Vigili del fuoco e ancora alla difficolt\u00e0 dello smaltimento rifiuti. Una cosa \u00e8 certa&#8230;. I cittadini e le attivit\u00e0 Istituzionali del Poligono che, ricordiamo, sono un obbligo di Legge per tutte le Polizie e per le Guardie Giurate operative sul territorio, non possono avere un fermo n\u00e9 essere danneggiate da tale situazione; faremo ogni ulteriore tentativo confidando nella consapevolezza di ci\u00f2 da parte delle amministrazioni, per quantomeno far mettere la strada in sicurezza e agibilit\u00e0 in attesa di sbloccare definitivamente l&#8217;annosa questione delle competenze su tale tratto.<\/p>\n<p><strong>Il Presidente del Tiro a Segno di Belluno<\/strong><br \/>\n<strong>Renato Cafiero<\/strong><\/p>","protected":false},"excerpt":{"rendered":"<p>Luned\u00ec sera, 30 ottobre, a causa delle insistenti piogge di questi giorni, \u00e8 nuovamente ceduta una parte del muro di sostegno della strada militare \u201ca Trincea\u201d che conduce al Tiro a Segno Nazionale Sezione di Belluno. Ovviamente le autorit\u00e0 competenti VV.FF., viste le condizioni del manufatto hanno ritenuto opportuno chiudere la strada al traffico per [&hellip;]<\/p>\n","protected":false},"author":2,"featured_media":145571,"comment_status":"closed","ping_status":"open","sticky":false,"template":"","format":"standard","meta":{"footnotes":""},"categories":[5,26,8],"tags":[],"class_list":["post-145570","post","type-post","status-publish","format-standard","has-post-thumbnail","category-cronaca","category-prima-pagina","category-societa-istituzioni"],"yoast_head":"<!-- This site is optimized with the Yoast SEO plugin v28.4 - https:\/\/yoast.com\/product\/yoast-seo-wordpress\/ -->\n<title>Crollo del muro di contenimento della strada di accesso al Tiro a Segno di Belluno * di Renato Cafiero - Bellunopress - Dolomiti<\/title>\n<meta name=\"robots\" content=\"index, follow, max-snippet:-1, max-image-preview:large, max-video-preview:-1\" \/>\n<link rel=\"canonical\" href=\"https:\/\/www.bellunopress.it\/fr\/2023\/11\/02\/crollo-del-muro-di-contenimento-della-strada-di-accesso-al-tiro-a-segno-di-belluno-di-renato-cafiero\/\" \/>\n<meta property=\"og:locale\" content=\"fr_FR\" \/>\n<meta property=\"og:type\" content=\"article\" \/>\n<meta property=\"og:title\" content=\"Crollo del muro di contenimento della strada di accesso al Tiro a Segno di Belluno * di Renato Cafiero - Bellunopress - Dolomiti\" \/>\n<meta property=\"og:description\" content=\"Luned\u00ec sera, 30 ottobre, a causa delle insistenti piogge di questi giorni, \u00e8 nuovamente ceduta una parte del muro di sostegno della strada militare \u201ca Trincea\u201d che conduce al Tiro a Segno Nazionale Sezione di Belluno. Ovviamente le autorit\u00e0 competenti VV.FF., viste le condizioni del manufatto hanno ritenuto opportuno chiudere la strada al traffico per [&hellip;]\" \/>\n<meta property=\"og:url\" content=\"https:\/\/www.bellunopress.it\/fr\/2023\/11\/02\/crollo-del-muro-di-contenimento-della-strada-di-accesso-al-tiro-a-segno-di-belluno-di-renato-cafiero\/\" \/>\n<meta property=\"og:site_name\" content=\"Bellunopress - Dolomiti\" \/>\n<meta property=\"article:publisher\" content=\"https:\/\/www.facebook.com\/profile.php?id=100008943462799\" \/>\n<meta property=\"article:published_time\" content=\"2023-11-02T16:53:09+00:00\" \/>\n<meta property=\"og:image\" content=\"https:\/\/www.bellunopress.it\/wp-content\/uploads\/2023\/11\/Strada-poligono-di-tiro-MUssoi_edited.jpg\" \/>\n\t<meta property=\"og:image:width\" content=\"480\" \/>\n\t<meta property=\"og:image:height\" content=\"640\" \/>\n\t<meta property=\"og:image:type\" content=\"image\/jpeg\" \/>\n<meta name=\"author\" content=\"redazione\" \/>\n<meta name=\"twitter:card\" content=\"summary_large_image\" \/>\n<meta name=\"twitter:creator\" content=\"@bellunopress\" \/>\n<meta name=\"twitter:site\" content=\"@bellunopress\" \/>\n<meta name=\"twitter:label1\" content=\"\u00c9crit par\" \/>\n\t<meta name=\"twitter:data1\" content=\"redazione\" \/>\n\t<meta name=\"twitter:label2\" content=\"Dur\u00e9e de lecture estim\u00e9e\" \/>\n\t<meta name=\"twitter:data2\" content=\"4 minutes\" \/>\n<script type=\"application\/ld+json\" class=\"yoast-schema-graph\">{\"@context\":\"https:\\\/\\\/schema.org\",\"@graph\":[{\"@type\":\"Article\",\"@id\":\"https:\\\/\\\/www.bellunopress.it\\\/2023\\\/11\\\/02\\\/crollo-del-muro-di-contenimento-della-strada-di-accesso-al-tiro-a-segno-di-belluno-di-renato-cafiero\\\/#article\",\"isPartOf\":{\"@id\":\"https:\\\/\\\/www.bellunopress.it\\\/2023\\\/11\\\/02\\\/crollo-del-muro-di-contenimento-della-strada-di-accesso-al-tiro-a-segno-di-belluno-di-renato-cafiero\\\/\"},\"author\":{\"name\":\"redazione\",\"@id\":\"https:\\\/\\\/www.bellunopress.it\\\/#\\\/schema\\\/person\\\/79bb06722b37ece1c03d3e94beb30d73\"},\"headline\":\"Crollo del muro di contenimento della strada di accesso al Tiro a Segno di Belluno * di Renato Cafiero\",\"datePublished\":\"2023-11-02T16:53:09+00:00\",\"mainEntityOfPage\":{\"@id\":\"https:\\\/\\\/www.bellunopress.it\\\/2023\\\/11\\\/02\\\/crollo-del-muro-di-contenimento-della-strada-di-accesso-al-tiro-a-segno-di-belluno-di-renato-cafiero\\\/\"},\"wordCount\":763,\"publisher\":{\"@id\":\"https:\\\/\\\/www.bellunopress.it\\\/#organization\"},\"image\":{\"@id\":\"https:\\\/\\\/www.bellunopress.it\\\/2023\\\/11\\\/02\\\/crollo-del-muro-di-contenimento-della-strada-di-accesso-al-tiro-a-segno-di-belluno-di-renato-cafiero\\\/#primaryimage\"},\"thumbnailUrl\":\"https:\\\/\\\/www.bellunopress.it\\\/wp-content\\\/uploads\\\/2023\\\/11\\\/Strada-poligono-di-tiro-MUssoi_edited.jpg\",\"articleSection\":[\"Cronaca\\\/Politica\",\"Prima Pagina\",\"Societ\u00e0, Associazioni, Istituzioni\"],\"inLanguage\":\"fr-FR\"},{\"@type\":\"WebPage\",\"@id\":\"https:\\\/\\\/www.bellunopress.it\\\/2023\\\/11\\\/02\\\/crollo-del-muro-di-contenimento-della-strada-di-accesso-al-tiro-a-segno-di-belluno-di-renato-cafiero\\\/\",\"url\":\"https:\\\/\\\/www.bellunopress.it\\\/2023\\\/11\\\/02\\\/crollo-del-muro-di-contenimento-della-strada-di-accesso-al-tiro-a-segno-di-belluno-di-renato-cafiero\\\/\",\"name\":\"Crollo del muro di contenimento della strada di accesso al Tiro a Segno di Belluno * di Renato Cafiero - Bellunopress - Dolomiti\",\"isPartOf\":{\"@id\":\"https:\\\/\\\/www.bellunopress.it\\\/#website\"},\"primaryImageOfPage\":{\"@id\":\"https:\\\/\\\/www.bellunopress.it\\\/2023\\\/11\\\/02\\\/crollo-del-muro-di-contenimento-della-strada-di-accesso-al-tiro-a-segno-di-belluno-di-renato-cafiero\\\/#primaryimage\"},\"image\":{\"@id\":\"https:\\\/\\\/www.bellunopress.it\\\/2023\\\/11\\\/02\\\/crollo-del-muro-di-contenimento-della-strada-di-accesso-al-tiro-a-segno-di-belluno-di-renato-cafiero\\\/#primaryimage\"},\"thumbnailUrl\":\"https:\\\/\\\/www.bellunopress.it\\\/wp-content\\\/uploads\\\/2023\\\/11\\\/Strada-poligono-di-tiro-MUssoi_edited.jpg\",\"datePublished\":\"2023-11-02T16:53:09+00:00\",\"breadcrumb\":{\"@id\":\"https:\\\/\\\/www.bellunopress.it\\\/2023\\\/11\\\/02\\\/crollo-del-muro-di-contenimento-della-strada-di-accesso-al-tiro-a-segno-di-belluno-di-renato-cafiero\\\/#breadcrumb\"},\"inLanguage\":\"fr-FR\",\"potentialAction\":[{\"@type\":\"ReadAction\",\"target\":[\"https:\\\/\\\/www.bellunopress.it\\\/2023\\\/11\\\/02\\\/crollo-del-muro-di-contenimento-della-strada-di-accesso-al-tiro-a-segno-di-belluno-di-renato-cafiero\\\/\"]}]},{\"@type\":\"ImageObject\",\"inLanguage\":\"fr-FR\",\"@id\":\"https:\\\/\\\/www.bellunopress.it\\\/2023\\\/11\\\/02\\\/crollo-del-muro-di-contenimento-della-strada-di-accesso-al-tiro-a-segno-di-belluno-di-renato-cafiero\\\/#primaryimage\",\"url\":\"https:\\\/\\\/www.bellunopress.it\\\/wp-content\\\/uploads\\\/2023\\\/11\\\/Strada-poligono-di-tiro-MUssoi_edited.jpg\",\"contentUrl\":\"https:\\\/\\\/www.bellunopress.it\\\/wp-content\\\/uploads\\\/2023\\\/11\\\/Strada-poligono-di-tiro-MUssoi_edited.jpg\",\"width\":480,\"height\":640},{\"@type\":\"BreadcrumbList\",\"@id\":\"https:\\\/\\\/www.bellunopress.it\\\/2023\\\/11\\\/02\\\/crollo-del-muro-di-contenimento-della-strada-di-accesso-al-tiro-a-segno-di-belluno-di-renato-cafiero\\\/#breadcrumb\",\"itemListElement\":[{\"@type\":\"ListItem\",\"position\":1,\"name\":\"Home\",\"item\":\"https:\\\/\\\/www.bellunopress.it\\\/\"},{\"@type\":\"ListItem\",\"position\":2,\"name\":\"Crollo del muro di contenimento della strada di accesso al Tiro a Segno di Belluno * di Renato Cafiero\"}]},{\"@type\":\"WebSite\",\"@id\":\"https:\\\/\\\/www.bellunopress.it\\\/#website\",\"url\":\"https:\\\/\\\/www.bellunopress.it\\\/\",\"name\":\"Bellunopress - Dolomiti\",\"description\":\"e-mail: redazione@bellunopress.it\",\"publisher\":{\"@id\":\"https:\\\/\\\/www.bellunopress.it\\\/#organization\"},\"potentialAction\":[{\"@type\":\"SearchAction\",\"target\":{\"@type\":\"EntryPoint\",\"urlTemplate\":\"https:\\\/\\\/www.bellunopress.it\\\/?s={search_term_string}\"},\"query-input\":{\"@type\":\"PropertyValueSpecification\",\"valueRequired\":true,\"valueName\":\"search_term_string\"}}],\"inLanguage\":\"fr-FR\"},{\"@type\":\"Organization\",\"@id\":\"https:\\\/\\\/www.bellunopress.it\\\/#organization\",\"name\":\"Bellunopress\",\"url\":\"https:\\\/\\\/www.bellunopress.it\\\/\",\"logo\":{\"@type\":\"ImageObject\",\"inLanguage\":\"fr-FR\",\"@id\":\"https:\\\/\\\/www.bellunopress.it\\\/#\\\/schema\\\/logo\\\/image\\\/\",\"url\":\"https:\\\/\\\/www.bellunopress.it\\\/wp-content\\\/uploads\\\/2011\\\/05\\\/cropped-logo-bellunopress-.jpg\",\"contentUrl\":\"https:\\\/\\\/www.bellunopress.it\\\/wp-content\\\/uploads\\\/2011\\\/05\\\/cropped-logo-bellunopress-.jpg\",\"width\":512,\"height\":512,\"caption\":\"Bellunopress\"},\"image\":{\"@id\":\"https:\\\/\\\/www.bellunopress.it\\\/#\\\/schema\\\/logo\\\/image\\\/\"},\"sameAs\":[\"https:\\\/\\\/www.facebook.com\\\/profile.php?id=100008943462799\",\"https:\\\/\\\/x.com\\\/bellunopress\",\"https:\\\/\\\/www.linkedin.com\\\/hp\\\/?dnr=JBzUWaJfMUw8vbXJJ2tVW5-I3jZKvC4wsoxE&amp;amp;amp;amp;amp;amp;trk=nav_responsive_tab_home\",\"https:\\\/\\\/www.youtube.com\\\/channel\\\/UCxL0wu1uN0_3_7hGG0306cw\"]},{\"@type\":\"Person\",\"@id\":\"https:\\\/\\\/www.bellunopress.it\\\/#\\\/schema\\\/person\\\/79bb06722b37ece1c03d3e94beb30d73\",\"name\":\"redazione\",\"image\":{\"@type\":\"ImageObject\",\"inLanguage\":\"fr-FR\",\"@id\":\"https:\\\/\\\/secure.gravatar.com\\\/avatar\\\/37d968a2e67a6fd04c169c4bdef102d0bc5d31b2546345219e348575eb80e9a0?s=96&d=mm&r=g\",\"url\":\"https:\\\/\\\/secure.gravatar.com\\\/avatar\\\/37d968a2e67a6fd04c169c4bdef102d0bc5d31b2546345219e348575eb80e9a0?s=96&d=mm&r=g\",\"contentUrl\":\"https:\\\/\\\/secure.gravatar.com\\\/avatar\\\/37d968a2e67a6fd04c169c4bdef102d0bc5d31b2546345219e348575eb80e9a0?s=96&d=mm&r=g\",\"caption\":\"redazione\"},\"sameAs\":[\"http:\\\/\\\/www.bellunopress.it\",\"https:\\\/\\\/x.com\\\/bellunopress\"],\"url\":\"https:\\\/\\\/www.bellunopress.it\\\/fr\\\/author\\\/redazione\\\/\"}]}<\/script>\n<!-- \/ Yoast SEO plugin. -->","yoast_head_json":{"title":"Crollo del muro di contenimento della strada di accesso al Tiro a Segno di Belluno * di Renato Cafiero - Bellunopress - Dolomiti","robots":{"index":"index","follow":"follow","max-snippet":"max-snippet:-1","max-image-preview":"max-image-preview:large","max-video-preview":"max-video-preview:-1"},"canonical":"https:\/\/www.bellunopress.it\/fr\/2023\/11\/02\/crollo-del-muro-di-contenimento-della-strada-di-accesso-al-tiro-a-segno-di-belluno-di-renato-cafiero\/","og_locale":"fr_FR","og_type":"article","og_title":"Crollo del muro di contenimento della strada di accesso al Tiro a Segno di Belluno * di Renato Cafiero - Bellunopress - Dolomiti","og_description":"Luned\u00ec sera, 30 ottobre, a causa delle insistenti piogge di questi giorni, \u00e8 nuovamente ceduta una parte del muro di sostegno della strada militare \u201ca Trincea\u201d che conduce al Tiro a Segno Nazionale Sezione di Belluno. Ovviamente le autorit\u00e0 competenti VV.FF., viste le condizioni del manufatto hanno ritenuto opportuno chiudere la strada al traffico per [&hellip;]","og_url":"https:\/\/www.bellunopress.it\/fr\/2023\/11\/02\/crollo-del-muro-di-contenimento-della-strada-di-accesso-al-tiro-a-segno-di-belluno-di-renato-cafiero\/","og_site_name":"Bellunopress - Dolomiti","article_publisher":"https:\/\/www.facebook.com\/profile.php?id=100008943462799","article_published_time":"2023-11-02T16:53:09+00:00","og_image":[{"width":480,"height":640,"url":"https:\/\/www.bellunopress.it\/wp-content\/uploads\/2023\/11\/Strada-poligono-di-tiro-MUssoi_edited.jpg","type":"image\/jpeg"}],"author":"redazione","twitter_card":"summary_large_image","twitter_creator":"@bellunopress","twitter_site":"@bellunopress","twitter_misc":{"\u00c9crit par":"redazione","Dur\u00e9e de lecture estim\u00e9e":"4 minutes"},"schema":{"@context":"https:\/\/schema.org","@graph":[{"@type":"Article","@id":"https:\/\/www.bellunopress.it\/2023\/11\/02\/crollo-del-muro-di-contenimento-della-strada-di-accesso-al-tiro-a-segno-di-belluno-di-renato-cafiero\/#article","isPartOf":{"@id":"https:\/\/www.bellunopress.it\/2023\/11\/02\/crollo-del-muro-di-contenimento-della-strada-di-accesso-al-tiro-a-segno-di-belluno-di-renato-cafiero\/"},"author":{"name":"redazione","@id":"https:\/\/www.bellunopress.it\/#\/schema\/person\/79bb06722b37ece1c03d3e94beb30d73"},"headline":"Crollo del muro di contenimento della strada di accesso al Tiro a Segno di Belluno * di Renato Cafiero","datePublished":"2023-11-02T16:53:09+00:00","mainEntityOfPage":{"@id":"https:\/\/www.bellunopress.it\/2023\/11\/02\/crollo-del-muro-di-contenimento-della-strada-di-accesso-al-tiro-a-segno-di-belluno-di-renato-cafiero\/"},"wordCount":763,"publisher":{"@id":"https:\/\/www.bellunopress.it\/#organization"},"image":{"@id":"https:\/\/www.bellunopress.it\/2023\/11\/02\/crollo-del-muro-di-contenimento-della-strada-di-accesso-al-tiro-a-segno-di-belluno-di-renato-cafiero\/#primaryimage"},"thumbnailUrl":"https:\/\/www.bellunopress.it\/wp-content\/uploads\/2023\/11\/Strada-poligono-di-tiro-MUssoi_edited.jpg","articleSection":["Cronaca\/Politica","Prima Pagina","Societ\u00e0, Associazioni, Istituzioni"],"inLanguage":"fr-FR"},{"@type":"WebPage","@id":"https:\/\/www.bellunopress.it\/2023\/11\/02\/crollo-del-muro-di-contenimento-della-strada-di-accesso-al-tiro-a-segno-di-belluno-di-renato-cafiero\/","url":"https:\/\/www.bellunopress.it\/2023\/11\/02\/crollo-del-muro-di-contenimento-della-strada-di-accesso-al-tiro-a-segno-di-belluno-di-renato-cafiero\/","name":"Crollo del muro di contenimento della strada di accesso al Tiro a Segno di Belluno * di Renato Cafiero - Bellunopress - Dolomiti","isPartOf":{"@id":"https:\/\/www.bellunopress.it\/#website"},"primaryImageOfPage":{"@id":"https:\/\/www.bellunopress.it\/2023\/11\/02\/crollo-del-muro-di-contenimento-della-strada-di-accesso-al-tiro-a-segno-di-belluno-di-renato-cafiero\/#primaryimage"},"image":{"@id":"https:\/\/www.bellunopress.it\/2023\/11\/02\/crollo-del-muro-di-contenimento-della-strada-di-accesso-al-tiro-a-segno-di-belluno-di-renato-cafiero\/#primaryimage"},"thumbnailUrl":"https:\/\/www.bellunopress.it\/wp-content\/uploads\/2023\/11\/Strada-poligono-di-tiro-MUssoi_edited.jpg","datePublished":"2023-11-02T16:53:09+00:00","breadcrumb":{"@id":"https:\/\/www.bellunopress.it\/2023\/11\/02\/crollo-del-muro-di-contenimento-della-strada-di-accesso-al-tiro-a-segno-di-belluno-di-renato-cafiero\/#breadcrumb"},"inLanguage":"fr-FR","potentialAction":[{"@type":"ReadAction","target":["https:\/\/www.bellunopress.it\/2023\/11\/02\/crollo-del-muro-di-contenimento-della-strada-di-accesso-al-tiro-a-segno-di-belluno-di-renato-cafiero\/"]}]},{"@type":"ImageObject","inLanguage":"fr-FR","@id":"https:\/\/www.bellunopress.it\/2023\/11\/02\/crollo-del-muro-di-contenimento-della-strada-di-accesso-al-tiro-a-segno-di-belluno-di-renato-cafiero\/#primaryimage","url":"https:\/\/www.bellunopress.it\/wp-content\/uploads\/2023\/11\/Strada-poligono-di-tiro-MUssoi_edited.jpg","contentUrl":"https:\/\/www.bellunopress.it\/wp-content\/uploads\/2023\/11\/Strada-poligono-di-tiro-MUssoi_edited.jpg","width":480,"height":640},{"@type":"BreadcrumbList","@id":"https:\/\/www.bellunopress.it\/2023\/11\/02\/crollo-del-muro-di-contenimento-della-strada-di-accesso-al-tiro-a-segno-di-belluno-di-renato-cafiero\/#breadcrumb","itemListElement":[{"@type":"ListItem","position":1,"name":"Home","item":"https:\/\/www.bellunopress.it\/"},{"@type":"ListItem","position":2,"name":"Crollo del muro di contenimento della strada di accesso al Tiro a Segno di Belluno * di Renato Cafiero"}]},{"@type":"WebSite","@id":"https:\/\/www.bellunopress.it\/#website","url":"https:\/\/www.bellunopress.it\/","name":"Bellunopress - Dolomiti","description":"e-mail: redazione@bellunopress.it","publisher":{"@id":"https:\/\/www.bellunopress.it\/#organization"},"potentialAction":[{"@type":"SearchAction","target":{"@type":"EntryPoint","urlTemplate":"https:\/\/www.bellunopress.it\/?s={search_term_string}"},"query-input":{"@type":"PropertyValueSpecification","valueRequired":true,"valueName":"search_term_string"}}],"inLanguage":"fr-FR"},{"@type":"Organization","@id":"https:\/\/www.bellunopress.it\/#organization","name":"Bellunopress","url":"https:\/\/www.bellunopress.it\/","logo":{"@type":"ImageObject","inLanguage":"fr-FR","@id":"https:\/\/www.bellunopress.it\/#\/schema\/logo\/image\/","url":"https:\/\/www.bellunopress.it\/wp-content\/uploads\/2011\/05\/cropped-logo-bellunopress-.jpg","contentUrl":"https:\/\/www.bellunopress.it\/wp-content\/uploads\/2011\/05\/cropped-logo-bellunopress-.jpg","width":512,"height":512,"caption":"Bellunopress"},"image":{"@id":"https:\/\/www.bellunopress.it\/#\/schema\/logo\/image\/"},"sameAs":["https:\/\/www.facebook.com\/profile.php?id=100008943462799","https:\/\/x.com\/bellunopress","https:\/\/www.linkedin.com\/hp\/?dnr=JBzUWaJfMUw8vbXJJ2tVW5-I3jZKvC4wsoxE&amp;amp;amp;amp;amp;amp;trk=nav_responsive_tab_home","https:\/\/www.youtube.com\/channel\/UCxL0wu1uN0_3_7hGG0306cw"]},{"@type":"Person","@id":"https:\/\/www.bellunopress.it\/#\/schema\/person\/79bb06722b37ece1c03d3e94beb30d73","name":"r\u00e9daction","image":{"@type":"ImageObject","inLanguage":"fr-FR","@id":"https:\/\/secure.gravatar.com\/avatar\/37d968a2e67a6fd04c169c4bdef102d0bc5d31b2546345219e348575eb80e9a0?s=96&d=mm&r=g","url":"https:\/\/secure.gravatar.com\/avatar\/37d968a2e67a6fd04c169c4bdef102d0bc5d31b2546345219e348575eb80e9a0?s=96&d=mm&r=g","contentUrl":"https:\/\/secure.gravatar.com\/avatar\/37d968a2e67a6fd04c169c4bdef102d0bc5d31b2546345219e348575eb80e9a0?s=96&d=mm&r=g","caption":"redazione"},"sameAs":["http:\/\/www.bellunopress.it","https:\/\/x.com\/bellunopress"],"url":"https:\/\/www.bellunopress.it\/fr\/author\/redazione\/"}]}},"_links":{"self":[{"href":"https:\/\/www.bellunopress.it\/fr\/wp-json\/wp\/v2\/posts\/145570","targetHints":{"allow":["GET"]}}],"collection":[{"href":"https:\/\/www.bellunopress.it\/fr\/wp-json\/wp\/v2\/posts"}],"about":[{"href":"https:\/\/www.bellunopress.it\/fr\/wp-json\/wp\/v2\/types\/post"}],"author":[{"embeddable":true,"href":"https:\/\/www.bellunopress.it\/fr\/wp-json\/wp\/v2\/users\/2"}],"replies":[{"embeddable":true,"href":"https:\/\/www.bellunopress.it\/fr\/wp-json\/wp\/v2\/comments?post=145570"}],"version-history":[{"count":1,"href":"https:\/\/www.bellunopress.it\/fr\/wp-json\/wp\/v2\/posts\/145570\/revisions"}],"predecessor-version":[{"id":145572,"href":"https:\/\/www.bellunopress.it\/fr\/wp-json\/wp\/v2\/posts\/145570\/revisions\/145572"}],"wp:featuredmedia":[{"embeddable":true,"href":"https:\/\/www.bellunopress.it\/fr\/wp-json\/wp\/v2\/media\/145571"}],"wp:attachment":[{"href":"https:\/\/www.bellunopress.it\/fr\/wp-json\/wp\/v2\/media?parent=145570"}],"wp:term":[{"taxonomy":"category","embeddable":true,"href":"https:\/\/www.bellunopress.it\/fr\/wp-json\/wp\/v2\/categories?post=145570"},{"taxonomy":"post_tag","embeddable":true,"href":"https:\/\/www.bellunopress.it\/fr\/wp-json\/wp\/v2\/tags?post=145570"}],"curies":[{"name":"wp","href":"https:\/\/api.w.org\/{rel}","templated":true}]}}