{"id":145500,"date":"2023-10-31T13:57:25","date_gmt":"2023-10-31T12:57:25","guid":{"rendered":"https:\/\/www.bellunopress.it\/?p=145500"},"modified":"2023-10-31T13:57:25","modified_gmt":"2023-10-31T12:57:25","slug":"maltempo-in-attenuazione-zaia-grazie-al-sistema-di-protezione-civile-per-impegno-e-abnegazione","status":"publish","type":"post","link":"https:\/\/www.bellunopress.it\/fr\/2023\/10\/31\/maltempo-in-attenuazione-zaia-grazie-al-sistema-di-protezione-civile-per-impegno-e-abnegazione\/","title":{"rendered":"Maltempo in attenuazione. Zaia: &#8220;Grazie al sistema di protezione civile per impegno e abnegazione&#8221;"},"content":{"rendered":"<figure id=\"attachment_107382\" aria-describedby=\"caption-attachment-107382\" style=\"width: 241px\" class=\"wp-caption alignleft\"><img loading=\"lazy\" decoding=\"async\" class=\"size-full wp-image-107382\" src=\"https:\/\/www.bellunopress.it\/wp-content\/uploads\/2019\/08\/Luca-Zaia.jpg\" alt=\"\" width=\"241\" height=\"300\" \/><figcaption id=\"caption-attachment-107382\" class=\"wp-caption-text\">Luca Zaia, presidente della Regione del Veneto<\/figcaption><\/figure>\n<p>Venezia, 31 ottobre 2023 &#8211; \u201cL\u2019ondata di maltempo che da ieri sera ha investito il Veneto si sta attenuando. Allo stato attuale le condizioni meteo sono previste in miglioramento, mentre gli uomini della Protezione Civile sono al lavoro per monitorare puntualmente l\u2019evoluzione della situazione e i disagi localizzati che si sono verificati in alcuni territori. Ringrazio tutto il sistema di Protezione Civile del Veneto, dirigenti, tecnici e volontari, che si \u00e8 attivato con la consueta rapidit\u00e0, professionalit\u00e0 e abnegazione, mettendo a disposizione energie, uomini e mezzi per garantire supporto a tutti i territori minacciati dal maltempo di queste ore\u201d.<\/p>\n<p>Cos\u00ec il presidente della Regione Luca Zaia sintetizza il quadro della situazione rispetto all\u2019annunciata perturbazione che da ieri sera si \u00e8 abbattuta in Veneto con intense precipitazioni e vento forte.<\/p>\n<p>Le previsioni meteo indicano una tendenza dalle ore 14 alle ore 17 di oggi, localmente, residui piovaschi\/rovesci e ventosit\u00e0 in graduale attenuazione.<\/p>\n<p>Per quanto riguarda i fiumi sono in diminuzione anche se ancora sostenuti i livelli alle sezioni montane e pedemontane dei corsi regionali, in particolare sul sistema Agno Gu\u00e0 e sul bacino dell\u2019Astico, mentre sono in crescita i livelli idrometrici alle sezioni vallive e di pianura dei corsi d\u2019acqua principali.<\/p>\n<p>In particolare, lungo l\u2019Adige verr\u00e0 raggiunto a breve il colmo di piena alla sezione di Trento con livelli prossimi a +5 m all\u2019idrometro di Ponte San Lorenzo. Il colmo di piena \u00e8 atteso in ingresso regione verso il pomeriggio, interessando la citt\u00e0 di Verona verso la sera odierna con livelli che potranno raggiungere la terza soglia di allertamento. Si regista la richiesta di apertura della galleria scolmatrice Adige Garda per salvaguardare Verona e Polesine da rischio allagamento.<\/p>\n<p>Per quanto concerne il Piave il colmo di piena \u00e8 transitato in mattinata alla sezione di Nervesa, \u00e8 atteso il passaggio del picco nel pomeriggio\/sera rispettivamente alle sezioni di Ponte di Piave e San Don\u00e0, con livelli superiori alla prima soglia di allerta<\/p>\n<p>Due frane sono state registrate ad Alleghe (BL) e Crespadoro (VI).<br \/>\nPer quanto riguarda gli effetti delle mareggiate lungo la costa a Jesolo sono stati segnalati danni da vento a stabilimenti balneari privati e marciapiedi limitrofi con erosione delle dune presso l\u2019arenile in corrispondenza di Piazza Torino, Camping Village Waikiki e stabilimento Merville. \u00c8 stato chiuso l\u2019accesso alla spiaggia di Bibione a causa di locali allagamenti in corrispondenza della camminata e a Caorle segnalati danni da vento di lieve entit\u00e0 come a Rosolina si evidenziano lievi danni alla passeggiata.<\/p>","protected":false},"excerpt":{"rendered":"<p>Venezia, 31 ottobre 2023 &#8211; \u201cL\u2019ondata di maltempo che da ieri sera ha investito il Veneto si sta attenuando. Allo stato attuale le condizioni meteo sono previste in miglioramento, mentre gli uomini della Protezione Civile sono al lavoro per monitorare puntualmente l\u2019evoluzione della situazione e i disagi localizzati che si sono verificati in alcuni territori. [&hellip;]<\/p>\n","protected":false},"author":2,"featured_media":107382,"comment_status":"closed","ping_status":"open","sticky":false,"template":"","format":"standard","meta":{"footnotes":""},"categories":[5],"tags":[],"class_list":["post-145500","post","type-post","status-publish","format-standard","has-post-thumbnail","category-cronaca"],"yoast_head":"<!-- This site is optimized with the Yoast SEO plugin v28.4 - https:\/\/yoast.com\/product\/yoast-seo-wordpress\/ -->\n<title>Maltempo in attenuazione. Zaia: &quot;Grazie al sistema di protezione civile per impegno e abnegazione&quot; - Bellunopress - Dolomiti<\/title>\n<meta name=\"robots\" content=\"index, follow, max-snippet:-1, max-image-preview:large, max-video-preview:-1\" \/>\n<link rel=\"canonical\" href=\"https:\/\/www.bellunopress.it\/fr\/2023\/10\/31\/maltempo-in-attenuazione-zaia-grazie-al-sistema-di-protezione-civile-per-impegno-e-abnegazione\/\" \/>\n<meta property=\"og:locale\" content=\"fr_FR\" \/>\n<meta property=\"og:type\" content=\"article\" \/>\n<meta property=\"og:title\" content=\"Maltempo in attenuazione. Zaia: &quot;Grazie al sistema di protezione civile per impegno e abnegazione&quot; - Bellunopress - Dolomiti\" \/>\n<meta property=\"og:description\" content=\"Venezia, 31 ottobre 2023 &#8211; \u201cL\u2019ondata di maltempo che da ieri sera ha investito il Veneto si sta attenuando. Allo stato attuale le condizioni meteo sono previste in miglioramento, mentre gli uomini della Protezione Civile sono al lavoro per monitorare puntualmente l\u2019evoluzione della situazione e i disagi localizzati che si sono verificati in alcuni territori. [&hellip;]\" \/>\n<meta property=\"og:url\" content=\"https:\/\/www.bellunopress.it\/fr\/2023\/10\/31\/maltempo-in-attenuazione-zaia-grazie-al-sistema-di-protezione-civile-per-impegno-e-abnegazione\/\" \/>\n<meta property=\"og:site_name\" content=\"Bellunopress - Dolomiti\" \/>\n<meta property=\"article:publisher\" content=\"https:\/\/www.facebook.com\/profile.php?id=100008943462799\" \/>\n<meta property=\"article:published_time\" content=\"2023-10-31T12:57:25+00:00\" \/>\n<meta property=\"og:image\" content=\"https:\/\/www.bellunopress.it\/wp-content\/uploads\/2019\/08\/Luca-Zaia.jpg\" \/>\n\t<meta property=\"og:image:width\" content=\"241\" \/>\n\t<meta property=\"og:image:height\" content=\"300\" \/>\n\t<meta property=\"og:image:type\" content=\"image\/jpeg\" \/>\n<meta name=\"author\" content=\"redazione\" \/>\n<meta name=\"twitter:card\" content=\"summary_large_image\" \/>\n<meta name=\"twitter:creator\" content=\"@bellunopress\" \/>\n<meta name=\"twitter:site\" content=\"@bellunopress\" \/>\n<meta name=\"twitter:label1\" content=\"\u00c9crit par\" \/>\n\t<meta name=\"twitter:data1\" content=\"redazione\" \/>\n\t<meta name=\"twitter:label2\" content=\"Dur\u00e9e de lecture estim\u00e9e\" \/>\n\t<meta name=\"twitter:data2\" content=\"2 minutes\" \/>\n<script type=\"application\/ld+json\" class=\"yoast-schema-graph\">{\"@context\":\"https:\\\/\\\/schema.org\",\"@graph\":[{\"@type\":\"Article\",\"@id\":\"https:\\\/\\\/www.bellunopress.it\\\/2023\\\/10\\\/31\\\/maltempo-in-attenuazione-zaia-grazie-al-sistema-di-protezione-civile-per-impegno-e-abnegazione\\\/#article\",\"isPartOf\":{\"@id\":\"https:\\\/\\\/www.bellunopress.it\\\/2023\\\/10\\\/31\\\/maltempo-in-attenuazione-zaia-grazie-al-sistema-di-protezione-civile-per-impegno-e-abnegazione\\\/\"},\"author\":{\"name\":\"redazione\",\"@id\":\"https:\\\/\\\/www.bellunopress.it\\\/#\\\/schema\\\/person\\\/79bb06722b37ece1c03d3e94beb30d73\"},\"headline\":\"Maltempo in attenuazione. Zaia: &#8220;Grazie al sistema di protezione civile per impegno e abnegazione&#8221;\",\"datePublished\":\"2023-10-31T12:57:25+00:00\",\"mainEntityOfPage\":{\"@id\":\"https:\\\/\\\/www.bellunopress.it\\\/2023\\\/10\\\/31\\\/maltempo-in-attenuazione-zaia-grazie-al-sistema-di-protezione-civile-per-impegno-e-abnegazione\\\/\"},\"wordCount\":437,\"publisher\":{\"@id\":\"https:\\\/\\\/www.bellunopress.it\\\/#organization\"},\"image\":{\"@id\":\"https:\\\/\\\/www.bellunopress.it\\\/2023\\\/10\\\/31\\\/maltempo-in-attenuazione-zaia-grazie-al-sistema-di-protezione-civile-per-impegno-e-abnegazione\\\/#primaryimage\"},\"thumbnailUrl\":\"https:\\\/\\\/www.bellunopress.it\\\/wp-content\\\/uploads\\\/2019\\\/08\\\/Luca-Zaia.jpg\",\"articleSection\":[\"Cronaca\\\/Politica\"],\"inLanguage\":\"fr-FR\"},{\"@type\":\"WebPage\",\"@id\":\"https:\\\/\\\/www.bellunopress.it\\\/2023\\\/10\\\/31\\\/maltempo-in-attenuazione-zaia-grazie-al-sistema-di-protezione-civile-per-impegno-e-abnegazione\\\/\",\"url\":\"https:\\\/\\\/www.bellunopress.it\\\/2023\\\/10\\\/31\\\/maltempo-in-attenuazione-zaia-grazie-al-sistema-di-protezione-civile-per-impegno-e-abnegazione\\\/\",\"name\":\"Maltempo in attenuazione. Zaia: \\\"Grazie al sistema di protezione civile per impegno e abnegazione\\\" - Bellunopress - Dolomiti\",\"isPartOf\":{\"@id\":\"https:\\\/\\\/www.bellunopress.it\\\/#website\"},\"primaryImageOfPage\":{\"@id\":\"https:\\\/\\\/www.bellunopress.it\\\/2023\\\/10\\\/31\\\/maltempo-in-attenuazione-zaia-grazie-al-sistema-di-protezione-civile-per-impegno-e-abnegazione\\\/#primaryimage\"},\"image\":{\"@id\":\"https:\\\/\\\/www.bellunopress.it\\\/2023\\\/10\\\/31\\\/maltempo-in-attenuazione-zaia-grazie-al-sistema-di-protezione-civile-per-impegno-e-abnegazione\\\/#primaryimage\"},\"thumbnailUrl\":\"https:\\\/\\\/www.bellunopress.it\\\/wp-content\\\/uploads\\\/2019\\\/08\\\/Luca-Zaia.jpg\",\"datePublished\":\"2023-10-31T12:57:25+00:00\",\"breadcrumb\":{\"@id\":\"https:\\\/\\\/www.bellunopress.it\\\/2023\\\/10\\\/31\\\/maltempo-in-attenuazione-zaia-grazie-al-sistema-di-protezione-civile-per-impegno-e-abnegazione\\\/#breadcrumb\"},\"inLanguage\":\"fr-FR\",\"potentialAction\":[{\"@type\":\"ReadAction\",\"target\":[\"https:\\\/\\\/www.bellunopress.it\\\/2023\\\/10\\\/31\\\/maltempo-in-attenuazione-zaia-grazie-al-sistema-di-protezione-civile-per-impegno-e-abnegazione\\\/\"]}]},{\"@type\":\"ImageObject\",\"inLanguage\":\"fr-FR\",\"@id\":\"https:\\\/\\\/www.bellunopress.it\\\/2023\\\/10\\\/31\\\/maltempo-in-attenuazione-zaia-grazie-al-sistema-di-protezione-civile-per-impegno-e-abnegazione\\\/#primaryimage\",\"url\":\"https:\\\/\\\/www.bellunopress.it\\\/wp-content\\\/uploads\\\/2019\\\/08\\\/Luca-Zaia.jpg\",\"contentUrl\":\"https:\\\/\\\/www.bellunopress.it\\\/wp-content\\\/uploads\\\/2019\\\/08\\\/Luca-Zaia.jpg\",\"width\":241,\"height\":300,\"caption\":\"Luca Zaia, presidente della Regione del Veneto\"},{\"@type\":\"BreadcrumbList\",\"@id\":\"https:\\\/\\\/www.bellunopress.it\\\/2023\\\/10\\\/31\\\/maltempo-in-attenuazione-zaia-grazie-al-sistema-di-protezione-civile-per-impegno-e-abnegazione\\\/#breadcrumb\",\"itemListElement\":[{\"@type\":\"ListItem\",\"position\":1,\"name\":\"Home\",\"item\":\"https:\\\/\\\/www.bellunopress.it\\\/\"},{\"@type\":\"ListItem\",\"position\":2,\"name\":\"Maltempo in attenuazione. Zaia: &#8220;Grazie al sistema di protezione civile per impegno e abnegazione&#8221;\"}]},{\"@type\":\"WebSite\",\"@id\":\"https:\\\/\\\/www.bellunopress.it\\\/#website\",\"url\":\"https:\\\/\\\/www.bellunopress.it\\\/\",\"name\":\"Bellunopress - Dolomiti\",\"description\":\"e-mail: redazione@bellunopress.it\",\"publisher\":{\"@id\":\"https:\\\/\\\/www.bellunopress.it\\\/#organization\"},\"potentialAction\":[{\"@type\":\"SearchAction\",\"target\":{\"@type\":\"EntryPoint\",\"urlTemplate\":\"https:\\\/\\\/www.bellunopress.it\\\/?s={search_term_string}\"},\"query-input\":{\"@type\":\"PropertyValueSpecification\",\"valueRequired\":true,\"valueName\":\"search_term_string\"}}],\"inLanguage\":\"fr-FR\"},{\"@type\":\"Organization\",\"@id\":\"https:\\\/\\\/www.bellunopress.it\\\/#organization\",\"name\":\"Bellunopress\",\"url\":\"https:\\\/\\\/www.bellunopress.it\\\/\",\"logo\":{\"@type\":\"ImageObject\",\"inLanguage\":\"fr-FR\",\"@id\":\"https:\\\/\\\/www.bellunopress.it\\\/#\\\/schema\\\/logo\\\/image\\\/\",\"url\":\"https:\\\/\\\/www.bellunopress.it\\\/wp-content\\\/uploads\\\/2011\\\/05\\\/cropped-logo-bellunopress-.jpg\",\"contentUrl\":\"https:\\\/\\\/www.bellunopress.it\\\/wp-content\\\/uploads\\\/2011\\\/05\\\/cropped-logo-bellunopress-.jpg\",\"width\":512,\"height\":512,\"caption\":\"Bellunopress\"},\"image\":{\"@id\":\"https:\\\/\\\/www.bellunopress.it\\\/#\\\/schema\\\/logo\\\/image\\\/\"},\"sameAs\":[\"https:\\\/\\\/www.facebook.com\\\/profile.php?id=100008943462799\",\"https:\\\/\\\/x.com\\\/bellunopress\",\"https:\\\/\\\/www.linkedin.com\\\/hp\\\/?dnr=JBzUWaJfMUw8vbXJJ2tVW5-I3jZKvC4wsoxE&amp;amp;amp;amp;amp;amp;trk=nav_responsive_tab_home\",\"https:\\\/\\\/www.youtube.com\\\/channel\\\/UCxL0wu1uN0_3_7hGG0306cw\"]},{\"@type\":\"Person\",\"@id\":\"https:\\\/\\\/www.bellunopress.it\\\/#\\\/schema\\\/person\\\/79bb06722b37ece1c03d3e94beb30d73\",\"name\":\"redazione\",\"image\":{\"@type\":\"ImageObject\",\"inLanguage\":\"fr-FR\",\"@id\":\"https:\\\/\\\/secure.gravatar.com\\\/avatar\\\/37d968a2e67a6fd04c169c4bdef102d0bc5d31b2546345219e348575eb80e9a0?s=96&d=mm&r=g\",\"url\":\"https:\\\/\\\/secure.gravatar.com\\\/avatar\\\/37d968a2e67a6fd04c169c4bdef102d0bc5d31b2546345219e348575eb80e9a0?s=96&d=mm&r=g\",\"contentUrl\":\"https:\\\/\\\/secure.gravatar.com\\\/avatar\\\/37d968a2e67a6fd04c169c4bdef102d0bc5d31b2546345219e348575eb80e9a0?s=96&d=mm&r=g\",\"caption\":\"redazione\"},\"sameAs\":[\"http:\\\/\\\/www.bellunopress.it\",\"https:\\\/\\\/x.com\\\/bellunopress\"],\"url\":\"https:\\\/\\\/www.bellunopress.it\\\/fr\\\/author\\\/redazione\\\/\"}]}<\/script>\n<!-- \/ Yoast SEO plugin. -->","yoast_head_json":{"title":"Maltempo in attenuazione. Zaia: \"Grazie al sistema di protezione civile per impegno e abnegazione\" - Bellunopress - Dolomiti","robots":{"index":"index","follow":"follow","max-snippet":"max-snippet:-1","max-image-preview":"max-image-preview:large","max-video-preview":"max-video-preview:-1"},"canonical":"https:\/\/www.bellunopress.it\/fr\/2023\/10\/31\/maltempo-in-attenuazione-zaia-grazie-al-sistema-di-protezione-civile-per-impegno-e-abnegazione\/","og_locale":"fr_FR","og_type":"article","og_title":"Maltempo in attenuazione. Zaia: \"Grazie al sistema di protezione civile per impegno e abnegazione\" - Bellunopress - Dolomiti","og_description":"Venezia, 31 ottobre 2023 &#8211; \u201cL\u2019ondata di maltempo che da ieri sera ha investito il Veneto si sta attenuando. Allo stato attuale le condizioni meteo sono previste in miglioramento, mentre gli uomini della Protezione Civile sono al lavoro per monitorare puntualmente l\u2019evoluzione della situazione e i disagi localizzati che si sono verificati in alcuni territori. [&hellip;]","og_url":"https:\/\/www.bellunopress.it\/fr\/2023\/10\/31\/maltempo-in-attenuazione-zaia-grazie-al-sistema-di-protezione-civile-per-impegno-e-abnegazione\/","og_site_name":"Bellunopress - Dolomiti","article_publisher":"https:\/\/www.facebook.com\/profile.php?id=100008943462799","article_published_time":"2023-10-31T12:57:25+00:00","og_image":[{"width":241,"height":300,"url":"https:\/\/www.bellunopress.it\/wp-content\/uploads\/2019\/08\/Luca-Zaia.jpg","type":"image\/jpeg"}],"author":"redazione","twitter_card":"summary_large_image","twitter_creator":"@bellunopress","twitter_site":"@bellunopress","twitter_misc":{"\u00c9crit par":"redazione","Dur\u00e9e de lecture estim\u00e9e":"2 minutes"},"schema":{"@context":"https:\/\/schema.org","@graph":[{"@type":"Article","@id":"https:\/\/www.bellunopress.it\/2023\/10\/31\/maltempo-in-attenuazione-zaia-grazie-al-sistema-di-protezione-civile-per-impegno-e-abnegazione\/#article","isPartOf":{"@id":"https:\/\/www.bellunopress.it\/2023\/10\/31\/maltempo-in-attenuazione-zaia-grazie-al-sistema-di-protezione-civile-per-impegno-e-abnegazione\/"},"author":{"name":"redazione","@id":"https:\/\/www.bellunopress.it\/#\/schema\/person\/79bb06722b37ece1c03d3e94beb30d73"},"headline":"Maltempo in attenuazione. Zaia: &#8220;Grazie al sistema di protezione civile per impegno e abnegazione&#8221;","datePublished":"2023-10-31T12:57:25+00:00","mainEntityOfPage":{"@id":"https:\/\/www.bellunopress.it\/2023\/10\/31\/maltempo-in-attenuazione-zaia-grazie-al-sistema-di-protezione-civile-per-impegno-e-abnegazione\/"},"wordCount":437,"publisher":{"@id":"https:\/\/www.bellunopress.it\/#organization"},"image":{"@id":"https:\/\/www.bellunopress.it\/2023\/10\/31\/maltempo-in-attenuazione-zaia-grazie-al-sistema-di-protezione-civile-per-impegno-e-abnegazione\/#primaryimage"},"thumbnailUrl":"https:\/\/www.bellunopress.it\/wp-content\/uploads\/2019\/08\/Luca-Zaia.jpg","articleSection":["Cronaca\/Politica"],"inLanguage":"fr-FR"},{"@type":"WebPage","@id":"https:\/\/www.bellunopress.it\/2023\/10\/31\/maltempo-in-attenuazione-zaia-grazie-al-sistema-di-protezione-civile-per-impegno-e-abnegazione\/","url":"https:\/\/www.bellunopress.it\/2023\/10\/31\/maltempo-in-attenuazione-zaia-grazie-al-sistema-di-protezione-civile-per-impegno-e-abnegazione\/","name":"Maltempo in attenuazione. Zaia: \"Grazie al sistema di protezione civile per impegno e abnegazione\" - Bellunopress - Dolomiti","isPartOf":{"@id":"https:\/\/www.bellunopress.it\/#website"},"primaryImageOfPage":{"@id":"https:\/\/www.bellunopress.it\/2023\/10\/31\/maltempo-in-attenuazione-zaia-grazie-al-sistema-di-protezione-civile-per-impegno-e-abnegazione\/#primaryimage"},"image":{"@id":"https:\/\/www.bellunopress.it\/2023\/10\/31\/maltempo-in-attenuazione-zaia-grazie-al-sistema-di-protezione-civile-per-impegno-e-abnegazione\/#primaryimage"},"thumbnailUrl":"https:\/\/www.bellunopress.it\/wp-content\/uploads\/2019\/08\/Luca-Zaia.jpg","datePublished":"2023-10-31T12:57:25+00:00","breadcrumb":{"@id":"https:\/\/www.bellunopress.it\/2023\/10\/31\/maltempo-in-attenuazione-zaia-grazie-al-sistema-di-protezione-civile-per-impegno-e-abnegazione\/#breadcrumb"},"inLanguage":"fr-FR","potentialAction":[{"@type":"ReadAction","target":["https:\/\/www.bellunopress.it\/2023\/10\/31\/maltempo-in-attenuazione-zaia-grazie-al-sistema-di-protezione-civile-per-impegno-e-abnegazione\/"]}]},{"@type":"ImageObject","inLanguage":"fr-FR","@id":"https:\/\/www.bellunopress.it\/2023\/10\/31\/maltempo-in-attenuazione-zaia-grazie-al-sistema-di-protezione-civile-per-impegno-e-abnegazione\/#primaryimage","url":"https:\/\/www.bellunopress.it\/wp-content\/uploads\/2019\/08\/Luca-Zaia.jpg","contentUrl":"https:\/\/www.bellunopress.it\/wp-content\/uploads\/2019\/08\/Luca-Zaia.jpg","width":241,"height":300,"caption":"Luca Zaia, presidente della Regione del Veneto"},{"@type":"BreadcrumbList","@id":"https:\/\/www.bellunopress.it\/2023\/10\/31\/maltempo-in-attenuazione-zaia-grazie-al-sistema-di-protezione-civile-per-impegno-e-abnegazione\/#breadcrumb","itemListElement":[{"@type":"ListItem","position":1,"name":"Home","item":"https:\/\/www.bellunopress.it\/"},{"@type":"ListItem","position":2,"name":"Maltempo in attenuazione. Zaia: &#8220;Grazie al sistema di protezione civile per impegno e abnegazione&#8221;"}]},{"@type":"WebSite","@id":"https:\/\/www.bellunopress.it\/#website","url":"https:\/\/www.bellunopress.it\/","name":"Bellunopress - Dolomiti","description":"e-mail: redazione@bellunopress.it","publisher":{"@id":"https:\/\/www.bellunopress.it\/#organization"},"potentialAction":[{"@type":"SearchAction","target":{"@type":"EntryPoint","urlTemplate":"https:\/\/www.bellunopress.it\/?s={search_term_string}"},"query-input":{"@type":"PropertyValueSpecification","valueRequired":true,"valueName":"search_term_string"}}],"inLanguage":"fr-FR"},{"@type":"Organization","@id":"https:\/\/www.bellunopress.it\/#organization","name":"Bellunopress","url":"https:\/\/www.bellunopress.it\/","logo":{"@type":"ImageObject","inLanguage":"fr-FR","@id":"https:\/\/www.bellunopress.it\/#\/schema\/logo\/image\/","url":"https:\/\/www.bellunopress.it\/wp-content\/uploads\/2011\/05\/cropped-logo-bellunopress-.jpg","contentUrl":"https:\/\/www.bellunopress.it\/wp-content\/uploads\/2011\/05\/cropped-logo-bellunopress-.jpg","width":512,"height":512,"caption":"Bellunopress"},"image":{"@id":"https:\/\/www.bellunopress.it\/#\/schema\/logo\/image\/"},"sameAs":["https:\/\/www.facebook.com\/profile.php?id=100008943462799","https:\/\/x.com\/bellunopress","https:\/\/www.linkedin.com\/hp\/?dnr=JBzUWaJfMUw8vbXJJ2tVW5-I3jZKvC4wsoxE&amp;amp;amp;amp;amp;amp;trk=nav_responsive_tab_home","https:\/\/www.youtube.com\/channel\/UCxL0wu1uN0_3_7hGG0306cw"]},{"@type":"Person","@id":"https:\/\/www.bellunopress.it\/#\/schema\/person\/79bb06722b37ece1c03d3e94beb30d73","name":"r\u00e9daction","image":{"@type":"ImageObject","inLanguage":"fr-FR","@id":"https:\/\/secure.gravatar.com\/avatar\/37d968a2e67a6fd04c169c4bdef102d0bc5d31b2546345219e348575eb80e9a0?s=96&d=mm&r=g","url":"https:\/\/secure.gravatar.com\/avatar\/37d968a2e67a6fd04c169c4bdef102d0bc5d31b2546345219e348575eb80e9a0?s=96&d=mm&r=g","contentUrl":"https:\/\/secure.gravatar.com\/avatar\/37d968a2e67a6fd04c169c4bdef102d0bc5d31b2546345219e348575eb80e9a0?s=96&d=mm&r=g","caption":"redazione"},"sameAs":["http:\/\/www.bellunopress.it","https:\/\/x.com\/bellunopress"],"url":"https:\/\/www.bellunopress.it\/fr\/author\/redazione\/"}]}},"_links":{"self":[{"href":"https:\/\/www.bellunopress.it\/fr\/wp-json\/wp\/v2\/posts\/145500","targetHints":{"allow":["GET"]}}],"collection":[{"href":"https:\/\/www.bellunopress.it\/fr\/wp-json\/wp\/v2\/posts"}],"about":[{"href":"https:\/\/www.bellunopress.it\/fr\/wp-json\/wp\/v2\/types\/post"}],"author":[{"embeddable":true,"href":"https:\/\/www.bellunopress.it\/fr\/wp-json\/wp\/v2\/users\/2"}],"replies":[{"embeddable":true,"href":"https:\/\/www.bellunopress.it\/fr\/wp-json\/wp\/v2\/comments?post=145500"}],"version-history":[{"count":1,"href":"https:\/\/www.bellunopress.it\/fr\/wp-json\/wp\/v2\/posts\/145500\/revisions"}],"predecessor-version":[{"id":145501,"href":"https:\/\/www.bellunopress.it\/fr\/wp-json\/wp\/v2\/posts\/145500\/revisions\/145501"}],"wp:featuredmedia":[{"embeddable":true,"href":"https:\/\/www.bellunopress.it\/fr\/wp-json\/wp\/v2\/media\/107382"}],"wp:attachment":[{"href":"https:\/\/www.bellunopress.it\/fr\/wp-json\/wp\/v2\/media?parent=145500"}],"wp:term":[{"taxonomy":"category","embeddable":true,"href":"https:\/\/www.bellunopress.it\/fr\/wp-json\/wp\/v2\/categories?post=145500"},{"taxonomy":"post_tag","embeddable":true,"href":"https:\/\/www.bellunopress.it\/fr\/wp-json\/wp\/v2\/tags?post=145500"}],"curies":[{"name":"wp","href":"https:\/\/api.w.org\/{rel}","templated":true}]}}