{"id":145498,"date":"2023-10-31T13:41:26","date_gmt":"2023-10-31T12:41:26","guid":{"rendered":"https:\/\/www.bellunopress.it\/?p=145498"},"modified":"2023-10-31T13:41:26","modified_gmt":"2023-10-31T12:41:26","slug":"referendum-fusioni-comuni-passano-due-su-quattro-nasce-setteville-dallaccorpamento-di-quero-vas-e-alano-di-piave","status":"publish","type":"post","link":"https:\/\/www.bellunopress.it\/fr\/2023\/10\/31\/referendum-fusioni-comuni-passano-due-su-quattro-nasce-setteville-dallaccorpamento-di-quero-vas-e-alano-di-piave\/","title":{"rendered":"Referendum fusioni Comuni, passano due su quattro. Nasce Setteville dall&#8217;accorpamento di Quero-Vas e Alano di Piave"},"content":{"rendered":"<figure id=\"attachment_125882\" aria-describedby=\"caption-attachment-125882\" style=\"width: 515px\" class=\"wp-caption alignleft\"><img loading=\"lazy\" decoding=\"async\" class=\"size-full wp-image-125882\" src=\"https:\/\/www.bellunopress.it\/wp-content\/uploads\/2021\/07\/Calzavara-assessore-regionale_edited.jpg\" alt=\"\" width=\"515\" height=\"431\" srcset=\"https:\/\/www.bellunopress.it\/wp-content\/uploads\/2021\/07\/Calzavara-assessore-regionale_edited.jpg 515w, https:\/\/www.bellunopress.it\/wp-content\/uploads\/2021\/07\/Calzavara-assessore-regionale_edited-500x418.jpg 500w, https:\/\/www.bellunopress.it\/wp-content\/uploads\/2021\/07\/Calzavara-assessore-regionale_edited-502x420.jpg 502w\" sizes=\"auto, (max-width: 515px) 100vw, 515px\" \/><figcaption id=\"caption-attachment-125882\" class=\"wp-caption-text\">Francesco Calzavara, assessore regionale al Bilancio e alla Programmazione del Veneto<\/figcaption><\/figure>\n<p>&#8220;Da questa prima tornata di referendum regionale consultivo nascono ufficialmente due nuovi comuni: Setteville, con 5793 abitanti, dalla fusione di Quero Vas e Alano di Piave (BL), e Santa Caterina d\u2019Este, con 2350 abitanti, dalla fusione di Carceri e Vighizzolo d&#8217;Este (PD). L\u2019abbassamento del quorum di partecipazione ha sicuramente incentivato la partecipazione dei cittadini che hanno dimostrato interesse e adesione a questo importante istituto di democrazia diretta\u201d.<\/p>\n<p>Cos\u00ec l\u2019assessore regionale al Bilancio e agli Enti locali, Francesco Calzavara, commenta i risultati del referendum regionale consultivo per la fusione che ha visto al voto otto amministrazioni locali e chiamato alle urne circa 20mila elettori.<\/p>\n<p>\u201cQuesto risultato dimostra quanto sia importante continuare a ragionare sulla razionalizzazione della governance, individuando la dimensione media ottimale degli enti in grado di assicurare anche tutte le funzioni comunali \u2013 prosegue Calzavara -. Il Veneto, con i suoi 563 comuni, \u00e8 la terza regione per numero di comuni, di cui 181 con meno di 3mila abitanti e in uno scenario decennale, circa 130 Comuni veneti sotto i 10mila abitanti avranno serie difficolt\u00e0 ad erogare servizi efficienti sul proprio territorio. E quanto avvenuto in Veneto nell\u2019ultimo fine settimana di ottobre \u00e8 il primo piccolo passo, ma importante, per raggiungere questo risultato\u201d.<\/p>\n<p>Mentre a Polesella non \u00e8 stato raggiunto il quorum (27%, con la maggioranza di \u201cs\u00ec\u201d) a Guarda \u00e8 stato raggiunto, ma ha vinto il no, per cui non passa il referendum sulla fusione.<\/p>\n<p>\u201cPer certi versi \u00e8 il risultato pi\u00f9 sorprendente \u2013 specifica l\u2019Assessore veneto -: nonostante ci fosse l\u2019unanimit\u00e0 dei consigli comunali si \u00e8 forse dato per scontato l\u2019esito, non comprendendo anche le legittime contrariet\u00e0\u201d.<\/p>\n<p>Altro caso riguarda la fusione tra Sovizzo e Gambugliano. Mentre a Gambugliano \u00e8 stato raggiunto il quorum con il 64% di s\u00ec, nel comune di Sovizzo mancano solamente 25 voti al raggiungimento del quorum, con la maggioranza di cittadini che hanno espresso il voto favorevole alla proposta di fusione (il s\u00ec \u00e8 94,17% il no 5,83%).<\/p>\n<p>In questo ultimo caso, la legge regionale numero 25\/1992 d\u00e0 facolt\u00e0 al Consiglio della Regione del Veneto di effettuare una valutazione complessiva sul referendum, in quanto hanno partecipato al referendum una percentuale non inferiore a 5 punti rispetto al quorum previsto, che si somma, peraltro, alla maggioranza di voti favorevoli alla proposta di fusione.<\/p>","protected":false},"excerpt":{"rendered":"<p>&#8220;Da questa prima tornata di referendum regionale consultivo nascono ufficialmente due nuovi comuni: Setteville, con 5793 abitanti, dalla fusione di Quero Vas e Alano di Piave (BL), e Santa Caterina d\u2019Este, con 2350 abitanti, dalla fusione di Carceri e Vighizzolo d&#8217;Este (PD). L\u2019abbassamento del quorum di partecipazione ha sicuramente incentivato la partecipazione dei cittadini che [&hellip;]<\/p>\n","protected":false},"author":2,"featured_media":125882,"comment_status":"closed","ping_status":"open","sticky":false,"template":"","format":"standard","meta":{"footnotes":""},"categories":[5,26],"tags":[],"class_list":["post-145498","post","type-post","status-publish","format-standard","has-post-thumbnail","category-cronaca","category-prima-pagina"],"yoast_head":"<!-- This site is optimized with the Yoast SEO plugin v28.4 - https:\/\/yoast.com\/product\/yoast-seo-wordpress\/ -->\n<title>Referendum fusioni Comuni, passano due su quattro. Nasce Setteville dall&#039;accorpamento di Quero-Vas e Alano di Piave - Bellunopress - Dolomiti<\/title>\n<meta name=\"robots\" content=\"index, follow, max-snippet:-1, max-image-preview:large, max-video-preview:-1\" \/>\n<link rel=\"canonical\" href=\"https:\/\/www.bellunopress.it\/fr\/2023\/10\/31\/referendum-fusioni-comuni-passano-due-su-quattro-nasce-setteville-dallaccorpamento-di-quero-vas-e-alano-di-piave\/\" \/>\n<meta property=\"og:locale\" content=\"fr_FR\" \/>\n<meta property=\"og:type\" content=\"article\" \/>\n<meta property=\"og:title\" content=\"Referendum fusioni Comuni, passano due su quattro. Nasce Setteville dall&#039;accorpamento di Quero-Vas e Alano di Piave - Bellunopress - Dolomiti\" \/>\n<meta property=\"og:description\" content=\"&#8220;Da questa prima tornata di referendum regionale consultivo nascono ufficialmente due nuovi comuni: Setteville, con 5793 abitanti, dalla fusione di Quero Vas e Alano di Piave (BL), e Santa Caterina d\u2019Este, con 2350 abitanti, dalla fusione di Carceri e Vighizzolo d&#8217;Este (PD). L\u2019abbassamento del quorum di partecipazione ha sicuramente incentivato la partecipazione dei cittadini che [&hellip;]\" \/>\n<meta property=\"og:url\" content=\"https:\/\/www.bellunopress.it\/fr\/2023\/10\/31\/referendum-fusioni-comuni-passano-due-su-quattro-nasce-setteville-dallaccorpamento-di-quero-vas-e-alano-di-piave\/\" \/>\n<meta property=\"og:site_name\" content=\"Bellunopress - Dolomiti\" \/>\n<meta property=\"article:publisher\" content=\"https:\/\/www.facebook.com\/profile.php?id=100008943462799\" \/>\n<meta property=\"article:published_time\" content=\"2023-10-31T12:41:26+00:00\" \/>\n<meta property=\"og:image\" content=\"https:\/\/www.bellunopress.it\/wp-content\/uploads\/2021\/07\/Calzavara-assessore-regionale_edited.jpg\" \/>\n\t<meta property=\"og:image:width\" content=\"515\" \/>\n\t<meta property=\"og:image:height\" content=\"431\" \/>\n\t<meta property=\"og:image:type\" content=\"image\/jpeg\" \/>\n<meta name=\"author\" content=\"redazione\" \/>\n<meta name=\"twitter:card\" content=\"summary_large_image\" \/>\n<meta name=\"twitter:creator\" content=\"@bellunopress\" \/>\n<meta name=\"twitter:site\" content=\"@bellunopress\" \/>\n<meta name=\"twitter:label1\" content=\"\u00c9crit par\" \/>\n\t<meta name=\"twitter:data1\" content=\"redazione\" \/>\n\t<meta name=\"twitter:label2\" content=\"Dur\u00e9e de lecture estim\u00e9e\" \/>\n\t<meta name=\"twitter:data2\" content=\"2 minutes\" \/>\n<script type=\"application\/ld+json\" class=\"yoast-schema-graph\">{\"@context\":\"https:\\\/\\\/schema.org\",\"@graph\":[{\"@type\":\"Article\",\"@id\":\"https:\\\/\\\/www.bellunopress.it\\\/2023\\\/10\\\/31\\\/referendum-fusioni-comuni-passano-due-su-quattro-nasce-setteville-dallaccorpamento-di-quero-vas-e-alano-di-piave\\\/#article\",\"isPartOf\":{\"@id\":\"https:\\\/\\\/www.bellunopress.it\\\/2023\\\/10\\\/31\\\/referendum-fusioni-comuni-passano-due-su-quattro-nasce-setteville-dallaccorpamento-di-quero-vas-e-alano-di-piave\\\/\"},\"author\":{\"name\":\"redazione\",\"@id\":\"https:\\\/\\\/www.bellunopress.it\\\/#\\\/schema\\\/person\\\/79bb06722b37ece1c03d3e94beb30d73\"},\"headline\":\"Referendum fusioni Comuni, passano due su quattro. Nasce Setteville dall&#8217;accorpamento di Quero-Vas e Alano di Piave\",\"datePublished\":\"2023-10-31T12:41:26+00:00\",\"mainEntityOfPage\":{\"@id\":\"https:\\\/\\\/www.bellunopress.it\\\/2023\\\/10\\\/31\\\/referendum-fusioni-comuni-passano-due-su-quattro-nasce-setteville-dallaccorpamento-di-quero-vas-e-alano-di-piave\\\/\"},\"wordCount\":400,\"publisher\":{\"@id\":\"https:\\\/\\\/www.bellunopress.it\\\/#organization\"},\"image\":{\"@id\":\"https:\\\/\\\/www.bellunopress.it\\\/2023\\\/10\\\/31\\\/referendum-fusioni-comuni-passano-due-su-quattro-nasce-setteville-dallaccorpamento-di-quero-vas-e-alano-di-piave\\\/#primaryimage\"},\"thumbnailUrl\":\"https:\\\/\\\/www.bellunopress.it\\\/wp-content\\\/uploads\\\/2021\\\/07\\\/Calzavara-assessore-regionale_edited.jpg\",\"articleSection\":[\"Cronaca\\\/Politica\",\"Prima Pagina\"],\"inLanguage\":\"fr-FR\"},{\"@type\":\"WebPage\",\"@id\":\"https:\\\/\\\/www.bellunopress.it\\\/2023\\\/10\\\/31\\\/referendum-fusioni-comuni-passano-due-su-quattro-nasce-setteville-dallaccorpamento-di-quero-vas-e-alano-di-piave\\\/\",\"url\":\"https:\\\/\\\/www.bellunopress.it\\\/2023\\\/10\\\/31\\\/referendum-fusioni-comuni-passano-due-su-quattro-nasce-setteville-dallaccorpamento-di-quero-vas-e-alano-di-piave\\\/\",\"name\":\"Referendum fusioni Comuni, passano due su quattro. Nasce Setteville dall'accorpamento di Quero-Vas e Alano di Piave - Bellunopress - Dolomiti\",\"isPartOf\":{\"@id\":\"https:\\\/\\\/www.bellunopress.it\\\/#website\"},\"primaryImageOfPage\":{\"@id\":\"https:\\\/\\\/www.bellunopress.it\\\/2023\\\/10\\\/31\\\/referendum-fusioni-comuni-passano-due-su-quattro-nasce-setteville-dallaccorpamento-di-quero-vas-e-alano-di-piave\\\/#primaryimage\"},\"image\":{\"@id\":\"https:\\\/\\\/www.bellunopress.it\\\/2023\\\/10\\\/31\\\/referendum-fusioni-comuni-passano-due-su-quattro-nasce-setteville-dallaccorpamento-di-quero-vas-e-alano-di-piave\\\/#primaryimage\"},\"thumbnailUrl\":\"https:\\\/\\\/www.bellunopress.it\\\/wp-content\\\/uploads\\\/2021\\\/07\\\/Calzavara-assessore-regionale_edited.jpg\",\"datePublished\":\"2023-10-31T12:41:26+00:00\",\"breadcrumb\":{\"@id\":\"https:\\\/\\\/www.bellunopress.it\\\/2023\\\/10\\\/31\\\/referendum-fusioni-comuni-passano-due-su-quattro-nasce-setteville-dallaccorpamento-di-quero-vas-e-alano-di-piave\\\/#breadcrumb\"},\"inLanguage\":\"fr-FR\",\"potentialAction\":[{\"@type\":\"ReadAction\",\"target\":[\"https:\\\/\\\/www.bellunopress.it\\\/2023\\\/10\\\/31\\\/referendum-fusioni-comuni-passano-due-su-quattro-nasce-setteville-dallaccorpamento-di-quero-vas-e-alano-di-piave\\\/\"]}]},{\"@type\":\"ImageObject\",\"inLanguage\":\"fr-FR\",\"@id\":\"https:\\\/\\\/www.bellunopress.it\\\/2023\\\/10\\\/31\\\/referendum-fusioni-comuni-passano-due-su-quattro-nasce-setteville-dallaccorpamento-di-quero-vas-e-alano-di-piave\\\/#primaryimage\",\"url\":\"https:\\\/\\\/www.bellunopress.it\\\/wp-content\\\/uploads\\\/2021\\\/07\\\/Calzavara-assessore-regionale_edited.jpg\",\"contentUrl\":\"https:\\\/\\\/www.bellunopress.it\\\/wp-content\\\/uploads\\\/2021\\\/07\\\/Calzavara-assessore-regionale_edited.jpg\",\"width\":515,\"height\":431,\"caption\":\"Francesco Calzavara, assessore regionale al Bilancio e alla Programmazione del Veneto\"},{\"@type\":\"BreadcrumbList\",\"@id\":\"https:\\\/\\\/www.bellunopress.it\\\/2023\\\/10\\\/31\\\/referendum-fusioni-comuni-passano-due-su-quattro-nasce-setteville-dallaccorpamento-di-quero-vas-e-alano-di-piave\\\/#breadcrumb\",\"itemListElement\":[{\"@type\":\"ListItem\",\"position\":1,\"name\":\"Home\",\"item\":\"https:\\\/\\\/www.bellunopress.it\\\/\"},{\"@type\":\"ListItem\",\"position\":2,\"name\":\"Referendum fusioni Comuni, passano due su quattro. Nasce Setteville dall&#8217;accorpamento di Quero-Vas e Alano di Piave\"}]},{\"@type\":\"WebSite\",\"@id\":\"https:\\\/\\\/www.bellunopress.it\\\/#website\",\"url\":\"https:\\\/\\\/www.bellunopress.it\\\/\",\"name\":\"Bellunopress - Dolomiti\",\"description\":\"e-mail: redazione@bellunopress.it\",\"publisher\":{\"@id\":\"https:\\\/\\\/www.bellunopress.it\\\/#organization\"},\"potentialAction\":[{\"@type\":\"SearchAction\",\"target\":{\"@type\":\"EntryPoint\",\"urlTemplate\":\"https:\\\/\\\/www.bellunopress.it\\\/?s={search_term_string}\"},\"query-input\":{\"@type\":\"PropertyValueSpecification\",\"valueRequired\":true,\"valueName\":\"search_term_string\"}}],\"inLanguage\":\"fr-FR\"},{\"@type\":\"Organization\",\"@id\":\"https:\\\/\\\/www.bellunopress.it\\\/#organization\",\"name\":\"Bellunopress\",\"url\":\"https:\\\/\\\/www.bellunopress.it\\\/\",\"logo\":{\"@type\":\"ImageObject\",\"inLanguage\":\"fr-FR\",\"@id\":\"https:\\\/\\\/www.bellunopress.it\\\/#\\\/schema\\\/logo\\\/image\\\/\",\"url\":\"https:\\\/\\\/www.bellunopress.it\\\/wp-content\\\/uploads\\\/2011\\\/05\\\/cropped-logo-bellunopress-.jpg\",\"contentUrl\":\"https:\\\/\\\/www.bellunopress.it\\\/wp-content\\\/uploads\\\/2011\\\/05\\\/cropped-logo-bellunopress-.jpg\",\"width\":512,\"height\":512,\"caption\":\"Bellunopress\"},\"image\":{\"@id\":\"https:\\\/\\\/www.bellunopress.it\\\/#\\\/schema\\\/logo\\\/image\\\/\"},\"sameAs\":[\"https:\\\/\\\/www.facebook.com\\\/profile.php?id=100008943462799\",\"https:\\\/\\\/x.com\\\/bellunopress\",\"https:\\\/\\\/www.linkedin.com\\\/hp\\\/?dnr=JBzUWaJfMUw8vbXJJ2tVW5-I3jZKvC4wsoxE&amp;amp;amp;amp;amp;amp;trk=nav_responsive_tab_home\",\"https:\\\/\\\/www.youtube.com\\\/channel\\\/UCxL0wu1uN0_3_7hGG0306cw\"]},{\"@type\":\"Person\",\"@id\":\"https:\\\/\\\/www.bellunopress.it\\\/#\\\/schema\\\/person\\\/79bb06722b37ece1c03d3e94beb30d73\",\"name\":\"redazione\",\"image\":{\"@type\":\"ImageObject\",\"inLanguage\":\"fr-FR\",\"@id\":\"https:\\\/\\\/secure.gravatar.com\\\/avatar\\\/37d968a2e67a6fd04c169c4bdef102d0bc5d31b2546345219e348575eb80e9a0?s=96&d=mm&r=g\",\"url\":\"https:\\\/\\\/secure.gravatar.com\\\/avatar\\\/37d968a2e67a6fd04c169c4bdef102d0bc5d31b2546345219e348575eb80e9a0?s=96&d=mm&r=g\",\"contentUrl\":\"https:\\\/\\\/secure.gravatar.com\\\/avatar\\\/37d968a2e67a6fd04c169c4bdef102d0bc5d31b2546345219e348575eb80e9a0?s=96&d=mm&r=g\",\"caption\":\"redazione\"},\"sameAs\":[\"http:\\\/\\\/www.bellunopress.it\",\"https:\\\/\\\/x.com\\\/bellunopress\"],\"url\":\"https:\\\/\\\/www.bellunopress.it\\\/fr\\\/author\\\/redazione\\\/\"}]}<\/script>\n<!-- \/ Yoast SEO plugin. -->","yoast_head_json":{"title":"Referendum fusioni Comuni, passano due su quattro. Nasce Setteville dall'accorpamento di Quero-Vas e Alano di Piave - Bellunopress - Dolomiti","robots":{"index":"index","follow":"follow","max-snippet":"max-snippet:-1","max-image-preview":"max-image-preview:large","max-video-preview":"max-video-preview:-1"},"canonical":"https:\/\/www.bellunopress.it\/fr\/2023\/10\/31\/referendum-fusioni-comuni-passano-due-su-quattro-nasce-setteville-dallaccorpamento-di-quero-vas-e-alano-di-piave\/","og_locale":"fr_FR","og_type":"article","og_title":"Referendum fusioni Comuni, passano due su quattro. Nasce Setteville dall'accorpamento di Quero-Vas e Alano di Piave - Bellunopress - Dolomiti","og_description":"&#8220;Da questa prima tornata di referendum regionale consultivo nascono ufficialmente due nuovi comuni: Setteville, con 5793 abitanti, dalla fusione di Quero Vas e Alano di Piave (BL), e Santa Caterina d\u2019Este, con 2350 abitanti, dalla fusione di Carceri e Vighizzolo d&#8217;Este (PD). L\u2019abbassamento del quorum di partecipazione ha sicuramente incentivato la partecipazione dei cittadini che [&hellip;]","og_url":"https:\/\/www.bellunopress.it\/fr\/2023\/10\/31\/referendum-fusioni-comuni-passano-due-su-quattro-nasce-setteville-dallaccorpamento-di-quero-vas-e-alano-di-piave\/","og_site_name":"Bellunopress - Dolomiti","article_publisher":"https:\/\/www.facebook.com\/profile.php?id=100008943462799","article_published_time":"2023-10-31T12:41:26+00:00","og_image":[{"width":515,"height":431,"url":"https:\/\/www.bellunopress.it\/wp-content\/uploads\/2021\/07\/Calzavara-assessore-regionale_edited.jpg","type":"image\/jpeg"}],"author":"redazione","twitter_card":"summary_large_image","twitter_creator":"@bellunopress","twitter_site":"@bellunopress","twitter_misc":{"\u00c9crit par":"redazione","Dur\u00e9e de lecture estim\u00e9e":"2 minutes"},"schema":{"@context":"https:\/\/schema.org","@graph":[{"@type":"Article","@id":"https:\/\/www.bellunopress.it\/2023\/10\/31\/referendum-fusioni-comuni-passano-due-su-quattro-nasce-setteville-dallaccorpamento-di-quero-vas-e-alano-di-piave\/#article","isPartOf":{"@id":"https:\/\/www.bellunopress.it\/2023\/10\/31\/referendum-fusioni-comuni-passano-due-su-quattro-nasce-setteville-dallaccorpamento-di-quero-vas-e-alano-di-piave\/"},"author":{"name":"redazione","@id":"https:\/\/www.bellunopress.it\/#\/schema\/person\/79bb06722b37ece1c03d3e94beb30d73"},"headline":"Referendum fusioni Comuni, passano due su quattro. Nasce Setteville dall&#8217;accorpamento di Quero-Vas e Alano di Piave","datePublished":"2023-10-31T12:41:26+00:00","mainEntityOfPage":{"@id":"https:\/\/www.bellunopress.it\/2023\/10\/31\/referendum-fusioni-comuni-passano-due-su-quattro-nasce-setteville-dallaccorpamento-di-quero-vas-e-alano-di-piave\/"},"wordCount":400,"publisher":{"@id":"https:\/\/www.bellunopress.it\/#organization"},"image":{"@id":"https:\/\/www.bellunopress.it\/2023\/10\/31\/referendum-fusioni-comuni-passano-due-su-quattro-nasce-setteville-dallaccorpamento-di-quero-vas-e-alano-di-piave\/#primaryimage"},"thumbnailUrl":"https:\/\/www.bellunopress.it\/wp-content\/uploads\/2021\/07\/Calzavara-assessore-regionale_edited.jpg","articleSection":["Cronaca\/Politica","Prima Pagina"],"inLanguage":"fr-FR"},{"@type":"WebPage","@id":"https:\/\/www.bellunopress.it\/2023\/10\/31\/referendum-fusioni-comuni-passano-due-su-quattro-nasce-setteville-dallaccorpamento-di-quero-vas-e-alano-di-piave\/","url":"https:\/\/www.bellunopress.it\/2023\/10\/31\/referendum-fusioni-comuni-passano-due-su-quattro-nasce-setteville-dallaccorpamento-di-quero-vas-e-alano-di-piave\/","name":"Referendum fusioni Comuni, passano due su quattro. Nasce Setteville dall'accorpamento di Quero-Vas e Alano di Piave - Bellunopress - Dolomiti","isPartOf":{"@id":"https:\/\/www.bellunopress.it\/#website"},"primaryImageOfPage":{"@id":"https:\/\/www.bellunopress.it\/2023\/10\/31\/referendum-fusioni-comuni-passano-due-su-quattro-nasce-setteville-dallaccorpamento-di-quero-vas-e-alano-di-piave\/#primaryimage"},"image":{"@id":"https:\/\/www.bellunopress.it\/2023\/10\/31\/referendum-fusioni-comuni-passano-due-su-quattro-nasce-setteville-dallaccorpamento-di-quero-vas-e-alano-di-piave\/#primaryimage"},"thumbnailUrl":"https:\/\/www.bellunopress.it\/wp-content\/uploads\/2021\/07\/Calzavara-assessore-regionale_edited.jpg","datePublished":"2023-10-31T12:41:26+00:00","breadcrumb":{"@id":"https:\/\/www.bellunopress.it\/2023\/10\/31\/referendum-fusioni-comuni-passano-due-su-quattro-nasce-setteville-dallaccorpamento-di-quero-vas-e-alano-di-piave\/#breadcrumb"},"inLanguage":"fr-FR","potentialAction":[{"@type":"ReadAction","target":["https:\/\/www.bellunopress.it\/2023\/10\/31\/referendum-fusioni-comuni-passano-due-su-quattro-nasce-setteville-dallaccorpamento-di-quero-vas-e-alano-di-piave\/"]}]},{"@type":"ImageObject","inLanguage":"fr-FR","@id":"https:\/\/www.bellunopress.it\/2023\/10\/31\/referendum-fusioni-comuni-passano-due-su-quattro-nasce-setteville-dallaccorpamento-di-quero-vas-e-alano-di-piave\/#primaryimage","url":"https:\/\/www.bellunopress.it\/wp-content\/uploads\/2021\/07\/Calzavara-assessore-regionale_edited.jpg","contentUrl":"https:\/\/www.bellunopress.it\/wp-content\/uploads\/2021\/07\/Calzavara-assessore-regionale_edited.jpg","width":515,"height":431,"caption":"Francesco Calzavara, assessore regionale al Bilancio e alla Programmazione del Veneto"},{"@type":"BreadcrumbList","@id":"https:\/\/www.bellunopress.it\/2023\/10\/31\/referendum-fusioni-comuni-passano-due-su-quattro-nasce-setteville-dallaccorpamento-di-quero-vas-e-alano-di-piave\/#breadcrumb","itemListElement":[{"@type":"ListItem","position":1,"name":"Home","item":"https:\/\/www.bellunopress.it\/"},{"@type":"ListItem","position":2,"name":"Referendum fusioni Comuni, passano due su quattro. Nasce Setteville dall&#8217;accorpamento di Quero-Vas e Alano di Piave"}]},{"@type":"WebSite","@id":"https:\/\/www.bellunopress.it\/#website","url":"https:\/\/www.bellunopress.it\/","name":"Bellunopress - Dolomiti","description":"e-mail: redazione@bellunopress.it","publisher":{"@id":"https:\/\/www.bellunopress.it\/#organization"},"potentialAction":[{"@type":"SearchAction","target":{"@type":"EntryPoint","urlTemplate":"https:\/\/www.bellunopress.it\/?s={search_term_string}"},"query-input":{"@type":"PropertyValueSpecification","valueRequired":true,"valueName":"search_term_string"}}],"inLanguage":"fr-FR"},{"@type":"Organization","@id":"https:\/\/www.bellunopress.it\/#organization","name":"Bellunopress","url":"https:\/\/www.bellunopress.it\/","logo":{"@type":"ImageObject","inLanguage":"fr-FR","@id":"https:\/\/www.bellunopress.it\/#\/schema\/logo\/image\/","url":"https:\/\/www.bellunopress.it\/wp-content\/uploads\/2011\/05\/cropped-logo-bellunopress-.jpg","contentUrl":"https:\/\/www.bellunopress.it\/wp-content\/uploads\/2011\/05\/cropped-logo-bellunopress-.jpg","width":512,"height":512,"caption":"Bellunopress"},"image":{"@id":"https:\/\/www.bellunopress.it\/#\/schema\/logo\/image\/"},"sameAs":["https:\/\/www.facebook.com\/profile.php?id=100008943462799","https:\/\/x.com\/bellunopress","https:\/\/www.linkedin.com\/hp\/?dnr=JBzUWaJfMUw8vbXJJ2tVW5-I3jZKvC4wsoxE&amp;amp;amp;amp;amp;amp;trk=nav_responsive_tab_home","https:\/\/www.youtube.com\/channel\/UCxL0wu1uN0_3_7hGG0306cw"]},{"@type":"Person","@id":"https:\/\/www.bellunopress.it\/#\/schema\/person\/79bb06722b37ece1c03d3e94beb30d73","name":"r\u00e9daction","image":{"@type":"ImageObject","inLanguage":"fr-FR","@id":"https:\/\/secure.gravatar.com\/avatar\/37d968a2e67a6fd04c169c4bdef102d0bc5d31b2546345219e348575eb80e9a0?s=96&d=mm&r=g","url":"https:\/\/secure.gravatar.com\/avatar\/37d968a2e67a6fd04c169c4bdef102d0bc5d31b2546345219e348575eb80e9a0?s=96&d=mm&r=g","contentUrl":"https:\/\/secure.gravatar.com\/avatar\/37d968a2e67a6fd04c169c4bdef102d0bc5d31b2546345219e348575eb80e9a0?s=96&d=mm&r=g","caption":"redazione"},"sameAs":["http:\/\/www.bellunopress.it","https:\/\/x.com\/bellunopress"],"url":"https:\/\/www.bellunopress.it\/fr\/author\/redazione\/"}]}},"_links":{"self":[{"href":"https:\/\/www.bellunopress.it\/fr\/wp-json\/wp\/v2\/posts\/145498","targetHints":{"allow":["GET"]}}],"collection":[{"href":"https:\/\/www.bellunopress.it\/fr\/wp-json\/wp\/v2\/posts"}],"about":[{"href":"https:\/\/www.bellunopress.it\/fr\/wp-json\/wp\/v2\/types\/post"}],"author":[{"embeddable":true,"href":"https:\/\/www.bellunopress.it\/fr\/wp-json\/wp\/v2\/users\/2"}],"replies":[{"embeddable":true,"href":"https:\/\/www.bellunopress.it\/fr\/wp-json\/wp\/v2\/comments?post=145498"}],"version-history":[{"count":1,"href":"https:\/\/www.bellunopress.it\/fr\/wp-json\/wp\/v2\/posts\/145498\/revisions"}],"predecessor-version":[{"id":145499,"href":"https:\/\/www.bellunopress.it\/fr\/wp-json\/wp\/v2\/posts\/145498\/revisions\/145499"}],"wp:featuredmedia":[{"embeddable":true,"href":"https:\/\/www.bellunopress.it\/fr\/wp-json\/wp\/v2\/media\/125882"}],"wp:attachment":[{"href":"https:\/\/www.bellunopress.it\/fr\/wp-json\/wp\/v2\/media?parent=145498"}],"wp:term":[{"taxonomy":"category","embeddable":true,"href":"https:\/\/www.bellunopress.it\/fr\/wp-json\/wp\/v2\/categories?post=145498"},{"taxonomy":"post_tag","embeddable":true,"href":"https:\/\/www.bellunopress.it\/fr\/wp-json\/wp\/v2\/tags?post=145498"}],"curies":[{"name":"wp","href":"https:\/\/api.w.org\/{rel}","templated":true}]}}