{"id":145487,"date":"2023-10-31T08:56:19","date_gmt":"2023-10-31T07:56:19","guid":{"rendered":"https:\/\/www.bellunopress.it\/?p=145487"},"modified":"2023-10-31T08:56:19","modified_gmt":"2023-10-31T07:56:19","slug":"maltempo-in-veneto-80-interventi-dei-vigili-del-fuoco-nella-notte","status":"publish","type":"post","link":"https:\/\/www.bellunopress.it\/fr\/2023\/10\/31\/maltempo-in-veneto-80-interventi-dei-vigili-del-fuoco-nella-notte\/","title":{"rendered":"Maltempo in Veneto, 80 interventi dei vigili del fuoco nella notte"},"content":{"rendered":"<p><img loading=\"lazy\" decoding=\"async\" class=\"alignleft size-full wp-image-145488\" src=\"https:\/\/www.bellunopress.it\/wp-content\/uploads\/2023\/10\/maltempo-vigili-del-fuoco_edited.jpg\" alt=\"\" width=\"1000\" height=\"450\" srcset=\"https:\/\/www.bellunopress.it\/wp-content\/uploads\/2023\/10\/maltempo-vigili-del-fuoco_edited.jpg 1000w, https:\/\/www.bellunopress.it\/wp-content\/uploads\/2023\/10\/maltempo-vigili-del-fuoco_edited-500x225.jpg 500w, https:\/\/www.bellunopress.it\/wp-content\/uploads\/2023\/10\/maltempo-vigili-del-fuoco_edited-696x313.jpg 696w\" sizes=\"auto, (max-width: 1000px) 100vw, 1000px\" \/>Dalle 20 di ieri sera sono stati 80 gli interventi dei vigili del fuoco effettuati per il maltempo che ha interessato le regione, in particolare le province di Belluno, Venezia, Treviso.<br \/>\nA Belluno i vigili del fuoco con il supporto dei volontari hanno effettuato 30 interventi per alberi abbattuti, smottamenti e danni d\u2019acqua:<\/p>\n<p>chiuse per smottamenti la via Feltrina al km 45.800 in localit\u00e0 Carpen e la SP251 in localit\u00e0 Soffranco.<br \/>\nIn provincia di Treviso svolti 21 interventi per la rimozione di alberi e rami pericolanti nella zona di Treviso, Silea e Roncade.<\/p>\n<p>Da segnalare nel comune di Carbonera il distacco totale della copertura di un capannone agricolo di 300 metri quadrati adibito a ricovero per mezzi agricoli. In corso le verifiche per la messa in sicurezza e le verifiche sui tetti di alcune abitazioni. Sono 17, invece, gli interventi legati al maltempo effettuati nel veneziano per alberi pericolanti e danni d\u2019acqua.<\/p>","protected":false},"excerpt":{"rendered":"<p>Dalle 20 di ieri sera sono stati 80 gli interventi dei vigili del fuoco effettuati per il maltempo che ha interessato le regione, in particolare le province di Belluno, Venezia, Treviso. A Belluno i vigili del fuoco con il supporto dei volontari hanno effettuato 30 interventi per alberi abbattuti, smottamenti e danni d\u2019acqua: chiuse per [&hellip;]<\/p>\n","protected":false},"author":2,"featured_media":145488,"comment_status":"closed","ping_status":"open","sticky":false,"template":"","format":"standard","meta":{"footnotes":""},"categories":[5,3446,26],"tags":[],"class_list":["post-145487","post","type-post","status-publish","format-standard","has-post-thumbnail","category-cronaca","category-featured","category-prima-pagina"],"yoast_head":"<!-- This site is optimized with the Yoast SEO plugin v28.4 - https:\/\/yoast.com\/product\/yoast-seo-wordpress\/ -->\n<title>Maltempo in Veneto, 80 interventi dei vigili del fuoco nella notte - Bellunopress - Dolomiti<\/title>\n<meta name=\"robots\" content=\"index, follow, max-snippet:-1, max-image-preview:large, max-video-preview:-1\" \/>\n<link rel=\"canonical\" href=\"https:\/\/www.bellunopress.it\/fr\/2023\/10\/31\/maltempo-in-veneto-80-interventi-dei-vigili-del-fuoco-nella-notte\/\" \/>\n<meta property=\"og:locale\" content=\"fr_FR\" \/>\n<meta property=\"og:type\" content=\"article\" \/>\n<meta property=\"og:title\" content=\"Maltempo in Veneto, 80 interventi dei vigili del fuoco nella notte - Bellunopress - Dolomiti\" \/>\n<meta property=\"og:description\" content=\"Dalle 20 di ieri sera sono stati 80 gli interventi dei vigili del fuoco effettuati per il maltempo che ha interessato le regione, in particolare le province di Belluno, Venezia, Treviso. A Belluno i vigili del fuoco con il supporto dei volontari hanno effettuato 30 interventi per alberi abbattuti, smottamenti e danni d\u2019acqua: chiuse per [&hellip;]\" \/>\n<meta property=\"og:url\" content=\"https:\/\/www.bellunopress.it\/fr\/2023\/10\/31\/maltempo-in-veneto-80-interventi-dei-vigili-del-fuoco-nella-notte\/\" \/>\n<meta property=\"og:site_name\" content=\"Bellunopress - Dolomiti\" \/>\n<meta property=\"article:publisher\" content=\"https:\/\/www.facebook.com\/profile.php?id=100008943462799\" \/>\n<meta property=\"article:published_time\" content=\"2023-10-31T07:56:19+00:00\" \/>\n<meta property=\"og:image\" content=\"https:\/\/www.bellunopress.it\/wp-content\/uploads\/2023\/10\/maltempo-vigili-del-fuoco_edited.jpg\" \/>\n\t<meta property=\"og:image:width\" content=\"1000\" \/>\n\t<meta property=\"og:image:height\" content=\"450\" \/>\n\t<meta property=\"og:image:type\" content=\"image\/jpeg\" \/>\n<meta name=\"author\" content=\"redazione\" \/>\n<meta name=\"twitter:card\" content=\"summary_large_image\" \/>\n<meta name=\"twitter:creator\" content=\"@bellunopress\" \/>\n<meta name=\"twitter:site\" content=\"@bellunopress\" \/>\n<meta name=\"twitter:label1\" content=\"\u00c9crit par\" \/>\n\t<meta name=\"twitter:data1\" content=\"redazione\" \/>\n\t<meta name=\"twitter:label2\" content=\"Dur\u00e9e de lecture estim\u00e9e\" \/>\n\t<meta name=\"twitter:data2\" content=\"1 minute\" \/>\n<script type=\"application\/ld+json\" class=\"yoast-schema-graph\">{\"@context\":\"https:\\\/\\\/schema.org\",\"@graph\":[{\"@type\":\"Article\",\"@id\":\"https:\\\/\\\/www.bellunopress.it\\\/2023\\\/10\\\/31\\\/maltempo-in-veneto-80-interventi-dei-vigili-del-fuoco-nella-notte\\\/#article\",\"isPartOf\":{\"@id\":\"https:\\\/\\\/www.bellunopress.it\\\/2023\\\/10\\\/31\\\/maltempo-in-veneto-80-interventi-dei-vigili-del-fuoco-nella-notte\\\/\"},\"author\":{\"name\":\"redazione\",\"@id\":\"https:\\\/\\\/www.bellunopress.it\\\/#\\\/schema\\\/person\\\/79bb06722b37ece1c03d3e94beb30d73\"},\"headline\":\"Maltempo in Veneto, 80 interventi dei vigili del fuoco nella notte\",\"datePublished\":\"2023-10-31T07:56:19+00:00\",\"mainEntityOfPage\":{\"@id\":\"https:\\\/\\\/www.bellunopress.it\\\/2023\\\/10\\\/31\\\/maltempo-in-veneto-80-interventi-dei-vigili-del-fuoco-nella-notte\\\/\"},\"wordCount\":157,\"publisher\":{\"@id\":\"https:\\\/\\\/www.bellunopress.it\\\/#organization\"},\"image\":{\"@id\":\"https:\\\/\\\/www.bellunopress.it\\\/2023\\\/10\\\/31\\\/maltempo-in-veneto-80-interventi-dei-vigili-del-fuoco-nella-notte\\\/#primaryimage\"},\"thumbnailUrl\":\"https:\\\/\\\/www.bellunopress.it\\\/wp-content\\\/uploads\\\/2023\\\/10\\\/maltempo-vigili-del-fuoco_edited.jpg\",\"articleSection\":[\"Cronaca\\\/Politica\",\"Featured\",\"Prima Pagina\"],\"inLanguage\":\"fr-FR\"},{\"@type\":\"WebPage\",\"@id\":\"https:\\\/\\\/www.bellunopress.it\\\/2023\\\/10\\\/31\\\/maltempo-in-veneto-80-interventi-dei-vigili-del-fuoco-nella-notte\\\/\",\"url\":\"https:\\\/\\\/www.bellunopress.it\\\/2023\\\/10\\\/31\\\/maltempo-in-veneto-80-interventi-dei-vigili-del-fuoco-nella-notte\\\/\",\"name\":\"Maltempo in Veneto, 80 interventi dei vigili del fuoco nella notte - Bellunopress - Dolomiti\",\"isPartOf\":{\"@id\":\"https:\\\/\\\/www.bellunopress.it\\\/#website\"},\"primaryImageOfPage\":{\"@id\":\"https:\\\/\\\/www.bellunopress.it\\\/2023\\\/10\\\/31\\\/maltempo-in-veneto-80-interventi-dei-vigili-del-fuoco-nella-notte\\\/#primaryimage\"},\"image\":{\"@id\":\"https:\\\/\\\/www.bellunopress.it\\\/2023\\\/10\\\/31\\\/maltempo-in-veneto-80-interventi-dei-vigili-del-fuoco-nella-notte\\\/#primaryimage\"},\"thumbnailUrl\":\"https:\\\/\\\/www.bellunopress.it\\\/wp-content\\\/uploads\\\/2023\\\/10\\\/maltempo-vigili-del-fuoco_edited.jpg\",\"datePublished\":\"2023-10-31T07:56:19+00:00\",\"breadcrumb\":{\"@id\":\"https:\\\/\\\/www.bellunopress.it\\\/2023\\\/10\\\/31\\\/maltempo-in-veneto-80-interventi-dei-vigili-del-fuoco-nella-notte\\\/#breadcrumb\"},\"inLanguage\":\"fr-FR\",\"potentialAction\":[{\"@type\":\"ReadAction\",\"target\":[\"https:\\\/\\\/www.bellunopress.it\\\/2023\\\/10\\\/31\\\/maltempo-in-veneto-80-interventi-dei-vigili-del-fuoco-nella-notte\\\/\"]}]},{\"@type\":\"ImageObject\",\"inLanguage\":\"fr-FR\",\"@id\":\"https:\\\/\\\/www.bellunopress.it\\\/2023\\\/10\\\/31\\\/maltempo-in-veneto-80-interventi-dei-vigili-del-fuoco-nella-notte\\\/#primaryimage\",\"url\":\"https:\\\/\\\/www.bellunopress.it\\\/wp-content\\\/uploads\\\/2023\\\/10\\\/maltempo-vigili-del-fuoco_edited.jpg\",\"contentUrl\":\"https:\\\/\\\/www.bellunopress.it\\\/wp-content\\\/uploads\\\/2023\\\/10\\\/maltempo-vigili-del-fuoco_edited.jpg\",\"width\":1000,\"height\":450},{\"@type\":\"BreadcrumbList\",\"@id\":\"https:\\\/\\\/www.bellunopress.it\\\/2023\\\/10\\\/31\\\/maltempo-in-veneto-80-interventi-dei-vigili-del-fuoco-nella-notte\\\/#breadcrumb\",\"itemListElement\":[{\"@type\":\"ListItem\",\"position\":1,\"name\":\"Home\",\"item\":\"https:\\\/\\\/www.bellunopress.it\\\/\"},{\"@type\":\"ListItem\",\"position\":2,\"name\":\"Maltempo in Veneto, 80 interventi dei vigili del fuoco nella notte\"}]},{\"@type\":\"WebSite\",\"@id\":\"https:\\\/\\\/www.bellunopress.it\\\/#website\",\"url\":\"https:\\\/\\\/www.bellunopress.it\\\/\",\"name\":\"Bellunopress - Dolomiti\",\"description\":\"e-mail: redazione@bellunopress.it\",\"publisher\":{\"@id\":\"https:\\\/\\\/www.bellunopress.it\\\/#organization\"},\"potentialAction\":[{\"@type\":\"SearchAction\",\"target\":{\"@type\":\"EntryPoint\",\"urlTemplate\":\"https:\\\/\\\/www.bellunopress.it\\\/?s={search_term_string}\"},\"query-input\":{\"@type\":\"PropertyValueSpecification\",\"valueRequired\":true,\"valueName\":\"search_term_string\"}}],\"inLanguage\":\"fr-FR\"},{\"@type\":\"Organization\",\"@id\":\"https:\\\/\\\/www.bellunopress.it\\\/#organization\",\"name\":\"Bellunopress\",\"url\":\"https:\\\/\\\/www.bellunopress.it\\\/\",\"logo\":{\"@type\":\"ImageObject\",\"inLanguage\":\"fr-FR\",\"@id\":\"https:\\\/\\\/www.bellunopress.it\\\/#\\\/schema\\\/logo\\\/image\\\/\",\"url\":\"https:\\\/\\\/www.bellunopress.it\\\/wp-content\\\/uploads\\\/2011\\\/05\\\/cropped-logo-bellunopress-.jpg\",\"contentUrl\":\"https:\\\/\\\/www.bellunopress.it\\\/wp-content\\\/uploads\\\/2011\\\/05\\\/cropped-logo-bellunopress-.jpg\",\"width\":512,\"height\":512,\"caption\":\"Bellunopress\"},\"image\":{\"@id\":\"https:\\\/\\\/www.bellunopress.it\\\/#\\\/schema\\\/logo\\\/image\\\/\"},\"sameAs\":[\"https:\\\/\\\/www.facebook.com\\\/profile.php?id=100008943462799\",\"https:\\\/\\\/x.com\\\/bellunopress\",\"https:\\\/\\\/www.linkedin.com\\\/hp\\\/?dnr=JBzUWaJfMUw8vbXJJ2tVW5-I3jZKvC4wsoxE&amp;amp;amp;amp;amp;amp;trk=nav_responsive_tab_home\",\"https:\\\/\\\/www.youtube.com\\\/channel\\\/UCxL0wu1uN0_3_7hGG0306cw\"]},{\"@type\":\"Person\",\"@id\":\"https:\\\/\\\/www.bellunopress.it\\\/#\\\/schema\\\/person\\\/79bb06722b37ece1c03d3e94beb30d73\",\"name\":\"redazione\",\"image\":{\"@type\":\"ImageObject\",\"inLanguage\":\"fr-FR\",\"@id\":\"https:\\\/\\\/secure.gravatar.com\\\/avatar\\\/37d968a2e67a6fd04c169c4bdef102d0bc5d31b2546345219e348575eb80e9a0?s=96&d=mm&r=g\",\"url\":\"https:\\\/\\\/secure.gravatar.com\\\/avatar\\\/37d968a2e67a6fd04c169c4bdef102d0bc5d31b2546345219e348575eb80e9a0?s=96&d=mm&r=g\",\"contentUrl\":\"https:\\\/\\\/secure.gravatar.com\\\/avatar\\\/37d968a2e67a6fd04c169c4bdef102d0bc5d31b2546345219e348575eb80e9a0?s=96&d=mm&r=g\",\"caption\":\"redazione\"},\"sameAs\":[\"http:\\\/\\\/www.bellunopress.it\",\"https:\\\/\\\/x.com\\\/bellunopress\"],\"url\":\"https:\\\/\\\/www.bellunopress.it\\\/fr\\\/author\\\/redazione\\\/\"}]}<\/script>\n<!-- \/ Yoast SEO plugin. -->","yoast_head_json":{"title":"Maltempo in Veneto, 80 interventi dei vigili del fuoco nella notte - Bellunopress - Dolomiti","robots":{"index":"index","follow":"follow","max-snippet":"max-snippet:-1","max-image-preview":"max-image-preview:large","max-video-preview":"max-video-preview:-1"},"canonical":"https:\/\/www.bellunopress.it\/fr\/2023\/10\/31\/maltempo-in-veneto-80-interventi-dei-vigili-del-fuoco-nella-notte\/","og_locale":"fr_FR","og_type":"article","og_title":"Maltempo in Veneto, 80 interventi dei vigili del fuoco nella notte - Bellunopress - Dolomiti","og_description":"Dalle 20 di ieri sera sono stati 80 gli interventi dei vigili del fuoco effettuati per il maltempo che ha interessato le regione, in particolare le province di Belluno, Venezia, Treviso. A Belluno i vigili del fuoco con il supporto dei volontari hanno effettuato 30 interventi per alberi abbattuti, smottamenti e danni d\u2019acqua: chiuse per [&hellip;]","og_url":"https:\/\/www.bellunopress.it\/fr\/2023\/10\/31\/maltempo-in-veneto-80-interventi-dei-vigili-del-fuoco-nella-notte\/","og_site_name":"Bellunopress - Dolomiti","article_publisher":"https:\/\/www.facebook.com\/profile.php?id=100008943462799","article_published_time":"2023-10-31T07:56:19+00:00","og_image":[{"width":1000,"height":450,"url":"https:\/\/www.bellunopress.it\/wp-content\/uploads\/2023\/10\/maltempo-vigili-del-fuoco_edited.jpg","type":"image\/jpeg"}],"author":"redazione","twitter_card":"summary_large_image","twitter_creator":"@bellunopress","twitter_site":"@bellunopress","twitter_misc":{"\u00c9crit par":"redazione","Dur\u00e9e de lecture estim\u00e9e":"1 minute"},"schema":{"@context":"https:\/\/schema.org","@graph":[{"@type":"Article","@id":"https:\/\/www.bellunopress.it\/2023\/10\/31\/maltempo-in-veneto-80-interventi-dei-vigili-del-fuoco-nella-notte\/#article","isPartOf":{"@id":"https:\/\/www.bellunopress.it\/2023\/10\/31\/maltempo-in-veneto-80-interventi-dei-vigili-del-fuoco-nella-notte\/"},"author":{"name":"redazione","@id":"https:\/\/www.bellunopress.it\/#\/schema\/person\/79bb06722b37ece1c03d3e94beb30d73"},"headline":"Maltempo in Veneto, 80 interventi dei vigili del fuoco nella notte","datePublished":"2023-10-31T07:56:19+00:00","mainEntityOfPage":{"@id":"https:\/\/www.bellunopress.it\/2023\/10\/31\/maltempo-in-veneto-80-interventi-dei-vigili-del-fuoco-nella-notte\/"},"wordCount":157,"publisher":{"@id":"https:\/\/www.bellunopress.it\/#organization"},"image":{"@id":"https:\/\/www.bellunopress.it\/2023\/10\/31\/maltempo-in-veneto-80-interventi-dei-vigili-del-fuoco-nella-notte\/#primaryimage"},"thumbnailUrl":"https:\/\/www.bellunopress.it\/wp-content\/uploads\/2023\/10\/maltempo-vigili-del-fuoco_edited.jpg","articleSection":["Cronaca\/Politica","Featured","Prima Pagina"],"inLanguage":"fr-FR"},{"@type":"WebPage","@id":"https:\/\/www.bellunopress.it\/2023\/10\/31\/maltempo-in-veneto-80-interventi-dei-vigili-del-fuoco-nella-notte\/","url":"https:\/\/www.bellunopress.it\/2023\/10\/31\/maltempo-in-veneto-80-interventi-dei-vigili-del-fuoco-nella-notte\/","name":"Maltempo in Veneto, 80 interventi dei vigili del fuoco nella notte - Bellunopress - Dolomiti","isPartOf":{"@id":"https:\/\/www.bellunopress.it\/#website"},"primaryImageOfPage":{"@id":"https:\/\/www.bellunopress.it\/2023\/10\/31\/maltempo-in-veneto-80-interventi-dei-vigili-del-fuoco-nella-notte\/#primaryimage"},"image":{"@id":"https:\/\/www.bellunopress.it\/2023\/10\/31\/maltempo-in-veneto-80-interventi-dei-vigili-del-fuoco-nella-notte\/#primaryimage"},"thumbnailUrl":"https:\/\/www.bellunopress.it\/wp-content\/uploads\/2023\/10\/maltempo-vigili-del-fuoco_edited.jpg","datePublished":"2023-10-31T07:56:19+00:00","breadcrumb":{"@id":"https:\/\/www.bellunopress.it\/2023\/10\/31\/maltempo-in-veneto-80-interventi-dei-vigili-del-fuoco-nella-notte\/#breadcrumb"},"inLanguage":"fr-FR","potentialAction":[{"@type":"ReadAction","target":["https:\/\/www.bellunopress.it\/2023\/10\/31\/maltempo-in-veneto-80-interventi-dei-vigili-del-fuoco-nella-notte\/"]}]},{"@type":"ImageObject","inLanguage":"fr-FR","@id":"https:\/\/www.bellunopress.it\/2023\/10\/31\/maltempo-in-veneto-80-interventi-dei-vigili-del-fuoco-nella-notte\/#primaryimage","url":"https:\/\/www.bellunopress.it\/wp-content\/uploads\/2023\/10\/maltempo-vigili-del-fuoco_edited.jpg","contentUrl":"https:\/\/www.bellunopress.it\/wp-content\/uploads\/2023\/10\/maltempo-vigili-del-fuoco_edited.jpg","width":1000,"height":450},{"@type":"BreadcrumbList","@id":"https:\/\/www.bellunopress.it\/2023\/10\/31\/maltempo-in-veneto-80-interventi-dei-vigili-del-fuoco-nella-notte\/#breadcrumb","itemListElement":[{"@type":"ListItem","position":1,"name":"Home","item":"https:\/\/www.bellunopress.it\/"},{"@type":"ListItem","position":2,"name":"Maltempo in Veneto, 80 interventi dei vigili del fuoco nella notte"}]},{"@type":"WebSite","@id":"https:\/\/www.bellunopress.it\/#website","url":"https:\/\/www.bellunopress.it\/","name":"Bellunopress - Dolomiti","description":"e-mail: redazione@bellunopress.it","publisher":{"@id":"https:\/\/www.bellunopress.it\/#organization"},"potentialAction":[{"@type":"SearchAction","target":{"@type":"EntryPoint","urlTemplate":"https:\/\/www.bellunopress.it\/?s={search_term_string}"},"query-input":{"@type":"PropertyValueSpecification","valueRequired":true,"valueName":"search_term_string"}}],"inLanguage":"fr-FR"},{"@type":"Organization","@id":"https:\/\/www.bellunopress.it\/#organization","name":"Bellunopress","url":"https:\/\/www.bellunopress.it\/","logo":{"@type":"ImageObject","inLanguage":"fr-FR","@id":"https:\/\/www.bellunopress.it\/#\/schema\/logo\/image\/","url":"https:\/\/www.bellunopress.it\/wp-content\/uploads\/2011\/05\/cropped-logo-bellunopress-.jpg","contentUrl":"https:\/\/www.bellunopress.it\/wp-content\/uploads\/2011\/05\/cropped-logo-bellunopress-.jpg","width":512,"height":512,"caption":"Bellunopress"},"image":{"@id":"https:\/\/www.bellunopress.it\/#\/schema\/logo\/image\/"},"sameAs":["https:\/\/www.facebook.com\/profile.php?id=100008943462799","https:\/\/x.com\/bellunopress","https:\/\/www.linkedin.com\/hp\/?dnr=JBzUWaJfMUw8vbXJJ2tVW5-I3jZKvC4wsoxE&amp;amp;amp;amp;amp;amp;trk=nav_responsive_tab_home","https:\/\/www.youtube.com\/channel\/UCxL0wu1uN0_3_7hGG0306cw"]},{"@type":"Person","@id":"https:\/\/www.bellunopress.it\/#\/schema\/person\/79bb06722b37ece1c03d3e94beb30d73","name":"r\u00e9daction","image":{"@type":"ImageObject","inLanguage":"fr-FR","@id":"https:\/\/secure.gravatar.com\/avatar\/37d968a2e67a6fd04c169c4bdef102d0bc5d31b2546345219e348575eb80e9a0?s=96&d=mm&r=g","url":"https:\/\/secure.gravatar.com\/avatar\/37d968a2e67a6fd04c169c4bdef102d0bc5d31b2546345219e348575eb80e9a0?s=96&d=mm&r=g","contentUrl":"https:\/\/secure.gravatar.com\/avatar\/37d968a2e67a6fd04c169c4bdef102d0bc5d31b2546345219e348575eb80e9a0?s=96&d=mm&r=g","caption":"redazione"},"sameAs":["http:\/\/www.bellunopress.it","https:\/\/x.com\/bellunopress"],"url":"https:\/\/www.bellunopress.it\/fr\/author\/redazione\/"}]}},"_links":{"self":[{"href":"https:\/\/www.bellunopress.it\/fr\/wp-json\/wp\/v2\/posts\/145487","targetHints":{"allow":["GET"]}}],"collection":[{"href":"https:\/\/www.bellunopress.it\/fr\/wp-json\/wp\/v2\/posts"}],"about":[{"href":"https:\/\/www.bellunopress.it\/fr\/wp-json\/wp\/v2\/types\/post"}],"author":[{"embeddable":true,"href":"https:\/\/www.bellunopress.it\/fr\/wp-json\/wp\/v2\/users\/2"}],"replies":[{"embeddable":true,"href":"https:\/\/www.bellunopress.it\/fr\/wp-json\/wp\/v2\/comments?post=145487"}],"version-history":[{"count":1,"href":"https:\/\/www.bellunopress.it\/fr\/wp-json\/wp\/v2\/posts\/145487\/revisions"}],"predecessor-version":[{"id":145489,"href":"https:\/\/www.bellunopress.it\/fr\/wp-json\/wp\/v2\/posts\/145487\/revisions\/145489"}],"wp:featuredmedia":[{"embeddable":true,"href":"https:\/\/www.bellunopress.it\/fr\/wp-json\/wp\/v2\/media\/145488"}],"wp:attachment":[{"href":"https:\/\/www.bellunopress.it\/fr\/wp-json\/wp\/v2\/media?parent=145487"}],"wp:term":[{"taxonomy":"category","embeddable":true,"href":"https:\/\/www.bellunopress.it\/fr\/wp-json\/wp\/v2\/categories?post=145487"},{"taxonomy":"post_tag","embeddable":true,"href":"https:\/\/www.bellunopress.it\/fr\/wp-json\/wp\/v2\/tags?post=145487"}],"curies":[{"name":"wp","href":"https:\/\/api.w.org\/{rel}","templated":true}]}}