{"id":145474,"date":"2023-10-30T20:18:41","date_gmt":"2023-10-30T19:18:41","guid":{"rendered":"https:\/\/www.bellunopress.it\/?p=145474"},"modified":"2023-10-30T20:26:03","modified_gmt":"2023-10-30T19:26:03","slug":"allerta-meteo-precipitazioni-abbondanti-criticita-idrogeologica","status":"publish","type":"post","link":"https:\/\/www.bellunopress.it\/fr\/2023\/10\/30\/allerta-meteo-precipitazioni-abbondanti-criticita-idrogeologica\/","title":{"rendered":"Allerta meteo: precipitazioni abbondanti, criticit\u00e0 idrogeologica. I sindaci valuteranno la chiusura delle scuole"},"content":{"rendered":"<p><img loading=\"lazy\" decoding=\"async\" class=\"alignleft size-full wp-image-145475\" src=\"https:\/\/www.bellunopress.it\/wp-content\/uploads\/2023\/10\/meteo-criticita_edited.jpg\" alt=\"\" width=\"952\" height=\"264\" srcset=\"https:\/\/www.bellunopress.it\/wp-content\/uploads\/2023\/10\/meteo-criticita_edited.jpg 952w, https:\/\/www.bellunopress.it\/wp-content\/uploads\/2023\/10\/meteo-criticita_edited-500x139.jpg 500w, https:\/\/www.bellunopress.it\/wp-content\/uploads\/2023\/10\/meteo-criticita_edited-696x193.jpg 696w\" sizes=\"auto, (max-width: 952px) 100vw, 952px\" \/>Il passaggio di una significativa perturbazione, associata ad un intenso flusso umido<br \/>\nmeridionale, determina tempo perturbato sulla regione fino alla prima parte di marted\u00ec<br \/>\n31.<\/p>\n<p>La fase pi\u00f9 intensa sar\u00e0 tra il pomeriggio di luned\u00ec e le prime ore di marted\u00ec, con<br \/>\nprecipitazioni diffuse e persistenti specie sulle zone centro settentrionali, anche a carattere<br \/>\ndi forte rovescio o temporale. Sono previsti quantitativi di precipitazione abbondanti<br \/>\nsulle zone centro settentrionali, localmente anche molto abbondanti su zone montane e<br \/>\npedemontane.<\/p>\n<p>I venti subiranno un rinforzo dai quadranti meridionali fino a risultare a tratti forti in quota,<br \/>\nsulla costa (specie centro settentrionale) e pianura limitrofa. Nelle ore centrali di marted\u00ec<br \/>\nruoteranno da quelli occidentali, ancora con qualche rinforzo.<\/p>\n<figure id=\"attachment_107382\" aria-describedby=\"caption-attachment-107382\" style=\"width: 241px\" class=\"wp-caption alignleft\"><img loading=\"lazy\" decoding=\"async\" class=\"size-full wp-image-107382\" src=\"https:\/\/www.bellunopress.it\/wp-content\/uploads\/2019\/08\/Luca-Zaia.jpg\" alt=\"\" width=\"241\" height=\"300\" \/><figcaption id=\"caption-attachment-107382\" class=\"wp-caption-text\">Luca Zaia, presidente della Regione del Veneto<\/figcaption><\/figure>\n<p>\u201cNel tardo pomeriggio di oggi abbiamo analizzato gli ultimi bollettini meteo e gli avvisi di criticit\u00e0 idrogeologica e idraulica: ci aspettano ore dove sono previsti dagli esperti fenomeni che tenderanno a divenire pi\u00f9 persistenti, specie sulle zone centrosettentrionali della nostra regione. Avremo con ogni probabilit\u00e0 forti rovesci e locali temporali. Ho chiesto alle strutture della Protezione Civile la massima attenzione, coinvolgendo tutto il sistema istituzionale e associativo, garantendo tutto il supporto che verr\u00e0 richiesto dai territori, in conformit\u00e0 a quanto disposto dall\u2019ordinamento statale e regionale e dai Piani comunali di protezione civile, in sinergia e collaborazione con tutti gli enti e gli organismi del sistema regionale che sono chiamati a concorrere al superamento delle situazioni di emergenza\u201d.<\/p>\n<p>Sono le parole del Presidente della Regione Veneto Luca Zaia, commentando l\u2019avvicinarsi di fenomeni intensi di maltempo per i quali \u00e8 stata dichiarata l\u2019allerta meteo rossa, valevole fino alla mezzanotte di domani.<\/p>\n<p>Le strutture regionali, tramite il Direttore della Protezione Civile del Veneto, l\u2019ing. Luca Soppelsa, hanno inviato a Sindaci dei Comuni compresi nei bacini idrografici VENE-A Alto Piave (BL), VENE H Piave Pedemontano (BL \u2013 TV), VENE B Alto Brenta-Bacchiglione-Alpone (VI &#8211; BL &#8211; TV \u2013VR) una comunicazione nella quale viene anche chiesto di dare attuazione a quanto previsto dai rispettivi Piani di Protezione Civile, attivando i Centri Operativi Comunali e raccordandosi con la Prefettura e la Sala Operativa Regionale, che \u00e8 stata attivata H24, cos\u00ec come il Centro Funzionale Decentrato e il Servizio di Presidio del Centro Meteo Regionale di Teolo, per monitorare l\u2019andamento dell\u2019evento, supportare gli Enti territoriali, in caso di necessit\u00e0 attraverso l\u2019attivazione delle strutture operative del servizio Regionale di Protezione Civile.<\/p>\n<p>Considerate le criticit\u00e0 che potrebbero verificarsi sul territorio e in particolare sulla viabilit\u00e0 anche locale, la comunicazione rivolta ai Sindaci invita a valutare con la massima attenzione anche la chiusura delle scuole per la giornata di domani, 31 ottobre 2023.<\/p>","protected":false},"excerpt":{"rendered":"<p>Il passaggio di una significativa perturbazione, associata ad un intenso flusso umido meridionale, determina tempo perturbato sulla regione fino alla prima parte di marted\u00ec 31. La fase pi\u00f9 intensa sar\u00e0 tra il pomeriggio di luned\u00ec e le prime ore di marted\u00ec, con precipitazioni diffuse e persistenti specie sulle zone centro settentrionali, anche a carattere di [&hellip;]<\/p>\n","protected":false},"author":2,"featured_media":145475,"comment_status":"closed","ping_status":"open","sticky":false,"template":"","format":"standard","meta":{"footnotes":""},"categories":[38,26],"tags":[],"class_list":["post-145474","post","type-post","status-publish","format-standard","has-post-thumbnail","category-natura-ambiente","category-prima-pagina"],"yoast_head":"<!-- This site is optimized with the Yoast SEO plugin v28.4 - https:\/\/yoast.com\/product\/yoast-seo-wordpress\/ -->\n<title>Allerta meteo: precipitazioni abbondanti, criticit\u00e0 idrogeologica. I sindaci valuteranno la chiusura delle scuole - Bellunopress - Dolomiti<\/title>\n<meta name=\"robots\" content=\"index, follow, max-snippet:-1, max-image-preview:large, max-video-preview:-1\" \/>\n<link rel=\"canonical\" href=\"https:\/\/www.bellunopress.it\/fr\/2023\/10\/30\/allerta-meteo-precipitazioni-abbondanti-criticita-idrogeologica\/\" \/>\n<meta property=\"og:locale\" content=\"fr_FR\" \/>\n<meta property=\"og:type\" content=\"article\" \/>\n<meta property=\"og:title\" content=\"Allerta meteo: precipitazioni abbondanti, criticit\u00e0 idrogeologica. I sindaci valuteranno la chiusura delle scuole - Bellunopress - Dolomiti\" \/>\n<meta property=\"og:description\" content=\"Il passaggio di una significativa perturbazione, associata ad un intenso flusso umido meridionale, determina tempo perturbato sulla regione fino alla prima parte di marted\u00ec 31. La fase pi\u00f9 intensa sar\u00e0 tra il pomeriggio di luned\u00ec e le prime ore di marted\u00ec, con precipitazioni diffuse e persistenti specie sulle zone centro settentrionali, anche a carattere di [&hellip;]\" \/>\n<meta property=\"og:url\" content=\"https:\/\/www.bellunopress.it\/fr\/2023\/10\/30\/allerta-meteo-precipitazioni-abbondanti-criticita-idrogeologica\/\" \/>\n<meta property=\"og:site_name\" content=\"Bellunopress - Dolomiti\" \/>\n<meta property=\"article:publisher\" content=\"https:\/\/www.facebook.com\/profile.php?id=100008943462799\" \/>\n<meta property=\"article:published_time\" content=\"2023-10-30T19:18:41+00:00\" \/>\n<meta property=\"article:modified_time\" content=\"2023-10-30T19:26:03+00:00\" \/>\n<meta property=\"og:image\" content=\"https:\/\/www.bellunopress.it\/wp-content\/uploads\/2023\/10\/meteo-criticita_edited.jpg\" \/>\n\t<meta property=\"og:image:width\" content=\"952\" \/>\n\t<meta property=\"og:image:height\" content=\"264\" \/>\n\t<meta property=\"og:image:type\" content=\"image\/jpeg\" \/>\n<meta name=\"author\" content=\"redazione\" \/>\n<meta name=\"twitter:card\" content=\"summary_large_image\" \/>\n<meta name=\"twitter:creator\" content=\"@bellunopress\" \/>\n<meta name=\"twitter:site\" content=\"@bellunopress\" \/>\n<meta name=\"twitter:label1\" content=\"\u00c9crit par\" \/>\n\t<meta name=\"twitter:data1\" content=\"redazione\" \/>\n\t<meta name=\"twitter:label2\" content=\"Dur\u00e9e de lecture estim\u00e9e\" \/>\n\t<meta name=\"twitter:data2\" content=\"2 minutes\" \/>\n<script type=\"application\/ld+json\" class=\"yoast-schema-graph\">{\"@context\":\"https:\\\/\\\/schema.org\",\"@graph\":[{\"@type\":\"Article\",\"@id\":\"https:\\\/\\\/www.bellunopress.it\\\/2023\\\/10\\\/30\\\/allerta-meteo-precipitazioni-abbondanti-criticita-idrogeologica\\\/#article\",\"isPartOf\":{\"@id\":\"https:\\\/\\\/www.bellunopress.it\\\/2023\\\/10\\\/30\\\/allerta-meteo-precipitazioni-abbondanti-criticita-idrogeologica\\\/\"},\"author\":{\"name\":\"redazione\",\"@id\":\"https:\\\/\\\/www.bellunopress.it\\\/#\\\/schema\\\/person\\\/79bb06722b37ece1c03d3e94beb30d73\"},\"headline\":\"Allerta meteo: precipitazioni abbondanti, criticit\u00e0 idrogeologica. I sindaci valuteranno la chiusura delle scuole\",\"datePublished\":\"2023-10-30T19:18:41+00:00\",\"dateModified\":\"2023-10-30T19:26:03+00:00\",\"mainEntityOfPage\":{\"@id\":\"https:\\\/\\\/www.bellunopress.it\\\/2023\\\/10\\\/30\\\/allerta-meteo-precipitazioni-abbondanti-criticita-idrogeologica\\\/\"},\"wordCount\":456,\"publisher\":{\"@id\":\"https:\\\/\\\/www.bellunopress.it\\\/#organization\"},\"image\":{\"@id\":\"https:\\\/\\\/www.bellunopress.it\\\/2023\\\/10\\\/30\\\/allerta-meteo-precipitazioni-abbondanti-criticita-idrogeologica\\\/#primaryimage\"},\"thumbnailUrl\":\"https:\\\/\\\/www.bellunopress.it\\\/wp-content\\\/uploads\\\/2023\\\/10\\\/meteo-criticita_edited.jpg\",\"articleSection\":[\"Meteo, natura, ambiente, animali\",\"Prima Pagina\"],\"inLanguage\":\"fr-FR\"},{\"@type\":\"WebPage\",\"@id\":\"https:\\\/\\\/www.bellunopress.it\\\/2023\\\/10\\\/30\\\/allerta-meteo-precipitazioni-abbondanti-criticita-idrogeologica\\\/\",\"url\":\"https:\\\/\\\/www.bellunopress.it\\\/2023\\\/10\\\/30\\\/allerta-meteo-precipitazioni-abbondanti-criticita-idrogeologica\\\/\",\"name\":\"Allerta meteo: precipitazioni abbondanti, criticit\u00e0 idrogeologica. I sindaci valuteranno la chiusura delle scuole - Bellunopress - Dolomiti\",\"isPartOf\":{\"@id\":\"https:\\\/\\\/www.bellunopress.it\\\/#website\"},\"primaryImageOfPage\":{\"@id\":\"https:\\\/\\\/www.bellunopress.it\\\/2023\\\/10\\\/30\\\/allerta-meteo-precipitazioni-abbondanti-criticita-idrogeologica\\\/#primaryimage\"},\"image\":{\"@id\":\"https:\\\/\\\/www.bellunopress.it\\\/2023\\\/10\\\/30\\\/allerta-meteo-precipitazioni-abbondanti-criticita-idrogeologica\\\/#primaryimage\"},\"thumbnailUrl\":\"https:\\\/\\\/www.bellunopress.it\\\/wp-content\\\/uploads\\\/2023\\\/10\\\/meteo-criticita_edited.jpg\",\"datePublished\":\"2023-10-30T19:18:41+00:00\",\"dateModified\":\"2023-10-30T19:26:03+00:00\",\"breadcrumb\":{\"@id\":\"https:\\\/\\\/www.bellunopress.it\\\/2023\\\/10\\\/30\\\/allerta-meteo-precipitazioni-abbondanti-criticita-idrogeologica\\\/#breadcrumb\"},\"inLanguage\":\"fr-FR\",\"potentialAction\":[{\"@type\":\"ReadAction\",\"target\":[\"https:\\\/\\\/www.bellunopress.it\\\/2023\\\/10\\\/30\\\/allerta-meteo-precipitazioni-abbondanti-criticita-idrogeologica\\\/\"]}]},{\"@type\":\"ImageObject\",\"inLanguage\":\"fr-FR\",\"@id\":\"https:\\\/\\\/www.bellunopress.it\\\/2023\\\/10\\\/30\\\/allerta-meteo-precipitazioni-abbondanti-criticita-idrogeologica\\\/#primaryimage\",\"url\":\"https:\\\/\\\/www.bellunopress.it\\\/wp-content\\\/uploads\\\/2023\\\/10\\\/meteo-criticita_edited.jpg\",\"contentUrl\":\"https:\\\/\\\/www.bellunopress.it\\\/wp-content\\\/uploads\\\/2023\\\/10\\\/meteo-criticita_edited.jpg\",\"width\":952,\"height\":264},{\"@type\":\"BreadcrumbList\",\"@id\":\"https:\\\/\\\/www.bellunopress.it\\\/2023\\\/10\\\/30\\\/allerta-meteo-precipitazioni-abbondanti-criticita-idrogeologica\\\/#breadcrumb\",\"itemListElement\":[{\"@type\":\"ListItem\",\"position\":1,\"name\":\"Home\",\"item\":\"https:\\\/\\\/www.bellunopress.it\\\/\"},{\"@type\":\"ListItem\",\"position\":2,\"name\":\"Allerta meteo: precipitazioni abbondanti, criticit\u00e0 idrogeologica. I sindaci valuteranno la chiusura delle scuole\"}]},{\"@type\":\"WebSite\",\"@id\":\"https:\\\/\\\/www.bellunopress.it\\\/#website\",\"url\":\"https:\\\/\\\/www.bellunopress.it\\\/\",\"name\":\"Bellunopress - Dolomiti\",\"description\":\"e-mail: redazione@bellunopress.it\",\"publisher\":{\"@id\":\"https:\\\/\\\/www.bellunopress.it\\\/#organization\"},\"potentialAction\":[{\"@type\":\"SearchAction\",\"target\":{\"@type\":\"EntryPoint\",\"urlTemplate\":\"https:\\\/\\\/www.bellunopress.it\\\/?s={search_term_string}\"},\"query-input\":{\"@type\":\"PropertyValueSpecification\",\"valueRequired\":true,\"valueName\":\"search_term_string\"}}],\"inLanguage\":\"fr-FR\"},{\"@type\":\"Organization\",\"@id\":\"https:\\\/\\\/www.bellunopress.it\\\/#organization\",\"name\":\"Bellunopress\",\"url\":\"https:\\\/\\\/www.bellunopress.it\\\/\",\"logo\":{\"@type\":\"ImageObject\",\"inLanguage\":\"fr-FR\",\"@id\":\"https:\\\/\\\/www.bellunopress.it\\\/#\\\/schema\\\/logo\\\/image\\\/\",\"url\":\"https:\\\/\\\/www.bellunopress.it\\\/wp-content\\\/uploads\\\/2011\\\/05\\\/cropped-logo-bellunopress-.jpg\",\"contentUrl\":\"https:\\\/\\\/www.bellunopress.it\\\/wp-content\\\/uploads\\\/2011\\\/05\\\/cropped-logo-bellunopress-.jpg\",\"width\":512,\"height\":512,\"caption\":\"Bellunopress\"},\"image\":{\"@id\":\"https:\\\/\\\/www.bellunopress.it\\\/#\\\/schema\\\/logo\\\/image\\\/\"},\"sameAs\":[\"https:\\\/\\\/www.facebook.com\\\/profile.php?id=100008943462799\",\"https:\\\/\\\/x.com\\\/bellunopress\",\"https:\\\/\\\/www.linkedin.com\\\/hp\\\/?dnr=JBzUWaJfMUw8vbXJJ2tVW5-I3jZKvC4wsoxE&amp;amp;amp;amp;amp;amp;trk=nav_responsive_tab_home\",\"https:\\\/\\\/www.youtube.com\\\/channel\\\/UCxL0wu1uN0_3_7hGG0306cw\"]},{\"@type\":\"Person\",\"@id\":\"https:\\\/\\\/www.bellunopress.it\\\/#\\\/schema\\\/person\\\/79bb06722b37ece1c03d3e94beb30d73\",\"name\":\"redazione\",\"image\":{\"@type\":\"ImageObject\",\"inLanguage\":\"fr-FR\",\"@id\":\"https:\\\/\\\/secure.gravatar.com\\\/avatar\\\/37d968a2e67a6fd04c169c4bdef102d0bc5d31b2546345219e348575eb80e9a0?s=96&d=mm&r=g\",\"url\":\"https:\\\/\\\/secure.gravatar.com\\\/avatar\\\/37d968a2e67a6fd04c169c4bdef102d0bc5d31b2546345219e348575eb80e9a0?s=96&d=mm&r=g\",\"contentUrl\":\"https:\\\/\\\/secure.gravatar.com\\\/avatar\\\/37d968a2e67a6fd04c169c4bdef102d0bc5d31b2546345219e348575eb80e9a0?s=96&d=mm&r=g\",\"caption\":\"redazione\"},\"sameAs\":[\"http:\\\/\\\/www.bellunopress.it\",\"https:\\\/\\\/x.com\\\/bellunopress\"],\"url\":\"https:\\\/\\\/www.bellunopress.it\\\/fr\\\/author\\\/redazione\\\/\"}]}<\/script>\n<!-- \/ Yoast SEO plugin. -->","yoast_head_json":{"title":"Allerta meteo: precipitazioni abbondanti, criticit\u00e0 idrogeologica. I sindaci valuteranno la chiusura delle scuole - Bellunopress - Dolomiti","robots":{"index":"index","follow":"follow","max-snippet":"max-snippet:-1","max-image-preview":"max-image-preview:large","max-video-preview":"max-video-preview:-1"},"canonical":"https:\/\/www.bellunopress.it\/fr\/2023\/10\/30\/allerta-meteo-precipitazioni-abbondanti-criticita-idrogeologica\/","og_locale":"fr_FR","og_type":"article","og_title":"Allerta meteo: precipitazioni abbondanti, criticit\u00e0 idrogeologica. I sindaci valuteranno la chiusura delle scuole - Bellunopress - Dolomiti","og_description":"Il passaggio di una significativa perturbazione, associata ad un intenso flusso umido meridionale, determina tempo perturbato sulla regione fino alla prima parte di marted\u00ec 31. La fase pi\u00f9 intensa sar\u00e0 tra il pomeriggio di luned\u00ec e le prime ore di marted\u00ec, con precipitazioni diffuse e persistenti specie sulle zone centro settentrionali, anche a carattere di [&hellip;]","og_url":"https:\/\/www.bellunopress.it\/fr\/2023\/10\/30\/allerta-meteo-precipitazioni-abbondanti-criticita-idrogeologica\/","og_site_name":"Bellunopress - Dolomiti","article_publisher":"https:\/\/www.facebook.com\/profile.php?id=100008943462799","article_published_time":"2023-10-30T19:18:41+00:00","article_modified_time":"2023-10-30T19:26:03+00:00","og_image":[{"width":952,"height":264,"url":"https:\/\/www.bellunopress.it\/wp-content\/uploads\/2023\/10\/meteo-criticita_edited.jpg","type":"image\/jpeg"}],"author":"redazione","twitter_card":"summary_large_image","twitter_creator":"@bellunopress","twitter_site":"@bellunopress","twitter_misc":{"\u00c9crit par":"redazione","Dur\u00e9e de lecture estim\u00e9e":"2 minutes"},"schema":{"@context":"https:\/\/schema.org","@graph":[{"@type":"Article","@id":"https:\/\/www.bellunopress.it\/2023\/10\/30\/allerta-meteo-precipitazioni-abbondanti-criticita-idrogeologica\/#article","isPartOf":{"@id":"https:\/\/www.bellunopress.it\/2023\/10\/30\/allerta-meteo-precipitazioni-abbondanti-criticita-idrogeologica\/"},"author":{"name":"redazione","@id":"https:\/\/www.bellunopress.it\/#\/schema\/person\/79bb06722b37ece1c03d3e94beb30d73"},"headline":"Allerta meteo: precipitazioni abbondanti, criticit\u00e0 idrogeologica. I sindaci valuteranno la chiusura delle scuole","datePublished":"2023-10-30T19:18:41+00:00","dateModified":"2023-10-30T19:26:03+00:00","mainEntityOfPage":{"@id":"https:\/\/www.bellunopress.it\/2023\/10\/30\/allerta-meteo-precipitazioni-abbondanti-criticita-idrogeologica\/"},"wordCount":456,"publisher":{"@id":"https:\/\/www.bellunopress.it\/#organization"},"image":{"@id":"https:\/\/www.bellunopress.it\/2023\/10\/30\/allerta-meteo-precipitazioni-abbondanti-criticita-idrogeologica\/#primaryimage"},"thumbnailUrl":"https:\/\/www.bellunopress.it\/wp-content\/uploads\/2023\/10\/meteo-criticita_edited.jpg","articleSection":["Meteo, natura, ambiente, animali","Prima Pagina"],"inLanguage":"fr-FR"},{"@type":"WebPage","@id":"https:\/\/www.bellunopress.it\/2023\/10\/30\/allerta-meteo-precipitazioni-abbondanti-criticita-idrogeologica\/","url":"https:\/\/www.bellunopress.it\/2023\/10\/30\/allerta-meteo-precipitazioni-abbondanti-criticita-idrogeologica\/","name":"Allerta meteo: precipitazioni abbondanti, criticit\u00e0 idrogeologica. I sindaci valuteranno la chiusura delle scuole - Bellunopress - Dolomiti","isPartOf":{"@id":"https:\/\/www.bellunopress.it\/#website"},"primaryImageOfPage":{"@id":"https:\/\/www.bellunopress.it\/2023\/10\/30\/allerta-meteo-precipitazioni-abbondanti-criticita-idrogeologica\/#primaryimage"},"image":{"@id":"https:\/\/www.bellunopress.it\/2023\/10\/30\/allerta-meteo-precipitazioni-abbondanti-criticita-idrogeologica\/#primaryimage"},"thumbnailUrl":"https:\/\/www.bellunopress.it\/wp-content\/uploads\/2023\/10\/meteo-criticita_edited.jpg","datePublished":"2023-10-30T19:18:41+00:00","dateModified":"2023-10-30T19:26:03+00:00","breadcrumb":{"@id":"https:\/\/www.bellunopress.it\/2023\/10\/30\/allerta-meteo-precipitazioni-abbondanti-criticita-idrogeologica\/#breadcrumb"},"inLanguage":"fr-FR","potentialAction":[{"@type":"ReadAction","target":["https:\/\/www.bellunopress.it\/2023\/10\/30\/allerta-meteo-precipitazioni-abbondanti-criticita-idrogeologica\/"]}]},{"@type":"ImageObject","inLanguage":"fr-FR","@id":"https:\/\/www.bellunopress.it\/2023\/10\/30\/allerta-meteo-precipitazioni-abbondanti-criticita-idrogeologica\/#primaryimage","url":"https:\/\/www.bellunopress.it\/wp-content\/uploads\/2023\/10\/meteo-criticita_edited.jpg","contentUrl":"https:\/\/www.bellunopress.it\/wp-content\/uploads\/2023\/10\/meteo-criticita_edited.jpg","width":952,"height":264},{"@type":"BreadcrumbList","@id":"https:\/\/www.bellunopress.it\/2023\/10\/30\/allerta-meteo-precipitazioni-abbondanti-criticita-idrogeologica\/#breadcrumb","itemListElement":[{"@type":"ListItem","position":1,"name":"Home","item":"https:\/\/www.bellunopress.it\/"},{"@type":"ListItem","position":2,"name":"Allerta meteo: precipitazioni abbondanti, criticit\u00e0 idrogeologica. I sindaci valuteranno la chiusura delle scuole"}]},{"@type":"WebSite","@id":"https:\/\/www.bellunopress.it\/#website","url":"https:\/\/www.bellunopress.it\/","name":"Bellunopress - Dolomiti","description":"e-mail: redazione@bellunopress.it","publisher":{"@id":"https:\/\/www.bellunopress.it\/#organization"},"potentialAction":[{"@type":"SearchAction","target":{"@type":"EntryPoint","urlTemplate":"https:\/\/www.bellunopress.it\/?s={search_term_string}"},"query-input":{"@type":"PropertyValueSpecification","valueRequired":true,"valueName":"search_term_string"}}],"inLanguage":"fr-FR"},{"@type":"Organization","@id":"https:\/\/www.bellunopress.it\/#organization","name":"Bellunopress","url":"https:\/\/www.bellunopress.it\/","logo":{"@type":"ImageObject","inLanguage":"fr-FR","@id":"https:\/\/www.bellunopress.it\/#\/schema\/logo\/image\/","url":"https:\/\/www.bellunopress.it\/wp-content\/uploads\/2011\/05\/cropped-logo-bellunopress-.jpg","contentUrl":"https:\/\/www.bellunopress.it\/wp-content\/uploads\/2011\/05\/cropped-logo-bellunopress-.jpg","width":512,"height":512,"caption":"Bellunopress"},"image":{"@id":"https:\/\/www.bellunopress.it\/#\/schema\/logo\/image\/"},"sameAs":["https:\/\/www.facebook.com\/profile.php?id=100008943462799","https:\/\/x.com\/bellunopress","https:\/\/www.linkedin.com\/hp\/?dnr=JBzUWaJfMUw8vbXJJ2tVW5-I3jZKvC4wsoxE&amp;amp;amp;amp;amp;amp;trk=nav_responsive_tab_home","https:\/\/www.youtube.com\/channel\/UCxL0wu1uN0_3_7hGG0306cw"]},{"@type":"Person","@id":"https:\/\/www.bellunopress.it\/#\/schema\/person\/79bb06722b37ece1c03d3e94beb30d73","name":"r\u00e9daction","image":{"@type":"ImageObject","inLanguage":"fr-FR","@id":"https:\/\/secure.gravatar.com\/avatar\/37d968a2e67a6fd04c169c4bdef102d0bc5d31b2546345219e348575eb80e9a0?s=96&d=mm&r=g","url":"https:\/\/secure.gravatar.com\/avatar\/37d968a2e67a6fd04c169c4bdef102d0bc5d31b2546345219e348575eb80e9a0?s=96&d=mm&r=g","contentUrl":"https:\/\/secure.gravatar.com\/avatar\/37d968a2e67a6fd04c169c4bdef102d0bc5d31b2546345219e348575eb80e9a0?s=96&d=mm&r=g","caption":"redazione"},"sameAs":["http:\/\/www.bellunopress.it","https:\/\/x.com\/bellunopress"],"url":"https:\/\/www.bellunopress.it\/fr\/author\/redazione\/"}]}},"_links":{"self":[{"href":"https:\/\/www.bellunopress.it\/fr\/wp-json\/wp\/v2\/posts\/145474","targetHints":{"allow":["GET"]}}],"collection":[{"href":"https:\/\/www.bellunopress.it\/fr\/wp-json\/wp\/v2\/posts"}],"about":[{"href":"https:\/\/www.bellunopress.it\/fr\/wp-json\/wp\/v2\/types\/post"}],"author":[{"embeddable":true,"href":"https:\/\/www.bellunopress.it\/fr\/wp-json\/wp\/v2\/users\/2"}],"replies":[{"embeddable":true,"href":"https:\/\/www.bellunopress.it\/fr\/wp-json\/wp\/v2\/comments?post=145474"}],"version-history":[{"count":3,"href":"https:\/\/www.bellunopress.it\/fr\/wp-json\/wp\/v2\/posts\/145474\/revisions"}],"predecessor-version":[{"id":145478,"href":"https:\/\/www.bellunopress.it\/fr\/wp-json\/wp\/v2\/posts\/145474\/revisions\/145478"}],"wp:featuredmedia":[{"embeddable":true,"href":"https:\/\/www.bellunopress.it\/fr\/wp-json\/wp\/v2\/media\/145475"}],"wp:attachment":[{"href":"https:\/\/www.bellunopress.it\/fr\/wp-json\/wp\/v2\/media?parent=145474"}],"wp:term":[{"taxonomy":"category","embeddable":true,"href":"https:\/\/www.bellunopress.it\/fr\/wp-json\/wp\/v2\/categories?post=145474"},{"taxonomy":"post_tag","embeddable":true,"href":"https:\/\/www.bellunopress.it\/fr\/wp-json\/wp\/v2\/tags?post=145474"}],"curies":[{"name":"wp","href":"https:\/\/api.w.org\/{rel}","templated":true}]}}