{"id":145427,"date":"2023-10-29T13:26:05","date_gmt":"2023-10-29T12:26:05","guid":{"rendered":"https:\/\/www.bellunopress.it\/?p=145427"},"modified":"2023-10-29T13:26:05","modified_gmt":"2023-10-29T12:26:05","slug":"ci-ha-lasciato-il-dottor-andrea-dallo","status":"publish","type":"post","link":"https:\/\/www.bellunopress.it\/fr\/2023\/10\/29\/ci-ha-lasciato-il-dottor-andrea-dallo\/","title":{"rendered":"Ci ha lasciato il dottor Andrea Dall&#8217;O"},"content":{"rendered":"<p>Belluno, 29 ottobre 2023 &#8211; E&#8217; morto ieri all&#8217;et\u00e0 di 72 anni il dottor Andrea Dall&#8217;O, medico di famiglia a Borgo Valbelluna e politico (gi\u00e0 consigliere comunale e consigliere provinciale). Riceviamo e pubblichiamo il ricordo degli amici della redazione de IL Gazzettino<\/p>\n<p><img loading=\"lazy\" decoding=\"async\" class=\"alignleft size-full wp-image-145428\" src=\"https:\/\/www.bellunopress.it\/wp-content\/uploads\/2023\/10\/andrea-dallo_edited.jpg\" alt=\"\" width=\"713\" height=\"1000\" srcset=\"https:\/\/www.bellunopress.it\/wp-content\/uploads\/2023\/10\/andrea-dallo_edited.jpg 713w, https:\/\/www.bellunopress.it\/wp-content\/uploads\/2023\/10\/andrea-dallo_edited-357x500.jpg 357w, https:\/\/www.bellunopress.it\/wp-content\/uploads\/2023\/10\/andrea-dallo_edited-696x976.jpg 696w\" sizes=\"auto, (max-width: 713px) 100vw, 713px\" \/>Andrea, ogni sera, capitava in redazione dopo che aveva concluso visite, firmato ricette, ammannito suggerimenti e incoraggiamento ai pazienti. Se non fosse arrivato ci saremmo preoccupati tutti. Salutava con il consueto entusiasmo chiedendo che novit\u00e0 ci fossero. Ma spesso era lui a darci qualche notizia. Era avido di sapere quello che accadeva nella sua citt\u00e0 e in tutta la provincia. Si avvicinava alla mazzetta dei quotidiani che la redazione aveva ormai spulciato e sfogliava come fosse un professionista dell\u2019informazione ogni pagina. E non mancava di fare le sue osservazioni. \u201cQuesta notizia \u2013 suggeriva \u2013 forse meritava di pi\u00f9\u201d. E giustificava il suo giudizio con particolari che noi non conoscevamo. Qualche volta erano i giornalisti ad aver bisogno di lui quando dovevano approfondire un tema. \u201cQuesto Andrea lo sa di sicuro\u201d. E, se non era in grado di aiutarci subito, allora telefonava, cercava e alla fine arrivava la sua voce con quanto aveva ricavato.<br \/>\nAmava la sua professione e avrebbe voluto che i pazienti ottenessero il meglio delle cure.<br \/>\nSi \u00e8 occupato anche di politica con la stessa acribia e vivacit\u00e0 con cui seguiva i malati. Aveva occupato anche un seggio come consigliere in Provincia e nel 2009 era stato eletto segretario provinciale della Liga. Viveva \u201cdentro\u201d il contesto sociale bellunese, cercando di migliorare quello che, a suo avviso, avrebbe potuto essere pi\u00f9 utile per la popolazione. Aveva un aspetto di istintivit\u00e0 che lo rendeva simpatico anche in qualche sua utopia. D\u2019altronde ognuno ha una propria utopia che spesso non rivela. Ma vive sognando che un giorno possa realizzarsi. E immancabilmente ci\u00f2 non avviene.<br \/>\nAllora, caro Andrea, noi ti auguriamo che adesso tu possa, ovunque tu ti trovi, raggiungere le tue utopie per cui sei vissuto e per cui hai mostrato un grande entusiasmo. Sii felice.<\/p>\n<p><strong>I tuoi amici del Gazzettino<\/strong><\/p>","protected":false},"excerpt":{"rendered":"<p>Belluno, 29 ottobre 2023 &#8211; E&#8217; morto ieri all&#8217;et\u00e0 di 72 anni il dottor Andrea Dall&#8217;O, medico di famiglia a Borgo Valbelluna e politico (gi\u00e0 consigliere comunale e consigliere provinciale). Riceviamo e pubblichiamo il ricordo degli amici della redazione de IL Gazzettino Andrea, ogni sera, capitava in redazione dopo che aveva concluso visite, firmato ricette, [&hellip;]<\/p>\n","protected":false},"author":2,"featured_media":145428,"comment_status":"closed","ping_status":"open","sticky":false,"template":"","format":"standard","meta":{"footnotes":""},"categories":[5],"tags":[],"class_list":["post-145427","post","type-post","status-publish","format-standard","has-post-thumbnail","category-cronaca"],"yoast_head":"<!-- This site is optimized with the Yoast SEO plugin v28.4 - https:\/\/yoast.com\/product\/yoast-seo-wordpress\/ -->\n<title>Ci ha lasciato il dottor Andrea Dall&#039;O - Bellunopress - Dolomiti<\/title>\n<meta name=\"robots\" content=\"index, follow, max-snippet:-1, max-image-preview:large, max-video-preview:-1\" \/>\n<link rel=\"canonical\" href=\"https:\/\/www.bellunopress.it\/fr\/2023\/10\/29\/ci-ha-lasciato-il-dottor-andrea-dallo\/\" \/>\n<meta property=\"og:locale\" content=\"fr_FR\" \/>\n<meta property=\"og:type\" content=\"article\" \/>\n<meta property=\"og:title\" content=\"Ci ha lasciato il dottor Andrea Dall&#039;O - Bellunopress - Dolomiti\" \/>\n<meta property=\"og:description\" content=\"Belluno, 29 ottobre 2023 &#8211; E&#8217; morto ieri all&#8217;et\u00e0 di 72 anni il dottor Andrea Dall&#8217;O, medico di famiglia a Borgo Valbelluna e politico (gi\u00e0 consigliere comunale e consigliere provinciale). Riceviamo e pubblichiamo il ricordo degli amici della redazione de IL Gazzettino Andrea, ogni sera, capitava in redazione dopo che aveva concluso visite, firmato ricette, [&hellip;]\" \/>\n<meta property=\"og:url\" content=\"https:\/\/www.bellunopress.it\/fr\/2023\/10\/29\/ci-ha-lasciato-il-dottor-andrea-dallo\/\" \/>\n<meta property=\"og:site_name\" content=\"Bellunopress - Dolomiti\" \/>\n<meta property=\"article:publisher\" content=\"https:\/\/www.facebook.com\/profile.php?id=100008943462799\" \/>\n<meta property=\"article:published_time\" content=\"2023-10-29T12:26:05+00:00\" \/>\n<meta property=\"og:image\" content=\"https:\/\/www.bellunopress.it\/wp-content\/uploads\/2023\/10\/andrea-dallo_edited.jpg\" \/>\n\t<meta property=\"og:image:width\" content=\"713\" \/>\n\t<meta property=\"og:image:height\" content=\"1000\" \/>\n\t<meta property=\"og:image:type\" content=\"image\/jpeg\" \/>\n<meta name=\"author\" content=\"redazione\" \/>\n<meta name=\"twitter:card\" content=\"summary_large_image\" \/>\n<meta name=\"twitter:creator\" content=\"@bellunopress\" \/>\n<meta name=\"twitter:site\" content=\"@bellunopress\" \/>\n<meta name=\"twitter:label1\" content=\"\u00c9crit par\" \/>\n\t<meta name=\"twitter:data1\" content=\"redazione\" \/>\n\t<meta name=\"twitter:label2\" content=\"Dur\u00e9e de lecture estim\u00e9e\" \/>\n\t<meta name=\"twitter:data2\" content=\"2 minutes\" \/>\n<script type=\"application\/ld+json\" class=\"yoast-schema-graph\">{\"@context\":\"https:\\\/\\\/schema.org\",\"@graph\":[{\"@type\":\"Article\",\"@id\":\"https:\\\/\\\/www.bellunopress.it\\\/2023\\\/10\\\/29\\\/ci-ha-lasciato-il-dottor-andrea-dallo\\\/#article\",\"isPartOf\":{\"@id\":\"https:\\\/\\\/www.bellunopress.it\\\/2023\\\/10\\\/29\\\/ci-ha-lasciato-il-dottor-andrea-dallo\\\/\"},\"author\":{\"name\":\"redazione\",\"@id\":\"https:\\\/\\\/www.bellunopress.it\\\/#\\\/schema\\\/person\\\/79bb06722b37ece1c03d3e94beb30d73\"},\"headline\":\"Ci ha lasciato il dottor Andrea Dall&#8217;O\",\"datePublished\":\"2023-10-29T12:26:05+00:00\",\"mainEntityOfPage\":{\"@id\":\"https:\\\/\\\/www.bellunopress.it\\\/2023\\\/10\\\/29\\\/ci-ha-lasciato-il-dottor-andrea-dallo\\\/\"},\"wordCount\":347,\"publisher\":{\"@id\":\"https:\\\/\\\/www.bellunopress.it\\\/#organization\"},\"image\":{\"@id\":\"https:\\\/\\\/www.bellunopress.it\\\/2023\\\/10\\\/29\\\/ci-ha-lasciato-il-dottor-andrea-dallo\\\/#primaryimage\"},\"thumbnailUrl\":\"https:\\\/\\\/www.bellunopress.it\\\/wp-content\\\/uploads\\\/2023\\\/10\\\/andrea-dallo_edited.jpg\",\"articleSection\":[\"Cronaca\\\/Politica\"],\"inLanguage\":\"fr-FR\"},{\"@type\":\"WebPage\",\"@id\":\"https:\\\/\\\/www.bellunopress.it\\\/2023\\\/10\\\/29\\\/ci-ha-lasciato-il-dottor-andrea-dallo\\\/\",\"url\":\"https:\\\/\\\/www.bellunopress.it\\\/2023\\\/10\\\/29\\\/ci-ha-lasciato-il-dottor-andrea-dallo\\\/\",\"name\":\"Ci ha lasciato il dottor Andrea Dall'O - Bellunopress - Dolomiti\",\"isPartOf\":{\"@id\":\"https:\\\/\\\/www.bellunopress.it\\\/#website\"},\"primaryImageOfPage\":{\"@id\":\"https:\\\/\\\/www.bellunopress.it\\\/2023\\\/10\\\/29\\\/ci-ha-lasciato-il-dottor-andrea-dallo\\\/#primaryimage\"},\"image\":{\"@id\":\"https:\\\/\\\/www.bellunopress.it\\\/2023\\\/10\\\/29\\\/ci-ha-lasciato-il-dottor-andrea-dallo\\\/#primaryimage\"},\"thumbnailUrl\":\"https:\\\/\\\/www.bellunopress.it\\\/wp-content\\\/uploads\\\/2023\\\/10\\\/andrea-dallo_edited.jpg\",\"datePublished\":\"2023-10-29T12:26:05+00:00\",\"breadcrumb\":{\"@id\":\"https:\\\/\\\/www.bellunopress.it\\\/2023\\\/10\\\/29\\\/ci-ha-lasciato-il-dottor-andrea-dallo\\\/#breadcrumb\"},\"inLanguage\":\"fr-FR\",\"potentialAction\":[{\"@type\":\"ReadAction\",\"target\":[\"https:\\\/\\\/www.bellunopress.it\\\/2023\\\/10\\\/29\\\/ci-ha-lasciato-il-dottor-andrea-dallo\\\/\"]}]},{\"@type\":\"ImageObject\",\"inLanguage\":\"fr-FR\",\"@id\":\"https:\\\/\\\/www.bellunopress.it\\\/2023\\\/10\\\/29\\\/ci-ha-lasciato-il-dottor-andrea-dallo\\\/#primaryimage\",\"url\":\"https:\\\/\\\/www.bellunopress.it\\\/wp-content\\\/uploads\\\/2023\\\/10\\\/andrea-dallo_edited.jpg\",\"contentUrl\":\"https:\\\/\\\/www.bellunopress.it\\\/wp-content\\\/uploads\\\/2023\\\/10\\\/andrea-dallo_edited.jpg\",\"width\":713,\"height\":1000},{\"@type\":\"BreadcrumbList\",\"@id\":\"https:\\\/\\\/www.bellunopress.it\\\/2023\\\/10\\\/29\\\/ci-ha-lasciato-il-dottor-andrea-dallo\\\/#breadcrumb\",\"itemListElement\":[{\"@type\":\"ListItem\",\"position\":1,\"name\":\"Home\",\"item\":\"https:\\\/\\\/www.bellunopress.it\\\/\"},{\"@type\":\"ListItem\",\"position\":2,\"name\":\"Ci ha lasciato il dottor Andrea Dall&#8217;O\"}]},{\"@type\":\"WebSite\",\"@id\":\"https:\\\/\\\/www.bellunopress.it\\\/#website\",\"url\":\"https:\\\/\\\/www.bellunopress.it\\\/\",\"name\":\"Bellunopress - Dolomiti\",\"description\":\"e-mail: redazione@bellunopress.it\",\"publisher\":{\"@id\":\"https:\\\/\\\/www.bellunopress.it\\\/#organization\"},\"potentialAction\":[{\"@type\":\"SearchAction\",\"target\":{\"@type\":\"EntryPoint\",\"urlTemplate\":\"https:\\\/\\\/www.bellunopress.it\\\/?s={search_term_string}\"},\"query-input\":{\"@type\":\"PropertyValueSpecification\",\"valueRequired\":true,\"valueName\":\"search_term_string\"}}],\"inLanguage\":\"fr-FR\"},{\"@type\":\"Organization\",\"@id\":\"https:\\\/\\\/www.bellunopress.it\\\/#organization\",\"name\":\"Bellunopress\",\"url\":\"https:\\\/\\\/www.bellunopress.it\\\/\",\"logo\":{\"@type\":\"ImageObject\",\"inLanguage\":\"fr-FR\",\"@id\":\"https:\\\/\\\/www.bellunopress.it\\\/#\\\/schema\\\/logo\\\/image\\\/\",\"url\":\"https:\\\/\\\/www.bellunopress.it\\\/wp-content\\\/uploads\\\/2011\\\/05\\\/cropped-logo-bellunopress-.jpg\",\"contentUrl\":\"https:\\\/\\\/www.bellunopress.it\\\/wp-content\\\/uploads\\\/2011\\\/05\\\/cropped-logo-bellunopress-.jpg\",\"width\":512,\"height\":512,\"caption\":\"Bellunopress\"},\"image\":{\"@id\":\"https:\\\/\\\/www.bellunopress.it\\\/#\\\/schema\\\/logo\\\/image\\\/\"},\"sameAs\":[\"https:\\\/\\\/www.facebook.com\\\/profile.php?id=100008943462799\",\"https:\\\/\\\/x.com\\\/bellunopress\",\"https:\\\/\\\/www.linkedin.com\\\/hp\\\/?dnr=JBzUWaJfMUw8vbXJJ2tVW5-I3jZKvC4wsoxE&amp;amp;amp;amp;amp;amp;trk=nav_responsive_tab_home\",\"https:\\\/\\\/www.youtube.com\\\/channel\\\/UCxL0wu1uN0_3_7hGG0306cw\"]},{\"@type\":\"Person\",\"@id\":\"https:\\\/\\\/www.bellunopress.it\\\/#\\\/schema\\\/person\\\/79bb06722b37ece1c03d3e94beb30d73\",\"name\":\"redazione\",\"image\":{\"@type\":\"ImageObject\",\"inLanguage\":\"fr-FR\",\"@id\":\"https:\\\/\\\/secure.gravatar.com\\\/avatar\\\/37d968a2e67a6fd04c169c4bdef102d0bc5d31b2546345219e348575eb80e9a0?s=96&d=mm&r=g\",\"url\":\"https:\\\/\\\/secure.gravatar.com\\\/avatar\\\/37d968a2e67a6fd04c169c4bdef102d0bc5d31b2546345219e348575eb80e9a0?s=96&d=mm&r=g\",\"contentUrl\":\"https:\\\/\\\/secure.gravatar.com\\\/avatar\\\/37d968a2e67a6fd04c169c4bdef102d0bc5d31b2546345219e348575eb80e9a0?s=96&d=mm&r=g\",\"caption\":\"redazione\"},\"sameAs\":[\"http:\\\/\\\/www.bellunopress.it\",\"https:\\\/\\\/x.com\\\/bellunopress\"],\"url\":\"https:\\\/\\\/www.bellunopress.it\\\/fr\\\/author\\\/redazione\\\/\"}]}<\/script>\n<!-- \/ Yoast SEO plugin. -->","yoast_head_json":{"title":"Ci ha lasciato il dottor Andrea Dall'O - Bellunopress - Dolomiti","robots":{"index":"index","follow":"follow","max-snippet":"max-snippet:-1","max-image-preview":"max-image-preview:large","max-video-preview":"max-video-preview:-1"},"canonical":"https:\/\/www.bellunopress.it\/fr\/2023\/10\/29\/ci-ha-lasciato-il-dottor-andrea-dallo\/","og_locale":"fr_FR","og_type":"article","og_title":"Ci ha lasciato il dottor Andrea Dall'O - Bellunopress - Dolomiti","og_description":"Belluno, 29 ottobre 2023 &#8211; E&#8217; morto ieri all&#8217;et\u00e0 di 72 anni il dottor Andrea Dall&#8217;O, medico di famiglia a Borgo Valbelluna e politico (gi\u00e0 consigliere comunale e consigliere provinciale). Riceviamo e pubblichiamo il ricordo degli amici della redazione de IL Gazzettino Andrea, ogni sera, capitava in redazione dopo che aveva concluso visite, firmato ricette, [&hellip;]","og_url":"https:\/\/www.bellunopress.it\/fr\/2023\/10\/29\/ci-ha-lasciato-il-dottor-andrea-dallo\/","og_site_name":"Bellunopress - Dolomiti","article_publisher":"https:\/\/www.facebook.com\/profile.php?id=100008943462799","article_published_time":"2023-10-29T12:26:05+00:00","og_image":[{"width":713,"height":1000,"url":"https:\/\/www.bellunopress.it\/wp-content\/uploads\/2023\/10\/andrea-dallo_edited.jpg","type":"image\/jpeg"}],"author":"redazione","twitter_card":"summary_large_image","twitter_creator":"@bellunopress","twitter_site":"@bellunopress","twitter_misc":{"\u00c9crit par":"redazione","Dur\u00e9e de lecture estim\u00e9e":"2 minutes"},"schema":{"@context":"https:\/\/schema.org","@graph":[{"@type":"Article","@id":"https:\/\/www.bellunopress.it\/2023\/10\/29\/ci-ha-lasciato-il-dottor-andrea-dallo\/#article","isPartOf":{"@id":"https:\/\/www.bellunopress.it\/2023\/10\/29\/ci-ha-lasciato-il-dottor-andrea-dallo\/"},"author":{"name":"redazione","@id":"https:\/\/www.bellunopress.it\/#\/schema\/person\/79bb06722b37ece1c03d3e94beb30d73"},"headline":"Ci ha lasciato il dottor Andrea Dall&#8217;O","datePublished":"2023-10-29T12:26:05+00:00","mainEntityOfPage":{"@id":"https:\/\/www.bellunopress.it\/2023\/10\/29\/ci-ha-lasciato-il-dottor-andrea-dallo\/"},"wordCount":347,"publisher":{"@id":"https:\/\/www.bellunopress.it\/#organization"},"image":{"@id":"https:\/\/www.bellunopress.it\/2023\/10\/29\/ci-ha-lasciato-il-dottor-andrea-dallo\/#primaryimage"},"thumbnailUrl":"https:\/\/www.bellunopress.it\/wp-content\/uploads\/2023\/10\/andrea-dallo_edited.jpg","articleSection":["Cronaca\/Politica"],"inLanguage":"fr-FR"},{"@type":"WebPage","@id":"https:\/\/www.bellunopress.it\/2023\/10\/29\/ci-ha-lasciato-il-dottor-andrea-dallo\/","url":"https:\/\/www.bellunopress.it\/2023\/10\/29\/ci-ha-lasciato-il-dottor-andrea-dallo\/","name":"Ci ha lasciato il dottor Andrea Dall'O - Bellunopress - Dolomiti","isPartOf":{"@id":"https:\/\/www.bellunopress.it\/#website"},"primaryImageOfPage":{"@id":"https:\/\/www.bellunopress.it\/2023\/10\/29\/ci-ha-lasciato-il-dottor-andrea-dallo\/#primaryimage"},"image":{"@id":"https:\/\/www.bellunopress.it\/2023\/10\/29\/ci-ha-lasciato-il-dottor-andrea-dallo\/#primaryimage"},"thumbnailUrl":"https:\/\/www.bellunopress.it\/wp-content\/uploads\/2023\/10\/andrea-dallo_edited.jpg","datePublished":"2023-10-29T12:26:05+00:00","breadcrumb":{"@id":"https:\/\/www.bellunopress.it\/2023\/10\/29\/ci-ha-lasciato-il-dottor-andrea-dallo\/#breadcrumb"},"inLanguage":"fr-FR","potentialAction":[{"@type":"ReadAction","target":["https:\/\/www.bellunopress.it\/2023\/10\/29\/ci-ha-lasciato-il-dottor-andrea-dallo\/"]}]},{"@type":"ImageObject","inLanguage":"fr-FR","@id":"https:\/\/www.bellunopress.it\/2023\/10\/29\/ci-ha-lasciato-il-dottor-andrea-dallo\/#primaryimage","url":"https:\/\/www.bellunopress.it\/wp-content\/uploads\/2023\/10\/andrea-dallo_edited.jpg","contentUrl":"https:\/\/www.bellunopress.it\/wp-content\/uploads\/2023\/10\/andrea-dallo_edited.jpg","width":713,"height":1000},{"@type":"BreadcrumbList","@id":"https:\/\/www.bellunopress.it\/2023\/10\/29\/ci-ha-lasciato-il-dottor-andrea-dallo\/#breadcrumb","itemListElement":[{"@type":"ListItem","position":1,"name":"Home","item":"https:\/\/www.bellunopress.it\/"},{"@type":"ListItem","position":2,"name":"Ci ha lasciato il dottor Andrea Dall&#8217;O"}]},{"@type":"WebSite","@id":"https:\/\/www.bellunopress.it\/#website","url":"https:\/\/www.bellunopress.it\/","name":"Bellunopress - Dolomiti","description":"e-mail: redazione@bellunopress.it","publisher":{"@id":"https:\/\/www.bellunopress.it\/#organization"},"potentialAction":[{"@type":"SearchAction","target":{"@type":"EntryPoint","urlTemplate":"https:\/\/www.bellunopress.it\/?s={search_term_string}"},"query-input":{"@type":"PropertyValueSpecification","valueRequired":true,"valueName":"search_term_string"}}],"inLanguage":"fr-FR"},{"@type":"Organization","@id":"https:\/\/www.bellunopress.it\/#organization","name":"Bellunopress","url":"https:\/\/www.bellunopress.it\/","logo":{"@type":"ImageObject","inLanguage":"fr-FR","@id":"https:\/\/www.bellunopress.it\/#\/schema\/logo\/image\/","url":"https:\/\/www.bellunopress.it\/wp-content\/uploads\/2011\/05\/cropped-logo-bellunopress-.jpg","contentUrl":"https:\/\/www.bellunopress.it\/wp-content\/uploads\/2011\/05\/cropped-logo-bellunopress-.jpg","width":512,"height":512,"caption":"Bellunopress"},"image":{"@id":"https:\/\/www.bellunopress.it\/#\/schema\/logo\/image\/"},"sameAs":["https:\/\/www.facebook.com\/profile.php?id=100008943462799","https:\/\/x.com\/bellunopress","https:\/\/www.linkedin.com\/hp\/?dnr=JBzUWaJfMUw8vbXJJ2tVW5-I3jZKvC4wsoxE&amp;amp;amp;amp;amp;amp;trk=nav_responsive_tab_home","https:\/\/www.youtube.com\/channel\/UCxL0wu1uN0_3_7hGG0306cw"]},{"@type":"Person","@id":"https:\/\/www.bellunopress.it\/#\/schema\/person\/79bb06722b37ece1c03d3e94beb30d73","name":"r\u00e9daction","image":{"@type":"ImageObject","inLanguage":"fr-FR","@id":"https:\/\/secure.gravatar.com\/avatar\/37d968a2e67a6fd04c169c4bdef102d0bc5d31b2546345219e348575eb80e9a0?s=96&d=mm&r=g","url":"https:\/\/secure.gravatar.com\/avatar\/37d968a2e67a6fd04c169c4bdef102d0bc5d31b2546345219e348575eb80e9a0?s=96&d=mm&r=g","contentUrl":"https:\/\/secure.gravatar.com\/avatar\/37d968a2e67a6fd04c169c4bdef102d0bc5d31b2546345219e348575eb80e9a0?s=96&d=mm&r=g","caption":"redazione"},"sameAs":["http:\/\/www.bellunopress.it","https:\/\/x.com\/bellunopress"],"url":"https:\/\/www.bellunopress.it\/fr\/author\/redazione\/"}]}},"_links":{"self":[{"href":"https:\/\/www.bellunopress.it\/fr\/wp-json\/wp\/v2\/posts\/145427","targetHints":{"allow":["GET"]}}],"collection":[{"href":"https:\/\/www.bellunopress.it\/fr\/wp-json\/wp\/v2\/posts"}],"about":[{"href":"https:\/\/www.bellunopress.it\/fr\/wp-json\/wp\/v2\/types\/post"}],"author":[{"embeddable":true,"href":"https:\/\/www.bellunopress.it\/fr\/wp-json\/wp\/v2\/users\/2"}],"replies":[{"embeddable":true,"href":"https:\/\/www.bellunopress.it\/fr\/wp-json\/wp\/v2\/comments?post=145427"}],"version-history":[{"count":1,"href":"https:\/\/www.bellunopress.it\/fr\/wp-json\/wp\/v2\/posts\/145427\/revisions"}],"predecessor-version":[{"id":145429,"href":"https:\/\/www.bellunopress.it\/fr\/wp-json\/wp\/v2\/posts\/145427\/revisions\/145429"}],"wp:featuredmedia":[{"embeddable":true,"href":"https:\/\/www.bellunopress.it\/fr\/wp-json\/wp\/v2\/media\/145428"}],"wp:attachment":[{"href":"https:\/\/www.bellunopress.it\/fr\/wp-json\/wp\/v2\/media?parent=145427"}],"wp:term":[{"taxonomy":"category","embeddable":true,"href":"https:\/\/www.bellunopress.it\/fr\/wp-json\/wp\/v2\/categories?post=145427"},{"taxonomy":"post_tag","embeddable":true,"href":"https:\/\/www.bellunopress.it\/fr\/wp-json\/wp\/v2\/tags?post=145427"}],"curies":[{"name":"wp","href":"https:\/\/api.w.org\/{rel}","templated":true}]}}