{"id":14542,"date":"2010-04-19T11:26:45","date_gmt":"2010-04-19T10:26:45","guid":{"rendered":"http:\/\/www.bellunopress.it\/?p=14542"},"modified":"2010-04-19T11:26:45","modified_gmt":"2010-04-19T10:26:45","slug":"bottacin-%c2%abchiudere-gli-ospedali-periferici-non-esiste-non-comprendo-il-significato-e-le-intenzioni-delle-parole-di-prade%c2%bb","status":"publish","type":"post","link":"https:\/\/www.bellunopress.it\/fr\/2010\/04\/19\/bottacin-%c2%abchiudere-gli-ospedali-periferici-non-esiste-non-comprendo-il-significato-e-le-intenzioni-delle-parole-di-prade%c2%bb\/","title":{"rendered":"Bottacin: \u00abChiudere gli ospedali periferici? Non esiste, non comprendo il significato e le intenzioni delle parole di Prade\u00bb"},"content":{"rendered":"<p><a href=\"http:\/\/www.bellunopress.it\/wp-content\/uploads\/2009\/06\/gianpaolo-bottacin-270x180.jpg\"><img loading=\"lazy\" decoding=\"async\" class=\"alignleft size-medium wp-image-5262\" title=\"gianpaolo-bottacin-270x180\" src=\"http:\/\/www.bellunopress.it\/wp-content\/uploads\/2009\/06\/gianpaolo-bottacin-270x180.jpg\" alt=\"\" width=\"270\" height=\"180\" \/><\/a>\u00ab Chiudere gli ospedali di Pieve di Cadore o di Agordo, come tutti quelli periferici \u00e8 completamente fuori discussione\u00bb. Cos\u00ec il presidente della Provincia di Belluno, Gianpaolo Bottacin, sulle ipotesi avanzate dal sindaco del capoluogo, Antonio Prade. \u00ab Sinceramente non capisco il significato delle dichiarazioni di Prade &#8211; ha spiegato Gianpaolo Bottacin &#8211; . Non \u00e8 mai stata espressa alcune intenzione a voler chiudere i presidi ospedalieri periferici, al fine di realizzare una mega-struttura provinciale. Quanto annunciato non \u00e8 nei piani della Regione Veneto n\u00e9 tanto meno in quelli della Provincia di Belluno\u00bb. \u00ab Ogni sede periferica dovrebbe invece poter contare su una struttura solida, che conti al proprio interno almeno un reparto di Pronto Soccorso, uno di Rianimazione, Medicina e Chirurgia &#8211; ha continuato Bottacin &#8211; . Il nostro territorio ha peculiarit\u00e0 che mal si sposerebbero con una pianificazione come quella esistente a Mestre e la supposta chiusura degli ospedali cosiddetti \u201cminori\u201d non \u00e8 proprio da contemplare\u00bb.<\/p>","protected":false},"excerpt":{"rendered":"<p>\u00ab Chiudere gli ospedali di Pieve di Cadore o di Agordo, come tutti quelli periferici \u00e8 completamente fuori discussione\u00bb. Cos\u00ec il presidente della Provincia di Belluno, Gianpaolo Bottacin, sulle ipotesi avanzate dal sindaco del capoluogo, Antonio Prade. \u00ab Sinceramente non capisco il significato delle dichiarazioni di Prade &#8211; ha spiegato Gianpaolo Bottacin &#8211; . Non [&hellip;]<\/p>\n","protected":false},"author":2,"featured_media":0,"comment_status":"closed","ping_status":"open","sticky":false,"template":"","format":"standard","meta":{"footnotes":""},"categories":[5,26,17],"tags":[1274],"class_list":["post-14542","post","type-post","status-publish","format-standard","category-cronaca","category-prima-pagina","category-sanita","tag-chiudere-gli-ospedali-di-pieve-di-cadore-e-agordo"],"yoast_head":"<!-- This site is optimized with the Yoast SEO plugin v28.4 - https:\/\/yoast.com\/product\/yoast-seo-wordpress\/ -->\n<title>Bottacin: \u00abChiudere gli ospedali periferici? Non esiste, non comprendo il significato e le intenzioni delle parole di Prade\u00bb - Bellunopress - Dolomiti<\/title>\n<meta name=\"robots\" content=\"index, follow, max-snippet:-1, max-image-preview:large, max-video-preview:-1\" \/>\n<link rel=\"canonical\" href=\"https:\/\/www.bellunopress.it\/fr\/2010\/04\/19\/bottacin-\u00abchiudere-gli-ospedali-periferici-non-esiste-non-comprendo-il-significato-e-le-intenzioni-delle-parole-di-prade\u00bb\/\" \/>\n<meta property=\"og:locale\" content=\"fr_FR\" \/>\n<meta property=\"og:type\" content=\"article\" \/>\n<meta property=\"og:title\" content=\"Bottacin: \u00abChiudere gli ospedali periferici? Non esiste, non comprendo il significato e le intenzioni delle parole di Prade\u00bb - Bellunopress - Dolomiti\" \/>\n<meta property=\"og:description\" content=\"\u00ab Chiudere gli ospedali di Pieve di Cadore o di Agordo, come tutti quelli periferici \u00e8 completamente fuori discussione\u00bb. Cos\u00ec il presidente della Provincia di Belluno, Gianpaolo Bottacin, sulle ipotesi avanzate dal sindaco del capoluogo, Antonio Prade. \u00ab Sinceramente non capisco il significato delle dichiarazioni di Prade &#8211; ha spiegato Gianpaolo Bottacin &#8211; . Non [&hellip;]\" \/>\n<meta property=\"og:url\" content=\"https:\/\/www.bellunopress.it\/fr\/2010\/04\/19\/bottacin-\u00abchiudere-gli-ospedali-periferici-non-esiste-non-comprendo-il-significato-e-le-intenzioni-delle-parole-di-prade\u00bb\/\" \/>\n<meta property=\"og:site_name\" content=\"Bellunopress - Dolomiti\" \/>\n<meta property=\"article:publisher\" content=\"https:\/\/www.facebook.com\/profile.php?id=100008943462799\" \/>\n<meta property=\"article:published_time\" content=\"2010-04-19T10:26:45+00:00\" \/>\n<meta property=\"og:image\" content=\"http:\/\/www.bellunopress.it\/wp-content\/uploads\/2009\/06\/gianpaolo-bottacin-270x180.jpg\" \/>\n<meta name=\"author\" content=\"redazione\" \/>\n<meta name=\"twitter:card\" content=\"summary_large_image\" \/>\n<meta name=\"twitter:creator\" content=\"@bellunopress\" \/>\n<meta name=\"twitter:site\" content=\"@bellunopress\" \/>\n<meta name=\"twitter:label1\" content=\"\u00c9crit par\" \/>\n\t<meta name=\"twitter:data1\" content=\"redazione\" \/>\n\t<meta name=\"twitter:label2\" content=\"Dur\u00e9e de lecture estim\u00e9e\" \/>\n\t<meta name=\"twitter:data2\" content=\"1 minute\" \/>\n<script type=\"application\/ld+json\" class=\"yoast-schema-graph\">{\"@context\":\"https:\\\/\\\/schema.org\",\"@graph\":[{\"@type\":\"Article\",\"@id\":\"https:\\\/\\\/www.bellunopress.it\\\/2010\\\/04\\\/19\\\/bottacin-%c2%abchiudere-gli-ospedali-periferici-non-esiste-non-comprendo-il-significato-e-le-intenzioni-delle-parole-di-prade%c2%bb\\\/#article\",\"isPartOf\":{\"@id\":\"https:\\\/\\\/www.bellunopress.it\\\/2010\\\/04\\\/19\\\/bottacin-%c2%abchiudere-gli-ospedali-periferici-non-esiste-non-comprendo-il-significato-e-le-intenzioni-delle-parole-di-prade%c2%bb\\\/\"},\"author\":{\"name\":\"redazione\",\"@id\":\"https:\\\/\\\/www.bellunopress.it\\\/#\\\/schema\\\/person\\\/79bb06722b37ece1c03d3e94beb30d73\"},\"headline\":\"Bottacin: \u00abChiudere gli ospedali periferici? Non esiste, non comprendo il significato e le intenzioni delle parole di Prade\u00bb\",\"datePublished\":\"2010-04-19T10:26:45+00:00\",\"mainEntityOfPage\":{\"@id\":\"https:\\\/\\\/www.bellunopress.it\\\/2010\\\/04\\\/19\\\/bottacin-%c2%abchiudere-gli-ospedali-periferici-non-esiste-non-comprendo-il-significato-e-le-intenzioni-delle-parole-di-prade%c2%bb\\\/\"},\"wordCount\":167,\"publisher\":{\"@id\":\"https:\\\/\\\/www.bellunopress.it\\\/#organization\"},\"image\":{\"@id\":\"https:\\\/\\\/www.bellunopress.it\\\/2010\\\/04\\\/19\\\/bottacin-%c2%abchiudere-gli-ospedali-periferici-non-esiste-non-comprendo-il-significato-e-le-intenzioni-delle-parole-di-prade%c2%bb\\\/#primaryimage\"},\"thumbnailUrl\":\"http:\\\/\\\/www.bellunopress.it\\\/wp-content\\\/uploads\\\/2009\\\/06\\\/gianpaolo-bottacin-270x180.jpg\",\"keywords\":[\"Chiudere gli ospedali di Pieve di cadore e Agordo?\"],\"articleSection\":[\"Cronaca\\\/Politica\",\"Prima Pagina\",\"Sanit\u00e0 Medicina\"],\"inLanguage\":\"fr-FR\"},{\"@type\":\"WebPage\",\"@id\":\"https:\\\/\\\/www.bellunopress.it\\\/2010\\\/04\\\/19\\\/bottacin-%c2%abchiudere-gli-ospedali-periferici-non-esiste-non-comprendo-il-significato-e-le-intenzioni-delle-parole-di-prade%c2%bb\\\/\",\"url\":\"https:\\\/\\\/www.bellunopress.it\\\/2010\\\/04\\\/19\\\/bottacin-%c2%abchiudere-gli-ospedali-periferici-non-esiste-non-comprendo-il-significato-e-le-intenzioni-delle-parole-di-prade%c2%bb\\\/\",\"name\":\"Bottacin: \u00abChiudere gli ospedali periferici? Non esiste, non comprendo il significato e le intenzioni delle parole di Prade\u00bb - Bellunopress - Dolomiti\",\"isPartOf\":{\"@id\":\"https:\\\/\\\/www.bellunopress.it\\\/#website\"},\"primaryImageOfPage\":{\"@id\":\"https:\\\/\\\/www.bellunopress.it\\\/2010\\\/04\\\/19\\\/bottacin-%c2%abchiudere-gli-ospedali-periferici-non-esiste-non-comprendo-il-significato-e-le-intenzioni-delle-parole-di-prade%c2%bb\\\/#primaryimage\"},\"image\":{\"@id\":\"https:\\\/\\\/www.bellunopress.it\\\/2010\\\/04\\\/19\\\/bottacin-%c2%abchiudere-gli-ospedali-periferici-non-esiste-non-comprendo-il-significato-e-le-intenzioni-delle-parole-di-prade%c2%bb\\\/#primaryimage\"},\"thumbnailUrl\":\"http:\\\/\\\/www.bellunopress.it\\\/wp-content\\\/uploads\\\/2009\\\/06\\\/gianpaolo-bottacin-270x180.jpg\",\"datePublished\":\"2010-04-19T10:26:45+00:00\",\"breadcrumb\":{\"@id\":\"https:\\\/\\\/www.bellunopress.it\\\/2010\\\/04\\\/19\\\/bottacin-%c2%abchiudere-gli-ospedali-periferici-non-esiste-non-comprendo-il-significato-e-le-intenzioni-delle-parole-di-prade%c2%bb\\\/#breadcrumb\"},\"inLanguage\":\"fr-FR\",\"potentialAction\":[{\"@type\":\"ReadAction\",\"target\":[\"https:\\\/\\\/www.bellunopress.it\\\/2010\\\/04\\\/19\\\/bottacin-%c2%abchiudere-gli-ospedali-periferici-non-esiste-non-comprendo-il-significato-e-le-intenzioni-delle-parole-di-prade%c2%bb\\\/\"]}]},{\"@type\":\"ImageObject\",\"inLanguage\":\"fr-FR\",\"@id\":\"https:\\\/\\\/www.bellunopress.it\\\/2010\\\/04\\\/19\\\/bottacin-%c2%abchiudere-gli-ospedali-periferici-non-esiste-non-comprendo-il-significato-e-le-intenzioni-delle-parole-di-prade%c2%bb\\\/#primaryimage\",\"url\":\"http:\\\/\\\/www.bellunopress.it\\\/wp-content\\\/uploads\\\/2009\\\/06\\\/gianpaolo-bottacin-270x180.jpg\",\"contentUrl\":\"http:\\\/\\\/www.bellunopress.it\\\/wp-content\\\/uploads\\\/2009\\\/06\\\/gianpaolo-bottacin-270x180.jpg\"},{\"@type\":\"BreadcrumbList\",\"@id\":\"https:\\\/\\\/www.bellunopress.it\\\/2010\\\/04\\\/19\\\/bottacin-%c2%abchiudere-gli-ospedali-periferici-non-esiste-non-comprendo-il-significato-e-le-intenzioni-delle-parole-di-prade%c2%bb\\\/#breadcrumb\",\"itemListElement\":[{\"@type\":\"ListItem\",\"position\":1,\"name\":\"Home\",\"item\":\"https:\\\/\\\/www.bellunopress.it\\\/\"},{\"@type\":\"ListItem\",\"position\":2,\"name\":\"Bottacin: \u00abChiudere gli ospedali periferici? Non esiste, non comprendo il significato e le intenzioni delle parole di Prade\u00bb\"}]},{\"@type\":\"WebSite\",\"@id\":\"https:\\\/\\\/www.bellunopress.it\\\/#website\",\"url\":\"https:\\\/\\\/www.bellunopress.it\\\/\",\"name\":\"Bellunopress - Dolomiti\",\"description\":\"e-mail: redazione@bellunopress.it\",\"publisher\":{\"@id\":\"https:\\\/\\\/www.bellunopress.it\\\/#organization\"},\"potentialAction\":[{\"@type\":\"SearchAction\",\"target\":{\"@type\":\"EntryPoint\",\"urlTemplate\":\"https:\\\/\\\/www.bellunopress.it\\\/?s={search_term_string}\"},\"query-input\":{\"@type\":\"PropertyValueSpecification\",\"valueRequired\":true,\"valueName\":\"search_term_string\"}}],\"inLanguage\":\"fr-FR\"},{\"@type\":\"Organization\",\"@id\":\"https:\\\/\\\/www.bellunopress.it\\\/#organization\",\"name\":\"Bellunopress\",\"url\":\"https:\\\/\\\/www.bellunopress.it\\\/\",\"logo\":{\"@type\":\"ImageObject\",\"inLanguage\":\"fr-FR\",\"@id\":\"https:\\\/\\\/www.bellunopress.it\\\/#\\\/schema\\\/logo\\\/image\\\/\",\"url\":\"https:\\\/\\\/www.bellunopress.it\\\/wp-content\\\/uploads\\\/2011\\\/05\\\/cropped-logo-bellunopress-.jpg\",\"contentUrl\":\"https:\\\/\\\/www.bellunopress.it\\\/wp-content\\\/uploads\\\/2011\\\/05\\\/cropped-logo-bellunopress-.jpg\",\"width\":512,\"height\":512,\"caption\":\"Bellunopress\"},\"image\":{\"@id\":\"https:\\\/\\\/www.bellunopress.it\\\/#\\\/schema\\\/logo\\\/image\\\/\"},\"sameAs\":[\"https:\\\/\\\/www.facebook.com\\\/profile.php?id=100008943462799\",\"https:\\\/\\\/x.com\\\/bellunopress\",\"https:\\\/\\\/www.linkedin.com\\\/hp\\\/?dnr=JBzUWaJfMUw8vbXJJ2tVW5-I3jZKvC4wsoxE&amp;amp;amp;amp;amp;amp;trk=nav_responsive_tab_home\",\"https:\\\/\\\/www.youtube.com\\\/channel\\\/UCxL0wu1uN0_3_7hGG0306cw\"]},{\"@type\":\"Person\",\"@id\":\"https:\\\/\\\/www.bellunopress.it\\\/#\\\/schema\\\/person\\\/79bb06722b37ece1c03d3e94beb30d73\",\"name\":\"redazione\",\"image\":{\"@type\":\"ImageObject\",\"inLanguage\":\"fr-FR\",\"@id\":\"https:\\\/\\\/secure.gravatar.com\\\/avatar\\\/37d968a2e67a6fd04c169c4bdef102d0bc5d31b2546345219e348575eb80e9a0?s=96&d=mm&r=g\",\"url\":\"https:\\\/\\\/secure.gravatar.com\\\/avatar\\\/37d968a2e67a6fd04c169c4bdef102d0bc5d31b2546345219e348575eb80e9a0?s=96&d=mm&r=g\",\"contentUrl\":\"https:\\\/\\\/secure.gravatar.com\\\/avatar\\\/37d968a2e67a6fd04c169c4bdef102d0bc5d31b2546345219e348575eb80e9a0?s=96&d=mm&r=g\",\"caption\":\"redazione\"},\"sameAs\":[\"http:\\\/\\\/www.bellunopress.it\",\"https:\\\/\\\/x.com\\\/bellunopress\"],\"url\":\"https:\\\/\\\/www.bellunopress.it\\\/fr\\\/author\\\/redazione\\\/\"}]}<\/script>\n<!-- \/ Yoast SEO plugin. -->","yoast_head_json":{"title":"Bottacin: \u00abChiudere gli ospedali periferici? Non esiste, non comprendo il significato e le intenzioni delle parole di Prade\u00bb - Bellunopress - Dolomiti","robots":{"index":"index","follow":"follow","max-snippet":"max-snippet:-1","max-image-preview":"max-image-preview:large","max-video-preview":"max-video-preview:-1"},"canonical":"https:\/\/www.bellunopress.it\/fr\/2010\/04\/19\/bottacin-\u00abchiudere-gli-ospedali-periferici-non-esiste-non-comprendo-il-significato-e-le-intenzioni-delle-parole-di-prade\u00bb\/","og_locale":"fr_FR","og_type":"article","og_title":"Bottacin: \u00abChiudere gli ospedali periferici? Non esiste, non comprendo il significato e le intenzioni delle parole di Prade\u00bb - Bellunopress - Dolomiti","og_description":"\u00ab Chiudere gli ospedali di Pieve di Cadore o di Agordo, come tutti quelli periferici \u00e8 completamente fuori discussione\u00bb. Cos\u00ec il presidente della Provincia di Belluno, Gianpaolo Bottacin, sulle ipotesi avanzate dal sindaco del capoluogo, Antonio Prade. \u00ab Sinceramente non capisco il significato delle dichiarazioni di Prade &#8211; ha spiegato Gianpaolo Bottacin &#8211; . Non [&hellip;]","og_url":"https:\/\/www.bellunopress.it\/fr\/2010\/04\/19\/bottacin-\u00abchiudere-gli-ospedali-periferici-non-esiste-non-comprendo-il-significato-e-le-intenzioni-delle-parole-di-prade\u00bb\/","og_site_name":"Bellunopress - Dolomiti","article_publisher":"https:\/\/www.facebook.com\/profile.php?id=100008943462799","article_published_time":"2010-04-19T10:26:45+00:00","og_image":[{"url":"http:\/\/www.bellunopress.it\/wp-content\/uploads\/2009\/06\/gianpaolo-bottacin-270x180.jpg","type":"","width":"","height":""}],"author":"redazione","twitter_card":"summary_large_image","twitter_creator":"@bellunopress","twitter_site":"@bellunopress","twitter_misc":{"\u00c9crit par":"redazione","Dur\u00e9e de lecture estim\u00e9e":"1 minute"},"schema":{"@context":"https:\/\/schema.org","@graph":[{"@type":"Article","@id":"https:\/\/www.bellunopress.it\/2010\/04\/19\/bottacin-%c2%abchiudere-gli-ospedali-periferici-non-esiste-non-comprendo-il-significato-e-le-intenzioni-delle-parole-di-prade%c2%bb\/#article","isPartOf":{"@id":"https:\/\/www.bellunopress.it\/2010\/04\/19\/bottacin-%c2%abchiudere-gli-ospedali-periferici-non-esiste-non-comprendo-il-significato-e-le-intenzioni-delle-parole-di-prade%c2%bb\/"},"author":{"name":"redazione","@id":"https:\/\/www.bellunopress.it\/#\/schema\/person\/79bb06722b37ece1c03d3e94beb30d73"},"headline":"Bottacin: \u00abChiudere gli ospedali periferici? Non esiste, non comprendo il significato e le intenzioni delle parole di Prade\u00bb","datePublished":"2010-04-19T10:26:45+00:00","mainEntityOfPage":{"@id":"https:\/\/www.bellunopress.it\/2010\/04\/19\/bottacin-%c2%abchiudere-gli-ospedali-periferici-non-esiste-non-comprendo-il-significato-e-le-intenzioni-delle-parole-di-prade%c2%bb\/"},"wordCount":167,"publisher":{"@id":"https:\/\/www.bellunopress.it\/#organization"},"image":{"@id":"https:\/\/www.bellunopress.it\/2010\/04\/19\/bottacin-%c2%abchiudere-gli-ospedali-periferici-non-esiste-non-comprendo-il-significato-e-le-intenzioni-delle-parole-di-prade%c2%bb\/#primaryimage"},"thumbnailUrl":"http:\/\/www.bellunopress.it\/wp-content\/uploads\/2009\/06\/gianpaolo-bottacin-270x180.jpg","keywords":["Chiudere gli ospedali di Pieve di cadore e Agordo?"],"articleSection":["Cronaca\/Politica","Prima Pagina","Sanit\u00e0 Medicina"],"inLanguage":"fr-FR"},{"@type":"WebPage","@id":"https:\/\/www.bellunopress.it\/2010\/04\/19\/bottacin-%c2%abchiudere-gli-ospedali-periferici-non-esiste-non-comprendo-il-significato-e-le-intenzioni-delle-parole-di-prade%c2%bb\/","url":"https:\/\/www.bellunopress.it\/2010\/04\/19\/bottacin-%c2%abchiudere-gli-ospedali-periferici-non-esiste-non-comprendo-il-significato-e-le-intenzioni-delle-parole-di-prade%c2%bb\/","name":"Bottacin: \u00abChiudere gli ospedali periferici? Non esiste, non comprendo il significato e le intenzioni delle parole di Prade\u00bb - Bellunopress - Dolomiti","isPartOf":{"@id":"https:\/\/www.bellunopress.it\/#website"},"primaryImageOfPage":{"@id":"https:\/\/www.bellunopress.it\/2010\/04\/19\/bottacin-%c2%abchiudere-gli-ospedali-periferici-non-esiste-non-comprendo-il-significato-e-le-intenzioni-delle-parole-di-prade%c2%bb\/#primaryimage"},"image":{"@id":"https:\/\/www.bellunopress.it\/2010\/04\/19\/bottacin-%c2%abchiudere-gli-ospedali-periferici-non-esiste-non-comprendo-il-significato-e-le-intenzioni-delle-parole-di-prade%c2%bb\/#primaryimage"},"thumbnailUrl":"http:\/\/www.bellunopress.it\/wp-content\/uploads\/2009\/06\/gianpaolo-bottacin-270x180.jpg","datePublished":"2010-04-19T10:26:45+00:00","breadcrumb":{"@id":"https:\/\/www.bellunopress.it\/2010\/04\/19\/bottacin-%c2%abchiudere-gli-ospedali-periferici-non-esiste-non-comprendo-il-significato-e-le-intenzioni-delle-parole-di-prade%c2%bb\/#breadcrumb"},"inLanguage":"fr-FR","potentialAction":[{"@type":"ReadAction","target":["https:\/\/www.bellunopress.it\/2010\/04\/19\/bottacin-%c2%abchiudere-gli-ospedali-periferici-non-esiste-non-comprendo-il-significato-e-le-intenzioni-delle-parole-di-prade%c2%bb\/"]}]},{"@type":"ImageObject","inLanguage":"fr-FR","@id":"https:\/\/www.bellunopress.it\/2010\/04\/19\/bottacin-%c2%abchiudere-gli-ospedali-periferici-non-esiste-non-comprendo-il-significato-e-le-intenzioni-delle-parole-di-prade%c2%bb\/#primaryimage","url":"http:\/\/www.bellunopress.it\/wp-content\/uploads\/2009\/06\/gianpaolo-bottacin-270x180.jpg","contentUrl":"http:\/\/www.bellunopress.it\/wp-content\/uploads\/2009\/06\/gianpaolo-bottacin-270x180.jpg"},{"@type":"BreadcrumbList","@id":"https:\/\/www.bellunopress.it\/2010\/04\/19\/bottacin-%c2%abchiudere-gli-ospedali-periferici-non-esiste-non-comprendo-il-significato-e-le-intenzioni-delle-parole-di-prade%c2%bb\/#breadcrumb","itemListElement":[{"@type":"ListItem","position":1,"name":"Home","item":"https:\/\/www.bellunopress.it\/"},{"@type":"ListItem","position":2,"name":"Bottacin: \u00abChiudere gli ospedali periferici? Non esiste, non comprendo il significato e le intenzioni delle parole di Prade\u00bb"}]},{"@type":"WebSite","@id":"https:\/\/www.bellunopress.it\/#website","url":"https:\/\/www.bellunopress.it\/","name":"Bellunopress - Dolomiti","description":"e-mail: redazione@bellunopress.it","publisher":{"@id":"https:\/\/www.bellunopress.it\/#organization"},"potentialAction":[{"@type":"SearchAction","target":{"@type":"EntryPoint","urlTemplate":"https:\/\/www.bellunopress.it\/?s={search_term_string}"},"query-input":{"@type":"PropertyValueSpecification","valueRequired":true,"valueName":"search_term_string"}}],"inLanguage":"fr-FR"},{"@type":"Organization","@id":"https:\/\/www.bellunopress.it\/#organization","name":"Bellunopress","url":"https:\/\/www.bellunopress.it\/","logo":{"@type":"ImageObject","inLanguage":"fr-FR","@id":"https:\/\/www.bellunopress.it\/#\/schema\/logo\/image\/","url":"https:\/\/www.bellunopress.it\/wp-content\/uploads\/2011\/05\/cropped-logo-bellunopress-.jpg","contentUrl":"https:\/\/www.bellunopress.it\/wp-content\/uploads\/2011\/05\/cropped-logo-bellunopress-.jpg","width":512,"height":512,"caption":"Bellunopress"},"image":{"@id":"https:\/\/www.bellunopress.it\/#\/schema\/logo\/image\/"},"sameAs":["https:\/\/www.facebook.com\/profile.php?id=100008943462799","https:\/\/x.com\/bellunopress","https:\/\/www.linkedin.com\/hp\/?dnr=JBzUWaJfMUw8vbXJJ2tVW5-I3jZKvC4wsoxE&amp;amp;amp;amp;amp;amp;trk=nav_responsive_tab_home","https:\/\/www.youtube.com\/channel\/UCxL0wu1uN0_3_7hGG0306cw"]},{"@type":"Person","@id":"https:\/\/www.bellunopress.it\/#\/schema\/person\/79bb06722b37ece1c03d3e94beb30d73","name":"r\u00e9daction","image":{"@type":"ImageObject","inLanguage":"fr-FR","@id":"https:\/\/secure.gravatar.com\/avatar\/37d968a2e67a6fd04c169c4bdef102d0bc5d31b2546345219e348575eb80e9a0?s=96&d=mm&r=g","url":"https:\/\/secure.gravatar.com\/avatar\/37d968a2e67a6fd04c169c4bdef102d0bc5d31b2546345219e348575eb80e9a0?s=96&d=mm&r=g","contentUrl":"https:\/\/secure.gravatar.com\/avatar\/37d968a2e67a6fd04c169c4bdef102d0bc5d31b2546345219e348575eb80e9a0?s=96&d=mm&r=g","caption":"redazione"},"sameAs":["http:\/\/www.bellunopress.it","https:\/\/x.com\/bellunopress"],"url":"https:\/\/www.bellunopress.it\/fr\/author\/redazione\/"}]}},"_links":{"self":[{"href":"https:\/\/www.bellunopress.it\/fr\/wp-json\/wp\/v2\/posts\/14542","targetHints":{"allow":["GET"]}}],"collection":[{"href":"https:\/\/www.bellunopress.it\/fr\/wp-json\/wp\/v2\/posts"}],"about":[{"href":"https:\/\/www.bellunopress.it\/fr\/wp-json\/wp\/v2\/types\/post"}],"author":[{"embeddable":true,"href":"https:\/\/www.bellunopress.it\/fr\/wp-json\/wp\/v2\/users\/2"}],"replies":[{"embeddable":true,"href":"https:\/\/www.bellunopress.it\/fr\/wp-json\/wp\/v2\/comments?post=14542"}],"version-history":[{"count":1,"href":"https:\/\/www.bellunopress.it\/fr\/wp-json\/wp\/v2\/posts\/14542\/revisions"}],"predecessor-version":[{"id":14543,"href":"https:\/\/www.bellunopress.it\/fr\/wp-json\/wp\/v2\/posts\/14542\/revisions\/14543"}],"wp:attachment":[{"href":"https:\/\/www.bellunopress.it\/fr\/wp-json\/wp\/v2\/media?parent=14542"}],"wp:term":[{"taxonomy":"category","embeddable":true,"href":"https:\/\/www.bellunopress.it\/fr\/wp-json\/wp\/v2\/categories?post=14542"},{"taxonomy":"post_tag","embeddable":true,"href":"https:\/\/www.bellunopress.it\/fr\/wp-json\/wp\/v2\/tags?post=14542"}],"curies":[{"name":"wp","href":"https:\/\/api.w.org\/{rel}","templated":true}]}}