{"id":145415,"date":"2023-10-28T19:21:07","date_gmt":"2023-10-28T17:21:07","guid":{"rendered":"https:\/\/www.bellunopress.it\/?p=145415"},"modified":"2023-10-28T19:22:11","modified_gmt":"2023-10-28T17:22:11","slug":"frazioni-la-carne-battezzata-pesce-il-gruppo-consiliare-belluno-al-centro-replica-al-gruppo-insieme-per-belluno-bene-comune","status":"publish","type":"post","link":"https:\/\/www.bellunopress.it\/fr\/2023\/10\/28\/frazioni-la-carne-battezzata-pesce-il-gruppo-consiliare-belluno-al-centro-replica-al-gruppo-insieme-per-belluno-bene-comune\/","title":{"rendered":"Frazioni, la carne battezzata pesce. Il Gruppo Consiliare Belluno Al Centro replica al Gruppo Insieme per Belluno Bene Comune"},"content":{"rendered":"<p><img loading=\"lazy\" decoding=\"async\" class=\"alignleft size-full wp-image-140186\" src=\"https:\/\/www.bellunopress.it\/wp-content\/uploads\/2023\/03\/belluno-al-centro_edited.jpg\" alt=\"\" width=\"512\" height=\"512\" srcset=\"https:\/\/www.bellunopress.it\/wp-content\/uploads\/2023\/03\/belluno-al-centro_edited.jpg 512w, https:\/\/www.bellunopress.it\/wp-content\/uploads\/2023\/03\/belluno-al-centro_edited-500x500.jpg 500w, https:\/\/www.bellunopress.it\/wp-content\/uploads\/2023\/03\/belluno-al-centro_edited-300x300.jpg 300w, https:\/\/www.bellunopress.it\/wp-content\/uploads\/2023\/03\/belluno-al-centro_edited-420x420.jpg 420w\" sizes=\"auto, (max-width: 512px) 100vw, 512px\" \/>Qualcuno era comunista, &#8230;perch\u00e9 chi era contro, era comunista.\u00a0 Partiamo da questo verso dell&#8217;omonima canzone di Giorgio Gaber &#8211; realistica e ironica, ma dal finale drammatico &#8211; per commentare l&#8217;intervento del consigliere Rasera Berna in occasione dell&#8217;ultimo consiglio comunale del 20 ottobre scorso, sintetizzato nell&#8217;articolo &#8220;Insieme per Belluno Bene comune&#8221; dal titolo &#8220;<a href=\"https:\/\/www.bellunopress.it\/fr\/2023\/10\/27\/nuove-frazioni-a-belluno-la-carne-battezzata-pesce\/\">Nuove frazioni a Belluno: la carne battezzata pesce<\/a>&#8221; pubblicato ieri su Bellunopress.<\/p>\n<p>&#8220;L&#8217;intervento e l&#8217;articolo &#8211; sostiene il gruppo di maggioranza &#8211; ricordano un tipo di analisi di dettaglio ed il sapore vagamente anticlericale tipico della propaganda del Pci del Novecento, si scagliano contro la proposta di elezione dei capifrazione a Belluno, e la relativa suddivisione del territorio comunale, ancora da concordare in modo definitivo dall&#8217;Amministrazione con tutta la popolazione&#8221;.<\/p>\n<p>&#8220;Belluno al Centro\u00a0 &#8211; prosegue la nota &#8211; lascia serenamente all&#8217;avvocato Rasera ed ai suoi compagni l&#8217;analisi tecnica e minuziosa del tema &#8220;frazioni&#8221; e il giusto diritto di critica della minoranza&#8221;.<\/p>\n<p>Ci mancherebbe pure che non lo lasciassero aggiungiamo noi.<\/p>\n<p>&#8220;Il nostro gruppo concentra invece i propri sforzi nel cammino di dialogo con gli abitanti del capoluogo, gi\u00e0 iniziato in area Salce, Sois e Cavarzano, e destinato a continuare con i prossimi sei incontri da programma nel resto del comune, per giungere infine alla elezione dei capifrazione ed alle relative aree di competenza degli stessi. Lo scopo di tali passi si pu\u00f2 riassumere nell&#8217;articolo 2 (Finalit\u00e0) della bozza di regolamento approntata a proposito: L&#8217;istituzione delle frazioni, prevista dal regolamento in applicazione del principio di sussidiariet\u00e0, \u00e8 finalizzata a promuovere e a valorizzare la partecipazione attiva della cittadinanza all&#8217;amministrazione locale allo scopo di portare all&#8217;attenzione della giunta comunale, per il tramite del sindaco o suo delegato, le problematiche\/opportunit\u00e0 delle singole parti del territorio comunale nonch\u00e9 le proposte per la loro risoluzione\/attuazione, partecipando attivamente alle conseguenti azioni da porre in essere sul territorio.\u00a0Un punto di orgoglio del programma elettorale di Belluno al Centro e della maggioranza tutta, che dovrebbe finalizzarsi entro la prima met\u00e0 del 2024.\u00a0Perch\u00e9 il nostro gruppo consiliare crede fermamente che la citt\u00e0 per crescere abbia bisogno in primis di condivisione, confronto e coinvolgimento di tutto il territorio&#8221;.<\/p>","protected":false},"excerpt":{"rendered":"<p>Qualcuno era comunista, &#8230;perch\u00e9 chi era contro, era comunista.\u00a0 Partiamo da questo verso dell&#8217;omonima canzone di Giorgio Gaber &#8211; realistica e ironica, ma dal finale drammatico &#8211; per commentare l&#8217;intervento del consigliere Rasera Berna in occasione dell&#8217;ultimo consiglio comunale del 20 ottobre scorso, sintetizzato nell&#8217;articolo &#8220;Insieme per Belluno Bene comune&#8221; dal titolo &#8220;Nuove frazioni a [&hellip;]<\/p>\n","protected":false},"author":2,"featured_media":140186,"comment_status":"closed","ping_status":"open","sticky":false,"template":"","format":"standard","meta":{"footnotes":""},"categories":[5,26],"tags":[],"class_list":["post-145415","post","type-post","status-publish","format-standard","has-post-thumbnail","category-cronaca","category-prima-pagina"],"yoast_head":"<!-- This site is optimized with the Yoast SEO plugin v28.4 - https:\/\/yoast.com\/product\/yoast-seo-wordpress\/ -->\n<title>Frazioni, la carne battezzata pesce. Il Gruppo Consiliare Belluno Al Centro replica al Gruppo Insieme per Belluno Bene Comune - Bellunopress - Dolomiti<\/title>\n<meta name=\"robots\" content=\"index, follow, max-snippet:-1, max-image-preview:large, max-video-preview:-1\" \/>\n<link rel=\"canonical\" href=\"https:\/\/www.bellunopress.it\/fr\/2023\/10\/28\/frazioni-la-carne-battezzata-pesce-il-gruppo-consiliare-belluno-al-centro-replica-al-gruppo-insieme-per-belluno-bene-comune\/\" \/>\n<meta property=\"og:locale\" content=\"fr_FR\" \/>\n<meta property=\"og:type\" content=\"article\" \/>\n<meta property=\"og:title\" content=\"Frazioni, la carne battezzata pesce. Il Gruppo Consiliare Belluno Al Centro replica al Gruppo Insieme per Belluno Bene Comune - Bellunopress - Dolomiti\" \/>\n<meta property=\"og:description\" content=\"Qualcuno era comunista, &#8230;perch\u00e9 chi era contro, era comunista.\u00a0 Partiamo da questo verso dell&#8217;omonima canzone di Giorgio Gaber &#8211; realistica e ironica, ma dal finale drammatico &#8211; per commentare l&#8217;intervento del consigliere Rasera Berna in occasione dell&#8217;ultimo consiglio comunale del 20 ottobre scorso, sintetizzato nell&#8217;articolo &#8220;Insieme per Belluno Bene comune&#8221; dal titolo &#8220;Nuove frazioni a [&hellip;]\" \/>\n<meta property=\"og:url\" content=\"https:\/\/www.bellunopress.it\/fr\/2023\/10\/28\/frazioni-la-carne-battezzata-pesce-il-gruppo-consiliare-belluno-al-centro-replica-al-gruppo-insieme-per-belluno-bene-comune\/\" \/>\n<meta property=\"og:site_name\" content=\"Bellunopress - Dolomiti\" \/>\n<meta property=\"article:publisher\" content=\"https:\/\/www.facebook.com\/profile.php?id=100008943462799\" \/>\n<meta property=\"article:published_time\" content=\"2023-10-28T17:21:07+00:00\" \/>\n<meta property=\"article:modified_time\" content=\"2023-10-28T17:22:11+00:00\" \/>\n<meta property=\"og:image\" content=\"https:\/\/www.bellunopress.it\/wp-content\/uploads\/2023\/03\/belluno-al-centro_edited.jpg\" \/>\n\t<meta property=\"og:image:width\" content=\"512\" \/>\n\t<meta property=\"og:image:height\" content=\"512\" \/>\n\t<meta property=\"og:image:type\" content=\"image\/jpeg\" \/>\n<meta name=\"author\" content=\"redazione\" \/>\n<meta name=\"twitter:card\" content=\"summary_large_image\" \/>\n<meta name=\"twitter:creator\" content=\"@bellunopress\" \/>\n<meta name=\"twitter:site\" content=\"@bellunopress\" \/>\n<meta name=\"twitter:label1\" content=\"\u00c9crit par\" \/>\n\t<meta name=\"twitter:data1\" content=\"redazione\" \/>\n\t<meta name=\"twitter:label2\" content=\"Dur\u00e9e de lecture estim\u00e9e\" \/>\n\t<meta name=\"twitter:data2\" content=\"2 minutes\" \/>\n<script type=\"application\/ld+json\" class=\"yoast-schema-graph\">{\"@context\":\"https:\\\/\\\/schema.org\",\"@graph\":[{\"@type\":\"Article\",\"@id\":\"https:\\\/\\\/www.bellunopress.it\\\/2023\\\/10\\\/28\\\/frazioni-la-carne-battezzata-pesce-il-gruppo-consiliare-belluno-al-centro-replica-al-gruppo-insieme-per-belluno-bene-comune\\\/#article\",\"isPartOf\":{\"@id\":\"https:\\\/\\\/www.bellunopress.it\\\/2023\\\/10\\\/28\\\/frazioni-la-carne-battezzata-pesce-il-gruppo-consiliare-belluno-al-centro-replica-al-gruppo-insieme-per-belluno-bene-comune\\\/\"},\"author\":{\"name\":\"redazione\",\"@id\":\"https:\\\/\\\/www.bellunopress.it\\\/#\\\/schema\\\/person\\\/79bb06722b37ece1c03d3e94beb30d73\"},\"headline\":\"Frazioni, la carne battezzata pesce. Il Gruppo Consiliare Belluno Al Centro replica al Gruppo Insieme per Belluno Bene Comune\",\"datePublished\":\"2023-10-28T17:21:07+00:00\",\"dateModified\":\"2023-10-28T17:22:11+00:00\",\"mainEntityOfPage\":{\"@id\":\"https:\\\/\\\/www.bellunopress.it\\\/2023\\\/10\\\/28\\\/frazioni-la-carne-battezzata-pesce-il-gruppo-consiliare-belluno-al-centro-replica-al-gruppo-insieme-per-belluno-bene-comune\\\/\"},\"wordCount\":382,\"publisher\":{\"@id\":\"https:\\\/\\\/www.bellunopress.it\\\/#organization\"},\"image\":{\"@id\":\"https:\\\/\\\/www.bellunopress.it\\\/2023\\\/10\\\/28\\\/frazioni-la-carne-battezzata-pesce-il-gruppo-consiliare-belluno-al-centro-replica-al-gruppo-insieme-per-belluno-bene-comune\\\/#primaryimage\"},\"thumbnailUrl\":\"https:\\\/\\\/www.bellunopress.it\\\/wp-content\\\/uploads\\\/2023\\\/03\\\/belluno-al-centro_edited.jpg\",\"articleSection\":[\"Cronaca\\\/Politica\",\"Prima Pagina\"],\"inLanguage\":\"fr-FR\"},{\"@type\":\"WebPage\",\"@id\":\"https:\\\/\\\/www.bellunopress.it\\\/2023\\\/10\\\/28\\\/frazioni-la-carne-battezzata-pesce-il-gruppo-consiliare-belluno-al-centro-replica-al-gruppo-insieme-per-belluno-bene-comune\\\/\",\"url\":\"https:\\\/\\\/www.bellunopress.it\\\/2023\\\/10\\\/28\\\/frazioni-la-carne-battezzata-pesce-il-gruppo-consiliare-belluno-al-centro-replica-al-gruppo-insieme-per-belluno-bene-comune\\\/\",\"name\":\"Frazioni, la carne battezzata pesce. Il Gruppo Consiliare Belluno Al Centro replica al Gruppo Insieme per Belluno Bene Comune - Bellunopress - Dolomiti\",\"isPartOf\":{\"@id\":\"https:\\\/\\\/www.bellunopress.it\\\/#website\"},\"primaryImageOfPage\":{\"@id\":\"https:\\\/\\\/www.bellunopress.it\\\/2023\\\/10\\\/28\\\/frazioni-la-carne-battezzata-pesce-il-gruppo-consiliare-belluno-al-centro-replica-al-gruppo-insieme-per-belluno-bene-comune\\\/#primaryimage\"},\"image\":{\"@id\":\"https:\\\/\\\/www.bellunopress.it\\\/2023\\\/10\\\/28\\\/frazioni-la-carne-battezzata-pesce-il-gruppo-consiliare-belluno-al-centro-replica-al-gruppo-insieme-per-belluno-bene-comune\\\/#primaryimage\"},\"thumbnailUrl\":\"https:\\\/\\\/www.bellunopress.it\\\/wp-content\\\/uploads\\\/2023\\\/03\\\/belluno-al-centro_edited.jpg\",\"datePublished\":\"2023-10-28T17:21:07+00:00\",\"dateModified\":\"2023-10-28T17:22:11+00:00\",\"breadcrumb\":{\"@id\":\"https:\\\/\\\/www.bellunopress.it\\\/2023\\\/10\\\/28\\\/frazioni-la-carne-battezzata-pesce-il-gruppo-consiliare-belluno-al-centro-replica-al-gruppo-insieme-per-belluno-bene-comune\\\/#breadcrumb\"},\"inLanguage\":\"fr-FR\",\"potentialAction\":[{\"@type\":\"ReadAction\",\"target\":[\"https:\\\/\\\/www.bellunopress.it\\\/2023\\\/10\\\/28\\\/frazioni-la-carne-battezzata-pesce-il-gruppo-consiliare-belluno-al-centro-replica-al-gruppo-insieme-per-belluno-bene-comune\\\/\"]}]},{\"@type\":\"ImageObject\",\"inLanguage\":\"fr-FR\",\"@id\":\"https:\\\/\\\/www.bellunopress.it\\\/2023\\\/10\\\/28\\\/frazioni-la-carne-battezzata-pesce-il-gruppo-consiliare-belluno-al-centro-replica-al-gruppo-insieme-per-belluno-bene-comune\\\/#primaryimage\",\"url\":\"https:\\\/\\\/www.bellunopress.it\\\/wp-content\\\/uploads\\\/2023\\\/03\\\/belluno-al-centro_edited.jpg\",\"contentUrl\":\"https:\\\/\\\/www.bellunopress.it\\\/wp-content\\\/uploads\\\/2023\\\/03\\\/belluno-al-centro_edited.jpg\",\"width\":512,\"height\":512},{\"@type\":\"BreadcrumbList\",\"@id\":\"https:\\\/\\\/www.bellunopress.it\\\/2023\\\/10\\\/28\\\/frazioni-la-carne-battezzata-pesce-il-gruppo-consiliare-belluno-al-centro-replica-al-gruppo-insieme-per-belluno-bene-comune\\\/#breadcrumb\",\"itemListElement\":[{\"@type\":\"ListItem\",\"position\":1,\"name\":\"Home\",\"item\":\"https:\\\/\\\/www.bellunopress.it\\\/\"},{\"@type\":\"ListItem\",\"position\":2,\"name\":\"Frazioni, la carne battezzata pesce. Il Gruppo Consiliare Belluno Al Centro replica al Gruppo Insieme per Belluno Bene Comune\"}]},{\"@type\":\"WebSite\",\"@id\":\"https:\\\/\\\/www.bellunopress.it\\\/#website\",\"url\":\"https:\\\/\\\/www.bellunopress.it\\\/\",\"name\":\"Bellunopress - Dolomiti\",\"description\":\"e-mail: redazione@bellunopress.it\",\"publisher\":{\"@id\":\"https:\\\/\\\/www.bellunopress.it\\\/#organization\"},\"potentialAction\":[{\"@type\":\"SearchAction\",\"target\":{\"@type\":\"EntryPoint\",\"urlTemplate\":\"https:\\\/\\\/www.bellunopress.it\\\/?s={search_term_string}\"},\"query-input\":{\"@type\":\"PropertyValueSpecification\",\"valueRequired\":true,\"valueName\":\"search_term_string\"}}],\"inLanguage\":\"fr-FR\"},{\"@type\":\"Organization\",\"@id\":\"https:\\\/\\\/www.bellunopress.it\\\/#organization\",\"name\":\"Bellunopress\",\"url\":\"https:\\\/\\\/www.bellunopress.it\\\/\",\"logo\":{\"@type\":\"ImageObject\",\"inLanguage\":\"fr-FR\",\"@id\":\"https:\\\/\\\/www.bellunopress.it\\\/#\\\/schema\\\/logo\\\/image\\\/\",\"url\":\"https:\\\/\\\/www.bellunopress.it\\\/wp-content\\\/uploads\\\/2011\\\/05\\\/cropped-logo-bellunopress-.jpg\",\"contentUrl\":\"https:\\\/\\\/www.bellunopress.it\\\/wp-content\\\/uploads\\\/2011\\\/05\\\/cropped-logo-bellunopress-.jpg\",\"width\":512,\"height\":512,\"caption\":\"Bellunopress\"},\"image\":{\"@id\":\"https:\\\/\\\/www.bellunopress.it\\\/#\\\/schema\\\/logo\\\/image\\\/\"},\"sameAs\":[\"https:\\\/\\\/www.facebook.com\\\/profile.php?id=100008943462799\",\"https:\\\/\\\/x.com\\\/bellunopress\",\"https:\\\/\\\/www.linkedin.com\\\/hp\\\/?dnr=JBzUWaJfMUw8vbXJJ2tVW5-I3jZKvC4wsoxE&amp;amp;amp;amp;amp;amp;trk=nav_responsive_tab_home\",\"https:\\\/\\\/www.youtube.com\\\/channel\\\/UCxL0wu1uN0_3_7hGG0306cw\"]},{\"@type\":\"Person\",\"@id\":\"https:\\\/\\\/www.bellunopress.it\\\/#\\\/schema\\\/person\\\/79bb06722b37ece1c03d3e94beb30d73\",\"name\":\"redazione\",\"image\":{\"@type\":\"ImageObject\",\"inLanguage\":\"fr-FR\",\"@id\":\"https:\\\/\\\/secure.gravatar.com\\\/avatar\\\/37d968a2e67a6fd04c169c4bdef102d0bc5d31b2546345219e348575eb80e9a0?s=96&d=mm&r=g\",\"url\":\"https:\\\/\\\/secure.gravatar.com\\\/avatar\\\/37d968a2e67a6fd04c169c4bdef102d0bc5d31b2546345219e348575eb80e9a0?s=96&d=mm&r=g\",\"contentUrl\":\"https:\\\/\\\/secure.gravatar.com\\\/avatar\\\/37d968a2e67a6fd04c169c4bdef102d0bc5d31b2546345219e348575eb80e9a0?s=96&d=mm&r=g\",\"caption\":\"redazione\"},\"sameAs\":[\"http:\\\/\\\/www.bellunopress.it\",\"https:\\\/\\\/x.com\\\/bellunopress\"],\"url\":\"https:\\\/\\\/www.bellunopress.it\\\/fr\\\/author\\\/redazione\\\/\"}]}<\/script>\n<!-- \/ Yoast SEO plugin. -->","yoast_head_json":{"title":"Frazioni, la carne battezzata pesce. Il Gruppo Consiliare Belluno Al Centro replica al Gruppo Insieme per Belluno Bene Comune - Bellunopress - Dolomiti","robots":{"index":"index","follow":"follow","max-snippet":"max-snippet:-1","max-image-preview":"max-image-preview:large","max-video-preview":"max-video-preview:-1"},"canonical":"https:\/\/www.bellunopress.it\/fr\/2023\/10\/28\/frazioni-la-carne-battezzata-pesce-il-gruppo-consiliare-belluno-al-centro-replica-al-gruppo-insieme-per-belluno-bene-comune\/","og_locale":"fr_FR","og_type":"article","og_title":"Frazioni, la carne battezzata pesce. Il Gruppo Consiliare Belluno Al Centro replica al Gruppo Insieme per Belluno Bene Comune - Bellunopress - Dolomiti","og_description":"Qualcuno era comunista, &#8230;perch\u00e9 chi era contro, era comunista.\u00a0 Partiamo da questo verso dell&#8217;omonima canzone di Giorgio Gaber &#8211; realistica e ironica, ma dal finale drammatico &#8211; per commentare l&#8217;intervento del consigliere Rasera Berna in occasione dell&#8217;ultimo consiglio comunale del 20 ottobre scorso, sintetizzato nell&#8217;articolo &#8220;Insieme per Belluno Bene comune&#8221; dal titolo &#8220;Nuove frazioni a [&hellip;]","og_url":"https:\/\/www.bellunopress.it\/fr\/2023\/10\/28\/frazioni-la-carne-battezzata-pesce-il-gruppo-consiliare-belluno-al-centro-replica-al-gruppo-insieme-per-belluno-bene-comune\/","og_site_name":"Bellunopress - Dolomiti","article_publisher":"https:\/\/www.facebook.com\/profile.php?id=100008943462799","article_published_time":"2023-10-28T17:21:07+00:00","article_modified_time":"2023-10-28T17:22:11+00:00","og_image":[{"width":512,"height":512,"url":"https:\/\/www.bellunopress.it\/wp-content\/uploads\/2023\/03\/belluno-al-centro_edited.jpg","type":"image\/jpeg"}],"author":"redazione","twitter_card":"summary_large_image","twitter_creator":"@bellunopress","twitter_site":"@bellunopress","twitter_misc":{"\u00c9crit par":"redazione","Dur\u00e9e de lecture estim\u00e9e":"2 minutes"},"schema":{"@context":"https:\/\/schema.org","@graph":[{"@type":"Article","@id":"https:\/\/www.bellunopress.it\/2023\/10\/28\/frazioni-la-carne-battezzata-pesce-il-gruppo-consiliare-belluno-al-centro-replica-al-gruppo-insieme-per-belluno-bene-comune\/#article","isPartOf":{"@id":"https:\/\/www.bellunopress.it\/2023\/10\/28\/frazioni-la-carne-battezzata-pesce-il-gruppo-consiliare-belluno-al-centro-replica-al-gruppo-insieme-per-belluno-bene-comune\/"},"author":{"name":"redazione","@id":"https:\/\/www.bellunopress.it\/#\/schema\/person\/79bb06722b37ece1c03d3e94beb30d73"},"headline":"Frazioni, la carne battezzata pesce. Il Gruppo Consiliare Belluno Al Centro replica al Gruppo Insieme per Belluno Bene Comune","datePublished":"2023-10-28T17:21:07+00:00","dateModified":"2023-10-28T17:22:11+00:00","mainEntityOfPage":{"@id":"https:\/\/www.bellunopress.it\/2023\/10\/28\/frazioni-la-carne-battezzata-pesce-il-gruppo-consiliare-belluno-al-centro-replica-al-gruppo-insieme-per-belluno-bene-comune\/"},"wordCount":382,"publisher":{"@id":"https:\/\/www.bellunopress.it\/#organization"},"image":{"@id":"https:\/\/www.bellunopress.it\/2023\/10\/28\/frazioni-la-carne-battezzata-pesce-il-gruppo-consiliare-belluno-al-centro-replica-al-gruppo-insieme-per-belluno-bene-comune\/#primaryimage"},"thumbnailUrl":"https:\/\/www.bellunopress.it\/wp-content\/uploads\/2023\/03\/belluno-al-centro_edited.jpg","articleSection":["Cronaca\/Politica","Prima Pagina"],"inLanguage":"fr-FR"},{"@type":"WebPage","@id":"https:\/\/www.bellunopress.it\/2023\/10\/28\/frazioni-la-carne-battezzata-pesce-il-gruppo-consiliare-belluno-al-centro-replica-al-gruppo-insieme-per-belluno-bene-comune\/","url":"https:\/\/www.bellunopress.it\/2023\/10\/28\/frazioni-la-carne-battezzata-pesce-il-gruppo-consiliare-belluno-al-centro-replica-al-gruppo-insieme-per-belluno-bene-comune\/","name":"Frazioni, la carne battezzata pesce. Il Gruppo Consiliare Belluno Al Centro replica al Gruppo Insieme per Belluno Bene Comune - Bellunopress - Dolomiti","isPartOf":{"@id":"https:\/\/www.bellunopress.it\/#website"},"primaryImageOfPage":{"@id":"https:\/\/www.bellunopress.it\/2023\/10\/28\/frazioni-la-carne-battezzata-pesce-il-gruppo-consiliare-belluno-al-centro-replica-al-gruppo-insieme-per-belluno-bene-comune\/#primaryimage"},"image":{"@id":"https:\/\/www.bellunopress.it\/2023\/10\/28\/frazioni-la-carne-battezzata-pesce-il-gruppo-consiliare-belluno-al-centro-replica-al-gruppo-insieme-per-belluno-bene-comune\/#primaryimage"},"thumbnailUrl":"https:\/\/www.bellunopress.it\/wp-content\/uploads\/2023\/03\/belluno-al-centro_edited.jpg","datePublished":"2023-10-28T17:21:07+00:00","dateModified":"2023-10-28T17:22:11+00:00","breadcrumb":{"@id":"https:\/\/www.bellunopress.it\/2023\/10\/28\/frazioni-la-carne-battezzata-pesce-il-gruppo-consiliare-belluno-al-centro-replica-al-gruppo-insieme-per-belluno-bene-comune\/#breadcrumb"},"inLanguage":"fr-FR","potentialAction":[{"@type":"ReadAction","target":["https:\/\/www.bellunopress.it\/2023\/10\/28\/frazioni-la-carne-battezzata-pesce-il-gruppo-consiliare-belluno-al-centro-replica-al-gruppo-insieme-per-belluno-bene-comune\/"]}]},{"@type":"ImageObject","inLanguage":"fr-FR","@id":"https:\/\/www.bellunopress.it\/2023\/10\/28\/frazioni-la-carne-battezzata-pesce-il-gruppo-consiliare-belluno-al-centro-replica-al-gruppo-insieme-per-belluno-bene-comune\/#primaryimage","url":"https:\/\/www.bellunopress.it\/wp-content\/uploads\/2023\/03\/belluno-al-centro_edited.jpg","contentUrl":"https:\/\/www.bellunopress.it\/wp-content\/uploads\/2023\/03\/belluno-al-centro_edited.jpg","width":512,"height":512},{"@type":"BreadcrumbList","@id":"https:\/\/www.bellunopress.it\/2023\/10\/28\/frazioni-la-carne-battezzata-pesce-il-gruppo-consiliare-belluno-al-centro-replica-al-gruppo-insieme-per-belluno-bene-comune\/#breadcrumb","itemListElement":[{"@type":"ListItem","position":1,"name":"Home","item":"https:\/\/www.bellunopress.it\/"},{"@type":"ListItem","position":2,"name":"Frazioni, la carne battezzata pesce. Il Gruppo Consiliare Belluno Al Centro replica al Gruppo Insieme per Belluno Bene Comune"}]},{"@type":"WebSite","@id":"https:\/\/www.bellunopress.it\/#website","url":"https:\/\/www.bellunopress.it\/","name":"Bellunopress - Dolomiti","description":"e-mail: redazione@bellunopress.it","publisher":{"@id":"https:\/\/www.bellunopress.it\/#organization"},"potentialAction":[{"@type":"SearchAction","target":{"@type":"EntryPoint","urlTemplate":"https:\/\/www.bellunopress.it\/?s={search_term_string}"},"query-input":{"@type":"PropertyValueSpecification","valueRequired":true,"valueName":"search_term_string"}}],"inLanguage":"fr-FR"},{"@type":"Organization","@id":"https:\/\/www.bellunopress.it\/#organization","name":"Bellunopress","url":"https:\/\/www.bellunopress.it\/","logo":{"@type":"ImageObject","inLanguage":"fr-FR","@id":"https:\/\/www.bellunopress.it\/#\/schema\/logo\/image\/","url":"https:\/\/www.bellunopress.it\/wp-content\/uploads\/2011\/05\/cropped-logo-bellunopress-.jpg","contentUrl":"https:\/\/www.bellunopress.it\/wp-content\/uploads\/2011\/05\/cropped-logo-bellunopress-.jpg","width":512,"height":512,"caption":"Bellunopress"},"image":{"@id":"https:\/\/www.bellunopress.it\/#\/schema\/logo\/image\/"},"sameAs":["https:\/\/www.facebook.com\/profile.php?id=100008943462799","https:\/\/x.com\/bellunopress","https:\/\/www.linkedin.com\/hp\/?dnr=JBzUWaJfMUw8vbXJJ2tVW5-I3jZKvC4wsoxE&amp;amp;amp;amp;amp;amp;trk=nav_responsive_tab_home","https:\/\/www.youtube.com\/channel\/UCxL0wu1uN0_3_7hGG0306cw"]},{"@type":"Person","@id":"https:\/\/www.bellunopress.it\/#\/schema\/person\/79bb06722b37ece1c03d3e94beb30d73","name":"r\u00e9daction","image":{"@type":"ImageObject","inLanguage":"fr-FR","@id":"https:\/\/secure.gravatar.com\/avatar\/37d968a2e67a6fd04c169c4bdef102d0bc5d31b2546345219e348575eb80e9a0?s=96&d=mm&r=g","url":"https:\/\/secure.gravatar.com\/avatar\/37d968a2e67a6fd04c169c4bdef102d0bc5d31b2546345219e348575eb80e9a0?s=96&d=mm&r=g","contentUrl":"https:\/\/secure.gravatar.com\/avatar\/37d968a2e67a6fd04c169c4bdef102d0bc5d31b2546345219e348575eb80e9a0?s=96&d=mm&r=g","caption":"redazione"},"sameAs":["http:\/\/www.bellunopress.it","https:\/\/x.com\/bellunopress"],"url":"https:\/\/www.bellunopress.it\/fr\/author\/redazione\/"}]}},"_links":{"self":[{"href":"https:\/\/www.bellunopress.it\/fr\/wp-json\/wp\/v2\/posts\/145415","targetHints":{"allow":["GET"]}}],"collection":[{"href":"https:\/\/www.bellunopress.it\/fr\/wp-json\/wp\/v2\/posts"}],"about":[{"href":"https:\/\/www.bellunopress.it\/fr\/wp-json\/wp\/v2\/types\/post"}],"author":[{"embeddable":true,"href":"https:\/\/www.bellunopress.it\/fr\/wp-json\/wp\/v2\/users\/2"}],"replies":[{"embeddable":true,"href":"https:\/\/www.bellunopress.it\/fr\/wp-json\/wp\/v2\/comments?post=145415"}],"version-history":[{"count":2,"href":"https:\/\/www.bellunopress.it\/fr\/wp-json\/wp\/v2\/posts\/145415\/revisions"}],"predecessor-version":[{"id":145417,"href":"https:\/\/www.bellunopress.it\/fr\/wp-json\/wp\/v2\/posts\/145415\/revisions\/145417"}],"wp:featuredmedia":[{"embeddable":true,"href":"https:\/\/www.bellunopress.it\/fr\/wp-json\/wp\/v2\/media\/140186"}],"wp:attachment":[{"href":"https:\/\/www.bellunopress.it\/fr\/wp-json\/wp\/v2\/media?parent=145415"}],"wp:term":[{"taxonomy":"category","embeddable":true,"href":"https:\/\/www.bellunopress.it\/fr\/wp-json\/wp\/v2\/categories?post=145415"},{"taxonomy":"post_tag","embeddable":true,"href":"https:\/\/www.bellunopress.it\/fr\/wp-json\/wp\/v2\/tags?post=145415"}],"curies":[{"name":"wp","href":"https:\/\/api.w.org\/{rel}","templated":true}]}}