{"id":145405,"date":"2023-10-27T10:37:19","date_gmt":"2023-10-27T08:37:19","guid":{"rendered":"https:\/\/www.bellunopress.it\/?p=145405"},"modified":"2023-10-27T17:57:30","modified_gmt":"2023-10-27T15:57:30","slug":"festival-citta-del-legno-2023","status":"publish","type":"post","link":"https:\/\/www.bellunopress.it\/fr\/2023\/10\/27\/festival-citta-del-legno-2023\/","title":{"rendered":"Festival Citt\u00e0 del Legno 2023"},"content":{"rendered":"<figure id=\"attachment_116189\" aria-describedby=\"caption-attachment-116189\" style=\"width: 800px\" class=\"wp-caption alignleft\"><img loading=\"lazy\" decoding=\"async\" class=\"size-full wp-image-116189\" src=\"https:\/\/www.bellunopress.it\/wp-content\/uploads\/2020\/07\/palazzo-minerva_edited.jpg\" alt=\"\" width=\"800\" height=\"600\" srcset=\"https:\/\/www.bellunopress.it\/wp-content\/uploads\/2020\/07\/palazzo-minerva_edited.jpg 800w, https:\/\/www.bellunopress.it\/wp-content\/uploads\/2020\/07\/palazzo-minerva_edited-500x375.jpg 500w, https:\/\/www.bellunopress.it\/wp-content\/uploads\/2020\/07\/palazzo-minerva_edited-696x522.jpg 696w, https:\/\/www.bellunopress.it\/wp-content\/uploads\/2020\/07\/palazzo-minerva_edited-560x420.jpg 560w, https:\/\/www.bellunopress.it\/wp-content\/uploads\/2020\/07\/palazzo-minerva_edited-80x60.jpg 80w, https:\/\/www.bellunopress.it\/wp-content\/uploads\/2020\/07\/palazzo-minerva_edited-265x198.jpg 265w\" sizes=\"auto, (max-width: 800px) 100vw, 800px\" \/><figcaption id=\"caption-attachment-116189\" class=\"wp-caption-text\">Palazzo Minerva &#8211; Belluno via Mezzaterra<\/figcaption><\/figure>\n<p>Da sempre, nelle Dolomiti, il legno circonda e avvolge la nostra vita: \u00e8 paesaggio, calore, rifugio ed energia. Il Festival Citt\u00e0 del Legno che si terr\u00e0 dal 28 al 19 novembre prossimo, celebra questa sinergia materica tra uomo e natura, Mobart Ben allinea quindi la tradizione della lavorazione raffinata del legno a questo evento che coinvolge la popolazione tutta in una contest collettivo dedicato alle forme ed alle tradizioni lignee.<\/p>\n<p>Il connubio tra Mobart Ben e il Consorzio Belluno Centro nasce dalla comune e reciproca passione per un dna insito nel territorio bellunese: il Consorzio da ormai tre decenni \u00e8 portavoce del Simposio Ex Tempore di Scultura su Legno, Mobart Ben \u00e8 protagonista di un&#8217;arte che unisce artigianalit\u00e0 e ricerca in una progettazione innovativa e raffinata.<\/p>\n<p>Cosa poteva nascere da questo sposalizio il cui cuore pulsante \u00e8 la passione? Per esempio la creazione del Bosco in Citt\u00e0, installazione che dal 28 ottobre al 12 novembre, avr\u00e0 come palcoscenico l&#8217;antico palazzo Minerva, sede di installazioni ed eventi del Festival; l&#8217;affascinante e suggestiva quinta ospiter\u00e0 un bosco ligneo creato dallo staff di progettisti e falegnami di Mobart Ben, per ricordare come la natura debba essere protagonista e non comparsa della nostra vita.<\/p>\n<p>Tuttavia la passione del proprio lavoro va comunicata alla collettivit\u00e0, ecco quindi che il binomio tra la Fondazione Architetti Belluno Dolomiti e Mobart Ben si consolida il giorno 16 novembre all&#8217;interno del convegno dedicato agli architetti ; \u201cRivestire gli interni in legno: 3 punti di vista\u201d.<br \/>\nIn questa giornata formativa di alta professionalit\u00e0, l&#8217;azienda bellunese porter\u00e0 il suo contributo tecnico ed esperienziale come oratore e presenter\u00e0 la nuova creazione di interior design \u201c WoodFrame\u201d, il nuovo progetto dell&#8217;azienda che porta nelle case la vibrante bellezza del territorio dolomitico.<\/p>\n<p>Lavorare con una materia viva capace di trasformare un paesaggio esteriore come la natura Dolomitica, in un paesaggio interiore rappresentato dall&#8217;arredo, significa partire da un concetto concreto di rispetto per la natura; gli uffici e la sede produttiva di Mobart Ben sono completamente alimentati da riciclo degli scarti di produzione e dall&#8217;energia di pannelli fotovoltaici, con un risparmio totale di 127mila tonnellate di CO2 immesse nell&#8217;atmosfera.<\/p>","protected":false},"excerpt":{"rendered":"<p>Da sempre, nelle Dolomiti, il legno circonda e avvolge la nostra vita: \u00e8 paesaggio, calore, rifugio ed energia. Il Festival Citt\u00e0 del Legno che si terr\u00e0 dal 28 al 19 novembre prossimo, celebra questa sinergia materica tra uomo e natura, Mobart Ben allinea quindi la tradizione della lavorazione raffinata del legno a questo evento che [&hellip;]<\/p>\n","protected":false},"author":2,"featured_media":116189,"comment_status":"closed","ping_status":"open","sticky":false,"template":"","format":"standard","meta":{"footnotes":""},"categories":[27],"tags":[],"class_list":["post-145405","post","type-post","status-publish","format-standard","has-post-thumbnail","category-appuntamenti"],"yoast_head":"<!-- This site is optimized with the Yoast SEO plugin v28.4 - https:\/\/yoast.com\/product\/yoast-seo-wordpress\/ -->\n<title>Festival Citt\u00e0 del Legno 2023 - Bellunopress - Dolomiti<\/title>\n<meta name=\"robots\" content=\"index, follow, max-snippet:-1, max-image-preview:large, max-video-preview:-1\" \/>\n<link rel=\"canonical\" href=\"https:\/\/www.bellunopress.it\/fr\/2023\/10\/27\/festival-citta-del-legno-2023\/\" \/>\n<meta property=\"og:locale\" content=\"fr_FR\" \/>\n<meta property=\"og:type\" content=\"article\" \/>\n<meta property=\"og:title\" content=\"Festival Citt\u00e0 del Legno 2023 - Bellunopress - Dolomiti\" \/>\n<meta property=\"og:description\" content=\"Da sempre, nelle Dolomiti, il legno circonda e avvolge la nostra vita: \u00e8 paesaggio, calore, rifugio ed energia. Il Festival Citt\u00e0 del Legno che si terr\u00e0 dal 28 al 19 novembre prossimo, celebra questa sinergia materica tra uomo e natura, Mobart Ben allinea quindi la tradizione della lavorazione raffinata del legno a questo evento che [&hellip;]\" \/>\n<meta property=\"og:url\" content=\"https:\/\/www.bellunopress.it\/fr\/2023\/10\/27\/festival-citta-del-legno-2023\/\" \/>\n<meta property=\"og:site_name\" content=\"Bellunopress - Dolomiti\" \/>\n<meta property=\"article:publisher\" content=\"https:\/\/www.facebook.com\/profile.php?id=100008943462799\" \/>\n<meta property=\"article:published_time\" content=\"2023-10-27T08:37:19+00:00\" \/>\n<meta property=\"article:modified_time\" content=\"2023-10-27T15:57:30+00:00\" \/>\n<meta property=\"og:image\" content=\"https:\/\/www.bellunopress.it\/wp-content\/uploads\/2020\/07\/palazzo-minerva_edited.jpg\" \/>\n\t<meta property=\"og:image:width\" content=\"800\" \/>\n\t<meta property=\"og:image:height\" content=\"600\" \/>\n\t<meta property=\"og:image:type\" content=\"image\/jpeg\" \/>\n<meta name=\"author\" content=\"redazione\" \/>\n<meta name=\"twitter:card\" content=\"summary_large_image\" \/>\n<meta name=\"twitter:creator\" content=\"@bellunopress\" \/>\n<meta name=\"twitter:site\" content=\"@bellunopress\" \/>\n<meta name=\"twitter:label1\" content=\"\u00c9crit par\" \/>\n\t<meta name=\"twitter:data1\" content=\"redazione\" \/>\n\t<meta name=\"twitter:label2\" content=\"Dur\u00e9e de lecture estim\u00e9e\" \/>\n\t<meta name=\"twitter:data2\" content=\"2 minutes\" \/>\n<script type=\"application\/ld+json\" class=\"yoast-schema-graph\">{\"@context\":\"https:\\\/\\\/schema.org\",\"@graph\":[{\"@type\":\"Article\",\"@id\":\"https:\\\/\\\/www.bellunopress.it\\\/2023\\\/10\\\/27\\\/festival-citta-del-legno-2023\\\/#article\",\"isPartOf\":{\"@id\":\"https:\\\/\\\/www.bellunopress.it\\\/2023\\\/10\\\/27\\\/festival-citta-del-legno-2023\\\/\"},\"author\":{\"name\":\"redazione\",\"@id\":\"https:\\\/\\\/www.bellunopress.it\\\/#\\\/schema\\\/person\\\/79bb06722b37ece1c03d3e94beb30d73\"},\"headline\":\"Festival Citt\u00e0 del Legno 2023\",\"datePublished\":\"2023-10-27T08:37:19+00:00\",\"dateModified\":\"2023-10-27T15:57:30+00:00\",\"mainEntityOfPage\":{\"@id\":\"https:\\\/\\\/www.bellunopress.it\\\/2023\\\/10\\\/27\\\/festival-citta-del-legno-2023\\\/\"},\"wordCount\":368,\"publisher\":{\"@id\":\"https:\\\/\\\/www.bellunopress.it\\\/#organization\"},\"image\":{\"@id\":\"https:\\\/\\\/www.bellunopress.it\\\/2023\\\/10\\\/27\\\/festival-citta-del-legno-2023\\\/#primaryimage\"},\"thumbnailUrl\":\"https:\\\/\\\/www.bellunopress.it\\\/wp-content\\\/uploads\\\/2020\\\/07\\\/palazzo-minerva_edited.jpg\",\"articleSection\":[\"Appuntamenti, Eventi\"],\"inLanguage\":\"fr-FR\"},{\"@type\":\"WebPage\",\"@id\":\"https:\\\/\\\/www.bellunopress.it\\\/2023\\\/10\\\/27\\\/festival-citta-del-legno-2023\\\/\",\"url\":\"https:\\\/\\\/www.bellunopress.it\\\/2023\\\/10\\\/27\\\/festival-citta-del-legno-2023\\\/\",\"name\":\"Festival Citt\u00e0 del Legno 2023 - Bellunopress - Dolomiti\",\"isPartOf\":{\"@id\":\"https:\\\/\\\/www.bellunopress.it\\\/#website\"},\"primaryImageOfPage\":{\"@id\":\"https:\\\/\\\/www.bellunopress.it\\\/2023\\\/10\\\/27\\\/festival-citta-del-legno-2023\\\/#primaryimage\"},\"image\":{\"@id\":\"https:\\\/\\\/www.bellunopress.it\\\/2023\\\/10\\\/27\\\/festival-citta-del-legno-2023\\\/#primaryimage\"},\"thumbnailUrl\":\"https:\\\/\\\/www.bellunopress.it\\\/wp-content\\\/uploads\\\/2020\\\/07\\\/palazzo-minerva_edited.jpg\",\"datePublished\":\"2023-10-27T08:37:19+00:00\",\"dateModified\":\"2023-10-27T15:57:30+00:00\",\"breadcrumb\":{\"@id\":\"https:\\\/\\\/www.bellunopress.it\\\/2023\\\/10\\\/27\\\/festival-citta-del-legno-2023\\\/#breadcrumb\"},\"inLanguage\":\"fr-FR\",\"potentialAction\":[{\"@type\":\"ReadAction\",\"target\":[\"https:\\\/\\\/www.bellunopress.it\\\/2023\\\/10\\\/27\\\/festival-citta-del-legno-2023\\\/\"]}]},{\"@type\":\"ImageObject\",\"inLanguage\":\"fr-FR\",\"@id\":\"https:\\\/\\\/www.bellunopress.it\\\/2023\\\/10\\\/27\\\/festival-citta-del-legno-2023\\\/#primaryimage\",\"url\":\"https:\\\/\\\/www.bellunopress.it\\\/wp-content\\\/uploads\\\/2020\\\/07\\\/palazzo-minerva_edited.jpg\",\"contentUrl\":\"https:\\\/\\\/www.bellunopress.it\\\/wp-content\\\/uploads\\\/2020\\\/07\\\/palazzo-minerva_edited.jpg\",\"width\":800,\"height\":600,\"caption\":\"Palazzo Minerva - Belluno via Mezzaterra\"},{\"@type\":\"BreadcrumbList\",\"@id\":\"https:\\\/\\\/www.bellunopress.it\\\/2023\\\/10\\\/27\\\/festival-citta-del-legno-2023\\\/#breadcrumb\",\"itemListElement\":[{\"@type\":\"ListItem\",\"position\":1,\"name\":\"Home\",\"item\":\"https:\\\/\\\/www.bellunopress.it\\\/\"},{\"@type\":\"ListItem\",\"position\":2,\"name\":\"Festival Citt\u00e0 del Legno 2023\"}]},{\"@type\":\"WebSite\",\"@id\":\"https:\\\/\\\/www.bellunopress.it\\\/#website\",\"url\":\"https:\\\/\\\/www.bellunopress.it\\\/\",\"name\":\"Bellunopress - Dolomiti\",\"description\":\"e-mail: redazione@bellunopress.it\",\"publisher\":{\"@id\":\"https:\\\/\\\/www.bellunopress.it\\\/#organization\"},\"potentialAction\":[{\"@type\":\"SearchAction\",\"target\":{\"@type\":\"EntryPoint\",\"urlTemplate\":\"https:\\\/\\\/www.bellunopress.it\\\/?s={search_term_string}\"},\"query-input\":{\"@type\":\"PropertyValueSpecification\",\"valueRequired\":true,\"valueName\":\"search_term_string\"}}],\"inLanguage\":\"fr-FR\"},{\"@type\":\"Organization\",\"@id\":\"https:\\\/\\\/www.bellunopress.it\\\/#organization\",\"name\":\"Bellunopress\",\"url\":\"https:\\\/\\\/www.bellunopress.it\\\/\",\"logo\":{\"@type\":\"ImageObject\",\"inLanguage\":\"fr-FR\",\"@id\":\"https:\\\/\\\/www.bellunopress.it\\\/#\\\/schema\\\/logo\\\/image\\\/\",\"url\":\"https:\\\/\\\/www.bellunopress.it\\\/wp-content\\\/uploads\\\/2011\\\/05\\\/cropped-logo-bellunopress-.jpg\",\"contentUrl\":\"https:\\\/\\\/www.bellunopress.it\\\/wp-content\\\/uploads\\\/2011\\\/05\\\/cropped-logo-bellunopress-.jpg\",\"width\":512,\"height\":512,\"caption\":\"Bellunopress\"},\"image\":{\"@id\":\"https:\\\/\\\/www.bellunopress.it\\\/#\\\/schema\\\/logo\\\/image\\\/\"},\"sameAs\":[\"https:\\\/\\\/www.facebook.com\\\/profile.php?id=100008943462799\",\"https:\\\/\\\/x.com\\\/bellunopress\",\"https:\\\/\\\/www.linkedin.com\\\/hp\\\/?dnr=JBzUWaJfMUw8vbXJJ2tVW5-I3jZKvC4wsoxE&amp;amp;amp;amp;amp;amp;trk=nav_responsive_tab_home\",\"https:\\\/\\\/www.youtube.com\\\/channel\\\/UCxL0wu1uN0_3_7hGG0306cw\"]},{\"@type\":\"Person\",\"@id\":\"https:\\\/\\\/www.bellunopress.it\\\/#\\\/schema\\\/person\\\/79bb06722b37ece1c03d3e94beb30d73\",\"name\":\"redazione\",\"image\":{\"@type\":\"ImageObject\",\"inLanguage\":\"fr-FR\",\"@id\":\"https:\\\/\\\/secure.gravatar.com\\\/avatar\\\/37d968a2e67a6fd04c169c4bdef102d0bc5d31b2546345219e348575eb80e9a0?s=96&d=mm&r=g\",\"url\":\"https:\\\/\\\/secure.gravatar.com\\\/avatar\\\/37d968a2e67a6fd04c169c4bdef102d0bc5d31b2546345219e348575eb80e9a0?s=96&d=mm&r=g\",\"contentUrl\":\"https:\\\/\\\/secure.gravatar.com\\\/avatar\\\/37d968a2e67a6fd04c169c4bdef102d0bc5d31b2546345219e348575eb80e9a0?s=96&d=mm&r=g\",\"caption\":\"redazione\"},\"sameAs\":[\"http:\\\/\\\/www.bellunopress.it\",\"https:\\\/\\\/x.com\\\/bellunopress\"],\"url\":\"https:\\\/\\\/www.bellunopress.it\\\/fr\\\/author\\\/redazione\\\/\"}]}<\/script>\n<!-- \/ Yoast SEO plugin. -->","yoast_head_json":{"title":"Festival Citt\u00e0 del Legno 2023 - Bellunopress - Dolomiti","robots":{"index":"index","follow":"follow","max-snippet":"max-snippet:-1","max-image-preview":"max-image-preview:large","max-video-preview":"max-video-preview:-1"},"canonical":"https:\/\/www.bellunopress.it\/fr\/2023\/10\/27\/festival-citta-del-legno-2023\/","og_locale":"fr_FR","og_type":"article","og_title":"Festival Citt\u00e0 del Legno 2023 - Bellunopress - Dolomiti","og_description":"Da sempre, nelle Dolomiti, il legno circonda e avvolge la nostra vita: \u00e8 paesaggio, calore, rifugio ed energia. Il Festival Citt\u00e0 del Legno che si terr\u00e0 dal 28 al 19 novembre prossimo, celebra questa sinergia materica tra uomo e natura, Mobart Ben allinea quindi la tradizione della lavorazione raffinata del legno a questo evento che [&hellip;]","og_url":"https:\/\/www.bellunopress.it\/fr\/2023\/10\/27\/festival-citta-del-legno-2023\/","og_site_name":"Bellunopress - Dolomiti","article_publisher":"https:\/\/www.facebook.com\/profile.php?id=100008943462799","article_published_time":"2023-10-27T08:37:19+00:00","article_modified_time":"2023-10-27T15:57:30+00:00","og_image":[{"width":800,"height":600,"url":"https:\/\/www.bellunopress.it\/wp-content\/uploads\/2020\/07\/palazzo-minerva_edited.jpg","type":"image\/jpeg"}],"author":"redazione","twitter_card":"summary_large_image","twitter_creator":"@bellunopress","twitter_site":"@bellunopress","twitter_misc":{"\u00c9crit par":"redazione","Dur\u00e9e de lecture estim\u00e9e":"2 minutes"},"schema":{"@context":"https:\/\/schema.org","@graph":[{"@type":"Article","@id":"https:\/\/www.bellunopress.it\/2023\/10\/27\/festival-citta-del-legno-2023\/#article","isPartOf":{"@id":"https:\/\/www.bellunopress.it\/2023\/10\/27\/festival-citta-del-legno-2023\/"},"author":{"name":"redazione","@id":"https:\/\/www.bellunopress.it\/#\/schema\/person\/79bb06722b37ece1c03d3e94beb30d73"},"headline":"Festival Citt\u00e0 del Legno 2023","datePublished":"2023-10-27T08:37:19+00:00","dateModified":"2023-10-27T15:57:30+00:00","mainEntityOfPage":{"@id":"https:\/\/www.bellunopress.it\/2023\/10\/27\/festival-citta-del-legno-2023\/"},"wordCount":368,"publisher":{"@id":"https:\/\/www.bellunopress.it\/#organization"},"image":{"@id":"https:\/\/www.bellunopress.it\/2023\/10\/27\/festival-citta-del-legno-2023\/#primaryimage"},"thumbnailUrl":"https:\/\/www.bellunopress.it\/wp-content\/uploads\/2020\/07\/palazzo-minerva_edited.jpg","articleSection":["Appuntamenti, Eventi"],"inLanguage":"fr-FR"},{"@type":"WebPage","@id":"https:\/\/www.bellunopress.it\/2023\/10\/27\/festival-citta-del-legno-2023\/","url":"https:\/\/www.bellunopress.it\/2023\/10\/27\/festival-citta-del-legno-2023\/","name":"Festival Citt\u00e0 del Legno 2023 - Bellunopress - Dolomiti","isPartOf":{"@id":"https:\/\/www.bellunopress.it\/#website"},"primaryImageOfPage":{"@id":"https:\/\/www.bellunopress.it\/2023\/10\/27\/festival-citta-del-legno-2023\/#primaryimage"},"image":{"@id":"https:\/\/www.bellunopress.it\/2023\/10\/27\/festival-citta-del-legno-2023\/#primaryimage"},"thumbnailUrl":"https:\/\/www.bellunopress.it\/wp-content\/uploads\/2020\/07\/palazzo-minerva_edited.jpg","datePublished":"2023-10-27T08:37:19+00:00","dateModified":"2023-10-27T15:57:30+00:00","breadcrumb":{"@id":"https:\/\/www.bellunopress.it\/2023\/10\/27\/festival-citta-del-legno-2023\/#breadcrumb"},"inLanguage":"fr-FR","potentialAction":[{"@type":"ReadAction","target":["https:\/\/www.bellunopress.it\/2023\/10\/27\/festival-citta-del-legno-2023\/"]}]},{"@type":"ImageObject","inLanguage":"fr-FR","@id":"https:\/\/www.bellunopress.it\/2023\/10\/27\/festival-citta-del-legno-2023\/#primaryimage","url":"https:\/\/www.bellunopress.it\/wp-content\/uploads\/2020\/07\/palazzo-minerva_edited.jpg","contentUrl":"https:\/\/www.bellunopress.it\/wp-content\/uploads\/2020\/07\/palazzo-minerva_edited.jpg","width":800,"height":600,"caption":"Palazzo Minerva - Belluno via Mezzaterra"},{"@type":"BreadcrumbList","@id":"https:\/\/www.bellunopress.it\/2023\/10\/27\/festival-citta-del-legno-2023\/#breadcrumb","itemListElement":[{"@type":"ListItem","position":1,"name":"Home","item":"https:\/\/www.bellunopress.it\/"},{"@type":"ListItem","position":2,"name":"Festival Citt\u00e0 del Legno 2023"}]},{"@type":"WebSite","@id":"https:\/\/www.bellunopress.it\/#website","url":"https:\/\/www.bellunopress.it\/","name":"Bellunopress - Dolomiti","description":"e-mail: redazione@bellunopress.it","publisher":{"@id":"https:\/\/www.bellunopress.it\/#organization"},"potentialAction":[{"@type":"SearchAction","target":{"@type":"EntryPoint","urlTemplate":"https:\/\/www.bellunopress.it\/?s={search_term_string}"},"query-input":{"@type":"PropertyValueSpecification","valueRequired":true,"valueName":"search_term_string"}}],"inLanguage":"fr-FR"},{"@type":"Organization","@id":"https:\/\/www.bellunopress.it\/#organization","name":"Bellunopress","url":"https:\/\/www.bellunopress.it\/","logo":{"@type":"ImageObject","inLanguage":"fr-FR","@id":"https:\/\/www.bellunopress.it\/#\/schema\/logo\/image\/","url":"https:\/\/www.bellunopress.it\/wp-content\/uploads\/2011\/05\/cropped-logo-bellunopress-.jpg","contentUrl":"https:\/\/www.bellunopress.it\/wp-content\/uploads\/2011\/05\/cropped-logo-bellunopress-.jpg","width":512,"height":512,"caption":"Bellunopress"},"image":{"@id":"https:\/\/www.bellunopress.it\/#\/schema\/logo\/image\/"},"sameAs":["https:\/\/www.facebook.com\/profile.php?id=100008943462799","https:\/\/x.com\/bellunopress","https:\/\/www.linkedin.com\/hp\/?dnr=JBzUWaJfMUw8vbXJJ2tVW5-I3jZKvC4wsoxE&amp;amp;amp;amp;amp;amp;trk=nav_responsive_tab_home","https:\/\/www.youtube.com\/channel\/UCxL0wu1uN0_3_7hGG0306cw"]},{"@type":"Person","@id":"https:\/\/www.bellunopress.it\/#\/schema\/person\/79bb06722b37ece1c03d3e94beb30d73","name":"r\u00e9daction","image":{"@type":"ImageObject","inLanguage":"fr-FR","@id":"https:\/\/secure.gravatar.com\/avatar\/37d968a2e67a6fd04c169c4bdef102d0bc5d31b2546345219e348575eb80e9a0?s=96&d=mm&r=g","url":"https:\/\/secure.gravatar.com\/avatar\/37d968a2e67a6fd04c169c4bdef102d0bc5d31b2546345219e348575eb80e9a0?s=96&d=mm&r=g","contentUrl":"https:\/\/secure.gravatar.com\/avatar\/37d968a2e67a6fd04c169c4bdef102d0bc5d31b2546345219e348575eb80e9a0?s=96&d=mm&r=g","caption":"redazione"},"sameAs":["http:\/\/www.bellunopress.it","https:\/\/x.com\/bellunopress"],"url":"https:\/\/www.bellunopress.it\/fr\/author\/redazione\/"}]}},"_links":{"self":[{"href":"https:\/\/www.bellunopress.it\/fr\/wp-json\/wp\/v2\/posts\/145405","targetHints":{"allow":["GET"]}}],"collection":[{"href":"https:\/\/www.bellunopress.it\/fr\/wp-json\/wp\/v2\/posts"}],"about":[{"href":"https:\/\/www.bellunopress.it\/fr\/wp-json\/wp\/v2\/types\/post"}],"author":[{"embeddable":true,"href":"https:\/\/www.bellunopress.it\/fr\/wp-json\/wp\/v2\/users\/2"}],"replies":[{"embeddable":true,"href":"https:\/\/www.bellunopress.it\/fr\/wp-json\/wp\/v2\/comments?post=145405"}],"version-history":[{"count":1,"href":"https:\/\/www.bellunopress.it\/fr\/wp-json\/wp\/v2\/posts\/145405\/revisions"}],"predecessor-version":[{"id":145406,"href":"https:\/\/www.bellunopress.it\/fr\/wp-json\/wp\/v2\/posts\/145405\/revisions\/145406"}],"wp:featuredmedia":[{"embeddable":true,"href":"https:\/\/www.bellunopress.it\/fr\/wp-json\/wp\/v2\/media\/116189"}],"wp:attachment":[{"href":"https:\/\/www.bellunopress.it\/fr\/wp-json\/wp\/v2\/media?parent=145405"}],"wp:term":[{"taxonomy":"category","embeddable":true,"href":"https:\/\/www.bellunopress.it\/fr\/wp-json\/wp\/v2\/categories?post=145405"},{"taxonomy":"post_tag","embeddable":true,"href":"https:\/\/www.bellunopress.it\/fr\/wp-json\/wp\/v2\/tags?post=145405"}],"curies":[{"name":"wp","href":"https:\/\/api.w.org\/{rel}","templated":true}]}}