{"id":145399,"date":"2023-10-27T16:40:35","date_gmt":"2023-10-27T14:40:35","guid":{"rendered":"https:\/\/www.bellunopress.it\/?p=145399"},"modified":"2023-10-27T16:40:35","modified_gmt":"2023-10-27T14:40:35","slug":"nuove-frazioni-a-belluno-la-carne-battezzata-pesce","status":"publish","type":"post","link":"https:\/\/www.bellunopress.it\/fr\/2023\/10\/27\/nuove-frazioni-a-belluno-la-carne-battezzata-pesce\/","title":{"rendered":"\u201cNuove frazioni\u201d a Belluno: la carne battezzata pesce"},"content":{"rendered":"<figure id=\"attachment_139515\" aria-describedby=\"caption-attachment-139515\" style=\"width: 1000px\" class=\"wp-caption alignleft\"><img loading=\"lazy\" decoding=\"async\" class=\"size-full wp-image-139515\" src=\"https:\/\/www.bellunopress.it\/wp-content\/uploads\/2023\/02\/Insieme-per-Belluno-Bene-comune_edited.jpg\" alt=\"Gruppo Insieme per Belluno\" width=\"1000\" height=\"1000\" srcset=\"https:\/\/www.bellunopress.it\/wp-content\/uploads\/2023\/02\/Insieme-per-Belluno-Bene-comune_edited.jpg 1000w, https:\/\/www.bellunopress.it\/wp-content\/uploads\/2023\/02\/Insieme-per-Belluno-Bene-comune_edited-500x500.jpg 500w, https:\/\/www.bellunopress.it\/wp-content\/uploads\/2023\/02\/Insieme-per-Belluno-Bene-comune_edited-300x300.jpg 300w, https:\/\/www.bellunopress.it\/wp-content\/uploads\/2023\/02\/Insieme-per-Belluno-Bene-comune_edited-696x696.jpg 696w, https:\/\/www.bellunopress.it\/wp-content\/uploads\/2023\/02\/Insieme-per-Belluno-Bene-comune_edited-420x420.jpg 420w\" sizes=\"auto, (max-width: 1000px) 100vw, 1000px\" \/><figcaption id=\"caption-attachment-139515\" class=\"wp-caption-text\">Gruppo Insieme per Belluno Bene Comune<\/figcaption><\/figure>\n<p>A seguito della presentazione del cosiddetto regolamento delle frazioni, il Gruppo consiliare Insieme per Belluno Bene comune ha presentato una interrogazione a firma del consigliere Francesco Rasera Berna, per sapere se con l&#8217;istituzione delle \u201dnuove\u201d frazioni, contemplata dalla recente modifica dello Statuto comunale, se seguisse o meno la procedura prevista dalla legge 1228 del 1954, legge tuttora vigente e unica ad occuparsi di istituzione delle frazioni comunali, permettendone il riconoscimento come entit\u00e0 giuridica.<\/p>\n<p>Rispondendo all&#8217;interrogazione &#8211; fa sapere il Gruppo Insieme per Belluno Bene Comune &#8211; che poneva una domanda assai precisa, il sindaco, peraltro dilungandosi in premesse del tutto superflue, affermava che non si intende applicare la legge 1228 perch\u00e9 la delimitazione delle frazioni \u00e8 finalizzata alla sola partecipazione attiva della popolazione, senza voler modificare la toponomastica.<br \/>\nA parte le forme in cui si esplica la partecipazione attiva (su cui si avr\u00e0 modo di intervenire per verificare se e come effettivamente essa si sviluppi) \u00e8 apparso dunque evidente che:<\/p>\n<ol>\n<li>le frazioni istituite dalla Giunta comunale nel 1953 rimangono nella toponomastica ma non vengono riconosciute dal Consiglio Comunale come da Statuto;<\/li>\n<\/ol>\n<p>2. le \u201cnuove frazioni\u201d non sono in realt\u00e0 giuridicamente frazioni ma solo una sorta di circoscrizione territoriale ai fini di applicare forme di partecipazione attiva della popolazione. Esisteranno quindi due tipi di frazione nel Comune di Belluno, nessuna delle quali istituita ai sensi della legge del 1954.<\/p>\n<p>Peraltro non era neppure necessario modificare lo Statuto per avere forme di rappresentanza di aree territoriali, gi\u00e0 infatti previste da Statuto e regolamenti.<br \/>\nChiamare frazioni le nuove 26 aree individuate dal regolamento in discussione, fra cui la frazione centro (!), sembra quindi ripetere nella sostanza la storiella dell&#8217;abate francese che per mangiare carne il venerd\u00ec la battezzava in pesce.<\/p>\n<p>Cos\u00ec questa giunta &#8211; conclude la nota di Insieme per Belluno Bene Comune &#8211;\u00a0 dopo aver perso un anno e mezzo perch\u00e9 a tutti i costi voleva i \u201ccapifrazione\u201d, ovvero una nuova delega che \u00e8 ovviamente cosa diversa dalla cittadinanza attiva, battezza in frazioni aree che giuridicamente non lo sono e non lo diventano, con buona pace di chi riteneva che diventando frazione si acquisissero diritti e servizi.<\/p>\n<p>Un nuovo gioco di parole che disvela il dissolversi nella sostanza delle promesse elettorali.<\/p>\n<p>&nbsp;<\/p>","protected":false},"excerpt":{"rendered":"<p>A seguito della presentazione del cosiddetto regolamento delle frazioni, il Gruppo consiliare Insieme per Belluno Bene comune ha presentato una interrogazione a firma del consigliere Francesco Rasera Berna, per sapere se con l&#8217;istituzione delle \u201dnuove\u201d frazioni, contemplata dalla recente modifica dello Statuto comunale, se seguisse o meno la procedura prevista dalla legge 1228 del 1954, [&hellip;]<\/p>\n","protected":false},"author":2,"featured_media":139515,"comment_status":"closed","ping_status":"open","sticky":false,"template":"","format":"standard","meta":{"footnotes":""},"categories":[5,26],"tags":[],"class_list":["post-145399","post","type-post","status-publish","format-standard","has-post-thumbnail","category-cronaca","category-prima-pagina"],"yoast_head":"<!-- This site is optimized with the Yoast SEO plugin v28.4 - https:\/\/yoast.com\/product\/yoast-seo-wordpress\/ -->\n<title>\u201cNuove frazioni\u201d a Belluno: la carne battezzata pesce - Bellunopress - Dolomiti<\/title>\n<meta name=\"robots\" content=\"index, follow, max-snippet:-1, max-image-preview:large, max-video-preview:-1\" \/>\n<link rel=\"canonical\" href=\"https:\/\/www.bellunopress.it\/fr\/2023\/10\/27\/nuove-frazioni-a-belluno-la-carne-battezzata-pesce\/\" \/>\n<meta property=\"og:locale\" content=\"fr_FR\" \/>\n<meta property=\"og:type\" content=\"article\" \/>\n<meta property=\"og:title\" content=\"\u201cNuove frazioni\u201d a Belluno: la carne battezzata pesce - Bellunopress - Dolomiti\" \/>\n<meta property=\"og:description\" content=\"A seguito della presentazione del cosiddetto regolamento delle frazioni, il Gruppo consiliare Insieme per Belluno Bene comune ha presentato una interrogazione a firma del consigliere Francesco Rasera Berna, per sapere se con l&#8217;istituzione delle \u201dnuove\u201d frazioni, contemplata dalla recente modifica dello Statuto comunale, se seguisse o meno la procedura prevista dalla legge 1228 del 1954, [&hellip;]\" \/>\n<meta property=\"og:url\" content=\"https:\/\/www.bellunopress.it\/fr\/2023\/10\/27\/nuove-frazioni-a-belluno-la-carne-battezzata-pesce\/\" \/>\n<meta property=\"og:site_name\" content=\"Bellunopress - Dolomiti\" \/>\n<meta property=\"article:publisher\" content=\"https:\/\/www.facebook.com\/profile.php?id=100008943462799\" \/>\n<meta property=\"article:published_time\" content=\"2023-10-27T14:40:35+00:00\" \/>\n<meta property=\"og:image\" content=\"https:\/\/www.bellunopress.it\/wp-content\/uploads\/2023\/02\/Insieme-per-Belluno-Bene-comune_edited.jpg\" \/>\n\t<meta property=\"og:image:width\" content=\"1000\" \/>\n\t<meta property=\"og:image:height\" content=\"1000\" \/>\n\t<meta property=\"og:image:type\" content=\"image\/jpeg\" \/>\n<meta name=\"author\" content=\"redazione\" \/>\n<meta name=\"twitter:card\" content=\"summary_large_image\" \/>\n<meta name=\"twitter:creator\" content=\"@bellunopress\" \/>\n<meta name=\"twitter:site\" content=\"@bellunopress\" \/>\n<meta name=\"twitter:label1\" content=\"\u00c9crit par\" \/>\n\t<meta name=\"twitter:data1\" content=\"redazione\" \/>\n\t<meta name=\"twitter:label2\" content=\"Dur\u00e9e de lecture estim\u00e9e\" \/>\n\t<meta name=\"twitter:data2\" content=\"2 minutes\" \/>\n<script type=\"application\/ld+json\" class=\"yoast-schema-graph\">{\"@context\":\"https:\\\/\\\/schema.org\",\"@graph\":[{\"@type\":\"Article\",\"@id\":\"https:\\\/\\\/www.bellunopress.it\\\/2023\\\/10\\\/27\\\/nuove-frazioni-a-belluno-la-carne-battezzata-pesce\\\/#article\",\"isPartOf\":{\"@id\":\"https:\\\/\\\/www.bellunopress.it\\\/2023\\\/10\\\/27\\\/nuove-frazioni-a-belluno-la-carne-battezzata-pesce\\\/\"},\"author\":{\"name\":\"redazione\",\"@id\":\"https:\\\/\\\/www.bellunopress.it\\\/#\\\/schema\\\/person\\\/79bb06722b37ece1c03d3e94beb30d73\"},\"headline\":\"\u201cNuove frazioni\u201d a Belluno: la carne battezzata pesce\",\"datePublished\":\"2023-10-27T14:40:35+00:00\",\"mainEntityOfPage\":{\"@id\":\"https:\\\/\\\/www.bellunopress.it\\\/2023\\\/10\\\/27\\\/nuove-frazioni-a-belluno-la-carne-battezzata-pesce\\\/\"},\"wordCount\":383,\"publisher\":{\"@id\":\"https:\\\/\\\/www.bellunopress.it\\\/#organization\"},\"image\":{\"@id\":\"https:\\\/\\\/www.bellunopress.it\\\/2023\\\/10\\\/27\\\/nuove-frazioni-a-belluno-la-carne-battezzata-pesce\\\/#primaryimage\"},\"thumbnailUrl\":\"https:\\\/\\\/www.bellunopress.it\\\/wp-content\\\/uploads\\\/2023\\\/02\\\/Insieme-per-Belluno-Bene-comune_edited.jpg\",\"articleSection\":[\"Cronaca\\\/Politica\",\"Prima Pagina\"],\"inLanguage\":\"fr-FR\"},{\"@type\":\"WebPage\",\"@id\":\"https:\\\/\\\/www.bellunopress.it\\\/2023\\\/10\\\/27\\\/nuove-frazioni-a-belluno-la-carne-battezzata-pesce\\\/\",\"url\":\"https:\\\/\\\/www.bellunopress.it\\\/2023\\\/10\\\/27\\\/nuove-frazioni-a-belluno-la-carne-battezzata-pesce\\\/\",\"name\":\"\u201cNuove frazioni\u201d a Belluno: la carne battezzata pesce - Bellunopress - Dolomiti\",\"isPartOf\":{\"@id\":\"https:\\\/\\\/www.bellunopress.it\\\/#website\"},\"primaryImageOfPage\":{\"@id\":\"https:\\\/\\\/www.bellunopress.it\\\/2023\\\/10\\\/27\\\/nuove-frazioni-a-belluno-la-carne-battezzata-pesce\\\/#primaryimage\"},\"image\":{\"@id\":\"https:\\\/\\\/www.bellunopress.it\\\/2023\\\/10\\\/27\\\/nuove-frazioni-a-belluno-la-carne-battezzata-pesce\\\/#primaryimage\"},\"thumbnailUrl\":\"https:\\\/\\\/www.bellunopress.it\\\/wp-content\\\/uploads\\\/2023\\\/02\\\/Insieme-per-Belluno-Bene-comune_edited.jpg\",\"datePublished\":\"2023-10-27T14:40:35+00:00\",\"breadcrumb\":{\"@id\":\"https:\\\/\\\/www.bellunopress.it\\\/2023\\\/10\\\/27\\\/nuove-frazioni-a-belluno-la-carne-battezzata-pesce\\\/#breadcrumb\"},\"inLanguage\":\"fr-FR\",\"potentialAction\":[{\"@type\":\"ReadAction\",\"target\":[\"https:\\\/\\\/www.bellunopress.it\\\/2023\\\/10\\\/27\\\/nuove-frazioni-a-belluno-la-carne-battezzata-pesce\\\/\"]}]},{\"@type\":\"ImageObject\",\"inLanguage\":\"fr-FR\",\"@id\":\"https:\\\/\\\/www.bellunopress.it\\\/2023\\\/10\\\/27\\\/nuove-frazioni-a-belluno-la-carne-battezzata-pesce\\\/#primaryimage\",\"url\":\"https:\\\/\\\/www.bellunopress.it\\\/wp-content\\\/uploads\\\/2023\\\/02\\\/Insieme-per-Belluno-Bene-comune_edited.jpg\",\"contentUrl\":\"https:\\\/\\\/www.bellunopress.it\\\/wp-content\\\/uploads\\\/2023\\\/02\\\/Insieme-per-Belluno-Bene-comune_edited.jpg\",\"width\":1000,\"height\":1000,\"caption\":\"Gruppo Insieme per Belluno Bene Comune\"},{\"@type\":\"BreadcrumbList\",\"@id\":\"https:\\\/\\\/www.bellunopress.it\\\/2023\\\/10\\\/27\\\/nuove-frazioni-a-belluno-la-carne-battezzata-pesce\\\/#breadcrumb\",\"itemListElement\":[{\"@type\":\"ListItem\",\"position\":1,\"name\":\"Home\",\"item\":\"https:\\\/\\\/www.bellunopress.it\\\/\"},{\"@type\":\"ListItem\",\"position\":2,\"name\":\"\u201cNuove frazioni\u201d a Belluno: la carne battezzata pesce\"}]},{\"@type\":\"WebSite\",\"@id\":\"https:\\\/\\\/www.bellunopress.it\\\/#website\",\"url\":\"https:\\\/\\\/www.bellunopress.it\\\/\",\"name\":\"Bellunopress - Dolomiti\",\"description\":\"e-mail: redazione@bellunopress.it\",\"publisher\":{\"@id\":\"https:\\\/\\\/www.bellunopress.it\\\/#organization\"},\"potentialAction\":[{\"@type\":\"SearchAction\",\"target\":{\"@type\":\"EntryPoint\",\"urlTemplate\":\"https:\\\/\\\/www.bellunopress.it\\\/?s={search_term_string}\"},\"query-input\":{\"@type\":\"PropertyValueSpecification\",\"valueRequired\":true,\"valueName\":\"search_term_string\"}}],\"inLanguage\":\"fr-FR\"},{\"@type\":\"Organization\",\"@id\":\"https:\\\/\\\/www.bellunopress.it\\\/#organization\",\"name\":\"Bellunopress\",\"url\":\"https:\\\/\\\/www.bellunopress.it\\\/\",\"logo\":{\"@type\":\"ImageObject\",\"inLanguage\":\"fr-FR\",\"@id\":\"https:\\\/\\\/www.bellunopress.it\\\/#\\\/schema\\\/logo\\\/image\\\/\",\"url\":\"https:\\\/\\\/www.bellunopress.it\\\/wp-content\\\/uploads\\\/2011\\\/05\\\/cropped-logo-bellunopress-.jpg\",\"contentUrl\":\"https:\\\/\\\/www.bellunopress.it\\\/wp-content\\\/uploads\\\/2011\\\/05\\\/cropped-logo-bellunopress-.jpg\",\"width\":512,\"height\":512,\"caption\":\"Bellunopress\"},\"image\":{\"@id\":\"https:\\\/\\\/www.bellunopress.it\\\/#\\\/schema\\\/logo\\\/image\\\/\"},\"sameAs\":[\"https:\\\/\\\/www.facebook.com\\\/profile.php?id=100008943462799\",\"https:\\\/\\\/x.com\\\/bellunopress\",\"https:\\\/\\\/www.linkedin.com\\\/hp\\\/?dnr=JBzUWaJfMUw8vbXJJ2tVW5-I3jZKvC4wsoxE&amp;amp;amp;amp;amp;amp;trk=nav_responsive_tab_home\",\"https:\\\/\\\/www.youtube.com\\\/channel\\\/UCxL0wu1uN0_3_7hGG0306cw\"]},{\"@type\":\"Person\",\"@id\":\"https:\\\/\\\/www.bellunopress.it\\\/#\\\/schema\\\/person\\\/79bb06722b37ece1c03d3e94beb30d73\",\"name\":\"redazione\",\"image\":{\"@type\":\"ImageObject\",\"inLanguage\":\"fr-FR\",\"@id\":\"https:\\\/\\\/secure.gravatar.com\\\/avatar\\\/37d968a2e67a6fd04c169c4bdef102d0bc5d31b2546345219e348575eb80e9a0?s=96&d=mm&r=g\",\"url\":\"https:\\\/\\\/secure.gravatar.com\\\/avatar\\\/37d968a2e67a6fd04c169c4bdef102d0bc5d31b2546345219e348575eb80e9a0?s=96&d=mm&r=g\",\"contentUrl\":\"https:\\\/\\\/secure.gravatar.com\\\/avatar\\\/37d968a2e67a6fd04c169c4bdef102d0bc5d31b2546345219e348575eb80e9a0?s=96&d=mm&r=g\",\"caption\":\"redazione\"},\"sameAs\":[\"http:\\\/\\\/www.bellunopress.it\",\"https:\\\/\\\/x.com\\\/bellunopress\"],\"url\":\"https:\\\/\\\/www.bellunopress.it\\\/fr\\\/author\\\/redazione\\\/\"}]}<\/script>\n<!-- \/ Yoast SEO plugin. -->","yoast_head_json":{"title":"\u201cNuove frazioni\u201d a Belluno: la carne battezzata pesce - Bellunopress - Dolomiti","robots":{"index":"index","follow":"follow","max-snippet":"max-snippet:-1","max-image-preview":"max-image-preview:large","max-video-preview":"max-video-preview:-1"},"canonical":"https:\/\/www.bellunopress.it\/fr\/2023\/10\/27\/nuove-frazioni-a-belluno-la-carne-battezzata-pesce\/","og_locale":"fr_FR","og_type":"article","og_title":"\u201cNuove frazioni\u201d a Belluno: la carne battezzata pesce - Bellunopress - Dolomiti","og_description":"A seguito della presentazione del cosiddetto regolamento delle frazioni, il Gruppo consiliare Insieme per Belluno Bene comune ha presentato una interrogazione a firma del consigliere Francesco Rasera Berna, per sapere se con l&#8217;istituzione delle \u201dnuove\u201d frazioni, contemplata dalla recente modifica dello Statuto comunale, se seguisse o meno la procedura prevista dalla legge 1228 del 1954, [&hellip;]","og_url":"https:\/\/www.bellunopress.it\/fr\/2023\/10\/27\/nuove-frazioni-a-belluno-la-carne-battezzata-pesce\/","og_site_name":"Bellunopress - Dolomiti","article_publisher":"https:\/\/www.facebook.com\/profile.php?id=100008943462799","article_published_time":"2023-10-27T14:40:35+00:00","og_image":[{"width":1000,"height":1000,"url":"https:\/\/www.bellunopress.it\/wp-content\/uploads\/2023\/02\/Insieme-per-Belluno-Bene-comune_edited.jpg","type":"image\/jpeg"}],"author":"redazione","twitter_card":"summary_large_image","twitter_creator":"@bellunopress","twitter_site":"@bellunopress","twitter_misc":{"\u00c9crit par":"redazione","Dur\u00e9e de lecture estim\u00e9e":"2 minutes"},"schema":{"@context":"https:\/\/schema.org","@graph":[{"@type":"Article","@id":"https:\/\/www.bellunopress.it\/2023\/10\/27\/nuove-frazioni-a-belluno-la-carne-battezzata-pesce\/#article","isPartOf":{"@id":"https:\/\/www.bellunopress.it\/2023\/10\/27\/nuove-frazioni-a-belluno-la-carne-battezzata-pesce\/"},"author":{"name":"redazione","@id":"https:\/\/www.bellunopress.it\/#\/schema\/person\/79bb06722b37ece1c03d3e94beb30d73"},"headline":"\u201cNuove frazioni\u201d a Belluno: la carne battezzata pesce","datePublished":"2023-10-27T14:40:35+00:00","mainEntityOfPage":{"@id":"https:\/\/www.bellunopress.it\/2023\/10\/27\/nuove-frazioni-a-belluno-la-carne-battezzata-pesce\/"},"wordCount":383,"publisher":{"@id":"https:\/\/www.bellunopress.it\/#organization"},"image":{"@id":"https:\/\/www.bellunopress.it\/2023\/10\/27\/nuove-frazioni-a-belluno-la-carne-battezzata-pesce\/#primaryimage"},"thumbnailUrl":"https:\/\/www.bellunopress.it\/wp-content\/uploads\/2023\/02\/Insieme-per-Belluno-Bene-comune_edited.jpg","articleSection":["Cronaca\/Politica","Prima Pagina"],"inLanguage":"fr-FR"},{"@type":"WebPage","@id":"https:\/\/www.bellunopress.it\/2023\/10\/27\/nuove-frazioni-a-belluno-la-carne-battezzata-pesce\/","url":"https:\/\/www.bellunopress.it\/2023\/10\/27\/nuove-frazioni-a-belluno-la-carne-battezzata-pesce\/","name":"\u201cNuove frazioni\u201d a Belluno: la carne battezzata pesce - Bellunopress - Dolomiti","isPartOf":{"@id":"https:\/\/www.bellunopress.it\/#website"},"primaryImageOfPage":{"@id":"https:\/\/www.bellunopress.it\/2023\/10\/27\/nuove-frazioni-a-belluno-la-carne-battezzata-pesce\/#primaryimage"},"image":{"@id":"https:\/\/www.bellunopress.it\/2023\/10\/27\/nuove-frazioni-a-belluno-la-carne-battezzata-pesce\/#primaryimage"},"thumbnailUrl":"https:\/\/www.bellunopress.it\/wp-content\/uploads\/2023\/02\/Insieme-per-Belluno-Bene-comune_edited.jpg","datePublished":"2023-10-27T14:40:35+00:00","breadcrumb":{"@id":"https:\/\/www.bellunopress.it\/2023\/10\/27\/nuove-frazioni-a-belluno-la-carne-battezzata-pesce\/#breadcrumb"},"inLanguage":"fr-FR","potentialAction":[{"@type":"ReadAction","target":["https:\/\/www.bellunopress.it\/2023\/10\/27\/nuove-frazioni-a-belluno-la-carne-battezzata-pesce\/"]}]},{"@type":"ImageObject","inLanguage":"fr-FR","@id":"https:\/\/www.bellunopress.it\/2023\/10\/27\/nuove-frazioni-a-belluno-la-carne-battezzata-pesce\/#primaryimage","url":"https:\/\/www.bellunopress.it\/wp-content\/uploads\/2023\/02\/Insieme-per-Belluno-Bene-comune_edited.jpg","contentUrl":"https:\/\/www.bellunopress.it\/wp-content\/uploads\/2023\/02\/Insieme-per-Belluno-Bene-comune_edited.jpg","width":1000,"height":1000,"caption":"Gruppo Insieme per Belluno Bene Comune"},{"@type":"BreadcrumbList","@id":"https:\/\/www.bellunopress.it\/2023\/10\/27\/nuove-frazioni-a-belluno-la-carne-battezzata-pesce\/#breadcrumb","itemListElement":[{"@type":"ListItem","position":1,"name":"Home","item":"https:\/\/www.bellunopress.it\/"},{"@type":"ListItem","position":2,"name":"\u201cNuove frazioni\u201d a Belluno: la carne battezzata pesce"}]},{"@type":"WebSite","@id":"https:\/\/www.bellunopress.it\/#website","url":"https:\/\/www.bellunopress.it\/","name":"Bellunopress - Dolomiti","description":"e-mail: redazione@bellunopress.it","publisher":{"@id":"https:\/\/www.bellunopress.it\/#organization"},"potentialAction":[{"@type":"SearchAction","target":{"@type":"EntryPoint","urlTemplate":"https:\/\/www.bellunopress.it\/?s={search_term_string}"},"query-input":{"@type":"PropertyValueSpecification","valueRequired":true,"valueName":"search_term_string"}}],"inLanguage":"fr-FR"},{"@type":"Organization","@id":"https:\/\/www.bellunopress.it\/#organization","name":"Bellunopress","url":"https:\/\/www.bellunopress.it\/","logo":{"@type":"ImageObject","inLanguage":"fr-FR","@id":"https:\/\/www.bellunopress.it\/#\/schema\/logo\/image\/","url":"https:\/\/www.bellunopress.it\/wp-content\/uploads\/2011\/05\/cropped-logo-bellunopress-.jpg","contentUrl":"https:\/\/www.bellunopress.it\/wp-content\/uploads\/2011\/05\/cropped-logo-bellunopress-.jpg","width":512,"height":512,"caption":"Bellunopress"},"image":{"@id":"https:\/\/www.bellunopress.it\/#\/schema\/logo\/image\/"},"sameAs":["https:\/\/www.facebook.com\/profile.php?id=100008943462799","https:\/\/x.com\/bellunopress","https:\/\/www.linkedin.com\/hp\/?dnr=JBzUWaJfMUw8vbXJJ2tVW5-I3jZKvC4wsoxE&amp;amp;amp;amp;amp;amp;trk=nav_responsive_tab_home","https:\/\/www.youtube.com\/channel\/UCxL0wu1uN0_3_7hGG0306cw"]},{"@type":"Person","@id":"https:\/\/www.bellunopress.it\/#\/schema\/person\/79bb06722b37ece1c03d3e94beb30d73","name":"r\u00e9daction","image":{"@type":"ImageObject","inLanguage":"fr-FR","@id":"https:\/\/secure.gravatar.com\/avatar\/37d968a2e67a6fd04c169c4bdef102d0bc5d31b2546345219e348575eb80e9a0?s=96&d=mm&r=g","url":"https:\/\/secure.gravatar.com\/avatar\/37d968a2e67a6fd04c169c4bdef102d0bc5d31b2546345219e348575eb80e9a0?s=96&d=mm&r=g","contentUrl":"https:\/\/secure.gravatar.com\/avatar\/37d968a2e67a6fd04c169c4bdef102d0bc5d31b2546345219e348575eb80e9a0?s=96&d=mm&r=g","caption":"redazione"},"sameAs":["http:\/\/www.bellunopress.it","https:\/\/x.com\/bellunopress"],"url":"https:\/\/www.bellunopress.it\/fr\/author\/redazione\/"}]}},"_links":{"self":[{"href":"https:\/\/www.bellunopress.it\/fr\/wp-json\/wp\/v2\/posts\/145399","targetHints":{"allow":["GET"]}}],"collection":[{"href":"https:\/\/www.bellunopress.it\/fr\/wp-json\/wp\/v2\/posts"}],"about":[{"href":"https:\/\/www.bellunopress.it\/fr\/wp-json\/wp\/v2\/types\/post"}],"author":[{"embeddable":true,"href":"https:\/\/www.bellunopress.it\/fr\/wp-json\/wp\/v2\/users\/2"}],"replies":[{"embeddable":true,"href":"https:\/\/www.bellunopress.it\/fr\/wp-json\/wp\/v2\/comments?post=145399"}],"version-history":[{"count":1,"href":"https:\/\/www.bellunopress.it\/fr\/wp-json\/wp\/v2\/posts\/145399\/revisions"}],"predecessor-version":[{"id":145400,"href":"https:\/\/www.bellunopress.it\/fr\/wp-json\/wp\/v2\/posts\/145399\/revisions\/145400"}],"wp:featuredmedia":[{"embeddable":true,"href":"https:\/\/www.bellunopress.it\/fr\/wp-json\/wp\/v2\/media\/139515"}],"wp:attachment":[{"href":"https:\/\/www.bellunopress.it\/fr\/wp-json\/wp\/v2\/media?parent=145399"}],"wp:term":[{"taxonomy":"category","embeddable":true,"href":"https:\/\/www.bellunopress.it\/fr\/wp-json\/wp\/v2\/categories?post=145399"},{"taxonomy":"post_tag","embeddable":true,"href":"https:\/\/www.bellunopress.it\/fr\/wp-json\/wp\/v2\/tags?post=145399"}],"curies":[{"name":"wp","href":"https:\/\/api.w.org\/{rel}","templated":true}]}}