{"id":145392,"date":"2023-10-27T14:30:50","date_gmt":"2023-10-27T12:30:50","guid":{"rendered":"https:\/\/www.bellunopress.it\/?p=145392"},"modified":"2023-10-27T14:31:08","modified_gmt":"2023-10-27T12:31:08","slug":"legge-di-bilancio-nuovi-tagli-ai-comuni-de-pellegrin-in-due-anni-tagliati-5-milioni","status":"publish","type":"post","link":"https:\/\/www.bellunopress.it\/fr\/2023\/10\/27\/legge-di-bilancio-nuovi-tagli-ai-comuni-de-pellegrin-in-due-anni-tagliati-5-milioni\/","title":{"rendered":"Legge di Bilancio, nuovi tagli ai Comuni. De Pellegrin: &#8220;In due anni tagliati 5 milioni&#8221;"},"content":{"rendered":"<figure id=\"attachment_137997\" aria-describedby=\"caption-attachment-137997\" style=\"width: 1000px\" class=\"wp-caption alignleft\"><img loading=\"lazy\" decoding=\"async\" class=\"size-full wp-image-137997\" src=\"https:\/\/www.bellunopress.it\/wp-content\/uploads\/2022\/11\/Oscar-De-Pellegrin_edited.jpg\" alt=\"\" width=\"1000\" height=\"727\" srcset=\"https:\/\/www.bellunopress.it\/wp-content\/uploads\/2022\/11\/Oscar-De-Pellegrin_edited.jpg 1000w, https:\/\/www.bellunopress.it\/wp-content\/uploads\/2022\/11\/Oscar-De-Pellegrin_edited-500x364.jpg 500w, https:\/\/www.bellunopress.it\/wp-content\/uploads\/2022\/11\/Oscar-De-Pellegrin_edited-696x506.jpg 696w, https:\/\/www.bellunopress.it\/wp-content\/uploads\/2022\/11\/Oscar-De-Pellegrin_edited-578x420.jpg 578w, https:\/\/www.bellunopress.it\/wp-content\/uploads\/2022\/11\/Oscar-De-Pellegrin_edited-324x235.jpg 324w\" sizes=\"auto, (max-width: 1000px) 100vw, 1000px\" \/><figcaption id=\"caption-attachment-137997\" class=\"wp-caption-text\">Oscar De Pellegrin, sindaco di Belluno<\/figcaption><\/figure>\n<p>\u201cNon possiamo sopportare nuovi tagli, ci faremo parte attiva con l\u2019Anci per far arrivare la nostra voce al Governo. La coperta \u00e8 corta per tutti, ma ad accorciarla troppo come faranno i Comuni ad assicurare i servizi essenziali? Qui si rischia il default. In due anni per riuscire a chiudere i bilanci e restare in equilibrio abbiamo tolto spese per 5 milioni di euro, non ci sono pi\u00f9 margini per ridurre, abbiamo gi\u00e0 introdotte tutte le economie possibili\u201d.<\/p>\n<p>Sono le parole del sindaco, Oscar De Pellegrin, in merito alle prime notizie trapelate dalla bozza della legge di bilancio che parla di tagli per 250 \u2013 300 milioni di euro agli enti locali.<\/p>\n<p>Gi\u00e0 che c&#8217;\u00e8, il sindaco potrebbe anche far presente che continuiamo a spendere circa <a href=\"https:\/\/ilmanifesto.it\/la-nato-ci-costa-70-milioni-di-euro-al-giorno\">70 milioni di euro al giorno per le 120 basi Nato in Italia<\/a> con 12mila soldati americani e che &#8211; secondo l&#8217;Ukraine support trucker &#8211; a febbraio 2023 ossia da quando \u00e8 scoppiata la guerra, l&#8217;Italia ha pagato all&#8217;Ucraina 660 milioni di aiuti militari, 310 milioni di aiuti finanziari e 50 milioni di aiuti umanitari. Inoltre, il Parlamento all&#8217;inizio del 2023 ha deciso di aumentare la spesa militare di 1,2 miliardi l&#8217;anno.<\/p>\n<p>\u201cGli uffici stanno calcolando quanto verr\u00e0 a mancare al Comune di Belluno \u2013 prosegue De Pellegrin -, per ora sappiamo che sono saltati circa 110 mila euro del Fondo di solidariet\u00e0, ai quali si aggiungono i contributi per il caro energia che nel 2021 sul 2022 erano stati di 462 mila euro e nel 2022 sul 2023 di 181.747 euro. Non vorremmo ci fossero altre spiacevoli sorprese tra le pieghe di questa legge. Quel che \u00e8 certo \u00e8 che faremo la nostra parte, insieme all\u2019Anci per avviare un confronto con Roma: la situazione \u00e8 davvero emergenziale, i sindaci devono alzare la voce e restare uniti\u201d.<\/p>\n<p>A fronte dei tagli, nei mesi scorsi con la riforma fiscale era arrivata l\u2019apertura a rendere i Comuni maggiormente partecipi degli introiti derivanti dall\u2019Imu dell\u2019edilizia e a ridurre, di conseguenza, i trasferimenti erariali. \u00c8 di circa 1 milione 800 mila euro il trasferimento che ogni anno Belluno fa allo Stato che trattiene, ad oggi, lo 0,77%. \u201cSe restasse agli enti locali uno 0,05% in pi\u00f9 allora si parlerebbe di circa 118 mila euro che resterebbero a Belluno \u2013 prosegue -, si andrebbe a tamponare la mancanza del Fondo di solidariet\u00e0 e questo ci metterebbe al riparo, almeno, da questo taglio. Non sappiamo cosa ci riserva il futuro sul fronte energia, ma il quadro per ora non \u00e8 roseo: al momento la spesa per l\u2019energia si \u00e8 stabilizzata al livello pi\u00f9 alto e, a fronte di questo, non sono previsti spostamenti da parte dello Stato come avvenuto negli scorsi anni per aiutare gli enti locali a sostenere i costi. Finora siamo riusciti a far quadrare i conti con un\u2019oculata politica di risparmio, ma non \u00e8 detto che si riesca a restare in equilibrio\u201d.<\/p>\n<p>Infine la partita del rinnovo dei contratti nella pa, i cui stanziamenti saranno a carico dei bilanci autonomi e dell\u2019adeguamento Istat. \u201cAnche i Comuni vivono il problema dell\u2019inflazione \u2013 prosegue De Pellegrin -, il costo dei servizi che erogano \u00e8 sempre pi\u00f9 alto ma a questo non corrispondono maggiori entrate, anzi. Pensiamo alle mense scolastiche e al trasporto scolastico, per esempio: quest\u2019ultimo passa da 710 a 740 mila euro. Conosciamo le difficolt\u00e0 del Governo centrale, ma vogliamo ragionare insieme se non per aumentare le risorse quanto meno per ridurre i tagli\u201d.<\/p>\n<p>&nbsp;<\/p>","protected":false},"excerpt":{"rendered":"<p>\u201cNon possiamo sopportare nuovi tagli, ci faremo parte attiva con l\u2019Anci per far arrivare la nostra voce al Governo. La coperta \u00e8 corta per tutti, ma ad accorciarla troppo come faranno i Comuni ad assicurare i servizi essenziali? Qui si rischia il default. In due anni per riuscire a chiudere i bilanci e restare in [&hellip;]<\/p>\n","protected":false},"author":2,"featured_media":135245,"comment_status":"closed","ping_status":"open","sticky":false,"template":"","format":"standard","meta":{"footnotes":""},"categories":[5,3446,26],"tags":[],"class_list":["post-145392","post","type-post","status-publish","format-standard","has-post-thumbnail","category-cronaca","category-featured","category-prima-pagina"],"yoast_head":"<!-- This site is optimized with the Yoast SEO plugin v28.4 - https:\/\/yoast.com\/product\/yoast-seo-wordpress\/ -->\n<title>Legge di Bilancio, nuovi tagli ai Comuni. De Pellegrin: &quot;In due anni tagliati 5 milioni&quot; - Bellunopress - Dolomiti<\/title>\n<meta name=\"robots\" content=\"index, follow, max-snippet:-1, max-image-preview:large, max-video-preview:-1\" \/>\n<link rel=\"canonical\" href=\"https:\/\/www.bellunopress.it\/fr\/2023\/10\/27\/legge-di-bilancio-nuovi-tagli-ai-comuni-de-pellegrin-in-due-anni-tagliati-5-milioni\/\" \/>\n<meta property=\"og:locale\" content=\"fr_FR\" \/>\n<meta property=\"og:type\" content=\"article\" \/>\n<meta property=\"og:title\" content=\"Legge di Bilancio, nuovi tagli ai Comuni. De Pellegrin: &quot;In due anni tagliati 5 milioni&quot; - Bellunopress - Dolomiti\" \/>\n<meta property=\"og:description\" content=\"\u201cNon possiamo sopportare nuovi tagli, ci faremo parte attiva con l\u2019Anci per far arrivare la nostra voce al Governo. La coperta \u00e8 corta per tutti, ma ad accorciarla troppo come faranno i Comuni ad assicurare i servizi essenziali? Qui si rischia il default. In due anni per riuscire a chiudere i bilanci e restare in [&hellip;]\" \/>\n<meta property=\"og:url\" content=\"https:\/\/www.bellunopress.it\/fr\/2023\/10\/27\/legge-di-bilancio-nuovi-tagli-ai-comuni-de-pellegrin-in-due-anni-tagliati-5-milioni\/\" \/>\n<meta property=\"og:site_name\" content=\"Bellunopress - Dolomiti\" \/>\n<meta property=\"article:publisher\" content=\"https:\/\/www.facebook.com\/profile.php?id=100008943462799\" \/>\n<meta property=\"article:published_time\" content=\"2023-10-27T12:30:50+00:00\" \/>\n<meta property=\"article:modified_time\" content=\"2023-10-27T12:31:08+00:00\" \/>\n<meta property=\"og:image\" content=\"https:\/\/www.bellunopress.it\/wp-content\/uploads\/2022\/07\/Oscar-De-Pellegrin-sindaco-di-Belluno_edited.jpg\" \/>\n\t<meta property=\"og:image:width\" content=\"803\" \/>\n\t<meta property=\"og:image:height\" content=\"1000\" \/>\n\t<meta property=\"og:image:type\" content=\"image\/jpeg\" \/>\n<meta name=\"author\" content=\"redazione\" \/>\n<meta name=\"twitter:card\" content=\"summary_large_image\" \/>\n<meta name=\"twitter:creator\" content=\"@bellunopress\" \/>\n<meta name=\"twitter:site\" content=\"@bellunopress\" \/>\n<meta name=\"twitter:label1\" content=\"\u00c9crit par\" \/>\n\t<meta name=\"twitter:data1\" content=\"redazione\" \/>\n\t<meta name=\"twitter:label2\" content=\"Dur\u00e9e de lecture estim\u00e9e\" \/>\n\t<meta name=\"twitter:data2\" content=\"3 minutes\" \/>\n<script type=\"application\/ld+json\" class=\"yoast-schema-graph\">{\"@context\":\"https:\\\/\\\/schema.org\",\"@graph\":[{\"@type\":\"Article\",\"@id\":\"https:\\\/\\\/www.bellunopress.it\\\/2023\\\/10\\\/27\\\/legge-di-bilancio-nuovi-tagli-ai-comuni-de-pellegrin-in-due-anni-tagliati-5-milioni\\\/#article\",\"isPartOf\":{\"@id\":\"https:\\\/\\\/www.bellunopress.it\\\/2023\\\/10\\\/27\\\/legge-di-bilancio-nuovi-tagli-ai-comuni-de-pellegrin-in-due-anni-tagliati-5-milioni\\\/\"},\"author\":{\"name\":\"redazione\",\"@id\":\"https:\\\/\\\/www.bellunopress.it\\\/#\\\/schema\\\/person\\\/79bb06722b37ece1c03d3e94beb30d73\"},\"headline\":\"Legge di Bilancio, nuovi tagli ai Comuni. De Pellegrin: &#8220;In due anni tagliati 5 milioni&#8221;\",\"datePublished\":\"2023-10-27T12:30:50+00:00\",\"dateModified\":\"2023-10-27T12:31:08+00:00\",\"mainEntityOfPage\":{\"@id\":\"https:\\\/\\\/www.bellunopress.it\\\/2023\\\/10\\\/27\\\/legge-di-bilancio-nuovi-tagli-ai-comuni-de-pellegrin-in-due-anni-tagliati-5-milioni\\\/\"},\"wordCount\":580,\"publisher\":{\"@id\":\"https:\\\/\\\/www.bellunopress.it\\\/#organization\"},\"image\":{\"@id\":\"https:\\\/\\\/www.bellunopress.it\\\/2023\\\/10\\\/27\\\/legge-di-bilancio-nuovi-tagli-ai-comuni-de-pellegrin-in-due-anni-tagliati-5-milioni\\\/#primaryimage\"},\"thumbnailUrl\":\"https:\\\/\\\/www.bellunopress.it\\\/wp-content\\\/uploads\\\/2022\\\/07\\\/Oscar-De-Pellegrin-sindaco-di-Belluno_edited.jpg\",\"articleSection\":[\"Cronaca\\\/Politica\",\"Featured\",\"Prima Pagina\"],\"inLanguage\":\"fr-FR\"},{\"@type\":\"WebPage\",\"@id\":\"https:\\\/\\\/www.bellunopress.it\\\/2023\\\/10\\\/27\\\/legge-di-bilancio-nuovi-tagli-ai-comuni-de-pellegrin-in-due-anni-tagliati-5-milioni\\\/\",\"url\":\"https:\\\/\\\/www.bellunopress.it\\\/2023\\\/10\\\/27\\\/legge-di-bilancio-nuovi-tagli-ai-comuni-de-pellegrin-in-due-anni-tagliati-5-milioni\\\/\",\"name\":\"Legge di Bilancio, nuovi tagli ai Comuni. De Pellegrin: \\\"In due anni tagliati 5 milioni\\\" - Bellunopress - Dolomiti\",\"isPartOf\":{\"@id\":\"https:\\\/\\\/www.bellunopress.it\\\/#website\"},\"primaryImageOfPage\":{\"@id\":\"https:\\\/\\\/www.bellunopress.it\\\/2023\\\/10\\\/27\\\/legge-di-bilancio-nuovi-tagli-ai-comuni-de-pellegrin-in-due-anni-tagliati-5-milioni\\\/#primaryimage\"},\"image\":{\"@id\":\"https:\\\/\\\/www.bellunopress.it\\\/2023\\\/10\\\/27\\\/legge-di-bilancio-nuovi-tagli-ai-comuni-de-pellegrin-in-due-anni-tagliati-5-milioni\\\/#primaryimage\"},\"thumbnailUrl\":\"https:\\\/\\\/www.bellunopress.it\\\/wp-content\\\/uploads\\\/2022\\\/07\\\/Oscar-De-Pellegrin-sindaco-di-Belluno_edited.jpg\",\"datePublished\":\"2023-10-27T12:30:50+00:00\",\"dateModified\":\"2023-10-27T12:31:08+00:00\",\"breadcrumb\":{\"@id\":\"https:\\\/\\\/www.bellunopress.it\\\/2023\\\/10\\\/27\\\/legge-di-bilancio-nuovi-tagli-ai-comuni-de-pellegrin-in-due-anni-tagliati-5-milioni\\\/#breadcrumb\"},\"inLanguage\":\"fr-FR\",\"potentialAction\":[{\"@type\":\"ReadAction\",\"target\":[\"https:\\\/\\\/www.bellunopress.it\\\/2023\\\/10\\\/27\\\/legge-di-bilancio-nuovi-tagli-ai-comuni-de-pellegrin-in-due-anni-tagliati-5-milioni\\\/\"]}]},{\"@type\":\"ImageObject\",\"inLanguage\":\"fr-FR\",\"@id\":\"https:\\\/\\\/www.bellunopress.it\\\/2023\\\/10\\\/27\\\/legge-di-bilancio-nuovi-tagli-ai-comuni-de-pellegrin-in-due-anni-tagliati-5-milioni\\\/#primaryimage\",\"url\":\"https:\\\/\\\/www.bellunopress.it\\\/wp-content\\\/uploads\\\/2022\\\/07\\\/Oscar-De-Pellegrin-sindaco-di-Belluno_edited.jpg\",\"contentUrl\":\"https:\\\/\\\/www.bellunopress.it\\\/wp-content\\\/uploads\\\/2022\\\/07\\\/Oscar-De-Pellegrin-sindaco-di-Belluno_edited.jpg\",\"width\":803,\"height\":1000,\"caption\":\"Oscar De Pellegrin, sindaco di Belluno\"},{\"@type\":\"BreadcrumbList\",\"@id\":\"https:\\\/\\\/www.bellunopress.it\\\/2023\\\/10\\\/27\\\/legge-di-bilancio-nuovi-tagli-ai-comuni-de-pellegrin-in-due-anni-tagliati-5-milioni\\\/#breadcrumb\",\"itemListElement\":[{\"@type\":\"ListItem\",\"position\":1,\"name\":\"Home\",\"item\":\"https:\\\/\\\/www.bellunopress.it\\\/\"},{\"@type\":\"ListItem\",\"position\":2,\"name\":\"Legge di Bilancio, nuovi tagli ai Comuni. De Pellegrin: &#8220;In due anni tagliati 5 milioni&#8221;\"}]},{\"@type\":\"WebSite\",\"@id\":\"https:\\\/\\\/www.bellunopress.it\\\/#website\",\"url\":\"https:\\\/\\\/www.bellunopress.it\\\/\",\"name\":\"Bellunopress - Dolomiti\",\"description\":\"e-mail: redazione@bellunopress.it\",\"publisher\":{\"@id\":\"https:\\\/\\\/www.bellunopress.it\\\/#organization\"},\"potentialAction\":[{\"@type\":\"SearchAction\",\"target\":{\"@type\":\"EntryPoint\",\"urlTemplate\":\"https:\\\/\\\/www.bellunopress.it\\\/?s={search_term_string}\"},\"query-input\":{\"@type\":\"PropertyValueSpecification\",\"valueRequired\":true,\"valueName\":\"search_term_string\"}}],\"inLanguage\":\"fr-FR\"},{\"@type\":\"Organization\",\"@id\":\"https:\\\/\\\/www.bellunopress.it\\\/#organization\",\"name\":\"Bellunopress\",\"url\":\"https:\\\/\\\/www.bellunopress.it\\\/\",\"logo\":{\"@type\":\"ImageObject\",\"inLanguage\":\"fr-FR\",\"@id\":\"https:\\\/\\\/www.bellunopress.it\\\/#\\\/schema\\\/logo\\\/image\\\/\",\"url\":\"https:\\\/\\\/www.bellunopress.it\\\/wp-content\\\/uploads\\\/2011\\\/05\\\/cropped-logo-bellunopress-.jpg\",\"contentUrl\":\"https:\\\/\\\/www.bellunopress.it\\\/wp-content\\\/uploads\\\/2011\\\/05\\\/cropped-logo-bellunopress-.jpg\",\"width\":512,\"height\":512,\"caption\":\"Bellunopress\"},\"image\":{\"@id\":\"https:\\\/\\\/www.bellunopress.it\\\/#\\\/schema\\\/logo\\\/image\\\/\"},\"sameAs\":[\"https:\\\/\\\/www.facebook.com\\\/profile.php?id=100008943462799\",\"https:\\\/\\\/x.com\\\/bellunopress\",\"https:\\\/\\\/www.linkedin.com\\\/hp\\\/?dnr=JBzUWaJfMUw8vbXJJ2tVW5-I3jZKvC4wsoxE&amp;amp;amp;amp;amp;amp;trk=nav_responsive_tab_home\",\"https:\\\/\\\/www.youtube.com\\\/channel\\\/UCxL0wu1uN0_3_7hGG0306cw\"]},{\"@type\":\"Person\",\"@id\":\"https:\\\/\\\/www.bellunopress.it\\\/#\\\/schema\\\/person\\\/79bb06722b37ece1c03d3e94beb30d73\",\"name\":\"redazione\",\"image\":{\"@type\":\"ImageObject\",\"inLanguage\":\"fr-FR\",\"@id\":\"https:\\\/\\\/secure.gravatar.com\\\/avatar\\\/37d968a2e67a6fd04c169c4bdef102d0bc5d31b2546345219e348575eb80e9a0?s=96&d=mm&r=g\",\"url\":\"https:\\\/\\\/secure.gravatar.com\\\/avatar\\\/37d968a2e67a6fd04c169c4bdef102d0bc5d31b2546345219e348575eb80e9a0?s=96&d=mm&r=g\",\"contentUrl\":\"https:\\\/\\\/secure.gravatar.com\\\/avatar\\\/37d968a2e67a6fd04c169c4bdef102d0bc5d31b2546345219e348575eb80e9a0?s=96&d=mm&r=g\",\"caption\":\"redazione\"},\"sameAs\":[\"http:\\\/\\\/www.bellunopress.it\",\"https:\\\/\\\/x.com\\\/bellunopress\"],\"url\":\"https:\\\/\\\/www.bellunopress.it\\\/fr\\\/author\\\/redazione\\\/\"}]}<\/script>\n<!-- \/ Yoast SEO plugin. -->","yoast_head_json":{"title":"Legge di Bilancio, nuovi tagli ai Comuni. De Pellegrin: \"In due anni tagliati 5 milioni\" - Bellunopress - Dolomiti","robots":{"index":"index","follow":"follow","max-snippet":"max-snippet:-1","max-image-preview":"max-image-preview:large","max-video-preview":"max-video-preview:-1"},"canonical":"https:\/\/www.bellunopress.it\/fr\/2023\/10\/27\/legge-di-bilancio-nuovi-tagli-ai-comuni-de-pellegrin-in-due-anni-tagliati-5-milioni\/","og_locale":"fr_FR","og_type":"article","og_title":"Legge di Bilancio, nuovi tagli ai Comuni. De Pellegrin: \"In due anni tagliati 5 milioni\" - Bellunopress - Dolomiti","og_description":"\u201cNon possiamo sopportare nuovi tagli, ci faremo parte attiva con l\u2019Anci per far arrivare la nostra voce al Governo. La coperta \u00e8 corta per tutti, ma ad accorciarla troppo come faranno i Comuni ad assicurare i servizi essenziali? Qui si rischia il default. In due anni per riuscire a chiudere i bilanci e restare in [&hellip;]","og_url":"https:\/\/www.bellunopress.it\/fr\/2023\/10\/27\/legge-di-bilancio-nuovi-tagli-ai-comuni-de-pellegrin-in-due-anni-tagliati-5-milioni\/","og_site_name":"Bellunopress - Dolomiti","article_publisher":"https:\/\/www.facebook.com\/profile.php?id=100008943462799","article_published_time":"2023-10-27T12:30:50+00:00","article_modified_time":"2023-10-27T12:31:08+00:00","og_image":[{"width":803,"height":1000,"url":"https:\/\/www.bellunopress.it\/wp-content\/uploads\/2022\/07\/Oscar-De-Pellegrin-sindaco-di-Belluno_edited.jpg","type":"image\/jpeg"}],"author":"redazione","twitter_card":"summary_large_image","twitter_creator":"@bellunopress","twitter_site":"@bellunopress","twitter_misc":{"\u00c9crit par":"redazione","Dur\u00e9e de lecture estim\u00e9e":"3 minutes"},"schema":{"@context":"https:\/\/schema.org","@graph":[{"@type":"Article","@id":"https:\/\/www.bellunopress.it\/2023\/10\/27\/legge-di-bilancio-nuovi-tagli-ai-comuni-de-pellegrin-in-due-anni-tagliati-5-milioni\/#article","isPartOf":{"@id":"https:\/\/www.bellunopress.it\/2023\/10\/27\/legge-di-bilancio-nuovi-tagli-ai-comuni-de-pellegrin-in-due-anni-tagliati-5-milioni\/"},"author":{"name":"redazione","@id":"https:\/\/www.bellunopress.it\/#\/schema\/person\/79bb06722b37ece1c03d3e94beb30d73"},"headline":"Legge di Bilancio, nuovi tagli ai Comuni. De Pellegrin: &#8220;In due anni tagliati 5 milioni&#8221;","datePublished":"2023-10-27T12:30:50+00:00","dateModified":"2023-10-27T12:31:08+00:00","mainEntityOfPage":{"@id":"https:\/\/www.bellunopress.it\/2023\/10\/27\/legge-di-bilancio-nuovi-tagli-ai-comuni-de-pellegrin-in-due-anni-tagliati-5-milioni\/"},"wordCount":580,"publisher":{"@id":"https:\/\/www.bellunopress.it\/#organization"},"image":{"@id":"https:\/\/www.bellunopress.it\/2023\/10\/27\/legge-di-bilancio-nuovi-tagli-ai-comuni-de-pellegrin-in-due-anni-tagliati-5-milioni\/#primaryimage"},"thumbnailUrl":"https:\/\/www.bellunopress.it\/wp-content\/uploads\/2022\/07\/Oscar-De-Pellegrin-sindaco-di-Belluno_edited.jpg","articleSection":["Cronaca\/Politica","Featured","Prima Pagina"],"inLanguage":"fr-FR"},{"@type":"WebPage","@id":"https:\/\/www.bellunopress.it\/2023\/10\/27\/legge-di-bilancio-nuovi-tagli-ai-comuni-de-pellegrin-in-due-anni-tagliati-5-milioni\/","url":"https:\/\/www.bellunopress.it\/2023\/10\/27\/legge-di-bilancio-nuovi-tagli-ai-comuni-de-pellegrin-in-due-anni-tagliati-5-milioni\/","name":"Legge di Bilancio, nuovi tagli ai Comuni. De Pellegrin: \"In due anni tagliati 5 milioni\" - Bellunopress - Dolomiti","isPartOf":{"@id":"https:\/\/www.bellunopress.it\/#website"},"primaryImageOfPage":{"@id":"https:\/\/www.bellunopress.it\/2023\/10\/27\/legge-di-bilancio-nuovi-tagli-ai-comuni-de-pellegrin-in-due-anni-tagliati-5-milioni\/#primaryimage"},"image":{"@id":"https:\/\/www.bellunopress.it\/2023\/10\/27\/legge-di-bilancio-nuovi-tagli-ai-comuni-de-pellegrin-in-due-anni-tagliati-5-milioni\/#primaryimage"},"thumbnailUrl":"https:\/\/www.bellunopress.it\/wp-content\/uploads\/2022\/07\/Oscar-De-Pellegrin-sindaco-di-Belluno_edited.jpg","datePublished":"2023-10-27T12:30:50+00:00","dateModified":"2023-10-27T12:31:08+00:00","breadcrumb":{"@id":"https:\/\/www.bellunopress.it\/2023\/10\/27\/legge-di-bilancio-nuovi-tagli-ai-comuni-de-pellegrin-in-due-anni-tagliati-5-milioni\/#breadcrumb"},"inLanguage":"fr-FR","potentialAction":[{"@type":"ReadAction","target":["https:\/\/www.bellunopress.it\/2023\/10\/27\/legge-di-bilancio-nuovi-tagli-ai-comuni-de-pellegrin-in-due-anni-tagliati-5-milioni\/"]}]},{"@type":"ImageObject","inLanguage":"fr-FR","@id":"https:\/\/www.bellunopress.it\/2023\/10\/27\/legge-di-bilancio-nuovi-tagli-ai-comuni-de-pellegrin-in-due-anni-tagliati-5-milioni\/#primaryimage","url":"https:\/\/www.bellunopress.it\/wp-content\/uploads\/2022\/07\/Oscar-De-Pellegrin-sindaco-di-Belluno_edited.jpg","contentUrl":"https:\/\/www.bellunopress.it\/wp-content\/uploads\/2022\/07\/Oscar-De-Pellegrin-sindaco-di-Belluno_edited.jpg","width":803,"height":1000,"caption":"Oscar De Pellegrin, sindaco di Belluno"},{"@type":"BreadcrumbList","@id":"https:\/\/www.bellunopress.it\/2023\/10\/27\/legge-di-bilancio-nuovi-tagli-ai-comuni-de-pellegrin-in-due-anni-tagliati-5-milioni\/#breadcrumb","itemListElement":[{"@type":"ListItem","position":1,"name":"Home","item":"https:\/\/www.bellunopress.it\/"},{"@type":"ListItem","position":2,"name":"Legge di Bilancio, nuovi tagli ai Comuni. De Pellegrin: &#8220;In due anni tagliati 5 milioni&#8221;"}]},{"@type":"WebSite","@id":"https:\/\/www.bellunopress.it\/#website","url":"https:\/\/www.bellunopress.it\/","name":"Bellunopress - Dolomiti","description":"e-mail: redazione@bellunopress.it","publisher":{"@id":"https:\/\/www.bellunopress.it\/#organization"},"potentialAction":[{"@type":"SearchAction","target":{"@type":"EntryPoint","urlTemplate":"https:\/\/www.bellunopress.it\/?s={search_term_string}"},"query-input":{"@type":"PropertyValueSpecification","valueRequired":true,"valueName":"search_term_string"}}],"inLanguage":"fr-FR"},{"@type":"Organization","@id":"https:\/\/www.bellunopress.it\/#organization","name":"Bellunopress","url":"https:\/\/www.bellunopress.it\/","logo":{"@type":"ImageObject","inLanguage":"fr-FR","@id":"https:\/\/www.bellunopress.it\/#\/schema\/logo\/image\/","url":"https:\/\/www.bellunopress.it\/wp-content\/uploads\/2011\/05\/cropped-logo-bellunopress-.jpg","contentUrl":"https:\/\/www.bellunopress.it\/wp-content\/uploads\/2011\/05\/cropped-logo-bellunopress-.jpg","width":512,"height":512,"caption":"Bellunopress"},"image":{"@id":"https:\/\/www.bellunopress.it\/#\/schema\/logo\/image\/"},"sameAs":["https:\/\/www.facebook.com\/profile.php?id=100008943462799","https:\/\/x.com\/bellunopress","https:\/\/www.linkedin.com\/hp\/?dnr=JBzUWaJfMUw8vbXJJ2tVW5-I3jZKvC4wsoxE&amp;amp;amp;amp;amp;amp;trk=nav_responsive_tab_home","https:\/\/www.youtube.com\/channel\/UCxL0wu1uN0_3_7hGG0306cw"]},{"@type":"Person","@id":"https:\/\/www.bellunopress.it\/#\/schema\/person\/79bb06722b37ece1c03d3e94beb30d73","name":"r\u00e9daction","image":{"@type":"ImageObject","inLanguage":"fr-FR","@id":"https:\/\/secure.gravatar.com\/avatar\/37d968a2e67a6fd04c169c4bdef102d0bc5d31b2546345219e348575eb80e9a0?s=96&d=mm&r=g","url":"https:\/\/secure.gravatar.com\/avatar\/37d968a2e67a6fd04c169c4bdef102d0bc5d31b2546345219e348575eb80e9a0?s=96&d=mm&r=g","contentUrl":"https:\/\/secure.gravatar.com\/avatar\/37d968a2e67a6fd04c169c4bdef102d0bc5d31b2546345219e348575eb80e9a0?s=96&d=mm&r=g","caption":"redazione"},"sameAs":["http:\/\/www.bellunopress.it","https:\/\/x.com\/bellunopress"],"url":"https:\/\/www.bellunopress.it\/fr\/author\/redazione\/"}]}},"_links":{"self":[{"href":"https:\/\/www.bellunopress.it\/fr\/wp-json\/wp\/v2\/posts\/145392","targetHints":{"allow":["GET"]}}],"collection":[{"href":"https:\/\/www.bellunopress.it\/fr\/wp-json\/wp\/v2\/posts"}],"about":[{"href":"https:\/\/www.bellunopress.it\/fr\/wp-json\/wp\/v2\/types\/post"}],"author":[{"embeddable":true,"href":"https:\/\/www.bellunopress.it\/fr\/wp-json\/wp\/v2\/users\/2"}],"replies":[{"embeddable":true,"href":"https:\/\/www.bellunopress.it\/fr\/wp-json\/wp\/v2\/comments?post=145392"}],"version-history":[{"count":1,"href":"https:\/\/www.bellunopress.it\/fr\/wp-json\/wp\/v2\/posts\/145392\/revisions"}],"predecessor-version":[{"id":145393,"href":"https:\/\/www.bellunopress.it\/fr\/wp-json\/wp\/v2\/posts\/145392\/revisions\/145393"}],"wp:featuredmedia":[{"embeddable":true,"href":"https:\/\/www.bellunopress.it\/fr\/wp-json\/wp\/v2\/media\/135245"}],"wp:attachment":[{"href":"https:\/\/www.bellunopress.it\/fr\/wp-json\/wp\/v2\/media?parent=145392"}],"wp:term":[{"taxonomy":"category","embeddable":true,"href":"https:\/\/www.bellunopress.it\/fr\/wp-json\/wp\/v2\/categories?post=145392"},{"taxonomy":"post_tag","embeddable":true,"href":"https:\/\/www.bellunopress.it\/fr\/wp-json\/wp\/v2\/tags?post=145392"}],"curies":[{"name":"wp","href":"https:\/\/api.w.org\/{rel}","templated":true}]}}