{"id":145389,"date":"2023-10-27T10:32:32","date_gmt":"2023-10-27T08:32:32","guid":{"rendered":"https:\/\/www.bellunopress.it\/?p=145389"},"modified":"2023-10-27T10:32:32","modified_gmt":"2023-10-27T08:32:32","slug":"il-nuovo-sito-e-la-nuova-app-municipium-del-comune-di-limana","status":"publish","type":"post","link":"https:\/\/www.bellunopress.it\/fr\/2023\/10\/27\/il-nuovo-sito-e-la-nuova-app-municipium-del-comune-di-limana\/","title":{"rendered":"Il nuovo sito e la nuova app Municipium del Comune di Limana"},"content":{"rendered":"<figure id=\"attachment_141764\" aria-describedby=\"caption-attachment-141764\" style=\"width: 1000px\" class=\"wp-caption alignleft\"><img loading=\"lazy\" decoding=\"async\" class=\"size-full wp-image-141764\" src=\"https:\/\/www.bellunopress.it\/wp-content\/uploads\/2023\/05\/municipio-limana_edited.jpg\" alt=\"\" width=\"1000\" height=\"703\" srcset=\"https:\/\/www.bellunopress.it\/wp-content\/uploads\/2023\/05\/municipio-limana_edited.jpg 1000w, https:\/\/www.bellunopress.it\/wp-content\/uploads\/2023\/05\/municipio-limana_edited-500x352.jpg 500w, https:\/\/www.bellunopress.it\/wp-content\/uploads\/2023\/05\/municipio-limana_edited-696x489.jpg 696w, https:\/\/www.bellunopress.it\/wp-content\/uploads\/2023\/05\/municipio-limana_edited-597x420.jpg 597w, https:\/\/www.bellunopress.it\/wp-content\/uploads\/2023\/05\/municipio-limana_edited-100x70.jpg 100w\" sizes=\"auto, (max-width: 1000px) 100vw, 1000px\" \/><figcaption id=\"caption-attachment-141764\" class=\"wp-caption-text\">Municipio di Limana<\/figcaption><\/figure>\n<p>Limana, 27 ottobre 2023 &#8211;\u00a0Il Comune di Limana ha un nuovo sito web istituzionale rinnovato nella veste grafica e arricchito da nuove funzionalit\u00e0 a cui si aggiunge la nuova app &#8220;Municipium&#8221; facile da usare e personalizzabile.<\/p>\n<p>&#8220;Stiamo lavorando per rendere ai cittadini pi\u00f9 facile l&#8217;accesso ai servizi comunali grazie ai fondi PNRR &#8220;spiega l&#8217;Assessore Cinzia Dal Molin, delegata alla digitalizzazione.<br \/>\n&#8220;Grazie al nuovo sito internet e all&#8217;App Municipium&#8221; continua Dal Molin &#8220;sar\u00e0 possibile ricevere in tempo reale informazioni in merito a ci\u00f2 che succede sul territorio, conoscere gli eventi in programma, essere aggiornati sul calendario delle scadenze, gli avvisi di Protezione Civile, Allerta Meteo e criticit\u00e0 ambientali&#8221;<\/p>\n<figure id=\"attachment_145390\" aria-describedby=\"caption-attachment-145390\" style=\"width: 595px\" class=\"wp-caption alignleft\"><img loading=\"lazy\" decoding=\"async\" class=\"size-full wp-image-145390\" src=\"https:\/\/www.bellunopress.it\/wp-content\/uploads\/2023\/10\/Cinzia-dal-molin-assessore-Limana.jpg\" alt=\"\" width=\"595\" height=\"475\" srcset=\"https:\/\/www.bellunopress.it\/wp-content\/uploads\/2023\/10\/Cinzia-dal-molin-assessore-Limana.jpg 595w, https:\/\/www.bellunopress.it\/wp-content\/uploads\/2023\/10\/Cinzia-dal-molin-assessore-Limana-500x399.jpg 500w\" sizes=\"auto, (max-width: 595px) 100vw, 595px\" \/><figcaption id=\"caption-attachment-145390\" class=\"wp-caption-text\">Cinzia Dal Molin, assessore al Turismo e Digitalizzazione del Comune di Limana<\/figcaption><\/figure>\n<p>L&#8217;app Municipium, scaricabile dall&#8217;App Store del proprio telefono cellulare o supporto informatico, permette inoltre ai cittadini di inviare al comune segnalazioni su criticit\u00e0 con la possibilit\u00e0 di scattare foto direttamente dal proprio dispositivo mobile e geolocalizzarsi.<br \/>\nInoltre con il nuovo sito il Comune si adegua ai criteri di accessibilit\u00e0 definiti dal Codice dell&#8217;amministrazione Digitale. Per sfruttare appieno le potenzialit\u00e0 dell&#8217;App \u00e8 sufficiente registrarsi tramite SPEED, oppure, a breve, tramite Carta d&#8217;Identit\u00e0 Elettronica.<\/p>\n<p>&#8220;Gi\u00e0 lo scorso anno&#8221; prosegue ancora Dal Molin &#8220;abbiamo lanciato lo Sportello Telematico, ora accessibile anche dall&#8217;app Municipium. Si tratta di un luogo virtuale in cui l&#8217;amministrazione propone i propri servizi e permette ai cittadini di presentare digitalmente e con piena valenza giuridica le istanze in modalit\u00e0 completamente digitale. Ad oggi sono gi\u00e0 pervenute oltre 400 domande in maniera digitale. Parimenti abbiamo implementato le possibilit\u00e0 di pagamento con PagoPA fornendo un nuovo strumento ai cittadini<\/p>\n<figure id=\"attachment_104940\" aria-describedby=\"caption-attachment-104940\" style=\"width: 243px\" class=\"wp-caption alignleft\"><img loading=\"lazy\" decoding=\"async\" class=\"size-full wp-image-104940\" src=\"https:\/\/www.bellunopress.it\/wp-content\/uploads\/2019\/05\/milena-de-zanet-sindaco-limana.jpg\" alt=\"\" width=\"243\" height=\"300\" \/><figcaption id=\"caption-attachment-104940\" class=\"wp-caption-text\">Milena De Zanet, sindaco di Limana<\/figcaption><\/figure>\n<p>&#8220;Si tratta di intervento importate&#8221; commenta e conclude il Sindaco Milena De Zanet &#8220;del valore di circa 30.000\u20ac interamente finanziato da fondi PNRR con cui ci portiamo al passo della normativa e diamo nuove possibilit\u00e0 a chi ha dimestichezza con gli strumenti informatici. Completeremo nei prossimi mesi questa importante operazione che sta coinvolgendo tutti gli uffici, a cui va il nostro ringraziamento. e che si aggiunge ai numerosi interventi di rinnovamento hardware e software sui quali negli ultimi 2 anni abbiamo investito oltre 90.000\u20ac&#8221;.<\/p>","protected":false},"excerpt":{"rendered":"<p>Limana, 27 ottobre 2023 &#8211;\u00a0Il Comune di Limana ha un nuovo sito web istituzionale rinnovato nella veste grafica e arricchito da nuove funzionalit\u00e0 a cui si aggiunge la nuova app &#8220;Municipium&#8221; facile da usare e personalizzabile. &#8220;Stiamo lavorando per rendere ai cittadini pi\u00f9 facile l&#8217;accesso ai servizi comunali grazie ai fondi PNRR &#8220;spiega l&#8217;Assessore Cinzia [&hellip;]<\/p>\n","protected":false},"author":2,"featured_media":141764,"comment_status":"closed","ping_status":"open","sticky":false,"template":"","format":"standard","meta":{"footnotes":""},"categories":[5,26],"tags":[],"class_list":["post-145389","post","type-post","status-publish","format-standard","has-post-thumbnail","category-cronaca","category-prima-pagina"],"yoast_head":"<!-- This site is optimized with the Yoast SEO plugin v28.4 - https:\/\/yoast.com\/product\/yoast-seo-wordpress\/ -->\n<title>Il nuovo sito e la nuova app Municipium del Comune di Limana - Bellunopress - Dolomiti<\/title>\n<meta name=\"robots\" content=\"index, follow, max-snippet:-1, max-image-preview:large, max-video-preview:-1\" \/>\n<link rel=\"canonical\" href=\"https:\/\/www.bellunopress.it\/fr\/2023\/10\/27\/il-nuovo-sito-e-la-nuova-app-municipium-del-comune-di-limana\/\" \/>\n<meta property=\"og:locale\" content=\"fr_FR\" \/>\n<meta property=\"og:type\" content=\"article\" \/>\n<meta property=\"og:title\" content=\"Il nuovo sito e la nuova app Municipium del Comune di Limana - Bellunopress - Dolomiti\" \/>\n<meta property=\"og:description\" content=\"Limana, 27 ottobre 2023 &#8211;\u00a0Il Comune di Limana ha un nuovo sito web istituzionale rinnovato nella veste grafica e arricchito da nuove funzionalit\u00e0 a cui si aggiunge la nuova app &#8220;Municipium&#8221; facile da usare e personalizzabile. &#8220;Stiamo lavorando per rendere ai cittadini pi\u00f9 facile l&#8217;accesso ai servizi comunali grazie ai fondi PNRR &#8220;spiega l&#8217;Assessore Cinzia [&hellip;]\" \/>\n<meta property=\"og:url\" content=\"https:\/\/www.bellunopress.it\/fr\/2023\/10\/27\/il-nuovo-sito-e-la-nuova-app-municipium-del-comune-di-limana\/\" \/>\n<meta property=\"og:site_name\" content=\"Bellunopress - Dolomiti\" \/>\n<meta property=\"article:publisher\" content=\"https:\/\/www.facebook.com\/profile.php?id=100008943462799\" \/>\n<meta property=\"article:published_time\" content=\"2023-10-27T08:32:32+00:00\" \/>\n<meta property=\"og:image\" content=\"https:\/\/www.bellunopress.it\/wp-content\/uploads\/2023\/05\/municipio-limana_edited.jpg\" \/>\n\t<meta property=\"og:image:width\" content=\"1000\" \/>\n\t<meta property=\"og:image:height\" content=\"703\" \/>\n\t<meta property=\"og:image:type\" content=\"image\/jpeg\" \/>\n<meta name=\"author\" content=\"redazione\" \/>\n<meta name=\"twitter:card\" content=\"summary_large_image\" \/>\n<meta name=\"twitter:creator\" content=\"@bellunopress\" \/>\n<meta name=\"twitter:site\" content=\"@bellunopress\" \/>\n<meta name=\"twitter:label1\" content=\"\u00c9crit par\" \/>\n\t<meta name=\"twitter:data1\" content=\"redazione\" \/>\n\t<meta name=\"twitter:label2\" content=\"Dur\u00e9e de lecture estim\u00e9e\" \/>\n\t<meta name=\"twitter:data2\" content=\"2 minutes\" \/>\n<script type=\"application\/ld+json\" class=\"yoast-schema-graph\">{\"@context\":\"https:\\\/\\\/schema.org\",\"@graph\":[{\"@type\":\"Article\",\"@id\":\"https:\\\/\\\/www.bellunopress.it\\\/2023\\\/10\\\/27\\\/il-nuovo-sito-e-la-nuova-app-municipium-del-comune-di-limana\\\/#article\",\"isPartOf\":{\"@id\":\"https:\\\/\\\/www.bellunopress.it\\\/2023\\\/10\\\/27\\\/il-nuovo-sito-e-la-nuova-app-municipium-del-comune-di-limana\\\/\"},\"author\":{\"name\":\"redazione\",\"@id\":\"https:\\\/\\\/www.bellunopress.it\\\/#\\\/schema\\\/person\\\/79bb06722b37ece1c03d3e94beb30d73\"},\"headline\":\"Il nuovo sito e la nuova app Municipium del Comune di Limana\",\"datePublished\":\"2023-10-27T08:32:32+00:00\",\"mainEntityOfPage\":{\"@id\":\"https:\\\/\\\/www.bellunopress.it\\\/2023\\\/10\\\/27\\\/il-nuovo-sito-e-la-nuova-app-municipium-del-comune-di-limana\\\/\"},\"wordCount\":396,\"publisher\":{\"@id\":\"https:\\\/\\\/www.bellunopress.it\\\/#organization\"},\"image\":{\"@id\":\"https:\\\/\\\/www.bellunopress.it\\\/2023\\\/10\\\/27\\\/il-nuovo-sito-e-la-nuova-app-municipium-del-comune-di-limana\\\/#primaryimage\"},\"thumbnailUrl\":\"https:\\\/\\\/www.bellunopress.it\\\/wp-content\\\/uploads\\\/2023\\\/05\\\/municipio-limana_edited.jpg\",\"articleSection\":[\"Cronaca\\\/Politica\",\"Prima Pagina\"],\"inLanguage\":\"fr-FR\"},{\"@type\":\"WebPage\",\"@id\":\"https:\\\/\\\/www.bellunopress.it\\\/2023\\\/10\\\/27\\\/il-nuovo-sito-e-la-nuova-app-municipium-del-comune-di-limana\\\/\",\"url\":\"https:\\\/\\\/www.bellunopress.it\\\/2023\\\/10\\\/27\\\/il-nuovo-sito-e-la-nuova-app-municipium-del-comune-di-limana\\\/\",\"name\":\"Il nuovo sito e la nuova app Municipium del Comune di Limana - Bellunopress - Dolomiti\",\"isPartOf\":{\"@id\":\"https:\\\/\\\/www.bellunopress.it\\\/#website\"},\"primaryImageOfPage\":{\"@id\":\"https:\\\/\\\/www.bellunopress.it\\\/2023\\\/10\\\/27\\\/il-nuovo-sito-e-la-nuova-app-municipium-del-comune-di-limana\\\/#primaryimage\"},\"image\":{\"@id\":\"https:\\\/\\\/www.bellunopress.it\\\/2023\\\/10\\\/27\\\/il-nuovo-sito-e-la-nuova-app-municipium-del-comune-di-limana\\\/#primaryimage\"},\"thumbnailUrl\":\"https:\\\/\\\/www.bellunopress.it\\\/wp-content\\\/uploads\\\/2023\\\/05\\\/municipio-limana_edited.jpg\",\"datePublished\":\"2023-10-27T08:32:32+00:00\",\"breadcrumb\":{\"@id\":\"https:\\\/\\\/www.bellunopress.it\\\/2023\\\/10\\\/27\\\/il-nuovo-sito-e-la-nuova-app-municipium-del-comune-di-limana\\\/#breadcrumb\"},\"inLanguage\":\"fr-FR\",\"potentialAction\":[{\"@type\":\"ReadAction\",\"target\":[\"https:\\\/\\\/www.bellunopress.it\\\/2023\\\/10\\\/27\\\/il-nuovo-sito-e-la-nuova-app-municipium-del-comune-di-limana\\\/\"]}]},{\"@type\":\"ImageObject\",\"inLanguage\":\"fr-FR\",\"@id\":\"https:\\\/\\\/www.bellunopress.it\\\/2023\\\/10\\\/27\\\/il-nuovo-sito-e-la-nuova-app-municipium-del-comune-di-limana\\\/#primaryimage\",\"url\":\"https:\\\/\\\/www.bellunopress.it\\\/wp-content\\\/uploads\\\/2023\\\/05\\\/municipio-limana_edited.jpg\",\"contentUrl\":\"https:\\\/\\\/www.bellunopress.it\\\/wp-content\\\/uploads\\\/2023\\\/05\\\/municipio-limana_edited.jpg\",\"width\":1000,\"height\":703,\"caption\":\"Municipio di Limana\"},{\"@type\":\"BreadcrumbList\",\"@id\":\"https:\\\/\\\/www.bellunopress.it\\\/2023\\\/10\\\/27\\\/il-nuovo-sito-e-la-nuova-app-municipium-del-comune-di-limana\\\/#breadcrumb\",\"itemListElement\":[{\"@type\":\"ListItem\",\"position\":1,\"name\":\"Home\",\"item\":\"https:\\\/\\\/www.bellunopress.it\\\/\"},{\"@type\":\"ListItem\",\"position\":2,\"name\":\"Il nuovo sito e la nuova app Municipium del Comune di Limana\"}]},{\"@type\":\"WebSite\",\"@id\":\"https:\\\/\\\/www.bellunopress.it\\\/#website\",\"url\":\"https:\\\/\\\/www.bellunopress.it\\\/\",\"name\":\"Bellunopress - Dolomiti\",\"description\":\"e-mail: redazione@bellunopress.it\",\"publisher\":{\"@id\":\"https:\\\/\\\/www.bellunopress.it\\\/#organization\"},\"potentialAction\":[{\"@type\":\"SearchAction\",\"target\":{\"@type\":\"EntryPoint\",\"urlTemplate\":\"https:\\\/\\\/www.bellunopress.it\\\/?s={search_term_string}\"},\"query-input\":{\"@type\":\"PropertyValueSpecification\",\"valueRequired\":true,\"valueName\":\"search_term_string\"}}],\"inLanguage\":\"fr-FR\"},{\"@type\":\"Organization\",\"@id\":\"https:\\\/\\\/www.bellunopress.it\\\/#organization\",\"name\":\"Bellunopress\",\"url\":\"https:\\\/\\\/www.bellunopress.it\\\/\",\"logo\":{\"@type\":\"ImageObject\",\"inLanguage\":\"fr-FR\",\"@id\":\"https:\\\/\\\/www.bellunopress.it\\\/#\\\/schema\\\/logo\\\/image\\\/\",\"url\":\"https:\\\/\\\/www.bellunopress.it\\\/wp-content\\\/uploads\\\/2011\\\/05\\\/cropped-logo-bellunopress-.jpg\",\"contentUrl\":\"https:\\\/\\\/www.bellunopress.it\\\/wp-content\\\/uploads\\\/2011\\\/05\\\/cropped-logo-bellunopress-.jpg\",\"width\":512,\"height\":512,\"caption\":\"Bellunopress\"},\"image\":{\"@id\":\"https:\\\/\\\/www.bellunopress.it\\\/#\\\/schema\\\/logo\\\/image\\\/\"},\"sameAs\":[\"https:\\\/\\\/www.facebook.com\\\/profile.php?id=100008943462799\",\"https:\\\/\\\/x.com\\\/bellunopress\",\"https:\\\/\\\/www.linkedin.com\\\/hp\\\/?dnr=JBzUWaJfMUw8vbXJJ2tVW5-I3jZKvC4wsoxE&amp;amp;amp;amp;amp;amp;trk=nav_responsive_tab_home\",\"https:\\\/\\\/www.youtube.com\\\/channel\\\/UCxL0wu1uN0_3_7hGG0306cw\"]},{\"@type\":\"Person\",\"@id\":\"https:\\\/\\\/www.bellunopress.it\\\/#\\\/schema\\\/person\\\/79bb06722b37ece1c03d3e94beb30d73\",\"name\":\"redazione\",\"image\":{\"@type\":\"ImageObject\",\"inLanguage\":\"fr-FR\",\"@id\":\"https:\\\/\\\/secure.gravatar.com\\\/avatar\\\/37d968a2e67a6fd04c169c4bdef102d0bc5d31b2546345219e348575eb80e9a0?s=96&d=mm&r=g\",\"url\":\"https:\\\/\\\/secure.gravatar.com\\\/avatar\\\/37d968a2e67a6fd04c169c4bdef102d0bc5d31b2546345219e348575eb80e9a0?s=96&d=mm&r=g\",\"contentUrl\":\"https:\\\/\\\/secure.gravatar.com\\\/avatar\\\/37d968a2e67a6fd04c169c4bdef102d0bc5d31b2546345219e348575eb80e9a0?s=96&d=mm&r=g\",\"caption\":\"redazione\"},\"sameAs\":[\"http:\\\/\\\/www.bellunopress.it\",\"https:\\\/\\\/x.com\\\/bellunopress\"],\"url\":\"https:\\\/\\\/www.bellunopress.it\\\/fr\\\/author\\\/redazione\\\/\"}]}<\/script>\n<!-- \/ Yoast SEO plugin. -->","yoast_head_json":{"title":"Il nuovo sito e la nuova app Municipium del Comune di Limana - Bellunopress - Dolomiti","robots":{"index":"index","follow":"follow","max-snippet":"max-snippet:-1","max-image-preview":"max-image-preview:large","max-video-preview":"max-video-preview:-1"},"canonical":"https:\/\/www.bellunopress.it\/fr\/2023\/10\/27\/il-nuovo-sito-e-la-nuova-app-municipium-del-comune-di-limana\/","og_locale":"fr_FR","og_type":"article","og_title":"Il nuovo sito e la nuova app Municipium del Comune di Limana - Bellunopress - Dolomiti","og_description":"Limana, 27 ottobre 2023 &#8211;\u00a0Il Comune di Limana ha un nuovo sito web istituzionale rinnovato nella veste grafica e arricchito da nuove funzionalit\u00e0 a cui si aggiunge la nuova app &#8220;Municipium&#8221; facile da usare e personalizzabile. &#8220;Stiamo lavorando per rendere ai cittadini pi\u00f9 facile l&#8217;accesso ai servizi comunali grazie ai fondi PNRR &#8220;spiega l&#8217;Assessore Cinzia [&hellip;]","og_url":"https:\/\/www.bellunopress.it\/fr\/2023\/10\/27\/il-nuovo-sito-e-la-nuova-app-municipium-del-comune-di-limana\/","og_site_name":"Bellunopress - Dolomiti","article_publisher":"https:\/\/www.facebook.com\/profile.php?id=100008943462799","article_published_time":"2023-10-27T08:32:32+00:00","og_image":[{"width":1000,"height":703,"url":"https:\/\/www.bellunopress.it\/wp-content\/uploads\/2023\/05\/municipio-limana_edited.jpg","type":"image\/jpeg"}],"author":"redazione","twitter_card":"summary_large_image","twitter_creator":"@bellunopress","twitter_site":"@bellunopress","twitter_misc":{"\u00c9crit par":"redazione","Dur\u00e9e de lecture estim\u00e9e":"2 minutes"},"schema":{"@context":"https:\/\/schema.org","@graph":[{"@type":"Article","@id":"https:\/\/www.bellunopress.it\/2023\/10\/27\/il-nuovo-sito-e-la-nuova-app-municipium-del-comune-di-limana\/#article","isPartOf":{"@id":"https:\/\/www.bellunopress.it\/2023\/10\/27\/il-nuovo-sito-e-la-nuova-app-municipium-del-comune-di-limana\/"},"author":{"name":"redazione","@id":"https:\/\/www.bellunopress.it\/#\/schema\/person\/79bb06722b37ece1c03d3e94beb30d73"},"headline":"Il nuovo sito e la nuova app Municipium del Comune di Limana","datePublished":"2023-10-27T08:32:32+00:00","mainEntityOfPage":{"@id":"https:\/\/www.bellunopress.it\/2023\/10\/27\/il-nuovo-sito-e-la-nuova-app-municipium-del-comune-di-limana\/"},"wordCount":396,"publisher":{"@id":"https:\/\/www.bellunopress.it\/#organization"},"image":{"@id":"https:\/\/www.bellunopress.it\/2023\/10\/27\/il-nuovo-sito-e-la-nuova-app-municipium-del-comune-di-limana\/#primaryimage"},"thumbnailUrl":"https:\/\/www.bellunopress.it\/wp-content\/uploads\/2023\/05\/municipio-limana_edited.jpg","articleSection":["Cronaca\/Politica","Prima Pagina"],"inLanguage":"fr-FR"},{"@type":"WebPage","@id":"https:\/\/www.bellunopress.it\/2023\/10\/27\/il-nuovo-sito-e-la-nuova-app-municipium-del-comune-di-limana\/","url":"https:\/\/www.bellunopress.it\/2023\/10\/27\/il-nuovo-sito-e-la-nuova-app-municipium-del-comune-di-limana\/","name":"Il nuovo sito e la nuova app Municipium del Comune di Limana - Bellunopress - Dolomiti","isPartOf":{"@id":"https:\/\/www.bellunopress.it\/#website"},"primaryImageOfPage":{"@id":"https:\/\/www.bellunopress.it\/2023\/10\/27\/il-nuovo-sito-e-la-nuova-app-municipium-del-comune-di-limana\/#primaryimage"},"image":{"@id":"https:\/\/www.bellunopress.it\/2023\/10\/27\/il-nuovo-sito-e-la-nuova-app-municipium-del-comune-di-limana\/#primaryimage"},"thumbnailUrl":"https:\/\/www.bellunopress.it\/wp-content\/uploads\/2023\/05\/municipio-limana_edited.jpg","datePublished":"2023-10-27T08:32:32+00:00","breadcrumb":{"@id":"https:\/\/www.bellunopress.it\/2023\/10\/27\/il-nuovo-sito-e-la-nuova-app-municipium-del-comune-di-limana\/#breadcrumb"},"inLanguage":"fr-FR","potentialAction":[{"@type":"ReadAction","target":["https:\/\/www.bellunopress.it\/2023\/10\/27\/il-nuovo-sito-e-la-nuova-app-municipium-del-comune-di-limana\/"]}]},{"@type":"ImageObject","inLanguage":"fr-FR","@id":"https:\/\/www.bellunopress.it\/2023\/10\/27\/il-nuovo-sito-e-la-nuova-app-municipium-del-comune-di-limana\/#primaryimage","url":"https:\/\/www.bellunopress.it\/wp-content\/uploads\/2023\/05\/municipio-limana_edited.jpg","contentUrl":"https:\/\/www.bellunopress.it\/wp-content\/uploads\/2023\/05\/municipio-limana_edited.jpg","width":1000,"height":703,"caption":"Municipio di Limana"},{"@type":"BreadcrumbList","@id":"https:\/\/www.bellunopress.it\/2023\/10\/27\/il-nuovo-sito-e-la-nuova-app-municipium-del-comune-di-limana\/#breadcrumb","itemListElement":[{"@type":"ListItem","position":1,"name":"Home","item":"https:\/\/www.bellunopress.it\/"},{"@type":"ListItem","position":2,"name":"Il nuovo sito e la nuova app Municipium del Comune di Limana"}]},{"@type":"WebSite","@id":"https:\/\/www.bellunopress.it\/#website","url":"https:\/\/www.bellunopress.it\/","name":"Bellunopress - Dolomiti","description":"e-mail: redazione@bellunopress.it","publisher":{"@id":"https:\/\/www.bellunopress.it\/#organization"},"potentialAction":[{"@type":"SearchAction","target":{"@type":"EntryPoint","urlTemplate":"https:\/\/www.bellunopress.it\/?s={search_term_string}"},"query-input":{"@type":"PropertyValueSpecification","valueRequired":true,"valueName":"search_term_string"}}],"inLanguage":"fr-FR"},{"@type":"Organization","@id":"https:\/\/www.bellunopress.it\/#organization","name":"Bellunopress","url":"https:\/\/www.bellunopress.it\/","logo":{"@type":"ImageObject","inLanguage":"fr-FR","@id":"https:\/\/www.bellunopress.it\/#\/schema\/logo\/image\/","url":"https:\/\/www.bellunopress.it\/wp-content\/uploads\/2011\/05\/cropped-logo-bellunopress-.jpg","contentUrl":"https:\/\/www.bellunopress.it\/wp-content\/uploads\/2011\/05\/cropped-logo-bellunopress-.jpg","width":512,"height":512,"caption":"Bellunopress"},"image":{"@id":"https:\/\/www.bellunopress.it\/#\/schema\/logo\/image\/"},"sameAs":["https:\/\/www.facebook.com\/profile.php?id=100008943462799","https:\/\/x.com\/bellunopress","https:\/\/www.linkedin.com\/hp\/?dnr=JBzUWaJfMUw8vbXJJ2tVW5-I3jZKvC4wsoxE&amp;amp;amp;amp;amp;amp;trk=nav_responsive_tab_home","https:\/\/www.youtube.com\/channel\/UCxL0wu1uN0_3_7hGG0306cw"]},{"@type":"Person","@id":"https:\/\/www.bellunopress.it\/#\/schema\/person\/79bb06722b37ece1c03d3e94beb30d73","name":"r\u00e9daction","image":{"@type":"ImageObject","inLanguage":"fr-FR","@id":"https:\/\/secure.gravatar.com\/avatar\/37d968a2e67a6fd04c169c4bdef102d0bc5d31b2546345219e348575eb80e9a0?s=96&d=mm&r=g","url":"https:\/\/secure.gravatar.com\/avatar\/37d968a2e67a6fd04c169c4bdef102d0bc5d31b2546345219e348575eb80e9a0?s=96&d=mm&r=g","contentUrl":"https:\/\/secure.gravatar.com\/avatar\/37d968a2e67a6fd04c169c4bdef102d0bc5d31b2546345219e348575eb80e9a0?s=96&d=mm&r=g","caption":"redazione"},"sameAs":["http:\/\/www.bellunopress.it","https:\/\/x.com\/bellunopress"],"url":"https:\/\/www.bellunopress.it\/fr\/author\/redazione\/"}]}},"_links":{"self":[{"href":"https:\/\/www.bellunopress.it\/fr\/wp-json\/wp\/v2\/posts\/145389","targetHints":{"allow":["GET"]}}],"collection":[{"href":"https:\/\/www.bellunopress.it\/fr\/wp-json\/wp\/v2\/posts"}],"about":[{"href":"https:\/\/www.bellunopress.it\/fr\/wp-json\/wp\/v2\/types\/post"}],"author":[{"embeddable":true,"href":"https:\/\/www.bellunopress.it\/fr\/wp-json\/wp\/v2\/users\/2"}],"replies":[{"embeddable":true,"href":"https:\/\/www.bellunopress.it\/fr\/wp-json\/wp\/v2\/comments?post=145389"}],"version-history":[{"count":1,"href":"https:\/\/www.bellunopress.it\/fr\/wp-json\/wp\/v2\/posts\/145389\/revisions"}],"predecessor-version":[{"id":145391,"href":"https:\/\/www.bellunopress.it\/fr\/wp-json\/wp\/v2\/posts\/145389\/revisions\/145391"}],"wp:featuredmedia":[{"embeddable":true,"href":"https:\/\/www.bellunopress.it\/fr\/wp-json\/wp\/v2\/media\/141764"}],"wp:attachment":[{"href":"https:\/\/www.bellunopress.it\/fr\/wp-json\/wp\/v2\/media?parent=145389"}],"wp:term":[{"taxonomy":"category","embeddable":true,"href":"https:\/\/www.bellunopress.it\/fr\/wp-json\/wp\/v2\/categories?post=145389"},{"taxonomy":"post_tag","embeddable":true,"href":"https:\/\/www.bellunopress.it\/fr\/wp-json\/wp\/v2\/tags?post=145389"}],"curies":[{"name":"wp","href":"https:\/\/api.w.org\/{rel}","templated":true}]}}