{"id":145379,"date":"2023-10-27T06:56:33","date_gmt":"2023-10-27T04:56:33","guid":{"rendered":"https:\/\/www.bellunopress.it\/?p=145379"},"modified":"2023-10-27T06:56:33","modified_gmt":"2023-10-27T04:56:33","slug":"fine-vita-tocchera-al-centrodestra-aprire-alle-richieste-dei-cittadini","status":"publish","type":"post","link":"https:\/\/www.bellunopress.it\/fr\/2023\/10\/27\/fine-vita-tocchera-al-centrodestra-aprire-alle-richieste-dei-cittadini\/","title":{"rendered":"Fine vita. Toccher\u00e0 al centrodestra aprire alle richieste dei cittadini?"},"content":{"rendered":"<p><img loading=\"lazy\" decoding=\"async\" class=\"alignleft size-full wp-image-108197\" src=\"https:\/\/www.bellunopress.it\/wp-content\/uploads\/2019\/09\/consulta-bioetica-onlus.jpg\" alt=\"\" width=\"275\" height=\"183\" \/>La meritoria azione dell\u2019Associazione Luca Coscioni di raccolta firme per richiedere leggi<br \/>\nregionali che regolino con precisione l\u2019accesso alla nuova pratica sociale della morte volontaria, nella forma del suicidio medicalmente assistito ammessa dalla Corte costituzionale nella Sentenza n. 242\/19, ha avuto un grande successo nel Nord-Est del paese, dove in poche settimane l\u2019iniziativa ha raggiunto e superato il quorum: oltre 7mila firme in Friuli Venezia Giulia in cui il dibattito in Consiglio Regionale \u00e8 gi\u00e0 cominciato e dovrebbe concludersi entro l\u2019anno solare, e oltre 8 mila in Veneto in cui il dibattito politico comincer\u00e0 a fine ottobre.<\/p>\n<p>In questo contesto i vescovi del Triveneto hanno diffuso in data 25 ottobre 2023 una dura critica a quanto \u00e8 in corso, osservando che \u201cil suicidio assistito, come ogni forma di eutanasia, si rivela una scorciatoia: il malato e\u0300 indotto a percepirsi come un peso a causa della sua malattia e la collettivit\u00e0 finisce per giustificare il disinvestimento e il disimpegno nell&#8217;accompagnare il malato terminale.<br \/>\nPrimo compito della comunit\u00e0 civile e del sistema sanitario e\u0300 assistere e curare, non anticipare la morte\u201d. Senza entrare nei dettagli, e al di l\u00e0 delle dichiarazioni che l\u2019intervento sarebbe solo \u201cpastorale\u201d e non \u201cpolitico\u201d, \u00e8 chiaro che per tempistica, toni e contenuti la presa di posizione dei vescovi del triveneto ha l\u2019obiettivo di bloccare l\u2019iter politico in corso: a Roma (papa, dicasteri vaticani e Cei) con pi\u00f9 accortezza e prudenza, si tace mentre in loco ancora \u00e8 impellente l\u2019impegno a far sentire voce dissonante.<\/p>\n<p>D\u2019altro canto, non si pu\u00f2 non rilevare come anche nel Nord-Est secolarizzazione e<br \/>\nesperienze concrete han cambiato i valori morali diffusi tra la gente, ed \u00e8 per questo che i cittadini hanno firmato in massa per le leggi regionali favorevoli al suicidio medicalmente assistito. In un\u2019apposita analisi su Avvenire (25 ottobre 2023, p. 9) Diego Motta scrive che \u201cSorprende, va detto, la disinvoltura con cui lo stesso Zaia e Massimiliano Fedriga, pur con percorsi diversi, hanno finito per assecondare una svolta inattesa sui temi etici, per definizione delicati e sensibili\u201d. Nel tentativo di rassicurare i lettori del giornale cattolico, Motta conclude con toni positivi osservando che \u201cpotrebbe magari trattarsi di una semplice scorribanda in terra sconosciuta, in vista di una nuova correzione di rotta\u201d.<\/p>\n<p>\u00c8 sempre difficile fare previsioni, ma non crediamo proprio ci saranno correzioni di rotta, e<br \/>\nquesto perch\u00e9 la svolta di Zaia e di Fedriga risponde a un cambiamento etico-culturale pi\u00f9 generale e profondo, che viene intercettato dal mondo politico. Forse \u00e8 proprio la religiosit\u00e0 diffusa nel Nord-Est che porta a prendere con grande seriet\u00e0 il morire e i temi del fine-vita, in cui si registra una cesura a favore della scelta autonoma della persona. Invece di continuare a vagheggiare improbabili ritorni al passato, va preso atto che il cambiamento etico-culturale si estende anche a altri ambiti. Sempre in ottobre, pur avendo in Consiglio regionale un\u2019ampia maggioranza, la Lombardia ha bocciato la proposta dal consigliere Zamperini di Fratelli d\u2019Italia di bloccare in regione la Carriera Alias nelle scuole. Non solo, sempre in Lombardia l\u2019assessorato al Welfare il 16 ottobre scorso ha stanziato 14 milioni di euro per \u201cfavorire la natalit\u00e0\u201d in un programma che prevede anche la fecondazione assistita (con crioconservazione di gameti e altro).<\/p>\n<p>Mentre solo due decenni fa le diverse modalit\u00e0 di nascita erano soggette a specifico vaglio morale, e la cosiddetta \u201ceterologa\u201d era proibita e vista come fonte di depravazione, oggi \u00e8 non solo permessa ma anche sostenuta dalla giunta di Centro-destra. Chiss\u00e0 se qualcosa del genere capiter\u00e0 anche alla GPA o gravidanza per altri, oggi considerata sentina di tutti i mali.<br \/>\nIn questa linea il pensiero corre alle numerose vicende personali di vari leader politici<br \/>\nconservatori: vicende che, al di l\u00e0 delle dichiarazioni di principio a sostegno e difesa della famiglia \u201ctradizionale\u201d, mostrano la crisi profonda di quel modello di famiglia. Ulteriore conferma di questa crisi sta nel fatto che in Francia la stessa Le Pen ha votato l\u2019idea di mettere in Costituzione il diritto d\u2019aborto, e negli Stati Uniti un gran numero di parlamentari Repubblicani ha votato a favore della legge federale per il matrimonio paritario.<\/p>\n<p>In breve, le vicende sopra ricordate sono segnali che confermano come anche in Italia il<br \/>\ncambiamento etico-culturale sulle questioni circa il fine-vita, famiglia e altre tematiche di bioetica si stia estendendo al mondo conservatore, che comincia a mostrare crepe: la goccia della modernit\u00e0 viene a incrinare la roccia della tradizione.<\/p>\n<p><strong>Davide Mazzon &#8211; Sezione Belluno Consulta di Bioetica Onlus<\/strong><br \/>\n<strong>Giuliana Pitacco &#8211; Sezione FVG Consulta di Bioetica Onlus<\/strong><br \/>\n<strong>Maurizio Mori &#8211; Presidente Consulta di Bioetica Onlus<\/strong><\/p>","protected":false},"excerpt":{"rendered":"<p>La meritoria azione dell\u2019Associazione Luca Coscioni di raccolta firme per richiedere leggi regionali che regolino con precisione l\u2019accesso alla nuova pratica sociale della morte volontaria, nella forma del suicidio medicalmente assistito ammessa dalla Corte costituzionale nella Sentenza n. 242\/19, ha avuto un grande successo nel Nord-Est del paese, dove in poche settimane l\u2019iniziativa ha raggiunto [&hellip;]<\/p>\n","protected":false},"author":2,"featured_media":108197,"comment_status":"closed","ping_status":"open","sticky":false,"template":"","format":"standard","meta":{"footnotes":""},"categories":[5,3446,26],"tags":[],"class_list":["post-145379","post","type-post","status-publish","format-standard","has-post-thumbnail","category-cronaca","category-featured","category-prima-pagina"],"yoast_head":"<!-- This site is optimized with the Yoast SEO plugin v28.4 - https:\/\/yoast.com\/product\/yoast-seo-wordpress\/ -->\n<title>Fine vita. Toccher\u00e0 al centrodestra aprire alle richieste dei cittadini? - Bellunopress - Dolomiti<\/title>\n<meta name=\"robots\" content=\"index, follow, max-snippet:-1, max-image-preview:large, max-video-preview:-1\" \/>\n<link rel=\"canonical\" href=\"https:\/\/www.bellunopress.it\/fr\/2023\/10\/27\/fine-vita-tocchera-al-centrodestra-aprire-alle-richieste-dei-cittadini\/\" \/>\n<meta property=\"og:locale\" content=\"fr_FR\" \/>\n<meta property=\"og:type\" content=\"article\" \/>\n<meta property=\"og:title\" content=\"Fine vita. Toccher\u00e0 al centrodestra aprire alle richieste dei cittadini? - Bellunopress - Dolomiti\" \/>\n<meta property=\"og:description\" content=\"La meritoria azione dell\u2019Associazione Luca Coscioni di raccolta firme per richiedere leggi regionali che regolino con precisione l\u2019accesso alla nuova pratica sociale della morte volontaria, nella forma del suicidio medicalmente assistito ammessa dalla Corte costituzionale nella Sentenza n. 242\/19, ha avuto un grande successo nel Nord-Est del paese, dove in poche settimane l\u2019iniziativa ha raggiunto [&hellip;]\" \/>\n<meta property=\"og:url\" content=\"https:\/\/www.bellunopress.it\/fr\/2023\/10\/27\/fine-vita-tocchera-al-centrodestra-aprire-alle-richieste-dei-cittadini\/\" \/>\n<meta property=\"og:site_name\" content=\"Bellunopress - Dolomiti\" \/>\n<meta property=\"article:publisher\" content=\"https:\/\/www.facebook.com\/profile.php?id=100008943462799\" \/>\n<meta property=\"article:published_time\" content=\"2023-10-27T04:56:33+00:00\" \/>\n<meta property=\"og:image\" content=\"https:\/\/www.bellunopress.it\/wp-content\/uploads\/2019\/09\/consulta-bioetica-onlus.jpg\" \/>\n\t<meta property=\"og:image:width\" content=\"275\" \/>\n\t<meta property=\"og:image:height\" content=\"183\" \/>\n\t<meta property=\"og:image:type\" content=\"image\/jpeg\" \/>\n<meta name=\"author\" content=\"redazione\" \/>\n<meta name=\"twitter:card\" content=\"summary_large_image\" \/>\n<meta name=\"twitter:creator\" content=\"@bellunopress\" \/>\n<meta name=\"twitter:site\" content=\"@bellunopress\" \/>\n<meta name=\"twitter:label1\" content=\"\u00c9crit par\" \/>\n\t<meta name=\"twitter:data1\" content=\"redazione\" \/>\n\t<meta name=\"twitter:label2\" content=\"Dur\u00e9e de lecture estim\u00e9e\" \/>\n\t<meta name=\"twitter:data2\" content=\"4 minutes\" \/>\n<script type=\"application\/ld+json\" class=\"yoast-schema-graph\">{\"@context\":\"https:\\\/\\\/schema.org\",\"@graph\":[{\"@type\":\"Article\",\"@id\":\"https:\\\/\\\/www.bellunopress.it\\\/2023\\\/10\\\/27\\\/fine-vita-tocchera-al-centrodestra-aprire-alle-richieste-dei-cittadini\\\/#article\",\"isPartOf\":{\"@id\":\"https:\\\/\\\/www.bellunopress.it\\\/2023\\\/10\\\/27\\\/fine-vita-tocchera-al-centrodestra-aprire-alle-richieste-dei-cittadini\\\/\"},\"author\":{\"name\":\"redazione\",\"@id\":\"https:\\\/\\\/www.bellunopress.it\\\/#\\\/schema\\\/person\\\/79bb06722b37ece1c03d3e94beb30d73\"},\"headline\":\"Fine vita. Toccher\u00e0 al centrodestra aprire alle richieste dei cittadini?\",\"datePublished\":\"2023-10-27T04:56:33+00:00\",\"mainEntityOfPage\":{\"@id\":\"https:\\\/\\\/www.bellunopress.it\\\/2023\\\/10\\\/27\\\/fine-vita-tocchera-al-centrodestra-aprire-alle-richieste-dei-cittadini\\\/\"},\"wordCount\":766,\"publisher\":{\"@id\":\"https:\\\/\\\/www.bellunopress.it\\\/#organization\"},\"image\":{\"@id\":\"https:\\\/\\\/www.bellunopress.it\\\/2023\\\/10\\\/27\\\/fine-vita-tocchera-al-centrodestra-aprire-alle-richieste-dei-cittadini\\\/#primaryimage\"},\"thumbnailUrl\":\"https:\\\/\\\/www.bellunopress.it\\\/wp-content\\\/uploads\\\/2019\\\/09\\\/consulta-bioetica-onlus.jpg\",\"articleSection\":[\"Cronaca\\\/Politica\",\"Featured\",\"Prima Pagina\"],\"inLanguage\":\"fr-FR\"},{\"@type\":\"WebPage\",\"@id\":\"https:\\\/\\\/www.bellunopress.it\\\/2023\\\/10\\\/27\\\/fine-vita-tocchera-al-centrodestra-aprire-alle-richieste-dei-cittadini\\\/\",\"url\":\"https:\\\/\\\/www.bellunopress.it\\\/2023\\\/10\\\/27\\\/fine-vita-tocchera-al-centrodestra-aprire-alle-richieste-dei-cittadini\\\/\",\"name\":\"Fine vita. Toccher\u00e0 al centrodestra aprire alle richieste dei cittadini? - Bellunopress - Dolomiti\",\"isPartOf\":{\"@id\":\"https:\\\/\\\/www.bellunopress.it\\\/#website\"},\"primaryImageOfPage\":{\"@id\":\"https:\\\/\\\/www.bellunopress.it\\\/2023\\\/10\\\/27\\\/fine-vita-tocchera-al-centrodestra-aprire-alle-richieste-dei-cittadini\\\/#primaryimage\"},\"image\":{\"@id\":\"https:\\\/\\\/www.bellunopress.it\\\/2023\\\/10\\\/27\\\/fine-vita-tocchera-al-centrodestra-aprire-alle-richieste-dei-cittadini\\\/#primaryimage\"},\"thumbnailUrl\":\"https:\\\/\\\/www.bellunopress.it\\\/wp-content\\\/uploads\\\/2019\\\/09\\\/consulta-bioetica-onlus.jpg\",\"datePublished\":\"2023-10-27T04:56:33+00:00\",\"breadcrumb\":{\"@id\":\"https:\\\/\\\/www.bellunopress.it\\\/2023\\\/10\\\/27\\\/fine-vita-tocchera-al-centrodestra-aprire-alle-richieste-dei-cittadini\\\/#breadcrumb\"},\"inLanguage\":\"fr-FR\",\"potentialAction\":[{\"@type\":\"ReadAction\",\"target\":[\"https:\\\/\\\/www.bellunopress.it\\\/2023\\\/10\\\/27\\\/fine-vita-tocchera-al-centrodestra-aprire-alle-richieste-dei-cittadini\\\/\"]}]},{\"@type\":\"ImageObject\",\"inLanguage\":\"fr-FR\",\"@id\":\"https:\\\/\\\/www.bellunopress.it\\\/2023\\\/10\\\/27\\\/fine-vita-tocchera-al-centrodestra-aprire-alle-richieste-dei-cittadini\\\/#primaryimage\",\"url\":\"https:\\\/\\\/www.bellunopress.it\\\/wp-content\\\/uploads\\\/2019\\\/09\\\/consulta-bioetica-onlus.jpg\",\"contentUrl\":\"https:\\\/\\\/www.bellunopress.it\\\/wp-content\\\/uploads\\\/2019\\\/09\\\/consulta-bioetica-onlus.jpg\",\"width\":275,\"height\":183},{\"@type\":\"BreadcrumbList\",\"@id\":\"https:\\\/\\\/www.bellunopress.it\\\/2023\\\/10\\\/27\\\/fine-vita-tocchera-al-centrodestra-aprire-alle-richieste-dei-cittadini\\\/#breadcrumb\",\"itemListElement\":[{\"@type\":\"ListItem\",\"position\":1,\"name\":\"Home\",\"item\":\"https:\\\/\\\/www.bellunopress.it\\\/\"},{\"@type\":\"ListItem\",\"position\":2,\"name\":\"Fine vita. Toccher\u00e0 al centrodestra aprire alle richieste dei cittadini?\"}]},{\"@type\":\"WebSite\",\"@id\":\"https:\\\/\\\/www.bellunopress.it\\\/#website\",\"url\":\"https:\\\/\\\/www.bellunopress.it\\\/\",\"name\":\"Bellunopress - Dolomiti\",\"description\":\"e-mail: redazione@bellunopress.it\",\"publisher\":{\"@id\":\"https:\\\/\\\/www.bellunopress.it\\\/#organization\"},\"potentialAction\":[{\"@type\":\"SearchAction\",\"target\":{\"@type\":\"EntryPoint\",\"urlTemplate\":\"https:\\\/\\\/www.bellunopress.it\\\/?s={search_term_string}\"},\"query-input\":{\"@type\":\"PropertyValueSpecification\",\"valueRequired\":true,\"valueName\":\"search_term_string\"}}],\"inLanguage\":\"fr-FR\"},{\"@type\":\"Organization\",\"@id\":\"https:\\\/\\\/www.bellunopress.it\\\/#organization\",\"name\":\"Bellunopress\",\"url\":\"https:\\\/\\\/www.bellunopress.it\\\/\",\"logo\":{\"@type\":\"ImageObject\",\"inLanguage\":\"fr-FR\",\"@id\":\"https:\\\/\\\/www.bellunopress.it\\\/#\\\/schema\\\/logo\\\/image\\\/\",\"url\":\"https:\\\/\\\/www.bellunopress.it\\\/wp-content\\\/uploads\\\/2011\\\/05\\\/cropped-logo-bellunopress-.jpg\",\"contentUrl\":\"https:\\\/\\\/www.bellunopress.it\\\/wp-content\\\/uploads\\\/2011\\\/05\\\/cropped-logo-bellunopress-.jpg\",\"width\":512,\"height\":512,\"caption\":\"Bellunopress\"},\"image\":{\"@id\":\"https:\\\/\\\/www.bellunopress.it\\\/#\\\/schema\\\/logo\\\/image\\\/\"},\"sameAs\":[\"https:\\\/\\\/www.facebook.com\\\/profile.php?id=100008943462799\",\"https:\\\/\\\/x.com\\\/bellunopress\",\"https:\\\/\\\/www.linkedin.com\\\/hp\\\/?dnr=JBzUWaJfMUw8vbXJJ2tVW5-I3jZKvC4wsoxE&amp;amp;amp;amp;amp;amp;trk=nav_responsive_tab_home\",\"https:\\\/\\\/www.youtube.com\\\/channel\\\/UCxL0wu1uN0_3_7hGG0306cw\"]},{\"@type\":\"Person\",\"@id\":\"https:\\\/\\\/www.bellunopress.it\\\/#\\\/schema\\\/person\\\/79bb06722b37ece1c03d3e94beb30d73\",\"name\":\"redazione\",\"image\":{\"@type\":\"ImageObject\",\"inLanguage\":\"fr-FR\",\"@id\":\"https:\\\/\\\/secure.gravatar.com\\\/avatar\\\/37d968a2e67a6fd04c169c4bdef102d0bc5d31b2546345219e348575eb80e9a0?s=96&d=mm&r=g\",\"url\":\"https:\\\/\\\/secure.gravatar.com\\\/avatar\\\/37d968a2e67a6fd04c169c4bdef102d0bc5d31b2546345219e348575eb80e9a0?s=96&d=mm&r=g\",\"contentUrl\":\"https:\\\/\\\/secure.gravatar.com\\\/avatar\\\/37d968a2e67a6fd04c169c4bdef102d0bc5d31b2546345219e348575eb80e9a0?s=96&d=mm&r=g\",\"caption\":\"redazione\"},\"sameAs\":[\"http:\\\/\\\/www.bellunopress.it\",\"https:\\\/\\\/x.com\\\/bellunopress\"],\"url\":\"https:\\\/\\\/www.bellunopress.it\\\/fr\\\/author\\\/redazione\\\/\"}]}<\/script>\n<!-- \/ Yoast SEO plugin. -->","yoast_head_json":{"title":"Fine vita. Toccher\u00e0 al centrodestra aprire alle richieste dei cittadini? - Bellunopress - Dolomiti","robots":{"index":"index","follow":"follow","max-snippet":"max-snippet:-1","max-image-preview":"max-image-preview:large","max-video-preview":"max-video-preview:-1"},"canonical":"https:\/\/www.bellunopress.it\/fr\/2023\/10\/27\/fine-vita-tocchera-al-centrodestra-aprire-alle-richieste-dei-cittadini\/","og_locale":"fr_FR","og_type":"article","og_title":"Fine vita. Toccher\u00e0 al centrodestra aprire alle richieste dei cittadini? - Bellunopress - Dolomiti","og_description":"La meritoria azione dell\u2019Associazione Luca Coscioni di raccolta firme per richiedere leggi regionali che regolino con precisione l\u2019accesso alla nuova pratica sociale della morte volontaria, nella forma del suicidio medicalmente assistito ammessa dalla Corte costituzionale nella Sentenza n. 242\/19, ha avuto un grande successo nel Nord-Est del paese, dove in poche settimane l\u2019iniziativa ha raggiunto [&hellip;]","og_url":"https:\/\/www.bellunopress.it\/fr\/2023\/10\/27\/fine-vita-tocchera-al-centrodestra-aprire-alle-richieste-dei-cittadini\/","og_site_name":"Bellunopress - Dolomiti","article_publisher":"https:\/\/www.facebook.com\/profile.php?id=100008943462799","article_published_time":"2023-10-27T04:56:33+00:00","og_image":[{"width":275,"height":183,"url":"https:\/\/www.bellunopress.it\/wp-content\/uploads\/2019\/09\/consulta-bioetica-onlus.jpg","type":"image\/jpeg"}],"author":"redazione","twitter_card":"summary_large_image","twitter_creator":"@bellunopress","twitter_site":"@bellunopress","twitter_misc":{"\u00c9crit par":"redazione","Dur\u00e9e de lecture estim\u00e9e":"4 minutes"},"schema":{"@context":"https:\/\/schema.org","@graph":[{"@type":"Article","@id":"https:\/\/www.bellunopress.it\/2023\/10\/27\/fine-vita-tocchera-al-centrodestra-aprire-alle-richieste-dei-cittadini\/#article","isPartOf":{"@id":"https:\/\/www.bellunopress.it\/2023\/10\/27\/fine-vita-tocchera-al-centrodestra-aprire-alle-richieste-dei-cittadini\/"},"author":{"name":"redazione","@id":"https:\/\/www.bellunopress.it\/#\/schema\/person\/79bb06722b37ece1c03d3e94beb30d73"},"headline":"Fine vita. Toccher\u00e0 al centrodestra aprire alle richieste dei cittadini?","datePublished":"2023-10-27T04:56:33+00:00","mainEntityOfPage":{"@id":"https:\/\/www.bellunopress.it\/2023\/10\/27\/fine-vita-tocchera-al-centrodestra-aprire-alle-richieste-dei-cittadini\/"},"wordCount":766,"publisher":{"@id":"https:\/\/www.bellunopress.it\/#organization"},"image":{"@id":"https:\/\/www.bellunopress.it\/2023\/10\/27\/fine-vita-tocchera-al-centrodestra-aprire-alle-richieste-dei-cittadini\/#primaryimage"},"thumbnailUrl":"https:\/\/www.bellunopress.it\/wp-content\/uploads\/2019\/09\/consulta-bioetica-onlus.jpg","articleSection":["Cronaca\/Politica","Featured","Prima Pagina"],"inLanguage":"fr-FR"},{"@type":"WebPage","@id":"https:\/\/www.bellunopress.it\/2023\/10\/27\/fine-vita-tocchera-al-centrodestra-aprire-alle-richieste-dei-cittadini\/","url":"https:\/\/www.bellunopress.it\/2023\/10\/27\/fine-vita-tocchera-al-centrodestra-aprire-alle-richieste-dei-cittadini\/","name":"Fine vita. Toccher\u00e0 al centrodestra aprire alle richieste dei cittadini? - Bellunopress - Dolomiti","isPartOf":{"@id":"https:\/\/www.bellunopress.it\/#website"},"primaryImageOfPage":{"@id":"https:\/\/www.bellunopress.it\/2023\/10\/27\/fine-vita-tocchera-al-centrodestra-aprire-alle-richieste-dei-cittadini\/#primaryimage"},"image":{"@id":"https:\/\/www.bellunopress.it\/2023\/10\/27\/fine-vita-tocchera-al-centrodestra-aprire-alle-richieste-dei-cittadini\/#primaryimage"},"thumbnailUrl":"https:\/\/www.bellunopress.it\/wp-content\/uploads\/2019\/09\/consulta-bioetica-onlus.jpg","datePublished":"2023-10-27T04:56:33+00:00","breadcrumb":{"@id":"https:\/\/www.bellunopress.it\/2023\/10\/27\/fine-vita-tocchera-al-centrodestra-aprire-alle-richieste-dei-cittadini\/#breadcrumb"},"inLanguage":"fr-FR","potentialAction":[{"@type":"ReadAction","target":["https:\/\/www.bellunopress.it\/2023\/10\/27\/fine-vita-tocchera-al-centrodestra-aprire-alle-richieste-dei-cittadini\/"]}]},{"@type":"ImageObject","inLanguage":"fr-FR","@id":"https:\/\/www.bellunopress.it\/2023\/10\/27\/fine-vita-tocchera-al-centrodestra-aprire-alle-richieste-dei-cittadini\/#primaryimage","url":"https:\/\/www.bellunopress.it\/wp-content\/uploads\/2019\/09\/consulta-bioetica-onlus.jpg","contentUrl":"https:\/\/www.bellunopress.it\/wp-content\/uploads\/2019\/09\/consulta-bioetica-onlus.jpg","width":275,"height":183},{"@type":"BreadcrumbList","@id":"https:\/\/www.bellunopress.it\/2023\/10\/27\/fine-vita-tocchera-al-centrodestra-aprire-alle-richieste-dei-cittadini\/#breadcrumb","itemListElement":[{"@type":"ListItem","position":1,"name":"Home","item":"https:\/\/www.bellunopress.it\/"},{"@type":"ListItem","position":2,"name":"Fine vita. Toccher\u00e0 al centrodestra aprire alle richieste dei cittadini?"}]},{"@type":"WebSite","@id":"https:\/\/www.bellunopress.it\/#website","url":"https:\/\/www.bellunopress.it\/","name":"Bellunopress - Dolomiti","description":"e-mail: redazione@bellunopress.it","publisher":{"@id":"https:\/\/www.bellunopress.it\/#organization"},"potentialAction":[{"@type":"SearchAction","target":{"@type":"EntryPoint","urlTemplate":"https:\/\/www.bellunopress.it\/?s={search_term_string}"},"query-input":{"@type":"PropertyValueSpecification","valueRequired":true,"valueName":"search_term_string"}}],"inLanguage":"fr-FR"},{"@type":"Organization","@id":"https:\/\/www.bellunopress.it\/#organization","name":"Bellunopress","url":"https:\/\/www.bellunopress.it\/","logo":{"@type":"ImageObject","inLanguage":"fr-FR","@id":"https:\/\/www.bellunopress.it\/#\/schema\/logo\/image\/","url":"https:\/\/www.bellunopress.it\/wp-content\/uploads\/2011\/05\/cropped-logo-bellunopress-.jpg","contentUrl":"https:\/\/www.bellunopress.it\/wp-content\/uploads\/2011\/05\/cropped-logo-bellunopress-.jpg","width":512,"height":512,"caption":"Bellunopress"},"image":{"@id":"https:\/\/www.bellunopress.it\/#\/schema\/logo\/image\/"},"sameAs":["https:\/\/www.facebook.com\/profile.php?id=100008943462799","https:\/\/x.com\/bellunopress","https:\/\/www.linkedin.com\/hp\/?dnr=JBzUWaJfMUw8vbXJJ2tVW5-I3jZKvC4wsoxE&amp;amp;amp;amp;amp;amp;trk=nav_responsive_tab_home","https:\/\/www.youtube.com\/channel\/UCxL0wu1uN0_3_7hGG0306cw"]},{"@type":"Person","@id":"https:\/\/www.bellunopress.it\/#\/schema\/person\/79bb06722b37ece1c03d3e94beb30d73","name":"r\u00e9daction","image":{"@type":"ImageObject","inLanguage":"fr-FR","@id":"https:\/\/secure.gravatar.com\/avatar\/37d968a2e67a6fd04c169c4bdef102d0bc5d31b2546345219e348575eb80e9a0?s=96&d=mm&r=g","url":"https:\/\/secure.gravatar.com\/avatar\/37d968a2e67a6fd04c169c4bdef102d0bc5d31b2546345219e348575eb80e9a0?s=96&d=mm&r=g","contentUrl":"https:\/\/secure.gravatar.com\/avatar\/37d968a2e67a6fd04c169c4bdef102d0bc5d31b2546345219e348575eb80e9a0?s=96&d=mm&r=g","caption":"redazione"},"sameAs":["http:\/\/www.bellunopress.it","https:\/\/x.com\/bellunopress"],"url":"https:\/\/www.bellunopress.it\/fr\/author\/redazione\/"}]}},"_links":{"self":[{"href":"https:\/\/www.bellunopress.it\/fr\/wp-json\/wp\/v2\/posts\/145379","targetHints":{"allow":["GET"]}}],"collection":[{"href":"https:\/\/www.bellunopress.it\/fr\/wp-json\/wp\/v2\/posts"}],"about":[{"href":"https:\/\/www.bellunopress.it\/fr\/wp-json\/wp\/v2\/types\/post"}],"author":[{"embeddable":true,"href":"https:\/\/www.bellunopress.it\/fr\/wp-json\/wp\/v2\/users\/2"}],"replies":[{"embeddable":true,"href":"https:\/\/www.bellunopress.it\/fr\/wp-json\/wp\/v2\/comments?post=145379"}],"version-history":[{"count":1,"href":"https:\/\/www.bellunopress.it\/fr\/wp-json\/wp\/v2\/posts\/145379\/revisions"}],"predecessor-version":[{"id":145380,"href":"https:\/\/www.bellunopress.it\/fr\/wp-json\/wp\/v2\/posts\/145379\/revisions\/145380"}],"wp:featuredmedia":[{"embeddable":true,"href":"https:\/\/www.bellunopress.it\/fr\/wp-json\/wp\/v2\/media\/108197"}],"wp:attachment":[{"href":"https:\/\/www.bellunopress.it\/fr\/wp-json\/wp\/v2\/media?parent=145379"}],"wp:term":[{"taxonomy":"category","embeddable":true,"href":"https:\/\/www.bellunopress.it\/fr\/wp-json\/wp\/v2\/categories?post=145379"},{"taxonomy":"post_tag","embeddable":true,"href":"https:\/\/www.bellunopress.it\/fr\/wp-json\/wp\/v2\/tags?post=145379"}],"curies":[{"name":"wp","href":"https:\/\/api.w.org\/{rel}","templated":true}]}}