{"id":145366,"date":"2023-10-26T14:21:08","date_gmt":"2023-10-26T12:21:08","guid":{"rendered":"https:\/\/www.bellunopress.it\/?p=145366"},"modified":"2023-10-26T14:21:08","modified_gmt":"2023-10-26T12:21:08","slug":"fusioni-comuni-quero-vas-alano-di-piave-domenica-e-lunedi-al-voto-con-il-quorum-del-30","status":"publish","type":"post","link":"https:\/\/www.bellunopress.it\/fr\/2023\/10\/26\/fusioni-comuni-quero-vas-alano-di-piave-domenica-e-lunedi-al-voto-con-il-quorum-del-30\/","title":{"rendered":"Fusioni Comuni, Quero Vas-Alano di Piave. Domenica e luned\u00ec al voto con il quorum del 30%"},"content":{"rendered":"<figure id=\"attachment_145367\" aria-describedby=\"caption-attachment-145367\" style=\"width: 848px\" class=\"wp-caption alignleft\"><img loading=\"lazy\" decoding=\"async\" class=\"size-full wp-image-145367\" src=\"https:\/\/www.bellunopress.it\/wp-content\/uploads\/2023\/10\/Francesco-Calzavara-assessore-regionale_edited.jpg\" alt=\"\" width=\"848\" height=\"924\" srcset=\"https:\/\/www.bellunopress.it\/wp-content\/uploads\/2023\/10\/Francesco-Calzavara-assessore-regionale_edited.jpg 848w, https:\/\/www.bellunopress.it\/wp-content\/uploads\/2023\/10\/Francesco-Calzavara-assessore-regionale_edited-459x500.jpg 459w, https:\/\/www.bellunopress.it\/wp-content\/uploads\/2023\/10\/Francesco-Calzavara-assessore-regionale_edited-696x758.jpg 696w\" sizes=\"auto, (max-width: 848px) 100vw, 848px\" \/><figcaption id=\"caption-attachment-145367\" class=\"wp-caption-text\">Francesco Calzavara &#8211; assessore al Bilancio e agli Enti locali del Veneto<\/figcaption><\/figure>\n<p>Venezia, 26 ottobre 2023\u00a0Domenica 29 ottobre dalle ore 7 alle 23 e luned\u00ec 30 ottobre 2023 dalle ore 7 alle 15 si celebrer\u00e0 il referendum regionale consultivo per la fusione dei comuni di Polesella-Guarda Veneta; Gambugliano-Sovizzo; Quero Vas-Alano di Piave; Carceri-Vighizzolo d\u2019Este. Sono chiamati al voto circa 20mila elettori.<\/p>\n<p>\u201cGrazie alla legge regionale sull&#8217;associazionismo intercomunale e le fusioni di comuni, approvata ad agosto, questo weekend si svolger\u00e0 in Veneto una sorta di \u2018fusion day\u2019 con ben quattro referendum consultivi su processi di fusione, in cui otto amministrazioni locali si confronteranno con i propri cittadini applicando il nuovo quorum di partecipazione \u2013 spiega Francesco Calzavara, assessore al Bilancio e agli Enti locali del Veneto -. Quorum che passa dal 50 per cento al 30 degli aventi diritto al voto, con ulteriore ribasso al 25 per cento laddove vi sia una alta percentuale di iscritti all\u2019AIRE, potremo avviare una nuova stagione legate ai processi di fusione, che si lega strettamente a quella razionalizzazione della governance capace di sostenere una visione nuova, aggiornata e ancora pi\u00f9 efficiente del territorio regionale\u201d.<\/p>\n<p>Dal 1994 i comuni interessati da fusione sono stati 33 con l\u2019istituzione di 14 nuovi comuni. La fusione di piccoli comuni per creare un comune pi\u00f9 grande porta diversi vantaggi, servizi migliori e pi\u00f9 efficienti per tutti i residenti ed effetti positivi a lungo termine su infrastrutture, economia locale e benessere delle comunit\u00e0. Inoltre, sono previsti incentivi statali e regionali per la fusione.<\/p>\n<p>\u201cIl referendum \u00e8 il pi\u00f9 importante istituto di democrazia diretta e abbassare il quorum non va ad intaccare questo diritto, ma intende combattere un fisiologico astensionismo \u2013 precisa Calzavara &#8211; generando un aumento dell\u2019affluenza, per far s\u00ec che favorevoli e contrari si presentino alle urne\u201d.<\/p>\n<p>Il Veneto con i suoi 563 comuni \u00e8 la terza regione per numero di comuni, di cui 181 con meno di 3mila abitanti e in uno scenario decennale, circa 130 Comuni veneti sotto i 10mila abitanti avranno serie difficolt\u00e0 ad erogare servizi efficienti sul proprio territorio.<\/p>","protected":false},"excerpt":{"rendered":"<p>Venezia, 26 ottobre 2023\u00a0Domenica 29 ottobre dalle ore 7 alle 23 e luned\u00ec 30 ottobre 2023 dalle ore 7 alle 15 si celebrer\u00e0 il referendum regionale consultivo per la fusione dei comuni di Polesella-Guarda Veneta; Gambugliano-Sovizzo; Quero Vas-Alano di Piave; Carceri-Vighizzolo d\u2019Este. Sono chiamati al voto circa 20mila elettori. \u201cGrazie alla legge regionale sull&#8217;associazionismo intercomunale [&hellip;]<\/p>\n","protected":false},"author":2,"featured_media":145367,"comment_status":"closed","ping_status":"open","sticky":false,"template":"","format":"standard","meta":{"footnotes":""},"categories":[5,26],"tags":[],"class_list":["post-145366","post","type-post","status-publish","format-standard","has-post-thumbnail","category-cronaca","category-prima-pagina"],"yoast_head":"<!-- This site is optimized with the Yoast SEO plugin v28.4 - https:\/\/yoast.com\/product\/yoast-seo-wordpress\/ -->\n<title>Fusioni Comuni, Quero Vas-Alano di Piave. Domenica e luned\u00ec al voto con il quorum del 30% - Bellunopress - Dolomiti<\/title>\n<meta name=\"robots\" content=\"index, follow, max-snippet:-1, max-image-preview:large, max-video-preview:-1\" \/>\n<link rel=\"canonical\" href=\"https:\/\/www.bellunopress.it\/fr\/2023\/10\/26\/fusioni-comuni-quero-vas-alano-di-piave-domenica-e-lunedi-al-voto-con-il-quorum-del-30\/\" \/>\n<meta property=\"og:locale\" content=\"fr_FR\" \/>\n<meta property=\"og:type\" content=\"article\" \/>\n<meta property=\"og:title\" content=\"Fusioni Comuni, Quero Vas-Alano di Piave. Domenica e luned\u00ec al voto con il quorum del 30% - Bellunopress - Dolomiti\" \/>\n<meta property=\"og:description\" content=\"Venezia, 26 ottobre 2023\u00a0Domenica 29 ottobre dalle ore 7 alle 23 e luned\u00ec 30 ottobre 2023 dalle ore 7 alle 15 si celebrer\u00e0 il referendum regionale consultivo per la fusione dei comuni di Polesella-Guarda Veneta; Gambugliano-Sovizzo; Quero Vas-Alano di Piave; Carceri-Vighizzolo d\u2019Este. Sono chiamati al voto circa 20mila elettori. \u201cGrazie alla legge regionale sull&#8217;associazionismo intercomunale [&hellip;]\" \/>\n<meta property=\"og:url\" content=\"https:\/\/www.bellunopress.it\/fr\/2023\/10\/26\/fusioni-comuni-quero-vas-alano-di-piave-domenica-e-lunedi-al-voto-con-il-quorum-del-30\/\" \/>\n<meta property=\"og:site_name\" content=\"Bellunopress - Dolomiti\" \/>\n<meta property=\"article:publisher\" content=\"https:\/\/www.facebook.com\/profile.php?id=100008943462799\" \/>\n<meta property=\"article:published_time\" content=\"2023-10-26T12:21:08+00:00\" \/>\n<meta property=\"og:image\" content=\"https:\/\/www.bellunopress.it\/wp-content\/uploads\/2023\/10\/Francesco-Calzavara-assessore-regionale_edited.jpg\" \/>\n\t<meta property=\"og:image:width\" content=\"848\" \/>\n\t<meta property=\"og:image:height\" content=\"924\" \/>\n\t<meta property=\"og:image:type\" content=\"image\/jpeg\" \/>\n<meta name=\"author\" content=\"redazione\" \/>\n<meta name=\"twitter:card\" content=\"summary_large_image\" \/>\n<meta name=\"twitter:creator\" content=\"@bellunopress\" \/>\n<meta name=\"twitter:site\" content=\"@bellunopress\" \/>\n<meta name=\"twitter:label1\" content=\"\u00c9crit par\" \/>\n\t<meta name=\"twitter:data1\" content=\"redazione\" \/>\n\t<meta name=\"twitter:label2\" content=\"Dur\u00e9e de lecture estim\u00e9e\" \/>\n\t<meta name=\"twitter:data2\" content=\"2 minutes\" \/>\n<script type=\"application\/ld+json\" class=\"yoast-schema-graph\">{\"@context\":\"https:\\\/\\\/schema.org\",\"@graph\":[{\"@type\":\"Article\",\"@id\":\"https:\\\/\\\/www.bellunopress.it\\\/2023\\\/10\\\/26\\\/fusioni-comuni-quero-vas-alano-di-piave-domenica-e-lunedi-al-voto-con-il-quorum-del-30\\\/#article\",\"isPartOf\":{\"@id\":\"https:\\\/\\\/www.bellunopress.it\\\/2023\\\/10\\\/26\\\/fusioni-comuni-quero-vas-alano-di-piave-domenica-e-lunedi-al-voto-con-il-quorum-del-30\\\/\"},\"author\":{\"name\":\"redazione\",\"@id\":\"https:\\\/\\\/www.bellunopress.it\\\/#\\\/schema\\\/person\\\/79bb06722b37ece1c03d3e94beb30d73\"},\"headline\":\"Fusioni Comuni, Quero Vas-Alano di Piave. Domenica e luned\u00ec al voto con il quorum del 30%\",\"datePublished\":\"2023-10-26T12:21:08+00:00\",\"mainEntityOfPage\":{\"@id\":\"https:\\\/\\\/www.bellunopress.it\\\/2023\\\/10\\\/26\\\/fusioni-comuni-quero-vas-alano-di-piave-domenica-e-lunedi-al-voto-con-il-quorum-del-30\\\/\"},\"wordCount\":349,\"publisher\":{\"@id\":\"https:\\\/\\\/www.bellunopress.it\\\/#organization\"},\"image\":{\"@id\":\"https:\\\/\\\/www.bellunopress.it\\\/2023\\\/10\\\/26\\\/fusioni-comuni-quero-vas-alano-di-piave-domenica-e-lunedi-al-voto-con-il-quorum-del-30\\\/#primaryimage\"},\"thumbnailUrl\":\"https:\\\/\\\/www.bellunopress.it\\\/wp-content\\\/uploads\\\/2023\\\/10\\\/Francesco-Calzavara-assessore-regionale_edited.jpg\",\"articleSection\":[\"Cronaca\\\/Politica\",\"Prima Pagina\"],\"inLanguage\":\"fr-FR\"},{\"@type\":\"WebPage\",\"@id\":\"https:\\\/\\\/www.bellunopress.it\\\/2023\\\/10\\\/26\\\/fusioni-comuni-quero-vas-alano-di-piave-domenica-e-lunedi-al-voto-con-il-quorum-del-30\\\/\",\"url\":\"https:\\\/\\\/www.bellunopress.it\\\/2023\\\/10\\\/26\\\/fusioni-comuni-quero-vas-alano-di-piave-domenica-e-lunedi-al-voto-con-il-quorum-del-30\\\/\",\"name\":\"Fusioni Comuni, Quero Vas-Alano di Piave. Domenica e luned\u00ec al voto con il quorum del 30% - Bellunopress - Dolomiti\",\"isPartOf\":{\"@id\":\"https:\\\/\\\/www.bellunopress.it\\\/#website\"},\"primaryImageOfPage\":{\"@id\":\"https:\\\/\\\/www.bellunopress.it\\\/2023\\\/10\\\/26\\\/fusioni-comuni-quero-vas-alano-di-piave-domenica-e-lunedi-al-voto-con-il-quorum-del-30\\\/#primaryimage\"},\"image\":{\"@id\":\"https:\\\/\\\/www.bellunopress.it\\\/2023\\\/10\\\/26\\\/fusioni-comuni-quero-vas-alano-di-piave-domenica-e-lunedi-al-voto-con-il-quorum-del-30\\\/#primaryimage\"},\"thumbnailUrl\":\"https:\\\/\\\/www.bellunopress.it\\\/wp-content\\\/uploads\\\/2023\\\/10\\\/Francesco-Calzavara-assessore-regionale_edited.jpg\",\"datePublished\":\"2023-10-26T12:21:08+00:00\",\"breadcrumb\":{\"@id\":\"https:\\\/\\\/www.bellunopress.it\\\/2023\\\/10\\\/26\\\/fusioni-comuni-quero-vas-alano-di-piave-domenica-e-lunedi-al-voto-con-il-quorum-del-30\\\/#breadcrumb\"},\"inLanguage\":\"fr-FR\",\"potentialAction\":[{\"@type\":\"ReadAction\",\"target\":[\"https:\\\/\\\/www.bellunopress.it\\\/2023\\\/10\\\/26\\\/fusioni-comuni-quero-vas-alano-di-piave-domenica-e-lunedi-al-voto-con-il-quorum-del-30\\\/\"]}]},{\"@type\":\"ImageObject\",\"inLanguage\":\"fr-FR\",\"@id\":\"https:\\\/\\\/www.bellunopress.it\\\/2023\\\/10\\\/26\\\/fusioni-comuni-quero-vas-alano-di-piave-domenica-e-lunedi-al-voto-con-il-quorum-del-30\\\/#primaryimage\",\"url\":\"https:\\\/\\\/www.bellunopress.it\\\/wp-content\\\/uploads\\\/2023\\\/10\\\/Francesco-Calzavara-assessore-regionale_edited.jpg\",\"contentUrl\":\"https:\\\/\\\/www.bellunopress.it\\\/wp-content\\\/uploads\\\/2023\\\/10\\\/Francesco-Calzavara-assessore-regionale_edited.jpg\",\"width\":848,\"height\":924,\"caption\":\"Francesco Calzavara -assessore al Bilancio e agli Enti locali del Veneto\"},{\"@type\":\"BreadcrumbList\",\"@id\":\"https:\\\/\\\/www.bellunopress.it\\\/2023\\\/10\\\/26\\\/fusioni-comuni-quero-vas-alano-di-piave-domenica-e-lunedi-al-voto-con-il-quorum-del-30\\\/#breadcrumb\",\"itemListElement\":[{\"@type\":\"ListItem\",\"position\":1,\"name\":\"Home\",\"item\":\"https:\\\/\\\/www.bellunopress.it\\\/\"},{\"@type\":\"ListItem\",\"position\":2,\"name\":\"Fusioni Comuni, Quero Vas-Alano di Piave. Domenica e luned\u00ec al voto con il quorum del 30%\"}]},{\"@type\":\"WebSite\",\"@id\":\"https:\\\/\\\/www.bellunopress.it\\\/#website\",\"url\":\"https:\\\/\\\/www.bellunopress.it\\\/\",\"name\":\"Bellunopress - Dolomiti\",\"description\":\"e-mail: redazione@bellunopress.it\",\"publisher\":{\"@id\":\"https:\\\/\\\/www.bellunopress.it\\\/#organization\"},\"potentialAction\":[{\"@type\":\"SearchAction\",\"target\":{\"@type\":\"EntryPoint\",\"urlTemplate\":\"https:\\\/\\\/www.bellunopress.it\\\/?s={search_term_string}\"},\"query-input\":{\"@type\":\"PropertyValueSpecification\",\"valueRequired\":true,\"valueName\":\"search_term_string\"}}],\"inLanguage\":\"fr-FR\"},{\"@type\":\"Organization\",\"@id\":\"https:\\\/\\\/www.bellunopress.it\\\/#organization\",\"name\":\"Bellunopress\",\"url\":\"https:\\\/\\\/www.bellunopress.it\\\/\",\"logo\":{\"@type\":\"ImageObject\",\"inLanguage\":\"fr-FR\",\"@id\":\"https:\\\/\\\/www.bellunopress.it\\\/#\\\/schema\\\/logo\\\/image\\\/\",\"url\":\"https:\\\/\\\/www.bellunopress.it\\\/wp-content\\\/uploads\\\/2011\\\/05\\\/cropped-logo-bellunopress-.jpg\",\"contentUrl\":\"https:\\\/\\\/www.bellunopress.it\\\/wp-content\\\/uploads\\\/2011\\\/05\\\/cropped-logo-bellunopress-.jpg\",\"width\":512,\"height\":512,\"caption\":\"Bellunopress\"},\"image\":{\"@id\":\"https:\\\/\\\/www.bellunopress.it\\\/#\\\/schema\\\/logo\\\/image\\\/\"},\"sameAs\":[\"https:\\\/\\\/www.facebook.com\\\/profile.php?id=100008943462799\",\"https:\\\/\\\/x.com\\\/bellunopress\",\"https:\\\/\\\/www.linkedin.com\\\/hp\\\/?dnr=JBzUWaJfMUw8vbXJJ2tVW5-I3jZKvC4wsoxE&amp;amp;amp;amp;amp;amp;trk=nav_responsive_tab_home\",\"https:\\\/\\\/www.youtube.com\\\/channel\\\/UCxL0wu1uN0_3_7hGG0306cw\"]},{\"@type\":\"Person\",\"@id\":\"https:\\\/\\\/www.bellunopress.it\\\/#\\\/schema\\\/person\\\/79bb06722b37ece1c03d3e94beb30d73\",\"name\":\"redazione\",\"image\":{\"@type\":\"ImageObject\",\"inLanguage\":\"fr-FR\",\"@id\":\"https:\\\/\\\/secure.gravatar.com\\\/avatar\\\/37d968a2e67a6fd04c169c4bdef102d0bc5d31b2546345219e348575eb80e9a0?s=96&d=mm&r=g\",\"url\":\"https:\\\/\\\/secure.gravatar.com\\\/avatar\\\/37d968a2e67a6fd04c169c4bdef102d0bc5d31b2546345219e348575eb80e9a0?s=96&d=mm&r=g\",\"contentUrl\":\"https:\\\/\\\/secure.gravatar.com\\\/avatar\\\/37d968a2e67a6fd04c169c4bdef102d0bc5d31b2546345219e348575eb80e9a0?s=96&d=mm&r=g\",\"caption\":\"redazione\"},\"sameAs\":[\"http:\\\/\\\/www.bellunopress.it\",\"https:\\\/\\\/x.com\\\/bellunopress\"],\"url\":\"https:\\\/\\\/www.bellunopress.it\\\/fr\\\/author\\\/redazione\\\/\"}]}<\/script>\n<!-- \/ Yoast SEO plugin. -->","yoast_head_json":{"title":"Fusioni Comuni, Quero Vas-Alano di Piave. Domenica e luned\u00ec al voto con il quorum del 30% - Bellunopress - Dolomiti","robots":{"index":"index","follow":"follow","max-snippet":"max-snippet:-1","max-image-preview":"max-image-preview:large","max-video-preview":"max-video-preview:-1"},"canonical":"https:\/\/www.bellunopress.it\/fr\/2023\/10\/26\/fusioni-comuni-quero-vas-alano-di-piave-domenica-e-lunedi-al-voto-con-il-quorum-del-30\/","og_locale":"fr_FR","og_type":"article","og_title":"Fusioni Comuni, Quero Vas-Alano di Piave. Domenica e luned\u00ec al voto con il quorum del 30% - Bellunopress - Dolomiti","og_description":"Venezia, 26 ottobre 2023\u00a0Domenica 29 ottobre dalle ore 7 alle 23 e luned\u00ec 30 ottobre 2023 dalle ore 7 alle 15 si celebrer\u00e0 il referendum regionale consultivo per la fusione dei comuni di Polesella-Guarda Veneta; Gambugliano-Sovizzo; Quero Vas-Alano di Piave; Carceri-Vighizzolo d\u2019Este. Sono chiamati al voto circa 20mila elettori. \u201cGrazie alla legge regionale sull&#8217;associazionismo intercomunale [&hellip;]","og_url":"https:\/\/www.bellunopress.it\/fr\/2023\/10\/26\/fusioni-comuni-quero-vas-alano-di-piave-domenica-e-lunedi-al-voto-con-il-quorum-del-30\/","og_site_name":"Bellunopress - Dolomiti","article_publisher":"https:\/\/www.facebook.com\/profile.php?id=100008943462799","article_published_time":"2023-10-26T12:21:08+00:00","og_image":[{"width":848,"height":924,"url":"https:\/\/www.bellunopress.it\/wp-content\/uploads\/2023\/10\/Francesco-Calzavara-assessore-regionale_edited.jpg","type":"image\/jpeg"}],"author":"redazione","twitter_card":"summary_large_image","twitter_creator":"@bellunopress","twitter_site":"@bellunopress","twitter_misc":{"\u00c9crit par":"redazione","Dur\u00e9e de lecture estim\u00e9e":"2 minutes"},"schema":{"@context":"https:\/\/schema.org","@graph":[{"@type":"Article","@id":"https:\/\/www.bellunopress.it\/2023\/10\/26\/fusioni-comuni-quero-vas-alano-di-piave-domenica-e-lunedi-al-voto-con-il-quorum-del-30\/#article","isPartOf":{"@id":"https:\/\/www.bellunopress.it\/2023\/10\/26\/fusioni-comuni-quero-vas-alano-di-piave-domenica-e-lunedi-al-voto-con-il-quorum-del-30\/"},"author":{"name":"redazione","@id":"https:\/\/www.bellunopress.it\/#\/schema\/person\/79bb06722b37ece1c03d3e94beb30d73"},"headline":"Fusioni Comuni, Quero Vas-Alano di Piave. Domenica e luned\u00ec al voto con il quorum del 30%","datePublished":"2023-10-26T12:21:08+00:00","mainEntityOfPage":{"@id":"https:\/\/www.bellunopress.it\/2023\/10\/26\/fusioni-comuni-quero-vas-alano-di-piave-domenica-e-lunedi-al-voto-con-il-quorum-del-30\/"},"wordCount":349,"publisher":{"@id":"https:\/\/www.bellunopress.it\/#organization"},"image":{"@id":"https:\/\/www.bellunopress.it\/2023\/10\/26\/fusioni-comuni-quero-vas-alano-di-piave-domenica-e-lunedi-al-voto-con-il-quorum-del-30\/#primaryimage"},"thumbnailUrl":"https:\/\/www.bellunopress.it\/wp-content\/uploads\/2023\/10\/Francesco-Calzavara-assessore-regionale_edited.jpg","articleSection":["Cronaca\/Politica","Prima Pagina"],"inLanguage":"fr-FR"},{"@type":"WebPage","@id":"https:\/\/www.bellunopress.it\/2023\/10\/26\/fusioni-comuni-quero-vas-alano-di-piave-domenica-e-lunedi-al-voto-con-il-quorum-del-30\/","url":"https:\/\/www.bellunopress.it\/2023\/10\/26\/fusioni-comuni-quero-vas-alano-di-piave-domenica-e-lunedi-al-voto-con-il-quorum-del-30\/","name":"Fusioni Comuni, Quero Vas-Alano di Piave. Domenica e luned\u00ec al voto con il quorum del 30% - Bellunopress - Dolomiti","isPartOf":{"@id":"https:\/\/www.bellunopress.it\/#website"},"primaryImageOfPage":{"@id":"https:\/\/www.bellunopress.it\/2023\/10\/26\/fusioni-comuni-quero-vas-alano-di-piave-domenica-e-lunedi-al-voto-con-il-quorum-del-30\/#primaryimage"},"image":{"@id":"https:\/\/www.bellunopress.it\/2023\/10\/26\/fusioni-comuni-quero-vas-alano-di-piave-domenica-e-lunedi-al-voto-con-il-quorum-del-30\/#primaryimage"},"thumbnailUrl":"https:\/\/www.bellunopress.it\/wp-content\/uploads\/2023\/10\/Francesco-Calzavara-assessore-regionale_edited.jpg","datePublished":"2023-10-26T12:21:08+00:00","breadcrumb":{"@id":"https:\/\/www.bellunopress.it\/2023\/10\/26\/fusioni-comuni-quero-vas-alano-di-piave-domenica-e-lunedi-al-voto-con-il-quorum-del-30\/#breadcrumb"},"inLanguage":"fr-FR","potentialAction":[{"@type":"ReadAction","target":["https:\/\/www.bellunopress.it\/2023\/10\/26\/fusioni-comuni-quero-vas-alano-di-piave-domenica-e-lunedi-al-voto-con-il-quorum-del-30\/"]}]},{"@type":"ImageObject","inLanguage":"fr-FR","@id":"https:\/\/www.bellunopress.it\/2023\/10\/26\/fusioni-comuni-quero-vas-alano-di-piave-domenica-e-lunedi-al-voto-con-il-quorum-del-30\/#primaryimage","url":"https:\/\/www.bellunopress.it\/wp-content\/uploads\/2023\/10\/Francesco-Calzavara-assessore-regionale_edited.jpg","contentUrl":"https:\/\/www.bellunopress.it\/wp-content\/uploads\/2023\/10\/Francesco-Calzavara-assessore-regionale_edited.jpg","width":848,"height":924,"caption":"Francesco Calzavara -assessore al Bilancio e agli Enti locali del Veneto"},{"@type":"BreadcrumbList","@id":"https:\/\/www.bellunopress.it\/2023\/10\/26\/fusioni-comuni-quero-vas-alano-di-piave-domenica-e-lunedi-al-voto-con-il-quorum-del-30\/#breadcrumb","itemListElement":[{"@type":"ListItem","position":1,"name":"Home","item":"https:\/\/www.bellunopress.it\/"},{"@type":"ListItem","position":2,"name":"Fusioni Comuni, Quero Vas-Alano di Piave. Domenica e luned\u00ec al voto con il quorum del 30%"}]},{"@type":"WebSite","@id":"https:\/\/www.bellunopress.it\/#website","url":"https:\/\/www.bellunopress.it\/","name":"Bellunopress - Dolomiti","description":"e-mail: redazione@bellunopress.it","publisher":{"@id":"https:\/\/www.bellunopress.it\/#organization"},"potentialAction":[{"@type":"SearchAction","target":{"@type":"EntryPoint","urlTemplate":"https:\/\/www.bellunopress.it\/?s={search_term_string}"},"query-input":{"@type":"PropertyValueSpecification","valueRequired":true,"valueName":"search_term_string"}}],"inLanguage":"fr-FR"},{"@type":"Organization","@id":"https:\/\/www.bellunopress.it\/#organization","name":"Bellunopress","url":"https:\/\/www.bellunopress.it\/","logo":{"@type":"ImageObject","inLanguage":"fr-FR","@id":"https:\/\/www.bellunopress.it\/#\/schema\/logo\/image\/","url":"https:\/\/www.bellunopress.it\/wp-content\/uploads\/2011\/05\/cropped-logo-bellunopress-.jpg","contentUrl":"https:\/\/www.bellunopress.it\/wp-content\/uploads\/2011\/05\/cropped-logo-bellunopress-.jpg","width":512,"height":512,"caption":"Bellunopress"},"image":{"@id":"https:\/\/www.bellunopress.it\/#\/schema\/logo\/image\/"},"sameAs":["https:\/\/www.facebook.com\/profile.php?id=100008943462799","https:\/\/x.com\/bellunopress","https:\/\/www.linkedin.com\/hp\/?dnr=JBzUWaJfMUw8vbXJJ2tVW5-I3jZKvC4wsoxE&amp;amp;amp;amp;amp;amp;trk=nav_responsive_tab_home","https:\/\/www.youtube.com\/channel\/UCxL0wu1uN0_3_7hGG0306cw"]},{"@type":"Person","@id":"https:\/\/www.bellunopress.it\/#\/schema\/person\/79bb06722b37ece1c03d3e94beb30d73","name":"r\u00e9daction","image":{"@type":"ImageObject","inLanguage":"fr-FR","@id":"https:\/\/secure.gravatar.com\/avatar\/37d968a2e67a6fd04c169c4bdef102d0bc5d31b2546345219e348575eb80e9a0?s=96&d=mm&r=g","url":"https:\/\/secure.gravatar.com\/avatar\/37d968a2e67a6fd04c169c4bdef102d0bc5d31b2546345219e348575eb80e9a0?s=96&d=mm&r=g","contentUrl":"https:\/\/secure.gravatar.com\/avatar\/37d968a2e67a6fd04c169c4bdef102d0bc5d31b2546345219e348575eb80e9a0?s=96&d=mm&r=g","caption":"redazione"},"sameAs":["http:\/\/www.bellunopress.it","https:\/\/x.com\/bellunopress"],"url":"https:\/\/www.bellunopress.it\/fr\/author\/redazione\/"}]}},"_links":{"self":[{"href":"https:\/\/www.bellunopress.it\/fr\/wp-json\/wp\/v2\/posts\/145366","targetHints":{"allow":["GET"]}}],"collection":[{"href":"https:\/\/www.bellunopress.it\/fr\/wp-json\/wp\/v2\/posts"}],"about":[{"href":"https:\/\/www.bellunopress.it\/fr\/wp-json\/wp\/v2\/types\/post"}],"author":[{"embeddable":true,"href":"https:\/\/www.bellunopress.it\/fr\/wp-json\/wp\/v2\/users\/2"}],"replies":[{"embeddable":true,"href":"https:\/\/www.bellunopress.it\/fr\/wp-json\/wp\/v2\/comments?post=145366"}],"version-history":[{"count":1,"href":"https:\/\/www.bellunopress.it\/fr\/wp-json\/wp\/v2\/posts\/145366\/revisions"}],"predecessor-version":[{"id":145368,"href":"https:\/\/www.bellunopress.it\/fr\/wp-json\/wp\/v2\/posts\/145366\/revisions\/145368"}],"wp:featuredmedia":[{"embeddable":true,"href":"https:\/\/www.bellunopress.it\/fr\/wp-json\/wp\/v2\/media\/145367"}],"wp:attachment":[{"href":"https:\/\/www.bellunopress.it\/fr\/wp-json\/wp\/v2\/media?parent=145366"}],"wp:term":[{"taxonomy":"category","embeddable":true,"href":"https:\/\/www.bellunopress.it\/fr\/wp-json\/wp\/v2\/categories?post=145366"},{"taxonomy":"post_tag","embeddable":true,"href":"https:\/\/www.bellunopress.it\/fr\/wp-json\/wp\/v2\/tags?post=145366"}],"curies":[{"name":"wp","href":"https:\/\/api.w.org\/{rel}","templated":true}]}}