{"id":145336,"date":"2023-10-25T17:25:12","date_gmt":"2023-10-25T15:25:12","guid":{"rendered":"https:\/\/www.bellunopress.it\/?p=145336"},"modified":"2023-10-25T20:15:08","modified_gmt":"2023-10-25T18:15:08","slug":"7-concorso-di-idee-per-scuole-b2youth-attenzione-agli-altri-e-premio-innovazione-sociale-e-sviluppo-sostenibile","status":"publish","type":"post","link":"https:\/\/www.bellunopress.it\/fr\/2023\/10\/25\/7-concorso-di-idee-per-scuole-b2youth-attenzione-agli-altri-e-premio-innovazione-sociale-e-sviluppo-sostenibile\/","title":{"rendered":"Camera di Commercio TV BL. 7\u00b0 Concorso di idee per scuole \u201cB2Youth: attenzione agli altri\u201d e\u00a0 \u201cPremio innovazione sociale e sviluppo sostenibile\u201d"},"content":{"rendered":"<p><img loading=\"lazy\" decoding=\"async\" class=\"alignleft size-full wp-image-145342\" src=\"https:\/\/www.bellunopress.it\/wp-content\/uploads\/2023\/10\/premiazione-scuole-camera-di-commercio-tv_edited.jpg\" alt=\"\" width=\"1000\" height=\"753\" srcset=\"https:\/\/www.bellunopress.it\/wp-content\/uploads\/2023\/10\/premiazione-scuole-camera-di-commercio-tv_edited.jpg 1000w, https:\/\/www.bellunopress.it\/wp-content\/uploads\/2023\/10\/premiazione-scuole-camera-di-commercio-tv_edited-500x377.jpg 500w, https:\/\/www.bellunopress.it\/wp-content\/uploads\/2023\/10\/premiazione-scuole-camera-di-commercio-tv_edited-696x524.jpg 696w\" sizes=\"auto, (max-width: 1000px) 100vw, 1000px\" \/>Treviso, 25 ottobre 2023 &#8211; Si \u00e8 svolta stamane in Camera di commercio, la Cerimonia di premiazione del 7\u00b0 Concorso di idee per scuole \u201cB2Youth: attenzione agli altri\u201d e la premiazione della 4^ edizione del \u201cPremio innovazione sociale e sviluppo sostenibile\u201d.<\/p>\n<figure id=\"attachment_98121\" aria-describedby=\"caption-attachment-98121\" style=\"width: 232px\" class=\"wp-caption alignleft\"><img loading=\"lazy\" decoding=\"async\" class=\"size-full wp-image-98121\" src=\"https:\/\/www.bellunopress.it\/wp-content\/uploads\/2018\/09\/Mario-Pozza.jpg\" alt=\"\" width=\"232\" height=\"300\" \/><figcaption id=\"caption-attachment-98121\" class=\"wp-caption-text\">Mario Pozza<\/figcaption><\/figure>\n<p>L\u2019evento \u00e8 stato aperto dal video saluto del presidente Mario Pozza in missione a New York e che ha salutato i ragazzi con queste parole: Cari ragazzi e ragazze, benvenuti in Camera di Commercio, nella casa delle imprese. Oggi l&#8217;attenzione \u00e8 tutta rivolta a voi e siamo davvero fieri di premiare i vostri progetti. Il nostro territorio, la nostra Italia ha bisogno di questa energia, noi siamo al vostro fianco. Continuate a lavorare con impegno e dedizione perch\u00e9 questo Paese continui ad essere ammirato e desiderato.<\/p>\n<p>La Camera di Commercio di Treviso \u2013 Belluno \u00e8 al servizio del proprio territorio e delle realt\u00e0 economiche che lo arricchiscono con le proprie idee innovative, tecnologie e scelte orientate ad un\u2019economia pi\u00f9 sostenibile.<br \/>\nQuesta particolare attenzione verso una sostenibilit\u00e0 a 360 gradi caratterizza in particolar modo l\u2019Ente camerale trevigiano \u2013 bellunese, che nel 2024 festegger\u00e0 anche i 20 anni di attivit\u00e0 dei \u201cServizi CSR \u2013 Ambiente\u201d, un punto di riferimento nel Veneto che, da sempre propone servizi, eventi, bandi per sostenere, ispirare e replicare gli esempi virtuosi nel nostro territorio.<\/p>\n<p>Due delle attivit\u00e0 consolidate nel tempo, riguardano il \u201cPremio innovazione sociale e sviluppo sostenibile\u201d e il \u201cConcorso di idee per scuole\u201d, rispettivamente giunti alla 4^ e 7^ edizione e che riconoscono un premio in denaro per la realizzazione di progetti \u201csocialmente responsabili\u201d.<br \/>\nL\u2019Ente camerale ha deciso di premiare i progetti vincitori, realizzati da imprese e scuole, nell\u2019ambito di questi due specifici bandi, in questo evento congiunto, che vuole rappresentare un ulteriore momento di \u201cscambio e condivisione di idee transgenerazionale\u201d, a supporto di un\u2019economia ed un mondo pi\u00f9 sostenibile, dove la sostenibilit\u00e0 non pu\u00f2 che essere quella che abbraccia tutti e tre i \u201cpilastri\u201d: economico \u2013 ambientale \u2013 sociale.<br \/>\nUn imprenditore \u201cvincente\u201d \u2013 evidenzia il Vicesegretario Generale della Camera di Commercio Francesco Rossato &#8211; non \u00e8 solo colui che ha un\u2019idea e che la sa realizzare, ma \u00e8 colui che \u00e8 attento ai bisogni degli altri: dei propri dipendenti, del proprio territorio, pi\u00f9 in generale dei propri stakeholders. I valori di ogni imprenditore caratterizzano ciascuna azienda ed i valori crescono con noi fin dagli anni della scuola.<br \/>\n\u00c8 anche per questo che la Camera di Commercio crede nell\u2019importanza di avviare e mantenere un dialogo con gli imprenditori di oggi e gli \u201cimprenditori di domani\u201d e che continua a organizzare iniziative, come queste.<\/p>\n<p>Nell\u2019ambito del Concorso destinato alle imprese, quest\u2019anno, la Camera di Commercio ha ricevuto 27 progetti da parte delle imprese e, per la prima volta sono stati assegnati alcuni premi ex aequo, arrivando a premiare 7 realt\u00e0 locali di Treviso e Belluno.<br \/>\nNel sito camerale e nel portale web dedicato alla CSR sono state pubblicate le schede che riassumono le principali caratteristiche e ricadute economiche di queste 7 aziende che oggi sono qui presenti e che conosceremo nel momento della premiazione.<\/p>\n<p>Per quanto riguarda le scuole invece \u00e8 stato richiesto uno sforzo in pi\u00f9 e l\u2019obiettivo di \u201cB2Youth: attenzione agli altri\u201d era quello di realizzare delle video interviste ad aziende, una richiesta ambiziosa che ha fatto emergere l\u2019impegno di studenti ed insegnanti.<br \/>\nAnche in questo caso, nella mattinata odierna, sono state presentate e premiate sia le scuole vincitrici sia le 9 aziende intervistate che la Camera di Commercio ringrazia per aver accolto la richiesta dei ragazzi di farsi intervistare, aprendo un dialogo.<\/p>\n<p>L\u2019augurio che possiamo fare a tutti noi \u2013 commenta il Vicesegretario Generale della Camera di Commercio Francesco Rossato &#8211; \u00e8 quello di continuare a crescere percorrendo, ciascuno la propria strada di miglioramento continuo verso la sostenibilit\u00e0 e, ne siamo certi i nostri percorsi si intrecceranno ancora, perch\u00e9 il traguardo, \u00e8 l\u2019obiettivo comune per garantire la sostenibilit\u00e0 del nostro Pianeta.<br \/>\nL\u2019Ente camerale lo far\u00e0 anche continuando a sviluppare nuovi servizi ed arricchendo quelli gi\u00e0 in essere, tra i quali: percorsi di approccio alla realizzazione del Bilancio di sostenibilit\u00e0 ed alla parit\u00e0 di genere, partecipazione ai progetti di sistema sulla Transizione energetica, ecc.<\/p>\n<p>In chiusura \u2013 conclude Rossato &#8211; solo per ricordare che la Camera di Commercio non \u00e8 solo ci\u00f2 che vedete oggi, ma molto di pi\u00f9: fornisce una molteplicit\u00e0 di servizi alle aziende, agli aspiranti imprenditori ed alle scuole che non si possono riassumere in pochi minuti; servizi che sono fruibili, in presenza e da remoto, perch\u00e9 come spesso succede, nei momenti di crisi, si sono anche adottate alcune soluzioni tecnologiche che hanno consentito di mantenere un costante accesso all\u2019Ente, anche in situazioni pandemiche, garantendo lo svolgimento delle attivit\u00e0 e il miglioramento di alcuni servizi.<\/p>\n<p><strong>Questi i premi erogati alle scuole:<\/strong><\/p>\n<p>Primaria 1.000 euro;\u00a0 Medie 2.000 euro; Superiori 2.000 euro.<\/p>\n<p><strong>Per le aziende:<\/strong><\/p>\n<p>Lexan Italia srl 5mila euro; per i due premiati ex aequo ambiente 2.000 ciascuno; e i \u00a04 primi posti ex aequo sociale ed economico 2.500 ciascuno.<\/p>\n<p><strong>Le scuole vincitrici<\/strong><\/p>\n<p>&#8211; IC Feltre \u2013 scuola \u201cOrazio Zasio\u201d Mugnai, vincitore per la categoria scuole primarie<br \/>\nDirigente: Mauro De Lazzer<br \/>\nProfessori: Sabrina Bertelle e Stefania Carpene<br \/>\nAziende intervistate: Autoservizi Baratto: Cristina Baratto e Stefano Sattin (autista) + Cooperativa Mazarol (BL ) Bertoldin Riccardo<br \/>\nAziende intervistate: Serenissima ristorazione S.p.A. (mensa di Feltre) e Ecostudio Ambiente S.r.L. di Seren del Grappa (BL)<\/p>\n<p>&#8211; IC San Fior, vincitore per la categoria scuole medie<br \/>\nDirigente: Loredana Buffoni<br \/>\nSindaco Godega di Sant\u2019Urbano: Paola Guzzo<br \/>\nProfessori: Fausta Maccari e Veronica Dainese<br \/>\nAziende: ApiCadore di De Podest\u00e0 Silvia di Vigo di Cadore (BL), Free Green Nature S.r.L. di Colle Umberto (TV), Permasteelisa S.p.A. di Vittorio Veneto (TV), Soc. Agr. I sette capretti di Godega di Sant\u2019Urbano (TV)<\/p>\n<p>&#8211; ISISS \u201cObici\u201d &#8211; Oderzo, vincitore per la categoria scuole superiori<br \/>\nDirigente: Michele Botteon (in forse)<br \/>\nProfessori: Anna Osellame<br \/>\nStudenti della classe 5^ (diplomati)<br \/>\nAziende intervistate assenti: Nice S.p.A. di Oderzo (TV), Mediaprofili S.r.L. di Mansu\u00e8 (TV), Bioenologia S.r.L. di Oderzo (TV)<\/p>\n<p><strong>LE AZIENDE PREMIATE<\/strong><\/p>\n<p>&#8211; Llexan Italia S.r.L. di Riese Pio X (TV) 1\u00b0 premio per la categoria innovazione ambientale \u2013 Paolo Tranquillin<br \/>\n&#8211; Hydromaverich S.r.L di Mareno di Piave (TV) 2\u00b0 premio ex aequo per la categoria innovazione ambientale \u2013 Alessio Cristini (legale rappresentante) + Silvia Marcon<br \/>\n&#8211; Maarmo S.r.L. di Vittorio Veneto (TV) 2\u00b0 premio ex aequo per la categoria innovazione ambientale \u2013 Giampaolo Pezzato (legale rappresentante)<br \/>\n&#8211; Sonda S.C.S. Onlus \u2013 Altivole (TV) 1\u00b0 premio ex aequo per la categoria innovazione sociale \u2013 Francesca Amato (legale rappresentante)<br \/>\n&#8211; Terra Fertile S.C.S. \u2013 Vittorio Veneto (TV) 1\u00b0 premio ex aequo per la categoria innovazione sociale \u2013Massimo Ciacchi (legale rappresentante) e Silvia Tommasella<br \/>\n&#8211; Impresa Agricola Colle Elisa \u2013 Borgo Valbelluna (BL) 1\u00b0 premio ex aequo per la categoria innovazione economica &#8211; Elisa Colle + Sig. Roberto Dalle Mule<br \/>\n&#8211; Societ\u00e0 Agricola Moldoi S.r.L. \u2013 Sospirolo (BL) 1\u00b0 premio ex aequo per la categoria innovazione economica \u2013 Nicola De Zordi (legale rappresentante)<\/p>\n<p>&nbsp;<\/p>","protected":false},"excerpt":{"rendered":"<p>Treviso, 25 ottobre 2023 &#8211; Si \u00e8 svolta stamane in Camera di commercio, la Cerimonia di premiazione del 7\u00b0 Concorso di idee per scuole \u201cB2Youth: attenzione agli altri\u201d e la premiazione della 4^ edizione del \u201cPremio innovazione sociale e sviluppo sostenibile\u201d. L\u2019evento \u00e8 stato aperto dal video saluto del presidente Mario Pozza in missione a [&hellip;]<\/p>\n","protected":false},"author":2,"featured_media":145342,"comment_status":"closed","ping_status":"open","sticky":false,"template":"","format":"standard","meta":{"footnotes":""},"categories":[36,15],"tags":[],"class_list":["post-145336","post","type-post","status-publish","format-standard","has-post-thumbnail","category-lavoro-economia","category-scuola"],"yoast_head":"<!-- This site is optimized with the Yoast SEO plugin v28.4 - https:\/\/yoast.com\/product\/yoast-seo-wordpress\/ -->\n<title>Camera di Commercio TV BL. 7\u00b0 Concorso di idee per scuole \u201cB2Youth: attenzione agli altri\u201d e\u00a0 \u201cPremio innovazione sociale e sviluppo sostenibile\u201d - Bellunopress - Dolomiti<\/title>\n<meta name=\"robots\" content=\"index, follow, max-snippet:-1, max-image-preview:large, max-video-preview:-1\" \/>\n<link rel=\"canonical\" href=\"https:\/\/www.bellunopress.it\/fr\/2023\/10\/25\/7-concorso-di-idee-per-scuole-b2youth-attenzione-agli-altri-e-premio-innovazione-sociale-e-sviluppo-sostenibile\/\" \/>\n<meta property=\"og:locale\" content=\"fr_FR\" \/>\n<meta property=\"og:type\" content=\"article\" \/>\n<meta property=\"og:title\" content=\"Camera di Commercio TV BL. 7\u00b0 Concorso di idee per scuole \u201cB2Youth: attenzione agli altri\u201d e\u00a0 \u201cPremio innovazione sociale e sviluppo sostenibile\u201d - Bellunopress - Dolomiti\" \/>\n<meta property=\"og:description\" content=\"Treviso, 25 ottobre 2023 &#8211; Si \u00e8 svolta stamane in Camera di commercio, la Cerimonia di premiazione del 7\u00b0 Concorso di idee per scuole \u201cB2Youth: attenzione agli altri\u201d e la premiazione della 4^ edizione del \u201cPremio innovazione sociale e sviluppo sostenibile\u201d. L\u2019evento \u00e8 stato aperto dal video saluto del presidente Mario Pozza in missione a [&hellip;]\" \/>\n<meta property=\"og:url\" content=\"https:\/\/www.bellunopress.it\/fr\/2023\/10\/25\/7-concorso-di-idee-per-scuole-b2youth-attenzione-agli-altri-e-premio-innovazione-sociale-e-sviluppo-sostenibile\/\" \/>\n<meta property=\"og:site_name\" content=\"Bellunopress - Dolomiti\" \/>\n<meta property=\"article:publisher\" content=\"https:\/\/www.facebook.com\/profile.php?id=100008943462799\" \/>\n<meta property=\"article:published_time\" content=\"2023-10-25T15:25:12+00:00\" \/>\n<meta property=\"article:modified_time\" content=\"2023-10-25T18:15:08+00:00\" \/>\n<meta property=\"og:image\" content=\"https:\/\/www.bellunopress.it\/wp-content\/uploads\/2023\/10\/premiazione-scuole-camera-di-commercio-tv_edited.jpg\" \/>\n\t<meta property=\"og:image:width\" content=\"1000\" \/>\n\t<meta property=\"og:image:height\" content=\"753\" \/>\n\t<meta property=\"og:image:type\" content=\"image\/jpeg\" \/>\n<meta name=\"author\" content=\"redazione\" \/>\n<meta name=\"twitter:card\" content=\"summary_large_image\" \/>\n<meta name=\"twitter:creator\" content=\"@bellunopress\" \/>\n<meta name=\"twitter:site\" content=\"@bellunopress\" \/>\n<meta name=\"twitter:label1\" content=\"\u00c9crit par\" \/>\n\t<meta name=\"twitter:data1\" content=\"redazione\" \/>\n\t<meta name=\"twitter:label2\" content=\"Dur\u00e9e de lecture estim\u00e9e\" \/>\n\t<meta name=\"twitter:data2\" content=\"6 minutes\" \/>\n<script type=\"application\/ld+json\" class=\"yoast-schema-graph\">{\"@context\":\"https:\\\/\\\/schema.org\",\"@graph\":[{\"@type\":\"Article\",\"@id\":\"https:\\\/\\\/www.bellunopress.it\\\/2023\\\/10\\\/25\\\/7-concorso-di-idee-per-scuole-b2youth-attenzione-agli-altri-e-premio-innovazione-sociale-e-sviluppo-sostenibile\\\/#article\",\"isPartOf\":{\"@id\":\"https:\\\/\\\/www.bellunopress.it\\\/2023\\\/10\\\/25\\\/7-concorso-di-idee-per-scuole-b2youth-attenzione-agli-altri-e-premio-innovazione-sociale-e-sviluppo-sostenibile\\\/\"},\"author\":{\"name\":\"redazione\",\"@id\":\"https:\\\/\\\/www.bellunopress.it\\\/#\\\/schema\\\/person\\\/79bb06722b37ece1c03d3e94beb30d73\"},\"headline\":\"Camera di Commercio TV BL. 7\u00b0 Concorso di idee per scuole \u201cB2Youth: attenzione agli altri\u201d e\u00a0 \u201cPremio innovazione sociale e sviluppo sostenibile\u201d\",\"datePublished\":\"2023-10-25T15:25:12+00:00\",\"dateModified\":\"2023-10-25T18:15:08+00:00\",\"mainEntityOfPage\":{\"@id\":\"https:\\\/\\\/www.bellunopress.it\\\/2023\\\/10\\\/25\\\/7-concorso-di-idee-per-scuole-b2youth-attenzione-agli-altri-e-premio-innovazione-sociale-e-sviluppo-sostenibile\\\/\"},\"wordCount\":1172,\"publisher\":{\"@id\":\"https:\\\/\\\/www.bellunopress.it\\\/#organization\"},\"image\":{\"@id\":\"https:\\\/\\\/www.bellunopress.it\\\/2023\\\/10\\\/25\\\/7-concorso-di-idee-per-scuole-b2youth-attenzione-agli-altri-e-premio-innovazione-sociale-e-sviluppo-sostenibile\\\/#primaryimage\"},\"thumbnailUrl\":\"https:\\\/\\\/www.bellunopress.it\\\/wp-content\\\/uploads\\\/2023\\\/10\\\/premiazione-scuole-camera-di-commercio-tv_edited.jpg\",\"articleSection\":[\"Lavoro, Economia, Turismo\",\"Scuola\"],\"inLanguage\":\"fr-FR\"},{\"@type\":\"WebPage\",\"@id\":\"https:\\\/\\\/www.bellunopress.it\\\/2023\\\/10\\\/25\\\/7-concorso-di-idee-per-scuole-b2youth-attenzione-agli-altri-e-premio-innovazione-sociale-e-sviluppo-sostenibile\\\/\",\"url\":\"https:\\\/\\\/www.bellunopress.it\\\/2023\\\/10\\\/25\\\/7-concorso-di-idee-per-scuole-b2youth-attenzione-agli-altri-e-premio-innovazione-sociale-e-sviluppo-sostenibile\\\/\",\"name\":\"Camera di Commercio TV BL. 7\u00b0 Concorso di idee per scuole \u201cB2Youth: attenzione agli altri\u201d e\u00a0 \u201cPremio innovazione sociale e sviluppo sostenibile\u201d - Bellunopress - Dolomiti\",\"isPartOf\":{\"@id\":\"https:\\\/\\\/www.bellunopress.it\\\/#website\"},\"primaryImageOfPage\":{\"@id\":\"https:\\\/\\\/www.bellunopress.it\\\/2023\\\/10\\\/25\\\/7-concorso-di-idee-per-scuole-b2youth-attenzione-agli-altri-e-premio-innovazione-sociale-e-sviluppo-sostenibile\\\/#primaryimage\"},\"image\":{\"@id\":\"https:\\\/\\\/www.bellunopress.it\\\/2023\\\/10\\\/25\\\/7-concorso-di-idee-per-scuole-b2youth-attenzione-agli-altri-e-premio-innovazione-sociale-e-sviluppo-sostenibile\\\/#primaryimage\"},\"thumbnailUrl\":\"https:\\\/\\\/www.bellunopress.it\\\/wp-content\\\/uploads\\\/2023\\\/10\\\/premiazione-scuole-camera-di-commercio-tv_edited.jpg\",\"datePublished\":\"2023-10-25T15:25:12+00:00\",\"dateModified\":\"2023-10-25T18:15:08+00:00\",\"breadcrumb\":{\"@id\":\"https:\\\/\\\/www.bellunopress.it\\\/2023\\\/10\\\/25\\\/7-concorso-di-idee-per-scuole-b2youth-attenzione-agli-altri-e-premio-innovazione-sociale-e-sviluppo-sostenibile\\\/#breadcrumb\"},\"inLanguage\":\"fr-FR\",\"potentialAction\":[{\"@type\":\"ReadAction\",\"target\":[\"https:\\\/\\\/www.bellunopress.it\\\/2023\\\/10\\\/25\\\/7-concorso-di-idee-per-scuole-b2youth-attenzione-agli-altri-e-premio-innovazione-sociale-e-sviluppo-sostenibile\\\/\"]}]},{\"@type\":\"ImageObject\",\"inLanguage\":\"fr-FR\",\"@id\":\"https:\\\/\\\/www.bellunopress.it\\\/2023\\\/10\\\/25\\\/7-concorso-di-idee-per-scuole-b2youth-attenzione-agli-altri-e-premio-innovazione-sociale-e-sviluppo-sostenibile\\\/#primaryimage\",\"url\":\"https:\\\/\\\/www.bellunopress.it\\\/wp-content\\\/uploads\\\/2023\\\/10\\\/premiazione-scuole-camera-di-commercio-tv_edited.jpg\",\"contentUrl\":\"https:\\\/\\\/www.bellunopress.it\\\/wp-content\\\/uploads\\\/2023\\\/10\\\/premiazione-scuole-camera-di-commercio-tv_edited.jpg\",\"width\":1000,\"height\":753},{\"@type\":\"BreadcrumbList\",\"@id\":\"https:\\\/\\\/www.bellunopress.it\\\/2023\\\/10\\\/25\\\/7-concorso-di-idee-per-scuole-b2youth-attenzione-agli-altri-e-premio-innovazione-sociale-e-sviluppo-sostenibile\\\/#breadcrumb\",\"itemListElement\":[{\"@type\":\"ListItem\",\"position\":1,\"name\":\"Home\",\"item\":\"https:\\\/\\\/www.bellunopress.it\\\/\"},{\"@type\":\"ListItem\",\"position\":2,\"name\":\"Camera di Commercio TV BL. 7\u00b0 Concorso di idee per scuole \u201cB2Youth: attenzione agli altri\u201d e\u00a0 \u201cPremio innovazione sociale e sviluppo sostenibile\u201d\"}]},{\"@type\":\"WebSite\",\"@id\":\"https:\\\/\\\/www.bellunopress.it\\\/#website\",\"url\":\"https:\\\/\\\/www.bellunopress.it\\\/\",\"name\":\"Bellunopress - Dolomiti\",\"description\":\"e-mail: redazione@bellunopress.it\",\"publisher\":{\"@id\":\"https:\\\/\\\/www.bellunopress.it\\\/#organization\"},\"potentialAction\":[{\"@type\":\"SearchAction\",\"target\":{\"@type\":\"EntryPoint\",\"urlTemplate\":\"https:\\\/\\\/www.bellunopress.it\\\/?s={search_term_string}\"},\"query-input\":{\"@type\":\"PropertyValueSpecification\",\"valueRequired\":true,\"valueName\":\"search_term_string\"}}],\"inLanguage\":\"fr-FR\"},{\"@type\":\"Organization\",\"@id\":\"https:\\\/\\\/www.bellunopress.it\\\/#organization\",\"name\":\"Bellunopress\",\"url\":\"https:\\\/\\\/www.bellunopress.it\\\/\",\"logo\":{\"@type\":\"ImageObject\",\"inLanguage\":\"fr-FR\",\"@id\":\"https:\\\/\\\/www.bellunopress.it\\\/#\\\/schema\\\/logo\\\/image\\\/\",\"url\":\"https:\\\/\\\/www.bellunopress.it\\\/wp-content\\\/uploads\\\/2011\\\/05\\\/cropped-logo-bellunopress-.jpg\",\"contentUrl\":\"https:\\\/\\\/www.bellunopress.it\\\/wp-content\\\/uploads\\\/2011\\\/05\\\/cropped-logo-bellunopress-.jpg\",\"width\":512,\"height\":512,\"caption\":\"Bellunopress\"},\"image\":{\"@id\":\"https:\\\/\\\/www.bellunopress.it\\\/#\\\/schema\\\/logo\\\/image\\\/\"},\"sameAs\":[\"https:\\\/\\\/www.facebook.com\\\/profile.php?id=100008943462799\",\"https:\\\/\\\/x.com\\\/bellunopress\",\"https:\\\/\\\/www.linkedin.com\\\/hp\\\/?dnr=JBzUWaJfMUw8vbXJJ2tVW5-I3jZKvC4wsoxE&amp;amp;amp;amp;amp;amp;trk=nav_responsive_tab_home\",\"https:\\\/\\\/www.youtube.com\\\/channel\\\/UCxL0wu1uN0_3_7hGG0306cw\"]},{\"@type\":\"Person\",\"@id\":\"https:\\\/\\\/www.bellunopress.it\\\/#\\\/schema\\\/person\\\/79bb06722b37ece1c03d3e94beb30d73\",\"name\":\"redazione\",\"image\":{\"@type\":\"ImageObject\",\"inLanguage\":\"fr-FR\",\"@id\":\"https:\\\/\\\/secure.gravatar.com\\\/avatar\\\/37d968a2e67a6fd04c169c4bdef102d0bc5d31b2546345219e348575eb80e9a0?s=96&d=mm&r=g\",\"url\":\"https:\\\/\\\/secure.gravatar.com\\\/avatar\\\/37d968a2e67a6fd04c169c4bdef102d0bc5d31b2546345219e348575eb80e9a0?s=96&d=mm&r=g\",\"contentUrl\":\"https:\\\/\\\/secure.gravatar.com\\\/avatar\\\/37d968a2e67a6fd04c169c4bdef102d0bc5d31b2546345219e348575eb80e9a0?s=96&d=mm&r=g\",\"caption\":\"redazione\"},\"sameAs\":[\"http:\\\/\\\/www.bellunopress.it\",\"https:\\\/\\\/x.com\\\/bellunopress\"],\"url\":\"https:\\\/\\\/www.bellunopress.it\\\/fr\\\/author\\\/redazione\\\/\"}]}<\/script>\n<!-- \/ Yoast SEO plugin. -->","yoast_head_json":{"title":"Camera di Commercio TV BL. 7\u00b0 Concorso di idee per scuole \u201cB2Youth: attenzione agli altri\u201d e\u00a0 \u201cPremio innovazione sociale e sviluppo sostenibile\u201d - Bellunopress - Dolomiti","robots":{"index":"index","follow":"follow","max-snippet":"max-snippet:-1","max-image-preview":"max-image-preview:large","max-video-preview":"max-video-preview:-1"},"canonical":"https:\/\/www.bellunopress.it\/fr\/2023\/10\/25\/7-concorso-di-idee-per-scuole-b2youth-attenzione-agli-altri-e-premio-innovazione-sociale-e-sviluppo-sostenibile\/","og_locale":"fr_FR","og_type":"article","og_title":"Camera di Commercio TV BL. 7\u00b0 Concorso di idee per scuole \u201cB2Youth: attenzione agli altri\u201d e\u00a0 \u201cPremio innovazione sociale e sviluppo sostenibile\u201d - Bellunopress - Dolomiti","og_description":"Treviso, 25 ottobre 2023 &#8211; Si \u00e8 svolta stamane in Camera di commercio, la Cerimonia di premiazione del 7\u00b0 Concorso di idee per scuole \u201cB2Youth: attenzione agli altri\u201d e la premiazione della 4^ edizione del \u201cPremio innovazione sociale e sviluppo sostenibile\u201d. L\u2019evento \u00e8 stato aperto dal video saluto del presidente Mario Pozza in missione a [&hellip;]","og_url":"https:\/\/www.bellunopress.it\/fr\/2023\/10\/25\/7-concorso-di-idee-per-scuole-b2youth-attenzione-agli-altri-e-premio-innovazione-sociale-e-sviluppo-sostenibile\/","og_site_name":"Bellunopress - Dolomiti","article_publisher":"https:\/\/www.facebook.com\/profile.php?id=100008943462799","article_published_time":"2023-10-25T15:25:12+00:00","article_modified_time":"2023-10-25T18:15:08+00:00","og_image":[{"width":1000,"height":753,"url":"https:\/\/www.bellunopress.it\/wp-content\/uploads\/2023\/10\/premiazione-scuole-camera-di-commercio-tv_edited.jpg","type":"image\/jpeg"}],"author":"redazione","twitter_card":"summary_large_image","twitter_creator":"@bellunopress","twitter_site":"@bellunopress","twitter_misc":{"\u00c9crit par":"redazione","Dur\u00e9e de lecture estim\u00e9e":"6 minutes"},"schema":{"@context":"https:\/\/schema.org","@graph":[{"@type":"Article","@id":"https:\/\/www.bellunopress.it\/2023\/10\/25\/7-concorso-di-idee-per-scuole-b2youth-attenzione-agli-altri-e-premio-innovazione-sociale-e-sviluppo-sostenibile\/#article","isPartOf":{"@id":"https:\/\/www.bellunopress.it\/2023\/10\/25\/7-concorso-di-idee-per-scuole-b2youth-attenzione-agli-altri-e-premio-innovazione-sociale-e-sviluppo-sostenibile\/"},"author":{"name":"redazione","@id":"https:\/\/www.bellunopress.it\/#\/schema\/person\/79bb06722b37ece1c03d3e94beb30d73"},"headline":"Camera di Commercio TV BL. 7\u00b0 Concorso di idee per scuole \u201cB2Youth: attenzione agli altri\u201d e\u00a0 \u201cPremio innovazione sociale e sviluppo sostenibile\u201d","datePublished":"2023-10-25T15:25:12+00:00","dateModified":"2023-10-25T18:15:08+00:00","mainEntityOfPage":{"@id":"https:\/\/www.bellunopress.it\/2023\/10\/25\/7-concorso-di-idee-per-scuole-b2youth-attenzione-agli-altri-e-premio-innovazione-sociale-e-sviluppo-sostenibile\/"},"wordCount":1172,"publisher":{"@id":"https:\/\/www.bellunopress.it\/#organization"},"image":{"@id":"https:\/\/www.bellunopress.it\/2023\/10\/25\/7-concorso-di-idee-per-scuole-b2youth-attenzione-agli-altri-e-premio-innovazione-sociale-e-sviluppo-sostenibile\/#primaryimage"},"thumbnailUrl":"https:\/\/www.bellunopress.it\/wp-content\/uploads\/2023\/10\/premiazione-scuole-camera-di-commercio-tv_edited.jpg","articleSection":["Lavoro, Economia, Turismo","Scuola"],"inLanguage":"fr-FR"},{"@type":"WebPage","@id":"https:\/\/www.bellunopress.it\/2023\/10\/25\/7-concorso-di-idee-per-scuole-b2youth-attenzione-agli-altri-e-premio-innovazione-sociale-e-sviluppo-sostenibile\/","url":"https:\/\/www.bellunopress.it\/2023\/10\/25\/7-concorso-di-idee-per-scuole-b2youth-attenzione-agli-altri-e-premio-innovazione-sociale-e-sviluppo-sostenibile\/","name":"Camera di Commercio TV BL. 7\u00b0 Concorso di idee per scuole \u201cB2Youth: attenzione agli altri\u201d e\u00a0 \u201cPremio innovazione sociale e sviluppo sostenibile\u201d - Bellunopress - Dolomiti","isPartOf":{"@id":"https:\/\/www.bellunopress.it\/#website"},"primaryImageOfPage":{"@id":"https:\/\/www.bellunopress.it\/2023\/10\/25\/7-concorso-di-idee-per-scuole-b2youth-attenzione-agli-altri-e-premio-innovazione-sociale-e-sviluppo-sostenibile\/#primaryimage"},"image":{"@id":"https:\/\/www.bellunopress.it\/2023\/10\/25\/7-concorso-di-idee-per-scuole-b2youth-attenzione-agli-altri-e-premio-innovazione-sociale-e-sviluppo-sostenibile\/#primaryimage"},"thumbnailUrl":"https:\/\/www.bellunopress.it\/wp-content\/uploads\/2023\/10\/premiazione-scuole-camera-di-commercio-tv_edited.jpg","datePublished":"2023-10-25T15:25:12+00:00","dateModified":"2023-10-25T18:15:08+00:00","breadcrumb":{"@id":"https:\/\/www.bellunopress.it\/2023\/10\/25\/7-concorso-di-idee-per-scuole-b2youth-attenzione-agli-altri-e-premio-innovazione-sociale-e-sviluppo-sostenibile\/#breadcrumb"},"inLanguage":"fr-FR","potentialAction":[{"@type":"ReadAction","target":["https:\/\/www.bellunopress.it\/2023\/10\/25\/7-concorso-di-idee-per-scuole-b2youth-attenzione-agli-altri-e-premio-innovazione-sociale-e-sviluppo-sostenibile\/"]}]},{"@type":"ImageObject","inLanguage":"fr-FR","@id":"https:\/\/www.bellunopress.it\/2023\/10\/25\/7-concorso-di-idee-per-scuole-b2youth-attenzione-agli-altri-e-premio-innovazione-sociale-e-sviluppo-sostenibile\/#primaryimage","url":"https:\/\/www.bellunopress.it\/wp-content\/uploads\/2023\/10\/premiazione-scuole-camera-di-commercio-tv_edited.jpg","contentUrl":"https:\/\/www.bellunopress.it\/wp-content\/uploads\/2023\/10\/premiazione-scuole-camera-di-commercio-tv_edited.jpg","width":1000,"height":753},{"@type":"BreadcrumbList","@id":"https:\/\/www.bellunopress.it\/2023\/10\/25\/7-concorso-di-idee-per-scuole-b2youth-attenzione-agli-altri-e-premio-innovazione-sociale-e-sviluppo-sostenibile\/#breadcrumb","itemListElement":[{"@type":"ListItem","position":1,"name":"Home","item":"https:\/\/www.bellunopress.it\/"},{"@type":"ListItem","position":2,"name":"Camera di Commercio TV BL. 7\u00b0 Concorso di idee per scuole \u201cB2Youth: attenzione agli altri\u201d e\u00a0 \u201cPremio innovazione sociale e sviluppo sostenibile\u201d"}]},{"@type":"WebSite","@id":"https:\/\/www.bellunopress.it\/#website","url":"https:\/\/www.bellunopress.it\/","name":"Bellunopress - Dolomiti","description":"e-mail: redazione@bellunopress.it","publisher":{"@id":"https:\/\/www.bellunopress.it\/#organization"},"potentialAction":[{"@type":"SearchAction","target":{"@type":"EntryPoint","urlTemplate":"https:\/\/www.bellunopress.it\/?s={search_term_string}"},"query-input":{"@type":"PropertyValueSpecification","valueRequired":true,"valueName":"search_term_string"}}],"inLanguage":"fr-FR"},{"@type":"Organization","@id":"https:\/\/www.bellunopress.it\/#organization","name":"Bellunopress","url":"https:\/\/www.bellunopress.it\/","logo":{"@type":"ImageObject","inLanguage":"fr-FR","@id":"https:\/\/www.bellunopress.it\/#\/schema\/logo\/image\/","url":"https:\/\/www.bellunopress.it\/wp-content\/uploads\/2011\/05\/cropped-logo-bellunopress-.jpg","contentUrl":"https:\/\/www.bellunopress.it\/wp-content\/uploads\/2011\/05\/cropped-logo-bellunopress-.jpg","width":512,"height":512,"caption":"Bellunopress"},"image":{"@id":"https:\/\/www.bellunopress.it\/#\/schema\/logo\/image\/"},"sameAs":["https:\/\/www.facebook.com\/profile.php?id=100008943462799","https:\/\/x.com\/bellunopress","https:\/\/www.linkedin.com\/hp\/?dnr=JBzUWaJfMUw8vbXJJ2tVW5-I3jZKvC4wsoxE&amp;amp;amp;amp;amp;amp;trk=nav_responsive_tab_home","https:\/\/www.youtube.com\/channel\/UCxL0wu1uN0_3_7hGG0306cw"]},{"@type":"Person","@id":"https:\/\/www.bellunopress.it\/#\/schema\/person\/79bb06722b37ece1c03d3e94beb30d73","name":"r\u00e9daction","image":{"@type":"ImageObject","inLanguage":"fr-FR","@id":"https:\/\/secure.gravatar.com\/avatar\/37d968a2e67a6fd04c169c4bdef102d0bc5d31b2546345219e348575eb80e9a0?s=96&d=mm&r=g","url":"https:\/\/secure.gravatar.com\/avatar\/37d968a2e67a6fd04c169c4bdef102d0bc5d31b2546345219e348575eb80e9a0?s=96&d=mm&r=g","contentUrl":"https:\/\/secure.gravatar.com\/avatar\/37d968a2e67a6fd04c169c4bdef102d0bc5d31b2546345219e348575eb80e9a0?s=96&d=mm&r=g","caption":"redazione"},"sameAs":["http:\/\/www.bellunopress.it","https:\/\/x.com\/bellunopress"],"url":"https:\/\/www.bellunopress.it\/fr\/author\/redazione\/"}]}},"_links":{"self":[{"href":"https:\/\/www.bellunopress.it\/fr\/wp-json\/wp\/v2\/posts\/145336","targetHints":{"allow":["GET"]}}],"collection":[{"href":"https:\/\/www.bellunopress.it\/fr\/wp-json\/wp\/v2\/posts"}],"about":[{"href":"https:\/\/www.bellunopress.it\/fr\/wp-json\/wp\/v2\/types\/post"}],"author":[{"embeddable":true,"href":"https:\/\/www.bellunopress.it\/fr\/wp-json\/wp\/v2\/users\/2"}],"replies":[{"embeddable":true,"href":"https:\/\/www.bellunopress.it\/fr\/wp-json\/wp\/v2\/comments?post=145336"}],"version-history":[{"count":5,"href":"https:\/\/www.bellunopress.it\/fr\/wp-json\/wp\/v2\/posts\/145336\/revisions"}],"predecessor-version":[{"id":145346,"href":"https:\/\/www.bellunopress.it\/fr\/wp-json\/wp\/v2\/posts\/145336\/revisions\/145346"}],"wp:featuredmedia":[{"embeddable":true,"href":"https:\/\/www.bellunopress.it\/fr\/wp-json\/wp\/v2\/media\/145342"}],"wp:attachment":[{"href":"https:\/\/www.bellunopress.it\/fr\/wp-json\/wp\/v2\/media?parent=145336"}],"wp:term":[{"taxonomy":"category","embeddable":true,"href":"https:\/\/www.bellunopress.it\/fr\/wp-json\/wp\/v2\/categories?post=145336"},{"taxonomy":"post_tag","embeddable":true,"href":"https:\/\/www.bellunopress.it\/fr\/wp-json\/wp\/v2\/tags?post=145336"}],"curies":[{"name":"wp","href":"https:\/\/api.w.org\/{rel}","templated":true}]}}