{"id":145330,"date":"2023-10-25T15:43:55","date_gmt":"2023-10-25T13:43:55","guid":{"rendered":"https:\/\/www.bellunopress.it\/?p=145330"},"modified":"2023-10-25T15:43:55","modified_gmt":"2023-10-25T13:43:55","slug":"demografia-dimpresa-treviso-e-belluno-terzo-trimestre-2023-1600-cancellazioni-dufficio-a-treviso-e-oltre-170-a-belluno","status":"publish","type":"post","link":"https:\/\/www.bellunopress.it\/fr\/2023\/10\/25\/demografia-dimpresa-treviso-e-belluno-terzo-trimestre-2023-1600-cancellazioni-dufficio-a-treviso-e-oltre-170-a-belluno\/","title":{"rendered":"Demografia d&#8217;impresa Treviso e Belluno terzo trimestre 2023. 1600 cancellazioni d&#8217;ufficio a Treviso e oltre 170 a Belluno"},"content":{"rendered":"<figure id=\"attachment_145120\" aria-describedby=\"caption-attachment-145120\" style=\"width: 1000px\" class=\"wp-caption alignleft\"><img loading=\"lazy\" decoding=\"async\" class=\"size-full wp-image-145120\" src=\"https:\/\/www.bellunopress.it\/wp-content\/uploads\/2023\/10\/Mario-Pozza_edited.jpg\" alt=\"\" width=\"1000\" height=\"800\" srcset=\"https:\/\/www.bellunopress.it\/wp-content\/uploads\/2023\/10\/Mario-Pozza_edited.jpg 1000w, https:\/\/www.bellunopress.it\/wp-content\/uploads\/2023\/10\/Mario-Pozza_edited-500x400.jpg 500w, https:\/\/www.bellunopress.it\/wp-content\/uploads\/2023\/10\/Mario-Pozza_edited-696x557.jpg 696w\" sizes=\"auto, (max-width: 1000px) 100vw, 1000px\" \/><figcaption id=\"caption-attachment-145120\" class=\"wp-caption-text\">Mario Pozza &#8211; Presidente Camera di Commercio Treviso\/Belluno<\/figcaption><\/figure>\n<p>Treviso, 25 ottobre 2023 &#8211;\u00a0Il dato trevigiano e bellunese sulla <a href=\"https:\/\/www.tb.camcom.gov.it\/content\/15186\/studi\/MonitorEconomia\/Focusdemografia\/\">demografia d\u2019impresa<\/a> relativo al terzo trimestre 2023 \u00e8 fortemente condizionato da un importante procedimento amministrativo di cancellazioni d\u2019ufficio che ha visto impegnato per diversi mesi gli uffici del nostro Registro Imprese \u2013 avverte subito il Presidente della Camera di Commercio di Treviso-Belluno, Mario Pozza. Il procedimento ha riguardato numerose ditte individuali, per mancato compimento degli atti di gestione negli ultimi tre anni, ai sensi del DPR n. 247\/2004: nella provincia di Treviso sono state cancellate oltre 1.600 ditte individuali, oltre 170 ne sono state cancellate in quella di Belluno.<br \/>\nIn entrambe le province, queste ditte individuali cancellate appartenevano soprattutto ai settori dell\u2019edilizia e del commercio al dettaglio \u2013 spiega il Presidente &#8211; inoltre, pi\u00f9 della met\u00e0 faceva riferimento ad imprenditoria straniera.<\/p>\n<p>Inevitabilmente &#8211; continua Pozza &#8211; queste cancellazioni d\u2019ufficio creano una significativa discontinuit\u00e0 nelle consistenze d\u2019imprese: a Treviso lo stock si assesta a 78.099 sedi di imprese attive, a Belluno le sedi attive sono pari a 13.542: numeri che non possiamo confrontare con i trimestri precedenti.<\/p>\n<p>Si pu\u00f2 per\u00f2 tentare un bilancio demografico parziale in questo modo \u2013 spiega il Presidente: poich\u00e9 il procedimento di cancellazione d\u2019ufficio ha riguardato solo le ditte individuali, possiamo limitarci a considerare la dinamica delle attive nelle altre forme giuridiche (societ\u00e0 di persone, societ\u00e0 di capitali, cooperative, etc.). Con questa accortezza, al netto del disturbo statistico generato delle cancellazioni, si riesce ad evidenziare una lieve flessione delle consistenze su base annua (settembre 2023 rispetto a settembre 2022): di -68 sedi attive per Treviso e di -44 sedi attive per Belluno.<\/p>\n<p>Nella provincia di Treviso le flessioni pi\u00f9 rilevanti su base annua (sempre al netto delle cancellazioni d\u2019ufficio) riguardano il commercio all\u2019ingrosso (-109 sedi), le attivit\u00e0 di risto-razione (-46), il commercio al dettaglio (-45), i servizi ICT (-34), il legno arredo (-33), la metalmeccanica (-30). Compensano in positivo le attivit\u00e0 professionali (+75), le attivit\u00e0 finanziarie e assicurative (+74), l\u2019agricoltura (+66), l\u2019edilizia (+53).<\/p>\n<p>Nella provincia di Belluno la flessione di -44 sedi d\u2019impresa si spalma in modo pi\u00f9 omogeneo tra manifatturiero (soprattutto metalmeccanica), commercio (sia ingrosso che dettaglio), alloggio e ristorazione, attivit\u00e0 professionali. In controtendenza positiva agricoltura, edilizia e attivit\u00e0 finanziarie e assicurative.<\/p>\n<p>Continua a crescere il numero di unit\u00e0 locali dipendenti per gli ormai noti processi di plurilocalizzazione o di acquisizioni\/incorporazioni d\u2019impresa: a Treviso, da settembre 2022 a settembre 2023 le unit\u00e0 locali passano da 18.872 a 19.172 (+300), a Belluno passano da 4.544 a 4.633 (+89).<br \/>\n\u00c8 un fenomeno \u2013 commenta Pozza &#8211; che vediamo da diverso tempo e che va approfondito nel quadro di ragionamenti a pi\u00f9 ampio spettro sulle ragioni di attrattivit\u00e0 del nostro territorio (che in effetti attira investimenti) e al tempo stesso sulla difesa e valorizzazione delle nostre distintivit\u00e0.<\/p>\n<p>La demografia d\u2019impresa nelle province di Treviso e di Belluno: principali evidenze<br \/>\nIn base ai dati rilasciati da Infocamere, in provincia di Treviso al 30 settembre 2023 si contano 78.099 sedi d\u2019impresa attive (-1.701 unit\u00e0 rispetto a giugno 2023 e -1.728 unit\u00e0 rispetto a settembre 2022).<br \/>\nIn provincia di Belluno le sedi d\u2019impresa attive sono pari a 13.542 (-188 unit\u00e0 rispetto al trimestre scorso e -276 unit\u00e0 rispetto allo scorso anno).<br \/>\nIl risultato \u00e8 condizionato dal numero consistente di cancellazioni d\u2019ufficio di imprese individuali effettuate dal Registro delle Imprese camerale nel terzo trimestre di quest\u2019anno (oltre 1.600 per la provincia di Treviso ed oltre 170 per la provincia di Belluno).<br \/>\nQuesta operazione di \u201cpulizia\u201d influisce inevitabilmente sulla consistenza e sulla dinamica delle imprese attive nelle due provincie e si va a sommare al \u201cnormale\u201d andamento della demografia d\u2019impresa provinciale.<br \/>\nGuardando alle cancellazioni d\u2019ufficio del terzo trimestre 2023 pi\u00f9 della met\u00e0 ha riguardato, per la provincia di Treviso, l\u2019edilizia (34,3%), il commercio al dettaglio (20,3%) ed il manifatturiero (13,3%, sistema moda e metalmeccanica in particolare). Il 57,1% di queste cancellazioni ha interessato imprese condotte in via prevalente o esclusiva da cittadini stranieri.<br \/>\nPer la provincia di Belluno la met\u00e0 circa delle cancellazioni d\u2019ufficio \u00e8 riferibile a ditte individuali del comparto edile (25,4%) e del commercio al dettaglio (24,3%). Il 46,3% delle cessazioni del bellunese ha riguardato imprese a conduzione (in via prevalente o esclusiva) straniera.<br \/>\nPoich\u00e9 il procedimento di cancellazione d\u2019ufficio ha riguardato soltanto le ditte individuali, si pu\u00f2 proporre un bilancio demografico parziale, limitandoci a considerare la dinamica delle attive nelle altre forme giuridiche (societ\u00e0 di persone, societ\u00e0 di capitali, cooperative, etc.). Con questo accorgimento, al netto del disturbo statistico generato dalle cancellazioni di cui sopra, si riesce ad evidenziare una lieve flessione delle consistenze su base annua (settembre 2023 rispetto a settembre 2022): di -68 sedi attive per Treviso e di -44 sedi attive per Belluno.<\/p>\n<p>Nella provincia di Treviso le flessioni pi\u00f9 rilevanti su base annua (sempre al netto delle cancellazioni d\u2019ufficio, considerando l\u2019andamento delle attive nelle forme giuridiche diverse dalle ditte individuali) riguardano il commercio all\u2019ingrosso (-109 sedi), le attivit\u00e0 di ristorazione (-46), il commercio al dettaglio (-45), i servizi ICT (-34), il legno arredo (-33), la metalmeccanica (-30). Compensano in positivo le attivit\u00e0 professionali (+75), le attivit\u00e0 finanziarie e assicurative (+74), l\u2019agricoltura (+66), l\u2019edilizia (+53).<br \/>\nNella provincia di Belluno la flessione (netta) di -44 sedi d\u2019impresa si spalma in modo pi\u00f9 omogeneo tra manifatturiero (soprattutto metalmeccanica), commercio (sia ingrosso che dettaglio), alloggio e ristorazione, attivit\u00e0 professionali. In controtendenza positiva agricoltura, edilizia e attivit\u00e0 finanziarie e assicurative.<br \/>\nLe unit\u00e0 (filiali) dipendenti continuano invece a crescere sia in provincia di Treviso (+300 unit\u00e0 su base annua) sia in provincia di Belluno (+89). A fine settembre si contano 19.172 unit\u00e0 locali attive in provincia di Treviso e 4.633 filiali attive in provincia di Belluno.<br \/>\nLa consistenza delle imprese artigiane attive risulta anch\u2019essa condizionata dalle cancellazioni d\u2019ufficio, considerato che il 36,6% delle ditte individuali trevigiane ed il 41,9% di quelle bellunesi possiede lo status di impresa artigiana. Pertanto, anche il nuovo stock di imprese artigiane (22.097 per la provincia di Treviso, 4.562 imprese per la provincia di Belluno) non pu\u00f2 trovare termini di confronto con i trimestri precedenti. Compiendo anche per le artigiane la stessa operazione di scorporo fatta sul totale imprese, possiamo evidenziare che nel mentre lo stock delle ditte individuali artigiane flette di -614 a Treviso e di -79 a Belluno, lo stock delle sedi artigiane attive con altre forme giuridiche scende di -31 unit\u00e0 a Treviso e di -17 unit\u00e0 a Belluno. Il grosso della flessione, al netto delle ditte individuali, si concentra nelle attivit\u00e0 manifatturiere: si contano -46 imprese a Treviso e -19 a Belluno, a scendere \u00e8 in particolare il comparto della metalmeccanica. In controtendenza positiva per Treviso le imprese artigiane attive nelle costruzioni che crescono di +21 unit\u00e0 al netto delle imprese individuali.<\/p>\n<p>&nbsp;<\/p>\n<p>&nbsp;<\/p>\n<p>&nbsp;<\/p>","protected":false},"excerpt":{"rendered":"<p>Treviso, 25 ottobre 2023 &#8211;\u00a0Il dato trevigiano e bellunese sulla demografia d\u2019impresa relativo al terzo trimestre 2023 \u00e8 fortemente condizionato da un importante procedimento amministrativo di cancellazioni d\u2019ufficio che ha visto impegnato per diversi mesi gli uffici del nostro Registro Imprese \u2013 avverte subito il Presidente della Camera di Commercio di Treviso-Belluno, Mario Pozza. Il [&hellip;]<\/p>\n","protected":false},"author":2,"featured_media":145120,"comment_status":"closed","ping_status":"open","sticky":false,"template":"","format":"standard","meta":{"footnotes":""},"categories":[36,26],"tags":[],"class_list":["post-145330","post","type-post","status-publish","format-standard","has-post-thumbnail","category-lavoro-economia","category-prima-pagina"],"yoast_head":"<!-- This site is optimized with the Yoast SEO plugin v28.4 - https:\/\/yoast.com\/product\/yoast-seo-wordpress\/ -->\n<title>Demografia d&#039;impresa Treviso e Belluno terzo trimestre 2023. 1600 cancellazioni d&#039;ufficio a Treviso e oltre 170 a Belluno - Bellunopress - Dolomiti<\/title>\n<meta name=\"robots\" content=\"index, follow, max-snippet:-1, max-image-preview:large, max-video-preview:-1\" \/>\n<link rel=\"canonical\" href=\"https:\/\/www.bellunopress.it\/fr\/2023\/10\/25\/demografia-dimpresa-treviso-e-belluno-terzo-trimestre-2023-1600-cancellazioni-dufficio-a-treviso-e-oltre-170-a-belluno\/\" \/>\n<meta property=\"og:locale\" content=\"fr_FR\" \/>\n<meta property=\"og:type\" content=\"article\" \/>\n<meta property=\"og:title\" content=\"Demografia d&#039;impresa Treviso e Belluno terzo trimestre 2023. 1600 cancellazioni d&#039;ufficio a Treviso e oltre 170 a Belluno - Bellunopress - Dolomiti\" \/>\n<meta property=\"og:description\" content=\"Treviso, 25 ottobre 2023 &#8211;\u00a0Il dato trevigiano e bellunese sulla demografia d\u2019impresa relativo al terzo trimestre 2023 \u00e8 fortemente condizionato da un importante procedimento amministrativo di cancellazioni d\u2019ufficio che ha visto impegnato per diversi mesi gli uffici del nostro Registro Imprese \u2013 avverte subito il Presidente della Camera di Commercio di Treviso-Belluno, Mario Pozza. Il [&hellip;]\" \/>\n<meta property=\"og:url\" content=\"https:\/\/www.bellunopress.it\/fr\/2023\/10\/25\/demografia-dimpresa-treviso-e-belluno-terzo-trimestre-2023-1600-cancellazioni-dufficio-a-treviso-e-oltre-170-a-belluno\/\" \/>\n<meta property=\"og:site_name\" content=\"Bellunopress - Dolomiti\" \/>\n<meta property=\"article:publisher\" content=\"https:\/\/www.facebook.com\/profile.php?id=100008943462799\" \/>\n<meta property=\"article:published_time\" content=\"2023-10-25T13:43:55+00:00\" \/>\n<meta property=\"og:image\" content=\"https:\/\/www.bellunopress.it\/wp-content\/uploads\/2023\/10\/Mario-Pozza_edited.jpg\" \/>\n\t<meta property=\"og:image:width\" content=\"1000\" \/>\n\t<meta property=\"og:image:height\" content=\"800\" \/>\n\t<meta property=\"og:image:type\" content=\"image\/jpeg\" \/>\n<meta name=\"author\" content=\"redazione\" \/>\n<meta name=\"twitter:card\" content=\"summary_large_image\" \/>\n<meta name=\"twitter:creator\" content=\"@bellunopress\" \/>\n<meta name=\"twitter:site\" content=\"@bellunopress\" \/>\n<meta name=\"twitter:label1\" content=\"Written by\" \/>\n\t<meta name=\"twitter:data1\" content=\"redazione\" \/>\n\t<meta name=\"twitter:label2\" content=\"Est. reading time\" \/>\n\t<meta name=\"twitter:data2\" content=\"5 minutes\" \/>\n<script type=\"application\/ld+json\" class=\"yoast-schema-graph\">{\"@context\":\"https:\\\/\\\/schema.org\",\"@graph\":[{\"@type\":\"Article\",\"@id\":\"https:\\\/\\\/www.bellunopress.it\\\/2023\\\/10\\\/25\\\/demografia-dimpresa-treviso-e-belluno-terzo-trimestre-2023-1600-cancellazioni-dufficio-a-treviso-e-oltre-170-a-belluno\\\/#article\",\"isPartOf\":{\"@id\":\"https:\\\/\\\/www.bellunopress.it\\\/2023\\\/10\\\/25\\\/demografia-dimpresa-treviso-e-belluno-terzo-trimestre-2023-1600-cancellazioni-dufficio-a-treviso-e-oltre-170-a-belluno\\\/\"},\"author\":{\"name\":\"redazione\",\"@id\":\"https:\\\/\\\/www.bellunopress.it\\\/#\\\/schema\\\/person\\\/79bb06722b37ece1c03d3e94beb30d73\"},\"headline\":\"Demografia d&#8217;impresa Treviso e Belluno terzo trimestre 2023. 1600 cancellazioni d&#8217;ufficio a Treviso e oltre 170 a Belluno\",\"datePublished\":\"2023-10-25T13:43:55+00:00\",\"mainEntityOfPage\":{\"@id\":\"https:\\\/\\\/www.bellunopress.it\\\/2023\\\/10\\\/25\\\/demografia-dimpresa-treviso-e-belluno-terzo-trimestre-2023-1600-cancellazioni-dufficio-a-treviso-e-oltre-170-a-belluno\\\/\"},\"wordCount\":1113,\"publisher\":{\"@id\":\"https:\\\/\\\/www.bellunopress.it\\\/#organization\"},\"image\":{\"@id\":\"https:\\\/\\\/www.bellunopress.it\\\/2023\\\/10\\\/25\\\/demografia-dimpresa-treviso-e-belluno-terzo-trimestre-2023-1600-cancellazioni-dufficio-a-treviso-e-oltre-170-a-belluno\\\/#primaryimage\"},\"thumbnailUrl\":\"https:\\\/\\\/www.bellunopress.it\\\/wp-content\\\/uploads\\\/2023\\\/10\\\/Mario-Pozza_edited.jpg\",\"articleSection\":[\"Lavoro, Economia, Turismo\",\"Prima Pagina\"],\"inLanguage\":\"fr-FR\"},{\"@type\":\"WebPage\",\"@id\":\"https:\\\/\\\/www.bellunopress.it\\\/2023\\\/10\\\/25\\\/demografia-dimpresa-treviso-e-belluno-terzo-trimestre-2023-1600-cancellazioni-dufficio-a-treviso-e-oltre-170-a-belluno\\\/\",\"url\":\"https:\\\/\\\/www.bellunopress.it\\\/2023\\\/10\\\/25\\\/demografia-dimpresa-treviso-e-belluno-terzo-trimestre-2023-1600-cancellazioni-dufficio-a-treviso-e-oltre-170-a-belluno\\\/\",\"name\":\"Demografia d'impresa Treviso e Belluno terzo trimestre 2023. 1600 cancellazioni d'ufficio a Treviso e oltre 170 a Belluno - Bellunopress - Dolomiti\",\"isPartOf\":{\"@id\":\"https:\\\/\\\/www.bellunopress.it\\\/#website\"},\"primaryImageOfPage\":{\"@id\":\"https:\\\/\\\/www.bellunopress.it\\\/2023\\\/10\\\/25\\\/demografia-dimpresa-treviso-e-belluno-terzo-trimestre-2023-1600-cancellazioni-dufficio-a-treviso-e-oltre-170-a-belluno\\\/#primaryimage\"},\"image\":{\"@id\":\"https:\\\/\\\/www.bellunopress.it\\\/2023\\\/10\\\/25\\\/demografia-dimpresa-treviso-e-belluno-terzo-trimestre-2023-1600-cancellazioni-dufficio-a-treviso-e-oltre-170-a-belluno\\\/#primaryimage\"},\"thumbnailUrl\":\"https:\\\/\\\/www.bellunopress.it\\\/wp-content\\\/uploads\\\/2023\\\/10\\\/Mario-Pozza_edited.jpg\",\"datePublished\":\"2023-10-25T13:43:55+00:00\",\"breadcrumb\":{\"@id\":\"https:\\\/\\\/www.bellunopress.it\\\/2023\\\/10\\\/25\\\/demografia-dimpresa-treviso-e-belluno-terzo-trimestre-2023-1600-cancellazioni-dufficio-a-treviso-e-oltre-170-a-belluno\\\/#breadcrumb\"},\"inLanguage\":\"fr-FR\",\"potentialAction\":[{\"@type\":\"ReadAction\",\"target\":[\"https:\\\/\\\/www.bellunopress.it\\\/2023\\\/10\\\/25\\\/demografia-dimpresa-treviso-e-belluno-terzo-trimestre-2023-1600-cancellazioni-dufficio-a-treviso-e-oltre-170-a-belluno\\\/\"]}]},{\"@type\":\"ImageObject\",\"inLanguage\":\"fr-FR\",\"@id\":\"https:\\\/\\\/www.bellunopress.it\\\/2023\\\/10\\\/25\\\/demografia-dimpresa-treviso-e-belluno-terzo-trimestre-2023-1600-cancellazioni-dufficio-a-treviso-e-oltre-170-a-belluno\\\/#primaryimage\",\"url\":\"https:\\\/\\\/www.bellunopress.it\\\/wp-content\\\/uploads\\\/2023\\\/10\\\/Mario-Pozza_edited.jpg\",\"contentUrl\":\"https:\\\/\\\/www.bellunopress.it\\\/wp-content\\\/uploads\\\/2023\\\/10\\\/Mario-Pozza_edited.jpg\",\"width\":1000,\"height\":800,\"caption\":\"Mario Pozza - Presidente Camera di Commercio Treviso\\\/Belluno\\\/Dolomiti\"},{\"@type\":\"BreadcrumbList\",\"@id\":\"https:\\\/\\\/www.bellunopress.it\\\/2023\\\/10\\\/25\\\/demografia-dimpresa-treviso-e-belluno-terzo-trimestre-2023-1600-cancellazioni-dufficio-a-treviso-e-oltre-170-a-belluno\\\/#breadcrumb\",\"itemListElement\":[{\"@type\":\"ListItem\",\"position\":1,\"name\":\"Home\",\"item\":\"https:\\\/\\\/www.bellunopress.it\\\/\"},{\"@type\":\"ListItem\",\"position\":2,\"name\":\"Demografia d&#8217;impresa Treviso e Belluno terzo trimestre 2023. 1600 cancellazioni d&#8217;ufficio a Treviso e oltre 170 a Belluno\"}]},{\"@type\":\"WebSite\",\"@id\":\"https:\\\/\\\/www.bellunopress.it\\\/#website\",\"url\":\"https:\\\/\\\/www.bellunopress.it\\\/\",\"name\":\"Bellunopress - Dolomiti\",\"description\":\"e-mail: redazione@bellunopress.it\",\"publisher\":{\"@id\":\"https:\\\/\\\/www.bellunopress.it\\\/#organization\"},\"potentialAction\":[{\"@type\":\"SearchAction\",\"target\":{\"@type\":\"EntryPoint\",\"urlTemplate\":\"https:\\\/\\\/www.bellunopress.it\\\/?s={search_term_string}\"},\"query-input\":{\"@type\":\"PropertyValueSpecification\",\"valueRequired\":true,\"valueName\":\"search_term_string\"}}],\"inLanguage\":\"fr-FR\"},{\"@type\":\"Organization\",\"@id\":\"https:\\\/\\\/www.bellunopress.it\\\/#organization\",\"name\":\"Bellunopress\",\"url\":\"https:\\\/\\\/www.bellunopress.it\\\/\",\"logo\":{\"@type\":\"ImageObject\",\"inLanguage\":\"fr-FR\",\"@id\":\"https:\\\/\\\/www.bellunopress.it\\\/#\\\/schema\\\/logo\\\/image\\\/\",\"url\":\"https:\\\/\\\/www.bellunopress.it\\\/wp-content\\\/uploads\\\/2011\\\/05\\\/cropped-logo-bellunopress-.jpg\",\"contentUrl\":\"https:\\\/\\\/www.bellunopress.it\\\/wp-content\\\/uploads\\\/2011\\\/05\\\/cropped-logo-bellunopress-.jpg\",\"width\":512,\"height\":512,\"caption\":\"Bellunopress\"},\"image\":{\"@id\":\"https:\\\/\\\/www.bellunopress.it\\\/#\\\/schema\\\/logo\\\/image\\\/\"},\"sameAs\":[\"https:\\\/\\\/www.facebook.com\\\/profile.php?id=100008943462799\",\"https:\\\/\\\/x.com\\\/bellunopress\",\"https:\\\/\\\/www.linkedin.com\\\/hp\\\/?dnr=JBzUWaJfMUw8vbXJJ2tVW5-I3jZKvC4wsoxE&amp;amp;amp;amp;amp;amp;trk=nav_responsive_tab_home\",\"https:\\\/\\\/www.youtube.com\\\/channel\\\/UCxL0wu1uN0_3_7hGG0306cw\"]},{\"@type\":\"Person\",\"@id\":\"https:\\\/\\\/www.bellunopress.it\\\/#\\\/schema\\\/person\\\/79bb06722b37ece1c03d3e94beb30d73\",\"name\":\"redazione\",\"image\":{\"@type\":\"ImageObject\",\"inLanguage\":\"fr-FR\",\"@id\":\"https:\\\/\\\/secure.gravatar.com\\\/avatar\\\/37d968a2e67a6fd04c169c4bdef102d0bc5d31b2546345219e348575eb80e9a0?s=96&d=mm&r=g\",\"url\":\"https:\\\/\\\/secure.gravatar.com\\\/avatar\\\/37d968a2e67a6fd04c169c4bdef102d0bc5d31b2546345219e348575eb80e9a0?s=96&d=mm&r=g\",\"contentUrl\":\"https:\\\/\\\/secure.gravatar.com\\\/avatar\\\/37d968a2e67a6fd04c169c4bdef102d0bc5d31b2546345219e348575eb80e9a0?s=96&d=mm&r=g\",\"caption\":\"redazione\"},\"sameAs\":[\"http:\\\/\\\/www.bellunopress.it\",\"https:\\\/\\\/x.com\\\/bellunopress\"],\"url\":\"https:\\\/\\\/www.bellunopress.it\\\/fr\\\/author\\\/redazione\\\/\"}]}<\/script>\n<!-- \/ Yoast SEO plugin. -->","yoast_head_json":{"title":"Demografia d'impresa Treviso e Belluno terzo trimestre 2023. 1600 cancellazioni d'ufficio a Treviso e oltre 170 a Belluno - Bellunopress - Dolomiti","robots":{"index":"index","follow":"follow","max-snippet":"max-snippet:-1","max-image-preview":"max-image-preview:large","max-video-preview":"max-video-preview:-1"},"canonical":"https:\/\/www.bellunopress.it\/fr\/2023\/10\/25\/demografia-dimpresa-treviso-e-belluno-terzo-trimestre-2023-1600-cancellazioni-dufficio-a-treviso-e-oltre-170-a-belluno\/","og_locale":"fr_FR","og_type":"article","og_title":"Demografia d'impresa Treviso e Belluno terzo trimestre 2023. 1600 cancellazioni d'ufficio a Treviso e oltre 170 a Belluno - Bellunopress - Dolomiti","og_description":"Treviso, 25 ottobre 2023 &#8211;\u00a0Il dato trevigiano e bellunese sulla demografia d\u2019impresa relativo al terzo trimestre 2023 \u00e8 fortemente condizionato da un importante procedimento amministrativo di cancellazioni d\u2019ufficio che ha visto impegnato per diversi mesi gli uffici del nostro Registro Imprese \u2013 avverte subito il Presidente della Camera di Commercio di Treviso-Belluno, Mario Pozza. Il [&hellip;]","og_url":"https:\/\/www.bellunopress.it\/fr\/2023\/10\/25\/demografia-dimpresa-treviso-e-belluno-terzo-trimestre-2023-1600-cancellazioni-dufficio-a-treviso-e-oltre-170-a-belluno\/","og_site_name":"Bellunopress - Dolomiti","article_publisher":"https:\/\/www.facebook.com\/profile.php?id=100008943462799","article_published_time":"2023-10-25T13:43:55+00:00","og_image":[{"width":1000,"height":800,"url":"https:\/\/www.bellunopress.it\/wp-content\/uploads\/2023\/10\/Mario-Pozza_edited.jpg","type":"image\/jpeg"}],"author":"redazione","twitter_card":"summary_large_image","twitter_creator":"@bellunopress","twitter_site":"@bellunopress","twitter_misc":{"Written by":"redazione","Est. reading time":"5 minutes"},"schema":{"@context":"https:\/\/schema.org","@graph":[{"@type":"Article","@id":"https:\/\/www.bellunopress.it\/2023\/10\/25\/demografia-dimpresa-treviso-e-belluno-terzo-trimestre-2023-1600-cancellazioni-dufficio-a-treviso-e-oltre-170-a-belluno\/#article","isPartOf":{"@id":"https:\/\/www.bellunopress.it\/2023\/10\/25\/demografia-dimpresa-treviso-e-belluno-terzo-trimestre-2023-1600-cancellazioni-dufficio-a-treviso-e-oltre-170-a-belluno\/"},"author":{"name":"redazione","@id":"https:\/\/www.bellunopress.it\/#\/schema\/person\/79bb06722b37ece1c03d3e94beb30d73"},"headline":"Demografia d&#8217;impresa Treviso e Belluno terzo trimestre 2023. 1600 cancellazioni d&#8217;ufficio a Treviso e oltre 170 a Belluno","datePublished":"2023-10-25T13:43:55+00:00","mainEntityOfPage":{"@id":"https:\/\/www.bellunopress.it\/2023\/10\/25\/demografia-dimpresa-treviso-e-belluno-terzo-trimestre-2023-1600-cancellazioni-dufficio-a-treviso-e-oltre-170-a-belluno\/"},"wordCount":1113,"publisher":{"@id":"https:\/\/www.bellunopress.it\/#organization"},"image":{"@id":"https:\/\/www.bellunopress.it\/2023\/10\/25\/demografia-dimpresa-treviso-e-belluno-terzo-trimestre-2023-1600-cancellazioni-dufficio-a-treviso-e-oltre-170-a-belluno\/#primaryimage"},"thumbnailUrl":"https:\/\/www.bellunopress.it\/wp-content\/uploads\/2023\/10\/Mario-Pozza_edited.jpg","articleSection":["Lavoro, Economia, Turismo","Prima Pagina"],"inLanguage":"fr-FR"},{"@type":"WebPage","@id":"https:\/\/www.bellunopress.it\/2023\/10\/25\/demografia-dimpresa-treviso-e-belluno-terzo-trimestre-2023-1600-cancellazioni-dufficio-a-treviso-e-oltre-170-a-belluno\/","url":"https:\/\/www.bellunopress.it\/2023\/10\/25\/demografia-dimpresa-treviso-e-belluno-terzo-trimestre-2023-1600-cancellazioni-dufficio-a-treviso-e-oltre-170-a-belluno\/","name":"Demografia d'impresa Treviso e Belluno terzo trimestre 2023. 1600 cancellazioni d'ufficio a Treviso e oltre 170 a Belluno - Bellunopress - Dolomiti","isPartOf":{"@id":"https:\/\/www.bellunopress.it\/#website"},"primaryImageOfPage":{"@id":"https:\/\/www.bellunopress.it\/2023\/10\/25\/demografia-dimpresa-treviso-e-belluno-terzo-trimestre-2023-1600-cancellazioni-dufficio-a-treviso-e-oltre-170-a-belluno\/#primaryimage"},"image":{"@id":"https:\/\/www.bellunopress.it\/2023\/10\/25\/demografia-dimpresa-treviso-e-belluno-terzo-trimestre-2023-1600-cancellazioni-dufficio-a-treviso-e-oltre-170-a-belluno\/#primaryimage"},"thumbnailUrl":"https:\/\/www.bellunopress.it\/wp-content\/uploads\/2023\/10\/Mario-Pozza_edited.jpg","datePublished":"2023-10-25T13:43:55+00:00","breadcrumb":{"@id":"https:\/\/www.bellunopress.it\/2023\/10\/25\/demografia-dimpresa-treviso-e-belluno-terzo-trimestre-2023-1600-cancellazioni-dufficio-a-treviso-e-oltre-170-a-belluno\/#breadcrumb"},"inLanguage":"fr-FR","potentialAction":[{"@type":"ReadAction","target":["https:\/\/www.bellunopress.it\/2023\/10\/25\/demografia-dimpresa-treviso-e-belluno-terzo-trimestre-2023-1600-cancellazioni-dufficio-a-treviso-e-oltre-170-a-belluno\/"]}]},{"@type":"ImageObject","inLanguage":"fr-FR","@id":"https:\/\/www.bellunopress.it\/2023\/10\/25\/demografia-dimpresa-treviso-e-belluno-terzo-trimestre-2023-1600-cancellazioni-dufficio-a-treviso-e-oltre-170-a-belluno\/#primaryimage","url":"https:\/\/www.bellunopress.it\/wp-content\/uploads\/2023\/10\/Mario-Pozza_edited.jpg","contentUrl":"https:\/\/www.bellunopress.it\/wp-content\/uploads\/2023\/10\/Mario-Pozza_edited.jpg","width":1000,"height":800,"caption":"Mario Pozza - Presidente Camera di Commercio Treviso\/Belluno\/Dolomiti"},{"@type":"BreadcrumbList","@id":"https:\/\/www.bellunopress.it\/2023\/10\/25\/demografia-dimpresa-treviso-e-belluno-terzo-trimestre-2023-1600-cancellazioni-dufficio-a-treviso-e-oltre-170-a-belluno\/#breadcrumb","itemListElement":[{"@type":"ListItem","position":1,"name":"Home","item":"https:\/\/www.bellunopress.it\/"},{"@type":"ListItem","position":2,"name":"Demografia d&#8217;impresa Treviso e Belluno terzo trimestre 2023. 1600 cancellazioni d&#8217;ufficio a Treviso e oltre 170 a Belluno"}]},{"@type":"WebSite","@id":"https:\/\/www.bellunopress.it\/#website","url":"https:\/\/www.bellunopress.it\/","name":"Bellunopress - Dolomiti","description":"e-mail: redazione@bellunopress.it","publisher":{"@id":"https:\/\/www.bellunopress.it\/#organization"},"potentialAction":[{"@type":"SearchAction","target":{"@type":"EntryPoint","urlTemplate":"https:\/\/www.bellunopress.it\/?s={search_term_string}"},"query-input":{"@type":"PropertyValueSpecification","valueRequired":true,"valueName":"search_term_string"}}],"inLanguage":"fr-FR"},{"@type":"Organization","@id":"https:\/\/www.bellunopress.it\/#organization","name":"Bellunopress","url":"https:\/\/www.bellunopress.it\/","logo":{"@type":"ImageObject","inLanguage":"fr-FR","@id":"https:\/\/www.bellunopress.it\/#\/schema\/logo\/image\/","url":"https:\/\/www.bellunopress.it\/wp-content\/uploads\/2011\/05\/cropped-logo-bellunopress-.jpg","contentUrl":"https:\/\/www.bellunopress.it\/wp-content\/uploads\/2011\/05\/cropped-logo-bellunopress-.jpg","width":512,"height":512,"caption":"Bellunopress"},"image":{"@id":"https:\/\/www.bellunopress.it\/#\/schema\/logo\/image\/"},"sameAs":["https:\/\/www.facebook.com\/profile.php?id=100008943462799","https:\/\/x.com\/bellunopress","https:\/\/www.linkedin.com\/hp\/?dnr=JBzUWaJfMUw8vbXJJ2tVW5-I3jZKvC4wsoxE&amp;amp;amp;amp;amp;amp;trk=nav_responsive_tab_home","https:\/\/www.youtube.com\/channel\/UCxL0wu1uN0_3_7hGG0306cw"]},{"@type":"Person","@id":"https:\/\/www.bellunopress.it\/#\/schema\/person\/79bb06722b37ece1c03d3e94beb30d73","name":"r\u00e9daction","image":{"@type":"ImageObject","inLanguage":"fr-FR","@id":"https:\/\/secure.gravatar.com\/avatar\/37d968a2e67a6fd04c169c4bdef102d0bc5d31b2546345219e348575eb80e9a0?s=96&d=mm&r=g","url":"https:\/\/secure.gravatar.com\/avatar\/37d968a2e67a6fd04c169c4bdef102d0bc5d31b2546345219e348575eb80e9a0?s=96&d=mm&r=g","contentUrl":"https:\/\/secure.gravatar.com\/avatar\/37d968a2e67a6fd04c169c4bdef102d0bc5d31b2546345219e348575eb80e9a0?s=96&d=mm&r=g","caption":"redazione"},"sameAs":["http:\/\/www.bellunopress.it","https:\/\/x.com\/bellunopress"],"url":"https:\/\/www.bellunopress.it\/fr\/author\/redazione\/"}]}},"_links":{"self":[{"href":"https:\/\/www.bellunopress.it\/fr\/wp-json\/wp\/v2\/posts\/145330","targetHints":{"allow":["GET"]}}],"collection":[{"href":"https:\/\/www.bellunopress.it\/fr\/wp-json\/wp\/v2\/posts"}],"about":[{"href":"https:\/\/www.bellunopress.it\/fr\/wp-json\/wp\/v2\/types\/post"}],"author":[{"embeddable":true,"href":"https:\/\/www.bellunopress.it\/fr\/wp-json\/wp\/v2\/users\/2"}],"replies":[{"embeddable":true,"href":"https:\/\/www.bellunopress.it\/fr\/wp-json\/wp\/v2\/comments?post=145330"}],"version-history":[{"count":1,"href":"https:\/\/www.bellunopress.it\/fr\/wp-json\/wp\/v2\/posts\/145330\/revisions"}],"predecessor-version":[{"id":145331,"href":"https:\/\/www.bellunopress.it\/fr\/wp-json\/wp\/v2\/posts\/145330\/revisions\/145331"}],"wp:featuredmedia":[{"embeddable":true,"href":"https:\/\/www.bellunopress.it\/fr\/wp-json\/wp\/v2\/media\/145120"}],"wp:attachment":[{"href":"https:\/\/www.bellunopress.it\/fr\/wp-json\/wp\/v2\/media?parent=145330"}],"wp:term":[{"taxonomy":"category","embeddable":true,"href":"https:\/\/www.bellunopress.it\/fr\/wp-json\/wp\/v2\/categories?post=145330"},{"taxonomy":"post_tag","embeddable":true,"href":"https:\/\/www.bellunopress.it\/fr\/wp-json\/wp\/v2\/tags?post=145330"}],"curies":[{"name":"wp","href":"https:\/\/api.w.org\/{rel}","templated":true}]}}