{"id":145327,"date":"2023-10-25T15:25:13","date_gmt":"2023-10-25T13:25:13","guid":{"rendered":"https:\/\/www.bellunopress.it\/?p=145327"},"modified":"2023-10-25T15:25:13","modified_gmt":"2023-10-25T13:25:13","slug":"in-mille-gia-iscritti-alla-nuova-sportful-dolomiti-race","status":"publish","type":"post","link":"https:\/\/www.bellunopress.it\/fr\/2023\/10\/25\/in-mille-gia-iscritti-alla-nuova-sportful-dolomiti-race\/","title":{"rendered":"In mille gi\u00e0 iscritti alla nuova Sportful Dolomiti Race"},"content":{"rendered":"<p><em><strong> <img loading=\"lazy\" decoding=\"async\" class=\"alignleft size-full wp-image-145328\" src=\"https:\/\/www.bellunopress.it\/wp-content\/uploads\/2023\/10\/sportful-dolomiti-race_edited.jpg\" alt=\"\" width=\"1000\" height=\"750\" srcset=\"https:\/\/www.bellunopress.it\/wp-content\/uploads\/2023\/10\/sportful-dolomiti-race_edited.jpg 1000w, https:\/\/www.bellunopress.it\/wp-content\/uploads\/2023\/10\/sportful-dolomiti-race_edited-500x375.jpg 500w, https:\/\/www.bellunopress.it\/wp-content\/uploads\/2023\/10\/sportful-dolomiti-race_edited-696x522.jpg 696w\" sizes=\"auto, (max-width: 1000px) 100vw, 1000px\" \/>Atleti da da 20 nazioni del mondo.\u00a0Molte le donne pronte a partire per la 29ma Granfondo di Feltre<\/strong><\/em><\/p>\n<p>Nel tempo di un&#8217;ora sono andati bruciati i primi 500 pettorali per accedere alla &#8220;griglia del Lupo. Ma ieri alle 12.30 l&#8217;apertura delle iscrizioni alla 29. Sportful Dolomiti Race &#8211; la granfondo che partir\u00e0 ed arriver\u00e0 a Feltre il prossimo 16 giugno &#8211; \u00e8 stata davvero con il botto.<\/p>\n<p>Il giorno dopo gli iscritti hanno gi\u00e0 superato quota 1.000 con un 10% di donne e un 15% di stranieri pronti a pedalare sulle Dolomiti Bellunesi che nel 2026 ospiteranno le Olimpiadi.<\/p>\n<p>&#8220;Devo dire che l&#8217;apertura delle iscrizioni ha superato ogni pi\u00f9 rosea nostra previsione \u2013 commenta Ivan Piol, presidente del comitato organizzatore del Pedale Feltrino \u2013 cambiare radicalmente un percorso che comunque funzionava \u00e8 stata per noi una scelta non facile, ma ci sentivamo di dover dare qualcosa alla nostra Provincia in cui comunque tra due anni verranno assegnate delle medaglie olimpiche&#8221;.<\/p>\n<p>Al grande entusiasmo dei ciclisti che si stanno gi\u00e0 iscrivendo da ogni parte del mondo (sono 20 paesi rappresentati al momento da ciclisti che arrivano soprattutto da Germania, Olanda, Svizzera, Austria, Gran Bretagna, Ungheria e Belgio, ma hanno gi\u00e0 prenotato il posto in griglia anche bulgari, francesi, sloveni, norvegesi, irlandesi, neo zelandesi, finlandesi ed estoni, per fare alcuni esempi eclatanti) si \u00e8 aggiunta anche quella dei sindaci e delle Amministrazioni locali bellunesi toccate dal nuovo percorso.<\/p>\n<p>&#8220;Devo dire che all&#8217;indomani della notizia che la Sportful Dolomiti Race avrebbe toccato Agordino e Val di Zoldo ho ricevuto telefonate e messaggi pieni di entusiasmo e riconoscenza da sindaci, amministratori locali oltre che dalla Provincia di Belluno, Dmo e dalla Fondazione Cortina. \u00c8 emersa una &#8220;bellunesit\u00e0&#8221; e un affetto verso questa manifestazione che non ci aspettavamo ma che dimostra che \u00e8 un evento radicato nel territorio al di l\u00e0 del fatto che erano 10 anni che non passavamo da queste zone. Forse finalmente \u00e8 passato il messaggio che la granfondo \u00e8 un evento sportivo certo, ma pu\u00f2 essere anche un importante veicolo promozionale strategico del territorio e del turismo slow in bicicletta&#8221;.<\/p>\n<p>Adesso le iscrizioni continueranno fino al 5 giugno con uno scatto di quota a fine febbraio 2024. Obiettivo del comitato organizzatore \u00e8 di tornare ai fasti pre covid e quindi le novit\u00e0, \u00e8 certo, non si esauriranno con il cambiamento di percorso.<\/p>\n<p>Informazioni nel sito www.sportfuldolomitirace.it o scrivendo in segreteria a info@sportfuldolomitirace.it<\/p>","protected":false},"excerpt":{"rendered":"<p>Atleti da da 20 nazioni del mondo.\u00a0Molte le donne pronte a partire per la 29ma Granfondo di Feltre Nel tempo di un&#8217;ora sono andati bruciati i primi 500 pettorali per accedere alla &#8220;griglia del Lupo. Ma ieri alle 12.30 l&#8217;apertura delle iscrizioni alla 29. Sportful Dolomiti Race &#8211; la granfondo che partir\u00e0 ed arriver\u00e0 a [&hellip;]<\/p>\n","protected":false},"author":2,"featured_media":145328,"comment_status":"closed","ping_status":"open","sticky":false,"template":"","format":"standard","meta":{"footnotes":""},"categories":[25,4],"tags":[],"class_list":["post-145327","post","type-post","status-publish","format-standard","has-post-thumbnail","category-pausa-caffe","category-sport"],"yoast_head":"<!-- This site is optimized with the Yoast SEO plugin v28.4 - https:\/\/yoast.com\/product\/yoast-seo-wordpress\/ -->\n<title>In mille gi\u00e0 iscritti alla nuova Sportful Dolomiti Race - Bellunopress - Dolomiti<\/title>\n<meta name=\"robots\" content=\"index, follow, max-snippet:-1, max-image-preview:large, max-video-preview:-1\" \/>\n<link rel=\"canonical\" href=\"https:\/\/www.bellunopress.it\/fr\/2023\/10\/25\/in-mille-gia-iscritti-alla-nuova-sportful-dolomiti-race\/\" \/>\n<meta property=\"og:locale\" content=\"fr_FR\" \/>\n<meta property=\"og:type\" content=\"article\" \/>\n<meta property=\"og:title\" content=\"In mille gi\u00e0 iscritti alla nuova Sportful Dolomiti Race - Bellunopress - Dolomiti\" \/>\n<meta property=\"og:description\" content=\"Atleti da da 20 nazioni del mondo.\u00a0Molte le donne pronte a partire per la 29ma Granfondo di Feltre Nel tempo di un&#8217;ora sono andati bruciati i primi 500 pettorali per accedere alla &#8220;griglia del Lupo. Ma ieri alle 12.30 l&#8217;apertura delle iscrizioni alla 29. Sportful Dolomiti Race &#8211; la granfondo che partir\u00e0 ed arriver\u00e0 a [&hellip;]\" \/>\n<meta property=\"og:url\" content=\"https:\/\/www.bellunopress.it\/fr\/2023\/10\/25\/in-mille-gia-iscritti-alla-nuova-sportful-dolomiti-race\/\" \/>\n<meta property=\"og:site_name\" content=\"Bellunopress - Dolomiti\" \/>\n<meta property=\"article:publisher\" content=\"https:\/\/www.facebook.com\/profile.php?id=100008943462799\" \/>\n<meta property=\"article:published_time\" content=\"2023-10-25T13:25:13+00:00\" \/>\n<meta property=\"og:image\" content=\"https:\/\/www.bellunopress.it\/wp-content\/uploads\/2023\/10\/sportful-dolomiti-race_edited.jpg\" \/>\n\t<meta property=\"og:image:width\" content=\"1000\" \/>\n\t<meta property=\"og:image:height\" content=\"750\" \/>\n\t<meta property=\"og:image:type\" content=\"image\/jpeg\" \/>\n<meta name=\"author\" content=\"redazione\" \/>\n<meta name=\"twitter:card\" content=\"summary_large_image\" \/>\n<meta name=\"twitter:creator\" content=\"@bellunopress\" \/>\n<meta name=\"twitter:site\" content=\"@bellunopress\" \/>\n<meta name=\"twitter:label1\" content=\"Written by\" \/>\n\t<meta name=\"twitter:data1\" content=\"redazione\" \/>\n\t<meta name=\"twitter:label2\" content=\"Est. reading time\" \/>\n\t<meta name=\"twitter:data2\" content=\"2 minutes\" \/>\n<script type=\"application\/ld+json\" class=\"yoast-schema-graph\">{\"@context\":\"https:\\\/\\\/schema.org\",\"@graph\":[{\"@type\":\"Article\",\"@id\":\"https:\\\/\\\/www.bellunopress.it\\\/2023\\\/10\\\/25\\\/in-mille-gia-iscritti-alla-nuova-sportful-dolomiti-race\\\/#article\",\"isPartOf\":{\"@id\":\"https:\\\/\\\/www.bellunopress.it\\\/2023\\\/10\\\/25\\\/in-mille-gia-iscritti-alla-nuova-sportful-dolomiti-race\\\/\"},\"author\":{\"name\":\"redazione\",\"@id\":\"https:\\\/\\\/www.bellunopress.it\\\/#\\\/schema\\\/person\\\/79bb06722b37ece1c03d3e94beb30d73\"},\"headline\":\"In mille gi\u00e0 iscritti alla nuova Sportful Dolomiti Race\",\"datePublished\":\"2023-10-25T13:25:13+00:00\",\"mainEntityOfPage\":{\"@id\":\"https:\\\/\\\/www.bellunopress.it\\\/2023\\\/10\\\/25\\\/in-mille-gia-iscritti-alla-nuova-sportful-dolomiti-race\\\/\"},\"wordCount\":395,\"publisher\":{\"@id\":\"https:\\\/\\\/www.bellunopress.it\\\/#organization\"},\"image\":{\"@id\":\"https:\\\/\\\/www.bellunopress.it\\\/2023\\\/10\\\/25\\\/in-mille-gia-iscritti-alla-nuova-sportful-dolomiti-race\\\/#primaryimage\"},\"thumbnailUrl\":\"https:\\\/\\\/www.bellunopress.it\\\/wp-content\\\/uploads\\\/2023\\\/10\\\/sportful-dolomiti-race_edited.jpg\",\"articleSection\":[\"Pausa Caff\u00e8\",\"Sport, tempo libero\"],\"inLanguage\":\"fr-FR\"},{\"@type\":\"WebPage\",\"@id\":\"https:\\\/\\\/www.bellunopress.it\\\/2023\\\/10\\\/25\\\/in-mille-gia-iscritti-alla-nuova-sportful-dolomiti-race\\\/\",\"url\":\"https:\\\/\\\/www.bellunopress.it\\\/2023\\\/10\\\/25\\\/in-mille-gia-iscritti-alla-nuova-sportful-dolomiti-race\\\/\",\"name\":\"In mille gi\u00e0 iscritti alla nuova Sportful Dolomiti Race - Bellunopress - Dolomiti\",\"isPartOf\":{\"@id\":\"https:\\\/\\\/www.bellunopress.it\\\/#website\"},\"primaryImageOfPage\":{\"@id\":\"https:\\\/\\\/www.bellunopress.it\\\/2023\\\/10\\\/25\\\/in-mille-gia-iscritti-alla-nuova-sportful-dolomiti-race\\\/#primaryimage\"},\"image\":{\"@id\":\"https:\\\/\\\/www.bellunopress.it\\\/2023\\\/10\\\/25\\\/in-mille-gia-iscritti-alla-nuova-sportful-dolomiti-race\\\/#primaryimage\"},\"thumbnailUrl\":\"https:\\\/\\\/www.bellunopress.it\\\/wp-content\\\/uploads\\\/2023\\\/10\\\/sportful-dolomiti-race_edited.jpg\",\"datePublished\":\"2023-10-25T13:25:13+00:00\",\"breadcrumb\":{\"@id\":\"https:\\\/\\\/www.bellunopress.it\\\/2023\\\/10\\\/25\\\/in-mille-gia-iscritti-alla-nuova-sportful-dolomiti-race\\\/#breadcrumb\"},\"inLanguage\":\"fr-FR\",\"potentialAction\":[{\"@type\":\"ReadAction\",\"target\":[\"https:\\\/\\\/www.bellunopress.it\\\/2023\\\/10\\\/25\\\/in-mille-gia-iscritti-alla-nuova-sportful-dolomiti-race\\\/\"]}]},{\"@type\":\"ImageObject\",\"inLanguage\":\"fr-FR\",\"@id\":\"https:\\\/\\\/www.bellunopress.it\\\/2023\\\/10\\\/25\\\/in-mille-gia-iscritti-alla-nuova-sportful-dolomiti-race\\\/#primaryimage\",\"url\":\"https:\\\/\\\/www.bellunopress.it\\\/wp-content\\\/uploads\\\/2023\\\/10\\\/sportful-dolomiti-race_edited.jpg\",\"contentUrl\":\"https:\\\/\\\/www.bellunopress.it\\\/wp-content\\\/uploads\\\/2023\\\/10\\\/sportful-dolomiti-race_edited.jpg\",\"width\":1000,\"height\":750},{\"@type\":\"BreadcrumbList\",\"@id\":\"https:\\\/\\\/www.bellunopress.it\\\/2023\\\/10\\\/25\\\/in-mille-gia-iscritti-alla-nuova-sportful-dolomiti-race\\\/#breadcrumb\",\"itemListElement\":[{\"@type\":\"ListItem\",\"position\":1,\"name\":\"Home\",\"item\":\"https:\\\/\\\/www.bellunopress.it\\\/\"},{\"@type\":\"ListItem\",\"position\":2,\"name\":\"In mille gi\u00e0 iscritti alla nuova Sportful Dolomiti Race\"}]},{\"@type\":\"WebSite\",\"@id\":\"https:\\\/\\\/www.bellunopress.it\\\/#website\",\"url\":\"https:\\\/\\\/www.bellunopress.it\\\/\",\"name\":\"Bellunopress - Dolomiti\",\"description\":\"e-mail: redazione@bellunopress.it\",\"publisher\":{\"@id\":\"https:\\\/\\\/www.bellunopress.it\\\/#organization\"},\"potentialAction\":[{\"@type\":\"SearchAction\",\"target\":{\"@type\":\"EntryPoint\",\"urlTemplate\":\"https:\\\/\\\/www.bellunopress.it\\\/?s={search_term_string}\"},\"query-input\":{\"@type\":\"PropertyValueSpecification\",\"valueRequired\":true,\"valueName\":\"search_term_string\"}}],\"inLanguage\":\"fr-FR\"},{\"@type\":\"Organization\",\"@id\":\"https:\\\/\\\/www.bellunopress.it\\\/#organization\",\"name\":\"Bellunopress\",\"url\":\"https:\\\/\\\/www.bellunopress.it\\\/\",\"logo\":{\"@type\":\"ImageObject\",\"inLanguage\":\"fr-FR\",\"@id\":\"https:\\\/\\\/www.bellunopress.it\\\/#\\\/schema\\\/logo\\\/image\\\/\",\"url\":\"https:\\\/\\\/www.bellunopress.it\\\/wp-content\\\/uploads\\\/2011\\\/05\\\/cropped-logo-bellunopress-.jpg\",\"contentUrl\":\"https:\\\/\\\/www.bellunopress.it\\\/wp-content\\\/uploads\\\/2011\\\/05\\\/cropped-logo-bellunopress-.jpg\",\"width\":512,\"height\":512,\"caption\":\"Bellunopress\"},\"image\":{\"@id\":\"https:\\\/\\\/www.bellunopress.it\\\/#\\\/schema\\\/logo\\\/image\\\/\"},\"sameAs\":[\"https:\\\/\\\/www.facebook.com\\\/profile.php?id=100008943462799\",\"https:\\\/\\\/x.com\\\/bellunopress\",\"https:\\\/\\\/www.linkedin.com\\\/hp\\\/?dnr=JBzUWaJfMUw8vbXJJ2tVW5-I3jZKvC4wsoxE&amp;amp;amp;amp;amp;amp;trk=nav_responsive_tab_home\",\"https:\\\/\\\/www.youtube.com\\\/channel\\\/UCxL0wu1uN0_3_7hGG0306cw\"]},{\"@type\":\"Person\",\"@id\":\"https:\\\/\\\/www.bellunopress.it\\\/#\\\/schema\\\/person\\\/79bb06722b37ece1c03d3e94beb30d73\",\"name\":\"redazione\",\"image\":{\"@type\":\"ImageObject\",\"inLanguage\":\"fr-FR\",\"@id\":\"https:\\\/\\\/secure.gravatar.com\\\/avatar\\\/37d968a2e67a6fd04c169c4bdef102d0bc5d31b2546345219e348575eb80e9a0?s=96&d=mm&r=g\",\"url\":\"https:\\\/\\\/secure.gravatar.com\\\/avatar\\\/37d968a2e67a6fd04c169c4bdef102d0bc5d31b2546345219e348575eb80e9a0?s=96&d=mm&r=g\",\"contentUrl\":\"https:\\\/\\\/secure.gravatar.com\\\/avatar\\\/37d968a2e67a6fd04c169c4bdef102d0bc5d31b2546345219e348575eb80e9a0?s=96&d=mm&r=g\",\"caption\":\"redazione\"},\"sameAs\":[\"http:\\\/\\\/www.bellunopress.it\",\"https:\\\/\\\/x.com\\\/bellunopress\"],\"url\":\"https:\\\/\\\/www.bellunopress.it\\\/fr\\\/author\\\/redazione\\\/\"}]}<\/script>\n<!-- \/ Yoast SEO plugin. -->","yoast_head_json":{"title":"In mille gi\u00e0 iscritti alla nuova Sportful Dolomiti Race - Bellunopress - Dolomiti","robots":{"index":"index","follow":"follow","max-snippet":"max-snippet:-1","max-image-preview":"max-image-preview:large","max-video-preview":"max-video-preview:-1"},"canonical":"https:\/\/www.bellunopress.it\/fr\/2023\/10\/25\/in-mille-gia-iscritti-alla-nuova-sportful-dolomiti-race\/","og_locale":"fr_FR","og_type":"article","og_title":"In mille gi\u00e0 iscritti alla nuova Sportful Dolomiti Race - Bellunopress - Dolomiti","og_description":"Atleti da da 20 nazioni del mondo.\u00a0Molte le donne pronte a partire per la 29ma Granfondo di Feltre Nel tempo di un&#8217;ora sono andati bruciati i primi 500 pettorali per accedere alla &#8220;griglia del Lupo. Ma ieri alle 12.30 l&#8217;apertura delle iscrizioni alla 29. Sportful Dolomiti Race &#8211; la granfondo che partir\u00e0 ed arriver\u00e0 a [&hellip;]","og_url":"https:\/\/www.bellunopress.it\/fr\/2023\/10\/25\/in-mille-gia-iscritti-alla-nuova-sportful-dolomiti-race\/","og_site_name":"Bellunopress - Dolomiti","article_publisher":"https:\/\/www.facebook.com\/profile.php?id=100008943462799","article_published_time":"2023-10-25T13:25:13+00:00","og_image":[{"width":1000,"height":750,"url":"https:\/\/www.bellunopress.it\/wp-content\/uploads\/2023\/10\/sportful-dolomiti-race_edited.jpg","type":"image\/jpeg"}],"author":"redazione","twitter_card":"summary_large_image","twitter_creator":"@bellunopress","twitter_site":"@bellunopress","twitter_misc":{"Written by":"redazione","Est. reading time":"2 minutes"},"schema":{"@context":"https:\/\/schema.org","@graph":[{"@type":"Article","@id":"https:\/\/www.bellunopress.it\/2023\/10\/25\/in-mille-gia-iscritti-alla-nuova-sportful-dolomiti-race\/#article","isPartOf":{"@id":"https:\/\/www.bellunopress.it\/2023\/10\/25\/in-mille-gia-iscritti-alla-nuova-sportful-dolomiti-race\/"},"author":{"name":"redazione","@id":"https:\/\/www.bellunopress.it\/#\/schema\/person\/79bb06722b37ece1c03d3e94beb30d73"},"headline":"In mille gi\u00e0 iscritti alla nuova Sportful Dolomiti Race","datePublished":"2023-10-25T13:25:13+00:00","mainEntityOfPage":{"@id":"https:\/\/www.bellunopress.it\/2023\/10\/25\/in-mille-gia-iscritti-alla-nuova-sportful-dolomiti-race\/"},"wordCount":395,"publisher":{"@id":"https:\/\/www.bellunopress.it\/#organization"},"image":{"@id":"https:\/\/www.bellunopress.it\/2023\/10\/25\/in-mille-gia-iscritti-alla-nuova-sportful-dolomiti-race\/#primaryimage"},"thumbnailUrl":"https:\/\/www.bellunopress.it\/wp-content\/uploads\/2023\/10\/sportful-dolomiti-race_edited.jpg","articleSection":["Pausa Caff\u00e8","Sport, tempo libero"],"inLanguage":"fr-FR"},{"@type":"WebPage","@id":"https:\/\/www.bellunopress.it\/2023\/10\/25\/in-mille-gia-iscritti-alla-nuova-sportful-dolomiti-race\/","url":"https:\/\/www.bellunopress.it\/2023\/10\/25\/in-mille-gia-iscritti-alla-nuova-sportful-dolomiti-race\/","name":"In mille gi\u00e0 iscritti alla nuova Sportful Dolomiti Race - Bellunopress - Dolomiti","isPartOf":{"@id":"https:\/\/www.bellunopress.it\/#website"},"primaryImageOfPage":{"@id":"https:\/\/www.bellunopress.it\/2023\/10\/25\/in-mille-gia-iscritti-alla-nuova-sportful-dolomiti-race\/#primaryimage"},"image":{"@id":"https:\/\/www.bellunopress.it\/2023\/10\/25\/in-mille-gia-iscritti-alla-nuova-sportful-dolomiti-race\/#primaryimage"},"thumbnailUrl":"https:\/\/www.bellunopress.it\/wp-content\/uploads\/2023\/10\/sportful-dolomiti-race_edited.jpg","datePublished":"2023-10-25T13:25:13+00:00","breadcrumb":{"@id":"https:\/\/www.bellunopress.it\/2023\/10\/25\/in-mille-gia-iscritti-alla-nuova-sportful-dolomiti-race\/#breadcrumb"},"inLanguage":"fr-FR","potentialAction":[{"@type":"ReadAction","target":["https:\/\/www.bellunopress.it\/2023\/10\/25\/in-mille-gia-iscritti-alla-nuova-sportful-dolomiti-race\/"]}]},{"@type":"ImageObject","inLanguage":"fr-FR","@id":"https:\/\/www.bellunopress.it\/2023\/10\/25\/in-mille-gia-iscritti-alla-nuova-sportful-dolomiti-race\/#primaryimage","url":"https:\/\/www.bellunopress.it\/wp-content\/uploads\/2023\/10\/sportful-dolomiti-race_edited.jpg","contentUrl":"https:\/\/www.bellunopress.it\/wp-content\/uploads\/2023\/10\/sportful-dolomiti-race_edited.jpg","width":1000,"height":750},{"@type":"BreadcrumbList","@id":"https:\/\/www.bellunopress.it\/2023\/10\/25\/in-mille-gia-iscritti-alla-nuova-sportful-dolomiti-race\/#breadcrumb","itemListElement":[{"@type":"ListItem","position":1,"name":"Home","item":"https:\/\/www.bellunopress.it\/"},{"@type":"ListItem","position":2,"name":"In mille gi\u00e0 iscritti alla nuova Sportful Dolomiti Race"}]},{"@type":"WebSite","@id":"https:\/\/www.bellunopress.it\/#website","url":"https:\/\/www.bellunopress.it\/","name":"Bellunopress - Dolomiti","description":"e-mail: redazione@bellunopress.it","publisher":{"@id":"https:\/\/www.bellunopress.it\/#organization"},"potentialAction":[{"@type":"SearchAction","target":{"@type":"EntryPoint","urlTemplate":"https:\/\/www.bellunopress.it\/?s={search_term_string}"},"query-input":{"@type":"PropertyValueSpecification","valueRequired":true,"valueName":"search_term_string"}}],"inLanguage":"fr-FR"},{"@type":"Organization","@id":"https:\/\/www.bellunopress.it\/#organization","name":"Bellunopress","url":"https:\/\/www.bellunopress.it\/","logo":{"@type":"ImageObject","inLanguage":"fr-FR","@id":"https:\/\/www.bellunopress.it\/#\/schema\/logo\/image\/","url":"https:\/\/www.bellunopress.it\/wp-content\/uploads\/2011\/05\/cropped-logo-bellunopress-.jpg","contentUrl":"https:\/\/www.bellunopress.it\/wp-content\/uploads\/2011\/05\/cropped-logo-bellunopress-.jpg","width":512,"height":512,"caption":"Bellunopress"},"image":{"@id":"https:\/\/www.bellunopress.it\/#\/schema\/logo\/image\/"},"sameAs":["https:\/\/www.facebook.com\/profile.php?id=100008943462799","https:\/\/x.com\/bellunopress","https:\/\/www.linkedin.com\/hp\/?dnr=JBzUWaJfMUw8vbXJJ2tVW5-I3jZKvC4wsoxE&amp;amp;amp;amp;amp;amp;trk=nav_responsive_tab_home","https:\/\/www.youtube.com\/channel\/UCxL0wu1uN0_3_7hGG0306cw"]},{"@type":"Person","@id":"https:\/\/www.bellunopress.it\/#\/schema\/person\/79bb06722b37ece1c03d3e94beb30d73","name":"r\u00e9daction","image":{"@type":"ImageObject","inLanguage":"fr-FR","@id":"https:\/\/secure.gravatar.com\/avatar\/37d968a2e67a6fd04c169c4bdef102d0bc5d31b2546345219e348575eb80e9a0?s=96&d=mm&r=g","url":"https:\/\/secure.gravatar.com\/avatar\/37d968a2e67a6fd04c169c4bdef102d0bc5d31b2546345219e348575eb80e9a0?s=96&d=mm&r=g","contentUrl":"https:\/\/secure.gravatar.com\/avatar\/37d968a2e67a6fd04c169c4bdef102d0bc5d31b2546345219e348575eb80e9a0?s=96&d=mm&r=g","caption":"redazione"},"sameAs":["http:\/\/www.bellunopress.it","https:\/\/x.com\/bellunopress"],"url":"https:\/\/www.bellunopress.it\/fr\/author\/redazione\/"}]}},"_links":{"self":[{"href":"https:\/\/www.bellunopress.it\/fr\/wp-json\/wp\/v2\/posts\/145327","targetHints":{"allow":["GET"]}}],"collection":[{"href":"https:\/\/www.bellunopress.it\/fr\/wp-json\/wp\/v2\/posts"}],"about":[{"href":"https:\/\/www.bellunopress.it\/fr\/wp-json\/wp\/v2\/types\/post"}],"author":[{"embeddable":true,"href":"https:\/\/www.bellunopress.it\/fr\/wp-json\/wp\/v2\/users\/2"}],"replies":[{"embeddable":true,"href":"https:\/\/www.bellunopress.it\/fr\/wp-json\/wp\/v2\/comments?post=145327"}],"version-history":[{"count":1,"href":"https:\/\/www.bellunopress.it\/fr\/wp-json\/wp\/v2\/posts\/145327\/revisions"}],"predecessor-version":[{"id":145329,"href":"https:\/\/www.bellunopress.it\/fr\/wp-json\/wp\/v2\/posts\/145327\/revisions\/145329"}],"wp:featuredmedia":[{"embeddable":true,"href":"https:\/\/www.bellunopress.it\/fr\/wp-json\/wp\/v2\/media\/145328"}],"wp:attachment":[{"href":"https:\/\/www.bellunopress.it\/fr\/wp-json\/wp\/v2\/media?parent=145327"}],"wp:term":[{"taxonomy":"category","embeddable":true,"href":"https:\/\/www.bellunopress.it\/fr\/wp-json\/wp\/v2\/categories?post=145327"},{"taxonomy":"post_tag","embeddable":true,"href":"https:\/\/www.bellunopress.it\/fr\/wp-json\/wp\/v2\/tags?post=145327"}],"curies":[{"name":"wp","href":"https:\/\/api.w.org\/{rel}","templated":true}]}}