{"id":145316,"date":"2023-10-25T14:02:25","date_gmt":"2023-10-25T12:02:25","guid":{"rendered":"https:\/\/www.bellunopress.it\/?p=145316"},"modified":"2023-10-25T14:02:25","modified_gmt":"2023-10-25T12:02:25","slug":"la-salute-nel-piatto-via-al-progetto-regionale-per-gli-istituti-alberghieri-e-i-centri-di-formazione-professionale","status":"publish","type":"post","link":"https:\/\/www.bellunopress.it\/fr\/2023\/10\/25\/la-salute-nel-piatto-via-al-progetto-regionale-per-gli-istituti-alberghieri-e-i-centri-di-formazione-professionale\/","title":{"rendered":"La salute nel piatto. Via al progetto regionale per gli istituti alberghieri e i centri di formazione professionale"},"content":{"rendered":"<figure id=\"attachment_114450\" aria-describedby=\"caption-attachment-114450\" style=\"width: 800px\" class=\"wp-caption alignleft\"><img loading=\"lazy\" decoding=\"async\" class=\"size-full wp-image-114450\" src=\"https:\/\/www.bellunopress.it\/wp-content\/uploads\/2020\/05\/donazzan_edited.jpg\" alt=\"\" width=\"800\" height=\"715\" srcset=\"https:\/\/www.bellunopress.it\/wp-content\/uploads\/2020\/05\/donazzan_edited.jpg 800w, https:\/\/www.bellunopress.it\/wp-content\/uploads\/2020\/05\/donazzan_edited-500x447.jpg 500w, https:\/\/www.bellunopress.it\/wp-content\/uploads\/2020\/05\/donazzan_edited-696x622.jpg 696w, https:\/\/www.bellunopress.it\/wp-content\/uploads\/2020\/05\/donazzan_edited-470x420.jpg 470w\" sizes=\"auto, (max-width: 800px) 100vw, 800px\" \/><figcaption id=\"caption-attachment-114450\" class=\"wp-caption-text\">Elena Donazzan, assessore regionale<\/figcaption><\/figure>\n<p>Venezia, 25 ottobre 2023 &#8211; \u201cRingrazio il Coordinamento LILT del Veneto che anche in questa quarta edizione del concorso \u2018La Salute nel Piatto\u2019 rende i giovani protagonisti di un\u2019iniziativa che promuove una sana alimentazione premiando la preparazione di piatti salutari e la loro diffusione sui canali social. Come Regione del Veneto non potevamo che patrocinare questo progetto che coinvolge attivamente gli studenti degli Istituti Alberghieri e Centri di Formazione Professionale. Invito tutti gli Istituti a cui questo concorso si rivolge ad aderire, candidando classi o gruppi di studenti a mettersi in gioco\u201d.<\/p>\n<p>Cos\u00ec l\u2019assessore regionale all\u2019Istruzione, Formazione e Lavoro della Regione del Veneto Elena Donazzan sul progetto \u2018La Salute nel Piatto\u2019, promosso dal Coordinamento LILT del Veneto, con il patrocinio della Regione del Veneto.<\/p>\n<p>\u201c\u00c8 una modalit\u00e0 formativa particolarmente educativa perch\u00e9 i giovani opereranno in squadra, affinando le capacit\u00e0 relazionali e di comunicazione, soft skills sempre pi\u00f9 richieste nel mondo del lavoro. Positivo anche che i giovani siano chiamati a diffondere le proprie creazioni culinarie sui social network, interagendo come<br \/>\ninfluencer positivi sui canali frequentati dai loro coetanei con messaggi educativi\u201d conclude l\u2019assessore.<\/p>\n<p>Le adesioni potranno essere inviate fino all\u201911 novembre 2023, mentre per l\u2019ideazione delle ricette della salute c\u2019\u00e8 tempo fino al 3 febbraio 2024. Tutte le informazioni e gli approfondimenti sul sito www.lasalutenelpiatto.eu.<\/p>\n<p>&nbsp;<\/p>","protected":false},"excerpt":{"rendered":"<p>Venezia, 25 ottobre 2023 &#8211; \u201cRingrazio il Coordinamento LILT del Veneto che anche in questa quarta edizione del concorso \u2018La Salute nel Piatto\u2019 rende i giovani protagonisti di un\u2019iniziativa che promuove una sana alimentazione premiando la preparazione di piatti salutari e la loro diffusione sui canali social. Come Regione del Veneto non potevamo che patrocinare [&hellip;]<\/p>\n","protected":false},"author":2,"featured_media":114450,"comment_status":"closed","ping_status":"open","sticky":false,"template":"","format":"standard","meta":{"footnotes":""},"categories":[26,15],"tags":[],"class_list":["post-145316","post","type-post","status-publish","format-standard","has-post-thumbnail","category-prima-pagina","category-scuola"],"yoast_head":"<!-- This site is optimized with the Yoast SEO plugin v28.4 - https:\/\/yoast.com\/product\/yoast-seo-wordpress\/ -->\n<title>La salute nel piatto. Via al progetto regionale per gli istituti alberghieri e i centri di formazione professionale - Bellunopress - Dolomiti<\/title>\n<meta name=\"robots\" content=\"index, follow, max-snippet:-1, max-image-preview:large, max-video-preview:-1\" \/>\n<link rel=\"canonical\" href=\"https:\/\/www.bellunopress.it\/fr\/2023\/10\/25\/la-salute-nel-piatto-via-al-progetto-regionale-per-gli-istituti-alberghieri-e-i-centri-di-formazione-professionale\/\" \/>\n<meta property=\"og:locale\" content=\"fr_FR\" \/>\n<meta property=\"og:type\" content=\"article\" \/>\n<meta property=\"og:title\" content=\"La salute nel piatto. Via al progetto regionale per gli istituti alberghieri e i centri di formazione professionale - Bellunopress - Dolomiti\" \/>\n<meta property=\"og:description\" content=\"Venezia, 25 ottobre 2023 &#8211; \u201cRingrazio il Coordinamento LILT del Veneto che anche in questa quarta edizione del concorso \u2018La Salute nel Piatto\u2019 rende i giovani protagonisti di un\u2019iniziativa che promuove una sana alimentazione premiando la preparazione di piatti salutari e la loro diffusione sui canali social. Come Regione del Veneto non potevamo che patrocinare [&hellip;]\" \/>\n<meta property=\"og:url\" content=\"https:\/\/www.bellunopress.it\/fr\/2023\/10\/25\/la-salute-nel-piatto-via-al-progetto-regionale-per-gli-istituti-alberghieri-e-i-centri-di-formazione-professionale\/\" \/>\n<meta property=\"og:site_name\" content=\"Bellunopress - Dolomiti\" \/>\n<meta property=\"article:publisher\" content=\"https:\/\/www.facebook.com\/profile.php?id=100008943462799\" \/>\n<meta property=\"article:published_time\" content=\"2023-10-25T12:02:25+00:00\" \/>\n<meta property=\"og:image\" content=\"https:\/\/www.bellunopress.it\/wp-content\/uploads\/2020\/05\/donazzan_edited.jpg\" \/>\n\t<meta property=\"og:image:width\" content=\"800\" \/>\n\t<meta property=\"og:image:height\" content=\"715\" \/>\n\t<meta property=\"og:image:type\" content=\"image\/jpeg\" \/>\n<meta name=\"author\" content=\"redazione\" \/>\n<meta name=\"twitter:card\" content=\"summary_large_image\" \/>\n<meta name=\"twitter:creator\" content=\"@bellunopress\" \/>\n<meta name=\"twitter:site\" content=\"@bellunopress\" \/>\n<meta name=\"twitter:label1\" content=\"Written by\" \/>\n\t<meta name=\"twitter:data1\" content=\"redazione\" \/>\n\t<meta name=\"twitter:label2\" content=\"Est. reading time\" \/>\n\t<meta name=\"twitter:data2\" content=\"1 minute\" \/>\n<script type=\"application\/ld+json\" class=\"yoast-schema-graph\">{\"@context\":\"https:\\\/\\\/schema.org\",\"@graph\":[{\"@type\":\"Article\",\"@id\":\"https:\\\/\\\/www.bellunopress.it\\\/2023\\\/10\\\/25\\\/la-salute-nel-piatto-via-al-progetto-regionale-per-gli-istituti-alberghieri-e-i-centri-di-formazione-professionale\\\/#article\",\"isPartOf\":{\"@id\":\"https:\\\/\\\/www.bellunopress.it\\\/2023\\\/10\\\/25\\\/la-salute-nel-piatto-via-al-progetto-regionale-per-gli-istituti-alberghieri-e-i-centri-di-formazione-professionale\\\/\"},\"author\":{\"name\":\"redazione\",\"@id\":\"https:\\\/\\\/www.bellunopress.it\\\/#\\\/schema\\\/person\\\/79bb06722b37ece1c03d3e94beb30d73\"},\"headline\":\"La salute nel piatto. Via al progetto regionale per gli istituti alberghieri e i centri di formazione professionale\",\"datePublished\":\"2023-10-25T12:02:25+00:00\",\"mainEntityOfPage\":{\"@id\":\"https:\\\/\\\/www.bellunopress.it\\\/2023\\\/10\\\/25\\\/la-salute-nel-piatto-via-al-progetto-regionale-per-gli-istituti-alberghieri-e-i-centri-di-formazione-professionale\\\/\"},\"wordCount\":246,\"publisher\":{\"@id\":\"https:\\\/\\\/www.bellunopress.it\\\/#organization\"},\"image\":{\"@id\":\"https:\\\/\\\/www.bellunopress.it\\\/2023\\\/10\\\/25\\\/la-salute-nel-piatto-via-al-progetto-regionale-per-gli-istituti-alberghieri-e-i-centri-di-formazione-professionale\\\/#primaryimage\"},\"thumbnailUrl\":\"https:\\\/\\\/www.bellunopress.it\\\/wp-content\\\/uploads\\\/2020\\\/05\\\/donazzan_edited.jpg\",\"articleSection\":[\"Prima Pagina\",\"Scuola\"],\"inLanguage\":\"fr-FR\"},{\"@type\":\"WebPage\",\"@id\":\"https:\\\/\\\/www.bellunopress.it\\\/2023\\\/10\\\/25\\\/la-salute-nel-piatto-via-al-progetto-regionale-per-gli-istituti-alberghieri-e-i-centri-di-formazione-professionale\\\/\",\"url\":\"https:\\\/\\\/www.bellunopress.it\\\/2023\\\/10\\\/25\\\/la-salute-nel-piatto-via-al-progetto-regionale-per-gli-istituti-alberghieri-e-i-centri-di-formazione-professionale\\\/\",\"name\":\"La salute nel piatto. Via al progetto regionale per gli istituti alberghieri e i centri di formazione professionale - Bellunopress - Dolomiti\",\"isPartOf\":{\"@id\":\"https:\\\/\\\/www.bellunopress.it\\\/#website\"},\"primaryImageOfPage\":{\"@id\":\"https:\\\/\\\/www.bellunopress.it\\\/2023\\\/10\\\/25\\\/la-salute-nel-piatto-via-al-progetto-regionale-per-gli-istituti-alberghieri-e-i-centri-di-formazione-professionale\\\/#primaryimage\"},\"image\":{\"@id\":\"https:\\\/\\\/www.bellunopress.it\\\/2023\\\/10\\\/25\\\/la-salute-nel-piatto-via-al-progetto-regionale-per-gli-istituti-alberghieri-e-i-centri-di-formazione-professionale\\\/#primaryimage\"},\"thumbnailUrl\":\"https:\\\/\\\/www.bellunopress.it\\\/wp-content\\\/uploads\\\/2020\\\/05\\\/donazzan_edited.jpg\",\"datePublished\":\"2023-10-25T12:02:25+00:00\",\"breadcrumb\":{\"@id\":\"https:\\\/\\\/www.bellunopress.it\\\/2023\\\/10\\\/25\\\/la-salute-nel-piatto-via-al-progetto-regionale-per-gli-istituti-alberghieri-e-i-centri-di-formazione-professionale\\\/#breadcrumb\"},\"inLanguage\":\"fr-FR\",\"potentialAction\":[{\"@type\":\"ReadAction\",\"target\":[\"https:\\\/\\\/www.bellunopress.it\\\/2023\\\/10\\\/25\\\/la-salute-nel-piatto-via-al-progetto-regionale-per-gli-istituti-alberghieri-e-i-centri-di-formazione-professionale\\\/\"]}]},{\"@type\":\"ImageObject\",\"inLanguage\":\"fr-FR\",\"@id\":\"https:\\\/\\\/www.bellunopress.it\\\/2023\\\/10\\\/25\\\/la-salute-nel-piatto-via-al-progetto-regionale-per-gli-istituti-alberghieri-e-i-centri-di-formazione-professionale\\\/#primaryimage\",\"url\":\"https:\\\/\\\/www.bellunopress.it\\\/wp-content\\\/uploads\\\/2020\\\/05\\\/donazzan_edited.jpg\",\"contentUrl\":\"https:\\\/\\\/www.bellunopress.it\\\/wp-content\\\/uploads\\\/2020\\\/05\\\/donazzan_edited.jpg\",\"width\":800,\"height\":715,\"caption\":\"Elena Donazzan, assessore regionale\"},{\"@type\":\"BreadcrumbList\",\"@id\":\"https:\\\/\\\/www.bellunopress.it\\\/2023\\\/10\\\/25\\\/la-salute-nel-piatto-via-al-progetto-regionale-per-gli-istituti-alberghieri-e-i-centri-di-formazione-professionale\\\/#breadcrumb\",\"itemListElement\":[{\"@type\":\"ListItem\",\"position\":1,\"name\":\"Home\",\"item\":\"https:\\\/\\\/www.bellunopress.it\\\/\"},{\"@type\":\"ListItem\",\"position\":2,\"name\":\"La salute nel piatto. Via al progetto regionale per gli istituti alberghieri e i centri di formazione professionale\"}]},{\"@type\":\"WebSite\",\"@id\":\"https:\\\/\\\/www.bellunopress.it\\\/#website\",\"url\":\"https:\\\/\\\/www.bellunopress.it\\\/\",\"name\":\"Bellunopress - Dolomiti\",\"description\":\"e-mail: redazione@bellunopress.it\",\"publisher\":{\"@id\":\"https:\\\/\\\/www.bellunopress.it\\\/#organization\"},\"potentialAction\":[{\"@type\":\"SearchAction\",\"target\":{\"@type\":\"EntryPoint\",\"urlTemplate\":\"https:\\\/\\\/www.bellunopress.it\\\/?s={search_term_string}\"},\"query-input\":{\"@type\":\"PropertyValueSpecification\",\"valueRequired\":true,\"valueName\":\"search_term_string\"}}],\"inLanguage\":\"fr-FR\"},{\"@type\":\"Organization\",\"@id\":\"https:\\\/\\\/www.bellunopress.it\\\/#organization\",\"name\":\"Bellunopress\",\"url\":\"https:\\\/\\\/www.bellunopress.it\\\/\",\"logo\":{\"@type\":\"ImageObject\",\"inLanguage\":\"fr-FR\",\"@id\":\"https:\\\/\\\/www.bellunopress.it\\\/#\\\/schema\\\/logo\\\/image\\\/\",\"url\":\"https:\\\/\\\/www.bellunopress.it\\\/wp-content\\\/uploads\\\/2011\\\/05\\\/cropped-logo-bellunopress-.jpg\",\"contentUrl\":\"https:\\\/\\\/www.bellunopress.it\\\/wp-content\\\/uploads\\\/2011\\\/05\\\/cropped-logo-bellunopress-.jpg\",\"width\":512,\"height\":512,\"caption\":\"Bellunopress\"},\"image\":{\"@id\":\"https:\\\/\\\/www.bellunopress.it\\\/#\\\/schema\\\/logo\\\/image\\\/\"},\"sameAs\":[\"https:\\\/\\\/www.facebook.com\\\/profile.php?id=100008943462799\",\"https:\\\/\\\/x.com\\\/bellunopress\",\"https:\\\/\\\/www.linkedin.com\\\/hp\\\/?dnr=JBzUWaJfMUw8vbXJJ2tVW5-I3jZKvC4wsoxE&amp;amp;amp;amp;amp;amp;trk=nav_responsive_tab_home\",\"https:\\\/\\\/www.youtube.com\\\/channel\\\/UCxL0wu1uN0_3_7hGG0306cw\"]},{\"@type\":\"Person\",\"@id\":\"https:\\\/\\\/www.bellunopress.it\\\/#\\\/schema\\\/person\\\/79bb06722b37ece1c03d3e94beb30d73\",\"name\":\"redazione\",\"image\":{\"@type\":\"ImageObject\",\"inLanguage\":\"fr-FR\",\"@id\":\"https:\\\/\\\/secure.gravatar.com\\\/avatar\\\/37d968a2e67a6fd04c169c4bdef102d0bc5d31b2546345219e348575eb80e9a0?s=96&d=mm&r=g\",\"url\":\"https:\\\/\\\/secure.gravatar.com\\\/avatar\\\/37d968a2e67a6fd04c169c4bdef102d0bc5d31b2546345219e348575eb80e9a0?s=96&d=mm&r=g\",\"contentUrl\":\"https:\\\/\\\/secure.gravatar.com\\\/avatar\\\/37d968a2e67a6fd04c169c4bdef102d0bc5d31b2546345219e348575eb80e9a0?s=96&d=mm&r=g\",\"caption\":\"redazione\"},\"sameAs\":[\"http:\\\/\\\/www.bellunopress.it\",\"https:\\\/\\\/x.com\\\/bellunopress\"],\"url\":\"https:\\\/\\\/www.bellunopress.it\\\/fr\\\/author\\\/redazione\\\/\"}]}<\/script>\n<!-- \/ Yoast SEO plugin. -->","yoast_head_json":{"title":"La salute nel piatto. Via al progetto regionale per gli istituti alberghieri e i centri di formazione professionale - Bellunopress - Dolomiti","robots":{"index":"index","follow":"follow","max-snippet":"max-snippet:-1","max-image-preview":"max-image-preview:large","max-video-preview":"max-video-preview:-1"},"canonical":"https:\/\/www.bellunopress.it\/fr\/2023\/10\/25\/la-salute-nel-piatto-via-al-progetto-regionale-per-gli-istituti-alberghieri-e-i-centri-di-formazione-professionale\/","og_locale":"fr_FR","og_type":"article","og_title":"La salute nel piatto. Via al progetto regionale per gli istituti alberghieri e i centri di formazione professionale - Bellunopress - Dolomiti","og_description":"Venezia, 25 ottobre 2023 &#8211; \u201cRingrazio il Coordinamento LILT del Veneto che anche in questa quarta edizione del concorso \u2018La Salute nel Piatto\u2019 rende i giovani protagonisti di un\u2019iniziativa che promuove una sana alimentazione premiando la preparazione di piatti salutari e la loro diffusione sui canali social. Come Regione del Veneto non potevamo che patrocinare [&hellip;]","og_url":"https:\/\/www.bellunopress.it\/fr\/2023\/10\/25\/la-salute-nel-piatto-via-al-progetto-regionale-per-gli-istituti-alberghieri-e-i-centri-di-formazione-professionale\/","og_site_name":"Bellunopress - Dolomiti","article_publisher":"https:\/\/www.facebook.com\/profile.php?id=100008943462799","article_published_time":"2023-10-25T12:02:25+00:00","og_image":[{"width":800,"height":715,"url":"https:\/\/www.bellunopress.it\/wp-content\/uploads\/2020\/05\/donazzan_edited.jpg","type":"image\/jpeg"}],"author":"redazione","twitter_card":"summary_large_image","twitter_creator":"@bellunopress","twitter_site":"@bellunopress","twitter_misc":{"Written by":"redazione","Est. reading time":"1 minute"},"schema":{"@context":"https:\/\/schema.org","@graph":[{"@type":"Article","@id":"https:\/\/www.bellunopress.it\/2023\/10\/25\/la-salute-nel-piatto-via-al-progetto-regionale-per-gli-istituti-alberghieri-e-i-centri-di-formazione-professionale\/#article","isPartOf":{"@id":"https:\/\/www.bellunopress.it\/2023\/10\/25\/la-salute-nel-piatto-via-al-progetto-regionale-per-gli-istituti-alberghieri-e-i-centri-di-formazione-professionale\/"},"author":{"name":"redazione","@id":"https:\/\/www.bellunopress.it\/#\/schema\/person\/79bb06722b37ece1c03d3e94beb30d73"},"headline":"La salute nel piatto. Via al progetto regionale per gli istituti alberghieri e i centri di formazione professionale","datePublished":"2023-10-25T12:02:25+00:00","mainEntityOfPage":{"@id":"https:\/\/www.bellunopress.it\/2023\/10\/25\/la-salute-nel-piatto-via-al-progetto-regionale-per-gli-istituti-alberghieri-e-i-centri-di-formazione-professionale\/"},"wordCount":246,"publisher":{"@id":"https:\/\/www.bellunopress.it\/#organization"},"image":{"@id":"https:\/\/www.bellunopress.it\/2023\/10\/25\/la-salute-nel-piatto-via-al-progetto-regionale-per-gli-istituti-alberghieri-e-i-centri-di-formazione-professionale\/#primaryimage"},"thumbnailUrl":"https:\/\/www.bellunopress.it\/wp-content\/uploads\/2020\/05\/donazzan_edited.jpg","articleSection":["Prima Pagina","Scuola"],"inLanguage":"fr-FR"},{"@type":"WebPage","@id":"https:\/\/www.bellunopress.it\/2023\/10\/25\/la-salute-nel-piatto-via-al-progetto-regionale-per-gli-istituti-alberghieri-e-i-centri-di-formazione-professionale\/","url":"https:\/\/www.bellunopress.it\/2023\/10\/25\/la-salute-nel-piatto-via-al-progetto-regionale-per-gli-istituti-alberghieri-e-i-centri-di-formazione-professionale\/","name":"La salute nel piatto. Via al progetto regionale per gli istituti alberghieri e i centri di formazione professionale - Bellunopress - Dolomiti","isPartOf":{"@id":"https:\/\/www.bellunopress.it\/#website"},"primaryImageOfPage":{"@id":"https:\/\/www.bellunopress.it\/2023\/10\/25\/la-salute-nel-piatto-via-al-progetto-regionale-per-gli-istituti-alberghieri-e-i-centri-di-formazione-professionale\/#primaryimage"},"image":{"@id":"https:\/\/www.bellunopress.it\/2023\/10\/25\/la-salute-nel-piatto-via-al-progetto-regionale-per-gli-istituti-alberghieri-e-i-centri-di-formazione-professionale\/#primaryimage"},"thumbnailUrl":"https:\/\/www.bellunopress.it\/wp-content\/uploads\/2020\/05\/donazzan_edited.jpg","datePublished":"2023-10-25T12:02:25+00:00","breadcrumb":{"@id":"https:\/\/www.bellunopress.it\/2023\/10\/25\/la-salute-nel-piatto-via-al-progetto-regionale-per-gli-istituti-alberghieri-e-i-centri-di-formazione-professionale\/#breadcrumb"},"inLanguage":"fr-FR","potentialAction":[{"@type":"ReadAction","target":["https:\/\/www.bellunopress.it\/2023\/10\/25\/la-salute-nel-piatto-via-al-progetto-regionale-per-gli-istituti-alberghieri-e-i-centri-di-formazione-professionale\/"]}]},{"@type":"ImageObject","inLanguage":"fr-FR","@id":"https:\/\/www.bellunopress.it\/2023\/10\/25\/la-salute-nel-piatto-via-al-progetto-regionale-per-gli-istituti-alberghieri-e-i-centri-di-formazione-professionale\/#primaryimage","url":"https:\/\/www.bellunopress.it\/wp-content\/uploads\/2020\/05\/donazzan_edited.jpg","contentUrl":"https:\/\/www.bellunopress.it\/wp-content\/uploads\/2020\/05\/donazzan_edited.jpg","width":800,"height":715,"caption":"Elena Donazzan, assessore regionale"},{"@type":"BreadcrumbList","@id":"https:\/\/www.bellunopress.it\/2023\/10\/25\/la-salute-nel-piatto-via-al-progetto-regionale-per-gli-istituti-alberghieri-e-i-centri-di-formazione-professionale\/#breadcrumb","itemListElement":[{"@type":"ListItem","position":1,"name":"Home","item":"https:\/\/www.bellunopress.it\/"},{"@type":"ListItem","position":2,"name":"La salute nel piatto. Via al progetto regionale per gli istituti alberghieri e i centri di formazione professionale"}]},{"@type":"WebSite","@id":"https:\/\/www.bellunopress.it\/#website","url":"https:\/\/www.bellunopress.it\/","name":"Bellunopress - Dolomiti","description":"e-mail: redazione@bellunopress.it","publisher":{"@id":"https:\/\/www.bellunopress.it\/#organization"},"potentialAction":[{"@type":"SearchAction","target":{"@type":"EntryPoint","urlTemplate":"https:\/\/www.bellunopress.it\/?s={search_term_string}"},"query-input":{"@type":"PropertyValueSpecification","valueRequired":true,"valueName":"search_term_string"}}],"inLanguage":"fr-FR"},{"@type":"Organization","@id":"https:\/\/www.bellunopress.it\/#organization","name":"Bellunopress","url":"https:\/\/www.bellunopress.it\/","logo":{"@type":"ImageObject","inLanguage":"fr-FR","@id":"https:\/\/www.bellunopress.it\/#\/schema\/logo\/image\/","url":"https:\/\/www.bellunopress.it\/wp-content\/uploads\/2011\/05\/cropped-logo-bellunopress-.jpg","contentUrl":"https:\/\/www.bellunopress.it\/wp-content\/uploads\/2011\/05\/cropped-logo-bellunopress-.jpg","width":512,"height":512,"caption":"Bellunopress"},"image":{"@id":"https:\/\/www.bellunopress.it\/#\/schema\/logo\/image\/"},"sameAs":["https:\/\/www.facebook.com\/profile.php?id=100008943462799","https:\/\/x.com\/bellunopress","https:\/\/www.linkedin.com\/hp\/?dnr=JBzUWaJfMUw8vbXJJ2tVW5-I3jZKvC4wsoxE&amp;amp;amp;amp;amp;amp;trk=nav_responsive_tab_home","https:\/\/www.youtube.com\/channel\/UCxL0wu1uN0_3_7hGG0306cw"]},{"@type":"Person","@id":"https:\/\/www.bellunopress.it\/#\/schema\/person\/79bb06722b37ece1c03d3e94beb30d73","name":"r\u00e9daction","image":{"@type":"ImageObject","inLanguage":"fr-FR","@id":"https:\/\/secure.gravatar.com\/avatar\/37d968a2e67a6fd04c169c4bdef102d0bc5d31b2546345219e348575eb80e9a0?s=96&d=mm&r=g","url":"https:\/\/secure.gravatar.com\/avatar\/37d968a2e67a6fd04c169c4bdef102d0bc5d31b2546345219e348575eb80e9a0?s=96&d=mm&r=g","contentUrl":"https:\/\/secure.gravatar.com\/avatar\/37d968a2e67a6fd04c169c4bdef102d0bc5d31b2546345219e348575eb80e9a0?s=96&d=mm&r=g","caption":"redazione"},"sameAs":["http:\/\/www.bellunopress.it","https:\/\/x.com\/bellunopress"],"url":"https:\/\/www.bellunopress.it\/fr\/author\/redazione\/"}]}},"_links":{"self":[{"href":"https:\/\/www.bellunopress.it\/fr\/wp-json\/wp\/v2\/posts\/145316","targetHints":{"allow":["GET"]}}],"collection":[{"href":"https:\/\/www.bellunopress.it\/fr\/wp-json\/wp\/v2\/posts"}],"about":[{"href":"https:\/\/www.bellunopress.it\/fr\/wp-json\/wp\/v2\/types\/post"}],"author":[{"embeddable":true,"href":"https:\/\/www.bellunopress.it\/fr\/wp-json\/wp\/v2\/users\/2"}],"replies":[{"embeddable":true,"href":"https:\/\/www.bellunopress.it\/fr\/wp-json\/wp\/v2\/comments?post=145316"}],"version-history":[{"count":1,"href":"https:\/\/www.bellunopress.it\/fr\/wp-json\/wp\/v2\/posts\/145316\/revisions"}],"predecessor-version":[{"id":145317,"href":"https:\/\/www.bellunopress.it\/fr\/wp-json\/wp\/v2\/posts\/145316\/revisions\/145317"}],"wp:featuredmedia":[{"embeddable":true,"href":"https:\/\/www.bellunopress.it\/fr\/wp-json\/wp\/v2\/media\/114450"}],"wp:attachment":[{"href":"https:\/\/www.bellunopress.it\/fr\/wp-json\/wp\/v2\/media?parent=145316"}],"wp:term":[{"taxonomy":"category","embeddable":true,"href":"https:\/\/www.bellunopress.it\/fr\/wp-json\/wp\/v2\/categories?post=145316"},{"taxonomy":"post_tag","embeddable":true,"href":"https:\/\/www.bellunopress.it\/fr\/wp-json\/wp\/v2\/tags?post=145316"}],"curies":[{"name":"wp","href":"https:\/\/api.w.org\/{rel}","templated":true}]}}