{"id":145314,"date":"2023-10-25T13:53:04","date_gmt":"2023-10-25T11:53:04","guid":{"rendered":"https:\/\/www.bellunopress.it\/?p=145314"},"modified":"2023-10-25T13:53:04","modified_gmt":"2023-10-25T11:53:04","slug":"milano-cortina-zanella-salvini-in-silenzio-nulla-da-dire-su-fallimento-cortina","status":"publish","type":"post","link":"https:\/\/www.bellunopress.it\/fr\/2023\/10\/25\/milano-cortina-zanella-salvini-in-silenzio-nulla-da-dire-su-fallimento-cortina\/","title":{"rendered":"Milano-Cortina, Zanella: Salvini in silenzio, nulla da dire su fallimento Cortina?"},"content":{"rendered":"<p><img loading=\"lazy\" decoding=\"async\" class=\"alignleft  wp-image-144179\" src=\"https:\/\/www.bellunopress.it\/wp-content\/uploads\/2023\/09\/Luana-Zanella-deputato.jpg\" alt=\"\" width=\"384\" height=\"300\" srcset=\"https:\/\/www.bellunopress.it\/wp-content\/uploads\/2023\/09\/Luana-Zanella-deputato.jpg 656w, https:\/\/www.bellunopress.it\/wp-content\/uploads\/2023\/09\/Luana-Zanella-deputato-500x391.jpg 500w, https:\/\/www.bellunopress.it\/wp-content\/uploads\/2023\/09\/Luana-Zanella-deputato-537x420.jpg 537w\" sizes=\"auto, (max-width: 384px) 100vw, 384px\" \/>Roma, 25 ottobre 2023 &#8211; &#8220;Il ministero delle Infrastrutture partecipa nella misura del 35% al capitale della Simico, la societ\u00e0 di realizzazione degli impianti per le Olimpiadi del 2026 ed \u00e8 pienamente responsabile dell&#8217;operato della Societ\u00e0, avendo nominato 3 dei 5 membri del consiglio d&#8217;amministrazione della stessa. Tuttavia, dopo un iniziale e disinformato sostegno al progetto della pista da bob a Cortina, dato quando erano gi\u00e0 saltate l&#8217;Asta pubblica e la procedura negoziale con le aziende private, il ministro \u00e8 rimasto in silenzio. Capiamo che tutte le sue energie sono rivolte al ponte sullo stretto di Messina, che non si far\u00e0 mai, ma sarebbe interessante conoscere il suo parere su questa patetica telenovela che \u00e8 diventata la pista da bob&#8221;.<\/p>\n<p>Lo afferma la capogruppo di Alleanza Verdi e Sinistra alla Camera Luana Zanella, la quale ricorda che &#8220;in seguito ad un nostro esposto \u00e8 stato aperto un fascicolo presso la Corte dei conti per i presunti sprechi di denaro pubblico, Salvini ne \u00e8 al corrente?&#8221;.<\/p>","protected":false},"excerpt":{"rendered":"<p>Roma, 25 ottobre 2023 &#8211; &#8220;Il ministero delle Infrastrutture partecipa nella misura del 35% al capitale della Simico, la societ\u00e0 di realizzazione degli impianti per le Olimpiadi del 2026 ed \u00e8 pienamente responsabile dell&#8217;operato della Societ\u00e0, avendo nominato 3 dei 5 membri del consiglio d&#8217;amministrazione della stessa. Tuttavia, dopo un iniziale e disinformato sostegno al [&hellip;]<\/p>\n","protected":false},"author":2,"featured_media":144179,"comment_status":"closed","ping_status":"open","sticky":false,"template":"","format":"standard","meta":{"footnotes":""},"categories":[5,36,26],"tags":[],"class_list":["post-145314","post","type-post","status-publish","format-standard","has-post-thumbnail","category-cronaca","category-lavoro-economia","category-prima-pagina"],"yoast_head":"<!-- This site is optimized with the Yoast SEO plugin v28.4 - https:\/\/yoast.com\/product\/yoast-seo-wordpress\/ -->\n<title>Milano-Cortina, Zanella: Salvini in silenzio, nulla da dire su fallimento Cortina? - Bellunopress - Dolomiti<\/title>\n<meta name=\"robots\" content=\"index, follow, max-snippet:-1, max-image-preview:large, max-video-preview:-1\" \/>\n<link rel=\"canonical\" href=\"https:\/\/www.bellunopress.it\/fr\/2023\/10\/25\/milano-cortina-zanella-salvini-in-silenzio-nulla-da-dire-su-fallimento-cortina\/\" \/>\n<meta property=\"og:locale\" content=\"fr_FR\" \/>\n<meta property=\"og:type\" content=\"article\" \/>\n<meta property=\"og:title\" content=\"Milano-Cortina, Zanella: Salvini in silenzio, nulla da dire su fallimento Cortina? - Bellunopress - Dolomiti\" \/>\n<meta property=\"og:description\" content=\"Roma, 25 ottobre 2023 &#8211; &#8220;Il ministero delle Infrastrutture partecipa nella misura del 35% al capitale della Simico, la societ\u00e0 di realizzazione degli impianti per le Olimpiadi del 2026 ed \u00e8 pienamente responsabile dell&#8217;operato della Societ\u00e0, avendo nominato 3 dei 5 membri del consiglio d&#8217;amministrazione della stessa. Tuttavia, dopo un iniziale e disinformato sostegno al [&hellip;]\" \/>\n<meta property=\"og:url\" content=\"https:\/\/www.bellunopress.it\/fr\/2023\/10\/25\/milano-cortina-zanella-salvini-in-silenzio-nulla-da-dire-su-fallimento-cortina\/\" \/>\n<meta property=\"og:site_name\" content=\"Bellunopress - Dolomiti\" \/>\n<meta property=\"article:publisher\" content=\"https:\/\/www.facebook.com\/profile.php?id=100008943462799\" \/>\n<meta property=\"article:published_time\" content=\"2023-10-25T11:53:04+00:00\" \/>\n<meta property=\"og:image\" content=\"https:\/\/www.bellunopress.it\/wp-content\/uploads\/2023\/09\/Luana-Zanella-deputato.jpg\" \/>\n\t<meta property=\"og:image:width\" content=\"656\" \/>\n\t<meta property=\"og:image:height\" content=\"513\" \/>\n\t<meta property=\"og:image:type\" content=\"image\/jpeg\" \/>\n<meta name=\"author\" content=\"redazione\" \/>\n<meta name=\"twitter:card\" content=\"summary_large_image\" \/>\n<meta name=\"twitter:creator\" content=\"@bellunopress\" \/>\n<meta name=\"twitter:site\" content=\"@bellunopress\" \/>\n<meta name=\"twitter:label1\" content=\"\u00c9crit par\" \/>\n\t<meta name=\"twitter:data1\" content=\"redazione\" \/>\n\t<meta name=\"twitter:label2\" content=\"Dur\u00e9e de lecture estim\u00e9e\" \/>\n\t<meta name=\"twitter:data2\" content=\"1 minute\" \/>\n<script type=\"application\/ld+json\" class=\"yoast-schema-graph\">{\"@context\":\"https:\\\/\\\/schema.org\",\"@graph\":[{\"@type\":\"Article\",\"@id\":\"https:\\\/\\\/www.bellunopress.it\\\/2023\\\/10\\\/25\\\/milano-cortina-zanella-salvini-in-silenzio-nulla-da-dire-su-fallimento-cortina\\\/#article\",\"isPartOf\":{\"@id\":\"https:\\\/\\\/www.bellunopress.it\\\/2023\\\/10\\\/25\\\/milano-cortina-zanella-salvini-in-silenzio-nulla-da-dire-su-fallimento-cortina\\\/\"},\"author\":{\"name\":\"redazione\",\"@id\":\"https:\\\/\\\/www.bellunopress.it\\\/#\\\/schema\\\/person\\\/79bb06722b37ece1c03d3e94beb30d73\"},\"headline\":\"Milano-Cortina, Zanella: Salvini in silenzio, nulla da dire su fallimento Cortina?\",\"datePublished\":\"2023-10-25T11:53:04+00:00\",\"mainEntityOfPage\":{\"@id\":\"https:\\\/\\\/www.bellunopress.it\\\/2023\\\/10\\\/25\\\/milano-cortina-zanella-salvini-in-silenzio-nulla-da-dire-su-fallimento-cortina\\\/\"},\"wordCount\":168,\"publisher\":{\"@id\":\"https:\\\/\\\/www.bellunopress.it\\\/#organization\"},\"image\":{\"@id\":\"https:\\\/\\\/www.bellunopress.it\\\/2023\\\/10\\\/25\\\/milano-cortina-zanella-salvini-in-silenzio-nulla-da-dire-su-fallimento-cortina\\\/#primaryimage\"},\"thumbnailUrl\":\"https:\\\/\\\/www.bellunopress.it\\\/wp-content\\\/uploads\\\/2023\\\/09\\\/Luana-Zanella-deputato.jpg\",\"articleSection\":[\"Cronaca\\\/Politica\",\"Lavoro, Economia, Turismo\",\"Prima Pagina\"],\"inLanguage\":\"fr-FR\"},{\"@type\":\"WebPage\",\"@id\":\"https:\\\/\\\/www.bellunopress.it\\\/2023\\\/10\\\/25\\\/milano-cortina-zanella-salvini-in-silenzio-nulla-da-dire-su-fallimento-cortina\\\/\",\"url\":\"https:\\\/\\\/www.bellunopress.it\\\/2023\\\/10\\\/25\\\/milano-cortina-zanella-salvini-in-silenzio-nulla-da-dire-su-fallimento-cortina\\\/\",\"name\":\"Milano-Cortina, Zanella: Salvini in silenzio, nulla da dire su fallimento Cortina? - Bellunopress - Dolomiti\",\"isPartOf\":{\"@id\":\"https:\\\/\\\/www.bellunopress.it\\\/#website\"},\"primaryImageOfPage\":{\"@id\":\"https:\\\/\\\/www.bellunopress.it\\\/2023\\\/10\\\/25\\\/milano-cortina-zanella-salvini-in-silenzio-nulla-da-dire-su-fallimento-cortina\\\/#primaryimage\"},\"image\":{\"@id\":\"https:\\\/\\\/www.bellunopress.it\\\/2023\\\/10\\\/25\\\/milano-cortina-zanella-salvini-in-silenzio-nulla-da-dire-su-fallimento-cortina\\\/#primaryimage\"},\"thumbnailUrl\":\"https:\\\/\\\/www.bellunopress.it\\\/wp-content\\\/uploads\\\/2023\\\/09\\\/Luana-Zanella-deputato.jpg\",\"datePublished\":\"2023-10-25T11:53:04+00:00\",\"breadcrumb\":{\"@id\":\"https:\\\/\\\/www.bellunopress.it\\\/2023\\\/10\\\/25\\\/milano-cortina-zanella-salvini-in-silenzio-nulla-da-dire-su-fallimento-cortina\\\/#breadcrumb\"},\"inLanguage\":\"fr-FR\",\"potentialAction\":[{\"@type\":\"ReadAction\",\"target\":[\"https:\\\/\\\/www.bellunopress.it\\\/2023\\\/10\\\/25\\\/milano-cortina-zanella-salvini-in-silenzio-nulla-da-dire-su-fallimento-cortina\\\/\"]}]},{\"@type\":\"ImageObject\",\"inLanguage\":\"fr-FR\",\"@id\":\"https:\\\/\\\/www.bellunopress.it\\\/2023\\\/10\\\/25\\\/milano-cortina-zanella-salvini-in-silenzio-nulla-da-dire-su-fallimento-cortina\\\/#primaryimage\",\"url\":\"https:\\\/\\\/www.bellunopress.it\\\/wp-content\\\/uploads\\\/2023\\\/09\\\/Luana-Zanella-deputato.jpg\",\"contentUrl\":\"https:\\\/\\\/www.bellunopress.it\\\/wp-content\\\/uploads\\\/2023\\\/09\\\/Luana-Zanella-deputato.jpg\",\"width\":656,\"height\":513,\"caption\":\"Onorevole Luana Zanella, capogruppo di Alleanza Verdi Sinistra alla Camera dei Deputati\"},{\"@type\":\"BreadcrumbList\",\"@id\":\"https:\\\/\\\/www.bellunopress.it\\\/2023\\\/10\\\/25\\\/milano-cortina-zanella-salvini-in-silenzio-nulla-da-dire-su-fallimento-cortina\\\/#breadcrumb\",\"itemListElement\":[{\"@type\":\"ListItem\",\"position\":1,\"name\":\"Home\",\"item\":\"https:\\\/\\\/www.bellunopress.it\\\/\"},{\"@type\":\"ListItem\",\"position\":2,\"name\":\"Milano-Cortina, Zanella: Salvini in silenzio, nulla da dire su fallimento Cortina?\"}]},{\"@type\":\"WebSite\",\"@id\":\"https:\\\/\\\/www.bellunopress.it\\\/#website\",\"url\":\"https:\\\/\\\/www.bellunopress.it\\\/\",\"name\":\"Bellunopress - Dolomiti\",\"description\":\"e-mail: redazione@bellunopress.it\",\"publisher\":{\"@id\":\"https:\\\/\\\/www.bellunopress.it\\\/#organization\"},\"potentialAction\":[{\"@type\":\"SearchAction\",\"target\":{\"@type\":\"EntryPoint\",\"urlTemplate\":\"https:\\\/\\\/www.bellunopress.it\\\/?s={search_term_string}\"},\"query-input\":{\"@type\":\"PropertyValueSpecification\",\"valueRequired\":true,\"valueName\":\"search_term_string\"}}],\"inLanguage\":\"fr-FR\"},{\"@type\":\"Organization\",\"@id\":\"https:\\\/\\\/www.bellunopress.it\\\/#organization\",\"name\":\"Bellunopress\",\"url\":\"https:\\\/\\\/www.bellunopress.it\\\/\",\"logo\":{\"@type\":\"ImageObject\",\"inLanguage\":\"fr-FR\",\"@id\":\"https:\\\/\\\/www.bellunopress.it\\\/#\\\/schema\\\/logo\\\/image\\\/\",\"url\":\"https:\\\/\\\/www.bellunopress.it\\\/wp-content\\\/uploads\\\/2011\\\/05\\\/cropped-logo-bellunopress-.jpg\",\"contentUrl\":\"https:\\\/\\\/www.bellunopress.it\\\/wp-content\\\/uploads\\\/2011\\\/05\\\/cropped-logo-bellunopress-.jpg\",\"width\":512,\"height\":512,\"caption\":\"Bellunopress\"},\"image\":{\"@id\":\"https:\\\/\\\/www.bellunopress.it\\\/#\\\/schema\\\/logo\\\/image\\\/\"},\"sameAs\":[\"https:\\\/\\\/www.facebook.com\\\/profile.php?id=100008943462799\",\"https:\\\/\\\/x.com\\\/bellunopress\",\"https:\\\/\\\/www.linkedin.com\\\/hp\\\/?dnr=JBzUWaJfMUw8vbXJJ2tVW5-I3jZKvC4wsoxE&amp;amp;amp;amp;amp;amp;trk=nav_responsive_tab_home\",\"https:\\\/\\\/www.youtube.com\\\/channel\\\/UCxL0wu1uN0_3_7hGG0306cw\"]},{\"@type\":\"Person\",\"@id\":\"https:\\\/\\\/www.bellunopress.it\\\/#\\\/schema\\\/person\\\/79bb06722b37ece1c03d3e94beb30d73\",\"name\":\"redazione\",\"image\":{\"@type\":\"ImageObject\",\"inLanguage\":\"fr-FR\",\"@id\":\"https:\\\/\\\/secure.gravatar.com\\\/avatar\\\/37d968a2e67a6fd04c169c4bdef102d0bc5d31b2546345219e348575eb80e9a0?s=96&d=mm&r=g\",\"url\":\"https:\\\/\\\/secure.gravatar.com\\\/avatar\\\/37d968a2e67a6fd04c169c4bdef102d0bc5d31b2546345219e348575eb80e9a0?s=96&d=mm&r=g\",\"contentUrl\":\"https:\\\/\\\/secure.gravatar.com\\\/avatar\\\/37d968a2e67a6fd04c169c4bdef102d0bc5d31b2546345219e348575eb80e9a0?s=96&d=mm&r=g\",\"caption\":\"redazione\"},\"sameAs\":[\"http:\\\/\\\/www.bellunopress.it\",\"https:\\\/\\\/x.com\\\/bellunopress\"],\"url\":\"https:\\\/\\\/www.bellunopress.it\\\/fr\\\/author\\\/redazione\\\/\"}]}<\/script>\n<!-- \/ Yoast SEO plugin. -->","yoast_head_json":{"title":"Milano-Cortina, Zanella: Salvini in silenzio, nulla da dire su fallimento Cortina? - Bellunopress - Dolomiti","robots":{"index":"index","follow":"follow","max-snippet":"max-snippet:-1","max-image-preview":"max-image-preview:large","max-video-preview":"max-video-preview:-1"},"canonical":"https:\/\/www.bellunopress.it\/fr\/2023\/10\/25\/milano-cortina-zanella-salvini-in-silenzio-nulla-da-dire-su-fallimento-cortina\/","og_locale":"fr_FR","og_type":"article","og_title":"Milano-Cortina, Zanella: Salvini in silenzio, nulla da dire su fallimento Cortina? - Bellunopress - Dolomiti","og_description":"Roma, 25 ottobre 2023 &#8211; &#8220;Il ministero delle Infrastrutture partecipa nella misura del 35% al capitale della Simico, la societ\u00e0 di realizzazione degli impianti per le Olimpiadi del 2026 ed \u00e8 pienamente responsabile dell&#8217;operato della Societ\u00e0, avendo nominato 3 dei 5 membri del consiglio d&#8217;amministrazione della stessa. Tuttavia, dopo un iniziale e disinformato sostegno al [&hellip;]","og_url":"https:\/\/www.bellunopress.it\/fr\/2023\/10\/25\/milano-cortina-zanella-salvini-in-silenzio-nulla-da-dire-su-fallimento-cortina\/","og_site_name":"Bellunopress - Dolomiti","article_publisher":"https:\/\/www.facebook.com\/profile.php?id=100008943462799","article_published_time":"2023-10-25T11:53:04+00:00","og_image":[{"width":656,"height":513,"url":"https:\/\/www.bellunopress.it\/wp-content\/uploads\/2023\/09\/Luana-Zanella-deputato.jpg","type":"image\/jpeg"}],"author":"redazione","twitter_card":"summary_large_image","twitter_creator":"@bellunopress","twitter_site":"@bellunopress","twitter_misc":{"\u00c9crit par":"redazione","Dur\u00e9e de lecture estim\u00e9e":"1 minute"},"schema":{"@context":"https:\/\/schema.org","@graph":[{"@type":"Article","@id":"https:\/\/www.bellunopress.it\/2023\/10\/25\/milano-cortina-zanella-salvini-in-silenzio-nulla-da-dire-su-fallimento-cortina\/#article","isPartOf":{"@id":"https:\/\/www.bellunopress.it\/2023\/10\/25\/milano-cortina-zanella-salvini-in-silenzio-nulla-da-dire-su-fallimento-cortina\/"},"author":{"name":"redazione","@id":"https:\/\/www.bellunopress.it\/#\/schema\/person\/79bb06722b37ece1c03d3e94beb30d73"},"headline":"Milano-Cortina, Zanella: Salvini in silenzio, nulla da dire su fallimento Cortina?","datePublished":"2023-10-25T11:53:04+00:00","mainEntityOfPage":{"@id":"https:\/\/www.bellunopress.it\/2023\/10\/25\/milano-cortina-zanella-salvini-in-silenzio-nulla-da-dire-su-fallimento-cortina\/"},"wordCount":168,"publisher":{"@id":"https:\/\/www.bellunopress.it\/#organization"},"image":{"@id":"https:\/\/www.bellunopress.it\/2023\/10\/25\/milano-cortina-zanella-salvini-in-silenzio-nulla-da-dire-su-fallimento-cortina\/#primaryimage"},"thumbnailUrl":"https:\/\/www.bellunopress.it\/wp-content\/uploads\/2023\/09\/Luana-Zanella-deputato.jpg","articleSection":["Cronaca\/Politica","Lavoro, Economia, Turismo","Prima Pagina"],"inLanguage":"fr-FR"},{"@type":"WebPage","@id":"https:\/\/www.bellunopress.it\/2023\/10\/25\/milano-cortina-zanella-salvini-in-silenzio-nulla-da-dire-su-fallimento-cortina\/","url":"https:\/\/www.bellunopress.it\/2023\/10\/25\/milano-cortina-zanella-salvini-in-silenzio-nulla-da-dire-su-fallimento-cortina\/","name":"Milano-Cortina, Zanella: Salvini in silenzio, nulla da dire su fallimento Cortina? - Bellunopress - Dolomiti","isPartOf":{"@id":"https:\/\/www.bellunopress.it\/#website"},"primaryImageOfPage":{"@id":"https:\/\/www.bellunopress.it\/2023\/10\/25\/milano-cortina-zanella-salvini-in-silenzio-nulla-da-dire-su-fallimento-cortina\/#primaryimage"},"image":{"@id":"https:\/\/www.bellunopress.it\/2023\/10\/25\/milano-cortina-zanella-salvini-in-silenzio-nulla-da-dire-su-fallimento-cortina\/#primaryimage"},"thumbnailUrl":"https:\/\/www.bellunopress.it\/wp-content\/uploads\/2023\/09\/Luana-Zanella-deputato.jpg","datePublished":"2023-10-25T11:53:04+00:00","breadcrumb":{"@id":"https:\/\/www.bellunopress.it\/2023\/10\/25\/milano-cortina-zanella-salvini-in-silenzio-nulla-da-dire-su-fallimento-cortina\/#breadcrumb"},"inLanguage":"fr-FR","potentialAction":[{"@type":"ReadAction","target":["https:\/\/www.bellunopress.it\/2023\/10\/25\/milano-cortina-zanella-salvini-in-silenzio-nulla-da-dire-su-fallimento-cortina\/"]}]},{"@type":"ImageObject","inLanguage":"fr-FR","@id":"https:\/\/www.bellunopress.it\/2023\/10\/25\/milano-cortina-zanella-salvini-in-silenzio-nulla-da-dire-su-fallimento-cortina\/#primaryimage","url":"https:\/\/www.bellunopress.it\/wp-content\/uploads\/2023\/09\/Luana-Zanella-deputato.jpg","contentUrl":"https:\/\/www.bellunopress.it\/wp-content\/uploads\/2023\/09\/Luana-Zanella-deputato.jpg","width":656,"height":513,"caption":"Onorevole Luana Zanella, capogruppo di Alleanza Verdi Sinistra alla Camera dei Deputati"},{"@type":"BreadcrumbList","@id":"https:\/\/www.bellunopress.it\/2023\/10\/25\/milano-cortina-zanella-salvini-in-silenzio-nulla-da-dire-su-fallimento-cortina\/#breadcrumb","itemListElement":[{"@type":"ListItem","position":1,"name":"Home","item":"https:\/\/www.bellunopress.it\/"},{"@type":"ListItem","position":2,"name":"Milano-Cortina, Zanella: Salvini in silenzio, nulla da dire su fallimento Cortina?"}]},{"@type":"WebSite","@id":"https:\/\/www.bellunopress.it\/#website","url":"https:\/\/www.bellunopress.it\/","name":"Bellunopress - Dolomiti","description":"e-mail: redazione@bellunopress.it","publisher":{"@id":"https:\/\/www.bellunopress.it\/#organization"},"potentialAction":[{"@type":"SearchAction","target":{"@type":"EntryPoint","urlTemplate":"https:\/\/www.bellunopress.it\/?s={search_term_string}"},"query-input":{"@type":"PropertyValueSpecification","valueRequired":true,"valueName":"search_term_string"}}],"inLanguage":"fr-FR"},{"@type":"Organization","@id":"https:\/\/www.bellunopress.it\/#organization","name":"Bellunopress","url":"https:\/\/www.bellunopress.it\/","logo":{"@type":"ImageObject","inLanguage":"fr-FR","@id":"https:\/\/www.bellunopress.it\/#\/schema\/logo\/image\/","url":"https:\/\/www.bellunopress.it\/wp-content\/uploads\/2011\/05\/cropped-logo-bellunopress-.jpg","contentUrl":"https:\/\/www.bellunopress.it\/wp-content\/uploads\/2011\/05\/cropped-logo-bellunopress-.jpg","width":512,"height":512,"caption":"Bellunopress"},"image":{"@id":"https:\/\/www.bellunopress.it\/#\/schema\/logo\/image\/"},"sameAs":["https:\/\/www.facebook.com\/profile.php?id=100008943462799","https:\/\/x.com\/bellunopress","https:\/\/www.linkedin.com\/hp\/?dnr=JBzUWaJfMUw8vbXJJ2tVW5-I3jZKvC4wsoxE&amp;amp;amp;amp;amp;amp;trk=nav_responsive_tab_home","https:\/\/www.youtube.com\/channel\/UCxL0wu1uN0_3_7hGG0306cw"]},{"@type":"Person","@id":"https:\/\/www.bellunopress.it\/#\/schema\/person\/79bb06722b37ece1c03d3e94beb30d73","name":"r\u00e9daction","image":{"@type":"ImageObject","inLanguage":"fr-FR","@id":"https:\/\/secure.gravatar.com\/avatar\/37d968a2e67a6fd04c169c4bdef102d0bc5d31b2546345219e348575eb80e9a0?s=96&d=mm&r=g","url":"https:\/\/secure.gravatar.com\/avatar\/37d968a2e67a6fd04c169c4bdef102d0bc5d31b2546345219e348575eb80e9a0?s=96&d=mm&r=g","contentUrl":"https:\/\/secure.gravatar.com\/avatar\/37d968a2e67a6fd04c169c4bdef102d0bc5d31b2546345219e348575eb80e9a0?s=96&d=mm&r=g","caption":"redazione"},"sameAs":["http:\/\/www.bellunopress.it","https:\/\/x.com\/bellunopress"],"url":"https:\/\/www.bellunopress.it\/fr\/author\/redazione\/"}]}},"_links":{"self":[{"href":"https:\/\/www.bellunopress.it\/fr\/wp-json\/wp\/v2\/posts\/145314","targetHints":{"allow":["GET"]}}],"collection":[{"href":"https:\/\/www.bellunopress.it\/fr\/wp-json\/wp\/v2\/posts"}],"about":[{"href":"https:\/\/www.bellunopress.it\/fr\/wp-json\/wp\/v2\/types\/post"}],"author":[{"embeddable":true,"href":"https:\/\/www.bellunopress.it\/fr\/wp-json\/wp\/v2\/users\/2"}],"replies":[{"embeddable":true,"href":"https:\/\/www.bellunopress.it\/fr\/wp-json\/wp\/v2\/comments?post=145314"}],"version-history":[{"count":1,"href":"https:\/\/www.bellunopress.it\/fr\/wp-json\/wp\/v2\/posts\/145314\/revisions"}],"predecessor-version":[{"id":145315,"href":"https:\/\/www.bellunopress.it\/fr\/wp-json\/wp\/v2\/posts\/145314\/revisions\/145315"}],"wp:featuredmedia":[{"embeddable":true,"href":"https:\/\/www.bellunopress.it\/fr\/wp-json\/wp\/v2\/media\/144179"}],"wp:attachment":[{"href":"https:\/\/www.bellunopress.it\/fr\/wp-json\/wp\/v2\/media?parent=145314"}],"wp:term":[{"taxonomy":"category","embeddable":true,"href":"https:\/\/www.bellunopress.it\/fr\/wp-json\/wp\/v2\/categories?post=145314"},{"taxonomy":"post_tag","embeddable":true,"href":"https:\/\/www.bellunopress.it\/fr\/wp-json\/wp\/v2\/tags?post=145314"}],"curies":[{"name":"wp","href":"https:\/\/api.w.org\/{rel}","templated":true}]}}