{"id":145312,"date":"2023-10-25T13:38:10","date_gmt":"2023-10-25T11:38:10","guid":{"rendered":"https:\/\/www.bellunopress.it\/?p=145312"},"modified":"2023-10-25T13:38:10","modified_gmt":"2023-10-25T11:38:10","slug":"il-ricordo-del-disastro-del-vajont-allistituto-calvi-e-dei-cinque-studenti-che-non-fecero-piu-ritorno","status":"publish","type":"post","link":"https:\/\/www.bellunopress.it\/fr\/2023\/10\/25\/il-ricordo-del-disastro-del-vajont-allistituto-calvi-e-dei-cinque-studenti-che-non-fecero-piu-ritorno\/","title":{"rendered":"Il ricordo del disastro del Vajont all&#8217;Istituto &#8220;Calvi&#8221; e dei cinque studenti che non fecero pi\u00f9 ritorno"},"content":{"rendered":"<p><img loading=\"lazy\" decoding=\"async\" class=\"alignleft size-full wp-image-144656\" src=\"https:\/\/www.bellunopress.it\/wp-content\/uploads\/2023\/10\/Vajont-1963_edited.jpg\" alt=\"\" width=\"1000\" height=\"677\" srcset=\"https:\/\/www.bellunopress.it\/wp-content\/uploads\/2023\/10\/Vajont-1963_edited.jpg 1000w, https:\/\/www.bellunopress.it\/wp-content\/uploads\/2023\/10\/Vajont-1963_edited-500x339.jpg 500w, https:\/\/www.bellunopress.it\/wp-content\/uploads\/2023\/10\/Vajont-1963_edited-696x471.jpg 696w\" sizes=\"auto, (max-width: 1000px) 100vw, 1000px\" \/>10 ottobre 1963: all\u2019Istituto Superiore per Ragionieri \u201cP.F. Calvi\u201d (all\u2019epoca non ancora ITE) mancano all\u2019appello cinque ragazzi. Non faranno mai pi\u00f9 ritorno a scuola e non si siederanno tra i loro compagni. Un numero esiguo, che rappresenta una piccola parte delle vittime che causer\u00e0 la frana del Monte Toc.<br \/>\n21 ottobre 2023: un centinaio di alunni delle classi seconde di quello stesso istituto ascolta in attonito e commosso silenzio le testimonianze di chi ha vissuto direttamente e indirettamente quegli eventi.<\/p>\n<p>\u00c8 l\u2019occasione per avvicinare i giovani agli avvenimenti tragici del Vajont.<br \/>\nIl primo a ripercorrere quel triste giorno \u00e8 Dino Bridda: ancora vivo \u00e8 in lui, come nei suoi compagni presenti in rappresentanza dell\u2019Associazione \u201cEx allievi del Calvi\u201d, il ricordo di quella mattina di inizio ottobre. Sono trascorsi sessanta anni da quando, assieme ai suoi compagni, ricorda di aver atteso invano Cristina, Luigia, Pierpaolo, Renzo e Giorgio. Sono i cinque amici che non rivedranno mai pi\u00f9 e dei quali, nonostante il trascorrere del tempo, il ricordo rimane, tutt\u2019oggi, vivo. Il loro dolore \u00e8 persistente, li ha accompagnati durante la vita e, per questo, vogliono lasciare testimonianza di quanto accaduto promuovendo, come ogni anno, un concorso dedicato alla tragedia del Vajont.<\/p>\n<p>L\u2019aula magna si fa sempre pi\u00f9 silenziosa. Ecco l\u2019intervento di Luca Zanfron che ripercorre il vissuto del padre fotografo. Sue sono state le prime immagini concrete di quel giorno di ottobre. Grazie a lui hanno iniziato a circolare le prime fotografie della tragedia. Per la prima volta, non ci si affidava al \u201csentito dire\u201d ma la realt\u00e0 veniva rappresentata nella sua crudezza, senza filtri. Luca ricostruisce la fatica affrontata dal padre Bepi: l\u2019arrivo a Longarone, il tragitto lungo le strade fangose, il lavoro tra i cadaveri, il viaggio di ritorno a Belluno verso il proprio laboratorio per sviluppare le fotografie custodite nel rullino, la consegna ai giornali. Un lavoro impegnativo, oggi incomprensibile per le nuove generazioni, abituate ad una realt\u00e0 sempre pi\u00f9 virtuale.<\/p>\n<p>Ma \u00e8 con il toccante ricordo di Nadia Arlant, testimone diretta della tragedia, che il silenzio si \u00e8 fatto assordante. Le sue parole commosse sono state accolte dalla platea in un silenzio carico di attenzione. \u201cEra una sera in cui il chiarore della luna non faceva presagire ci\u00f2 che sarebbe accaduto\u201d. Cos\u00ec inizia la donna, facendo immedesimare il pubblico nel suo racconto, quasi divenendone partecipe in prima persona. In questo caso le immagini non servono: \u00e8 il racconto stesso che si trasforma in immagine. Sembra strano: in un\u2019epoca in cui la comunicazione dei giovani sembra trovare compimento solo se passa attraverso video<br \/>\nrapidi e immagini a forte impatto, il racconto viene veicolato attraverso la voce spezzata dall\u2019emozione di chi ha vissuto in prima persona quei momenti. Non servono immagini. Sono sufficienti le parole.<\/p>\n<p>Ed \u00e8 proprio grazie alle parole che Antonio Bortoluzzi interagisce con gli allievi, raccontando la genesi del suo ultimo romanzo \u201cIl saldatore del Vajont\u201d, in cui affronta il tema del ricordo. Forte \u00e8 l\u2019invito rivolto ai giovani nel vivere la scuola, non solo come il luogo in cui circolano le nozioni e il sapere, ma anche come una comunit\u00e0 viva di persone, compartecipi della vita altrui, dove si gettano le basi per costruire relazioni formative per la crescita dell\u2019individuo.<\/p>\n<p>Infine, chiude l\u2019incontro Francesca Bellencin, il cui ricordo si snoda inconsapevolmente come un filo invisibile che unisce tutte le testimonianze precedenti: \u201cC\u2019era un operaio, mio nonno, che il 9 ottobre 1963 lavorava sulla diga. Quel giorno aveva inviato alla figlia una cartolina che ritraeva il suo luogo di lavoro. La cartolina fu recapitata tre settimane dopo, quando il nome del mittente compariva nell\u2019elenco dei dispersi del disastro del Vajont. Poche parole: \u201cBaci, pap\u00e0.\u201d Un padre che, nonostante il trascorrere dei decenni, sar\u00e0 ricercato negli occhi e nel portamento di mille altri uomini confusi nella folla.<br \/>\nL\u2019incontro si \u00e8 concluso con uno spontaneo applauso da parte degli alunni, pronti a raccogliere il testimone della memoria.<\/p>","protected":false},"excerpt":{"rendered":"<p>10 ottobre 1963: all\u2019Istituto Superiore per Ragionieri \u201cP.F. Calvi\u201d (all\u2019epoca non ancora ITE) mancano all\u2019appello cinque ragazzi. Non faranno mai pi\u00f9 ritorno a scuola e non si siederanno tra i loro compagni. Un numero esiguo, che rappresenta una piccola parte delle vittime che causer\u00e0 la frana del Monte Toc. 21 ottobre 2023: un centinaio di [&hellip;]<\/p>\n","protected":false},"author":2,"featured_media":144656,"comment_status":"closed","ping_status":"open","sticky":false,"template":"","format":"standard","meta":{"footnotes":""},"categories":[15],"tags":[],"class_list":["post-145312","post","type-post","status-publish","format-standard","has-post-thumbnail","category-scuola"],"yoast_head":"<!-- This site is optimized with the Yoast SEO plugin v28.4 - https:\/\/yoast.com\/product\/yoast-seo-wordpress\/ -->\n<title>Il ricordo del disastro del Vajont all&#039;Istituto &quot;Calvi&quot; e dei cinque studenti che non fecero pi\u00f9 ritorno - Bellunopress - Dolomiti<\/title>\n<meta name=\"robots\" content=\"index, follow, max-snippet:-1, max-image-preview:large, max-video-preview:-1\" \/>\n<link rel=\"canonical\" href=\"https:\/\/www.bellunopress.it\/fr\/2023\/10\/25\/il-ricordo-del-disastro-del-vajont-allistituto-calvi-e-dei-cinque-studenti-che-non-fecero-piu-ritorno\/\" \/>\n<meta property=\"og:locale\" content=\"fr_FR\" \/>\n<meta property=\"og:type\" content=\"article\" \/>\n<meta property=\"og:title\" content=\"Il ricordo del disastro del Vajont all&#039;Istituto &quot;Calvi&quot; e dei cinque studenti che non fecero pi\u00f9 ritorno - Bellunopress - Dolomiti\" \/>\n<meta property=\"og:description\" content=\"10 ottobre 1963: all\u2019Istituto Superiore per Ragionieri \u201cP.F. Calvi\u201d (all\u2019epoca non ancora ITE) mancano all\u2019appello cinque ragazzi. Non faranno mai pi\u00f9 ritorno a scuola e non si siederanno tra i loro compagni. Un numero esiguo, che rappresenta una piccola parte delle vittime che causer\u00e0 la frana del Monte Toc. 21 ottobre 2023: un centinaio di [&hellip;]\" \/>\n<meta property=\"og:url\" content=\"https:\/\/www.bellunopress.it\/fr\/2023\/10\/25\/il-ricordo-del-disastro-del-vajont-allistituto-calvi-e-dei-cinque-studenti-che-non-fecero-piu-ritorno\/\" \/>\n<meta property=\"og:site_name\" content=\"Bellunopress - Dolomiti\" \/>\n<meta property=\"article:publisher\" content=\"https:\/\/www.facebook.com\/profile.php?id=100008943462799\" \/>\n<meta property=\"article:published_time\" content=\"2023-10-25T11:38:10+00:00\" \/>\n<meta property=\"og:image\" content=\"https:\/\/www.bellunopress.it\/wp-content\/uploads\/2023\/10\/Vajont-1963_edited.jpg\" \/>\n\t<meta property=\"og:image:width\" content=\"1000\" \/>\n\t<meta property=\"og:image:height\" content=\"677\" \/>\n\t<meta property=\"og:image:type\" content=\"image\/jpeg\" \/>\n<meta name=\"author\" content=\"redazione\" \/>\n<meta name=\"twitter:card\" content=\"summary_large_image\" \/>\n<meta name=\"twitter:creator\" content=\"@bellunopress\" \/>\n<meta name=\"twitter:site\" content=\"@bellunopress\" \/>\n<meta name=\"twitter:label1\" content=\"\u00c9crit par\" \/>\n\t<meta name=\"twitter:data1\" content=\"redazione\" \/>\n\t<meta name=\"twitter:label2\" content=\"Dur\u00e9e de lecture estim\u00e9e\" \/>\n\t<meta name=\"twitter:data2\" content=\"3 minutes\" \/>\n<script type=\"application\/ld+json\" class=\"yoast-schema-graph\">{\"@context\":\"https:\\\/\\\/schema.org\",\"@graph\":[{\"@type\":\"Article\",\"@id\":\"https:\\\/\\\/www.bellunopress.it\\\/2023\\\/10\\\/25\\\/il-ricordo-del-disastro-del-vajont-allistituto-calvi-e-dei-cinque-studenti-che-non-fecero-piu-ritorno\\\/#article\",\"isPartOf\":{\"@id\":\"https:\\\/\\\/www.bellunopress.it\\\/2023\\\/10\\\/25\\\/il-ricordo-del-disastro-del-vajont-allistituto-calvi-e-dei-cinque-studenti-che-non-fecero-piu-ritorno\\\/\"},\"author\":{\"name\":\"redazione\",\"@id\":\"https:\\\/\\\/www.bellunopress.it\\\/#\\\/schema\\\/person\\\/79bb06722b37ece1c03d3e94beb30d73\"},\"headline\":\"Il ricordo del disastro del Vajont all&#8217;Istituto &#8220;Calvi&#8221; e dei cinque studenti che non fecero pi\u00f9 ritorno\",\"datePublished\":\"2023-10-25T11:38:10+00:00\",\"mainEntityOfPage\":{\"@id\":\"https:\\\/\\\/www.bellunopress.it\\\/2023\\\/10\\\/25\\\/il-ricordo-del-disastro-del-vajont-allistituto-calvi-e-dei-cinque-studenti-che-non-fecero-piu-ritorno\\\/\"},\"wordCount\":669,\"publisher\":{\"@id\":\"https:\\\/\\\/www.bellunopress.it\\\/#organization\"},\"image\":{\"@id\":\"https:\\\/\\\/www.bellunopress.it\\\/2023\\\/10\\\/25\\\/il-ricordo-del-disastro-del-vajont-allistituto-calvi-e-dei-cinque-studenti-che-non-fecero-piu-ritorno\\\/#primaryimage\"},\"thumbnailUrl\":\"https:\\\/\\\/www.bellunopress.it\\\/wp-content\\\/uploads\\\/2023\\\/10\\\/Vajont-1963_edited.jpg\",\"articleSection\":[\"Scuola\"],\"inLanguage\":\"fr-FR\"},{\"@type\":\"WebPage\",\"@id\":\"https:\\\/\\\/www.bellunopress.it\\\/2023\\\/10\\\/25\\\/il-ricordo-del-disastro-del-vajont-allistituto-calvi-e-dei-cinque-studenti-che-non-fecero-piu-ritorno\\\/\",\"url\":\"https:\\\/\\\/www.bellunopress.it\\\/2023\\\/10\\\/25\\\/il-ricordo-del-disastro-del-vajont-allistituto-calvi-e-dei-cinque-studenti-che-non-fecero-piu-ritorno\\\/\",\"name\":\"Il ricordo del disastro del Vajont all'Istituto \\\"Calvi\\\" e dei cinque studenti che non fecero pi\u00f9 ritorno - Bellunopress - Dolomiti\",\"isPartOf\":{\"@id\":\"https:\\\/\\\/www.bellunopress.it\\\/#website\"},\"primaryImageOfPage\":{\"@id\":\"https:\\\/\\\/www.bellunopress.it\\\/2023\\\/10\\\/25\\\/il-ricordo-del-disastro-del-vajont-allistituto-calvi-e-dei-cinque-studenti-che-non-fecero-piu-ritorno\\\/#primaryimage\"},\"image\":{\"@id\":\"https:\\\/\\\/www.bellunopress.it\\\/2023\\\/10\\\/25\\\/il-ricordo-del-disastro-del-vajont-allistituto-calvi-e-dei-cinque-studenti-che-non-fecero-piu-ritorno\\\/#primaryimage\"},\"thumbnailUrl\":\"https:\\\/\\\/www.bellunopress.it\\\/wp-content\\\/uploads\\\/2023\\\/10\\\/Vajont-1963_edited.jpg\",\"datePublished\":\"2023-10-25T11:38:10+00:00\",\"breadcrumb\":{\"@id\":\"https:\\\/\\\/www.bellunopress.it\\\/2023\\\/10\\\/25\\\/il-ricordo-del-disastro-del-vajont-allistituto-calvi-e-dei-cinque-studenti-che-non-fecero-piu-ritorno\\\/#breadcrumb\"},\"inLanguage\":\"fr-FR\",\"potentialAction\":[{\"@type\":\"ReadAction\",\"target\":[\"https:\\\/\\\/www.bellunopress.it\\\/2023\\\/10\\\/25\\\/il-ricordo-del-disastro-del-vajont-allistituto-calvi-e-dei-cinque-studenti-che-non-fecero-piu-ritorno\\\/\"]}]},{\"@type\":\"ImageObject\",\"inLanguage\":\"fr-FR\",\"@id\":\"https:\\\/\\\/www.bellunopress.it\\\/2023\\\/10\\\/25\\\/il-ricordo-del-disastro-del-vajont-allistituto-calvi-e-dei-cinque-studenti-che-non-fecero-piu-ritorno\\\/#primaryimage\",\"url\":\"https:\\\/\\\/www.bellunopress.it\\\/wp-content\\\/uploads\\\/2023\\\/10\\\/Vajont-1963_edited.jpg\",\"contentUrl\":\"https:\\\/\\\/www.bellunopress.it\\\/wp-content\\\/uploads\\\/2023\\\/10\\\/Vajont-1963_edited.jpg\",\"width\":1000,\"height\":677},{\"@type\":\"BreadcrumbList\",\"@id\":\"https:\\\/\\\/www.bellunopress.it\\\/2023\\\/10\\\/25\\\/il-ricordo-del-disastro-del-vajont-allistituto-calvi-e-dei-cinque-studenti-che-non-fecero-piu-ritorno\\\/#breadcrumb\",\"itemListElement\":[{\"@type\":\"ListItem\",\"position\":1,\"name\":\"Home\",\"item\":\"https:\\\/\\\/www.bellunopress.it\\\/\"},{\"@type\":\"ListItem\",\"position\":2,\"name\":\"Il ricordo del disastro del Vajont all&#8217;Istituto &#8220;Calvi&#8221; e dei cinque studenti che non fecero pi\u00f9 ritorno\"}]},{\"@type\":\"WebSite\",\"@id\":\"https:\\\/\\\/www.bellunopress.it\\\/#website\",\"url\":\"https:\\\/\\\/www.bellunopress.it\\\/\",\"name\":\"Bellunopress - Dolomiti\",\"description\":\"e-mail: redazione@bellunopress.it\",\"publisher\":{\"@id\":\"https:\\\/\\\/www.bellunopress.it\\\/#organization\"},\"potentialAction\":[{\"@type\":\"SearchAction\",\"target\":{\"@type\":\"EntryPoint\",\"urlTemplate\":\"https:\\\/\\\/www.bellunopress.it\\\/?s={search_term_string}\"},\"query-input\":{\"@type\":\"PropertyValueSpecification\",\"valueRequired\":true,\"valueName\":\"search_term_string\"}}],\"inLanguage\":\"fr-FR\"},{\"@type\":\"Organization\",\"@id\":\"https:\\\/\\\/www.bellunopress.it\\\/#organization\",\"name\":\"Bellunopress\",\"url\":\"https:\\\/\\\/www.bellunopress.it\\\/\",\"logo\":{\"@type\":\"ImageObject\",\"inLanguage\":\"fr-FR\",\"@id\":\"https:\\\/\\\/www.bellunopress.it\\\/#\\\/schema\\\/logo\\\/image\\\/\",\"url\":\"https:\\\/\\\/www.bellunopress.it\\\/wp-content\\\/uploads\\\/2011\\\/05\\\/cropped-logo-bellunopress-.jpg\",\"contentUrl\":\"https:\\\/\\\/www.bellunopress.it\\\/wp-content\\\/uploads\\\/2011\\\/05\\\/cropped-logo-bellunopress-.jpg\",\"width\":512,\"height\":512,\"caption\":\"Bellunopress\"},\"image\":{\"@id\":\"https:\\\/\\\/www.bellunopress.it\\\/#\\\/schema\\\/logo\\\/image\\\/\"},\"sameAs\":[\"https:\\\/\\\/www.facebook.com\\\/profile.php?id=100008943462799\",\"https:\\\/\\\/x.com\\\/bellunopress\",\"https:\\\/\\\/www.linkedin.com\\\/hp\\\/?dnr=JBzUWaJfMUw8vbXJJ2tVW5-I3jZKvC4wsoxE&amp;amp;amp;amp;amp;amp;trk=nav_responsive_tab_home\",\"https:\\\/\\\/www.youtube.com\\\/channel\\\/UCxL0wu1uN0_3_7hGG0306cw\"]},{\"@type\":\"Person\",\"@id\":\"https:\\\/\\\/www.bellunopress.it\\\/#\\\/schema\\\/person\\\/79bb06722b37ece1c03d3e94beb30d73\",\"name\":\"redazione\",\"image\":{\"@type\":\"ImageObject\",\"inLanguage\":\"fr-FR\",\"@id\":\"https:\\\/\\\/secure.gravatar.com\\\/avatar\\\/37d968a2e67a6fd04c169c4bdef102d0bc5d31b2546345219e348575eb80e9a0?s=96&d=mm&r=g\",\"url\":\"https:\\\/\\\/secure.gravatar.com\\\/avatar\\\/37d968a2e67a6fd04c169c4bdef102d0bc5d31b2546345219e348575eb80e9a0?s=96&d=mm&r=g\",\"contentUrl\":\"https:\\\/\\\/secure.gravatar.com\\\/avatar\\\/37d968a2e67a6fd04c169c4bdef102d0bc5d31b2546345219e348575eb80e9a0?s=96&d=mm&r=g\",\"caption\":\"redazione\"},\"sameAs\":[\"http:\\\/\\\/www.bellunopress.it\",\"https:\\\/\\\/x.com\\\/bellunopress\"],\"url\":\"https:\\\/\\\/www.bellunopress.it\\\/fr\\\/author\\\/redazione\\\/\"}]}<\/script>\n<!-- \/ Yoast SEO plugin. -->","yoast_head_json":{"title":"Il ricordo del disastro del Vajont all'Istituto \"Calvi\" e dei cinque studenti che non fecero pi\u00f9 ritorno - Bellunopress - Dolomiti","robots":{"index":"index","follow":"follow","max-snippet":"max-snippet:-1","max-image-preview":"max-image-preview:large","max-video-preview":"max-video-preview:-1"},"canonical":"https:\/\/www.bellunopress.it\/fr\/2023\/10\/25\/il-ricordo-del-disastro-del-vajont-allistituto-calvi-e-dei-cinque-studenti-che-non-fecero-piu-ritorno\/","og_locale":"fr_FR","og_type":"article","og_title":"Il ricordo del disastro del Vajont all'Istituto \"Calvi\" e dei cinque studenti che non fecero pi\u00f9 ritorno - Bellunopress - Dolomiti","og_description":"10 ottobre 1963: all\u2019Istituto Superiore per Ragionieri \u201cP.F. Calvi\u201d (all\u2019epoca non ancora ITE) mancano all\u2019appello cinque ragazzi. Non faranno mai pi\u00f9 ritorno a scuola e non si siederanno tra i loro compagni. Un numero esiguo, che rappresenta una piccola parte delle vittime che causer\u00e0 la frana del Monte Toc. 21 ottobre 2023: un centinaio di [&hellip;]","og_url":"https:\/\/www.bellunopress.it\/fr\/2023\/10\/25\/il-ricordo-del-disastro-del-vajont-allistituto-calvi-e-dei-cinque-studenti-che-non-fecero-piu-ritorno\/","og_site_name":"Bellunopress - Dolomiti","article_publisher":"https:\/\/www.facebook.com\/profile.php?id=100008943462799","article_published_time":"2023-10-25T11:38:10+00:00","og_image":[{"width":1000,"height":677,"url":"https:\/\/www.bellunopress.it\/wp-content\/uploads\/2023\/10\/Vajont-1963_edited.jpg","type":"image\/jpeg"}],"author":"redazione","twitter_card":"summary_large_image","twitter_creator":"@bellunopress","twitter_site":"@bellunopress","twitter_misc":{"\u00c9crit par":"redazione","Dur\u00e9e de lecture estim\u00e9e":"3 minutes"},"schema":{"@context":"https:\/\/schema.org","@graph":[{"@type":"Article","@id":"https:\/\/www.bellunopress.it\/2023\/10\/25\/il-ricordo-del-disastro-del-vajont-allistituto-calvi-e-dei-cinque-studenti-che-non-fecero-piu-ritorno\/#article","isPartOf":{"@id":"https:\/\/www.bellunopress.it\/2023\/10\/25\/il-ricordo-del-disastro-del-vajont-allistituto-calvi-e-dei-cinque-studenti-che-non-fecero-piu-ritorno\/"},"author":{"name":"redazione","@id":"https:\/\/www.bellunopress.it\/#\/schema\/person\/79bb06722b37ece1c03d3e94beb30d73"},"headline":"Il ricordo del disastro del Vajont all&#8217;Istituto &#8220;Calvi&#8221; e dei cinque studenti che non fecero pi\u00f9 ritorno","datePublished":"2023-10-25T11:38:10+00:00","mainEntityOfPage":{"@id":"https:\/\/www.bellunopress.it\/2023\/10\/25\/il-ricordo-del-disastro-del-vajont-allistituto-calvi-e-dei-cinque-studenti-che-non-fecero-piu-ritorno\/"},"wordCount":669,"publisher":{"@id":"https:\/\/www.bellunopress.it\/#organization"},"image":{"@id":"https:\/\/www.bellunopress.it\/2023\/10\/25\/il-ricordo-del-disastro-del-vajont-allistituto-calvi-e-dei-cinque-studenti-che-non-fecero-piu-ritorno\/#primaryimage"},"thumbnailUrl":"https:\/\/www.bellunopress.it\/wp-content\/uploads\/2023\/10\/Vajont-1963_edited.jpg","articleSection":["Scuola"],"inLanguage":"fr-FR"},{"@type":"WebPage","@id":"https:\/\/www.bellunopress.it\/2023\/10\/25\/il-ricordo-del-disastro-del-vajont-allistituto-calvi-e-dei-cinque-studenti-che-non-fecero-piu-ritorno\/","url":"https:\/\/www.bellunopress.it\/2023\/10\/25\/il-ricordo-del-disastro-del-vajont-allistituto-calvi-e-dei-cinque-studenti-che-non-fecero-piu-ritorno\/","name":"Il ricordo del disastro del Vajont all'Istituto \"Calvi\" e dei cinque studenti che non fecero pi\u00f9 ritorno - Bellunopress - Dolomiti","isPartOf":{"@id":"https:\/\/www.bellunopress.it\/#website"},"primaryImageOfPage":{"@id":"https:\/\/www.bellunopress.it\/2023\/10\/25\/il-ricordo-del-disastro-del-vajont-allistituto-calvi-e-dei-cinque-studenti-che-non-fecero-piu-ritorno\/#primaryimage"},"image":{"@id":"https:\/\/www.bellunopress.it\/2023\/10\/25\/il-ricordo-del-disastro-del-vajont-allistituto-calvi-e-dei-cinque-studenti-che-non-fecero-piu-ritorno\/#primaryimage"},"thumbnailUrl":"https:\/\/www.bellunopress.it\/wp-content\/uploads\/2023\/10\/Vajont-1963_edited.jpg","datePublished":"2023-10-25T11:38:10+00:00","breadcrumb":{"@id":"https:\/\/www.bellunopress.it\/2023\/10\/25\/il-ricordo-del-disastro-del-vajont-allistituto-calvi-e-dei-cinque-studenti-che-non-fecero-piu-ritorno\/#breadcrumb"},"inLanguage":"fr-FR","potentialAction":[{"@type":"ReadAction","target":["https:\/\/www.bellunopress.it\/2023\/10\/25\/il-ricordo-del-disastro-del-vajont-allistituto-calvi-e-dei-cinque-studenti-che-non-fecero-piu-ritorno\/"]}]},{"@type":"ImageObject","inLanguage":"fr-FR","@id":"https:\/\/www.bellunopress.it\/2023\/10\/25\/il-ricordo-del-disastro-del-vajont-allistituto-calvi-e-dei-cinque-studenti-che-non-fecero-piu-ritorno\/#primaryimage","url":"https:\/\/www.bellunopress.it\/wp-content\/uploads\/2023\/10\/Vajont-1963_edited.jpg","contentUrl":"https:\/\/www.bellunopress.it\/wp-content\/uploads\/2023\/10\/Vajont-1963_edited.jpg","width":1000,"height":677},{"@type":"BreadcrumbList","@id":"https:\/\/www.bellunopress.it\/2023\/10\/25\/il-ricordo-del-disastro-del-vajont-allistituto-calvi-e-dei-cinque-studenti-che-non-fecero-piu-ritorno\/#breadcrumb","itemListElement":[{"@type":"ListItem","position":1,"name":"Home","item":"https:\/\/www.bellunopress.it\/"},{"@type":"ListItem","position":2,"name":"Il ricordo del disastro del Vajont all&#8217;Istituto &#8220;Calvi&#8221; e dei cinque studenti che non fecero pi\u00f9 ritorno"}]},{"@type":"WebSite","@id":"https:\/\/www.bellunopress.it\/#website","url":"https:\/\/www.bellunopress.it\/","name":"Bellunopress - Dolomiti","description":"e-mail: redazione@bellunopress.it","publisher":{"@id":"https:\/\/www.bellunopress.it\/#organization"},"potentialAction":[{"@type":"SearchAction","target":{"@type":"EntryPoint","urlTemplate":"https:\/\/www.bellunopress.it\/?s={search_term_string}"},"query-input":{"@type":"PropertyValueSpecification","valueRequired":true,"valueName":"search_term_string"}}],"inLanguage":"fr-FR"},{"@type":"Organization","@id":"https:\/\/www.bellunopress.it\/#organization","name":"Bellunopress","url":"https:\/\/www.bellunopress.it\/","logo":{"@type":"ImageObject","inLanguage":"fr-FR","@id":"https:\/\/www.bellunopress.it\/#\/schema\/logo\/image\/","url":"https:\/\/www.bellunopress.it\/wp-content\/uploads\/2011\/05\/cropped-logo-bellunopress-.jpg","contentUrl":"https:\/\/www.bellunopress.it\/wp-content\/uploads\/2011\/05\/cropped-logo-bellunopress-.jpg","width":512,"height":512,"caption":"Bellunopress"},"image":{"@id":"https:\/\/www.bellunopress.it\/#\/schema\/logo\/image\/"},"sameAs":["https:\/\/www.facebook.com\/profile.php?id=100008943462799","https:\/\/x.com\/bellunopress","https:\/\/www.linkedin.com\/hp\/?dnr=JBzUWaJfMUw8vbXJJ2tVW5-I3jZKvC4wsoxE&amp;amp;amp;amp;amp;amp;trk=nav_responsive_tab_home","https:\/\/www.youtube.com\/channel\/UCxL0wu1uN0_3_7hGG0306cw"]},{"@type":"Person","@id":"https:\/\/www.bellunopress.it\/#\/schema\/person\/79bb06722b37ece1c03d3e94beb30d73","name":"r\u00e9daction","image":{"@type":"ImageObject","inLanguage":"fr-FR","@id":"https:\/\/secure.gravatar.com\/avatar\/37d968a2e67a6fd04c169c4bdef102d0bc5d31b2546345219e348575eb80e9a0?s=96&d=mm&r=g","url":"https:\/\/secure.gravatar.com\/avatar\/37d968a2e67a6fd04c169c4bdef102d0bc5d31b2546345219e348575eb80e9a0?s=96&d=mm&r=g","contentUrl":"https:\/\/secure.gravatar.com\/avatar\/37d968a2e67a6fd04c169c4bdef102d0bc5d31b2546345219e348575eb80e9a0?s=96&d=mm&r=g","caption":"redazione"},"sameAs":["http:\/\/www.bellunopress.it","https:\/\/x.com\/bellunopress"],"url":"https:\/\/www.bellunopress.it\/fr\/author\/redazione\/"}]}},"_links":{"self":[{"href":"https:\/\/www.bellunopress.it\/fr\/wp-json\/wp\/v2\/posts\/145312","targetHints":{"allow":["GET"]}}],"collection":[{"href":"https:\/\/www.bellunopress.it\/fr\/wp-json\/wp\/v2\/posts"}],"about":[{"href":"https:\/\/www.bellunopress.it\/fr\/wp-json\/wp\/v2\/types\/post"}],"author":[{"embeddable":true,"href":"https:\/\/www.bellunopress.it\/fr\/wp-json\/wp\/v2\/users\/2"}],"replies":[{"embeddable":true,"href":"https:\/\/www.bellunopress.it\/fr\/wp-json\/wp\/v2\/comments?post=145312"}],"version-history":[{"count":1,"href":"https:\/\/www.bellunopress.it\/fr\/wp-json\/wp\/v2\/posts\/145312\/revisions"}],"predecessor-version":[{"id":145313,"href":"https:\/\/www.bellunopress.it\/fr\/wp-json\/wp\/v2\/posts\/145312\/revisions\/145313"}],"wp:featuredmedia":[{"embeddable":true,"href":"https:\/\/www.bellunopress.it\/fr\/wp-json\/wp\/v2\/media\/144656"}],"wp:attachment":[{"href":"https:\/\/www.bellunopress.it\/fr\/wp-json\/wp\/v2\/media?parent=145312"}],"wp:term":[{"taxonomy":"category","embeddable":true,"href":"https:\/\/www.bellunopress.it\/fr\/wp-json\/wp\/v2\/categories?post=145312"},{"taxonomy":"post_tag","embeddable":true,"href":"https:\/\/www.bellunopress.it\/fr\/wp-json\/wp\/v2\/tags?post=145312"}],"curies":[{"name":"wp","href":"https:\/\/api.w.org\/{rel}","templated":true}]}}