{"id":145309,"date":"2023-10-25T03:35:52","date_gmt":"2023-10-25T01:35:52","guid":{"rendered":"https:\/\/www.bellunopress.it\/?p=145309"},"modified":"2023-10-25T03:35:52","modified_gmt":"2023-10-25T01:35:52","slug":"incidenti-stradali-a-belluno-un-furgone-danneggia-un-sottoportico-a-sedico-4-auto-coinvolte-con-un-ferito","status":"publish","type":"post","link":"https:\/\/www.bellunopress.it\/fr\/2023\/10\/25\/incidenti-stradali-a-belluno-un-furgone-danneggia-un-sottoportico-a-sedico-4-auto-coinvolte-con-un-ferito\/","title":{"rendered":"Incidenti stradali. A Belluno un furgone danneggia un sottoportico. A Sedico 4 auto coinvolte con un ferito"},"content":{"rendered":"<p>Belluno, 25 ottobre 2023 &#8211; Poco dopo le 13:30, di ieri, i vigili del fuoco sono intervenuti in via Sanfor a Belluno per il danneggiamento del sottoportico della Chiesetta di Santa Maria delle Grazie da parte del conducente di un furgone che ha calcolato male l\u2019altezza: nessuna persona \u00e8 rimasta ferita. L\u2019autista con la parte alta del cassone furgonato ha sbattuto contro la trave di supporto del sottoportico che \u00e8 stata divelta causando il danneggiamento di tutta la struttura e la caduta delle tegole. I vigili del fuoco arrivati da Belluno con due mezzi tra cui l\u2019autoscala hanno eliminato tutte le parti pericolanti, provvedendo anche alla rimozione della trave dal furgone rimasto gravemente danneggiato.<\/p>\n<p><img loading=\"lazy\" decoding=\"async\" class=\"alignleft size-full wp-image-145310\" src=\"https:\/\/www.bellunopress.it\/wp-content\/uploads\/2023\/10\/vigili-del-fuoco-115_edited.jpg\" alt=\"\" width=\"1000\" height=\"680\" srcset=\"https:\/\/www.bellunopress.it\/wp-content\/uploads\/2023\/10\/vigili-del-fuoco-115_edited.jpg 1000w, https:\/\/www.bellunopress.it\/wp-content\/uploads\/2023\/10\/vigili-del-fuoco-115_edited-500x340.jpg 500w, https:\/\/www.bellunopress.it\/wp-content\/uploads\/2023\/10\/vigili-del-fuoco-115_edited-696x473.jpg 696w\" sizes=\"auto, (max-width: 1000px) 100vw, 1000px\" \/>Sedico 25 ottobre 2023 &#8211; Alle 18:30 di marted\u00ec, i vigili del fuoco sono intervenuti a Sedico lungo SR 203 Agordina al km 11+200 per un incidente tra 4 auto: una persona \u00e8 rimasta ferita. I pompieri arrivati da Belluno, hanno messo in sicurezza i mezzi, mentre la persona ferita \u00e8 stata assistita dal personale sanitario del Suem e trasferita in ospedale. I carabinieri hanno deviato il traffico ed eseguito i rilievi del sinistro. Le operazioni di soccorso dei vigili del fuoco sono terminate alle 21:30.<\/p>","protected":false},"excerpt":{"rendered":"<p>Belluno, 25 ottobre 2023 &#8211; Poco dopo le 13:30, di ieri, i vigili del fuoco sono intervenuti in via Sanfor a Belluno per il danneggiamento del sottoportico della Chiesetta di Santa Maria delle Grazie da parte del conducente di un furgone che ha calcolato male l\u2019altezza: nessuna persona \u00e8 rimasta ferita. L\u2019autista con la parte [&hellip;]<\/p>\n","protected":false},"author":2,"featured_media":145310,"comment_status":"closed","ping_status":"open","sticky":false,"template":"","format":"standard","meta":{"footnotes":""},"categories":[5],"tags":[],"class_list":["post-145309","post","type-post","status-publish","format-standard","has-post-thumbnail","category-cronaca"],"yoast_head":"<!-- This site is optimized with the Yoast SEO plugin v28.4 - https:\/\/yoast.com\/product\/yoast-seo-wordpress\/ -->\n<title>Incidenti stradali. A Belluno un furgone danneggia un sottoportico. A Sedico 4 auto coinvolte con un ferito - Bellunopress - Dolomiti<\/title>\n<meta name=\"robots\" content=\"index, follow, max-snippet:-1, max-image-preview:large, max-video-preview:-1\" \/>\n<link rel=\"canonical\" href=\"https:\/\/www.bellunopress.it\/fr\/2023\/10\/25\/incidenti-stradali-a-belluno-un-furgone-danneggia-un-sottoportico-a-sedico-4-auto-coinvolte-con-un-ferito\/\" \/>\n<meta property=\"og:locale\" content=\"fr_FR\" \/>\n<meta property=\"og:type\" content=\"article\" \/>\n<meta property=\"og:title\" content=\"Incidenti stradali. A Belluno un furgone danneggia un sottoportico. A Sedico 4 auto coinvolte con un ferito - Bellunopress - Dolomiti\" \/>\n<meta property=\"og:description\" content=\"Belluno, 25 ottobre 2023 &#8211; Poco dopo le 13:30, di ieri, i vigili del fuoco sono intervenuti in via Sanfor a Belluno per il danneggiamento del sottoportico della Chiesetta di Santa Maria delle Grazie da parte del conducente di un furgone che ha calcolato male l\u2019altezza: nessuna persona \u00e8 rimasta ferita. L\u2019autista con la parte [&hellip;]\" \/>\n<meta property=\"og:url\" content=\"https:\/\/www.bellunopress.it\/fr\/2023\/10\/25\/incidenti-stradali-a-belluno-un-furgone-danneggia-un-sottoportico-a-sedico-4-auto-coinvolte-con-un-ferito\/\" \/>\n<meta property=\"og:site_name\" content=\"Bellunopress - Dolomiti\" \/>\n<meta property=\"article:publisher\" content=\"https:\/\/www.facebook.com\/profile.php?id=100008943462799\" \/>\n<meta property=\"article:published_time\" content=\"2023-10-25T01:35:52+00:00\" \/>\n<meta property=\"og:image\" content=\"https:\/\/www.bellunopress.it\/wp-content\/uploads\/2023\/10\/vigili-del-fuoco-115_edited.jpg\" \/>\n\t<meta property=\"og:image:width\" content=\"1000\" \/>\n\t<meta property=\"og:image:height\" content=\"680\" \/>\n\t<meta property=\"og:image:type\" content=\"image\/jpeg\" \/>\n<meta name=\"author\" content=\"redazione\" \/>\n<meta name=\"twitter:card\" content=\"summary_large_image\" \/>\n<meta name=\"twitter:creator\" content=\"@bellunopress\" \/>\n<meta name=\"twitter:site\" content=\"@bellunopress\" \/>\n<meta name=\"twitter:label1\" content=\"\u00c9crit par\" \/>\n\t<meta name=\"twitter:data1\" content=\"redazione\" \/>\n\t<meta name=\"twitter:label2\" content=\"Dur\u00e9e de lecture estim\u00e9e\" \/>\n\t<meta name=\"twitter:data2\" content=\"1 minute\" \/>\n<script type=\"application\/ld+json\" class=\"yoast-schema-graph\">{\"@context\":\"https:\\\/\\\/schema.org\",\"@graph\":[{\"@type\":\"Article\",\"@id\":\"https:\\\/\\\/www.bellunopress.it\\\/2023\\\/10\\\/25\\\/incidenti-stradali-a-belluno-un-furgone-danneggia-un-sottoportico-a-sedico-4-auto-coinvolte-con-un-ferito\\\/#article\",\"isPartOf\":{\"@id\":\"https:\\\/\\\/www.bellunopress.it\\\/2023\\\/10\\\/25\\\/incidenti-stradali-a-belluno-un-furgone-danneggia-un-sottoportico-a-sedico-4-auto-coinvolte-con-un-ferito\\\/\"},\"author\":{\"name\":\"redazione\",\"@id\":\"https:\\\/\\\/www.bellunopress.it\\\/#\\\/schema\\\/person\\\/79bb06722b37ece1c03d3e94beb30d73\"},\"headline\":\"Incidenti stradali. A Belluno un furgone danneggia un sottoportico. A Sedico 4 auto coinvolte con un ferito\",\"datePublished\":\"2023-10-25T01:35:52+00:00\",\"mainEntityOfPage\":{\"@id\":\"https:\\\/\\\/www.bellunopress.it\\\/2023\\\/10\\\/25\\\/incidenti-stradali-a-belluno-un-furgone-danneggia-un-sottoportico-a-sedico-4-auto-coinvolte-con-un-ferito\\\/\"},\"wordCount\":205,\"publisher\":{\"@id\":\"https:\\\/\\\/www.bellunopress.it\\\/#organization\"},\"image\":{\"@id\":\"https:\\\/\\\/www.bellunopress.it\\\/2023\\\/10\\\/25\\\/incidenti-stradali-a-belluno-un-furgone-danneggia-un-sottoportico-a-sedico-4-auto-coinvolte-con-un-ferito\\\/#primaryimage\"},\"thumbnailUrl\":\"https:\\\/\\\/www.bellunopress.it\\\/wp-content\\\/uploads\\\/2023\\\/10\\\/vigili-del-fuoco-115_edited.jpg\",\"articleSection\":[\"Cronaca\\\/Politica\"],\"inLanguage\":\"fr-FR\"},{\"@type\":\"WebPage\",\"@id\":\"https:\\\/\\\/www.bellunopress.it\\\/2023\\\/10\\\/25\\\/incidenti-stradali-a-belluno-un-furgone-danneggia-un-sottoportico-a-sedico-4-auto-coinvolte-con-un-ferito\\\/\",\"url\":\"https:\\\/\\\/www.bellunopress.it\\\/2023\\\/10\\\/25\\\/incidenti-stradali-a-belluno-un-furgone-danneggia-un-sottoportico-a-sedico-4-auto-coinvolte-con-un-ferito\\\/\",\"name\":\"Incidenti stradali. A Belluno un furgone danneggia un sottoportico. A Sedico 4 auto coinvolte con un ferito - Bellunopress - Dolomiti\",\"isPartOf\":{\"@id\":\"https:\\\/\\\/www.bellunopress.it\\\/#website\"},\"primaryImageOfPage\":{\"@id\":\"https:\\\/\\\/www.bellunopress.it\\\/2023\\\/10\\\/25\\\/incidenti-stradali-a-belluno-un-furgone-danneggia-un-sottoportico-a-sedico-4-auto-coinvolte-con-un-ferito\\\/#primaryimage\"},\"image\":{\"@id\":\"https:\\\/\\\/www.bellunopress.it\\\/2023\\\/10\\\/25\\\/incidenti-stradali-a-belluno-un-furgone-danneggia-un-sottoportico-a-sedico-4-auto-coinvolte-con-un-ferito\\\/#primaryimage\"},\"thumbnailUrl\":\"https:\\\/\\\/www.bellunopress.it\\\/wp-content\\\/uploads\\\/2023\\\/10\\\/vigili-del-fuoco-115_edited.jpg\",\"datePublished\":\"2023-10-25T01:35:52+00:00\",\"breadcrumb\":{\"@id\":\"https:\\\/\\\/www.bellunopress.it\\\/2023\\\/10\\\/25\\\/incidenti-stradali-a-belluno-un-furgone-danneggia-un-sottoportico-a-sedico-4-auto-coinvolte-con-un-ferito\\\/#breadcrumb\"},\"inLanguage\":\"fr-FR\",\"potentialAction\":[{\"@type\":\"ReadAction\",\"target\":[\"https:\\\/\\\/www.bellunopress.it\\\/2023\\\/10\\\/25\\\/incidenti-stradali-a-belluno-un-furgone-danneggia-un-sottoportico-a-sedico-4-auto-coinvolte-con-un-ferito\\\/\"]}]},{\"@type\":\"ImageObject\",\"inLanguage\":\"fr-FR\",\"@id\":\"https:\\\/\\\/www.bellunopress.it\\\/2023\\\/10\\\/25\\\/incidenti-stradali-a-belluno-un-furgone-danneggia-un-sottoportico-a-sedico-4-auto-coinvolte-con-un-ferito\\\/#primaryimage\",\"url\":\"https:\\\/\\\/www.bellunopress.it\\\/wp-content\\\/uploads\\\/2023\\\/10\\\/vigili-del-fuoco-115_edited.jpg\",\"contentUrl\":\"https:\\\/\\\/www.bellunopress.it\\\/wp-content\\\/uploads\\\/2023\\\/10\\\/vigili-del-fuoco-115_edited.jpg\",\"width\":1000,\"height\":680},{\"@type\":\"BreadcrumbList\",\"@id\":\"https:\\\/\\\/www.bellunopress.it\\\/2023\\\/10\\\/25\\\/incidenti-stradali-a-belluno-un-furgone-danneggia-un-sottoportico-a-sedico-4-auto-coinvolte-con-un-ferito\\\/#breadcrumb\",\"itemListElement\":[{\"@type\":\"ListItem\",\"position\":1,\"name\":\"Home\",\"item\":\"https:\\\/\\\/www.bellunopress.it\\\/\"},{\"@type\":\"ListItem\",\"position\":2,\"name\":\"Incidenti stradali. A Belluno un furgone danneggia un sottoportico. A Sedico 4 auto coinvolte con un ferito\"}]},{\"@type\":\"WebSite\",\"@id\":\"https:\\\/\\\/www.bellunopress.it\\\/#website\",\"url\":\"https:\\\/\\\/www.bellunopress.it\\\/\",\"name\":\"Bellunopress - Dolomiti\",\"description\":\"e-mail: redazione@bellunopress.it\",\"publisher\":{\"@id\":\"https:\\\/\\\/www.bellunopress.it\\\/#organization\"},\"potentialAction\":[{\"@type\":\"SearchAction\",\"target\":{\"@type\":\"EntryPoint\",\"urlTemplate\":\"https:\\\/\\\/www.bellunopress.it\\\/?s={search_term_string}\"},\"query-input\":{\"@type\":\"PropertyValueSpecification\",\"valueRequired\":true,\"valueName\":\"search_term_string\"}}],\"inLanguage\":\"fr-FR\"},{\"@type\":\"Organization\",\"@id\":\"https:\\\/\\\/www.bellunopress.it\\\/#organization\",\"name\":\"Bellunopress\",\"url\":\"https:\\\/\\\/www.bellunopress.it\\\/\",\"logo\":{\"@type\":\"ImageObject\",\"inLanguage\":\"fr-FR\",\"@id\":\"https:\\\/\\\/www.bellunopress.it\\\/#\\\/schema\\\/logo\\\/image\\\/\",\"url\":\"https:\\\/\\\/www.bellunopress.it\\\/wp-content\\\/uploads\\\/2011\\\/05\\\/cropped-logo-bellunopress-.jpg\",\"contentUrl\":\"https:\\\/\\\/www.bellunopress.it\\\/wp-content\\\/uploads\\\/2011\\\/05\\\/cropped-logo-bellunopress-.jpg\",\"width\":512,\"height\":512,\"caption\":\"Bellunopress\"},\"image\":{\"@id\":\"https:\\\/\\\/www.bellunopress.it\\\/#\\\/schema\\\/logo\\\/image\\\/\"},\"sameAs\":[\"https:\\\/\\\/www.facebook.com\\\/profile.php?id=100008943462799\",\"https:\\\/\\\/x.com\\\/bellunopress\",\"https:\\\/\\\/www.linkedin.com\\\/hp\\\/?dnr=JBzUWaJfMUw8vbXJJ2tVW5-I3jZKvC4wsoxE&amp;amp;amp;amp;amp;amp;trk=nav_responsive_tab_home\",\"https:\\\/\\\/www.youtube.com\\\/channel\\\/UCxL0wu1uN0_3_7hGG0306cw\"]},{\"@type\":\"Person\",\"@id\":\"https:\\\/\\\/www.bellunopress.it\\\/#\\\/schema\\\/person\\\/79bb06722b37ece1c03d3e94beb30d73\",\"name\":\"redazione\",\"image\":{\"@type\":\"ImageObject\",\"inLanguage\":\"fr-FR\",\"@id\":\"https:\\\/\\\/secure.gravatar.com\\\/avatar\\\/37d968a2e67a6fd04c169c4bdef102d0bc5d31b2546345219e348575eb80e9a0?s=96&d=mm&r=g\",\"url\":\"https:\\\/\\\/secure.gravatar.com\\\/avatar\\\/37d968a2e67a6fd04c169c4bdef102d0bc5d31b2546345219e348575eb80e9a0?s=96&d=mm&r=g\",\"contentUrl\":\"https:\\\/\\\/secure.gravatar.com\\\/avatar\\\/37d968a2e67a6fd04c169c4bdef102d0bc5d31b2546345219e348575eb80e9a0?s=96&d=mm&r=g\",\"caption\":\"redazione\"},\"sameAs\":[\"http:\\\/\\\/www.bellunopress.it\",\"https:\\\/\\\/x.com\\\/bellunopress\"],\"url\":\"https:\\\/\\\/www.bellunopress.it\\\/fr\\\/author\\\/redazione\\\/\"}]}<\/script>\n<!-- \/ Yoast SEO plugin. -->","yoast_head_json":{"title":"Incidenti stradali. A Belluno un furgone danneggia un sottoportico. A Sedico 4 auto coinvolte con un ferito - Bellunopress - Dolomiti","robots":{"index":"index","follow":"follow","max-snippet":"max-snippet:-1","max-image-preview":"max-image-preview:large","max-video-preview":"max-video-preview:-1"},"canonical":"https:\/\/www.bellunopress.it\/fr\/2023\/10\/25\/incidenti-stradali-a-belluno-un-furgone-danneggia-un-sottoportico-a-sedico-4-auto-coinvolte-con-un-ferito\/","og_locale":"fr_FR","og_type":"article","og_title":"Incidenti stradali. A Belluno un furgone danneggia un sottoportico. A Sedico 4 auto coinvolte con un ferito - Bellunopress - Dolomiti","og_description":"Belluno, 25 ottobre 2023 &#8211; Poco dopo le 13:30, di ieri, i vigili del fuoco sono intervenuti in via Sanfor a Belluno per il danneggiamento del sottoportico della Chiesetta di Santa Maria delle Grazie da parte del conducente di un furgone che ha calcolato male l\u2019altezza: nessuna persona \u00e8 rimasta ferita. L\u2019autista con la parte [&hellip;]","og_url":"https:\/\/www.bellunopress.it\/fr\/2023\/10\/25\/incidenti-stradali-a-belluno-un-furgone-danneggia-un-sottoportico-a-sedico-4-auto-coinvolte-con-un-ferito\/","og_site_name":"Bellunopress - Dolomiti","article_publisher":"https:\/\/www.facebook.com\/profile.php?id=100008943462799","article_published_time":"2023-10-25T01:35:52+00:00","og_image":[{"width":1000,"height":680,"url":"https:\/\/www.bellunopress.it\/wp-content\/uploads\/2023\/10\/vigili-del-fuoco-115_edited.jpg","type":"image\/jpeg"}],"author":"redazione","twitter_card":"summary_large_image","twitter_creator":"@bellunopress","twitter_site":"@bellunopress","twitter_misc":{"\u00c9crit par":"redazione","Dur\u00e9e de lecture estim\u00e9e":"1 minute"},"schema":{"@context":"https:\/\/schema.org","@graph":[{"@type":"Article","@id":"https:\/\/www.bellunopress.it\/2023\/10\/25\/incidenti-stradali-a-belluno-un-furgone-danneggia-un-sottoportico-a-sedico-4-auto-coinvolte-con-un-ferito\/#article","isPartOf":{"@id":"https:\/\/www.bellunopress.it\/2023\/10\/25\/incidenti-stradali-a-belluno-un-furgone-danneggia-un-sottoportico-a-sedico-4-auto-coinvolte-con-un-ferito\/"},"author":{"name":"redazione","@id":"https:\/\/www.bellunopress.it\/#\/schema\/person\/79bb06722b37ece1c03d3e94beb30d73"},"headline":"Incidenti stradali. A Belluno un furgone danneggia un sottoportico. A Sedico 4 auto coinvolte con un ferito","datePublished":"2023-10-25T01:35:52+00:00","mainEntityOfPage":{"@id":"https:\/\/www.bellunopress.it\/2023\/10\/25\/incidenti-stradali-a-belluno-un-furgone-danneggia-un-sottoportico-a-sedico-4-auto-coinvolte-con-un-ferito\/"},"wordCount":205,"publisher":{"@id":"https:\/\/www.bellunopress.it\/#organization"},"image":{"@id":"https:\/\/www.bellunopress.it\/2023\/10\/25\/incidenti-stradali-a-belluno-un-furgone-danneggia-un-sottoportico-a-sedico-4-auto-coinvolte-con-un-ferito\/#primaryimage"},"thumbnailUrl":"https:\/\/www.bellunopress.it\/wp-content\/uploads\/2023\/10\/vigili-del-fuoco-115_edited.jpg","articleSection":["Cronaca\/Politica"],"inLanguage":"fr-FR"},{"@type":"WebPage","@id":"https:\/\/www.bellunopress.it\/2023\/10\/25\/incidenti-stradali-a-belluno-un-furgone-danneggia-un-sottoportico-a-sedico-4-auto-coinvolte-con-un-ferito\/","url":"https:\/\/www.bellunopress.it\/2023\/10\/25\/incidenti-stradali-a-belluno-un-furgone-danneggia-un-sottoportico-a-sedico-4-auto-coinvolte-con-un-ferito\/","name":"Incidenti stradali. A Belluno un furgone danneggia un sottoportico. A Sedico 4 auto coinvolte con un ferito - Bellunopress - Dolomiti","isPartOf":{"@id":"https:\/\/www.bellunopress.it\/#website"},"primaryImageOfPage":{"@id":"https:\/\/www.bellunopress.it\/2023\/10\/25\/incidenti-stradali-a-belluno-un-furgone-danneggia-un-sottoportico-a-sedico-4-auto-coinvolte-con-un-ferito\/#primaryimage"},"image":{"@id":"https:\/\/www.bellunopress.it\/2023\/10\/25\/incidenti-stradali-a-belluno-un-furgone-danneggia-un-sottoportico-a-sedico-4-auto-coinvolte-con-un-ferito\/#primaryimage"},"thumbnailUrl":"https:\/\/www.bellunopress.it\/wp-content\/uploads\/2023\/10\/vigili-del-fuoco-115_edited.jpg","datePublished":"2023-10-25T01:35:52+00:00","breadcrumb":{"@id":"https:\/\/www.bellunopress.it\/2023\/10\/25\/incidenti-stradali-a-belluno-un-furgone-danneggia-un-sottoportico-a-sedico-4-auto-coinvolte-con-un-ferito\/#breadcrumb"},"inLanguage":"fr-FR","potentialAction":[{"@type":"ReadAction","target":["https:\/\/www.bellunopress.it\/2023\/10\/25\/incidenti-stradali-a-belluno-un-furgone-danneggia-un-sottoportico-a-sedico-4-auto-coinvolte-con-un-ferito\/"]}]},{"@type":"ImageObject","inLanguage":"fr-FR","@id":"https:\/\/www.bellunopress.it\/2023\/10\/25\/incidenti-stradali-a-belluno-un-furgone-danneggia-un-sottoportico-a-sedico-4-auto-coinvolte-con-un-ferito\/#primaryimage","url":"https:\/\/www.bellunopress.it\/wp-content\/uploads\/2023\/10\/vigili-del-fuoco-115_edited.jpg","contentUrl":"https:\/\/www.bellunopress.it\/wp-content\/uploads\/2023\/10\/vigili-del-fuoco-115_edited.jpg","width":1000,"height":680},{"@type":"BreadcrumbList","@id":"https:\/\/www.bellunopress.it\/2023\/10\/25\/incidenti-stradali-a-belluno-un-furgone-danneggia-un-sottoportico-a-sedico-4-auto-coinvolte-con-un-ferito\/#breadcrumb","itemListElement":[{"@type":"ListItem","position":1,"name":"Home","item":"https:\/\/www.bellunopress.it\/"},{"@type":"ListItem","position":2,"name":"Incidenti stradali. A Belluno un furgone danneggia un sottoportico. A Sedico 4 auto coinvolte con un ferito"}]},{"@type":"WebSite","@id":"https:\/\/www.bellunopress.it\/#website","url":"https:\/\/www.bellunopress.it\/","name":"Bellunopress - Dolomiti","description":"e-mail: redazione@bellunopress.it","publisher":{"@id":"https:\/\/www.bellunopress.it\/#organization"},"potentialAction":[{"@type":"SearchAction","target":{"@type":"EntryPoint","urlTemplate":"https:\/\/www.bellunopress.it\/?s={search_term_string}"},"query-input":{"@type":"PropertyValueSpecification","valueRequired":true,"valueName":"search_term_string"}}],"inLanguage":"fr-FR"},{"@type":"Organization","@id":"https:\/\/www.bellunopress.it\/#organization","name":"Bellunopress","url":"https:\/\/www.bellunopress.it\/","logo":{"@type":"ImageObject","inLanguage":"fr-FR","@id":"https:\/\/www.bellunopress.it\/#\/schema\/logo\/image\/","url":"https:\/\/www.bellunopress.it\/wp-content\/uploads\/2011\/05\/cropped-logo-bellunopress-.jpg","contentUrl":"https:\/\/www.bellunopress.it\/wp-content\/uploads\/2011\/05\/cropped-logo-bellunopress-.jpg","width":512,"height":512,"caption":"Bellunopress"},"image":{"@id":"https:\/\/www.bellunopress.it\/#\/schema\/logo\/image\/"},"sameAs":["https:\/\/www.facebook.com\/profile.php?id=100008943462799","https:\/\/x.com\/bellunopress","https:\/\/www.linkedin.com\/hp\/?dnr=JBzUWaJfMUw8vbXJJ2tVW5-I3jZKvC4wsoxE&amp;amp;amp;amp;amp;amp;trk=nav_responsive_tab_home","https:\/\/www.youtube.com\/channel\/UCxL0wu1uN0_3_7hGG0306cw"]},{"@type":"Person","@id":"https:\/\/www.bellunopress.it\/#\/schema\/person\/79bb06722b37ece1c03d3e94beb30d73","name":"r\u00e9daction","image":{"@type":"ImageObject","inLanguage":"fr-FR","@id":"https:\/\/secure.gravatar.com\/avatar\/37d968a2e67a6fd04c169c4bdef102d0bc5d31b2546345219e348575eb80e9a0?s=96&d=mm&r=g","url":"https:\/\/secure.gravatar.com\/avatar\/37d968a2e67a6fd04c169c4bdef102d0bc5d31b2546345219e348575eb80e9a0?s=96&d=mm&r=g","contentUrl":"https:\/\/secure.gravatar.com\/avatar\/37d968a2e67a6fd04c169c4bdef102d0bc5d31b2546345219e348575eb80e9a0?s=96&d=mm&r=g","caption":"redazione"},"sameAs":["http:\/\/www.bellunopress.it","https:\/\/x.com\/bellunopress"],"url":"https:\/\/www.bellunopress.it\/fr\/author\/redazione\/"}]}},"_links":{"self":[{"href":"https:\/\/www.bellunopress.it\/fr\/wp-json\/wp\/v2\/posts\/145309","targetHints":{"allow":["GET"]}}],"collection":[{"href":"https:\/\/www.bellunopress.it\/fr\/wp-json\/wp\/v2\/posts"}],"about":[{"href":"https:\/\/www.bellunopress.it\/fr\/wp-json\/wp\/v2\/types\/post"}],"author":[{"embeddable":true,"href":"https:\/\/www.bellunopress.it\/fr\/wp-json\/wp\/v2\/users\/2"}],"replies":[{"embeddable":true,"href":"https:\/\/www.bellunopress.it\/fr\/wp-json\/wp\/v2\/comments?post=145309"}],"version-history":[{"count":1,"href":"https:\/\/www.bellunopress.it\/fr\/wp-json\/wp\/v2\/posts\/145309\/revisions"}],"predecessor-version":[{"id":145311,"href":"https:\/\/www.bellunopress.it\/fr\/wp-json\/wp\/v2\/posts\/145309\/revisions\/145311"}],"wp:featuredmedia":[{"embeddable":true,"href":"https:\/\/www.bellunopress.it\/fr\/wp-json\/wp\/v2\/media\/145310"}],"wp:attachment":[{"href":"https:\/\/www.bellunopress.it\/fr\/wp-json\/wp\/v2\/media?parent=145309"}],"wp:term":[{"taxonomy":"category","embeddable":true,"href":"https:\/\/www.bellunopress.it\/fr\/wp-json\/wp\/v2\/categories?post=145309"},{"taxonomy":"post_tag","embeddable":true,"href":"https:\/\/www.bellunopress.it\/fr\/wp-json\/wp\/v2\/tags?post=145309"}],"curies":[{"name":"wp","href":"https:\/\/api.w.org\/{rel}","templated":true}]}}