{"id":145307,"date":"2023-10-24T21:21:28","date_gmt":"2023-10-24T19:21:28","guid":{"rendered":"https:\/\/www.bellunopress.it\/?p=145307"},"modified":"2023-10-24T21:21:28","modified_gmt":"2023-10-24T19:21:28","slug":"fondazione-milano-cortina-sliding-center-cortina-dampezzo-o-cesana-torinese","status":"publish","type":"post","link":"https:\/\/www.bellunopress.it\/fr\/2023\/10\/24\/fondazione-milano-cortina-sliding-center-cortina-dampezzo-o-cesana-torinese\/","title":{"rendered":"Fondazione Milano Cortina. Sliding Center: Cortina d\u2019Ampezzo o Cesana Torinese?"},"content":{"rendered":"<p><img loading=\"lazy\" decoding=\"async\" class=\"alignleft size-full wp-image-144165\" src=\"https:\/\/www.bellunopress.it\/wp-content\/uploads\/2023\/09\/Fondazione-milano-cortina-2026.jpg\" alt=\"\" width=\"500\" height=\"500\" srcset=\"https:\/\/www.bellunopress.it\/wp-content\/uploads\/2023\/09\/Fondazione-milano-cortina-2026.jpg 500w, https:\/\/www.bellunopress.it\/wp-content\/uploads\/2023\/09\/Fondazione-milano-cortina-2026-300x300.jpg 300w, https:\/\/www.bellunopress.it\/wp-content\/uploads\/2023\/09\/Fondazione-milano-cortina-2026-420x420.jpg 420w\" sizes=\"auto, (max-width: 500px) 100vw, 500px\" \/>Milano, 24 ottobre 2023 \u2013 Si \u00e8 tenuta oggi, nella sede della Fondazione Milano Cortina 2026, una riunione informale tra tutti i membri che costituiscono la compagine societaria della stessa Fondazione.<br \/>\n\u00c8 stata l\u2019occasione per un\u2019articolata discussione sul tema della realizzazione dello Sliding Center.<br \/>\nSono intervenuti: il ministro dello Sport e dei Giovani, Andrea Abodi, in rappresentanza del Governo italiano; i sindaci delle citt\u00e0 di Milano e Cortina d\u2019Ampezzo, Giuseppe Sala e Gianluca Lorenzi; i presidenti delle Regioni Lombardia e Veneto, Attilio Fontana e Luca Zaia; i presidenti delle Province autonome di Trento e Bolzano, Maurizio Fugatti e Arno Kompatscher; il presidente della Fondazione, Giovanni Malag\u00f2 con il vicepresidente Luca Pancalli e il CEO Andrea Varnier.<\/p>\n<p>I rappresentanti della Fondazione, in accordo con il ministro Abodi, hanno illustrato lo stato dell\u2019arte relativo alle due opzioni domestiche (Cortina d\u2019Ampezzo e Cesana Torinese) e alle interlocuzioni che il Comitato Organizzatore ha avuto con il CIO nella recente trasferta di Mumbai in occasione della 141\u00aa edizione dell\u2019International Session.<br \/>\nUn ampio e sincero confronto volto alla condivisione di tutte le tematiche e all\u2019avvio di un percorso di approfondimento che si completer\u00e0 nei tempi gi\u00e0 condivisi con il CIO.<br \/>\nL\u2019incontro \u00e8 inoltre stato utile ad avviare i lavori per aggiungere il Veneto alla candidatura di Lombardia e Trentino ai prossimi Giochi Olimpici Giovanili Invernali del 2028.<\/p>\n<p>FONDAZIONE MILANO CORTINA 2026<br \/>\nL\u2019obiettivo della Fondazione Milano Cortina 2026, in accordo con il Comitato Olimpico Internazionale (CIO), il Comitato Paralimpico Internazionale (IPC), il Comitato Olimpico Nazionale Italiano (CONI), il Comitato Italiano Paralimpico (CIP), le Citt\u00e0 di Milano e di Cortina d\u2019Ampezzo, la Regione del Veneto e la Regione Lombardia, le Province autonome<br \/>\ndi Trento e Bolzano, \u00e8 quello di pianificare, organizzare, finanziare e realizzare i Giochi Olimpici e Paralimpici Invernali di Milano Cortina nel 2026. Istituita il 9 dicembre 2019, la Fondazione Milano Cortina 2026 \u00e8 guidata dal Presidente Giovanni Malag\u00f2 e dal CEO Andrea Varnier.<\/p>","protected":false},"excerpt":{"rendered":"<p>Milano, 24 ottobre 2023 \u2013 Si \u00e8 tenuta oggi, nella sede della Fondazione Milano Cortina 2026, una riunione informale tra tutti i membri che costituiscono la compagine societaria della stessa Fondazione. \u00c8 stata l\u2019occasione per un\u2019articolata discussione sul tema della realizzazione dello Sliding Center. Sono intervenuti: il ministro dello Sport e dei Giovani, Andrea Abodi, [&hellip;]<\/p>\n","protected":false},"author":2,"featured_media":144165,"comment_status":"closed","ping_status":"open","sticky":false,"template":"","format":"standard","meta":{"footnotes":""},"categories":[36,8,4],"tags":[],"class_list":["post-145307","post","type-post","status-publish","format-standard","has-post-thumbnail","category-lavoro-economia","category-societa-istituzioni","category-sport"],"yoast_head":"<!-- This site is optimized with the Yoast SEO plugin v28.4 - https:\/\/yoast.com\/product\/yoast-seo-wordpress\/ -->\n<title>Fondazione Milano Cortina. Sliding Center: Cortina d\u2019Ampezzo o Cesana Torinese? - Bellunopress - Dolomiti<\/title>\n<meta name=\"robots\" content=\"index, follow, max-snippet:-1, max-image-preview:large, max-video-preview:-1\" \/>\n<link rel=\"canonical\" href=\"https:\/\/www.bellunopress.it\/fr\/2023\/10\/24\/fondazione-milano-cortina-sliding-center-cortina-dampezzo-o-cesana-torinese\/\" \/>\n<meta property=\"og:locale\" content=\"fr_FR\" \/>\n<meta property=\"og:type\" content=\"article\" \/>\n<meta property=\"og:title\" content=\"Fondazione Milano Cortina. Sliding Center: Cortina d\u2019Ampezzo o Cesana Torinese? - Bellunopress - Dolomiti\" \/>\n<meta property=\"og:description\" content=\"Milano, 24 ottobre 2023 \u2013 Si \u00e8 tenuta oggi, nella sede della Fondazione Milano Cortina 2026, una riunione informale tra tutti i membri che costituiscono la compagine societaria della stessa Fondazione. \u00c8 stata l\u2019occasione per un\u2019articolata discussione sul tema della realizzazione dello Sliding Center. Sono intervenuti: il ministro dello Sport e dei Giovani, Andrea Abodi, [&hellip;]\" \/>\n<meta property=\"og:url\" content=\"https:\/\/www.bellunopress.it\/fr\/2023\/10\/24\/fondazione-milano-cortina-sliding-center-cortina-dampezzo-o-cesana-torinese\/\" \/>\n<meta property=\"og:site_name\" content=\"Bellunopress - Dolomiti\" \/>\n<meta property=\"article:publisher\" content=\"https:\/\/www.facebook.com\/profile.php?id=100008943462799\" \/>\n<meta property=\"article:published_time\" content=\"2023-10-24T19:21:28+00:00\" \/>\n<meta property=\"og:image\" content=\"https:\/\/www.bellunopress.it\/wp-content\/uploads\/2023\/09\/Fondazione-milano-cortina-2026.jpg\" \/>\n\t<meta property=\"og:image:width\" content=\"500\" \/>\n\t<meta property=\"og:image:height\" content=\"500\" \/>\n\t<meta property=\"og:image:type\" content=\"image\/jpeg\" \/>\n<meta name=\"author\" content=\"redazione\" \/>\n<meta name=\"twitter:card\" content=\"summary_large_image\" \/>\n<meta name=\"twitter:creator\" content=\"@bellunopress\" \/>\n<meta name=\"twitter:site\" content=\"@bellunopress\" \/>\n<meta name=\"twitter:label1\" content=\"\u00c9crit par\" \/>\n\t<meta name=\"twitter:data1\" content=\"redazione\" \/>\n\t<meta name=\"twitter:label2\" content=\"Dur\u00e9e de lecture estim\u00e9e\" \/>\n\t<meta name=\"twitter:data2\" content=\"2 minutes\" \/>\n<script type=\"application\/ld+json\" class=\"yoast-schema-graph\">{\"@context\":\"https:\\\/\\\/schema.org\",\"@graph\":[{\"@type\":\"Article\",\"@id\":\"https:\\\/\\\/www.bellunopress.it\\\/2023\\\/10\\\/24\\\/fondazione-milano-cortina-sliding-center-cortina-dampezzo-o-cesana-torinese\\\/#article\",\"isPartOf\":{\"@id\":\"https:\\\/\\\/www.bellunopress.it\\\/2023\\\/10\\\/24\\\/fondazione-milano-cortina-sliding-center-cortina-dampezzo-o-cesana-torinese\\\/\"},\"author\":{\"name\":\"redazione\",\"@id\":\"https:\\\/\\\/www.bellunopress.it\\\/#\\\/schema\\\/person\\\/79bb06722b37ece1c03d3e94beb30d73\"},\"headline\":\"Fondazione Milano Cortina. Sliding Center: Cortina d\u2019Ampezzo o Cesana Torinese?\",\"datePublished\":\"2023-10-24T19:21:28+00:00\",\"mainEntityOfPage\":{\"@id\":\"https:\\\/\\\/www.bellunopress.it\\\/2023\\\/10\\\/24\\\/fondazione-milano-cortina-sliding-center-cortina-dampezzo-o-cesana-torinese\\\/\"},\"wordCount\":322,\"publisher\":{\"@id\":\"https:\\\/\\\/www.bellunopress.it\\\/#organization\"},\"image\":{\"@id\":\"https:\\\/\\\/www.bellunopress.it\\\/2023\\\/10\\\/24\\\/fondazione-milano-cortina-sliding-center-cortina-dampezzo-o-cesana-torinese\\\/#primaryimage\"},\"thumbnailUrl\":\"https:\\\/\\\/www.bellunopress.it\\\/wp-content\\\/uploads\\\/2023\\\/09\\\/Fondazione-milano-cortina-2026.jpg\",\"articleSection\":[\"Lavoro, Economia, Turismo\",\"Societ\u00e0, Associazioni, Istituzioni\",\"Sport, tempo libero\"],\"inLanguage\":\"fr-FR\"},{\"@type\":\"WebPage\",\"@id\":\"https:\\\/\\\/www.bellunopress.it\\\/2023\\\/10\\\/24\\\/fondazione-milano-cortina-sliding-center-cortina-dampezzo-o-cesana-torinese\\\/\",\"url\":\"https:\\\/\\\/www.bellunopress.it\\\/2023\\\/10\\\/24\\\/fondazione-milano-cortina-sliding-center-cortina-dampezzo-o-cesana-torinese\\\/\",\"name\":\"Fondazione Milano Cortina. Sliding Center: Cortina d\u2019Ampezzo o Cesana Torinese? - Bellunopress - Dolomiti\",\"isPartOf\":{\"@id\":\"https:\\\/\\\/www.bellunopress.it\\\/#website\"},\"primaryImageOfPage\":{\"@id\":\"https:\\\/\\\/www.bellunopress.it\\\/2023\\\/10\\\/24\\\/fondazione-milano-cortina-sliding-center-cortina-dampezzo-o-cesana-torinese\\\/#primaryimage\"},\"image\":{\"@id\":\"https:\\\/\\\/www.bellunopress.it\\\/2023\\\/10\\\/24\\\/fondazione-milano-cortina-sliding-center-cortina-dampezzo-o-cesana-torinese\\\/#primaryimage\"},\"thumbnailUrl\":\"https:\\\/\\\/www.bellunopress.it\\\/wp-content\\\/uploads\\\/2023\\\/09\\\/Fondazione-milano-cortina-2026.jpg\",\"datePublished\":\"2023-10-24T19:21:28+00:00\",\"breadcrumb\":{\"@id\":\"https:\\\/\\\/www.bellunopress.it\\\/2023\\\/10\\\/24\\\/fondazione-milano-cortina-sliding-center-cortina-dampezzo-o-cesana-torinese\\\/#breadcrumb\"},\"inLanguage\":\"fr-FR\",\"potentialAction\":[{\"@type\":\"ReadAction\",\"target\":[\"https:\\\/\\\/www.bellunopress.it\\\/2023\\\/10\\\/24\\\/fondazione-milano-cortina-sliding-center-cortina-dampezzo-o-cesana-torinese\\\/\"]}]},{\"@type\":\"ImageObject\",\"inLanguage\":\"fr-FR\",\"@id\":\"https:\\\/\\\/www.bellunopress.it\\\/2023\\\/10\\\/24\\\/fondazione-milano-cortina-sliding-center-cortina-dampezzo-o-cesana-torinese\\\/#primaryimage\",\"url\":\"https:\\\/\\\/www.bellunopress.it\\\/wp-content\\\/uploads\\\/2023\\\/09\\\/Fondazione-milano-cortina-2026.jpg\",\"contentUrl\":\"https:\\\/\\\/www.bellunopress.it\\\/wp-content\\\/uploads\\\/2023\\\/09\\\/Fondazione-milano-cortina-2026.jpg\",\"width\":500,\"height\":500},{\"@type\":\"BreadcrumbList\",\"@id\":\"https:\\\/\\\/www.bellunopress.it\\\/2023\\\/10\\\/24\\\/fondazione-milano-cortina-sliding-center-cortina-dampezzo-o-cesana-torinese\\\/#breadcrumb\",\"itemListElement\":[{\"@type\":\"ListItem\",\"position\":1,\"name\":\"Home\",\"item\":\"https:\\\/\\\/www.bellunopress.it\\\/\"},{\"@type\":\"ListItem\",\"position\":2,\"name\":\"Fondazione Milano Cortina. Sliding Center: Cortina d\u2019Ampezzo o Cesana Torinese?\"}]},{\"@type\":\"WebSite\",\"@id\":\"https:\\\/\\\/www.bellunopress.it\\\/#website\",\"url\":\"https:\\\/\\\/www.bellunopress.it\\\/\",\"name\":\"Bellunopress - Dolomiti\",\"description\":\"e-mail: redazione@bellunopress.it\",\"publisher\":{\"@id\":\"https:\\\/\\\/www.bellunopress.it\\\/#organization\"},\"potentialAction\":[{\"@type\":\"SearchAction\",\"target\":{\"@type\":\"EntryPoint\",\"urlTemplate\":\"https:\\\/\\\/www.bellunopress.it\\\/?s={search_term_string}\"},\"query-input\":{\"@type\":\"PropertyValueSpecification\",\"valueRequired\":true,\"valueName\":\"search_term_string\"}}],\"inLanguage\":\"fr-FR\"},{\"@type\":\"Organization\",\"@id\":\"https:\\\/\\\/www.bellunopress.it\\\/#organization\",\"name\":\"Bellunopress\",\"url\":\"https:\\\/\\\/www.bellunopress.it\\\/\",\"logo\":{\"@type\":\"ImageObject\",\"inLanguage\":\"fr-FR\",\"@id\":\"https:\\\/\\\/www.bellunopress.it\\\/#\\\/schema\\\/logo\\\/image\\\/\",\"url\":\"https:\\\/\\\/www.bellunopress.it\\\/wp-content\\\/uploads\\\/2011\\\/05\\\/cropped-logo-bellunopress-.jpg\",\"contentUrl\":\"https:\\\/\\\/www.bellunopress.it\\\/wp-content\\\/uploads\\\/2011\\\/05\\\/cropped-logo-bellunopress-.jpg\",\"width\":512,\"height\":512,\"caption\":\"Bellunopress\"},\"image\":{\"@id\":\"https:\\\/\\\/www.bellunopress.it\\\/#\\\/schema\\\/logo\\\/image\\\/\"},\"sameAs\":[\"https:\\\/\\\/www.facebook.com\\\/profile.php?id=100008943462799\",\"https:\\\/\\\/x.com\\\/bellunopress\",\"https:\\\/\\\/www.linkedin.com\\\/hp\\\/?dnr=JBzUWaJfMUw8vbXJJ2tVW5-I3jZKvC4wsoxE&amp;amp;amp;amp;amp;amp;trk=nav_responsive_tab_home\",\"https:\\\/\\\/www.youtube.com\\\/channel\\\/UCxL0wu1uN0_3_7hGG0306cw\"]},{\"@type\":\"Person\",\"@id\":\"https:\\\/\\\/www.bellunopress.it\\\/#\\\/schema\\\/person\\\/79bb06722b37ece1c03d3e94beb30d73\",\"name\":\"redazione\",\"image\":{\"@type\":\"ImageObject\",\"inLanguage\":\"fr-FR\",\"@id\":\"https:\\\/\\\/secure.gravatar.com\\\/avatar\\\/37d968a2e67a6fd04c169c4bdef102d0bc5d31b2546345219e348575eb80e9a0?s=96&d=mm&r=g\",\"url\":\"https:\\\/\\\/secure.gravatar.com\\\/avatar\\\/37d968a2e67a6fd04c169c4bdef102d0bc5d31b2546345219e348575eb80e9a0?s=96&d=mm&r=g\",\"contentUrl\":\"https:\\\/\\\/secure.gravatar.com\\\/avatar\\\/37d968a2e67a6fd04c169c4bdef102d0bc5d31b2546345219e348575eb80e9a0?s=96&d=mm&r=g\",\"caption\":\"redazione\"},\"sameAs\":[\"http:\\\/\\\/www.bellunopress.it\",\"https:\\\/\\\/x.com\\\/bellunopress\"],\"url\":\"https:\\\/\\\/www.bellunopress.it\\\/fr\\\/author\\\/redazione\\\/\"}]}<\/script>\n<!-- \/ Yoast SEO plugin. -->","yoast_head_json":{"title":"Fondazione Milano Cortina. Sliding Center: Cortina d\u2019Ampezzo o Cesana Torinese? - Bellunopress - Dolomiti","robots":{"index":"index","follow":"follow","max-snippet":"max-snippet:-1","max-image-preview":"max-image-preview:large","max-video-preview":"max-video-preview:-1"},"canonical":"https:\/\/www.bellunopress.it\/fr\/2023\/10\/24\/fondazione-milano-cortina-sliding-center-cortina-dampezzo-o-cesana-torinese\/","og_locale":"fr_FR","og_type":"article","og_title":"Fondazione Milano Cortina. Sliding Center: Cortina d\u2019Ampezzo o Cesana Torinese? - Bellunopress - Dolomiti","og_description":"Milano, 24 ottobre 2023 \u2013 Si \u00e8 tenuta oggi, nella sede della Fondazione Milano Cortina 2026, una riunione informale tra tutti i membri che costituiscono la compagine societaria della stessa Fondazione. \u00c8 stata l\u2019occasione per un\u2019articolata discussione sul tema della realizzazione dello Sliding Center. Sono intervenuti: il ministro dello Sport e dei Giovani, Andrea Abodi, [&hellip;]","og_url":"https:\/\/www.bellunopress.it\/fr\/2023\/10\/24\/fondazione-milano-cortina-sliding-center-cortina-dampezzo-o-cesana-torinese\/","og_site_name":"Bellunopress - Dolomiti","article_publisher":"https:\/\/www.facebook.com\/profile.php?id=100008943462799","article_published_time":"2023-10-24T19:21:28+00:00","og_image":[{"width":500,"height":500,"url":"https:\/\/www.bellunopress.it\/wp-content\/uploads\/2023\/09\/Fondazione-milano-cortina-2026.jpg","type":"image\/jpeg"}],"author":"redazione","twitter_card":"summary_large_image","twitter_creator":"@bellunopress","twitter_site":"@bellunopress","twitter_misc":{"\u00c9crit par":"redazione","Dur\u00e9e de lecture estim\u00e9e":"2 minutes"},"schema":{"@context":"https:\/\/schema.org","@graph":[{"@type":"Article","@id":"https:\/\/www.bellunopress.it\/2023\/10\/24\/fondazione-milano-cortina-sliding-center-cortina-dampezzo-o-cesana-torinese\/#article","isPartOf":{"@id":"https:\/\/www.bellunopress.it\/2023\/10\/24\/fondazione-milano-cortina-sliding-center-cortina-dampezzo-o-cesana-torinese\/"},"author":{"name":"redazione","@id":"https:\/\/www.bellunopress.it\/#\/schema\/person\/79bb06722b37ece1c03d3e94beb30d73"},"headline":"Fondazione Milano Cortina. Sliding Center: Cortina d\u2019Ampezzo o Cesana Torinese?","datePublished":"2023-10-24T19:21:28+00:00","mainEntityOfPage":{"@id":"https:\/\/www.bellunopress.it\/2023\/10\/24\/fondazione-milano-cortina-sliding-center-cortina-dampezzo-o-cesana-torinese\/"},"wordCount":322,"publisher":{"@id":"https:\/\/www.bellunopress.it\/#organization"},"image":{"@id":"https:\/\/www.bellunopress.it\/2023\/10\/24\/fondazione-milano-cortina-sliding-center-cortina-dampezzo-o-cesana-torinese\/#primaryimage"},"thumbnailUrl":"https:\/\/www.bellunopress.it\/wp-content\/uploads\/2023\/09\/Fondazione-milano-cortina-2026.jpg","articleSection":["Lavoro, Economia, Turismo","Societ\u00e0, Associazioni, Istituzioni","Sport, tempo libero"],"inLanguage":"fr-FR"},{"@type":"WebPage","@id":"https:\/\/www.bellunopress.it\/2023\/10\/24\/fondazione-milano-cortina-sliding-center-cortina-dampezzo-o-cesana-torinese\/","url":"https:\/\/www.bellunopress.it\/2023\/10\/24\/fondazione-milano-cortina-sliding-center-cortina-dampezzo-o-cesana-torinese\/","name":"Fondazione Milano Cortina. Sliding Center: Cortina d\u2019Ampezzo o Cesana Torinese? - Bellunopress - Dolomiti","isPartOf":{"@id":"https:\/\/www.bellunopress.it\/#website"},"primaryImageOfPage":{"@id":"https:\/\/www.bellunopress.it\/2023\/10\/24\/fondazione-milano-cortina-sliding-center-cortina-dampezzo-o-cesana-torinese\/#primaryimage"},"image":{"@id":"https:\/\/www.bellunopress.it\/2023\/10\/24\/fondazione-milano-cortina-sliding-center-cortina-dampezzo-o-cesana-torinese\/#primaryimage"},"thumbnailUrl":"https:\/\/www.bellunopress.it\/wp-content\/uploads\/2023\/09\/Fondazione-milano-cortina-2026.jpg","datePublished":"2023-10-24T19:21:28+00:00","breadcrumb":{"@id":"https:\/\/www.bellunopress.it\/2023\/10\/24\/fondazione-milano-cortina-sliding-center-cortina-dampezzo-o-cesana-torinese\/#breadcrumb"},"inLanguage":"fr-FR","potentialAction":[{"@type":"ReadAction","target":["https:\/\/www.bellunopress.it\/2023\/10\/24\/fondazione-milano-cortina-sliding-center-cortina-dampezzo-o-cesana-torinese\/"]}]},{"@type":"ImageObject","inLanguage":"fr-FR","@id":"https:\/\/www.bellunopress.it\/2023\/10\/24\/fondazione-milano-cortina-sliding-center-cortina-dampezzo-o-cesana-torinese\/#primaryimage","url":"https:\/\/www.bellunopress.it\/wp-content\/uploads\/2023\/09\/Fondazione-milano-cortina-2026.jpg","contentUrl":"https:\/\/www.bellunopress.it\/wp-content\/uploads\/2023\/09\/Fondazione-milano-cortina-2026.jpg","width":500,"height":500},{"@type":"BreadcrumbList","@id":"https:\/\/www.bellunopress.it\/2023\/10\/24\/fondazione-milano-cortina-sliding-center-cortina-dampezzo-o-cesana-torinese\/#breadcrumb","itemListElement":[{"@type":"ListItem","position":1,"name":"Home","item":"https:\/\/www.bellunopress.it\/"},{"@type":"ListItem","position":2,"name":"Fondazione Milano Cortina. Sliding Center: Cortina d\u2019Ampezzo o Cesana Torinese?"}]},{"@type":"WebSite","@id":"https:\/\/www.bellunopress.it\/#website","url":"https:\/\/www.bellunopress.it\/","name":"Bellunopress - Dolomiti","description":"e-mail: redazione@bellunopress.it","publisher":{"@id":"https:\/\/www.bellunopress.it\/#organization"},"potentialAction":[{"@type":"SearchAction","target":{"@type":"EntryPoint","urlTemplate":"https:\/\/www.bellunopress.it\/?s={search_term_string}"},"query-input":{"@type":"PropertyValueSpecification","valueRequired":true,"valueName":"search_term_string"}}],"inLanguage":"fr-FR"},{"@type":"Organization","@id":"https:\/\/www.bellunopress.it\/#organization","name":"Bellunopress","url":"https:\/\/www.bellunopress.it\/","logo":{"@type":"ImageObject","inLanguage":"fr-FR","@id":"https:\/\/www.bellunopress.it\/#\/schema\/logo\/image\/","url":"https:\/\/www.bellunopress.it\/wp-content\/uploads\/2011\/05\/cropped-logo-bellunopress-.jpg","contentUrl":"https:\/\/www.bellunopress.it\/wp-content\/uploads\/2011\/05\/cropped-logo-bellunopress-.jpg","width":512,"height":512,"caption":"Bellunopress"},"image":{"@id":"https:\/\/www.bellunopress.it\/#\/schema\/logo\/image\/"},"sameAs":["https:\/\/www.facebook.com\/profile.php?id=100008943462799","https:\/\/x.com\/bellunopress","https:\/\/www.linkedin.com\/hp\/?dnr=JBzUWaJfMUw8vbXJJ2tVW5-I3jZKvC4wsoxE&amp;amp;amp;amp;amp;amp;trk=nav_responsive_tab_home","https:\/\/www.youtube.com\/channel\/UCxL0wu1uN0_3_7hGG0306cw"]},{"@type":"Person","@id":"https:\/\/www.bellunopress.it\/#\/schema\/person\/79bb06722b37ece1c03d3e94beb30d73","name":"r\u00e9daction","image":{"@type":"ImageObject","inLanguage":"fr-FR","@id":"https:\/\/secure.gravatar.com\/avatar\/37d968a2e67a6fd04c169c4bdef102d0bc5d31b2546345219e348575eb80e9a0?s=96&d=mm&r=g","url":"https:\/\/secure.gravatar.com\/avatar\/37d968a2e67a6fd04c169c4bdef102d0bc5d31b2546345219e348575eb80e9a0?s=96&d=mm&r=g","contentUrl":"https:\/\/secure.gravatar.com\/avatar\/37d968a2e67a6fd04c169c4bdef102d0bc5d31b2546345219e348575eb80e9a0?s=96&d=mm&r=g","caption":"redazione"},"sameAs":["http:\/\/www.bellunopress.it","https:\/\/x.com\/bellunopress"],"url":"https:\/\/www.bellunopress.it\/fr\/author\/redazione\/"}]}},"_links":{"self":[{"href":"https:\/\/www.bellunopress.it\/fr\/wp-json\/wp\/v2\/posts\/145307","targetHints":{"allow":["GET"]}}],"collection":[{"href":"https:\/\/www.bellunopress.it\/fr\/wp-json\/wp\/v2\/posts"}],"about":[{"href":"https:\/\/www.bellunopress.it\/fr\/wp-json\/wp\/v2\/types\/post"}],"author":[{"embeddable":true,"href":"https:\/\/www.bellunopress.it\/fr\/wp-json\/wp\/v2\/users\/2"}],"replies":[{"embeddable":true,"href":"https:\/\/www.bellunopress.it\/fr\/wp-json\/wp\/v2\/comments?post=145307"}],"version-history":[{"count":1,"href":"https:\/\/www.bellunopress.it\/fr\/wp-json\/wp\/v2\/posts\/145307\/revisions"}],"predecessor-version":[{"id":145308,"href":"https:\/\/www.bellunopress.it\/fr\/wp-json\/wp\/v2\/posts\/145307\/revisions\/145308"}],"wp:featuredmedia":[{"embeddable":true,"href":"https:\/\/www.bellunopress.it\/fr\/wp-json\/wp\/v2\/media\/144165"}],"wp:attachment":[{"href":"https:\/\/www.bellunopress.it\/fr\/wp-json\/wp\/v2\/media?parent=145307"}],"wp:term":[{"taxonomy":"category","embeddable":true,"href":"https:\/\/www.bellunopress.it\/fr\/wp-json\/wp\/v2\/categories?post=145307"},{"taxonomy":"post_tag","embeddable":true,"href":"https:\/\/www.bellunopress.it\/fr\/wp-json\/wp\/v2\/tags?post=145307"}],"curies":[{"name":"wp","href":"https:\/\/api.w.org\/{rel}","templated":true}]}}