{"id":145293,"date":"2023-10-24T13:41:28","date_gmt":"2023-10-24T11:41:28","guid":{"rendered":"https:\/\/www.bellunopress.it\/?p=145293"},"modified":"2023-10-24T13:41:28","modified_gmt":"2023-10-24T11:41:28","slug":"ddl-montagna-padrin-avanti-tutta-per-le-comunita-delle-terre-alte-a-cui-servono-servizi","status":"publish","type":"post","link":"https:\/\/www.bellunopress.it\/fr\/2023\/10\/24\/ddl-montagna-padrin-avanti-tutta-per-le-comunita-delle-terre-alte-a-cui-servono-servizi\/","title":{"rendered":"Ddl Montagna, Padrin: \u00abAvanti tutta per le comunit\u00e0 delle terre alte, a cui servono servizi\u00bb"},"content":{"rendered":"<p><img loading=\"lazy\" decoding=\"async\" class=\"alignleft size-full wp-image-144899\" src=\"https:\/\/www.bellunopress.it\/wp-content\/uploads\/2023\/10\/Roberto-Padrin-1.jpg\" alt=\"\" width=\"553\" height=\"466\" srcset=\"https:\/\/www.bellunopress.it\/wp-content\/uploads\/2023\/10\/Roberto-Padrin-1.jpg 553w, https:\/\/www.bellunopress.it\/wp-content\/uploads\/2023\/10\/Roberto-Padrin-1-500x421.jpg 500w\" sizes=\"auto, (max-width: 553px) 100vw, 553px\" \/>\u00abNessuno ha ricette per far vivere la montagna. Ma partire dai servizi, dalla garanzia di risorse e presidi sui territori, \u00e8 senza dubbio l&#8217;avvio migliore\u00bb. \u00c8 quanto afferma il presidente della Provincia di Belluno Roberto Padrin, all&#8217;indomani dell&#8217;approvazione in via preliminare del Consiglio dei Ministri al Ddl Montagna. Di fatto, \u00e8 ripartito l&#8217;iter che era rimasto in sospeso nel 2022, alla fine della scorsa legislatura, e ora il nuovo testo attende la conversione alle Camere.<\/p>\n<p>\u00abL&#8217;obiettivo dichiarato dal Ministro degli Affari Regionali Roberto Calderoli \u00e8 quello di riconoscere e promuovere le peculiarit\u00e0 delle zone realmente montane, &#8220;assicurando la tutela dei diritti civili-sociali in quei territori e garantendo un reale godimento dei servizi pubblici essenziali ai cittadini come scuola e sanit\u00e0&#8221;. Si tratta quindi di dare valore alla montagna in quanto tale, in quanto ecosistema funzionale anche alle aree metropolitane e di pianura\u00bb sottolinea il presidente Padrin. \u00ab\u00c8 proprio questo il punto: garantire servizi anche alle aree a fallimento di mercato, dove lo spopolamento degli ultimi decenni ha ridotto la platea dei potenziali utenti e di conseguenza ha fatto arretrare diversi presidi. In tal senso, il Ddl va nella giusta direzione quando prevede incentivi allo sviluppo economico e delle imprese, con agevolazioni per favorire i giovani e il ripopolamento. L&#8217;augurio \u00e8 che in fase di conversione in legge il provvedimento possa essere rafforzato nelle componenti che danno strumenti concreti alla montagna. Le terre alte non devono essere viste come aree &#8220;sfortunate&#8221; e bisognose di assistenzialismo: hanno solo bisogno di quei mezzi che le mettano nelle condizioni di esprimere il loro potenziale\u00bb.<\/p>","protected":false},"excerpt":{"rendered":"<p>\u00abNessuno ha ricette per far vivere la montagna. Ma partire dai servizi, dalla garanzia di risorse e presidi sui territori, \u00e8 senza dubbio l&#8217;avvio migliore\u00bb. \u00c8 quanto afferma il presidente della Provincia di Belluno Roberto Padrin, all&#8217;indomani dell&#8217;approvazione in via preliminare del Consiglio dei Ministri al Ddl Montagna. Di fatto, \u00e8 ripartito l&#8217;iter che era [&hellip;]<\/p>\n","protected":false},"author":2,"featured_media":144899,"comment_status":"closed","ping_status":"open","sticky":false,"template":"","format":"standard","meta":{"footnotes":""},"categories":[5,26],"tags":[],"class_list":["post-145293","post","type-post","status-publish","format-standard","has-post-thumbnail","category-cronaca","category-prima-pagina"],"yoast_head":"<!-- This site is optimized with the Yoast SEO plugin v28.4 - https:\/\/yoast.com\/product\/yoast-seo-wordpress\/ -->\n<title>Ddl Montagna, Padrin: \u00abAvanti tutta per le comunit\u00e0 delle terre alte, a cui servono servizi\u00bb - Bellunopress - Dolomiti<\/title>\n<meta name=\"robots\" content=\"index, follow, max-snippet:-1, max-image-preview:large, max-video-preview:-1\" \/>\n<link rel=\"canonical\" href=\"https:\/\/www.bellunopress.it\/fr\/2023\/10\/24\/ddl-montagna-padrin-avanti-tutta-per-le-comunita-delle-terre-alte-a-cui-servono-servizi\/\" \/>\n<meta property=\"og:locale\" content=\"fr_FR\" \/>\n<meta property=\"og:type\" content=\"article\" \/>\n<meta property=\"og:title\" content=\"Ddl Montagna, Padrin: \u00abAvanti tutta per le comunit\u00e0 delle terre alte, a cui servono servizi\u00bb - Bellunopress - Dolomiti\" \/>\n<meta property=\"og:description\" content=\"\u00abNessuno ha ricette per far vivere la montagna. Ma partire dai servizi, dalla garanzia di risorse e presidi sui territori, \u00e8 senza dubbio l&#8217;avvio migliore\u00bb. \u00c8 quanto afferma il presidente della Provincia di Belluno Roberto Padrin, all&#8217;indomani dell&#8217;approvazione in via preliminare del Consiglio dei Ministri al Ddl Montagna. Di fatto, \u00e8 ripartito l&#8217;iter che era [&hellip;]\" \/>\n<meta property=\"og:url\" content=\"https:\/\/www.bellunopress.it\/fr\/2023\/10\/24\/ddl-montagna-padrin-avanti-tutta-per-le-comunita-delle-terre-alte-a-cui-servono-servizi\/\" \/>\n<meta property=\"og:site_name\" content=\"Bellunopress - Dolomiti\" \/>\n<meta property=\"article:publisher\" content=\"https:\/\/www.facebook.com\/profile.php?id=100008943462799\" \/>\n<meta property=\"article:published_time\" content=\"2023-10-24T11:41:28+00:00\" \/>\n<meta property=\"og:image\" content=\"https:\/\/www.bellunopress.it\/wp-content\/uploads\/2023\/10\/Roberto-Padrin-1.jpg\" \/>\n\t<meta property=\"og:image:width\" content=\"553\" \/>\n\t<meta property=\"og:image:height\" content=\"466\" \/>\n\t<meta property=\"og:image:type\" content=\"image\/jpeg\" \/>\n<meta name=\"author\" content=\"redazione\" \/>\n<meta name=\"twitter:card\" content=\"summary_large_image\" \/>\n<meta name=\"twitter:creator\" content=\"@bellunopress\" \/>\n<meta name=\"twitter:site\" content=\"@bellunopress\" \/>\n<meta name=\"twitter:label1\" content=\"\u00c9crit par\" \/>\n\t<meta name=\"twitter:data1\" content=\"redazione\" \/>\n\t<meta name=\"twitter:label2\" content=\"Dur\u00e9e de lecture estim\u00e9e\" \/>\n\t<meta name=\"twitter:data2\" content=\"1 minute\" \/>\n<script type=\"application\/ld+json\" class=\"yoast-schema-graph\">{\"@context\":\"https:\\\/\\\/schema.org\",\"@graph\":[{\"@type\":\"Article\",\"@id\":\"https:\\\/\\\/www.bellunopress.it\\\/2023\\\/10\\\/24\\\/ddl-montagna-padrin-avanti-tutta-per-le-comunita-delle-terre-alte-a-cui-servono-servizi\\\/#article\",\"isPartOf\":{\"@id\":\"https:\\\/\\\/www.bellunopress.it\\\/2023\\\/10\\\/24\\\/ddl-montagna-padrin-avanti-tutta-per-le-comunita-delle-terre-alte-a-cui-servono-servizi\\\/\"},\"author\":{\"name\":\"redazione\",\"@id\":\"https:\\\/\\\/www.bellunopress.it\\\/#\\\/schema\\\/person\\\/79bb06722b37ece1c03d3e94beb30d73\"},\"headline\":\"Ddl Montagna, Padrin: \u00abAvanti tutta per le comunit\u00e0 delle terre alte, a cui servono servizi\u00bb\",\"datePublished\":\"2023-10-24T11:41:28+00:00\",\"mainEntityOfPage\":{\"@id\":\"https:\\\/\\\/www.bellunopress.it\\\/2023\\\/10\\\/24\\\/ddl-montagna-padrin-avanti-tutta-per-le-comunita-delle-terre-alte-a-cui-servono-servizi\\\/\"},\"wordCount\":274,\"publisher\":{\"@id\":\"https:\\\/\\\/www.bellunopress.it\\\/#organization\"},\"image\":{\"@id\":\"https:\\\/\\\/www.bellunopress.it\\\/2023\\\/10\\\/24\\\/ddl-montagna-padrin-avanti-tutta-per-le-comunita-delle-terre-alte-a-cui-servono-servizi\\\/#primaryimage\"},\"thumbnailUrl\":\"https:\\\/\\\/www.bellunopress.it\\\/wp-content\\\/uploads\\\/2023\\\/10\\\/Roberto-Padrin-1.jpg\",\"articleSection\":[\"Cronaca\\\/Politica\",\"Prima Pagina\"],\"inLanguage\":\"fr-FR\"},{\"@type\":\"WebPage\",\"@id\":\"https:\\\/\\\/www.bellunopress.it\\\/2023\\\/10\\\/24\\\/ddl-montagna-padrin-avanti-tutta-per-le-comunita-delle-terre-alte-a-cui-servono-servizi\\\/\",\"url\":\"https:\\\/\\\/www.bellunopress.it\\\/2023\\\/10\\\/24\\\/ddl-montagna-padrin-avanti-tutta-per-le-comunita-delle-terre-alte-a-cui-servono-servizi\\\/\",\"name\":\"Ddl Montagna, Padrin: \u00abAvanti tutta per le comunit\u00e0 delle terre alte, a cui servono servizi\u00bb - Bellunopress - Dolomiti\",\"isPartOf\":{\"@id\":\"https:\\\/\\\/www.bellunopress.it\\\/#website\"},\"primaryImageOfPage\":{\"@id\":\"https:\\\/\\\/www.bellunopress.it\\\/2023\\\/10\\\/24\\\/ddl-montagna-padrin-avanti-tutta-per-le-comunita-delle-terre-alte-a-cui-servono-servizi\\\/#primaryimage\"},\"image\":{\"@id\":\"https:\\\/\\\/www.bellunopress.it\\\/2023\\\/10\\\/24\\\/ddl-montagna-padrin-avanti-tutta-per-le-comunita-delle-terre-alte-a-cui-servono-servizi\\\/#primaryimage\"},\"thumbnailUrl\":\"https:\\\/\\\/www.bellunopress.it\\\/wp-content\\\/uploads\\\/2023\\\/10\\\/Roberto-Padrin-1.jpg\",\"datePublished\":\"2023-10-24T11:41:28+00:00\",\"breadcrumb\":{\"@id\":\"https:\\\/\\\/www.bellunopress.it\\\/2023\\\/10\\\/24\\\/ddl-montagna-padrin-avanti-tutta-per-le-comunita-delle-terre-alte-a-cui-servono-servizi\\\/#breadcrumb\"},\"inLanguage\":\"fr-FR\",\"potentialAction\":[{\"@type\":\"ReadAction\",\"target\":[\"https:\\\/\\\/www.bellunopress.it\\\/2023\\\/10\\\/24\\\/ddl-montagna-padrin-avanti-tutta-per-le-comunita-delle-terre-alte-a-cui-servono-servizi\\\/\"]}]},{\"@type\":\"ImageObject\",\"inLanguage\":\"fr-FR\",\"@id\":\"https:\\\/\\\/www.bellunopress.it\\\/2023\\\/10\\\/24\\\/ddl-montagna-padrin-avanti-tutta-per-le-comunita-delle-terre-alte-a-cui-servono-servizi\\\/#primaryimage\",\"url\":\"https:\\\/\\\/www.bellunopress.it\\\/wp-content\\\/uploads\\\/2023\\\/10\\\/Roberto-Padrin-1.jpg\",\"contentUrl\":\"https:\\\/\\\/www.bellunopress.it\\\/wp-content\\\/uploads\\\/2023\\\/10\\\/Roberto-Padrin-1.jpg\",\"width\":553,\"height\":466,\"caption\":\"Roberto Padrin, presidente della Provincia e presidente Fondazione Dolomiti Unesco Fondazione\"},{\"@type\":\"BreadcrumbList\",\"@id\":\"https:\\\/\\\/www.bellunopress.it\\\/2023\\\/10\\\/24\\\/ddl-montagna-padrin-avanti-tutta-per-le-comunita-delle-terre-alte-a-cui-servono-servizi\\\/#breadcrumb\",\"itemListElement\":[{\"@type\":\"ListItem\",\"position\":1,\"name\":\"Home\",\"item\":\"https:\\\/\\\/www.bellunopress.it\\\/\"},{\"@type\":\"ListItem\",\"position\":2,\"name\":\"Ddl Montagna, Padrin: \u00abAvanti tutta per le comunit\u00e0 delle terre alte, a cui servono servizi\u00bb\"}]},{\"@type\":\"WebSite\",\"@id\":\"https:\\\/\\\/www.bellunopress.it\\\/#website\",\"url\":\"https:\\\/\\\/www.bellunopress.it\\\/\",\"name\":\"Bellunopress - Dolomiti\",\"description\":\"e-mail: redazione@bellunopress.it\",\"publisher\":{\"@id\":\"https:\\\/\\\/www.bellunopress.it\\\/#organization\"},\"potentialAction\":[{\"@type\":\"SearchAction\",\"target\":{\"@type\":\"EntryPoint\",\"urlTemplate\":\"https:\\\/\\\/www.bellunopress.it\\\/?s={search_term_string}\"},\"query-input\":{\"@type\":\"PropertyValueSpecification\",\"valueRequired\":true,\"valueName\":\"search_term_string\"}}],\"inLanguage\":\"fr-FR\"},{\"@type\":\"Organization\",\"@id\":\"https:\\\/\\\/www.bellunopress.it\\\/#organization\",\"name\":\"Bellunopress\",\"url\":\"https:\\\/\\\/www.bellunopress.it\\\/\",\"logo\":{\"@type\":\"ImageObject\",\"inLanguage\":\"fr-FR\",\"@id\":\"https:\\\/\\\/www.bellunopress.it\\\/#\\\/schema\\\/logo\\\/image\\\/\",\"url\":\"https:\\\/\\\/www.bellunopress.it\\\/wp-content\\\/uploads\\\/2011\\\/05\\\/cropped-logo-bellunopress-.jpg\",\"contentUrl\":\"https:\\\/\\\/www.bellunopress.it\\\/wp-content\\\/uploads\\\/2011\\\/05\\\/cropped-logo-bellunopress-.jpg\",\"width\":512,\"height\":512,\"caption\":\"Bellunopress\"},\"image\":{\"@id\":\"https:\\\/\\\/www.bellunopress.it\\\/#\\\/schema\\\/logo\\\/image\\\/\"},\"sameAs\":[\"https:\\\/\\\/www.facebook.com\\\/profile.php?id=100008943462799\",\"https:\\\/\\\/x.com\\\/bellunopress\",\"https:\\\/\\\/www.linkedin.com\\\/hp\\\/?dnr=JBzUWaJfMUw8vbXJJ2tVW5-I3jZKvC4wsoxE&amp;amp;amp;amp;amp;amp;trk=nav_responsive_tab_home\",\"https:\\\/\\\/www.youtube.com\\\/channel\\\/UCxL0wu1uN0_3_7hGG0306cw\"]},{\"@type\":\"Person\",\"@id\":\"https:\\\/\\\/www.bellunopress.it\\\/#\\\/schema\\\/person\\\/79bb06722b37ece1c03d3e94beb30d73\",\"name\":\"redazione\",\"image\":{\"@type\":\"ImageObject\",\"inLanguage\":\"fr-FR\",\"@id\":\"https:\\\/\\\/secure.gravatar.com\\\/avatar\\\/37d968a2e67a6fd04c169c4bdef102d0bc5d31b2546345219e348575eb80e9a0?s=96&d=mm&r=g\",\"url\":\"https:\\\/\\\/secure.gravatar.com\\\/avatar\\\/37d968a2e67a6fd04c169c4bdef102d0bc5d31b2546345219e348575eb80e9a0?s=96&d=mm&r=g\",\"contentUrl\":\"https:\\\/\\\/secure.gravatar.com\\\/avatar\\\/37d968a2e67a6fd04c169c4bdef102d0bc5d31b2546345219e348575eb80e9a0?s=96&d=mm&r=g\",\"caption\":\"redazione\"},\"sameAs\":[\"http:\\\/\\\/www.bellunopress.it\",\"https:\\\/\\\/x.com\\\/bellunopress\"],\"url\":\"https:\\\/\\\/www.bellunopress.it\\\/fr\\\/author\\\/redazione\\\/\"}]}<\/script>\n<!-- \/ Yoast SEO plugin. -->","yoast_head_json":{"title":"Ddl Montagna, Padrin: \u00abAvanti tutta per le comunit\u00e0 delle terre alte, a cui servono servizi\u00bb - Bellunopress - Dolomiti","robots":{"index":"index","follow":"follow","max-snippet":"max-snippet:-1","max-image-preview":"max-image-preview:large","max-video-preview":"max-video-preview:-1"},"canonical":"https:\/\/www.bellunopress.it\/fr\/2023\/10\/24\/ddl-montagna-padrin-avanti-tutta-per-le-comunita-delle-terre-alte-a-cui-servono-servizi\/","og_locale":"fr_FR","og_type":"article","og_title":"Ddl Montagna, Padrin: \u00abAvanti tutta per le comunit\u00e0 delle terre alte, a cui servono servizi\u00bb - Bellunopress - Dolomiti","og_description":"\u00abNessuno ha ricette per far vivere la montagna. Ma partire dai servizi, dalla garanzia di risorse e presidi sui territori, \u00e8 senza dubbio l&#8217;avvio migliore\u00bb. \u00c8 quanto afferma il presidente della Provincia di Belluno Roberto Padrin, all&#8217;indomani dell&#8217;approvazione in via preliminare del Consiglio dei Ministri al Ddl Montagna. Di fatto, \u00e8 ripartito l&#8217;iter che era [&hellip;]","og_url":"https:\/\/www.bellunopress.it\/fr\/2023\/10\/24\/ddl-montagna-padrin-avanti-tutta-per-le-comunita-delle-terre-alte-a-cui-servono-servizi\/","og_site_name":"Bellunopress - Dolomiti","article_publisher":"https:\/\/www.facebook.com\/profile.php?id=100008943462799","article_published_time":"2023-10-24T11:41:28+00:00","og_image":[{"width":553,"height":466,"url":"https:\/\/www.bellunopress.it\/wp-content\/uploads\/2023\/10\/Roberto-Padrin-1.jpg","type":"image\/jpeg"}],"author":"redazione","twitter_card":"summary_large_image","twitter_creator":"@bellunopress","twitter_site":"@bellunopress","twitter_misc":{"\u00c9crit par":"redazione","Dur\u00e9e de lecture estim\u00e9e":"1 minute"},"schema":{"@context":"https:\/\/schema.org","@graph":[{"@type":"Article","@id":"https:\/\/www.bellunopress.it\/2023\/10\/24\/ddl-montagna-padrin-avanti-tutta-per-le-comunita-delle-terre-alte-a-cui-servono-servizi\/#article","isPartOf":{"@id":"https:\/\/www.bellunopress.it\/2023\/10\/24\/ddl-montagna-padrin-avanti-tutta-per-le-comunita-delle-terre-alte-a-cui-servono-servizi\/"},"author":{"name":"redazione","@id":"https:\/\/www.bellunopress.it\/#\/schema\/person\/79bb06722b37ece1c03d3e94beb30d73"},"headline":"Ddl Montagna, Padrin: \u00abAvanti tutta per le comunit\u00e0 delle terre alte, a cui servono servizi\u00bb","datePublished":"2023-10-24T11:41:28+00:00","mainEntityOfPage":{"@id":"https:\/\/www.bellunopress.it\/2023\/10\/24\/ddl-montagna-padrin-avanti-tutta-per-le-comunita-delle-terre-alte-a-cui-servono-servizi\/"},"wordCount":274,"publisher":{"@id":"https:\/\/www.bellunopress.it\/#organization"},"image":{"@id":"https:\/\/www.bellunopress.it\/2023\/10\/24\/ddl-montagna-padrin-avanti-tutta-per-le-comunita-delle-terre-alte-a-cui-servono-servizi\/#primaryimage"},"thumbnailUrl":"https:\/\/www.bellunopress.it\/wp-content\/uploads\/2023\/10\/Roberto-Padrin-1.jpg","articleSection":["Cronaca\/Politica","Prima Pagina"],"inLanguage":"fr-FR"},{"@type":"WebPage","@id":"https:\/\/www.bellunopress.it\/2023\/10\/24\/ddl-montagna-padrin-avanti-tutta-per-le-comunita-delle-terre-alte-a-cui-servono-servizi\/","url":"https:\/\/www.bellunopress.it\/2023\/10\/24\/ddl-montagna-padrin-avanti-tutta-per-le-comunita-delle-terre-alte-a-cui-servono-servizi\/","name":"Ddl Montagna, Padrin: \u00abAvanti tutta per le comunit\u00e0 delle terre alte, a cui servono servizi\u00bb - Bellunopress - Dolomiti","isPartOf":{"@id":"https:\/\/www.bellunopress.it\/#website"},"primaryImageOfPage":{"@id":"https:\/\/www.bellunopress.it\/2023\/10\/24\/ddl-montagna-padrin-avanti-tutta-per-le-comunita-delle-terre-alte-a-cui-servono-servizi\/#primaryimage"},"image":{"@id":"https:\/\/www.bellunopress.it\/2023\/10\/24\/ddl-montagna-padrin-avanti-tutta-per-le-comunita-delle-terre-alte-a-cui-servono-servizi\/#primaryimage"},"thumbnailUrl":"https:\/\/www.bellunopress.it\/wp-content\/uploads\/2023\/10\/Roberto-Padrin-1.jpg","datePublished":"2023-10-24T11:41:28+00:00","breadcrumb":{"@id":"https:\/\/www.bellunopress.it\/2023\/10\/24\/ddl-montagna-padrin-avanti-tutta-per-le-comunita-delle-terre-alte-a-cui-servono-servizi\/#breadcrumb"},"inLanguage":"fr-FR","potentialAction":[{"@type":"ReadAction","target":["https:\/\/www.bellunopress.it\/2023\/10\/24\/ddl-montagna-padrin-avanti-tutta-per-le-comunita-delle-terre-alte-a-cui-servono-servizi\/"]}]},{"@type":"ImageObject","inLanguage":"fr-FR","@id":"https:\/\/www.bellunopress.it\/2023\/10\/24\/ddl-montagna-padrin-avanti-tutta-per-le-comunita-delle-terre-alte-a-cui-servono-servizi\/#primaryimage","url":"https:\/\/www.bellunopress.it\/wp-content\/uploads\/2023\/10\/Roberto-Padrin-1.jpg","contentUrl":"https:\/\/www.bellunopress.it\/wp-content\/uploads\/2023\/10\/Roberto-Padrin-1.jpg","width":553,"height":466,"caption":"Roberto Padrin, presidente della Provincia e presidente Fondazione Dolomiti Unesco Fondazione"},{"@type":"BreadcrumbList","@id":"https:\/\/www.bellunopress.it\/2023\/10\/24\/ddl-montagna-padrin-avanti-tutta-per-le-comunita-delle-terre-alte-a-cui-servono-servizi\/#breadcrumb","itemListElement":[{"@type":"ListItem","position":1,"name":"Home","item":"https:\/\/www.bellunopress.it\/"},{"@type":"ListItem","position":2,"name":"Ddl Montagna, Padrin: \u00abAvanti tutta per le comunit\u00e0 delle terre alte, a cui servono servizi\u00bb"}]},{"@type":"WebSite","@id":"https:\/\/www.bellunopress.it\/#website","url":"https:\/\/www.bellunopress.it\/","name":"Bellunopress - Dolomiti","description":"e-mail: redazione@bellunopress.it","publisher":{"@id":"https:\/\/www.bellunopress.it\/#organization"},"potentialAction":[{"@type":"SearchAction","target":{"@type":"EntryPoint","urlTemplate":"https:\/\/www.bellunopress.it\/?s={search_term_string}"},"query-input":{"@type":"PropertyValueSpecification","valueRequired":true,"valueName":"search_term_string"}}],"inLanguage":"fr-FR"},{"@type":"Organization","@id":"https:\/\/www.bellunopress.it\/#organization","name":"Bellunopress","url":"https:\/\/www.bellunopress.it\/","logo":{"@type":"ImageObject","inLanguage":"fr-FR","@id":"https:\/\/www.bellunopress.it\/#\/schema\/logo\/image\/","url":"https:\/\/www.bellunopress.it\/wp-content\/uploads\/2011\/05\/cropped-logo-bellunopress-.jpg","contentUrl":"https:\/\/www.bellunopress.it\/wp-content\/uploads\/2011\/05\/cropped-logo-bellunopress-.jpg","width":512,"height":512,"caption":"Bellunopress"},"image":{"@id":"https:\/\/www.bellunopress.it\/#\/schema\/logo\/image\/"},"sameAs":["https:\/\/www.facebook.com\/profile.php?id=100008943462799","https:\/\/x.com\/bellunopress","https:\/\/www.linkedin.com\/hp\/?dnr=JBzUWaJfMUw8vbXJJ2tVW5-I3jZKvC4wsoxE&amp;amp;amp;amp;amp;amp;trk=nav_responsive_tab_home","https:\/\/www.youtube.com\/channel\/UCxL0wu1uN0_3_7hGG0306cw"]},{"@type":"Person","@id":"https:\/\/www.bellunopress.it\/#\/schema\/person\/79bb06722b37ece1c03d3e94beb30d73","name":"r\u00e9daction","image":{"@type":"ImageObject","inLanguage":"fr-FR","@id":"https:\/\/secure.gravatar.com\/avatar\/37d968a2e67a6fd04c169c4bdef102d0bc5d31b2546345219e348575eb80e9a0?s=96&d=mm&r=g","url":"https:\/\/secure.gravatar.com\/avatar\/37d968a2e67a6fd04c169c4bdef102d0bc5d31b2546345219e348575eb80e9a0?s=96&d=mm&r=g","contentUrl":"https:\/\/secure.gravatar.com\/avatar\/37d968a2e67a6fd04c169c4bdef102d0bc5d31b2546345219e348575eb80e9a0?s=96&d=mm&r=g","caption":"redazione"},"sameAs":["http:\/\/www.bellunopress.it","https:\/\/x.com\/bellunopress"],"url":"https:\/\/www.bellunopress.it\/fr\/author\/redazione\/"}]}},"_links":{"self":[{"href":"https:\/\/www.bellunopress.it\/fr\/wp-json\/wp\/v2\/posts\/145293","targetHints":{"allow":["GET"]}}],"collection":[{"href":"https:\/\/www.bellunopress.it\/fr\/wp-json\/wp\/v2\/posts"}],"about":[{"href":"https:\/\/www.bellunopress.it\/fr\/wp-json\/wp\/v2\/types\/post"}],"author":[{"embeddable":true,"href":"https:\/\/www.bellunopress.it\/fr\/wp-json\/wp\/v2\/users\/2"}],"replies":[{"embeddable":true,"href":"https:\/\/www.bellunopress.it\/fr\/wp-json\/wp\/v2\/comments?post=145293"}],"version-history":[{"count":1,"href":"https:\/\/www.bellunopress.it\/fr\/wp-json\/wp\/v2\/posts\/145293\/revisions"}],"predecessor-version":[{"id":145294,"href":"https:\/\/www.bellunopress.it\/fr\/wp-json\/wp\/v2\/posts\/145293\/revisions\/145294"}],"wp:featuredmedia":[{"embeddable":true,"href":"https:\/\/www.bellunopress.it\/fr\/wp-json\/wp\/v2\/media\/144899"}],"wp:attachment":[{"href":"https:\/\/www.bellunopress.it\/fr\/wp-json\/wp\/v2\/media?parent=145293"}],"wp:term":[{"taxonomy":"category","embeddable":true,"href":"https:\/\/www.bellunopress.it\/fr\/wp-json\/wp\/v2\/categories?post=145293"},{"taxonomy":"post_tag","embeddable":true,"href":"https:\/\/www.bellunopress.it\/fr\/wp-json\/wp\/v2\/tags?post=145293"}],"curies":[{"name":"wp","href":"https:\/\/api.w.org\/{rel}","templated":true}]}}