{"id":145264,"date":"2023-10-23T15:59:02","date_gmt":"2023-10-23T13:59:02","guid":{"rendered":"https:\/\/www.bellunopress.it\/?p=145264"},"modified":"2023-10-23T20:02:14","modified_gmt":"2023-10-23T18:02:14","slug":"prosegue-il-mercatino-vintage-in-piazza-delle-erbe-a-belluno","status":"publish","type":"post","link":"https:\/\/www.bellunopress.it\/fr\/2023\/10\/23\/prosegue-il-mercatino-vintage-in-piazza-delle-erbe-a-belluno\/","title":{"rendered":"Prosegue il mercatino vintage in piazza delle Erbe a Belluno"},"content":{"rendered":"<p><img loading=\"lazy\" decoding=\"async\" class=\"alignleft size-full wp-image-128986\" src=\"https:\/\/www.bellunopress.it\/wp-content\/uploads\/2021\/11\/Club-Inner-Wheel.jpg\" alt=\"\" width=\"512\" height=\"496\" srcset=\"https:\/\/www.bellunopress.it\/wp-content\/uploads\/2021\/11\/Club-Inner-Wheel.jpg 512w, https:\/\/www.bellunopress.it\/wp-content\/uploads\/2021\/11\/Club-Inner-Wheel-500x484.jpg 500w, https:\/\/www.bellunopress.it\/wp-content\/uploads\/2021\/11\/Club-Inner-Wheel-434x420.jpg 434w\" sizes=\"auto, (max-width: 512px) 100vw, 512px\" \/>Porte aperte al \u201cmercatino vintage\u201d di Piazza Erbe a Belluno organizzato dal Club INNER WHEEL di Belluno.<br \/>\nContinuano le offerte di abbigliamento uomo-donna, di accessori e bigiotteria varia nel mercatino vintage di Piazza Erbe a Belluno aperto da fine ottobre in Piazza Erbe a Belluno, nei locali resi gratuitamente disponibili dai fratelli Da Pian.<\/p>\n<p>L\u2019iniziativa \u00e8 promossa e gestita dall\u2019Inner Wheel Club di Belluno nell\u2019ambito delle finalit\u00e0 sociali e culturali che fin dalle origini animano il sodalizio anche a livello internazionale.<br \/>\nCome gi\u00e0 nelle passate edizioni, si potr\u00e0 entrare negli spazi di vendita, guardare e provare senza impegno, scegliendo fra le tante occasioni esposte quella che per taglia, qualit\u00e0 e gusto personale far\u00e0 al caso di chi vuole concedersi un \u201cregalo\u201d senza eccessiva spesa.<br \/>\nQuesto a favore di una causa che sempre pi\u00f9 tristemente interessa la societ\u00e0 di oggi: i Centri di Sollievo per Persone con Declino Cognitivo.<\/p>\n<p>I Centri (13 in Provincia di Belluno) si occupano in vario modo di persone con carenze comportamentali e mentali, agendo in supporto alle famiglie. Agli assistiti vengono garantite attivit\u00e0 socio-riabilitative e terapie secondo le pi\u00f9 recenti indicazioni della ricerca che dedica a questo settore studi sempre pi\u00f9 specifici e incoraggianti.<\/p>\n<p>Pi\u00f9 in particolare i Centri offrono ascolto, stimoli cognitivi e incontri di gruppo, ovviando a solitudini e\/o carenze di interventi appropriati.<br \/>\nCon l\u2019aiuto del ricavato del mercatino, agendo in sintonia con l\u2019ULSS di Belluno, sar\u00e0 possibile dotare quelli gi\u00e0 attivi in Provincia di nuovi sussidi consoni ad alleviare gli effetti di questa patologia.<br \/>\nPorte aperte dunque nelle giornate di venerd\u00ec e sabato di ottobre e novembre dalle 9:30 alle 12:30. Da marted\u00ec 6 a domenica 12 novembre in concomitanza della festa di San Martino il mercatino sar\u00e0 accessibile tutti i giorni con orario continuato.<br \/>\nIl Club Inner Wheel di Belluno e le sue socie saranno liete di accogliere quanti vorranno esprimere con la loro presenza solidariet\u00e0 e sostegno a questa meritoria iniziativa.<\/p>","protected":false},"excerpt":{"rendered":"<p>Porte aperte al \u201cmercatino vintage\u201d di Piazza Erbe a Belluno organizzato dal Club INNER WHEEL di Belluno. Continuano le offerte di abbigliamento uomo-donna, di accessori e bigiotteria varia nel mercatino vintage di Piazza Erbe a Belluno aperto da fine ottobre in Piazza Erbe a Belluno, nei locali resi gratuitamente disponibili dai fratelli Da Pian. L\u2019iniziativa [&hellip;]<\/p>\n","protected":false},"author":2,"featured_media":128986,"comment_status":"closed","ping_status":"open","sticky":false,"template":"","format":"standard","meta":{"footnotes":""},"categories":[25,8],"tags":[],"class_list":["post-145264","post","type-post","status-publish","format-standard","has-post-thumbnail","category-pausa-caffe","category-societa-istituzioni"],"yoast_head":"<!-- This site is optimized with the Yoast SEO plugin v28.4 - https:\/\/yoast.com\/product\/yoast-seo-wordpress\/ -->\n<title>Prosegue il mercatino vintage in piazza delle Erbe a Belluno - Bellunopress - Dolomiti<\/title>\n<meta name=\"robots\" content=\"index, follow, max-snippet:-1, max-image-preview:large, max-video-preview:-1\" \/>\n<link rel=\"canonical\" href=\"https:\/\/www.bellunopress.it\/fr\/2023\/10\/23\/prosegue-il-mercatino-vintage-in-piazza-delle-erbe-a-belluno\/\" \/>\n<meta property=\"og:locale\" content=\"fr_FR\" \/>\n<meta property=\"og:type\" content=\"article\" \/>\n<meta property=\"og:title\" content=\"Prosegue il mercatino vintage in piazza delle Erbe a Belluno - Bellunopress - Dolomiti\" \/>\n<meta property=\"og:description\" content=\"Porte aperte al \u201cmercatino vintage\u201d di Piazza Erbe a Belluno organizzato dal Club INNER WHEEL di Belluno. Continuano le offerte di abbigliamento uomo-donna, di accessori e bigiotteria varia nel mercatino vintage di Piazza Erbe a Belluno aperto da fine ottobre in Piazza Erbe a Belluno, nei locali resi gratuitamente disponibili dai fratelli Da Pian. L\u2019iniziativa [&hellip;]\" \/>\n<meta property=\"og:url\" content=\"https:\/\/www.bellunopress.it\/fr\/2023\/10\/23\/prosegue-il-mercatino-vintage-in-piazza-delle-erbe-a-belluno\/\" \/>\n<meta property=\"og:site_name\" content=\"Bellunopress - Dolomiti\" \/>\n<meta property=\"article:publisher\" content=\"https:\/\/www.facebook.com\/profile.php?id=100008943462799\" \/>\n<meta property=\"article:published_time\" content=\"2023-10-23T13:59:02+00:00\" \/>\n<meta property=\"article:modified_time\" content=\"2023-10-23T18:02:14+00:00\" \/>\n<meta property=\"og:image\" content=\"https:\/\/www.bellunopress.it\/wp-content\/uploads\/2021\/11\/Club-Inner-Wheel.jpg\" \/>\n\t<meta property=\"og:image:width\" content=\"512\" \/>\n\t<meta property=\"og:image:height\" content=\"496\" \/>\n\t<meta property=\"og:image:type\" content=\"image\/jpeg\" \/>\n<meta name=\"author\" content=\"redazione\" \/>\n<meta name=\"twitter:card\" content=\"summary_large_image\" \/>\n<meta name=\"twitter:creator\" content=\"@bellunopress\" \/>\n<meta name=\"twitter:site\" content=\"@bellunopress\" \/>\n<meta name=\"twitter:label1\" content=\"\u00c9crit par\" \/>\n\t<meta name=\"twitter:data1\" content=\"redazione\" \/>\n\t<meta name=\"twitter:label2\" content=\"Dur\u00e9e de lecture estim\u00e9e\" \/>\n\t<meta name=\"twitter:data2\" content=\"2 minutes\" \/>\n<script type=\"application\/ld+json\" class=\"yoast-schema-graph\">{\"@context\":\"https:\\\/\\\/schema.org\",\"@graph\":[{\"@type\":\"Article\",\"@id\":\"https:\\\/\\\/www.bellunopress.it\\\/2023\\\/10\\\/23\\\/prosegue-il-mercatino-vintage-in-piazza-delle-erbe-a-belluno\\\/#article\",\"isPartOf\":{\"@id\":\"https:\\\/\\\/www.bellunopress.it\\\/2023\\\/10\\\/23\\\/prosegue-il-mercatino-vintage-in-piazza-delle-erbe-a-belluno\\\/\"},\"author\":{\"name\":\"redazione\",\"@id\":\"https:\\\/\\\/www.bellunopress.it\\\/#\\\/schema\\\/person\\\/79bb06722b37ece1c03d3e94beb30d73\"},\"headline\":\"Prosegue il mercatino vintage in piazza delle Erbe a Belluno\",\"datePublished\":\"2023-10-23T13:59:02+00:00\",\"dateModified\":\"2023-10-23T18:02:14+00:00\",\"mainEntityOfPage\":{\"@id\":\"https:\\\/\\\/www.bellunopress.it\\\/2023\\\/10\\\/23\\\/prosegue-il-mercatino-vintage-in-piazza-delle-erbe-a-belluno\\\/\"},\"wordCount\":330,\"publisher\":{\"@id\":\"https:\\\/\\\/www.bellunopress.it\\\/#organization\"},\"image\":{\"@id\":\"https:\\\/\\\/www.bellunopress.it\\\/2023\\\/10\\\/23\\\/prosegue-il-mercatino-vintage-in-piazza-delle-erbe-a-belluno\\\/#primaryimage\"},\"thumbnailUrl\":\"https:\\\/\\\/www.bellunopress.it\\\/wp-content\\\/uploads\\\/2021\\\/11\\\/Club-Inner-Wheel.jpg\",\"articleSection\":[\"Pausa Caff\u00e8\",\"Societ\u00e0, Associazioni, Istituzioni\"],\"inLanguage\":\"fr-FR\"},{\"@type\":\"WebPage\",\"@id\":\"https:\\\/\\\/www.bellunopress.it\\\/2023\\\/10\\\/23\\\/prosegue-il-mercatino-vintage-in-piazza-delle-erbe-a-belluno\\\/\",\"url\":\"https:\\\/\\\/www.bellunopress.it\\\/2023\\\/10\\\/23\\\/prosegue-il-mercatino-vintage-in-piazza-delle-erbe-a-belluno\\\/\",\"name\":\"Prosegue il mercatino vintage in piazza delle Erbe a Belluno - Bellunopress - Dolomiti\",\"isPartOf\":{\"@id\":\"https:\\\/\\\/www.bellunopress.it\\\/#website\"},\"primaryImageOfPage\":{\"@id\":\"https:\\\/\\\/www.bellunopress.it\\\/2023\\\/10\\\/23\\\/prosegue-il-mercatino-vintage-in-piazza-delle-erbe-a-belluno\\\/#primaryimage\"},\"image\":{\"@id\":\"https:\\\/\\\/www.bellunopress.it\\\/2023\\\/10\\\/23\\\/prosegue-il-mercatino-vintage-in-piazza-delle-erbe-a-belluno\\\/#primaryimage\"},\"thumbnailUrl\":\"https:\\\/\\\/www.bellunopress.it\\\/wp-content\\\/uploads\\\/2021\\\/11\\\/Club-Inner-Wheel.jpg\",\"datePublished\":\"2023-10-23T13:59:02+00:00\",\"dateModified\":\"2023-10-23T18:02:14+00:00\",\"breadcrumb\":{\"@id\":\"https:\\\/\\\/www.bellunopress.it\\\/2023\\\/10\\\/23\\\/prosegue-il-mercatino-vintage-in-piazza-delle-erbe-a-belluno\\\/#breadcrumb\"},\"inLanguage\":\"fr-FR\",\"potentialAction\":[{\"@type\":\"ReadAction\",\"target\":[\"https:\\\/\\\/www.bellunopress.it\\\/2023\\\/10\\\/23\\\/prosegue-il-mercatino-vintage-in-piazza-delle-erbe-a-belluno\\\/\"]}]},{\"@type\":\"ImageObject\",\"inLanguage\":\"fr-FR\",\"@id\":\"https:\\\/\\\/www.bellunopress.it\\\/2023\\\/10\\\/23\\\/prosegue-il-mercatino-vintage-in-piazza-delle-erbe-a-belluno\\\/#primaryimage\",\"url\":\"https:\\\/\\\/www.bellunopress.it\\\/wp-content\\\/uploads\\\/2021\\\/11\\\/Club-Inner-Wheel.jpg\",\"contentUrl\":\"https:\\\/\\\/www.bellunopress.it\\\/wp-content\\\/uploads\\\/2021\\\/11\\\/Club-Inner-Wheel.jpg\",\"width\":512,\"height\":496},{\"@type\":\"BreadcrumbList\",\"@id\":\"https:\\\/\\\/www.bellunopress.it\\\/2023\\\/10\\\/23\\\/prosegue-il-mercatino-vintage-in-piazza-delle-erbe-a-belluno\\\/#breadcrumb\",\"itemListElement\":[{\"@type\":\"ListItem\",\"position\":1,\"name\":\"Home\",\"item\":\"https:\\\/\\\/www.bellunopress.it\\\/\"},{\"@type\":\"ListItem\",\"position\":2,\"name\":\"Prosegue il mercatino vintage in piazza delle Erbe a Belluno\"}]},{\"@type\":\"WebSite\",\"@id\":\"https:\\\/\\\/www.bellunopress.it\\\/#website\",\"url\":\"https:\\\/\\\/www.bellunopress.it\\\/\",\"name\":\"Bellunopress - Dolomiti\",\"description\":\"e-mail: redazione@bellunopress.it\",\"publisher\":{\"@id\":\"https:\\\/\\\/www.bellunopress.it\\\/#organization\"},\"potentialAction\":[{\"@type\":\"SearchAction\",\"target\":{\"@type\":\"EntryPoint\",\"urlTemplate\":\"https:\\\/\\\/www.bellunopress.it\\\/?s={search_term_string}\"},\"query-input\":{\"@type\":\"PropertyValueSpecification\",\"valueRequired\":true,\"valueName\":\"search_term_string\"}}],\"inLanguage\":\"fr-FR\"},{\"@type\":\"Organization\",\"@id\":\"https:\\\/\\\/www.bellunopress.it\\\/#organization\",\"name\":\"Bellunopress\",\"url\":\"https:\\\/\\\/www.bellunopress.it\\\/\",\"logo\":{\"@type\":\"ImageObject\",\"inLanguage\":\"fr-FR\",\"@id\":\"https:\\\/\\\/www.bellunopress.it\\\/#\\\/schema\\\/logo\\\/image\\\/\",\"url\":\"https:\\\/\\\/www.bellunopress.it\\\/wp-content\\\/uploads\\\/2011\\\/05\\\/cropped-logo-bellunopress-.jpg\",\"contentUrl\":\"https:\\\/\\\/www.bellunopress.it\\\/wp-content\\\/uploads\\\/2011\\\/05\\\/cropped-logo-bellunopress-.jpg\",\"width\":512,\"height\":512,\"caption\":\"Bellunopress\"},\"image\":{\"@id\":\"https:\\\/\\\/www.bellunopress.it\\\/#\\\/schema\\\/logo\\\/image\\\/\"},\"sameAs\":[\"https:\\\/\\\/www.facebook.com\\\/profile.php?id=100008943462799\",\"https:\\\/\\\/x.com\\\/bellunopress\",\"https:\\\/\\\/www.linkedin.com\\\/hp\\\/?dnr=JBzUWaJfMUw8vbXJJ2tVW5-I3jZKvC4wsoxE&amp;amp;amp;amp;amp;amp;trk=nav_responsive_tab_home\",\"https:\\\/\\\/www.youtube.com\\\/channel\\\/UCxL0wu1uN0_3_7hGG0306cw\"]},{\"@type\":\"Person\",\"@id\":\"https:\\\/\\\/www.bellunopress.it\\\/#\\\/schema\\\/person\\\/79bb06722b37ece1c03d3e94beb30d73\",\"name\":\"redazione\",\"image\":{\"@type\":\"ImageObject\",\"inLanguage\":\"fr-FR\",\"@id\":\"https:\\\/\\\/secure.gravatar.com\\\/avatar\\\/37d968a2e67a6fd04c169c4bdef102d0bc5d31b2546345219e348575eb80e9a0?s=96&d=mm&r=g\",\"url\":\"https:\\\/\\\/secure.gravatar.com\\\/avatar\\\/37d968a2e67a6fd04c169c4bdef102d0bc5d31b2546345219e348575eb80e9a0?s=96&d=mm&r=g\",\"contentUrl\":\"https:\\\/\\\/secure.gravatar.com\\\/avatar\\\/37d968a2e67a6fd04c169c4bdef102d0bc5d31b2546345219e348575eb80e9a0?s=96&d=mm&r=g\",\"caption\":\"redazione\"},\"sameAs\":[\"http:\\\/\\\/www.bellunopress.it\",\"https:\\\/\\\/x.com\\\/bellunopress\"],\"url\":\"https:\\\/\\\/www.bellunopress.it\\\/fr\\\/author\\\/redazione\\\/\"}]}<\/script>\n<!-- \/ Yoast SEO plugin. -->","yoast_head_json":{"title":"Prosegue il mercatino vintage in piazza delle Erbe a Belluno - Bellunopress - Dolomiti","robots":{"index":"index","follow":"follow","max-snippet":"max-snippet:-1","max-image-preview":"max-image-preview:large","max-video-preview":"max-video-preview:-1"},"canonical":"https:\/\/www.bellunopress.it\/fr\/2023\/10\/23\/prosegue-il-mercatino-vintage-in-piazza-delle-erbe-a-belluno\/","og_locale":"fr_FR","og_type":"article","og_title":"Prosegue il mercatino vintage in piazza delle Erbe a Belluno - Bellunopress - Dolomiti","og_description":"Porte aperte al \u201cmercatino vintage\u201d di Piazza Erbe a Belluno organizzato dal Club INNER WHEEL di Belluno. Continuano le offerte di abbigliamento uomo-donna, di accessori e bigiotteria varia nel mercatino vintage di Piazza Erbe a Belluno aperto da fine ottobre in Piazza Erbe a Belluno, nei locali resi gratuitamente disponibili dai fratelli Da Pian. L\u2019iniziativa [&hellip;]","og_url":"https:\/\/www.bellunopress.it\/fr\/2023\/10\/23\/prosegue-il-mercatino-vintage-in-piazza-delle-erbe-a-belluno\/","og_site_name":"Bellunopress - Dolomiti","article_publisher":"https:\/\/www.facebook.com\/profile.php?id=100008943462799","article_published_time":"2023-10-23T13:59:02+00:00","article_modified_time":"2023-10-23T18:02:14+00:00","og_image":[{"width":512,"height":496,"url":"https:\/\/www.bellunopress.it\/wp-content\/uploads\/2021\/11\/Club-Inner-Wheel.jpg","type":"image\/jpeg"}],"author":"redazione","twitter_card":"summary_large_image","twitter_creator":"@bellunopress","twitter_site":"@bellunopress","twitter_misc":{"\u00c9crit par":"redazione","Dur\u00e9e de lecture estim\u00e9e":"2 minutes"},"schema":{"@context":"https:\/\/schema.org","@graph":[{"@type":"Article","@id":"https:\/\/www.bellunopress.it\/2023\/10\/23\/prosegue-il-mercatino-vintage-in-piazza-delle-erbe-a-belluno\/#article","isPartOf":{"@id":"https:\/\/www.bellunopress.it\/2023\/10\/23\/prosegue-il-mercatino-vintage-in-piazza-delle-erbe-a-belluno\/"},"author":{"name":"redazione","@id":"https:\/\/www.bellunopress.it\/#\/schema\/person\/79bb06722b37ece1c03d3e94beb30d73"},"headline":"Prosegue il mercatino vintage in piazza delle Erbe a Belluno","datePublished":"2023-10-23T13:59:02+00:00","dateModified":"2023-10-23T18:02:14+00:00","mainEntityOfPage":{"@id":"https:\/\/www.bellunopress.it\/2023\/10\/23\/prosegue-il-mercatino-vintage-in-piazza-delle-erbe-a-belluno\/"},"wordCount":330,"publisher":{"@id":"https:\/\/www.bellunopress.it\/#organization"},"image":{"@id":"https:\/\/www.bellunopress.it\/2023\/10\/23\/prosegue-il-mercatino-vintage-in-piazza-delle-erbe-a-belluno\/#primaryimage"},"thumbnailUrl":"https:\/\/www.bellunopress.it\/wp-content\/uploads\/2021\/11\/Club-Inner-Wheel.jpg","articleSection":["Pausa Caff\u00e8","Societ\u00e0, Associazioni, Istituzioni"],"inLanguage":"fr-FR"},{"@type":"WebPage","@id":"https:\/\/www.bellunopress.it\/2023\/10\/23\/prosegue-il-mercatino-vintage-in-piazza-delle-erbe-a-belluno\/","url":"https:\/\/www.bellunopress.it\/2023\/10\/23\/prosegue-il-mercatino-vintage-in-piazza-delle-erbe-a-belluno\/","name":"Prosegue il mercatino vintage in piazza delle Erbe a Belluno - Bellunopress - Dolomiti","isPartOf":{"@id":"https:\/\/www.bellunopress.it\/#website"},"primaryImageOfPage":{"@id":"https:\/\/www.bellunopress.it\/2023\/10\/23\/prosegue-il-mercatino-vintage-in-piazza-delle-erbe-a-belluno\/#primaryimage"},"image":{"@id":"https:\/\/www.bellunopress.it\/2023\/10\/23\/prosegue-il-mercatino-vintage-in-piazza-delle-erbe-a-belluno\/#primaryimage"},"thumbnailUrl":"https:\/\/www.bellunopress.it\/wp-content\/uploads\/2021\/11\/Club-Inner-Wheel.jpg","datePublished":"2023-10-23T13:59:02+00:00","dateModified":"2023-10-23T18:02:14+00:00","breadcrumb":{"@id":"https:\/\/www.bellunopress.it\/2023\/10\/23\/prosegue-il-mercatino-vintage-in-piazza-delle-erbe-a-belluno\/#breadcrumb"},"inLanguage":"fr-FR","potentialAction":[{"@type":"ReadAction","target":["https:\/\/www.bellunopress.it\/2023\/10\/23\/prosegue-il-mercatino-vintage-in-piazza-delle-erbe-a-belluno\/"]}]},{"@type":"ImageObject","inLanguage":"fr-FR","@id":"https:\/\/www.bellunopress.it\/2023\/10\/23\/prosegue-il-mercatino-vintage-in-piazza-delle-erbe-a-belluno\/#primaryimage","url":"https:\/\/www.bellunopress.it\/wp-content\/uploads\/2021\/11\/Club-Inner-Wheel.jpg","contentUrl":"https:\/\/www.bellunopress.it\/wp-content\/uploads\/2021\/11\/Club-Inner-Wheel.jpg","width":512,"height":496},{"@type":"BreadcrumbList","@id":"https:\/\/www.bellunopress.it\/2023\/10\/23\/prosegue-il-mercatino-vintage-in-piazza-delle-erbe-a-belluno\/#breadcrumb","itemListElement":[{"@type":"ListItem","position":1,"name":"Home","item":"https:\/\/www.bellunopress.it\/"},{"@type":"ListItem","position":2,"name":"Prosegue il mercatino vintage in piazza delle Erbe a Belluno"}]},{"@type":"WebSite","@id":"https:\/\/www.bellunopress.it\/#website","url":"https:\/\/www.bellunopress.it\/","name":"Bellunopress - Dolomiti","description":"e-mail: redazione@bellunopress.it","publisher":{"@id":"https:\/\/www.bellunopress.it\/#organization"},"potentialAction":[{"@type":"SearchAction","target":{"@type":"EntryPoint","urlTemplate":"https:\/\/www.bellunopress.it\/?s={search_term_string}"},"query-input":{"@type":"PropertyValueSpecification","valueRequired":true,"valueName":"search_term_string"}}],"inLanguage":"fr-FR"},{"@type":"Organization","@id":"https:\/\/www.bellunopress.it\/#organization","name":"Bellunopress","url":"https:\/\/www.bellunopress.it\/","logo":{"@type":"ImageObject","inLanguage":"fr-FR","@id":"https:\/\/www.bellunopress.it\/#\/schema\/logo\/image\/","url":"https:\/\/www.bellunopress.it\/wp-content\/uploads\/2011\/05\/cropped-logo-bellunopress-.jpg","contentUrl":"https:\/\/www.bellunopress.it\/wp-content\/uploads\/2011\/05\/cropped-logo-bellunopress-.jpg","width":512,"height":512,"caption":"Bellunopress"},"image":{"@id":"https:\/\/www.bellunopress.it\/#\/schema\/logo\/image\/"},"sameAs":["https:\/\/www.facebook.com\/profile.php?id=100008943462799","https:\/\/x.com\/bellunopress","https:\/\/www.linkedin.com\/hp\/?dnr=JBzUWaJfMUw8vbXJJ2tVW5-I3jZKvC4wsoxE&amp;amp;amp;amp;amp;amp;trk=nav_responsive_tab_home","https:\/\/www.youtube.com\/channel\/UCxL0wu1uN0_3_7hGG0306cw"]},{"@type":"Person","@id":"https:\/\/www.bellunopress.it\/#\/schema\/person\/79bb06722b37ece1c03d3e94beb30d73","name":"r\u00e9daction","image":{"@type":"ImageObject","inLanguage":"fr-FR","@id":"https:\/\/secure.gravatar.com\/avatar\/37d968a2e67a6fd04c169c4bdef102d0bc5d31b2546345219e348575eb80e9a0?s=96&d=mm&r=g","url":"https:\/\/secure.gravatar.com\/avatar\/37d968a2e67a6fd04c169c4bdef102d0bc5d31b2546345219e348575eb80e9a0?s=96&d=mm&r=g","contentUrl":"https:\/\/secure.gravatar.com\/avatar\/37d968a2e67a6fd04c169c4bdef102d0bc5d31b2546345219e348575eb80e9a0?s=96&d=mm&r=g","caption":"redazione"},"sameAs":["http:\/\/www.bellunopress.it","https:\/\/x.com\/bellunopress"],"url":"https:\/\/www.bellunopress.it\/fr\/author\/redazione\/"}]}},"_links":{"self":[{"href":"https:\/\/www.bellunopress.it\/fr\/wp-json\/wp\/v2\/posts\/145264","targetHints":{"allow":["GET"]}}],"collection":[{"href":"https:\/\/www.bellunopress.it\/fr\/wp-json\/wp\/v2\/posts"}],"about":[{"href":"https:\/\/www.bellunopress.it\/fr\/wp-json\/wp\/v2\/types\/post"}],"author":[{"embeddable":true,"href":"https:\/\/www.bellunopress.it\/fr\/wp-json\/wp\/v2\/users\/2"}],"replies":[{"embeddable":true,"href":"https:\/\/www.bellunopress.it\/fr\/wp-json\/wp\/v2\/comments?post=145264"}],"version-history":[{"count":1,"href":"https:\/\/www.bellunopress.it\/fr\/wp-json\/wp\/v2\/posts\/145264\/revisions"}],"predecessor-version":[{"id":145265,"href":"https:\/\/www.bellunopress.it\/fr\/wp-json\/wp\/v2\/posts\/145264\/revisions\/145265"}],"wp:featuredmedia":[{"embeddable":true,"href":"https:\/\/www.bellunopress.it\/fr\/wp-json\/wp\/v2\/media\/128986"}],"wp:attachment":[{"href":"https:\/\/www.bellunopress.it\/fr\/wp-json\/wp\/v2\/media?parent=145264"}],"wp:term":[{"taxonomy":"category","embeddable":true,"href":"https:\/\/www.bellunopress.it\/fr\/wp-json\/wp\/v2\/categories?post=145264"},{"taxonomy":"post_tag","embeddable":true,"href":"https:\/\/www.bellunopress.it\/fr\/wp-json\/wp\/v2\/tags?post=145264"}],"curies":[{"name":"wp","href":"https:\/\/api.w.org\/{rel}","templated":true}]}}