{"id":145250,"date":"2023-10-23T16:20:16","date_gmt":"2023-10-23T14:20:16","guid":{"rendered":"https:\/\/www.bellunopress.it\/?p=145250"},"modified":"2023-10-23T16:20:16","modified_gmt":"2023-10-23T14:20:16","slug":"scambi-interculturali-sabato-a-lentiai-il-giovane-coro-ungherese-cantemus-boys-choir","status":"publish","type":"post","link":"https:\/\/www.bellunopress.it\/fr\/2023\/10\/23\/scambi-interculturali-sabato-a-lentiai-il-giovane-coro-ungherese-cantemus-boys-choir\/","title":{"rendered":"Scambi interculturali. Sabato a Lentiai il giovane coro ungherese Cantemus Boys Choir"},"content":{"rendered":"<p><img loading=\"lazy\" decoding=\"async\" class=\"alignleft size-full wp-image-145251\" src=\"https:\/\/www.bellunopress.it\/wp-content\/uploads\/2023\/10\/coro-Cantemus-Boys-Choit-dellUngheria_edited.jpg\" alt=\"\" width=\"1000\" height=\"485\" srcset=\"https:\/\/www.bellunopress.it\/wp-content\/uploads\/2023\/10\/coro-Cantemus-Boys-Choit-dellUngheria_edited.jpg 1000w, https:\/\/www.bellunopress.it\/wp-content\/uploads\/2023\/10\/coro-Cantemus-Boys-Choit-dellUngheria_edited-500x243.jpg 500w, https:\/\/www.bellunopress.it\/wp-content\/uploads\/2023\/10\/coro-Cantemus-Boys-Choit-dellUngheria_edited-696x338.jpg 696w\" sizes=\"auto, (max-width: 1000px) 100vw, 1000px\" \/>Borgo Valbelluna &#8211; sabato 28 ottobre ore 9:30 palestra delle scuole di Lentiai: l\u2019Istituto Comprensivo di Mel ospita il giovane coro ungherese Cantemus Boys Choir.<\/p>\n<p>Il territorio di Borgo Valbelluna vanta una decennale tradizione corale salda e solida, che si \u00e8 radicata anche nel contesto scolastico infatti, da un anno, l\u2019Istituto Comprensivo di Mel, che \u00e8 a indirizzo musicale, ha avviato con successo un proprio coro studentesco il cui percorso \u00e8 stato possibile grazie alla preziosa collaborazione del M\u00b0 Manolo Da Rold.<br \/>\nQuesto il motivo per cui l\u2019Istituto ha accolto con piacere, in un\u2019ottica di scambi interculturali e didattici internazionali, la proposta del direttore del Coro Polifonico di Trichiana M\u00b0 Paolo Gardenal, di ospitare sabato 28 ottobre a partire dalle 9:30, nella palestra di Lentiai, il giovane coro ungherese Cantemus Boys Choir diretto dal M\u00b0 Soma Szab\u00f3, proveniente dalla citt\u00e0 di Nyiregyh\u00e1za.<\/p>\n<p>Cantemus Boys Choir nasce nel 1975 come coro della scuola primaria \u201cZoltan Kodaly\u201d a Nyiregyhaza in Ungheria. Come altri cori scolastici, i membri pi\u00f9 anziani se ne vanno e nuovi membri si uniscono ogni anno come parte del normale progresso del sistema educativo.<br \/>\nNegli anni Cantemus \u00e8 diventato un coro speciale perch\u00e9 gli standard ed i successi che ha ottenuto gli hanno dato una reputazione nazionale ed internazionale. Da qui la creazione di altri due cori: il primo di questi, Pro Musica, \u00e8 stato formato per le ragazze pi\u00f9 grandi che lasciano il coro della scuola elementare; il pi\u00f9 recentemente, il Coro Misto Cantemus, \u00e8 stato istituito per voci sia maschili che femminili; entrambi hanno riscosso importanti riconoscimenti internazionali. Infine il sestetto vocale Banchieri \u00e8 formato da membri del coro e ha viaggiato molto, gareggiato con successo a livello internazionale e registranto numerosi CD.<\/p>\n<p>Durante la mattinata si esibir\u00e0 anche il giovane cantante giapponese Masashiro Tanuguchi.<br \/>\nDi origini giapponesi, vero talento, \u00e8 attivo come direttore di coro, cantante d&#8217;ensemble, direttore artistico e interprete\/traduttore. Ha iniziato a suonare il pianoforte all&#8217;et\u00e0 di 3 anni, a cantare in coro all&#8217;et\u00e0 di 13, a dirigere cori all&#8217;et\u00e0 di 17 anni e un&#8217;orchestra di mandolini all&#8217;et\u00e0 di 19. Il suo repertorio si concentra principalmente sulla musica rinascimentale, barocca, ortodossa, folcloristica e opere contemporanee.<br \/>\nChiuderanno questa mattinata intensa il coro dell\u2019Istituto Comprensivo e la classe seconda della secondaria di primo grado di Lentiai con lo spettacolo teatrale in lingua inglese \u201cSnow White and the Seven dwarfs\u201d.<\/p>\n<p>La sera, presso la Chiesa Arcipretale di Trichiana alle 20:30 il Coro Polifonico di Trichiana festegger\u00e0 con tutta la popolazione il quarantennale della sua fondazione con ospiti non solo il coro ungherese Cantemus Boys Choir e il cantante Masashiro Tanuguchi. ma anche la cantante Ines Cova\u010di\u0107 Dnrdi\u0107 e i Giovani Archi Bellunesi della Scuola Miari di Belluno diretti da Svetlana Pletneva.<\/p>","protected":false},"excerpt":{"rendered":"<p>Borgo Valbelluna &#8211; sabato 28 ottobre ore 9:30 palestra delle scuole di Lentiai: l\u2019Istituto Comprensivo di Mel ospita il giovane coro ungherese Cantemus Boys Choir. Il territorio di Borgo Valbelluna vanta una decennale tradizione corale salda e solida, che si \u00e8 radicata anche nel contesto scolastico infatti, da un anno, l\u2019Istituto Comprensivo di Mel, che [&hellip;]<\/p>\n","protected":false},"author":2,"featured_media":145251,"comment_status":"closed","ping_status":"open","sticky":false,"template":"","format":"standard","meta":{"footnotes":""},"categories":[27,25,15],"tags":[],"class_list":["post-145250","post","type-post","status-publish","format-standard","has-post-thumbnail","category-appuntamenti","category-pausa-caffe","category-scuola"],"yoast_head":"<!-- This site is optimized with the Yoast SEO plugin v28.4 - https:\/\/yoast.com\/product\/yoast-seo-wordpress\/ -->\n<title>Scambi interculturali. Sabato a Lentiai il giovane coro ungherese Cantemus Boys Choir - Bellunopress - Dolomiti<\/title>\n<meta name=\"robots\" content=\"index, follow, max-snippet:-1, max-image-preview:large, max-video-preview:-1\" \/>\n<link rel=\"canonical\" href=\"https:\/\/www.bellunopress.it\/fr\/2023\/10\/23\/scambi-interculturali-sabato-a-lentiai-il-giovane-coro-ungherese-cantemus-boys-choir\/\" \/>\n<meta property=\"og:locale\" content=\"fr_FR\" \/>\n<meta property=\"og:type\" content=\"article\" \/>\n<meta property=\"og:title\" content=\"Scambi interculturali. Sabato a Lentiai il giovane coro ungherese Cantemus Boys Choir - Bellunopress - Dolomiti\" \/>\n<meta property=\"og:description\" content=\"Borgo Valbelluna &#8211; sabato 28 ottobre ore 9:30 palestra delle scuole di Lentiai: l\u2019Istituto Comprensivo di Mel ospita il giovane coro ungherese Cantemus Boys Choir. Il territorio di Borgo Valbelluna vanta una decennale tradizione corale salda e solida, che si \u00e8 radicata anche nel contesto scolastico infatti, da un anno, l\u2019Istituto Comprensivo di Mel, che [&hellip;]\" \/>\n<meta property=\"og:url\" content=\"https:\/\/www.bellunopress.it\/fr\/2023\/10\/23\/scambi-interculturali-sabato-a-lentiai-il-giovane-coro-ungherese-cantemus-boys-choir\/\" \/>\n<meta property=\"og:site_name\" content=\"Bellunopress - Dolomiti\" \/>\n<meta property=\"article:publisher\" content=\"https:\/\/www.facebook.com\/profile.php?id=100008943462799\" \/>\n<meta property=\"article:published_time\" content=\"2023-10-23T14:20:16+00:00\" \/>\n<meta property=\"og:image\" content=\"https:\/\/www.bellunopress.it\/wp-content\/uploads\/2023\/10\/coro-Cantemus-Boys-Choit-dellUngheria_edited.jpg\" \/>\n\t<meta property=\"og:image:width\" content=\"1000\" \/>\n\t<meta property=\"og:image:height\" content=\"485\" \/>\n\t<meta property=\"og:image:type\" content=\"image\/jpeg\" \/>\n<meta name=\"author\" content=\"redazione\" \/>\n<meta name=\"twitter:card\" content=\"summary_large_image\" \/>\n<meta name=\"twitter:creator\" content=\"@bellunopress\" \/>\n<meta name=\"twitter:site\" content=\"@bellunopress\" \/>\n<meta name=\"twitter:label1\" content=\"\u00c9crit par\" \/>\n\t<meta name=\"twitter:data1\" content=\"redazione\" \/>\n\t<meta name=\"twitter:label2\" content=\"Dur\u00e9e de lecture estim\u00e9e\" \/>\n\t<meta name=\"twitter:data2\" content=\"2 minutes\" \/>\n<script type=\"application\/ld+json\" class=\"yoast-schema-graph\">{\"@context\":\"https:\\\/\\\/schema.org\",\"@graph\":[{\"@type\":\"Article\",\"@id\":\"https:\\\/\\\/www.bellunopress.it\\\/2023\\\/10\\\/23\\\/scambi-interculturali-sabato-a-lentiai-il-giovane-coro-ungherese-cantemus-boys-choir\\\/#article\",\"isPartOf\":{\"@id\":\"https:\\\/\\\/www.bellunopress.it\\\/2023\\\/10\\\/23\\\/scambi-interculturali-sabato-a-lentiai-il-giovane-coro-ungherese-cantemus-boys-choir\\\/\"},\"author\":{\"name\":\"redazione\",\"@id\":\"https:\\\/\\\/www.bellunopress.it\\\/#\\\/schema\\\/person\\\/79bb06722b37ece1c03d3e94beb30d73\"},\"headline\":\"Scambi interculturali. Sabato a Lentiai il giovane coro ungherese Cantemus Boys Choir\",\"datePublished\":\"2023-10-23T14:20:16+00:00\",\"mainEntityOfPage\":{\"@id\":\"https:\\\/\\\/www.bellunopress.it\\\/2023\\\/10\\\/23\\\/scambi-interculturali-sabato-a-lentiai-il-giovane-coro-ungherese-cantemus-boys-choir\\\/\"},\"wordCount\":462,\"publisher\":{\"@id\":\"https:\\\/\\\/www.bellunopress.it\\\/#organization\"},\"image\":{\"@id\":\"https:\\\/\\\/www.bellunopress.it\\\/2023\\\/10\\\/23\\\/scambi-interculturali-sabato-a-lentiai-il-giovane-coro-ungherese-cantemus-boys-choir\\\/#primaryimage\"},\"thumbnailUrl\":\"https:\\\/\\\/www.bellunopress.it\\\/wp-content\\\/uploads\\\/2023\\\/10\\\/coro-Cantemus-Boys-Choit-dellUngheria_edited.jpg\",\"articleSection\":[\"Appuntamenti, Eventi\",\"Pausa Caff\u00e8\",\"Scuola\"],\"inLanguage\":\"fr-FR\"},{\"@type\":\"WebPage\",\"@id\":\"https:\\\/\\\/www.bellunopress.it\\\/2023\\\/10\\\/23\\\/scambi-interculturali-sabato-a-lentiai-il-giovane-coro-ungherese-cantemus-boys-choir\\\/\",\"url\":\"https:\\\/\\\/www.bellunopress.it\\\/2023\\\/10\\\/23\\\/scambi-interculturali-sabato-a-lentiai-il-giovane-coro-ungherese-cantemus-boys-choir\\\/\",\"name\":\"Scambi interculturali. Sabato a Lentiai il giovane coro ungherese Cantemus Boys Choir - Bellunopress - Dolomiti\",\"isPartOf\":{\"@id\":\"https:\\\/\\\/www.bellunopress.it\\\/#website\"},\"primaryImageOfPage\":{\"@id\":\"https:\\\/\\\/www.bellunopress.it\\\/2023\\\/10\\\/23\\\/scambi-interculturali-sabato-a-lentiai-il-giovane-coro-ungherese-cantemus-boys-choir\\\/#primaryimage\"},\"image\":{\"@id\":\"https:\\\/\\\/www.bellunopress.it\\\/2023\\\/10\\\/23\\\/scambi-interculturali-sabato-a-lentiai-il-giovane-coro-ungherese-cantemus-boys-choir\\\/#primaryimage\"},\"thumbnailUrl\":\"https:\\\/\\\/www.bellunopress.it\\\/wp-content\\\/uploads\\\/2023\\\/10\\\/coro-Cantemus-Boys-Choit-dellUngheria_edited.jpg\",\"datePublished\":\"2023-10-23T14:20:16+00:00\",\"breadcrumb\":{\"@id\":\"https:\\\/\\\/www.bellunopress.it\\\/2023\\\/10\\\/23\\\/scambi-interculturali-sabato-a-lentiai-il-giovane-coro-ungherese-cantemus-boys-choir\\\/#breadcrumb\"},\"inLanguage\":\"fr-FR\",\"potentialAction\":[{\"@type\":\"ReadAction\",\"target\":[\"https:\\\/\\\/www.bellunopress.it\\\/2023\\\/10\\\/23\\\/scambi-interculturali-sabato-a-lentiai-il-giovane-coro-ungherese-cantemus-boys-choir\\\/\"]}]},{\"@type\":\"ImageObject\",\"inLanguage\":\"fr-FR\",\"@id\":\"https:\\\/\\\/www.bellunopress.it\\\/2023\\\/10\\\/23\\\/scambi-interculturali-sabato-a-lentiai-il-giovane-coro-ungherese-cantemus-boys-choir\\\/#primaryimage\",\"url\":\"https:\\\/\\\/www.bellunopress.it\\\/wp-content\\\/uploads\\\/2023\\\/10\\\/coro-Cantemus-Boys-Choit-dellUngheria_edited.jpg\",\"contentUrl\":\"https:\\\/\\\/www.bellunopress.it\\\/wp-content\\\/uploads\\\/2023\\\/10\\\/coro-Cantemus-Boys-Choit-dellUngheria_edited.jpg\",\"width\":1000,\"height\":485},{\"@type\":\"BreadcrumbList\",\"@id\":\"https:\\\/\\\/www.bellunopress.it\\\/2023\\\/10\\\/23\\\/scambi-interculturali-sabato-a-lentiai-il-giovane-coro-ungherese-cantemus-boys-choir\\\/#breadcrumb\",\"itemListElement\":[{\"@type\":\"ListItem\",\"position\":1,\"name\":\"Home\",\"item\":\"https:\\\/\\\/www.bellunopress.it\\\/\"},{\"@type\":\"ListItem\",\"position\":2,\"name\":\"Scambi interculturali. Sabato a Lentiai il giovane coro ungherese Cantemus Boys Choir\"}]},{\"@type\":\"WebSite\",\"@id\":\"https:\\\/\\\/www.bellunopress.it\\\/#website\",\"url\":\"https:\\\/\\\/www.bellunopress.it\\\/\",\"name\":\"Bellunopress - Dolomiti\",\"description\":\"e-mail: redazione@bellunopress.it\",\"publisher\":{\"@id\":\"https:\\\/\\\/www.bellunopress.it\\\/#organization\"},\"potentialAction\":[{\"@type\":\"SearchAction\",\"target\":{\"@type\":\"EntryPoint\",\"urlTemplate\":\"https:\\\/\\\/www.bellunopress.it\\\/?s={search_term_string}\"},\"query-input\":{\"@type\":\"PropertyValueSpecification\",\"valueRequired\":true,\"valueName\":\"search_term_string\"}}],\"inLanguage\":\"fr-FR\"},{\"@type\":\"Organization\",\"@id\":\"https:\\\/\\\/www.bellunopress.it\\\/#organization\",\"name\":\"Bellunopress\",\"url\":\"https:\\\/\\\/www.bellunopress.it\\\/\",\"logo\":{\"@type\":\"ImageObject\",\"inLanguage\":\"fr-FR\",\"@id\":\"https:\\\/\\\/www.bellunopress.it\\\/#\\\/schema\\\/logo\\\/image\\\/\",\"url\":\"https:\\\/\\\/www.bellunopress.it\\\/wp-content\\\/uploads\\\/2011\\\/05\\\/cropped-logo-bellunopress-.jpg\",\"contentUrl\":\"https:\\\/\\\/www.bellunopress.it\\\/wp-content\\\/uploads\\\/2011\\\/05\\\/cropped-logo-bellunopress-.jpg\",\"width\":512,\"height\":512,\"caption\":\"Bellunopress\"},\"image\":{\"@id\":\"https:\\\/\\\/www.bellunopress.it\\\/#\\\/schema\\\/logo\\\/image\\\/\"},\"sameAs\":[\"https:\\\/\\\/www.facebook.com\\\/profile.php?id=100008943462799\",\"https:\\\/\\\/x.com\\\/bellunopress\",\"https:\\\/\\\/www.linkedin.com\\\/hp\\\/?dnr=JBzUWaJfMUw8vbXJJ2tVW5-I3jZKvC4wsoxE&amp;amp;amp;amp;amp;amp;trk=nav_responsive_tab_home\",\"https:\\\/\\\/www.youtube.com\\\/channel\\\/UCxL0wu1uN0_3_7hGG0306cw\"]},{\"@type\":\"Person\",\"@id\":\"https:\\\/\\\/www.bellunopress.it\\\/#\\\/schema\\\/person\\\/79bb06722b37ece1c03d3e94beb30d73\",\"name\":\"redazione\",\"image\":{\"@type\":\"ImageObject\",\"inLanguage\":\"fr-FR\",\"@id\":\"https:\\\/\\\/secure.gravatar.com\\\/avatar\\\/37d968a2e67a6fd04c169c4bdef102d0bc5d31b2546345219e348575eb80e9a0?s=96&d=mm&r=g\",\"url\":\"https:\\\/\\\/secure.gravatar.com\\\/avatar\\\/37d968a2e67a6fd04c169c4bdef102d0bc5d31b2546345219e348575eb80e9a0?s=96&d=mm&r=g\",\"contentUrl\":\"https:\\\/\\\/secure.gravatar.com\\\/avatar\\\/37d968a2e67a6fd04c169c4bdef102d0bc5d31b2546345219e348575eb80e9a0?s=96&d=mm&r=g\",\"caption\":\"redazione\"},\"sameAs\":[\"http:\\\/\\\/www.bellunopress.it\",\"https:\\\/\\\/x.com\\\/bellunopress\"],\"url\":\"https:\\\/\\\/www.bellunopress.it\\\/fr\\\/author\\\/redazione\\\/\"}]}<\/script>\n<!-- \/ Yoast SEO plugin. -->","yoast_head_json":{"title":"Scambi interculturali. Sabato a Lentiai il giovane coro ungherese Cantemus Boys Choir - Bellunopress - Dolomiti","robots":{"index":"index","follow":"follow","max-snippet":"max-snippet:-1","max-image-preview":"max-image-preview:large","max-video-preview":"max-video-preview:-1"},"canonical":"https:\/\/www.bellunopress.it\/fr\/2023\/10\/23\/scambi-interculturali-sabato-a-lentiai-il-giovane-coro-ungherese-cantemus-boys-choir\/","og_locale":"fr_FR","og_type":"article","og_title":"Scambi interculturali. Sabato a Lentiai il giovane coro ungherese Cantemus Boys Choir - Bellunopress - Dolomiti","og_description":"Borgo Valbelluna &#8211; sabato 28 ottobre ore 9:30 palestra delle scuole di Lentiai: l\u2019Istituto Comprensivo di Mel ospita il giovane coro ungherese Cantemus Boys Choir. Il territorio di Borgo Valbelluna vanta una decennale tradizione corale salda e solida, che si \u00e8 radicata anche nel contesto scolastico infatti, da un anno, l\u2019Istituto Comprensivo di Mel, che [&hellip;]","og_url":"https:\/\/www.bellunopress.it\/fr\/2023\/10\/23\/scambi-interculturali-sabato-a-lentiai-il-giovane-coro-ungherese-cantemus-boys-choir\/","og_site_name":"Bellunopress - Dolomiti","article_publisher":"https:\/\/www.facebook.com\/profile.php?id=100008943462799","article_published_time":"2023-10-23T14:20:16+00:00","og_image":[{"width":1000,"height":485,"url":"https:\/\/www.bellunopress.it\/wp-content\/uploads\/2023\/10\/coro-Cantemus-Boys-Choit-dellUngheria_edited.jpg","type":"image\/jpeg"}],"author":"redazione","twitter_card":"summary_large_image","twitter_creator":"@bellunopress","twitter_site":"@bellunopress","twitter_misc":{"\u00c9crit par":"redazione","Dur\u00e9e de lecture estim\u00e9e":"2 minutes"},"schema":{"@context":"https:\/\/schema.org","@graph":[{"@type":"Article","@id":"https:\/\/www.bellunopress.it\/2023\/10\/23\/scambi-interculturali-sabato-a-lentiai-il-giovane-coro-ungherese-cantemus-boys-choir\/#article","isPartOf":{"@id":"https:\/\/www.bellunopress.it\/2023\/10\/23\/scambi-interculturali-sabato-a-lentiai-il-giovane-coro-ungherese-cantemus-boys-choir\/"},"author":{"name":"redazione","@id":"https:\/\/www.bellunopress.it\/#\/schema\/person\/79bb06722b37ece1c03d3e94beb30d73"},"headline":"Scambi interculturali. Sabato a Lentiai il giovane coro ungherese Cantemus Boys Choir","datePublished":"2023-10-23T14:20:16+00:00","mainEntityOfPage":{"@id":"https:\/\/www.bellunopress.it\/2023\/10\/23\/scambi-interculturali-sabato-a-lentiai-il-giovane-coro-ungherese-cantemus-boys-choir\/"},"wordCount":462,"publisher":{"@id":"https:\/\/www.bellunopress.it\/#organization"},"image":{"@id":"https:\/\/www.bellunopress.it\/2023\/10\/23\/scambi-interculturali-sabato-a-lentiai-il-giovane-coro-ungherese-cantemus-boys-choir\/#primaryimage"},"thumbnailUrl":"https:\/\/www.bellunopress.it\/wp-content\/uploads\/2023\/10\/coro-Cantemus-Boys-Choit-dellUngheria_edited.jpg","articleSection":["Appuntamenti, Eventi","Pausa Caff\u00e8","Scuola"],"inLanguage":"fr-FR"},{"@type":"WebPage","@id":"https:\/\/www.bellunopress.it\/2023\/10\/23\/scambi-interculturali-sabato-a-lentiai-il-giovane-coro-ungherese-cantemus-boys-choir\/","url":"https:\/\/www.bellunopress.it\/2023\/10\/23\/scambi-interculturali-sabato-a-lentiai-il-giovane-coro-ungherese-cantemus-boys-choir\/","name":"Scambi interculturali. Sabato a Lentiai il giovane coro ungherese Cantemus Boys Choir - Bellunopress - Dolomiti","isPartOf":{"@id":"https:\/\/www.bellunopress.it\/#website"},"primaryImageOfPage":{"@id":"https:\/\/www.bellunopress.it\/2023\/10\/23\/scambi-interculturali-sabato-a-lentiai-il-giovane-coro-ungherese-cantemus-boys-choir\/#primaryimage"},"image":{"@id":"https:\/\/www.bellunopress.it\/2023\/10\/23\/scambi-interculturali-sabato-a-lentiai-il-giovane-coro-ungherese-cantemus-boys-choir\/#primaryimage"},"thumbnailUrl":"https:\/\/www.bellunopress.it\/wp-content\/uploads\/2023\/10\/coro-Cantemus-Boys-Choit-dellUngheria_edited.jpg","datePublished":"2023-10-23T14:20:16+00:00","breadcrumb":{"@id":"https:\/\/www.bellunopress.it\/2023\/10\/23\/scambi-interculturali-sabato-a-lentiai-il-giovane-coro-ungherese-cantemus-boys-choir\/#breadcrumb"},"inLanguage":"fr-FR","potentialAction":[{"@type":"ReadAction","target":["https:\/\/www.bellunopress.it\/2023\/10\/23\/scambi-interculturali-sabato-a-lentiai-il-giovane-coro-ungherese-cantemus-boys-choir\/"]}]},{"@type":"ImageObject","inLanguage":"fr-FR","@id":"https:\/\/www.bellunopress.it\/2023\/10\/23\/scambi-interculturali-sabato-a-lentiai-il-giovane-coro-ungherese-cantemus-boys-choir\/#primaryimage","url":"https:\/\/www.bellunopress.it\/wp-content\/uploads\/2023\/10\/coro-Cantemus-Boys-Choit-dellUngheria_edited.jpg","contentUrl":"https:\/\/www.bellunopress.it\/wp-content\/uploads\/2023\/10\/coro-Cantemus-Boys-Choit-dellUngheria_edited.jpg","width":1000,"height":485},{"@type":"BreadcrumbList","@id":"https:\/\/www.bellunopress.it\/2023\/10\/23\/scambi-interculturali-sabato-a-lentiai-il-giovane-coro-ungherese-cantemus-boys-choir\/#breadcrumb","itemListElement":[{"@type":"ListItem","position":1,"name":"Home","item":"https:\/\/www.bellunopress.it\/"},{"@type":"ListItem","position":2,"name":"Scambi interculturali. Sabato a Lentiai il giovane coro ungherese Cantemus Boys Choir"}]},{"@type":"WebSite","@id":"https:\/\/www.bellunopress.it\/#website","url":"https:\/\/www.bellunopress.it\/","name":"Bellunopress - Dolomiti","description":"e-mail: redazione@bellunopress.it","publisher":{"@id":"https:\/\/www.bellunopress.it\/#organization"},"potentialAction":[{"@type":"SearchAction","target":{"@type":"EntryPoint","urlTemplate":"https:\/\/www.bellunopress.it\/?s={search_term_string}"},"query-input":{"@type":"PropertyValueSpecification","valueRequired":true,"valueName":"search_term_string"}}],"inLanguage":"fr-FR"},{"@type":"Organization","@id":"https:\/\/www.bellunopress.it\/#organization","name":"Bellunopress","url":"https:\/\/www.bellunopress.it\/","logo":{"@type":"ImageObject","inLanguage":"fr-FR","@id":"https:\/\/www.bellunopress.it\/#\/schema\/logo\/image\/","url":"https:\/\/www.bellunopress.it\/wp-content\/uploads\/2011\/05\/cropped-logo-bellunopress-.jpg","contentUrl":"https:\/\/www.bellunopress.it\/wp-content\/uploads\/2011\/05\/cropped-logo-bellunopress-.jpg","width":512,"height":512,"caption":"Bellunopress"},"image":{"@id":"https:\/\/www.bellunopress.it\/#\/schema\/logo\/image\/"},"sameAs":["https:\/\/www.facebook.com\/profile.php?id=100008943462799","https:\/\/x.com\/bellunopress","https:\/\/www.linkedin.com\/hp\/?dnr=JBzUWaJfMUw8vbXJJ2tVW5-I3jZKvC4wsoxE&amp;amp;amp;amp;amp;amp;trk=nav_responsive_tab_home","https:\/\/www.youtube.com\/channel\/UCxL0wu1uN0_3_7hGG0306cw"]},{"@type":"Person","@id":"https:\/\/www.bellunopress.it\/#\/schema\/person\/79bb06722b37ece1c03d3e94beb30d73","name":"r\u00e9daction","image":{"@type":"ImageObject","inLanguage":"fr-FR","@id":"https:\/\/secure.gravatar.com\/avatar\/37d968a2e67a6fd04c169c4bdef102d0bc5d31b2546345219e348575eb80e9a0?s=96&d=mm&r=g","url":"https:\/\/secure.gravatar.com\/avatar\/37d968a2e67a6fd04c169c4bdef102d0bc5d31b2546345219e348575eb80e9a0?s=96&d=mm&r=g","contentUrl":"https:\/\/secure.gravatar.com\/avatar\/37d968a2e67a6fd04c169c4bdef102d0bc5d31b2546345219e348575eb80e9a0?s=96&d=mm&r=g","caption":"redazione"},"sameAs":["http:\/\/www.bellunopress.it","https:\/\/x.com\/bellunopress"],"url":"https:\/\/www.bellunopress.it\/fr\/author\/redazione\/"}]}},"_links":{"self":[{"href":"https:\/\/www.bellunopress.it\/fr\/wp-json\/wp\/v2\/posts\/145250","targetHints":{"allow":["GET"]}}],"collection":[{"href":"https:\/\/www.bellunopress.it\/fr\/wp-json\/wp\/v2\/posts"}],"about":[{"href":"https:\/\/www.bellunopress.it\/fr\/wp-json\/wp\/v2\/types\/post"}],"author":[{"embeddable":true,"href":"https:\/\/www.bellunopress.it\/fr\/wp-json\/wp\/v2\/users\/2"}],"replies":[{"embeddable":true,"href":"https:\/\/www.bellunopress.it\/fr\/wp-json\/wp\/v2\/comments?post=145250"}],"version-history":[{"count":1,"href":"https:\/\/www.bellunopress.it\/fr\/wp-json\/wp\/v2\/posts\/145250\/revisions"}],"predecessor-version":[{"id":145252,"href":"https:\/\/www.bellunopress.it\/fr\/wp-json\/wp\/v2\/posts\/145250\/revisions\/145252"}],"wp:featuredmedia":[{"embeddable":true,"href":"https:\/\/www.bellunopress.it\/fr\/wp-json\/wp\/v2\/media\/145251"}],"wp:attachment":[{"href":"https:\/\/www.bellunopress.it\/fr\/wp-json\/wp\/v2\/media?parent=145250"}],"wp:term":[{"taxonomy":"category","embeddable":true,"href":"https:\/\/www.bellunopress.it\/fr\/wp-json\/wp\/v2\/categories?post=145250"},{"taxonomy":"post_tag","embeddable":true,"href":"https:\/\/www.bellunopress.it\/fr\/wp-json\/wp\/v2\/tags?post=145250"}],"curies":[{"name":"wp","href":"https:\/\/api.w.org\/{rel}","templated":true}]}}