{"id":145247,"date":"2023-10-23T15:45:06","date_gmt":"2023-10-23T13:45:06","guid":{"rendered":"https:\/\/www.bellunopress.it\/?p=145247"},"modified":"2023-10-23T15:45:06","modified_gmt":"2023-10-23T13:45:06","slug":"husqvarna-invita-i-professionisti-del-bosco-al-tester-in-cansiglio-delle-nuove-motoseghe","status":"publish","type":"post","link":"https:\/\/www.bellunopress.it\/fr\/2023\/10\/23\/husqvarna-invita-i-professionisti-del-bosco-al-tester-in-cansiglio-delle-nuove-motoseghe\/","title":{"rendered":"Husqvarna invita i professionisti del bosco al tester in Cansiglio delle nuove motoseghe"},"content":{"rendered":"<p><img loading=\"lazy\" decoding=\"async\" class=\"alignleft size-full wp-image-145248\" src=\"https:\/\/www.bellunopress.it\/wp-content\/uploads\/2023\/10\/Husqvarna_Moving-Experience_01_edited.jpg\" alt=\"\" width=\"1000\" height=\"665\" srcset=\"https:\/\/www.bellunopress.it\/wp-content\/uploads\/2023\/10\/Husqvarna_Moving-Experience_01_edited.jpg 1000w, https:\/\/www.bellunopress.it\/wp-content\/uploads\/2023\/10\/Husqvarna_Moving-Experience_01_edited-500x333.jpg 500w, https:\/\/www.bellunopress.it\/wp-content\/uploads\/2023\/10\/Husqvarna_Moving-Experience_01_edited-696x463.jpg 696w\" sizes=\"auto, (max-width: 1000px) 100vw, 1000px\" \/>Si terr\u00e0 gioved\u00ec 26 Ottobre, a Pian del Cansiglio \u201cA Moving Experience\u201d, workshop gratuito dedicato ai professionisti del bosco, operatori ed appassionati del settore, promosso da Husqvarna, il pi\u00f9 grande produttore al mondo di attrezzature per la cura di boschi, parchi e giardini.\u00a0\u201cA Moving Experience\u201d fa parte di una serie di incontri gratuiti ed aperti al pubblico durante i quali tutti gli interessati potranno ricevere consigli utili per il proprio lavoro grazie alla presenza di tecnici Husqvarna e di Formazione 3T, il Centro di formazione specializzato in arboricoltura, corsi forestali, tree climbing e sicurezza sul lavoro, con l\u2019obiettivo di migliorare l\u2019abilit\u00e0 nel taglio e nell\u2019affilatura.\u00a0Nel corso della giornata sar\u00e0 inoltre possibile iscriversi alla challenge per diventare tester di Husqvarna e ricevere una delle nuove motoseghe Husqvarna da testare e raccontare online attraverso i propri profili social.<\/p>\n<p>Con le nuove motoseghe 560 XP\u00ae Mark II e 562 XP\u00ae Mark II Husqvarna ha raggiunto oggi risultati sorprendenti, racchiudendo in un unico prodotto quanto pi\u00f9 si possa desiderare da un\u2019attrezzatura professionale: manovrabilit\u00e0, durata e capacit\u00e0 di taglio. Ad affiancare una maggiore maneggevolezza data da peso e compattezza significativamente ridotti, le nuove motoseghe Husqvarna presentano un design evoluto, il cui corpo risulta pi\u00f9 snello con l\u2019obiettivo di avvicinare l\u2019impugnatura al centro di gravit\u00e0 della macchina. Questo consente di utilizzare agevolmente il prodotto, rendendo il lavoro del professionista ancora pi\u00f9 pratico, confortevole e meno pesante. Tutto ci\u00f2 senza tralasciare la potenza di taglio, in grado di raggiungere risultati eccellenti.<\/p>\n<p>L\u2019evento \u00e8 gratuito e non \u00e8 richiesta l\u2019iscrizione.<br \/>\nSono previste due sessioni a scelta- mattina e pomeriggio: dalle ore 9:00 fino alle 11:30 e dalle ore 13:30 fino alle 16:00<br \/>\nMaggiori informazioni sull\u2019evento e sulle altre date sul sito:<br \/>\nhusqvarna.com\/it\/vivi-husqvarna\/a-moving-experience-ottobre-2023\/<\/p>\n<p>Husqvarna \u00e8 un marchio di Husqvarna Group, il pi\u00f9 grande produttore al mondo di attrezzature per la cura di boschi, parchi e giardini, tra cui motoseghe, decespugliatori, tagliaerba, trattorini, rider e robot tagliaerba.<br \/>\nI prodotti Husqvarna sono venduti in pi\u00f9 di 100 paesi, principalmente attraverso i Rivenditori Autorizzati.<br \/>\nIl Gruppo Husqvarna conta 14.000 dipendenti in tutto il mondo, pi\u00f9 di 3.200 brevetti, un fatturato netto annuale di 54 miliardi di corone svedesi e fino ad ora ha registrato una riduzione del 32% delle emissioni di CO2.<br \/>\nIn Italia il marchio Husqvarna \u00e8 distribuito da Fercad SPA, via Retrone 49, Altavilla Vicentina (VI). Husqvarna.it<\/p>\n<p>&nbsp;<\/p>","protected":false},"excerpt":{"rendered":"<p>Si terr\u00e0 gioved\u00ec 26 Ottobre, a Pian del Cansiglio \u201cA Moving Experience\u201d, workshop gratuito dedicato ai professionisti del bosco, operatori ed appassionati del settore, promosso da Husqvarna, il pi\u00f9 grande produttore al mondo di attrezzature per la cura di boschi, parchi e giardini.\u00a0\u201cA Moving Experience\u201d fa parte di una serie di incontri gratuiti ed aperti [&hellip;]<\/p>\n","protected":false},"author":2,"featured_media":145248,"comment_status":"closed","ping_status":"open","sticky":false,"template":"","format":"standard","meta":{"footnotes":""},"categories":[36,26,4],"tags":[],"class_list":["post-145247","post","type-post","status-publish","format-standard","has-post-thumbnail","category-lavoro-economia","category-prima-pagina","category-sport"],"yoast_head":"<!-- This site is optimized with the Yoast SEO plugin v28.4 - https:\/\/yoast.com\/product\/yoast-seo-wordpress\/ -->\n<title>Husqvarna invita i professionisti del bosco al tester in Cansiglio delle nuove motoseghe - Bellunopress - Dolomiti<\/title>\n<meta name=\"robots\" content=\"index, follow, max-snippet:-1, max-image-preview:large, max-video-preview:-1\" \/>\n<link rel=\"canonical\" href=\"https:\/\/www.bellunopress.it\/fr\/2023\/10\/23\/husqvarna-invita-i-professionisti-del-bosco-al-tester-in-cansiglio-delle-nuove-motoseghe\/\" \/>\n<meta property=\"og:locale\" content=\"fr_FR\" \/>\n<meta property=\"og:type\" content=\"article\" \/>\n<meta property=\"og:title\" content=\"Husqvarna invita i professionisti del bosco al tester in Cansiglio delle nuove motoseghe - Bellunopress - Dolomiti\" \/>\n<meta property=\"og:description\" content=\"Si terr\u00e0 gioved\u00ec 26 Ottobre, a Pian del Cansiglio \u201cA Moving Experience\u201d, workshop gratuito dedicato ai professionisti del bosco, operatori ed appassionati del settore, promosso da Husqvarna, il pi\u00f9 grande produttore al mondo di attrezzature per la cura di boschi, parchi e giardini.\u00a0\u201cA Moving Experience\u201d fa parte di una serie di incontri gratuiti ed aperti [&hellip;]\" \/>\n<meta property=\"og:url\" content=\"https:\/\/www.bellunopress.it\/fr\/2023\/10\/23\/husqvarna-invita-i-professionisti-del-bosco-al-tester-in-cansiglio-delle-nuove-motoseghe\/\" \/>\n<meta property=\"og:site_name\" content=\"Bellunopress - Dolomiti\" \/>\n<meta property=\"article:publisher\" content=\"https:\/\/www.facebook.com\/profile.php?id=100008943462799\" \/>\n<meta property=\"article:published_time\" content=\"2023-10-23T13:45:06+00:00\" \/>\n<meta property=\"og:image\" content=\"https:\/\/www.bellunopress.it\/wp-content\/uploads\/2023\/10\/Husqvarna_Moving-Experience_01_edited.jpg\" \/>\n\t<meta property=\"og:image:width\" content=\"1000\" \/>\n\t<meta property=\"og:image:height\" content=\"665\" \/>\n\t<meta property=\"og:image:type\" content=\"image\/jpeg\" \/>\n<meta name=\"author\" content=\"redazione\" \/>\n<meta name=\"twitter:card\" content=\"summary_large_image\" \/>\n<meta name=\"twitter:creator\" content=\"@bellunopress\" \/>\n<meta name=\"twitter:site\" content=\"@bellunopress\" \/>\n<meta name=\"twitter:label1\" content=\"Written by\" \/>\n\t<meta name=\"twitter:data1\" content=\"redazione\" \/>\n\t<meta name=\"twitter:label2\" content=\"Est. reading time\" \/>\n\t<meta name=\"twitter:data2\" content=\"2 minutes\" \/>\n<script type=\"application\/ld+json\" class=\"yoast-schema-graph\">{\"@context\":\"https:\\\/\\\/schema.org\",\"@graph\":[{\"@type\":\"Article\",\"@id\":\"https:\\\/\\\/www.bellunopress.it\\\/2023\\\/10\\\/23\\\/husqvarna-invita-i-professionisti-del-bosco-al-tester-in-cansiglio-delle-nuove-motoseghe\\\/#article\",\"isPartOf\":{\"@id\":\"https:\\\/\\\/www.bellunopress.it\\\/2023\\\/10\\\/23\\\/husqvarna-invita-i-professionisti-del-bosco-al-tester-in-cansiglio-delle-nuove-motoseghe\\\/\"},\"author\":{\"name\":\"redazione\",\"@id\":\"https:\\\/\\\/www.bellunopress.it\\\/#\\\/schema\\\/person\\\/79bb06722b37ece1c03d3e94beb30d73\"},\"headline\":\"Husqvarna invita i professionisti del bosco al tester in Cansiglio delle nuove motoseghe\",\"datePublished\":\"2023-10-23T13:45:06+00:00\",\"mainEntityOfPage\":{\"@id\":\"https:\\\/\\\/www.bellunopress.it\\\/2023\\\/10\\\/23\\\/husqvarna-invita-i-professionisti-del-bosco-al-tester-in-cansiglio-delle-nuove-motoseghe\\\/\"},\"wordCount\":400,\"publisher\":{\"@id\":\"https:\\\/\\\/www.bellunopress.it\\\/#organization\"},\"image\":{\"@id\":\"https:\\\/\\\/www.bellunopress.it\\\/2023\\\/10\\\/23\\\/husqvarna-invita-i-professionisti-del-bosco-al-tester-in-cansiglio-delle-nuove-motoseghe\\\/#primaryimage\"},\"thumbnailUrl\":\"https:\\\/\\\/www.bellunopress.it\\\/wp-content\\\/uploads\\\/2023\\\/10\\\/Husqvarna_Moving-Experience_01_edited.jpg\",\"articleSection\":[\"Lavoro, Economia, Turismo\",\"Prima Pagina\",\"Sport, tempo libero\"],\"inLanguage\":\"fr-FR\"},{\"@type\":\"WebPage\",\"@id\":\"https:\\\/\\\/www.bellunopress.it\\\/2023\\\/10\\\/23\\\/husqvarna-invita-i-professionisti-del-bosco-al-tester-in-cansiglio-delle-nuove-motoseghe\\\/\",\"url\":\"https:\\\/\\\/www.bellunopress.it\\\/2023\\\/10\\\/23\\\/husqvarna-invita-i-professionisti-del-bosco-al-tester-in-cansiglio-delle-nuove-motoseghe\\\/\",\"name\":\"Husqvarna invita i professionisti del bosco al tester in Cansiglio delle nuove motoseghe - Bellunopress - Dolomiti\",\"isPartOf\":{\"@id\":\"https:\\\/\\\/www.bellunopress.it\\\/#website\"},\"primaryImageOfPage\":{\"@id\":\"https:\\\/\\\/www.bellunopress.it\\\/2023\\\/10\\\/23\\\/husqvarna-invita-i-professionisti-del-bosco-al-tester-in-cansiglio-delle-nuove-motoseghe\\\/#primaryimage\"},\"image\":{\"@id\":\"https:\\\/\\\/www.bellunopress.it\\\/2023\\\/10\\\/23\\\/husqvarna-invita-i-professionisti-del-bosco-al-tester-in-cansiglio-delle-nuove-motoseghe\\\/#primaryimage\"},\"thumbnailUrl\":\"https:\\\/\\\/www.bellunopress.it\\\/wp-content\\\/uploads\\\/2023\\\/10\\\/Husqvarna_Moving-Experience_01_edited.jpg\",\"datePublished\":\"2023-10-23T13:45:06+00:00\",\"breadcrumb\":{\"@id\":\"https:\\\/\\\/www.bellunopress.it\\\/2023\\\/10\\\/23\\\/husqvarna-invita-i-professionisti-del-bosco-al-tester-in-cansiglio-delle-nuove-motoseghe\\\/#breadcrumb\"},\"inLanguage\":\"fr-FR\",\"potentialAction\":[{\"@type\":\"ReadAction\",\"target\":[\"https:\\\/\\\/www.bellunopress.it\\\/2023\\\/10\\\/23\\\/husqvarna-invita-i-professionisti-del-bosco-al-tester-in-cansiglio-delle-nuove-motoseghe\\\/\"]}]},{\"@type\":\"ImageObject\",\"inLanguage\":\"fr-FR\",\"@id\":\"https:\\\/\\\/www.bellunopress.it\\\/2023\\\/10\\\/23\\\/husqvarna-invita-i-professionisti-del-bosco-al-tester-in-cansiglio-delle-nuove-motoseghe\\\/#primaryimage\",\"url\":\"https:\\\/\\\/www.bellunopress.it\\\/wp-content\\\/uploads\\\/2023\\\/10\\\/Husqvarna_Moving-Experience_01_edited.jpg\",\"contentUrl\":\"https:\\\/\\\/www.bellunopress.it\\\/wp-content\\\/uploads\\\/2023\\\/10\\\/Husqvarna_Moving-Experience_01_edited.jpg\",\"width\":1000,\"height\":665},{\"@type\":\"BreadcrumbList\",\"@id\":\"https:\\\/\\\/www.bellunopress.it\\\/2023\\\/10\\\/23\\\/husqvarna-invita-i-professionisti-del-bosco-al-tester-in-cansiglio-delle-nuove-motoseghe\\\/#breadcrumb\",\"itemListElement\":[{\"@type\":\"ListItem\",\"position\":1,\"name\":\"Home\",\"item\":\"https:\\\/\\\/www.bellunopress.it\\\/\"},{\"@type\":\"ListItem\",\"position\":2,\"name\":\"Husqvarna invita i professionisti del bosco al tester in Cansiglio delle nuove motoseghe\"}]},{\"@type\":\"WebSite\",\"@id\":\"https:\\\/\\\/www.bellunopress.it\\\/#website\",\"url\":\"https:\\\/\\\/www.bellunopress.it\\\/\",\"name\":\"Bellunopress - Dolomiti\",\"description\":\"e-mail: redazione@bellunopress.it\",\"publisher\":{\"@id\":\"https:\\\/\\\/www.bellunopress.it\\\/#organization\"},\"potentialAction\":[{\"@type\":\"SearchAction\",\"target\":{\"@type\":\"EntryPoint\",\"urlTemplate\":\"https:\\\/\\\/www.bellunopress.it\\\/?s={search_term_string}\"},\"query-input\":{\"@type\":\"PropertyValueSpecification\",\"valueRequired\":true,\"valueName\":\"search_term_string\"}}],\"inLanguage\":\"fr-FR\"},{\"@type\":\"Organization\",\"@id\":\"https:\\\/\\\/www.bellunopress.it\\\/#organization\",\"name\":\"Bellunopress\",\"url\":\"https:\\\/\\\/www.bellunopress.it\\\/\",\"logo\":{\"@type\":\"ImageObject\",\"inLanguage\":\"fr-FR\",\"@id\":\"https:\\\/\\\/www.bellunopress.it\\\/#\\\/schema\\\/logo\\\/image\\\/\",\"url\":\"https:\\\/\\\/www.bellunopress.it\\\/wp-content\\\/uploads\\\/2011\\\/05\\\/cropped-logo-bellunopress-.jpg\",\"contentUrl\":\"https:\\\/\\\/www.bellunopress.it\\\/wp-content\\\/uploads\\\/2011\\\/05\\\/cropped-logo-bellunopress-.jpg\",\"width\":512,\"height\":512,\"caption\":\"Bellunopress\"},\"image\":{\"@id\":\"https:\\\/\\\/www.bellunopress.it\\\/#\\\/schema\\\/logo\\\/image\\\/\"},\"sameAs\":[\"https:\\\/\\\/www.facebook.com\\\/profile.php?id=100008943462799\",\"https:\\\/\\\/x.com\\\/bellunopress\",\"https:\\\/\\\/www.linkedin.com\\\/hp\\\/?dnr=JBzUWaJfMUw8vbXJJ2tVW5-I3jZKvC4wsoxE&amp;amp;amp;amp;amp;amp;trk=nav_responsive_tab_home\",\"https:\\\/\\\/www.youtube.com\\\/channel\\\/UCxL0wu1uN0_3_7hGG0306cw\"]},{\"@type\":\"Person\",\"@id\":\"https:\\\/\\\/www.bellunopress.it\\\/#\\\/schema\\\/person\\\/79bb06722b37ece1c03d3e94beb30d73\",\"name\":\"redazione\",\"image\":{\"@type\":\"ImageObject\",\"inLanguage\":\"fr-FR\",\"@id\":\"https:\\\/\\\/secure.gravatar.com\\\/avatar\\\/37d968a2e67a6fd04c169c4bdef102d0bc5d31b2546345219e348575eb80e9a0?s=96&d=mm&r=g\",\"url\":\"https:\\\/\\\/secure.gravatar.com\\\/avatar\\\/37d968a2e67a6fd04c169c4bdef102d0bc5d31b2546345219e348575eb80e9a0?s=96&d=mm&r=g\",\"contentUrl\":\"https:\\\/\\\/secure.gravatar.com\\\/avatar\\\/37d968a2e67a6fd04c169c4bdef102d0bc5d31b2546345219e348575eb80e9a0?s=96&d=mm&r=g\",\"caption\":\"redazione\"},\"sameAs\":[\"http:\\\/\\\/www.bellunopress.it\",\"https:\\\/\\\/x.com\\\/bellunopress\"],\"url\":\"https:\\\/\\\/www.bellunopress.it\\\/fr\\\/author\\\/redazione\\\/\"}]}<\/script>\n<!-- \/ Yoast SEO plugin. -->","yoast_head_json":{"title":"Husqvarna invita i professionisti del bosco al tester in Cansiglio delle nuove motoseghe - Bellunopress - Dolomiti","robots":{"index":"index","follow":"follow","max-snippet":"max-snippet:-1","max-image-preview":"max-image-preview:large","max-video-preview":"max-video-preview:-1"},"canonical":"https:\/\/www.bellunopress.it\/fr\/2023\/10\/23\/husqvarna-invita-i-professionisti-del-bosco-al-tester-in-cansiglio-delle-nuove-motoseghe\/","og_locale":"fr_FR","og_type":"article","og_title":"Husqvarna invita i professionisti del bosco al tester in Cansiglio delle nuove motoseghe - Bellunopress - Dolomiti","og_description":"Si terr\u00e0 gioved\u00ec 26 Ottobre, a Pian del Cansiglio \u201cA Moving Experience\u201d, workshop gratuito dedicato ai professionisti del bosco, operatori ed appassionati del settore, promosso da Husqvarna, il pi\u00f9 grande produttore al mondo di attrezzature per la cura di boschi, parchi e giardini.\u00a0\u201cA Moving Experience\u201d fa parte di una serie di incontri gratuiti ed aperti [&hellip;]","og_url":"https:\/\/www.bellunopress.it\/fr\/2023\/10\/23\/husqvarna-invita-i-professionisti-del-bosco-al-tester-in-cansiglio-delle-nuove-motoseghe\/","og_site_name":"Bellunopress - Dolomiti","article_publisher":"https:\/\/www.facebook.com\/profile.php?id=100008943462799","article_published_time":"2023-10-23T13:45:06+00:00","og_image":[{"width":1000,"height":665,"url":"https:\/\/www.bellunopress.it\/wp-content\/uploads\/2023\/10\/Husqvarna_Moving-Experience_01_edited.jpg","type":"image\/jpeg"}],"author":"redazione","twitter_card":"summary_large_image","twitter_creator":"@bellunopress","twitter_site":"@bellunopress","twitter_misc":{"Written by":"redazione","Est. reading time":"2 minutes"},"schema":{"@context":"https:\/\/schema.org","@graph":[{"@type":"Article","@id":"https:\/\/www.bellunopress.it\/2023\/10\/23\/husqvarna-invita-i-professionisti-del-bosco-al-tester-in-cansiglio-delle-nuove-motoseghe\/#article","isPartOf":{"@id":"https:\/\/www.bellunopress.it\/2023\/10\/23\/husqvarna-invita-i-professionisti-del-bosco-al-tester-in-cansiglio-delle-nuove-motoseghe\/"},"author":{"name":"redazione","@id":"https:\/\/www.bellunopress.it\/#\/schema\/person\/79bb06722b37ece1c03d3e94beb30d73"},"headline":"Husqvarna invita i professionisti del bosco al tester in Cansiglio delle nuove motoseghe","datePublished":"2023-10-23T13:45:06+00:00","mainEntityOfPage":{"@id":"https:\/\/www.bellunopress.it\/2023\/10\/23\/husqvarna-invita-i-professionisti-del-bosco-al-tester-in-cansiglio-delle-nuove-motoseghe\/"},"wordCount":400,"publisher":{"@id":"https:\/\/www.bellunopress.it\/#organization"},"image":{"@id":"https:\/\/www.bellunopress.it\/2023\/10\/23\/husqvarna-invita-i-professionisti-del-bosco-al-tester-in-cansiglio-delle-nuove-motoseghe\/#primaryimage"},"thumbnailUrl":"https:\/\/www.bellunopress.it\/wp-content\/uploads\/2023\/10\/Husqvarna_Moving-Experience_01_edited.jpg","articleSection":["Lavoro, Economia, Turismo","Prima Pagina","Sport, tempo libero"],"inLanguage":"fr-FR"},{"@type":"WebPage","@id":"https:\/\/www.bellunopress.it\/2023\/10\/23\/husqvarna-invita-i-professionisti-del-bosco-al-tester-in-cansiglio-delle-nuove-motoseghe\/","url":"https:\/\/www.bellunopress.it\/2023\/10\/23\/husqvarna-invita-i-professionisti-del-bosco-al-tester-in-cansiglio-delle-nuove-motoseghe\/","name":"Husqvarna invita i professionisti del bosco al tester in Cansiglio delle nuove motoseghe - Bellunopress - Dolomiti","isPartOf":{"@id":"https:\/\/www.bellunopress.it\/#website"},"primaryImageOfPage":{"@id":"https:\/\/www.bellunopress.it\/2023\/10\/23\/husqvarna-invita-i-professionisti-del-bosco-al-tester-in-cansiglio-delle-nuove-motoseghe\/#primaryimage"},"image":{"@id":"https:\/\/www.bellunopress.it\/2023\/10\/23\/husqvarna-invita-i-professionisti-del-bosco-al-tester-in-cansiglio-delle-nuove-motoseghe\/#primaryimage"},"thumbnailUrl":"https:\/\/www.bellunopress.it\/wp-content\/uploads\/2023\/10\/Husqvarna_Moving-Experience_01_edited.jpg","datePublished":"2023-10-23T13:45:06+00:00","breadcrumb":{"@id":"https:\/\/www.bellunopress.it\/2023\/10\/23\/husqvarna-invita-i-professionisti-del-bosco-al-tester-in-cansiglio-delle-nuove-motoseghe\/#breadcrumb"},"inLanguage":"fr-FR","potentialAction":[{"@type":"ReadAction","target":["https:\/\/www.bellunopress.it\/2023\/10\/23\/husqvarna-invita-i-professionisti-del-bosco-al-tester-in-cansiglio-delle-nuove-motoseghe\/"]}]},{"@type":"ImageObject","inLanguage":"fr-FR","@id":"https:\/\/www.bellunopress.it\/2023\/10\/23\/husqvarna-invita-i-professionisti-del-bosco-al-tester-in-cansiglio-delle-nuove-motoseghe\/#primaryimage","url":"https:\/\/www.bellunopress.it\/wp-content\/uploads\/2023\/10\/Husqvarna_Moving-Experience_01_edited.jpg","contentUrl":"https:\/\/www.bellunopress.it\/wp-content\/uploads\/2023\/10\/Husqvarna_Moving-Experience_01_edited.jpg","width":1000,"height":665},{"@type":"BreadcrumbList","@id":"https:\/\/www.bellunopress.it\/2023\/10\/23\/husqvarna-invita-i-professionisti-del-bosco-al-tester-in-cansiglio-delle-nuove-motoseghe\/#breadcrumb","itemListElement":[{"@type":"ListItem","position":1,"name":"Home","item":"https:\/\/www.bellunopress.it\/"},{"@type":"ListItem","position":2,"name":"Husqvarna invita i professionisti del bosco al tester in Cansiglio delle nuove motoseghe"}]},{"@type":"WebSite","@id":"https:\/\/www.bellunopress.it\/#website","url":"https:\/\/www.bellunopress.it\/","name":"Bellunopress - Dolomiti","description":"e-mail: redazione@bellunopress.it","publisher":{"@id":"https:\/\/www.bellunopress.it\/#organization"},"potentialAction":[{"@type":"SearchAction","target":{"@type":"EntryPoint","urlTemplate":"https:\/\/www.bellunopress.it\/?s={search_term_string}"},"query-input":{"@type":"PropertyValueSpecification","valueRequired":true,"valueName":"search_term_string"}}],"inLanguage":"fr-FR"},{"@type":"Organization","@id":"https:\/\/www.bellunopress.it\/#organization","name":"Bellunopress","url":"https:\/\/www.bellunopress.it\/","logo":{"@type":"ImageObject","inLanguage":"fr-FR","@id":"https:\/\/www.bellunopress.it\/#\/schema\/logo\/image\/","url":"https:\/\/www.bellunopress.it\/wp-content\/uploads\/2011\/05\/cropped-logo-bellunopress-.jpg","contentUrl":"https:\/\/www.bellunopress.it\/wp-content\/uploads\/2011\/05\/cropped-logo-bellunopress-.jpg","width":512,"height":512,"caption":"Bellunopress"},"image":{"@id":"https:\/\/www.bellunopress.it\/#\/schema\/logo\/image\/"},"sameAs":["https:\/\/www.facebook.com\/profile.php?id=100008943462799","https:\/\/x.com\/bellunopress","https:\/\/www.linkedin.com\/hp\/?dnr=JBzUWaJfMUw8vbXJJ2tVW5-I3jZKvC4wsoxE&amp;amp;amp;amp;amp;amp;trk=nav_responsive_tab_home","https:\/\/www.youtube.com\/channel\/UCxL0wu1uN0_3_7hGG0306cw"]},{"@type":"Person","@id":"https:\/\/www.bellunopress.it\/#\/schema\/person\/79bb06722b37ece1c03d3e94beb30d73","name":"r\u00e9daction","image":{"@type":"ImageObject","inLanguage":"fr-FR","@id":"https:\/\/secure.gravatar.com\/avatar\/37d968a2e67a6fd04c169c4bdef102d0bc5d31b2546345219e348575eb80e9a0?s=96&d=mm&r=g","url":"https:\/\/secure.gravatar.com\/avatar\/37d968a2e67a6fd04c169c4bdef102d0bc5d31b2546345219e348575eb80e9a0?s=96&d=mm&r=g","contentUrl":"https:\/\/secure.gravatar.com\/avatar\/37d968a2e67a6fd04c169c4bdef102d0bc5d31b2546345219e348575eb80e9a0?s=96&d=mm&r=g","caption":"redazione"},"sameAs":["http:\/\/www.bellunopress.it","https:\/\/x.com\/bellunopress"],"url":"https:\/\/www.bellunopress.it\/fr\/author\/redazione\/"}]}},"_links":{"self":[{"href":"https:\/\/www.bellunopress.it\/fr\/wp-json\/wp\/v2\/posts\/145247","targetHints":{"allow":["GET"]}}],"collection":[{"href":"https:\/\/www.bellunopress.it\/fr\/wp-json\/wp\/v2\/posts"}],"about":[{"href":"https:\/\/www.bellunopress.it\/fr\/wp-json\/wp\/v2\/types\/post"}],"author":[{"embeddable":true,"href":"https:\/\/www.bellunopress.it\/fr\/wp-json\/wp\/v2\/users\/2"}],"replies":[{"embeddable":true,"href":"https:\/\/www.bellunopress.it\/fr\/wp-json\/wp\/v2\/comments?post=145247"}],"version-history":[{"count":1,"href":"https:\/\/www.bellunopress.it\/fr\/wp-json\/wp\/v2\/posts\/145247\/revisions"}],"predecessor-version":[{"id":145249,"href":"https:\/\/www.bellunopress.it\/fr\/wp-json\/wp\/v2\/posts\/145247\/revisions\/145249"}],"wp:featuredmedia":[{"embeddable":true,"href":"https:\/\/www.bellunopress.it\/fr\/wp-json\/wp\/v2\/media\/145248"}],"wp:attachment":[{"href":"https:\/\/www.bellunopress.it\/fr\/wp-json\/wp\/v2\/media?parent=145247"}],"wp:term":[{"taxonomy":"category","embeddable":true,"href":"https:\/\/www.bellunopress.it\/fr\/wp-json\/wp\/v2\/categories?post=145247"},{"taxonomy":"post_tag","embeddable":true,"href":"https:\/\/www.bellunopress.it\/fr\/wp-json\/wp\/v2\/tags?post=145247"}],"curies":[{"name":"wp","href":"https:\/\/api.w.org\/{rel}","templated":true}]}}