{"id":145242,"date":"2023-10-23T10:55:20","date_gmt":"2023-10-23T08:55:20","guid":{"rendered":"https:\/\/www.bellunopress.it\/?p=145242"},"modified":"2023-10-23T10:55:20","modified_gmt":"2023-10-23T08:55:20","slug":"una-nuova-sala-polifunzionale-al-csa-testolini-di-limana","status":"publish","type":"post","link":"https:\/\/www.bellunopress.it\/fr\/2023\/10\/23\/una-nuova-sala-polifunzionale-al-csa-testolini-di-limana\/","title":{"rendered":"Una nuova sala polifunzionale al Csa &#8220;Testolini&#8221; di Limana"},"content":{"rendered":"<figure id=\"attachment_104940\" aria-describedby=\"caption-attachment-104940\" style=\"width: 243px\" class=\"wp-caption alignleft\"><img loading=\"lazy\" decoding=\"async\" class=\"size-full wp-image-104940\" src=\"https:\/\/www.bellunopress.it\/wp-content\/uploads\/2019\/05\/milena-de-zanet-sindaco-limana.jpg\" alt=\"\" width=\"243\" height=\"300\" \/><figcaption id=\"caption-attachment-104940\" class=\"wp-caption-text\">Milena De Zanet, sindaco di Limana<\/figcaption><\/figure>\n<p><strong>La Giunta ha approvato un progetto di 233.000\u20ac che permetter\u00e0 di realizzare una nuova veranda<\/strong><\/p>\n<p>Limana, 23 ottobre 2023 &#8211;\u00a0La Giunta Comunale di Limana ha approvato il progetto esecutivo dello stralcio funzionale dell&#8217;ampliamento del Centro per i Servizi all&#8217;Anziano &#8220;Ing. C. Testolini&#8221;, che consiste nella costruzione di un nuovo ambiente di soggiorno da realizzarsi lungo il corridoio a lato del refettorio del piano terra della struttura presso l&#8217;attuale cortile, redatto dall&#8217;arch. Alberto Lazzaretti per un importo totale dell&#8217;opera di 233.000 euro.<\/p>\n<p>&#8220;Si tratta di un primo stralcio di un&#8217;opera pi\u00f9 ampia del valore di quasi 600.000 euro&#8221; commenta il Sindaco di Limana Milena De Zanet. Stralcio per il quale la Societ\u00e0 Limana Servizi, che gestisce la struttura, \u00e8 beneficiaria di contributo pari a 67.000 \u20ac dalla Provincia di Belluno e di ulteriori due contributi concessi negli anni precedenti dal Consorzio Bim Piave per altri 23.250 \u20ac; mentre il resto della spesa sar\u00e0 coperto dall&#8217;ente con fondi propri&#8221;.<br \/>\n&#8220;L&#8217;avvento della pandemia ha fatto emergere nuovi bisogni presso la struttura, in parte gi\u00e0 noti&#8221; prosegue il Primo Cittadino. &#8220;In particolare si \u00e8 dimostrato fin da subito necessario creare nuovi ed ampi spazi di convivialit\u00e0 per gli ospiti e per l&#8217;incontro tra gli ospiti ed i familiari&#8221;.<\/p>\n<p>A dettagliare le caratteristiche dell&#8217;intervento interviene l&#8217;Assessore ai Lavori Pubblici Michela Rossato. &#8220;Il nuovo volume che andremo a realizzare&#8221; spiega &#8220;poggia sulla struttura esistente in adiacenza al giardino nello spiazzo dove solitamente, nella bella stagione, viene installato un tendone per le attivit\u00e0 degli ospiti. La veranda che costruiremo avr\u00e0 una superficie di circa 100 mq, ampie vetrate affacciate al giardino, ingressi autonomi e permetter\u00e0 di realizzare animazioni e attivit\u00e0 per tutto l&#8217;anno, senza essere vincolati al bel tempo. Col nuovo fabbricato garantiremo alti standard di qualit\u00e0 per la permanenza degli utenti grazie ad impianti di areazione e illuminazione moderni.&#8221;<\/p>\n<p>Ma l&#8217;Amministrazione guarda gi\u00e0 avanti. &#8220;La nuova struttura&#8221; spiega ancora Rossato &#8220;\u00e8 gi\u00e0 dimensionata e predisposta per consentire un suo ampliamento&#8221;.<br \/>\n&#8220;Infatti&#8221; continua il Sindaco &#8220;un&#8217;altra criticit\u00e0 venuta a galla durante il biennio 2020-2021 \u00e8 stata la contiguit\u00e0 tra gli spazi dedicati agli ospiti e quelli amministrativi degli uffici, ivi compreso l&#8217;ufficio dei servizi sociali che abbiamo dovuto traslocare presso il Municipio. Perci\u00f2 stiamo gi\u00e0 approfondendo come creare nuovi volumi per soddisfare le esigenze della struttura. Nel frattempo ci concentriamo sulla nuova veranda che verr\u00e0 conclusa durante l&#8217;estate 2024&#8221;.<\/p>","protected":false},"excerpt":{"rendered":"<p>La Giunta ha approvato un progetto di 233.000\u20ac che permetter\u00e0 di realizzare una nuova veranda Limana, 23 ottobre 2023 &#8211;\u00a0La Giunta Comunale di Limana ha approvato il progetto esecutivo dello stralcio funzionale dell&#8217;ampliamento del Centro per i Servizi all&#8217;Anziano &#8220;Ing. C. Testolini&#8221;, che consiste nella costruzione di un nuovo ambiente di soggiorno da realizzarsi lungo [&hellip;]<\/p>\n","protected":false},"author":2,"featured_media":104940,"comment_status":"closed","ping_status":"open","sticky":false,"template":"","format":"standard","meta":{"footnotes":""},"categories":[5,26,8],"tags":[],"class_list":["post-145242","post","type-post","status-publish","format-standard","has-post-thumbnail","category-cronaca","category-prima-pagina","category-societa-istituzioni"],"yoast_head":"<!-- This site is optimized with the Yoast SEO plugin v28.4 - https:\/\/yoast.com\/product\/yoast-seo-wordpress\/ -->\n<title>Una nuova sala polifunzionale al Csa &quot;Testolini&quot; di Limana - Bellunopress - Dolomiti<\/title>\n<meta name=\"robots\" content=\"index, follow, max-snippet:-1, max-image-preview:large, max-video-preview:-1\" \/>\n<link rel=\"canonical\" href=\"https:\/\/www.bellunopress.it\/fr\/2023\/10\/23\/una-nuova-sala-polifunzionale-al-csa-testolini-di-limana\/\" \/>\n<meta property=\"og:locale\" content=\"fr_FR\" \/>\n<meta property=\"og:type\" content=\"article\" \/>\n<meta property=\"og:title\" content=\"Una nuova sala polifunzionale al Csa &quot;Testolini&quot; di Limana - Bellunopress - Dolomiti\" \/>\n<meta property=\"og:description\" content=\"La Giunta ha approvato un progetto di 233.000\u20ac che permetter\u00e0 di realizzare una nuova veranda Limana, 23 ottobre 2023 &#8211;\u00a0La Giunta Comunale di Limana ha approvato il progetto esecutivo dello stralcio funzionale dell&#8217;ampliamento del Centro per i Servizi all&#8217;Anziano &#8220;Ing. C. Testolini&#8221;, che consiste nella costruzione di un nuovo ambiente di soggiorno da realizzarsi lungo [&hellip;]\" \/>\n<meta property=\"og:url\" content=\"https:\/\/www.bellunopress.it\/fr\/2023\/10\/23\/una-nuova-sala-polifunzionale-al-csa-testolini-di-limana\/\" \/>\n<meta property=\"og:site_name\" content=\"Bellunopress - Dolomiti\" \/>\n<meta property=\"article:publisher\" content=\"https:\/\/www.facebook.com\/profile.php?id=100008943462799\" \/>\n<meta property=\"article:published_time\" content=\"2023-10-23T08:55:20+00:00\" \/>\n<meta property=\"og:image\" content=\"https:\/\/www.bellunopress.it\/wp-content\/uploads\/2019\/05\/milena-de-zanet-sindaco-limana.jpg\" \/>\n\t<meta property=\"og:image:width\" content=\"243\" \/>\n\t<meta property=\"og:image:height\" content=\"300\" \/>\n\t<meta property=\"og:image:type\" content=\"image\/jpeg\" \/>\n<meta name=\"author\" content=\"redazione\" \/>\n<meta name=\"twitter:card\" content=\"summary_large_image\" \/>\n<meta name=\"twitter:creator\" content=\"@bellunopress\" \/>\n<meta name=\"twitter:site\" content=\"@bellunopress\" \/>\n<meta name=\"twitter:label1\" content=\"Written by\" \/>\n\t<meta name=\"twitter:data1\" content=\"redazione\" \/>\n\t<meta name=\"twitter:label2\" content=\"Est. reading time\" \/>\n\t<meta name=\"twitter:data2\" content=\"2 minutes\" \/>\n<script type=\"application\/ld+json\" class=\"yoast-schema-graph\">{\"@context\":\"https:\\\/\\\/schema.org\",\"@graph\":[{\"@type\":\"Article\",\"@id\":\"https:\\\/\\\/www.bellunopress.it\\\/2023\\\/10\\\/23\\\/una-nuova-sala-polifunzionale-al-csa-testolini-di-limana\\\/#article\",\"isPartOf\":{\"@id\":\"https:\\\/\\\/www.bellunopress.it\\\/2023\\\/10\\\/23\\\/una-nuova-sala-polifunzionale-al-csa-testolini-di-limana\\\/\"},\"author\":{\"name\":\"redazione\",\"@id\":\"https:\\\/\\\/www.bellunopress.it\\\/#\\\/schema\\\/person\\\/79bb06722b37ece1c03d3e94beb30d73\"},\"headline\":\"Una nuova sala polifunzionale al Csa &#8220;Testolini&#8221; di Limana\",\"datePublished\":\"2023-10-23T08:55:20+00:00\",\"mainEntityOfPage\":{\"@id\":\"https:\\\/\\\/www.bellunopress.it\\\/2023\\\/10\\\/23\\\/una-nuova-sala-polifunzionale-al-csa-testolini-di-limana\\\/\"},\"wordCount\":416,\"publisher\":{\"@id\":\"https:\\\/\\\/www.bellunopress.it\\\/#organization\"},\"image\":{\"@id\":\"https:\\\/\\\/www.bellunopress.it\\\/2023\\\/10\\\/23\\\/una-nuova-sala-polifunzionale-al-csa-testolini-di-limana\\\/#primaryimage\"},\"thumbnailUrl\":\"https:\\\/\\\/www.bellunopress.it\\\/wp-content\\\/uploads\\\/2019\\\/05\\\/milena-de-zanet-sindaco-limana.jpg\",\"articleSection\":[\"Cronaca\\\/Politica\",\"Prima Pagina\",\"Societ\u00e0, Associazioni, Istituzioni\"],\"inLanguage\":\"fr-FR\"},{\"@type\":\"WebPage\",\"@id\":\"https:\\\/\\\/www.bellunopress.it\\\/2023\\\/10\\\/23\\\/una-nuova-sala-polifunzionale-al-csa-testolini-di-limana\\\/\",\"url\":\"https:\\\/\\\/www.bellunopress.it\\\/2023\\\/10\\\/23\\\/una-nuova-sala-polifunzionale-al-csa-testolini-di-limana\\\/\",\"name\":\"Una nuova sala polifunzionale al Csa \\\"Testolini\\\" di Limana - Bellunopress - Dolomiti\",\"isPartOf\":{\"@id\":\"https:\\\/\\\/www.bellunopress.it\\\/#website\"},\"primaryImageOfPage\":{\"@id\":\"https:\\\/\\\/www.bellunopress.it\\\/2023\\\/10\\\/23\\\/una-nuova-sala-polifunzionale-al-csa-testolini-di-limana\\\/#primaryimage\"},\"image\":{\"@id\":\"https:\\\/\\\/www.bellunopress.it\\\/2023\\\/10\\\/23\\\/una-nuova-sala-polifunzionale-al-csa-testolini-di-limana\\\/#primaryimage\"},\"thumbnailUrl\":\"https:\\\/\\\/www.bellunopress.it\\\/wp-content\\\/uploads\\\/2019\\\/05\\\/milena-de-zanet-sindaco-limana.jpg\",\"datePublished\":\"2023-10-23T08:55:20+00:00\",\"breadcrumb\":{\"@id\":\"https:\\\/\\\/www.bellunopress.it\\\/2023\\\/10\\\/23\\\/una-nuova-sala-polifunzionale-al-csa-testolini-di-limana\\\/#breadcrumb\"},\"inLanguage\":\"fr-FR\",\"potentialAction\":[{\"@type\":\"ReadAction\",\"target\":[\"https:\\\/\\\/www.bellunopress.it\\\/2023\\\/10\\\/23\\\/una-nuova-sala-polifunzionale-al-csa-testolini-di-limana\\\/\"]}]},{\"@type\":\"ImageObject\",\"inLanguage\":\"fr-FR\",\"@id\":\"https:\\\/\\\/www.bellunopress.it\\\/2023\\\/10\\\/23\\\/una-nuova-sala-polifunzionale-al-csa-testolini-di-limana\\\/#primaryimage\",\"url\":\"https:\\\/\\\/www.bellunopress.it\\\/wp-content\\\/uploads\\\/2019\\\/05\\\/milena-de-zanet-sindaco-limana.jpg\",\"contentUrl\":\"https:\\\/\\\/www.bellunopress.it\\\/wp-content\\\/uploads\\\/2019\\\/05\\\/milena-de-zanet-sindaco-limana.jpg\",\"width\":243,\"height\":300,\"caption\":\"Milena De Zanet, capogruppo Oltre Limana\"},{\"@type\":\"BreadcrumbList\",\"@id\":\"https:\\\/\\\/www.bellunopress.it\\\/2023\\\/10\\\/23\\\/una-nuova-sala-polifunzionale-al-csa-testolini-di-limana\\\/#breadcrumb\",\"itemListElement\":[{\"@type\":\"ListItem\",\"position\":1,\"name\":\"Home\",\"item\":\"https:\\\/\\\/www.bellunopress.it\\\/\"},{\"@type\":\"ListItem\",\"position\":2,\"name\":\"Una nuova sala polifunzionale al Csa &#8220;Testolini&#8221; di Limana\"}]},{\"@type\":\"WebSite\",\"@id\":\"https:\\\/\\\/www.bellunopress.it\\\/#website\",\"url\":\"https:\\\/\\\/www.bellunopress.it\\\/\",\"name\":\"Bellunopress - Dolomiti\",\"description\":\"e-mail: redazione@bellunopress.it\",\"publisher\":{\"@id\":\"https:\\\/\\\/www.bellunopress.it\\\/#organization\"},\"potentialAction\":[{\"@type\":\"SearchAction\",\"target\":{\"@type\":\"EntryPoint\",\"urlTemplate\":\"https:\\\/\\\/www.bellunopress.it\\\/?s={search_term_string}\"},\"query-input\":{\"@type\":\"PropertyValueSpecification\",\"valueRequired\":true,\"valueName\":\"search_term_string\"}}],\"inLanguage\":\"fr-FR\"},{\"@type\":\"Organization\",\"@id\":\"https:\\\/\\\/www.bellunopress.it\\\/#organization\",\"name\":\"Bellunopress\",\"url\":\"https:\\\/\\\/www.bellunopress.it\\\/\",\"logo\":{\"@type\":\"ImageObject\",\"inLanguage\":\"fr-FR\",\"@id\":\"https:\\\/\\\/www.bellunopress.it\\\/#\\\/schema\\\/logo\\\/image\\\/\",\"url\":\"https:\\\/\\\/www.bellunopress.it\\\/wp-content\\\/uploads\\\/2011\\\/05\\\/cropped-logo-bellunopress-.jpg\",\"contentUrl\":\"https:\\\/\\\/www.bellunopress.it\\\/wp-content\\\/uploads\\\/2011\\\/05\\\/cropped-logo-bellunopress-.jpg\",\"width\":512,\"height\":512,\"caption\":\"Bellunopress\"},\"image\":{\"@id\":\"https:\\\/\\\/www.bellunopress.it\\\/#\\\/schema\\\/logo\\\/image\\\/\"},\"sameAs\":[\"https:\\\/\\\/www.facebook.com\\\/profile.php?id=100008943462799\",\"https:\\\/\\\/x.com\\\/bellunopress\",\"https:\\\/\\\/www.linkedin.com\\\/hp\\\/?dnr=JBzUWaJfMUw8vbXJJ2tVW5-I3jZKvC4wsoxE&amp;amp;amp;amp;amp;amp;trk=nav_responsive_tab_home\",\"https:\\\/\\\/www.youtube.com\\\/channel\\\/UCxL0wu1uN0_3_7hGG0306cw\"]},{\"@type\":\"Person\",\"@id\":\"https:\\\/\\\/www.bellunopress.it\\\/#\\\/schema\\\/person\\\/79bb06722b37ece1c03d3e94beb30d73\",\"name\":\"redazione\",\"image\":{\"@type\":\"ImageObject\",\"inLanguage\":\"fr-FR\",\"@id\":\"https:\\\/\\\/secure.gravatar.com\\\/avatar\\\/37d968a2e67a6fd04c169c4bdef102d0bc5d31b2546345219e348575eb80e9a0?s=96&d=mm&r=g\",\"url\":\"https:\\\/\\\/secure.gravatar.com\\\/avatar\\\/37d968a2e67a6fd04c169c4bdef102d0bc5d31b2546345219e348575eb80e9a0?s=96&d=mm&r=g\",\"contentUrl\":\"https:\\\/\\\/secure.gravatar.com\\\/avatar\\\/37d968a2e67a6fd04c169c4bdef102d0bc5d31b2546345219e348575eb80e9a0?s=96&d=mm&r=g\",\"caption\":\"redazione\"},\"sameAs\":[\"http:\\\/\\\/www.bellunopress.it\",\"https:\\\/\\\/x.com\\\/bellunopress\"],\"url\":\"https:\\\/\\\/www.bellunopress.it\\\/fr\\\/author\\\/redazione\\\/\"}]}<\/script>\n<!-- \/ Yoast SEO plugin. -->","yoast_head_json":{"title":"Una nuova sala polifunzionale al Csa \"Testolini\" di Limana - Bellunopress - Dolomiti","robots":{"index":"index","follow":"follow","max-snippet":"max-snippet:-1","max-image-preview":"max-image-preview:large","max-video-preview":"max-video-preview:-1"},"canonical":"https:\/\/www.bellunopress.it\/fr\/2023\/10\/23\/una-nuova-sala-polifunzionale-al-csa-testolini-di-limana\/","og_locale":"fr_FR","og_type":"article","og_title":"Una nuova sala polifunzionale al Csa \"Testolini\" di Limana - Bellunopress - Dolomiti","og_description":"La Giunta ha approvato un progetto di 233.000\u20ac che permetter\u00e0 di realizzare una nuova veranda Limana, 23 ottobre 2023 &#8211;\u00a0La Giunta Comunale di Limana ha approvato il progetto esecutivo dello stralcio funzionale dell&#8217;ampliamento del Centro per i Servizi all&#8217;Anziano &#8220;Ing. C. Testolini&#8221;, che consiste nella costruzione di un nuovo ambiente di soggiorno da realizzarsi lungo [&hellip;]","og_url":"https:\/\/www.bellunopress.it\/fr\/2023\/10\/23\/una-nuova-sala-polifunzionale-al-csa-testolini-di-limana\/","og_site_name":"Bellunopress - Dolomiti","article_publisher":"https:\/\/www.facebook.com\/profile.php?id=100008943462799","article_published_time":"2023-10-23T08:55:20+00:00","og_image":[{"width":243,"height":300,"url":"https:\/\/www.bellunopress.it\/wp-content\/uploads\/2019\/05\/milena-de-zanet-sindaco-limana.jpg","type":"image\/jpeg"}],"author":"redazione","twitter_card":"summary_large_image","twitter_creator":"@bellunopress","twitter_site":"@bellunopress","twitter_misc":{"Written by":"redazione","Est. reading time":"2 minutes"},"schema":{"@context":"https:\/\/schema.org","@graph":[{"@type":"Article","@id":"https:\/\/www.bellunopress.it\/2023\/10\/23\/una-nuova-sala-polifunzionale-al-csa-testolini-di-limana\/#article","isPartOf":{"@id":"https:\/\/www.bellunopress.it\/2023\/10\/23\/una-nuova-sala-polifunzionale-al-csa-testolini-di-limana\/"},"author":{"name":"redazione","@id":"https:\/\/www.bellunopress.it\/#\/schema\/person\/79bb06722b37ece1c03d3e94beb30d73"},"headline":"Una nuova sala polifunzionale al Csa &#8220;Testolini&#8221; di Limana","datePublished":"2023-10-23T08:55:20+00:00","mainEntityOfPage":{"@id":"https:\/\/www.bellunopress.it\/2023\/10\/23\/una-nuova-sala-polifunzionale-al-csa-testolini-di-limana\/"},"wordCount":416,"publisher":{"@id":"https:\/\/www.bellunopress.it\/#organization"},"image":{"@id":"https:\/\/www.bellunopress.it\/2023\/10\/23\/una-nuova-sala-polifunzionale-al-csa-testolini-di-limana\/#primaryimage"},"thumbnailUrl":"https:\/\/www.bellunopress.it\/wp-content\/uploads\/2019\/05\/milena-de-zanet-sindaco-limana.jpg","articleSection":["Cronaca\/Politica","Prima Pagina","Societ\u00e0, Associazioni, Istituzioni"],"inLanguage":"fr-FR"},{"@type":"WebPage","@id":"https:\/\/www.bellunopress.it\/2023\/10\/23\/una-nuova-sala-polifunzionale-al-csa-testolini-di-limana\/","url":"https:\/\/www.bellunopress.it\/2023\/10\/23\/una-nuova-sala-polifunzionale-al-csa-testolini-di-limana\/","name":"Una nuova sala polifunzionale al Csa \"Testolini\" di Limana - Bellunopress - Dolomiti","isPartOf":{"@id":"https:\/\/www.bellunopress.it\/#website"},"primaryImageOfPage":{"@id":"https:\/\/www.bellunopress.it\/2023\/10\/23\/una-nuova-sala-polifunzionale-al-csa-testolini-di-limana\/#primaryimage"},"image":{"@id":"https:\/\/www.bellunopress.it\/2023\/10\/23\/una-nuova-sala-polifunzionale-al-csa-testolini-di-limana\/#primaryimage"},"thumbnailUrl":"https:\/\/www.bellunopress.it\/wp-content\/uploads\/2019\/05\/milena-de-zanet-sindaco-limana.jpg","datePublished":"2023-10-23T08:55:20+00:00","breadcrumb":{"@id":"https:\/\/www.bellunopress.it\/2023\/10\/23\/una-nuova-sala-polifunzionale-al-csa-testolini-di-limana\/#breadcrumb"},"inLanguage":"fr-FR","potentialAction":[{"@type":"ReadAction","target":["https:\/\/www.bellunopress.it\/2023\/10\/23\/una-nuova-sala-polifunzionale-al-csa-testolini-di-limana\/"]}]},{"@type":"ImageObject","inLanguage":"fr-FR","@id":"https:\/\/www.bellunopress.it\/2023\/10\/23\/una-nuova-sala-polifunzionale-al-csa-testolini-di-limana\/#primaryimage","url":"https:\/\/www.bellunopress.it\/wp-content\/uploads\/2019\/05\/milena-de-zanet-sindaco-limana.jpg","contentUrl":"https:\/\/www.bellunopress.it\/wp-content\/uploads\/2019\/05\/milena-de-zanet-sindaco-limana.jpg","width":243,"height":300,"caption":"Milena De Zanet, capogruppo Oltre Limana"},{"@type":"BreadcrumbList","@id":"https:\/\/www.bellunopress.it\/2023\/10\/23\/una-nuova-sala-polifunzionale-al-csa-testolini-di-limana\/#breadcrumb","itemListElement":[{"@type":"ListItem","position":1,"name":"Home","item":"https:\/\/www.bellunopress.it\/"},{"@type":"ListItem","position":2,"name":"Una nuova sala polifunzionale al Csa &#8220;Testolini&#8221; di Limana"}]},{"@type":"WebSite","@id":"https:\/\/www.bellunopress.it\/#website","url":"https:\/\/www.bellunopress.it\/","name":"Bellunopress - Dolomiti","description":"e-mail: redazione@bellunopress.it","publisher":{"@id":"https:\/\/www.bellunopress.it\/#organization"},"potentialAction":[{"@type":"SearchAction","target":{"@type":"EntryPoint","urlTemplate":"https:\/\/www.bellunopress.it\/?s={search_term_string}"},"query-input":{"@type":"PropertyValueSpecification","valueRequired":true,"valueName":"search_term_string"}}],"inLanguage":"fr-FR"},{"@type":"Organization","@id":"https:\/\/www.bellunopress.it\/#organization","name":"Bellunopress","url":"https:\/\/www.bellunopress.it\/","logo":{"@type":"ImageObject","inLanguage":"fr-FR","@id":"https:\/\/www.bellunopress.it\/#\/schema\/logo\/image\/","url":"https:\/\/www.bellunopress.it\/wp-content\/uploads\/2011\/05\/cropped-logo-bellunopress-.jpg","contentUrl":"https:\/\/www.bellunopress.it\/wp-content\/uploads\/2011\/05\/cropped-logo-bellunopress-.jpg","width":512,"height":512,"caption":"Bellunopress"},"image":{"@id":"https:\/\/www.bellunopress.it\/#\/schema\/logo\/image\/"},"sameAs":["https:\/\/www.facebook.com\/profile.php?id=100008943462799","https:\/\/x.com\/bellunopress","https:\/\/www.linkedin.com\/hp\/?dnr=JBzUWaJfMUw8vbXJJ2tVW5-I3jZKvC4wsoxE&amp;amp;amp;amp;amp;amp;trk=nav_responsive_tab_home","https:\/\/www.youtube.com\/channel\/UCxL0wu1uN0_3_7hGG0306cw"]},{"@type":"Person","@id":"https:\/\/www.bellunopress.it\/#\/schema\/person\/79bb06722b37ece1c03d3e94beb30d73","name":"r\u00e9daction","image":{"@type":"ImageObject","inLanguage":"fr-FR","@id":"https:\/\/secure.gravatar.com\/avatar\/37d968a2e67a6fd04c169c4bdef102d0bc5d31b2546345219e348575eb80e9a0?s=96&d=mm&r=g","url":"https:\/\/secure.gravatar.com\/avatar\/37d968a2e67a6fd04c169c4bdef102d0bc5d31b2546345219e348575eb80e9a0?s=96&d=mm&r=g","contentUrl":"https:\/\/secure.gravatar.com\/avatar\/37d968a2e67a6fd04c169c4bdef102d0bc5d31b2546345219e348575eb80e9a0?s=96&d=mm&r=g","caption":"redazione"},"sameAs":["http:\/\/www.bellunopress.it","https:\/\/x.com\/bellunopress"],"url":"https:\/\/www.bellunopress.it\/fr\/author\/redazione\/"}]}},"_links":{"self":[{"href":"https:\/\/www.bellunopress.it\/fr\/wp-json\/wp\/v2\/posts\/145242","targetHints":{"allow":["GET"]}}],"collection":[{"href":"https:\/\/www.bellunopress.it\/fr\/wp-json\/wp\/v2\/posts"}],"about":[{"href":"https:\/\/www.bellunopress.it\/fr\/wp-json\/wp\/v2\/types\/post"}],"author":[{"embeddable":true,"href":"https:\/\/www.bellunopress.it\/fr\/wp-json\/wp\/v2\/users\/2"}],"replies":[{"embeddable":true,"href":"https:\/\/www.bellunopress.it\/fr\/wp-json\/wp\/v2\/comments?post=145242"}],"version-history":[{"count":1,"href":"https:\/\/www.bellunopress.it\/fr\/wp-json\/wp\/v2\/posts\/145242\/revisions"}],"predecessor-version":[{"id":145243,"href":"https:\/\/www.bellunopress.it\/fr\/wp-json\/wp\/v2\/posts\/145242\/revisions\/145243"}],"wp:featuredmedia":[{"embeddable":true,"href":"https:\/\/www.bellunopress.it\/fr\/wp-json\/wp\/v2\/media\/104940"}],"wp:attachment":[{"href":"https:\/\/www.bellunopress.it\/fr\/wp-json\/wp\/v2\/media?parent=145242"}],"wp:term":[{"taxonomy":"category","embeddable":true,"href":"https:\/\/www.bellunopress.it\/fr\/wp-json\/wp\/v2\/categories?post=145242"},{"taxonomy":"post_tag","embeddable":true,"href":"https:\/\/www.bellunopress.it\/fr\/wp-json\/wp\/v2\/tags?post=145242"}],"curies":[{"name":"wp","href":"https:\/\/api.w.org\/{rel}","templated":true}]}}