{"id":145240,"date":"2023-10-23T10:17:01","date_gmt":"2023-10-23T08:17:01","guid":{"rendered":"https:\/\/www.bellunopress.it\/?p=145240"},"modified":"2023-10-23T10:17:01","modified_gmt":"2023-10-23T08:17:01","slug":"sanita-bellunese-partecipato-incontro-in-sala-sassoli-in-vista-della-manifestazione-di-sabato-28","status":"publish","type":"post","link":"https:\/\/www.bellunopress.it\/fr\/2023\/10\/23\/sanita-bellunese-partecipato-incontro-in-sala-sassoli-in-vista-della-manifestazione-di-sabato-28\/","title":{"rendered":"Sanit\u00e0 bellunese. Partecipato incontro in sala &#8220;Sassoli&#8221; in vista della manifestazione di sabato 28"},"content":{"rendered":"<figure id=\"attachment_139001\" aria-describedby=\"caption-attachment-139001\" style=\"width: 500px\" class=\"wp-caption alignleft\"><img loading=\"lazy\" decoding=\"async\" class=\"size-full wp-image-139001\" src=\"https:\/\/www.bellunopress.it\/wp-content\/uploads\/2023\/01\/Denise_Casanova.jpg\" alt=\"\" width=\"500\" height=\"700\" srcset=\"https:\/\/www.bellunopress.it\/wp-content\/uploads\/2023\/01\/Denise_Casanova.jpg 500w, https:\/\/www.bellunopress.it\/wp-content\/uploads\/2023\/01\/Denise_Casanova-357x500.jpg 357w, https:\/\/www.bellunopress.it\/wp-content\/uploads\/2023\/01\/Denise_Casanova-300x420.jpg 300w\" sizes=\"auto, (max-width: 500px) 100vw, 500px\" \/><figcaption id=\"caption-attachment-139001\" class=\"wp-caption-text\">Denise Casanova<\/figcaption><\/figure>\n<p>Grande adesione all&#8217;incontro di sabato scorso sulla situazione della sanit\u00e0 bellunese, nella sala &#8220;David Sassoli&#8221; all&#8217;ex Casa Rossa di Ponte nelle Alpi. Vi hanno aderito sindaci, amministrazioni comunali, sindacati, comitati di cittadini, personale socio-sanitario e tanti cittadini provenienti da vari angoli della provincia, oltre all&#8217;associazione &#8220;Libera&#8221; di don Ciotti con i propri rappresentanti.<\/p>\n<p>Il titolo dell&#8217;assemblea? &#8220;Gi\u00f9 le mani dalla sanit\u00e0 pubblica&#8221;. Sono intervenuti Doriano Lavina e Oriana Zaltron del Coordinamento Veneto Sanit\u00e0 Pubblica, il consigliere comunale di Schio (Vicenza) Carlo Cunegato e Paolo De Marchi per i sindacati della sanit\u00e0.<\/p>\n<p>\u00abIl dottor Dal Ben, commissario Ulss, ci indichi qual \u00e8 la linea dell&#8217;azienda per il nostro territorio &#8211; ha detto Denise Casanova per la Cgil provinciale &#8211; quali risposte vengono date per la salvaguardia della sanit\u00e0 pubblica e il diritto alla salute degli abitanti\u00bb.<\/p>\n<p>I tagli indiscriminati fatti a livello governativo e la sempre maggiore prevalenza della sanit\u00e0 privata su quella pubblica stanno facendo esplodere l&#8217;abbandono di moltissime posizioni lavorative tra medici, professionisti sanitari e socio-sanitari. Le case di riposo faticano a garantire gli standard di assistenza, mentre la neuropsichiatria infantile di Belluno \u00e8 in grave difficolt\u00e0 di personale con 200 cartelle di casi ferme e con i ragazzi nelle scuole che devono avere certificazioni di sostegno. In pi\u00f9, l&#8217;andamento demografico del Bellunese, se non adeguatamente governato e corretto, produrr\u00e0 nei prossimi anni un rapidissimo peggioramento della situazione, considerato l&#8217;invecchiamento della popolazione.<\/p>\n<p>In provincia mancano 250 professionisti, almeno 40 infermieri e 45 medici di medicina generale, mentre il Pronto soccorso di Belluno e molti altri servizi presentano evidenti criticit\u00e0. Chiudono ambulatori dei medici di base, i redditi bassi o medio bassi stanno generando l&#8217;abbandono di molte posizioni di ospitalit\u00e0 e degenza nella case di riposo. Insomma, \u00e8 urgente avere medici, infermieri, personale formato e valorizzato: oltre all&#8217;adeguato salario, vanno poi riconosciuti i diritti di progressione di carriera.<\/p>\n<p>Rafforzare l&#8217;assistenza territoriale, rivedere l&#8217;organizzazione della medicina generale e della pediatria, mettere in sicurezza gli ospedali a partire dai Pronto soccorso e dall&#8217;Emergenza-Urgenza, difendere e sviluppare le eccellenze, creare condizioni per una maggior attrattivit\u00e0 del territorio attraverso edilizia agevolata, servizi, infrastrutture: tutto questo \u00e8 ormai prioritario. Servono risorse e azioni legislative concrete e decise da parte di Regione e Governo. \u00abL&#8217;invito \u00e8 per sabato 28 ottobre, alle ore 14.30, a Belluno, per la manifestazione regionale in difesa della sanit\u00e0 pubblica\u00bb.<\/p>","protected":false},"excerpt":{"rendered":"<p>Grande adesione all&#8217;incontro di sabato scorso sulla situazione della sanit\u00e0 bellunese, nella sala &#8220;David Sassoli&#8221; all&#8217;ex Casa Rossa di Ponte nelle Alpi. Vi hanno aderito sindaci, amministrazioni comunali, sindacati, comitati di cittadini, personale socio-sanitario e tanti cittadini provenienti da vari angoli della provincia, oltre all&#8217;associazione &#8220;Libera&#8221; di don Ciotti con i propri rappresentanti. Il titolo [&hellip;]<\/p>\n","protected":false},"author":2,"featured_media":139001,"comment_status":"closed","ping_status":"open","sticky":false,"template":"","format":"standard","meta":{"footnotes":""},"categories":[26,17],"tags":[],"class_list":["post-145240","post","type-post","status-publish","format-standard","has-post-thumbnail","category-prima-pagina","category-sanita"],"yoast_head":"<!-- This site is optimized with the Yoast SEO plugin v28.4 - https:\/\/yoast.com\/product\/yoast-seo-wordpress\/ -->\n<title>Sanit\u00e0 bellunese. Partecipato incontro in sala &quot;Sassoli&quot; in vista della manifestazione di sabato 28 - Bellunopress - Dolomiti<\/title>\n<meta name=\"robots\" content=\"index, follow, max-snippet:-1, max-image-preview:large, max-video-preview:-1\" \/>\n<link rel=\"canonical\" href=\"https:\/\/www.bellunopress.it\/fr\/2023\/10\/23\/sanita-bellunese-partecipato-incontro-in-sala-sassoli-in-vista-della-manifestazione-di-sabato-28\/\" \/>\n<meta property=\"og:locale\" content=\"fr_FR\" \/>\n<meta property=\"og:type\" content=\"article\" \/>\n<meta property=\"og:title\" content=\"Sanit\u00e0 bellunese. Partecipato incontro in sala &quot;Sassoli&quot; in vista della manifestazione di sabato 28 - Bellunopress - Dolomiti\" \/>\n<meta property=\"og:description\" content=\"Grande adesione all&#8217;incontro di sabato scorso sulla situazione della sanit\u00e0 bellunese, nella sala &#8220;David Sassoli&#8221; all&#8217;ex Casa Rossa di Ponte nelle Alpi. Vi hanno aderito sindaci, amministrazioni comunali, sindacati, comitati di cittadini, personale socio-sanitario e tanti cittadini provenienti da vari angoli della provincia, oltre all&#8217;associazione &#8220;Libera&#8221; di don Ciotti con i propri rappresentanti. Il titolo [&hellip;]\" \/>\n<meta property=\"og:url\" content=\"https:\/\/www.bellunopress.it\/fr\/2023\/10\/23\/sanita-bellunese-partecipato-incontro-in-sala-sassoli-in-vista-della-manifestazione-di-sabato-28\/\" \/>\n<meta property=\"og:site_name\" content=\"Bellunopress - Dolomiti\" \/>\n<meta property=\"article:publisher\" content=\"https:\/\/www.facebook.com\/profile.php?id=100008943462799\" \/>\n<meta property=\"article:published_time\" content=\"2023-10-23T08:17:01+00:00\" \/>\n<meta property=\"og:image\" content=\"https:\/\/www.bellunopress.it\/wp-content\/uploads\/2023\/01\/Denise_Casanova.jpg\" \/>\n\t<meta property=\"og:image:width\" content=\"500\" \/>\n\t<meta property=\"og:image:height\" content=\"700\" \/>\n\t<meta property=\"og:image:type\" content=\"image\/jpeg\" \/>\n<meta name=\"author\" content=\"redazione\" \/>\n<meta name=\"twitter:card\" content=\"summary_large_image\" \/>\n<meta name=\"twitter:creator\" content=\"@bellunopress\" \/>\n<meta name=\"twitter:site\" content=\"@bellunopress\" \/>\n<meta name=\"twitter:label1\" content=\"Written by\" \/>\n\t<meta name=\"twitter:data1\" content=\"redazione\" \/>\n\t<meta name=\"twitter:label2\" content=\"Est. reading time\" \/>\n\t<meta name=\"twitter:data2\" content=\"2 minutes\" \/>\n<script type=\"application\/ld+json\" class=\"yoast-schema-graph\">{\"@context\":\"https:\\\/\\\/schema.org\",\"@graph\":[{\"@type\":\"Article\",\"@id\":\"https:\\\/\\\/www.bellunopress.it\\\/2023\\\/10\\\/23\\\/sanita-bellunese-partecipato-incontro-in-sala-sassoli-in-vista-della-manifestazione-di-sabato-28\\\/#article\",\"isPartOf\":{\"@id\":\"https:\\\/\\\/www.bellunopress.it\\\/2023\\\/10\\\/23\\\/sanita-bellunese-partecipato-incontro-in-sala-sassoli-in-vista-della-manifestazione-di-sabato-28\\\/\"},\"author\":{\"name\":\"redazione\",\"@id\":\"https:\\\/\\\/www.bellunopress.it\\\/#\\\/schema\\\/person\\\/79bb06722b37ece1c03d3e94beb30d73\"},\"headline\":\"Sanit\u00e0 bellunese. Partecipato incontro in sala &#8220;Sassoli&#8221; in vista della manifestazione di sabato 28\",\"datePublished\":\"2023-10-23T08:17:01+00:00\",\"mainEntityOfPage\":{\"@id\":\"https:\\\/\\\/www.bellunopress.it\\\/2023\\\/10\\\/23\\\/sanita-bellunese-partecipato-incontro-in-sala-sassoli-in-vista-della-manifestazione-di-sabato-28\\\/\"},\"wordCount\":413,\"publisher\":{\"@id\":\"https:\\\/\\\/www.bellunopress.it\\\/#organization\"},\"image\":{\"@id\":\"https:\\\/\\\/www.bellunopress.it\\\/2023\\\/10\\\/23\\\/sanita-bellunese-partecipato-incontro-in-sala-sassoli-in-vista-della-manifestazione-di-sabato-28\\\/#primaryimage\"},\"thumbnailUrl\":\"https:\\\/\\\/www.bellunopress.it\\\/wp-content\\\/uploads\\\/2023\\\/01\\\/Denise_Casanova.jpg\",\"articleSection\":[\"Prima Pagina\",\"Sanit\u00e0 Medicina\"],\"inLanguage\":\"fr-FR\"},{\"@type\":\"WebPage\",\"@id\":\"https:\\\/\\\/www.bellunopress.it\\\/2023\\\/10\\\/23\\\/sanita-bellunese-partecipato-incontro-in-sala-sassoli-in-vista-della-manifestazione-di-sabato-28\\\/\",\"url\":\"https:\\\/\\\/www.bellunopress.it\\\/2023\\\/10\\\/23\\\/sanita-bellunese-partecipato-incontro-in-sala-sassoli-in-vista-della-manifestazione-di-sabato-28\\\/\",\"name\":\"Sanit\u00e0 bellunese. Partecipato incontro in sala \\\"Sassoli\\\" in vista della manifestazione di sabato 28 - Bellunopress - Dolomiti\",\"isPartOf\":{\"@id\":\"https:\\\/\\\/www.bellunopress.it\\\/#website\"},\"primaryImageOfPage\":{\"@id\":\"https:\\\/\\\/www.bellunopress.it\\\/2023\\\/10\\\/23\\\/sanita-bellunese-partecipato-incontro-in-sala-sassoli-in-vista-della-manifestazione-di-sabato-28\\\/#primaryimage\"},\"image\":{\"@id\":\"https:\\\/\\\/www.bellunopress.it\\\/2023\\\/10\\\/23\\\/sanita-bellunese-partecipato-incontro-in-sala-sassoli-in-vista-della-manifestazione-di-sabato-28\\\/#primaryimage\"},\"thumbnailUrl\":\"https:\\\/\\\/www.bellunopress.it\\\/wp-content\\\/uploads\\\/2023\\\/01\\\/Denise_Casanova.jpg\",\"datePublished\":\"2023-10-23T08:17:01+00:00\",\"breadcrumb\":{\"@id\":\"https:\\\/\\\/www.bellunopress.it\\\/2023\\\/10\\\/23\\\/sanita-bellunese-partecipato-incontro-in-sala-sassoli-in-vista-della-manifestazione-di-sabato-28\\\/#breadcrumb\"},\"inLanguage\":\"fr-FR\",\"potentialAction\":[{\"@type\":\"ReadAction\",\"target\":[\"https:\\\/\\\/www.bellunopress.it\\\/2023\\\/10\\\/23\\\/sanita-bellunese-partecipato-incontro-in-sala-sassoli-in-vista-della-manifestazione-di-sabato-28\\\/\"]}]},{\"@type\":\"ImageObject\",\"inLanguage\":\"fr-FR\",\"@id\":\"https:\\\/\\\/www.bellunopress.it\\\/2023\\\/10\\\/23\\\/sanita-bellunese-partecipato-incontro-in-sala-sassoli-in-vista-della-manifestazione-di-sabato-28\\\/#primaryimage\",\"url\":\"https:\\\/\\\/www.bellunopress.it\\\/wp-content\\\/uploads\\\/2023\\\/01\\\/Denise_Casanova.jpg\",\"contentUrl\":\"https:\\\/\\\/www.bellunopress.it\\\/wp-content\\\/uploads\\\/2023\\\/01\\\/Denise_Casanova.jpg\",\"width\":500,\"height\":700,\"caption\":\"Denise Casanova - Segretaria della Camera del lavoro di Belluno\"},{\"@type\":\"BreadcrumbList\",\"@id\":\"https:\\\/\\\/www.bellunopress.it\\\/2023\\\/10\\\/23\\\/sanita-bellunese-partecipato-incontro-in-sala-sassoli-in-vista-della-manifestazione-di-sabato-28\\\/#breadcrumb\",\"itemListElement\":[{\"@type\":\"ListItem\",\"position\":1,\"name\":\"Home\",\"item\":\"https:\\\/\\\/www.bellunopress.it\\\/\"},{\"@type\":\"ListItem\",\"position\":2,\"name\":\"Sanit\u00e0 bellunese. Partecipato incontro in sala &#8220;Sassoli&#8221; in vista della manifestazione di sabato 28\"}]},{\"@type\":\"WebSite\",\"@id\":\"https:\\\/\\\/www.bellunopress.it\\\/#website\",\"url\":\"https:\\\/\\\/www.bellunopress.it\\\/\",\"name\":\"Bellunopress - Dolomiti\",\"description\":\"e-mail: redazione@bellunopress.it\",\"publisher\":{\"@id\":\"https:\\\/\\\/www.bellunopress.it\\\/#organization\"},\"potentialAction\":[{\"@type\":\"SearchAction\",\"target\":{\"@type\":\"EntryPoint\",\"urlTemplate\":\"https:\\\/\\\/www.bellunopress.it\\\/?s={search_term_string}\"},\"query-input\":{\"@type\":\"PropertyValueSpecification\",\"valueRequired\":true,\"valueName\":\"search_term_string\"}}],\"inLanguage\":\"fr-FR\"},{\"@type\":\"Organization\",\"@id\":\"https:\\\/\\\/www.bellunopress.it\\\/#organization\",\"name\":\"Bellunopress\",\"url\":\"https:\\\/\\\/www.bellunopress.it\\\/\",\"logo\":{\"@type\":\"ImageObject\",\"inLanguage\":\"fr-FR\",\"@id\":\"https:\\\/\\\/www.bellunopress.it\\\/#\\\/schema\\\/logo\\\/image\\\/\",\"url\":\"https:\\\/\\\/www.bellunopress.it\\\/wp-content\\\/uploads\\\/2011\\\/05\\\/cropped-logo-bellunopress-.jpg\",\"contentUrl\":\"https:\\\/\\\/www.bellunopress.it\\\/wp-content\\\/uploads\\\/2011\\\/05\\\/cropped-logo-bellunopress-.jpg\",\"width\":512,\"height\":512,\"caption\":\"Bellunopress\"},\"image\":{\"@id\":\"https:\\\/\\\/www.bellunopress.it\\\/#\\\/schema\\\/logo\\\/image\\\/\"},\"sameAs\":[\"https:\\\/\\\/www.facebook.com\\\/profile.php?id=100008943462799\",\"https:\\\/\\\/x.com\\\/bellunopress\",\"https:\\\/\\\/www.linkedin.com\\\/hp\\\/?dnr=JBzUWaJfMUw8vbXJJ2tVW5-I3jZKvC4wsoxE&amp;amp;amp;amp;amp;amp;trk=nav_responsive_tab_home\",\"https:\\\/\\\/www.youtube.com\\\/channel\\\/UCxL0wu1uN0_3_7hGG0306cw\"]},{\"@type\":\"Person\",\"@id\":\"https:\\\/\\\/www.bellunopress.it\\\/#\\\/schema\\\/person\\\/79bb06722b37ece1c03d3e94beb30d73\",\"name\":\"redazione\",\"image\":{\"@type\":\"ImageObject\",\"inLanguage\":\"fr-FR\",\"@id\":\"https:\\\/\\\/secure.gravatar.com\\\/avatar\\\/37d968a2e67a6fd04c169c4bdef102d0bc5d31b2546345219e348575eb80e9a0?s=96&d=mm&r=g\",\"url\":\"https:\\\/\\\/secure.gravatar.com\\\/avatar\\\/37d968a2e67a6fd04c169c4bdef102d0bc5d31b2546345219e348575eb80e9a0?s=96&d=mm&r=g\",\"contentUrl\":\"https:\\\/\\\/secure.gravatar.com\\\/avatar\\\/37d968a2e67a6fd04c169c4bdef102d0bc5d31b2546345219e348575eb80e9a0?s=96&d=mm&r=g\",\"caption\":\"redazione\"},\"sameAs\":[\"http:\\\/\\\/www.bellunopress.it\",\"https:\\\/\\\/x.com\\\/bellunopress\"],\"url\":\"https:\\\/\\\/www.bellunopress.it\\\/fr\\\/author\\\/redazione\\\/\"}]}<\/script>\n<!-- \/ Yoast SEO plugin. -->","yoast_head_json":{"title":"Sanit\u00e0 bellunese. Partecipato incontro in sala \"Sassoli\" in vista della manifestazione di sabato 28 - Bellunopress - Dolomiti","robots":{"index":"index","follow":"follow","max-snippet":"max-snippet:-1","max-image-preview":"max-image-preview:large","max-video-preview":"max-video-preview:-1"},"canonical":"https:\/\/www.bellunopress.it\/fr\/2023\/10\/23\/sanita-bellunese-partecipato-incontro-in-sala-sassoli-in-vista-della-manifestazione-di-sabato-28\/","og_locale":"fr_FR","og_type":"article","og_title":"Sanit\u00e0 bellunese. Partecipato incontro in sala \"Sassoli\" in vista della manifestazione di sabato 28 - Bellunopress - Dolomiti","og_description":"Grande adesione all&#8217;incontro di sabato scorso sulla situazione della sanit\u00e0 bellunese, nella sala &#8220;David Sassoli&#8221; all&#8217;ex Casa Rossa di Ponte nelle Alpi. Vi hanno aderito sindaci, amministrazioni comunali, sindacati, comitati di cittadini, personale socio-sanitario e tanti cittadini provenienti da vari angoli della provincia, oltre all&#8217;associazione &#8220;Libera&#8221; di don Ciotti con i propri rappresentanti. Il titolo [&hellip;]","og_url":"https:\/\/www.bellunopress.it\/fr\/2023\/10\/23\/sanita-bellunese-partecipato-incontro-in-sala-sassoli-in-vista-della-manifestazione-di-sabato-28\/","og_site_name":"Bellunopress - Dolomiti","article_publisher":"https:\/\/www.facebook.com\/profile.php?id=100008943462799","article_published_time":"2023-10-23T08:17:01+00:00","og_image":[{"width":500,"height":700,"url":"https:\/\/www.bellunopress.it\/wp-content\/uploads\/2023\/01\/Denise_Casanova.jpg","type":"image\/jpeg"}],"author":"redazione","twitter_card":"summary_large_image","twitter_creator":"@bellunopress","twitter_site":"@bellunopress","twitter_misc":{"Written by":"redazione","Est. reading time":"2 minutes"},"schema":{"@context":"https:\/\/schema.org","@graph":[{"@type":"Article","@id":"https:\/\/www.bellunopress.it\/2023\/10\/23\/sanita-bellunese-partecipato-incontro-in-sala-sassoli-in-vista-della-manifestazione-di-sabato-28\/#article","isPartOf":{"@id":"https:\/\/www.bellunopress.it\/2023\/10\/23\/sanita-bellunese-partecipato-incontro-in-sala-sassoli-in-vista-della-manifestazione-di-sabato-28\/"},"author":{"name":"redazione","@id":"https:\/\/www.bellunopress.it\/#\/schema\/person\/79bb06722b37ece1c03d3e94beb30d73"},"headline":"Sanit\u00e0 bellunese. Partecipato incontro in sala &#8220;Sassoli&#8221; in vista della manifestazione di sabato 28","datePublished":"2023-10-23T08:17:01+00:00","mainEntityOfPage":{"@id":"https:\/\/www.bellunopress.it\/2023\/10\/23\/sanita-bellunese-partecipato-incontro-in-sala-sassoli-in-vista-della-manifestazione-di-sabato-28\/"},"wordCount":413,"publisher":{"@id":"https:\/\/www.bellunopress.it\/#organization"},"image":{"@id":"https:\/\/www.bellunopress.it\/2023\/10\/23\/sanita-bellunese-partecipato-incontro-in-sala-sassoli-in-vista-della-manifestazione-di-sabato-28\/#primaryimage"},"thumbnailUrl":"https:\/\/www.bellunopress.it\/wp-content\/uploads\/2023\/01\/Denise_Casanova.jpg","articleSection":["Prima Pagina","Sanit\u00e0 Medicina"],"inLanguage":"fr-FR"},{"@type":"WebPage","@id":"https:\/\/www.bellunopress.it\/2023\/10\/23\/sanita-bellunese-partecipato-incontro-in-sala-sassoli-in-vista-della-manifestazione-di-sabato-28\/","url":"https:\/\/www.bellunopress.it\/2023\/10\/23\/sanita-bellunese-partecipato-incontro-in-sala-sassoli-in-vista-della-manifestazione-di-sabato-28\/","name":"Sanit\u00e0 bellunese. Partecipato incontro in sala \"Sassoli\" in vista della manifestazione di sabato 28 - Bellunopress - Dolomiti","isPartOf":{"@id":"https:\/\/www.bellunopress.it\/#website"},"primaryImageOfPage":{"@id":"https:\/\/www.bellunopress.it\/2023\/10\/23\/sanita-bellunese-partecipato-incontro-in-sala-sassoli-in-vista-della-manifestazione-di-sabato-28\/#primaryimage"},"image":{"@id":"https:\/\/www.bellunopress.it\/2023\/10\/23\/sanita-bellunese-partecipato-incontro-in-sala-sassoli-in-vista-della-manifestazione-di-sabato-28\/#primaryimage"},"thumbnailUrl":"https:\/\/www.bellunopress.it\/wp-content\/uploads\/2023\/01\/Denise_Casanova.jpg","datePublished":"2023-10-23T08:17:01+00:00","breadcrumb":{"@id":"https:\/\/www.bellunopress.it\/2023\/10\/23\/sanita-bellunese-partecipato-incontro-in-sala-sassoli-in-vista-della-manifestazione-di-sabato-28\/#breadcrumb"},"inLanguage":"fr-FR","potentialAction":[{"@type":"ReadAction","target":["https:\/\/www.bellunopress.it\/2023\/10\/23\/sanita-bellunese-partecipato-incontro-in-sala-sassoli-in-vista-della-manifestazione-di-sabato-28\/"]}]},{"@type":"ImageObject","inLanguage":"fr-FR","@id":"https:\/\/www.bellunopress.it\/2023\/10\/23\/sanita-bellunese-partecipato-incontro-in-sala-sassoli-in-vista-della-manifestazione-di-sabato-28\/#primaryimage","url":"https:\/\/www.bellunopress.it\/wp-content\/uploads\/2023\/01\/Denise_Casanova.jpg","contentUrl":"https:\/\/www.bellunopress.it\/wp-content\/uploads\/2023\/01\/Denise_Casanova.jpg","width":500,"height":700,"caption":"Denise Casanova - Segretaria della Camera del lavoro di Belluno"},{"@type":"BreadcrumbList","@id":"https:\/\/www.bellunopress.it\/2023\/10\/23\/sanita-bellunese-partecipato-incontro-in-sala-sassoli-in-vista-della-manifestazione-di-sabato-28\/#breadcrumb","itemListElement":[{"@type":"ListItem","position":1,"name":"Home","item":"https:\/\/www.bellunopress.it\/"},{"@type":"ListItem","position":2,"name":"Sanit\u00e0 bellunese. Partecipato incontro in sala &#8220;Sassoli&#8221; in vista della manifestazione di sabato 28"}]},{"@type":"WebSite","@id":"https:\/\/www.bellunopress.it\/#website","url":"https:\/\/www.bellunopress.it\/","name":"Bellunopress - Dolomiti","description":"e-mail: redazione@bellunopress.it","publisher":{"@id":"https:\/\/www.bellunopress.it\/#organization"},"potentialAction":[{"@type":"SearchAction","target":{"@type":"EntryPoint","urlTemplate":"https:\/\/www.bellunopress.it\/?s={search_term_string}"},"query-input":{"@type":"PropertyValueSpecification","valueRequired":true,"valueName":"search_term_string"}}],"inLanguage":"fr-FR"},{"@type":"Organization","@id":"https:\/\/www.bellunopress.it\/#organization","name":"Bellunopress","url":"https:\/\/www.bellunopress.it\/","logo":{"@type":"ImageObject","inLanguage":"fr-FR","@id":"https:\/\/www.bellunopress.it\/#\/schema\/logo\/image\/","url":"https:\/\/www.bellunopress.it\/wp-content\/uploads\/2011\/05\/cropped-logo-bellunopress-.jpg","contentUrl":"https:\/\/www.bellunopress.it\/wp-content\/uploads\/2011\/05\/cropped-logo-bellunopress-.jpg","width":512,"height":512,"caption":"Bellunopress"},"image":{"@id":"https:\/\/www.bellunopress.it\/#\/schema\/logo\/image\/"},"sameAs":["https:\/\/www.facebook.com\/profile.php?id=100008943462799","https:\/\/x.com\/bellunopress","https:\/\/www.linkedin.com\/hp\/?dnr=JBzUWaJfMUw8vbXJJ2tVW5-I3jZKvC4wsoxE&amp;amp;amp;amp;amp;amp;trk=nav_responsive_tab_home","https:\/\/www.youtube.com\/channel\/UCxL0wu1uN0_3_7hGG0306cw"]},{"@type":"Person","@id":"https:\/\/www.bellunopress.it\/#\/schema\/person\/79bb06722b37ece1c03d3e94beb30d73","name":"r\u00e9daction","image":{"@type":"ImageObject","inLanguage":"fr-FR","@id":"https:\/\/secure.gravatar.com\/avatar\/37d968a2e67a6fd04c169c4bdef102d0bc5d31b2546345219e348575eb80e9a0?s=96&d=mm&r=g","url":"https:\/\/secure.gravatar.com\/avatar\/37d968a2e67a6fd04c169c4bdef102d0bc5d31b2546345219e348575eb80e9a0?s=96&d=mm&r=g","contentUrl":"https:\/\/secure.gravatar.com\/avatar\/37d968a2e67a6fd04c169c4bdef102d0bc5d31b2546345219e348575eb80e9a0?s=96&d=mm&r=g","caption":"redazione"},"sameAs":["http:\/\/www.bellunopress.it","https:\/\/x.com\/bellunopress"],"url":"https:\/\/www.bellunopress.it\/fr\/author\/redazione\/"}]}},"_links":{"self":[{"href":"https:\/\/www.bellunopress.it\/fr\/wp-json\/wp\/v2\/posts\/145240","targetHints":{"allow":["GET"]}}],"collection":[{"href":"https:\/\/www.bellunopress.it\/fr\/wp-json\/wp\/v2\/posts"}],"about":[{"href":"https:\/\/www.bellunopress.it\/fr\/wp-json\/wp\/v2\/types\/post"}],"author":[{"embeddable":true,"href":"https:\/\/www.bellunopress.it\/fr\/wp-json\/wp\/v2\/users\/2"}],"replies":[{"embeddable":true,"href":"https:\/\/www.bellunopress.it\/fr\/wp-json\/wp\/v2\/comments?post=145240"}],"version-history":[{"count":1,"href":"https:\/\/www.bellunopress.it\/fr\/wp-json\/wp\/v2\/posts\/145240\/revisions"}],"predecessor-version":[{"id":145241,"href":"https:\/\/www.bellunopress.it\/fr\/wp-json\/wp\/v2\/posts\/145240\/revisions\/145241"}],"wp:featuredmedia":[{"embeddable":true,"href":"https:\/\/www.bellunopress.it\/fr\/wp-json\/wp\/v2\/media\/139001"}],"wp:attachment":[{"href":"https:\/\/www.bellunopress.it\/fr\/wp-json\/wp\/v2\/media?parent=145240"}],"wp:term":[{"taxonomy":"category","embeddable":true,"href":"https:\/\/www.bellunopress.it\/fr\/wp-json\/wp\/v2\/categories?post=145240"},{"taxonomy":"post_tag","embeddable":true,"href":"https:\/\/www.bellunopress.it\/fr\/wp-json\/wp\/v2\/tags?post=145240"}],"curies":[{"name":"wp","href":"https:\/\/api.w.org\/{rel}","templated":true}]}}