{"id":145238,"date":"2023-10-23T08:28:30","date_gmt":"2023-10-23T06:28:30","guid":{"rendered":"https:\/\/www.bellunopress.it\/?p=145238"},"modified":"2023-11-29T08:07:41","modified_gmt":"2023-11-29T07:07:41","slug":"libreria-tarantola-incontro-con-lautore-giovedi-alle-18-presentazione-del-libro-omicidio-di-emma-canton-di-roberto-de-nart","status":"publish","type":"post","link":"https:\/\/www.bellunopress.it\/fr\/2023\/10\/23\/libreria-tarantola-incontro-con-lautore-giovedi-alle-18-presentazione-del-libro-omicidio-di-emma-canton-di-roberto-de-nart\/","title":{"rendered":"Libreria Tarantola, Incontro con l&#8217;autore. Gioved\u00ec alle 18 presentazione del libro &#8220;Omicidio di Emma Canton&#8221; di Roberto De Nart"},"content":{"rendered":"<p><img loading=\"lazy\" decoding=\"async\" class=\"alignleft size-full wp-image-143729\" src=\"https:\/\/www.bellunopress.it\/wp-content\/uploads\/2023\/08\/omicidio-emma-canton-copertina-libri_edited.jpg\" alt=\"\" width=\"1000\" height=\"765\" srcset=\"https:\/\/www.bellunopress.it\/wp-content\/uploads\/2023\/08\/omicidio-emma-canton-copertina-libri_edited.jpg 1000w, https:\/\/www.bellunopress.it\/wp-content\/uploads\/2023\/08\/omicidio-emma-canton-copertina-libri_edited-500x383.jpg 500w, https:\/\/www.bellunopress.it\/wp-content\/uploads\/2023\/08\/omicidio-emma-canton-copertina-libri_edited-696x532.jpg 696w, https:\/\/www.bellunopress.it\/wp-content\/uploads\/2023\/08\/omicidio-emma-canton-copertina-libri_edited-549x420.jpg 549w, https:\/\/www.bellunopress.it\/wp-content\/uploads\/2023\/08\/omicidio-emma-canton-copertina-libri_edited-80x60.jpg 80w\" sizes=\"auto, (max-width: 1000px) 100vw, 1000px\" \/>Un crudele caso di femminicidio accaduto novant&#8217;anni fa nella frazione di Sant&#8217;Antonio Tortal (Borgo Valbelluna). Se ne parla gioved\u00ec 26 ottobre alle ore 18 alla Libreria Tarantola in via Psaro 13 a Belluno, per la presentazione dell&#8217;ultimo libro di <a href=\"http:\/\/www.robertodenart.com\">Roberto De Nart<\/a> dal titolo &#8220;Omicidio di Emma Canton&#8221;. Dialogher\u00e0 con l&#8217;autore l&#8217;avvocato Anna Polifroni. Interverr\u00e0 Fiorella Bristot del direttivo dell&#8217;Associazione Belluno-Donna che dal 2004 ha accolto 1.468 donne vittime di violenza.<\/p>\n<p>Il libro racconta la triste storia di Emma Canton, ricostruita attraverso gli atti processuali conservati all&#8217;Archivio di Stato di Venezia. Emma \u00e8 una ragazza di 22 anni che viene assassinata brutalmente nella notte tra sabato 4 e domenica 5 febbraio del 1933 a Sant&#8217;Antonio Tortal dal suo coetaneo ed ex fidanzato Abele De Barba. Un omicidio orrendo per le modalit\u00e0 adottate dall&#8217;assassino, reso ancor pi\u00f9 odioso perch\u00e9 Emma era incinta di due mesi a seguito della relazione poi interrotta con lo stesso ex fidanzato e carnefice. Otto mesi dopo il delitto la Corte d&#8217;Assise di Belluno condanner\u00e0 all&#8217;ergastolo Abele De Barba, per aver ucciso per motivi abbietti e con premeditazione la povera Emma Canton.<\/p>","protected":false},"excerpt":{"rendered":"<p>Un crudele caso di femminicidio accaduto novant&#8217;anni fa nella frazione di Sant&#8217;Antonio Tortal (Borgo Valbelluna). Se ne parla gioved\u00ec 26 ottobre alle ore 18 alla Libreria Tarantola in via Psaro 13 a Belluno, per la presentazione dell&#8217;ultimo libro di Roberto De Nart dal titolo &#8220;Omicidio di Emma Canton&#8221;. Dialogher\u00e0 con l&#8217;autore l&#8217;avvocato Anna Polifroni. Interverr\u00e0 [&hellip;]<\/p>\n","protected":false},"author":2,"featured_media":144269,"comment_status":"closed","ping_status":"open","sticky":false,"template":"","format":"standard","meta":{"footnotes":""},"categories":[27,3446,25],"tags":[],"class_list":["post-145238","post","type-post","status-publish","format-standard","has-post-thumbnail","category-appuntamenti","category-featured","category-pausa-caffe"],"yoast_head":"<!-- This site is optimized with the Yoast SEO plugin v28.4 - https:\/\/yoast.com\/product\/yoast-seo-wordpress\/ -->\n<title>Libreria Tarantola, Incontro con l&#039;autore. Gioved\u00ec alle 18 presentazione del libro &quot;Omicidio di Emma Canton&quot; di Roberto De Nart - Bellunopress - Dolomiti<\/title>\n<meta name=\"robots\" content=\"index, follow, max-snippet:-1, max-image-preview:large, max-video-preview:-1\" \/>\n<link rel=\"canonical\" href=\"https:\/\/www.bellunopress.it\/fr\/2023\/10\/23\/libreria-tarantola-incontro-con-lautore-giovedi-alle-18-presentazione-del-libro-omicidio-di-emma-canton-di-roberto-de-nart\/\" \/>\n<meta property=\"og:locale\" content=\"fr_FR\" \/>\n<meta property=\"og:type\" content=\"article\" \/>\n<meta property=\"og:title\" content=\"Libreria Tarantola, Incontro con l&#039;autore. Gioved\u00ec alle 18 presentazione del libro &quot;Omicidio di Emma Canton&quot; di Roberto De Nart - Bellunopress - Dolomiti\" \/>\n<meta property=\"og:description\" content=\"Un crudele caso di femminicidio accaduto novant&#8217;anni fa nella frazione di Sant&#8217;Antonio Tortal (Borgo Valbelluna). Se ne parla gioved\u00ec 26 ottobre alle ore 18 alla Libreria Tarantola in via Psaro 13 a Belluno, per la presentazione dell&#8217;ultimo libro di Roberto De Nart dal titolo &#8220;Omicidio di Emma Canton&#8221;. Dialogher\u00e0 con l&#8217;autore l&#8217;avvocato Anna Polifroni. Interverr\u00e0 [&hellip;]\" \/>\n<meta property=\"og:url\" content=\"https:\/\/www.bellunopress.it\/fr\/2023\/10\/23\/libreria-tarantola-incontro-con-lautore-giovedi-alle-18-presentazione-del-libro-omicidio-di-emma-canton-di-roberto-de-nart\/\" \/>\n<meta property=\"og:site_name\" content=\"Bellunopress - Dolomiti\" \/>\n<meta property=\"article:publisher\" content=\"https:\/\/www.facebook.com\/profile.php?id=100008943462799\" \/>\n<meta property=\"article:published_time\" content=\"2023-10-23T06:28:30+00:00\" \/>\n<meta property=\"article:modified_time\" content=\"2023-11-29T07:07:41+00:00\" \/>\n<meta property=\"og:image\" content=\"https:\/\/www.bellunopress.it\/wp-content\/uploads\/2023\/09\/copertina-cartaceo-omicidio-emma-canton_edited.jpg\" \/>\n\t<meta property=\"og:image:width\" content=\"670\" \/>\n\t<meta property=\"og:image:height\" content=\"1000\" \/>\n\t<meta property=\"og:image:type\" content=\"image\/jpeg\" \/>\n<meta name=\"author\" content=\"redazione\" \/>\n<meta name=\"twitter:card\" content=\"summary_large_image\" \/>\n<meta name=\"twitter:creator\" content=\"@bellunopress\" \/>\n<meta name=\"twitter:site\" content=\"@bellunopress\" \/>\n<meta name=\"twitter:label1\" content=\"\u00c9crit par\" \/>\n\t<meta name=\"twitter:data1\" content=\"redazione\" \/>\n\t<meta name=\"twitter:label2\" content=\"Dur\u00e9e de lecture estim\u00e9e\" \/>\n\t<meta name=\"twitter:data2\" content=\"1 minute\" \/>\n<script type=\"application\/ld+json\" class=\"yoast-schema-graph\">{\"@context\":\"https:\\\/\\\/schema.org\",\"@graph\":[{\"@type\":\"Article\",\"@id\":\"https:\\\/\\\/www.bellunopress.it\\\/2023\\\/10\\\/23\\\/libreria-tarantola-incontro-con-lautore-giovedi-alle-18-presentazione-del-libro-omicidio-di-emma-canton-di-roberto-de-nart\\\/#article\",\"isPartOf\":{\"@id\":\"https:\\\/\\\/www.bellunopress.it\\\/2023\\\/10\\\/23\\\/libreria-tarantola-incontro-con-lautore-giovedi-alle-18-presentazione-del-libro-omicidio-di-emma-canton-di-roberto-de-nart\\\/\"},\"author\":{\"name\":\"redazione\",\"@id\":\"https:\\\/\\\/www.bellunopress.it\\\/#\\\/schema\\\/person\\\/79bb06722b37ece1c03d3e94beb30d73\"},\"headline\":\"Libreria Tarantola, Incontro con l&#8217;autore. Gioved\u00ec alle 18 presentazione del libro &#8220;Omicidio di Emma Canton&#8221; di Roberto De Nart\",\"datePublished\":\"2023-10-23T06:28:30+00:00\",\"dateModified\":\"2023-11-29T07:07:41+00:00\",\"mainEntityOfPage\":{\"@id\":\"https:\\\/\\\/www.bellunopress.it\\\/2023\\\/10\\\/23\\\/libreria-tarantola-incontro-con-lautore-giovedi-alle-18-presentazione-del-libro-omicidio-di-emma-canton-di-roberto-de-nart\\\/\"},\"wordCount\":205,\"publisher\":{\"@id\":\"https:\\\/\\\/www.bellunopress.it\\\/#organization\"},\"image\":{\"@id\":\"https:\\\/\\\/www.bellunopress.it\\\/2023\\\/10\\\/23\\\/libreria-tarantola-incontro-con-lautore-giovedi-alle-18-presentazione-del-libro-omicidio-di-emma-canton-di-roberto-de-nart\\\/#primaryimage\"},\"thumbnailUrl\":\"https:\\\/\\\/www.bellunopress.it\\\/wp-content\\\/uploads\\\/2023\\\/09\\\/copertina-cartaceo-omicidio-emma-canton_edited.jpg\",\"articleSection\":[\"Appuntamenti, Eventi\",\"Featured\",\"Pausa Caff\u00e8\"],\"inLanguage\":\"fr-FR\"},{\"@type\":\"WebPage\",\"@id\":\"https:\\\/\\\/www.bellunopress.it\\\/2023\\\/10\\\/23\\\/libreria-tarantola-incontro-con-lautore-giovedi-alle-18-presentazione-del-libro-omicidio-di-emma-canton-di-roberto-de-nart\\\/\",\"url\":\"https:\\\/\\\/www.bellunopress.it\\\/2023\\\/10\\\/23\\\/libreria-tarantola-incontro-con-lautore-giovedi-alle-18-presentazione-del-libro-omicidio-di-emma-canton-di-roberto-de-nart\\\/\",\"name\":\"Libreria Tarantola, Incontro con l'autore. Gioved\u00ec alle 18 presentazione del libro \\\"Omicidio di Emma Canton\\\" di Roberto De Nart - Bellunopress - Dolomiti\",\"isPartOf\":{\"@id\":\"https:\\\/\\\/www.bellunopress.it\\\/#website\"},\"primaryImageOfPage\":{\"@id\":\"https:\\\/\\\/www.bellunopress.it\\\/2023\\\/10\\\/23\\\/libreria-tarantola-incontro-con-lautore-giovedi-alle-18-presentazione-del-libro-omicidio-di-emma-canton-di-roberto-de-nart\\\/#primaryimage\"},\"image\":{\"@id\":\"https:\\\/\\\/www.bellunopress.it\\\/2023\\\/10\\\/23\\\/libreria-tarantola-incontro-con-lautore-giovedi-alle-18-presentazione-del-libro-omicidio-di-emma-canton-di-roberto-de-nart\\\/#primaryimage\"},\"thumbnailUrl\":\"https:\\\/\\\/www.bellunopress.it\\\/wp-content\\\/uploads\\\/2023\\\/09\\\/copertina-cartaceo-omicidio-emma-canton_edited.jpg\",\"datePublished\":\"2023-10-23T06:28:30+00:00\",\"dateModified\":\"2023-11-29T07:07:41+00:00\",\"breadcrumb\":{\"@id\":\"https:\\\/\\\/www.bellunopress.it\\\/2023\\\/10\\\/23\\\/libreria-tarantola-incontro-con-lautore-giovedi-alle-18-presentazione-del-libro-omicidio-di-emma-canton-di-roberto-de-nart\\\/#breadcrumb\"},\"inLanguage\":\"fr-FR\",\"potentialAction\":[{\"@type\":\"ReadAction\",\"target\":[\"https:\\\/\\\/www.bellunopress.it\\\/2023\\\/10\\\/23\\\/libreria-tarantola-incontro-con-lautore-giovedi-alle-18-presentazione-del-libro-omicidio-di-emma-canton-di-roberto-de-nart\\\/\"]}]},{\"@type\":\"ImageObject\",\"inLanguage\":\"fr-FR\",\"@id\":\"https:\\\/\\\/www.bellunopress.it\\\/2023\\\/10\\\/23\\\/libreria-tarantola-incontro-con-lautore-giovedi-alle-18-presentazione-del-libro-omicidio-di-emma-canton-di-roberto-de-nart\\\/#primaryimage\",\"url\":\"https:\\\/\\\/www.bellunopress.it\\\/wp-content\\\/uploads\\\/2023\\\/09\\\/copertina-cartaceo-omicidio-emma-canton_edited.jpg\",\"contentUrl\":\"https:\\\/\\\/www.bellunopress.it\\\/wp-content\\\/uploads\\\/2023\\\/09\\\/copertina-cartaceo-omicidio-emma-canton_edited.jpg\",\"width\":670,\"height\":1000,\"caption\":\"Omicidio di Emma Canton, formato cartaceo\"},{\"@type\":\"BreadcrumbList\",\"@id\":\"https:\\\/\\\/www.bellunopress.it\\\/2023\\\/10\\\/23\\\/libreria-tarantola-incontro-con-lautore-giovedi-alle-18-presentazione-del-libro-omicidio-di-emma-canton-di-roberto-de-nart\\\/#breadcrumb\",\"itemListElement\":[{\"@type\":\"ListItem\",\"position\":1,\"name\":\"Home\",\"item\":\"https:\\\/\\\/www.bellunopress.it\\\/\"},{\"@type\":\"ListItem\",\"position\":2,\"name\":\"Libreria Tarantola, Incontro con l&#8217;autore. Gioved\u00ec alle 18 presentazione del libro &#8220;Omicidio di Emma Canton&#8221; di Roberto De Nart\"}]},{\"@type\":\"WebSite\",\"@id\":\"https:\\\/\\\/www.bellunopress.it\\\/#website\",\"url\":\"https:\\\/\\\/www.bellunopress.it\\\/\",\"name\":\"Bellunopress - Dolomiti\",\"description\":\"e-mail: redazione@bellunopress.it\",\"publisher\":{\"@id\":\"https:\\\/\\\/www.bellunopress.it\\\/#organization\"},\"potentialAction\":[{\"@type\":\"SearchAction\",\"target\":{\"@type\":\"EntryPoint\",\"urlTemplate\":\"https:\\\/\\\/www.bellunopress.it\\\/?s={search_term_string}\"},\"query-input\":{\"@type\":\"PropertyValueSpecification\",\"valueRequired\":true,\"valueName\":\"search_term_string\"}}],\"inLanguage\":\"fr-FR\"},{\"@type\":\"Organization\",\"@id\":\"https:\\\/\\\/www.bellunopress.it\\\/#organization\",\"name\":\"Bellunopress\",\"url\":\"https:\\\/\\\/www.bellunopress.it\\\/\",\"logo\":{\"@type\":\"ImageObject\",\"inLanguage\":\"fr-FR\",\"@id\":\"https:\\\/\\\/www.bellunopress.it\\\/#\\\/schema\\\/logo\\\/image\\\/\",\"url\":\"https:\\\/\\\/www.bellunopress.it\\\/wp-content\\\/uploads\\\/2011\\\/05\\\/cropped-logo-bellunopress-.jpg\",\"contentUrl\":\"https:\\\/\\\/www.bellunopress.it\\\/wp-content\\\/uploads\\\/2011\\\/05\\\/cropped-logo-bellunopress-.jpg\",\"width\":512,\"height\":512,\"caption\":\"Bellunopress\"},\"image\":{\"@id\":\"https:\\\/\\\/www.bellunopress.it\\\/#\\\/schema\\\/logo\\\/image\\\/\"},\"sameAs\":[\"https:\\\/\\\/www.facebook.com\\\/profile.php?id=100008943462799\",\"https:\\\/\\\/x.com\\\/bellunopress\",\"https:\\\/\\\/www.linkedin.com\\\/hp\\\/?dnr=JBzUWaJfMUw8vbXJJ2tVW5-I3jZKvC4wsoxE&amp;amp;amp;amp;amp;amp;trk=nav_responsive_tab_home\",\"https:\\\/\\\/www.youtube.com\\\/channel\\\/UCxL0wu1uN0_3_7hGG0306cw\"]},{\"@type\":\"Person\",\"@id\":\"https:\\\/\\\/www.bellunopress.it\\\/#\\\/schema\\\/person\\\/79bb06722b37ece1c03d3e94beb30d73\",\"name\":\"redazione\",\"image\":{\"@type\":\"ImageObject\",\"inLanguage\":\"fr-FR\",\"@id\":\"https:\\\/\\\/secure.gravatar.com\\\/avatar\\\/37d968a2e67a6fd04c169c4bdef102d0bc5d31b2546345219e348575eb80e9a0?s=96&d=mm&r=g\",\"url\":\"https:\\\/\\\/secure.gravatar.com\\\/avatar\\\/37d968a2e67a6fd04c169c4bdef102d0bc5d31b2546345219e348575eb80e9a0?s=96&d=mm&r=g\",\"contentUrl\":\"https:\\\/\\\/secure.gravatar.com\\\/avatar\\\/37d968a2e67a6fd04c169c4bdef102d0bc5d31b2546345219e348575eb80e9a0?s=96&d=mm&r=g\",\"caption\":\"redazione\"},\"sameAs\":[\"http:\\\/\\\/www.bellunopress.it\",\"https:\\\/\\\/x.com\\\/bellunopress\"],\"url\":\"https:\\\/\\\/www.bellunopress.it\\\/fr\\\/author\\\/redazione\\\/\"}]}<\/script>\n<!-- \/ Yoast SEO plugin. -->","yoast_head_json":{"title":"Libreria Tarantola, Incontro con l'autore. Gioved\u00ec alle 18 presentazione del libro \"Omicidio di Emma Canton\" di Roberto De Nart - Bellunopress - Dolomiti","robots":{"index":"index","follow":"follow","max-snippet":"max-snippet:-1","max-image-preview":"max-image-preview:large","max-video-preview":"max-video-preview:-1"},"canonical":"https:\/\/www.bellunopress.it\/fr\/2023\/10\/23\/libreria-tarantola-incontro-con-lautore-giovedi-alle-18-presentazione-del-libro-omicidio-di-emma-canton-di-roberto-de-nart\/","og_locale":"fr_FR","og_type":"article","og_title":"Libreria Tarantola, Incontro con l'autore. Gioved\u00ec alle 18 presentazione del libro \"Omicidio di Emma Canton\" di Roberto De Nart - Bellunopress - Dolomiti","og_description":"Un crudele caso di femminicidio accaduto novant&#8217;anni fa nella frazione di Sant&#8217;Antonio Tortal (Borgo Valbelluna). Se ne parla gioved\u00ec 26 ottobre alle ore 18 alla Libreria Tarantola in via Psaro 13 a Belluno, per la presentazione dell&#8217;ultimo libro di Roberto De Nart dal titolo &#8220;Omicidio di Emma Canton&#8221;. Dialogher\u00e0 con l&#8217;autore l&#8217;avvocato Anna Polifroni. Interverr\u00e0 [&hellip;]","og_url":"https:\/\/www.bellunopress.it\/fr\/2023\/10\/23\/libreria-tarantola-incontro-con-lautore-giovedi-alle-18-presentazione-del-libro-omicidio-di-emma-canton-di-roberto-de-nart\/","og_site_name":"Bellunopress - Dolomiti","article_publisher":"https:\/\/www.facebook.com\/profile.php?id=100008943462799","article_published_time":"2023-10-23T06:28:30+00:00","article_modified_time":"2023-11-29T07:07:41+00:00","og_image":[{"width":670,"height":1000,"url":"https:\/\/www.bellunopress.it\/wp-content\/uploads\/2023\/09\/copertina-cartaceo-omicidio-emma-canton_edited.jpg","type":"image\/jpeg"}],"author":"redazione","twitter_card":"summary_large_image","twitter_creator":"@bellunopress","twitter_site":"@bellunopress","twitter_misc":{"\u00c9crit par":"redazione","Dur\u00e9e de lecture estim\u00e9e":"1 minute"},"schema":{"@context":"https:\/\/schema.org","@graph":[{"@type":"Article","@id":"https:\/\/www.bellunopress.it\/2023\/10\/23\/libreria-tarantola-incontro-con-lautore-giovedi-alle-18-presentazione-del-libro-omicidio-di-emma-canton-di-roberto-de-nart\/#article","isPartOf":{"@id":"https:\/\/www.bellunopress.it\/2023\/10\/23\/libreria-tarantola-incontro-con-lautore-giovedi-alle-18-presentazione-del-libro-omicidio-di-emma-canton-di-roberto-de-nart\/"},"author":{"name":"redazione","@id":"https:\/\/www.bellunopress.it\/#\/schema\/person\/79bb06722b37ece1c03d3e94beb30d73"},"headline":"Libreria Tarantola, Incontro con l&#8217;autore. Gioved\u00ec alle 18 presentazione del libro &#8220;Omicidio di Emma Canton&#8221; di Roberto De Nart","datePublished":"2023-10-23T06:28:30+00:00","dateModified":"2023-11-29T07:07:41+00:00","mainEntityOfPage":{"@id":"https:\/\/www.bellunopress.it\/2023\/10\/23\/libreria-tarantola-incontro-con-lautore-giovedi-alle-18-presentazione-del-libro-omicidio-di-emma-canton-di-roberto-de-nart\/"},"wordCount":205,"publisher":{"@id":"https:\/\/www.bellunopress.it\/#organization"},"image":{"@id":"https:\/\/www.bellunopress.it\/2023\/10\/23\/libreria-tarantola-incontro-con-lautore-giovedi-alle-18-presentazione-del-libro-omicidio-di-emma-canton-di-roberto-de-nart\/#primaryimage"},"thumbnailUrl":"https:\/\/www.bellunopress.it\/wp-content\/uploads\/2023\/09\/copertina-cartaceo-omicidio-emma-canton_edited.jpg","articleSection":["Appuntamenti, Eventi","Featured","Pausa Caff\u00e8"],"inLanguage":"fr-FR"},{"@type":"WebPage","@id":"https:\/\/www.bellunopress.it\/2023\/10\/23\/libreria-tarantola-incontro-con-lautore-giovedi-alle-18-presentazione-del-libro-omicidio-di-emma-canton-di-roberto-de-nart\/","url":"https:\/\/www.bellunopress.it\/2023\/10\/23\/libreria-tarantola-incontro-con-lautore-giovedi-alle-18-presentazione-del-libro-omicidio-di-emma-canton-di-roberto-de-nart\/","name":"Libreria Tarantola, Incontro con l'autore. Gioved\u00ec alle 18 presentazione del libro \"Omicidio di Emma Canton\" di Roberto De Nart - Bellunopress - Dolomiti","isPartOf":{"@id":"https:\/\/www.bellunopress.it\/#website"},"primaryImageOfPage":{"@id":"https:\/\/www.bellunopress.it\/2023\/10\/23\/libreria-tarantola-incontro-con-lautore-giovedi-alle-18-presentazione-del-libro-omicidio-di-emma-canton-di-roberto-de-nart\/#primaryimage"},"image":{"@id":"https:\/\/www.bellunopress.it\/2023\/10\/23\/libreria-tarantola-incontro-con-lautore-giovedi-alle-18-presentazione-del-libro-omicidio-di-emma-canton-di-roberto-de-nart\/#primaryimage"},"thumbnailUrl":"https:\/\/www.bellunopress.it\/wp-content\/uploads\/2023\/09\/copertina-cartaceo-omicidio-emma-canton_edited.jpg","datePublished":"2023-10-23T06:28:30+00:00","dateModified":"2023-11-29T07:07:41+00:00","breadcrumb":{"@id":"https:\/\/www.bellunopress.it\/2023\/10\/23\/libreria-tarantola-incontro-con-lautore-giovedi-alle-18-presentazione-del-libro-omicidio-di-emma-canton-di-roberto-de-nart\/#breadcrumb"},"inLanguage":"fr-FR","potentialAction":[{"@type":"ReadAction","target":["https:\/\/www.bellunopress.it\/2023\/10\/23\/libreria-tarantola-incontro-con-lautore-giovedi-alle-18-presentazione-del-libro-omicidio-di-emma-canton-di-roberto-de-nart\/"]}]},{"@type":"ImageObject","inLanguage":"fr-FR","@id":"https:\/\/www.bellunopress.it\/2023\/10\/23\/libreria-tarantola-incontro-con-lautore-giovedi-alle-18-presentazione-del-libro-omicidio-di-emma-canton-di-roberto-de-nart\/#primaryimage","url":"https:\/\/www.bellunopress.it\/wp-content\/uploads\/2023\/09\/copertina-cartaceo-omicidio-emma-canton_edited.jpg","contentUrl":"https:\/\/www.bellunopress.it\/wp-content\/uploads\/2023\/09\/copertina-cartaceo-omicidio-emma-canton_edited.jpg","width":670,"height":1000,"caption":"Omicidio di Emma Canton, formato cartaceo"},{"@type":"BreadcrumbList","@id":"https:\/\/www.bellunopress.it\/2023\/10\/23\/libreria-tarantola-incontro-con-lautore-giovedi-alle-18-presentazione-del-libro-omicidio-di-emma-canton-di-roberto-de-nart\/#breadcrumb","itemListElement":[{"@type":"ListItem","position":1,"name":"Home","item":"https:\/\/www.bellunopress.it\/"},{"@type":"ListItem","position":2,"name":"Libreria Tarantola, Incontro con l&#8217;autore. Gioved\u00ec alle 18 presentazione del libro &#8220;Omicidio di Emma Canton&#8221; di Roberto De Nart"}]},{"@type":"WebSite","@id":"https:\/\/www.bellunopress.it\/#website","url":"https:\/\/www.bellunopress.it\/","name":"Bellunopress - Dolomiti","description":"e-mail: redazione@bellunopress.it","publisher":{"@id":"https:\/\/www.bellunopress.it\/#organization"},"potentialAction":[{"@type":"SearchAction","target":{"@type":"EntryPoint","urlTemplate":"https:\/\/www.bellunopress.it\/?s={search_term_string}"},"query-input":{"@type":"PropertyValueSpecification","valueRequired":true,"valueName":"search_term_string"}}],"inLanguage":"fr-FR"},{"@type":"Organization","@id":"https:\/\/www.bellunopress.it\/#organization","name":"Bellunopress","url":"https:\/\/www.bellunopress.it\/","logo":{"@type":"ImageObject","inLanguage":"fr-FR","@id":"https:\/\/www.bellunopress.it\/#\/schema\/logo\/image\/","url":"https:\/\/www.bellunopress.it\/wp-content\/uploads\/2011\/05\/cropped-logo-bellunopress-.jpg","contentUrl":"https:\/\/www.bellunopress.it\/wp-content\/uploads\/2011\/05\/cropped-logo-bellunopress-.jpg","width":512,"height":512,"caption":"Bellunopress"},"image":{"@id":"https:\/\/www.bellunopress.it\/#\/schema\/logo\/image\/"},"sameAs":["https:\/\/www.facebook.com\/profile.php?id=100008943462799","https:\/\/x.com\/bellunopress","https:\/\/www.linkedin.com\/hp\/?dnr=JBzUWaJfMUw8vbXJJ2tVW5-I3jZKvC4wsoxE&amp;amp;amp;amp;amp;amp;trk=nav_responsive_tab_home","https:\/\/www.youtube.com\/channel\/UCxL0wu1uN0_3_7hGG0306cw"]},{"@type":"Person","@id":"https:\/\/www.bellunopress.it\/#\/schema\/person\/79bb06722b37ece1c03d3e94beb30d73","name":"r\u00e9daction","image":{"@type":"ImageObject","inLanguage":"fr-FR","@id":"https:\/\/secure.gravatar.com\/avatar\/37d968a2e67a6fd04c169c4bdef102d0bc5d31b2546345219e348575eb80e9a0?s=96&d=mm&r=g","url":"https:\/\/secure.gravatar.com\/avatar\/37d968a2e67a6fd04c169c4bdef102d0bc5d31b2546345219e348575eb80e9a0?s=96&d=mm&r=g","contentUrl":"https:\/\/secure.gravatar.com\/avatar\/37d968a2e67a6fd04c169c4bdef102d0bc5d31b2546345219e348575eb80e9a0?s=96&d=mm&r=g","caption":"redazione"},"sameAs":["http:\/\/www.bellunopress.it","https:\/\/x.com\/bellunopress"],"url":"https:\/\/www.bellunopress.it\/fr\/author\/redazione\/"}]}},"_links":{"self":[{"href":"https:\/\/www.bellunopress.it\/fr\/wp-json\/wp\/v2\/posts\/145238","targetHints":{"allow":["GET"]}}],"collection":[{"href":"https:\/\/www.bellunopress.it\/fr\/wp-json\/wp\/v2\/posts"}],"about":[{"href":"https:\/\/www.bellunopress.it\/fr\/wp-json\/wp\/v2\/types\/post"}],"author":[{"embeddable":true,"href":"https:\/\/www.bellunopress.it\/fr\/wp-json\/wp\/v2\/users\/2"}],"replies":[{"embeddable":true,"href":"https:\/\/www.bellunopress.it\/fr\/wp-json\/wp\/v2\/comments?post=145238"}],"version-history":[{"count":2,"href":"https:\/\/www.bellunopress.it\/fr\/wp-json\/wp\/v2\/posts\/145238\/revisions"}],"predecessor-version":[{"id":146291,"href":"https:\/\/www.bellunopress.it\/fr\/wp-json\/wp\/v2\/posts\/145238\/revisions\/146291"}],"wp:featuredmedia":[{"embeddable":true,"href":"https:\/\/www.bellunopress.it\/fr\/wp-json\/wp\/v2\/media\/144269"}],"wp:attachment":[{"href":"https:\/\/www.bellunopress.it\/fr\/wp-json\/wp\/v2\/media?parent=145238"}],"wp:term":[{"taxonomy":"category","embeddable":true,"href":"https:\/\/www.bellunopress.it\/fr\/wp-json\/wp\/v2\/categories?post=145238"},{"taxonomy":"post_tag","embeddable":true,"href":"https:\/\/www.bellunopress.it\/fr\/wp-json\/wp\/v2\/tags?post=145238"}],"curies":[{"name":"wp","href":"https:\/\/api.w.org\/{rel}","templated":true}]}}