{"id":145235,"date":"2023-10-22T22:33:57","date_gmt":"2023-10-22T20:33:57","guid":{"rendered":"https:\/\/www.bellunopress.it\/?p=145235"},"modified":"2023-10-22T22:33:57","modified_gmt":"2023-10-22T20:33:57","slug":"una-rete-per-tempo-il-monte-prodeco-impone-lo-stop","status":"publish","type":"post","link":"https:\/\/www.bellunopress.it\/fr\/2023\/10\/22\/una-rete-per-tempo-il-monte-prodeco-impone-lo-stop\/","title":{"rendered":"Una rete per tempo: il Monte Prodeco impone lo stop"},"content":{"rendered":"<p><b> <img loading=\"lazy\" decoding=\"async\" class=\"alignleft size-full wp-image-145236\" src=\"https:\/\/www.bellunopress.it\/wp-content\/uploads\/2023\/10\/Dolomiti-bellunesi_edited.jpg\" alt=\"\" width=\"1000\" height=\"666\" srcset=\"https:\/\/www.bellunopress.it\/wp-content\/uploads\/2023\/10\/Dolomiti-bellunesi_edited.jpg 1000w, https:\/\/www.bellunopress.it\/wp-content\/uploads\/2023\/10\/Dolomiti-bellunesi_edited-500x333.jpg 500w, https:\/\/www.bellunopress.it\/wp-content\/uploads\/2023\/10\/Dolomiti-bellunesi_edited-696x464.jpg 696w\" sizes=\"auto, (max-width: 1000px) 100vw, 1000px\" \/>DOLOMITI BELLUNESI-MONTE PRODECO 0-2<\/b><\/p>\n<p><b>GOL:\u00a0<\/b>pt 44&#8242; Tassi su rigore; 4&#8242; Tassi.<\/p>\n<p><b>DOLOMITI BELLUNESI:<\/b>\u00a0Virvilas; Grieco (pt 44&#8242; N. Masut), Perez, Tiozzo, Toniolo; Bandaogo (st 1&#8242; Capacchione), De Carli (st 10&#8242; Mazza), Tardivo (st 26&#8242; Biancheri); De Paoli, Nunic, A. Cossalter (st 1&#8242; Cozzari) (in panchina: Bresolin, Baldassar, Bevilacqua, Alcides). Allenatore: N. Zanini.<span class=\"v1gmail-Apple-converted-space\">\u00a0<\/span><\/p>\n<p><b>MONTE PRODECO:\u00a0<\/b>Fontana; Fornari, Brero, Guifo; Scappin, Borghesan, Erman, Curumi (st 26&#8242; Haidara), Thiam (st 19&#8242; Zago); Madiotto; Tassi (st 7&#8242; Kociu) (in panchina: M. Masut, Crestani, Devcic, Fabris, Pilotto, Vedova). Allenatore: A. Vernucci.<span class=\"v1gmail-Apple-converted-space\">\u00a0<\/span><\/p>\n<p><b>ARBITRO:<\/b>\u00a0Costanzo Cafaro di Alba-Bra (assistenti: Ion Rusu di Trento e Albulen Muca di Alessandria).<span class=\"v1gmail-Apple-converted-space\">\u00a0<\/span><\/p>\n<p><b>NOTE.\u00a0<\/b>Spettatori: 500 circa. Ammoniti: Bandaogo, A. Cossalter, Zanini (dalla panchina), Brero, Zago. Angoli: 6-2 per la SSD Dolomiti Bellunesi. Recupero: pt 5&#8242;; st 5&#8242;.<span class=\"v1gmail-Apple-converted-space\">\u00a0<\/span><\/p>\n<p>Il\u00a0<b>Monte Prodeco<\/b>\u00a0fa scattare il semaforo rosso: si ferma, per la prima volta in questa stagione, la\u00a0<b>SSD Dolomiti Bellunesi<\/b>, piegata da un avversario che l&#8217;aveva gi\u00e0 fatta soffrire in Coppa Italia. I dolomitici sono quindi costretti a lasciare la vetta della graduatoria e ora occupano il gradino pi\u00f9 basso del podio. Davanti a una bella cornice di pubblico, i ragazzi di Zanini pagano a caro prezzo alcuni episodi poco fortunati. Come in occasione del rigore rompi-ghiaccio, in cui l&#8217;autore del fallo (Grieco) \u00e8 stato pure costretto ad abbandonare la contesa per infortunio.<span class=\"v1gmail-Apple-converted-space\">\u00a0<\/span><\/p>\n<p><b>DANNO E BEFFA &#8211;\u00a0<\/b>Mister Zanini deve rinunciare a Lorenzo Caprioni, alle prese con un problema fisico, e vara il tridente offensivo con Nunic punta centrale e il duo Alex Cossalter-De Paoli ai lati. Ed \u00e8 proprio &#8220;Depa&#8221;, attorno al quarto d&#8217;ora, a servire uno splendido pallone arretrato a Nunic, che da buona posizione apre il sinistro, ma manda alto. E poco pi\u00f9 tardi, Cossalter di testa non trova lo specchio. Il Monte, per\u00f2, ha la capacit\u00e0 di spezzare i ritmi e le trame di gioco dei padroni di casa. E, quando ne ha la possibilit\u00e0, punge. Come sul finire del tempo, nel momento in cui Thiam sfugge a Grieco e si procura un penalty, che Tassi trasforma spiazzando Virvilas. Al danno, inoltre, si aggiunge la beffa, se \u00e8 vero che, nella dinamica, lo stesso Grieco si fa male e alza bandiera bianca.<span class=\"v1gmail-Apple-converted-space\">\u00a0<\/span><\/p>\n<p><b>TANTE OCCASIONI, NESSUNA RETE &#8211;<\/b>\u00a0Nella ripresa, i padroni di casa provano a reagire con il doppio tiro di De Paoli e Masut, entrambi &#8220;murati&#8221;. Ma vengono ancora trafitti, sempre da Tassi, abile a finalizzare un contropiede letale. A quel punto, i dolomitici piantano le tende nella met\u00e0 campo avversaria e attuano un forcing costante. Forcing che porter\u00e0 a diverse opportunit\u00e0, ma a nessuna rete. In particolare, il neo entrato Cozzari sfiora il palo, mentre al quarto d&#8217;ora l&#8217;estremo difensore trevigiano, Fontana, si supera con due parate in sequenza sull&#8217;ex De Paoli e soprattutto su Masut, a pochi passi dalla linea di porta. Nulla da fare neppure per Toniolo e Biancheri, entrambi di testa. E per Mazza, il cui sinistro accarezza la traversa. Il bottino pieno prende la strada di Montebelluna.<span class=\"v1gmail-Apple-converted-space\">\u00a0<\/span><\/p>\n<p><b>L&#8217;ANALISI &#8211;<\/b>\u00a0\u00abDovevamo segnare nei momenti opportuni &#8211; \u00e8 l&#8217;analisi di mister Nicola Zanini &#8211; ma non ci siamo riusciti. In realt\u00e0, potevamo giocare per 4 o 5 ore e la palla non sarebbe comunque entrata. Abbiamo avuto delle chiarissime occasioni: prima dello svantaggio, dopo e nel secondo tempo. Oltretutto, questa \u00e8 una prestazione che considero positiva: ci siamo espressi meglio rispetto ad altre volte. Penso, per esempio, alla sfida col Bassano. Il calcio \u00e8 cos\u00ec&#8230;\u00bb.<span class=\"v1gmail-Apple-converted-space\">\u00a0<\/span><\/p>","protected":false},"excerpt":{"rendered":"<p>DOLOMITI BELLUNESI-MONTE PRODECO 0-2 GOL:\u00a0pt 44&#8242; Tassi su rigore; 4&#8242; Tassi. DOLOMITI BELLUNESI:\u00a0Virvilas; Grieco (pt 44&#8242; N. Masut), Perez, Tiozzo, Toniolo; Bandaogo (st 1&#8242; Capacchione), De Carli (st 10&#8242; Mazza), Tardivo (st 26&#8242; Biancheri); De Paoli, Nunic, A. Cossalter (st 1&#8242; Cozzari) (in panchina: Bresolin, Baldassar, Bevilacqua, Alcides). Allenatore: N. Zanini.\u00a0 MONTE PRODECO:\u00a0Fontana; Fornari, Brero, [&hellip;]<\/p>\n","protected":false},"author":2,"featured_media":145236,"comment_status":"closed","ping_status":"open","sticky":false,"template":"","format":"standard","meta":{"footnotes":""},"categories":[4],"tags":[],"class_list":["post-145235","post","type-post","status-publish","format-standard","has-post-thumbnail","category-sport"],"yoast_head":"<!-- This site is optimized with the Yoast SEO plugin v28.4 - https:\/\/yoast.com\/product\/yoast-seo-wordpress\/ -->\n<title>Una rete per tempo: il Monte Prodeco impone lo stop - Bellunopress - Dolomiti<\/title>\n<meta name=\"robots\" content=\"index, follow, max-snippet:-1, max-image-preview:large, max-video-preview:-1\" \/>\n<link rel=\"canonical\" href=\"https:\/\/www.bellunopress.it\/fr\/2023\/10\/22\/una-rete-per-tempo-il-monte-prodeco-impone-lo-stop\/\" \/>\n<meta property=\"og:locale\" content=\"fr_FR\" \/>\n<meta property=\"og:type\" content=\"article\" \/>\n<meta property=\"og:title\" content=\"Una rete per tempo: il Monte Prodeco impone lo stop - Bellunopress - Dolomiti\" \/>\n<meta property=\"og:description\" content=\"DOLOMITI BELLUNESI-MONTE PRODECO 0-2 GOL:\u00a0pt 44&#8242; Tassi su rigore; 4&#8242; Tassi. DOLOMITI BELLUNESI:\u00a0Virvilas; Grieco (pt 44&#8242; N. Masut), Perez, Tiozzo, Toniolo; Bandaogo (st 1&#8242; Capacchione), De Carli (st 10&#8242; Mazza), Tardivo (st 26&#8242; Biancheri); De Paoli, Nunic, A. Cossalter (st 1&#8242; Cozzari) (in panchina: Bresolin, Baldassar, Bevilacqua, Alcides). Allenatore: N. Zanini.\u00a0 MONTE PRODECO:\u00a0Fontana; Fornari, Brero, [&hellip;]\" \/>\n<meta property=\"og:url\" content=\"https:\/\/www.bellunopress.it\/fr\/2023\/10\/22\/una-rete-per-tempo-il-monte-prodeco-impone-lo-stop\/\" \/>\n<meta property=\"og:site_name\" content=\"Bellunopress - Dolomiti\" \/>\n<meta property=\"article:publisher\" content=\"https:\/\/www.facebook.com\/profile.php?id=100008943462799\" \/>\n<meta property=\"article:published_time\" content=\"2023-10-22T20:33:57+00:00\" \/>\n<meta property=\"og:image\" content=\"https:\/\/www.bellunopress.it\/wp-content\/uploads\/2023\/10\/Dolomiti-bellunesi_edited.jpg\" \/>\n\t<meta property=\"og:image:width\" content=\"1000\" \/>\n\t<meta property=\"og:image:height\" content=\"666\" \/>\n\t<meta property=\"og:image:type\" content=\"image\/jpeg\" \/>\n<meta name=\"author\" content=\"redazione\" \/>\n<meta name=\"twitter:card\" content=\"summary_large_image\" \/>\n<meta name=\"twitter:creator\" content=\"@bellunopress\" \/>\n<meta name=\"twitter:site\" content=\"@bellunopress\" \/>\n<meta name=\"twitter:label1\" content=\"\u00c9crit par\" \/>\n\t<meta name=\"twitter:data1\" content=\"redazione\" \/>\n\t<meta name=\"twitter:label2\" content=\"Dur\u00e9e de lecture estim\u00e9e\" \/>\n\t<meta name=\"twitter:data2\" content=\"3 minutes\" \/>\n<script type=\"application\/ld+json\" class=\"yoast-schema-graph\">{\"@context\":\"https:\\\/\\\/schema.org\",\"@graph\":[{\"@type\":\"Article\",\"@id\":\"https:\\\/\\\/www.bellunopress.it\\\/2023\\\/10\\\/22\\\/una-rete-per-tempo-il-monte-prodeco-impone-lo-stop\\\/#article\",\"isPartOf\":{\"@id\":\"https:\\\/\\\/www.bellunopress.it\\\/2023\\\/10\\\/22\\\/una-rete-per-tempo-il-monte-prodeco-impone-lo-stop\\\/\"},\"author\":{\"name\":\"redazione\",\"@id\":\"https:\\\/\\\/www.bellunopress.it\\\/#\\\/schema\\\/person\\\/79bb06722b37ece1c03d3e94beb30d73\"},\"headline\":\"Una rete per tempo: il Monte Prodeco impone lo stop\",\"datePublished\":\"2023-10-22T20:33:57+00:00\",\"mainEntityOfPage\":{\"@id\":\"https:\\\/\\\/www.bellunopress.it\\\/2023\\\/10\\\/22\\\/una-rete-per-tempo-il-monte-prodeco-impone-lo-stop\\\/\"},\"wordCount\":568,\"publisher\":{\"@id\":\"https:\\\/\\\/www.bellunopress.it\\\/#organization\"},\"image\":{\"@id\":\"https:\\\/\\\/www.bellunopress.it\\\/2023\\\/10\\\/22\\\/una-rete-per-tempo-il-monte-prodeco-impone-lo-stop\\\/#primaryimage\"},\"thumbnailUrl\":\"https:\\\/\\\/www.bellunopress.it\\\/wp-content\\\/uploads\\\/2023\\\/10\\\/Dolomiti-bellunesi_edited.jpg\",\"articleSection\":[\"Sport, tempo libero\"],\"inLanguage\":\"fr-FR\"},{\"@type\":\"WebPage\",\"@id\":\"https:\\\/\\\/www.bellunopress.it\\\/2023\\\/10\\\/22\\\/una-rete-per-tempo-il-monte-prodeco-impone-lo-stop\\\/\",\"url\":\"https:\\\/\\\/www.bellunopress.it\\\/2023\\\/10\\\/22\\\/una-rete-per-tempo-il-monte-prodeco-impone-lo-stop\\\/\",\"name\":\"Una rete per tempo: il Monte Prodeco impone lo stop - Bellunopress - Dolomiti\",\"isPartOf\":{\"@id\":\"https:\\\/\\\/www.bellunopress.it\\\/#website\"},\"primaryImageOfPage\":{\"@id\":\"https:\\\/\\\/www.bellunopress.it\\\/2023\\\/10\\\/22\\\/una-rete-per-tempo-il-monte-prodeco-impone-lo-stop\\\/#primaryimage\"},\"image\":{\"@id\":\"https:\\\/\\\/www.bellunopress.it\\\/2023\\\/10\\\/22\\\/una-rete-per-tempo-il-monte-prodeco-impone-lo-stop\\\/#primaryimage\"},\"thumbnailUrl\":\"https:\\\/\\\/www.bellunopress.it\\\/wp-content\\\/uploads\\\/2023\\\/10\\\/Dolomiti-bellunesi_edited.jpg\",\"datePublished\":\"2023-10-22T20:33:57+00:00\",\"breadcrumb\":{\"@id\":\"https:\\\/\\\/www.bellunopress.it\\\/2023\\\/10\\\/22\\\/una-rete-per-tempo-il-monte-prodeco-impone-lo-stop\\\/#breadcrumb\"},\"inLanguage\":\"fr-FR\",\"potentialAction\":[{\"@type\":\"ReadAction\",\"target\":[\"https:\\\/\\\/www.bellunopress.it\\\/2023\\\/10\\\/22\\\/una-rete-per-tempo-il-monte-prodeco-impone-lo-stop\\\/\"]}]},{\"@type\":\"ImageObject\",\"inLanguage\":\"fr-FR\",\"@id\":\"https:\\\/\\\/www.bellunopress.it\\\/2023\\\/10\\\/22\\\/una-rete-per-tempo-il-monte-prodeco-impone-lo-stop\\\/#primaryimage\",\"url\":\"https:\\\/\\\/www.bellunopress.it\\\/wp-content\\\/uploads\\\/2023\\\/10\\\/Dolomiti-bellunesi_edited.jpg\",\"contentUrl\":\"https:\\\/\\\/www.bellunopress.it\\\/wp-content\\\/uploads\\\/2023\\\/10\\\/Dolomiti-bellunesi_edited.jpg\",\"width\":1000,\"height\":666},{\"@type\":\"BreadcrumbList\",\"@id\":\"https:\\\/\\\/www.bellunopress.it\\\/2023\\\/10\\\/22\\\/una-rete-per-tempo-il-monte-prodeco-impone-lo-stop\\\/#breadcrumb\",\"itemListElement\":[{\"@type\":\"ListItem\",\"position\":1,\"name\":\"Home\",\"item\":\"https:\\\/\\\/www.bellunopress.it\\\/\"},{\"@type\":\"ListItem\",\"position\":2,\"name\":\"Una rete per tempo: il Monte Prodeco impone lo stop\"}]},{\"@type\":\"WebSite\",\"@id\":\"https:\\\/\\\/www.bellunopress.it\\\/#website\",\"url\":\"https:\\\/\\\/www.bellunopress.it\\\/\",\"name\":\"Bellunopress - Dolomiti\",\"description\":\"e-mail: redazione@bellunopress.it\",\"publisher\":{\"@id\":\"https:\\\/\\\/www.bellunopress.it\\\/#organization\"},\"potentialAction\":[{\"@type\":\"SearchAction\",\"target\":{\"@type\":\"EntryPoint\",\"urlTemplate\":\"https:\\\/\\\/www.bellunopress.it\\\/?s={search_term_string}\"},\"query-input\":{\"@type\":\"PropertyValueSpecification\",\"valueRequired\":true,\"valueName\":\"search_term_string\"}}],\"inLanguage\":\"fr-FR\"},{\"@type\":\"Organization\",\"@id\":\"https:\\\/\\\/www.bellunopress.it\\\/#organization\",\"name\":\"Bellunopress\",\"url\":\"https:\\\/\\\/www.bellunopress.it\\\/\",\"logo\":{\"@type\":\"ImageObject\",\"inLanguage\":\"fr-FR\",\"@id\":\"https:\\\/\\\/www.bellunopress.it\\\/#\\\/schema\\\/logo\\\/image\\\/\",\"url\":\"https:\\\/\\\/www.bellunopress.it\\\/wp-content\\\/uploads\\\/2011\\\/05\\\/cropped-logo-bellunopress-.jpg\",\"contentUrl\":\"https:\\\/\\\/www.bellunopress.it\\\/wp-content\\\/uploads\\\/2011\\\/05\\\/cropped-logo-bellunopress-.jpg\",\"width\":512,\"height\":512,\"caption\":\"Bellunopress\"},\"image\":{\"@id\":\"https:\\\/\\\/www.bellunopress.it\\\/#\\\/schema\\\/logo\\\/image\\\/\"},\"sameAs\":[\"https:\\\/\\\/www.facebook.com\\\/profile.php?id=100008943462799\",\"https:\\\/\\\/x.com\\\/bellunopress\",\"https:\\\/\\\/www.linkedin.com\\\/hp\\\/?dnr=JBzUWaJfMUw8vbXJJ2tVW5-I3jZKvC4wsoxE&amp;amp;amp;amp;amp;amp;trk=nav_responsive_tab_home\",\"https:\\\/\\\/www.youtube.com\\\/channel\\\/UCxL0wu1uN0_3_7hGG0306cw\"]},{\"@type\":\"Person\",\"@id\":\"https:\\\/\\\/www.bellunopress.it\\\/#\\\/schema\\\/person\\\/79bb06722b37ece1c03d3e94beb30d73\",\"name\":\"redazione\",\"image\":{\"@type\":\"ImageObject\",\"inLanguage\":\"fr-FR\",\"@id\":\"https:\\\/\\\/secure.gravatar.com\\\/avatar\\\/37d968a2e67a6fd04c169c4bdef102d0bc5d31b2546345219e348575eb80e9a0?s=96&d=mm&r=g\",\"url\":\"https:\\\/\\\/secure.gravatar.com\\\/avatar\\\/37d968a2e67a6fd04c169c4bdef102d0bc5d31b2546345219e348575eb80e9a0?s=96&d=mm&r=g\",\"contentUrl\":\"https:\\\/\\\/secure.gravatar.com\\\/avatar\\\/37d968a2e67a6fd04c169c4bdef102d0bc5d31b2546345219e348575eb80e9a0?s=96&d=mm&r=g\",\"caption\":\"redazione\"},\"sameAs\":[\"http:\\\/\\\/www.bellunopress.it\",\"https:\\\/\\\/x.com\\\/bellunopress\"],\"url\":\"https:\\\/\\\/www.bellunopress.it\\\/fr\\\/author\\\/redazione\\\/\"}]}<\/script>\n<!-- \/ Yoast SEO plugin. -->","yoast_head_json":{"title":"Una rete per tempo: il Monte Prodeco impone lo stop - Bellunopress - Dolomiti","robots":{"index":"index","follow":"follow","max-snippet":"max-snippet:-1","max-image-preview":"max-image-preview:large","max-video-preview":"max-video-preview:-1"},"canonical":"https:\/\/www.bellunopress.it\/fr\/2023\/10\/22\/una-rete-per-tempo-il-monte-prodeco-impone-lo-stop\/","og_locale":"fr_FR","og_type":"article","og_title":"Una rete per tempo: il Monte Prodeco impone lo stop - Bellunopress - Dolomiti","og_description":"DOLOMITI BELLUNESI-MONTE PRODECO 0-2 GOL:\u00a0pt 44&#8242; Tassi su rigore; 4&#8242; Tassi. DOLOMITI BELLUNESI:\u00a0Virvilas; Grieco (pt 44&#8242; N. Masut), Perez, Tiozzo, Toniolo; Bandaogo (st 1&#8242; Capacchione), De Carli (st 10&#8242; Mazza), Tardivo (st 26&#8242; Biancheri); De Paoli, Nunic, A. Cossalter (st 1&#8242; Cozzari) (in panchina: Bresolin, Baldassar, Bevilacqua, Alcides). Allenatore: N. Zanini.\u00a0 MONTE PRODECO:\u00a0Fontana; Fornari, Brero, [&hellip;]","og_url":"https:\/\/www.bellunopress.it\/fr\/2023\/10\/22\/una-rete-per-tempo-il-monte-prodeco-impone-lo-stop\/","og_site_name":"Bellunopress - Dolomiti","article_publisher":"https:\/\/www.facebook.com\/profile.php?id=100008943462799","article_published_time":"2023-10-22T20:33:57+00:00","og_image":[{"width":1000,"height":666,"url":"https:\/\/www.bellunopress.it\/wp-content\/uploads\/2023\/10\/Dolomiti-bellunesi_edited.jpg","type":"image\/jpeg"}],"author":"redazione","twitter_card":"summary_large_image","twitter_creator":"@bellunopress","twitter_site":"@bellunopress","twitter_misc":{"\u00c9crit par":"redazione","Dur\u00e9e de lecture estim\u00e9e":"3 minutes"},"schema":{"@context":"https:\/\/schema.org","@graph":[{"@type":"Article","@id":"https:\/\/www.bellunopress.it\/2023\/10\/22\/una-rete-per-tempo-il-monte-prodeco-impone-lo-stop\/#article","isPartOf":{"@id":"https:\/\/www.bellunopress.it\/2023\/10\/22\/una-rete-per-tempo-il-monte-prodeco-impone-lo-stop\/"},"author":{"name":"redazione","@id":"https:\/\/www.bellunopress.it\/#\/schema\/person\/79bb06722b37ece1c03d3e94beb30d73"},"headline":"Una rete per tempo: il Monte Prodeco impone lo stop","datePublished":"2023-10-22T20:33:57+00:00","mainEntityOfPage":{"@id":"https:\/\/www.bellunopress.it\/2023\/10\/22\/una-rete-per-tempo-il-monte-prodeco-impone-lo-stop\/"},"wordCount":568,"publisher":{"@id":"https:\/\/www.bellunopress.it\/#organization"},"image":{"@id":"https:\/\/www.bellunopress.it\/2023\/10\/22\/una-rete-per-tempo-il-monte-prodeco-impone-lo-stop\/#primaryimage"},"thumbnailUrl":"https:\/\/www.bellunopress.it\/wp-content\/uploads\/2023\/10\/Dolomiti-bellunesi_edited.jpg","articleSection":["Sport, tempo libero"],"inLanguage":"fr-FR"},{"@type":"WebPage","@id":"https:\/\/www.bellunopress.it\/2023\/10\/22\/una-rete-per-tempo-il-monte-prodeco-impone-lo-stop\/","url":"https:\/\/www.bellunopress.it\/2023\/10\/22\/una-rete-per-tempo-il-monte-prodeco-impone-lo-stop\/","name":"Una rete per tempo: il Monte Prodeco impone lo stop - Bellunopress - Dolomiti","isPartOf":{"@id":"https:\/\/www.bellunopress.it\/#website"},"primaryImageOfPage":{"@id":"https:\/\/www.bellunopress.it\/2023\/10\/22\/una-rete-per-tempo-il-monte-prodeco-impone-lo-stop\/#primaryimage"},"image":{"@id":"https:\/\/www.bellunopress.it\/2023\/10\/22\/una-rete-per-tempo-il-monte-prodeco-impone-lo-stop\/#primaryimage"},"thumbnailUrl":"https:\/\/www.bellunopress.it\/wp-content\/uploads\/2023\/10\/Dolomiti-bellunesi_edited.jpg","datePublished":"2023-10-22T20:33:57+00:00","breadcrumb":{"@id":"https:\/\/www.bellunopress.it\/2023\/10\/22\/una-rete-per-tempo-il-monte-prodeco-impone-lo-stop\/#breadcrumb"},"inLanguage":"fr-FR","potentialAction":[{"@type":"ReadAction","target":["https:\/\/www.bellunopress.it\/2023\/10\/22\/una-rete-per-tempo-il-monte-prodeco-impone-lo-stop\/"]}]},{"@type":"ImageObject","inLanguage":"fr-FR","@id":"https:\/\/www.bellunopress.it\/2023\/10\/22\/una-rete-per-tempo-il-monte-prodeco-impone-lo-stop\/#primaryimage","url":"https:\/\/www.bellunopress.it\/wp-content\/uploads\/2023\/10\/Dolomiti-bellunesi_edited.jpg","contentUrl":"https:\/\/www.bellunopress.it\/wp-content\/uploads\/2023\/10\/Dolomiti-bellunesi_edited.jpg","width":1000,"height":666},{"@type":"BreadcrumbList","@id":"https:\/\/www.bellunopress.it\/2023\/10\/22\/una-rete-per-tempo-il-monte-prodeco-impone-lo-stop\/#breadcrumb","itemListElement":[{"@type":"ListItem","position":1,"name":"Home","item":"https:\/\/www.bellunopress.it\/"},{"@type":"ListItem","position":2,"name":"Una rete per tempo: il Monte Prodeco impone lo stop"}]},{"@type":"WebSite","@id":"https:\/\/www.bellunopress.it\/#website","url":"https:\/\/www.bellunopress.it\/","name":"Bellunopress - Dolomiti","description":"e-mail: redazione@bellunopress.it","publisher":{"@id":"https:\/\/www.bellunopress.it\/#organization"},"potentialAction":[{"@type":"SearchAction","target":{"@type":"EntryPoint","urlTemplate":"https:\/\/www.bellunopress.it\/?s={search_term_string}"},"query-input":{"@type":"PropertyValueSpecification","valueRequired":true,"valueName":"search_term_string"}}],"inLanguage":"fr-FR"},{"@type":"Organization","@id":"https:\/\/www.bellunopress.it\/#organization","name":"Bellunopress","url":"https:\/\/www.bellunopress.it\/","logo":{"@type":"ImageObject","inLanguage":"fr-FR","@id":"https:\/\/www.bellunopress.it\/#\/schema\/logo\/image\/","url":"https:\/\/www.bellunopress.it\/wp-content\/uploads\/2011\/05\/cropped-logo-bellunopress-.jpg","contentUrl":"https:\/\/www.bellunopress.it\/wp-content\/uploads\/2011\/05\/cropped-logo-bellunopress-.jpg","width":512,"height":512,"caption":"Bellunopress"},"image":{"@id":"https:\/\/www.bellunopress.it\/#\/schema\/logo\/image\/"},"sameAs":["https:\/\/www.facebook.com\/profile.php?id=100008943462799","https:\/\/x.com\/bellunopress","https:\/\/www.linkedin.com\/hp\/?dnr=JBzUWaJfMUw8vbXJJ2tVW5-I3jZKvC4wsoxE&amp;amp;amp;amp;amp;amp;trk=nav_responsive_tab_home","https:\/\/www.youtube.com\/channel\/UCxL0wu1uN0_3_7hGG0306cw"]},{"@type":"Person","@id":"https:\/\/www.bellunopress.it\/#\/schema\/person\/79bb06722b37ece1c03d3e94beb30d73","name":"r\u00e9daction","image":{"@type":"ImageObject","inLanguage":"fr-FR","@id":"https:\/\/secure.gravatar.com\/avatar\/37d968a2e67a6fd04c169c4bdef102d0bc5d31b2546345219e348575eb80e9a0?s=96&d=mm&r=g","url":"https:\/\/secure.gravatar.com\/avatar\/37d968a2e67a6fd04c169c4bdef102d0bc5d31b2546345219e348575eb80e9a0?s=96&d=mm&r=g","contentUrl":"https:\/\/secure.gravatar.com\/avatar\/37d968a2e67a6fd04c169c4bdef102d0bc5d31b2546345219e348575eb80e9a0?s=96&d=mm&r=g","caption":"redazione"},"sameAs":["http:\/\/www.bellunopress.it","https:\/\/x.com\/bellunopress"],"url":"https:\/\/www.bellunopress.it\/fr\/author\/redazione\/"}]}},"_links":{"self":[{"href":"https:\/\/www.bellunopress.it\/fr\/wp-json\/wp\/v2\/posts\/145235","targetHints":{"allow":["GET"]}}],"collection":[{"href":"https:\/\/www.bellunopress.it\/fr\/wp-json\/wp\/v2\/posts"}],"about":[{"href":"https:\/\/www.bellunopress.it\/fr\/wp-json\/wp\/v2\/types\/post"}],"author":[{"embeddable":true,"href":"https:\/\/www.bellunopress.it\/fr\/wp-json\/wp\/v2\/users\/2"}],"replies":[{"embeddable":true,"href":"https:\/\/www.bellunopress.it\/fr\/wp-json\/wp\/v2\/comments?post=145235"}],"version-history":[{"count":1,"href":"https:\/\/www.bellunopress.it\/fr\/wp-json\/wp\/v2\/posts\/145235\/revisions"}],"predecessor-version":[{"id":145237,"href":"https:\/\/www.bellunopress.it\/fr\/wp-json\/wp\/v2\/posts\/145235\/revisions\/145237"}],"wp:featuredmedia":[{"embeddable":true,"href":"https:\/\/www.bellunopress.it\/fr\/wp-json\/wp\/v2\/media\/145236"}],"wp:attachment":[{"href":"https:\/\/www.bellunopress.it\/fr\/wp-json\/wp\/v2\/media?parent=145235"}],"wp:term":[{"taxonomy":"category","embeddable":true,"href":"https:\/\/www.bellunopress.it\/fr\/wp-json\/wp\/v2\/categories?post=145235"},{"taxonomy":"post_tag","embeddable":true,"href":"https:\/\/www.bellunopress.it\/fr\/wp-json\/wp\/v2\/tags?post=145235"}],"curies":[{"name":"wp","href":"https:\/\/api.w.org\/{rel}","templated":true}]}}