{"id":145232,"date":"2023-10-22T22:28:06","date_gmt":"2023-10-22T20:28:06","guid":{"rendered":"https:\/\/www.bellunopress.it\/?p=145232"},"modified":"2023-10-22T22:28:06","modified_gmt":"2023-10-22T20:28:06","slug":"belluno-volley-la-prima-trasferta-di-campionato-e-amara","status":"publish","type":"post","link":"https:\/\/www.bellunopress.it\/fr\/2023\/10\/22\/belluno-volley-la-prima-trasferta-di-campionato-e-amara\/","title":{"rendered":"Belluno Volley: la prima trasferta di campionato \u00e8 amara"},"content":{"rendered":"<p><img loading=\"lazy\" decoding=\"async\" class=\"alignleft size-full wp-image-145233\" src=\"https:\/\/www.bellunopress.it\/wp-content\/uploads\/2023\/10\/belluno-volley.jpg\" alt=\"\" width=\"737\" height=\"397\" srcset=\"https:\/\/www.bellunopress.it\/wp-content\/uploads\/2023\/10\/belluno-volley.jpg 737w, https:\/\/www.bellunopress.it\/wp-content\/uploads\/2023\/10\/belluno-volley-500x269.jpg 500w, https:\/\/www.bellunopress.it\/wp-content\/uploads\/2023\/10\/belluno-volley-696x375.jpg 696w\" sizes=\"auto, (max-width: 737px) 100vw, 737px\" \/>Pavia \u00e8 amara per il Belluno Volley: il bottino pieno va alla Moyashi<\/p>\n<p>MOYASHI GARLASCO-BELLUNO VOLLEY 3-1<\/p>\n<p>PARZIALI: 28-30, 25-22, 25-19, 25-22.<\/p>\n<p>MOYASHI GARLASCO: Peslac 11, Cavalcanti 10, J. Martinez 11, Biasotto 11, Boscardini 6, Puliti 16; Accorsi (L), Tomassini, Chatdchyn. N.e. Pedroni, Vattovaz, Calitri (L), Colella. Allenatore: V. Bertini.<\/p>\n<p>BELLUNO VOLLEY: Maccabruni 8, Bisi 9, Schiro 16, Bucko 16, Stufano 2, Antonaci 2; Orto (L), Mozzato 5, I. Martinez 1, G. Martinez. N.e. Guolla, De Col, Fraccaro (L). Allenatore: G. Colussi.<\/p>\n<p>ARBITRI: Eustachio Papapietro di Matera e Marco Pasin di Torino.<\/p>\n<p>NOTE. Durata set 35&#8242;, 26&#8242;, 26&#8242;, 29&#8242;; totale 1h56&#8242;. Garlasco: battute sbagliate 21, vincenti 8, muri 10. Belluno: b.s. 23, v. 5, m. 8.<\/p>\n<p>Un ottimo inizio, poi il Belluno Volley presta il fianco alla rimonta della Moyashi, che la spunta in quattro set e rende particolarmente amara la prima trasferta in campionato dei rinoceronti. Da Pavia, i ragazzi di coach Colussi tornano con parecchi rimpianti, ma nessun punto. Anche a causa della zavorra rappresentata dai 23 errori in battuta. E cos\u00ec, Garlasco riesce a imporsi, sfruttando al meglio la sua fisicit\u00e0, un muro granitico e, in generale, un volley di grande intensit\u00e0.<\/p>\n<p>DENTRO STUFANO &#8211; Cambia, rispetto al debutto, il sestetto di partenza, con Stufano al posto di un Mozzato reduce da una settimana difficile per colpa della febbre. L&#8217;avvio \u00e8 vibrante. E a renderlo cos\u00ec elettrico contribuisce Bucko, abile a mettere l&#8217;impronta sul break di 4-0 che indirizza i giochi sul versante dolomitico: Maccabruni firma poi un doppio ace e il +5 sembra una sentenza anticipata. Sembra, perch\u00e9 Javier Martinez riavvicina i padroni di casa (21-22), Puliti a muro firma la parit\u00e0 a quota 23 e ancora Martinez sorpassa, regalando ben due palle set ai suoi. Entrambe annullate. Ai vantaggi, l&#8217;ultima parola spetta a Piergiorgio Antonaci, con il muro che gli permette di superare quota 100 in A.<\/p>\n<p>CENTIMETRI &#8211; Nel secondo atto, i bellunesi riprendono da dove avevano lasciato. E continuano a macinare la loro pallavolo. Almeno fino al 19-18, perch\u00e9 Garlasco sfrutta tutti i suoi centimetri e la sua fisicit\u00e0. E sale prepotentemente di colpi a muro: 23-21, il quadro \u00e8 ribaltato. Bucko prova ad accorciare, ma un servizio out e una doppia di Maccabruni fanno calare il sipario sul parziale. I rinoceronti accusano il colpo: balbettano in attacco (anche perch\u00e9 la muraglia di Garlasco fa letteralmente ombra) e pure dalla ricezione emerge qualche scricchiolio, come testimonia il servizio vincente confezionato da Puliti (18-14). Bucko prova a suonare la carica, ma sul 19-17 arriva un break di 6-2 che consente ai lombardi di chiudere i conti. E di mettere la testa avanti.<\/p>\n<p>IN SALITA &#8211; La strada \u00e8 in salita. Irrimediabilmente in salita. Mozzato, con un bellissimo primo tempo, tiene a galla i biancobl\u00f9 (15-14), ma il finale \u00e8 tutto della Moyashi, ben diretta in cabina di regia da un Milan Peslac incisivo pure dai 9 metri.<\/p>\n<p>LE PAROLE DEL COACH &#8211; \u00abNon \u00e8 stata una buona prestazione, abbiamo faticato &#8211; afferma coach Gian Luca Colussi -. Diamo merito a un avversario che ha disputato una grande gara, ha battuto davvero bene e ci ha messo in difficolt\u00e0. Nel primo set siamo stati bravi a contenere i nostri avversari, ma alla lunga loro sono cresciuti, mentre noi non siamo stati lucidi come avremmo dovuto. In ogni caso, guardiamo avanti: questo \u00e8 un campionato tostissimo e in ogni partita ci sar\u00e0 da combattere. E da dare il 100 per cento\u00bb.<\/p>","protected":false},"excerpt":{"rendered":"<p>Pavia \u00e8 amara per il Belluno Volley: il bottino pieno va alla Moyashi MOYASHI GARLASCO-BELLUNO VOLLEY 3-1 PARZIALI: 28-30, 25-22, 25-19, 25-22. MOYASHI GARLASCO: Peslac 11, Cavalcanti 10, J. Martinez 11, Biasotto 11, Boscardini 6, Puliti 16; Accorsi (L), Tomassini, Chatdchyn. N.e. Pedroni, Vattovaz, Calitri (L), Colella. Allenatore: V. Bertini. BELLUNO VOLLEY: Maccabruni 8, Bisi [&hellip;]<\/p>\n","protected":false},"author":2,"featured_media":145233,"comment_status":"closed","ping_status":"open","sticky":false,"template":"","format":"standard","meta":{"footnotes":""},"categories":[4],"tags":[],"class_list":["post-145232","post","type-post","status-publish","format-standard","has-post-thumbnail","category-sport"],"yoast_head":"<!-- This site is optimized with the Yoast SEO plugin v28.4 - https:\/\/yoast.com\/product\/yoast-seo-wordpress\/ -->\n<title>Belluno Volley: la prima trasferta di campionato \u00e8 amara - Bellunopress - Dolomiti<\/title>\n<meta name=\"robots\" content=\"index, follow, max-snippet:-1, max-image-preview:large, max-video-preview:-1\" \/>\n<link rel=\"canonical\" href=\"https:\/\/www.bellunopress.it\/fr\/2023\/10\/22\/belluno-volley-la-prima-trasferta-di-campionato-e-amara\/\" \/>\n<meta property=\"og:locale\" content=\"fr_FR\" \/>\n<meta property=\"og:type\" content=\"article\" \/>\n<meta property=\"og:title\" content=\"Belluno Volley: la prima trasferta di campionato \u00e8 amara - Bellunopress - Dolomiti\" \/>\n<meta property=\"og:description\" content=\"Pavia \u00e8 amara per il Belluno Volley: il bottino pieno va alla Moyashi MOYASHI GARLASCO-BELLUNO VOLLEY 3-1 PARZIALI: 28-30, 25-22, 25-19, 25-22. MOYASHI GARLASCO: Peslac 11, Cavalcanti 10, J. Martinez 11, Biasotto 11, Boscardini 6, Puliti 16; Accorsi (L), Tomassini, Chatdchyn. N.e. Pedroni, Vattovaz, Calitri (L), Colella. Allenatore: V. Bertini. BELLUNO VOLLEY: Maccabruni 8, Bisi [&hellip;]\" \/>\n<meta property=\"og:url\" content=\"https:\/\/www.bellunopress.it\/fr\/2023\/10\/22\/belluno-volley-la-prima-trasferta-di-campionato-e-amara\/\" \/>\n<meta property=\"og:site_name\" content=\"Bellunopress - Dolomiti\" \/>\n<meta property=\"article:publisher\" content=\"https:\/\/www.facebook.com\/profile.php?id=100008943462799\" \/>\n<meta property=\"article:published_time\" content=\"2023-10-22T20:28:06+00:00\" \/>\n<meta property=\"og:image\" content=\"https:\/\/www.bellunopress.it\/wp-content\/uploads\/2023\/10\/belluno-volley.jpg\" \/>\n\t<meta property=\"og:image:width\" content=\"737\" \/>\n\t<meta property=\"og:image:height\" content=\"397\" \/>\n\t<meta property=\"og:image:type\" content=\"image\/jpeg\" \/>\n<meta name=\"author\" content=\"redazione\" \/>\n<meta name=\"twitter:card\" content=\"summary_large_image\" \/>\n<meta name=\"twitter:creator\" content=\"@bellunopress\" \/>\n<meta name=\"twitter:site\" content=\"@bellunopress\" \/>\n<meta name=\"twitter:label1\" content=\"\u00c9crit par\" \/>\n\t<meta name=\"twitter:data1\" content=\"redazione\" \/>\n\t<meta name=\"twitter:label2\" content=\"Dur\u00e9e de lecture estim\u00e9e\" \/>\n\t<meta name=\"twitter:data2\" content=\"3 minutes\" \/>\n<script type=\"application\/ld+json\" class=\"yoast-schema-graph\">{\"@context\":\"https:\\\/\\\/schema.org\",\"@graph\":[{\"@type\":\"Article\",\"@id\":\"https:\\\/\\\/www.bellunopress.it\\\/2023\\\/10\\\/22\\\/belluno-volley-la-prima-trasferta-di-campionato-e-amara\\\/#article\",\"isPartOf\":{\"@id\":\"https:\\\/\\\/www.bellunopress.it\\\/2023\\\/10\\\/22\\\/belluno-volley-la-prima-trasferta-di-campionato-e-amara\\\/\"},\"author\":{\"name\":\"redazione\",\"@id\":\"https:\\\/\\\/www.bellunopress.it\\\/#\\\/schema\\\/person\\\/79bb06722b37ece1c03d3e94beb30d73\"},\"headline\":\"Belluno Volley: la prima trasferta di campionato \u00e8 amara\",\"datePublished\":\"2023-10-22T20:28:06+00:00\",\"mainEntityOfPage\":{\"@id\":\"https:\\\/\\\/www.bellunopress.it\\\/2023\\\/10\\\/22\\\/belluno-volley-la-prima-trasferta-di-campionato-e-amara\\\/\"},\"wordCount\":552,\"publisher\":{\"@id\":\"https:\\\/\\\/www.bellunopress.it\\\/#organization\"},\"image\":{\"@id\":\"https:\\\/\\\/www.bellunopress.it\\\/2023\\\/10\\\/22\\\/belluno-volley-la-prima-trasferta-di-campionato-e-amara\\\/#primaryimage\"},\"thumbnailUrl\":\"https:\\\/\\\/www.bellunopress.it\\\/wp-content\\\/uploads\\\/2023\\\/10\\\/belluno-volley.jpg\",\"articleSection\":[\"Sport, tempo libero\"],\"inLanguage\":\"fr-FR\"},{\"@type\":\"WebPage\",\"@id\":\"https:\\\/\\\/www.bellunopress.it\\\/2023\\\/10\\\/22\\\/belluno-volley-la-prima-trasferta-di-campionato-e-amara\\\/\",\"url\":\"https:\\\/\\\/www.bellunopress.it\\\/2023\\\/10\\\/22\\\/belluno-volley-la-prima-trasferta-di-campionato-e-amara\\\/\",\"name\":\"Belluno Volley: la prima trasferta di campionato \u00e8 amara - Bellunopress - Dolomiti\",\"isPartOf\":{\"@id\":\"https:\\\/\\\/www.bellunopress.it\\\/#website\"},\"primaryImageOfPage\":{\"@id\":\"https:\\\/\\\/www.bellunopress.it\\\/2023\\\/10\\\/22\\\/belluno-volley-la-prima-trasferta-di-campionato-e-amara\\\/#primaryimage\"},\"image\":{\"@id\":\"https:\\\/\\\/www.bellunopress.it\\\/2023\\\/10\\\/22\\\/belluno-volley-la-prima-trasferta-di-campionato-e-amara\\\/#primaryimage\"},\"thumbnailUrl\":\"https:\\\/\\\/www.bellunopress.it\\\/wp-content\\\/uploads\\\/2023\\\/10\\\/belluno-volley.jpg\",\"datePublished\":\"2023-10-22T20:28:06+00:00\",\"breadcrumb\":{\"@id\":\"https:\\\/\\\/www.bellunopress.it\\\/2023\\\/10\\\/22\\\/belluno-volley-la-prima-trasferta-di-campionato-e-amara\\\/#breadcrumb\"},\"inLanguage\":\"fr-FR\",\"potentialAction\":[{\"@type\":\"ReadAction\",\"target\":[\"https:\\\/\\\/www.bellunopress.it\\\/2023\\\/10\\\/22\\\/belluno-volley-la-prima-trasferta-di-campionato-e-amara\\\/\"]}]},{\"@type\":\"ImageObject\",\"inLanguage\":\"fr-FR\",\"@id\":\"https:\\\/\\\/www.bellunopress.it\\\/2023\\\/10\\\/22\\\/belluno-volley-la-prima-trasferta-di-campionato-e-amara\\\/#primaryimage\",\"url\":\"https:\\\/\\\/www.bellunopress.it\\\/wp-content\\\/uploads\\\/2023\\\/10\\\/belluno-volley.jpg\",\"contentUrl\":\"https:\\\/\\\/www.bellunopress.it\\\/wp-content\\\/uploads\\\/2023\\\/10\\\/belluno-volley.jpg\",\"width\":737,\"height\":397},{\"@type\":\"BreadcrumbList\",\"@id\":\"https:\\\/\\\/www.bellunopress.it\\\/2023\\\/10\\\/22\\\/belluno-volley-la-prima-trasferta-di-campionato-e-amara\\\/#breadcrumb\",\"itemListElement\":[{\"@type\":\"ListItem\",\"position\":1,\"name\":\"Home\",\"item\":\"https:\\\/\\\/www.bellunopress.it\\\/\"},{\"@type\":\"ListItem\",\"position\":2,\"name\":\"Belluno Volley: la prima trasferta di campionato \u00e8 amara\"}]},{\"@type\":\"WebSite\",\"@id\":\"https:\\\/\\\/www.bellunopress.it\\\/#website\",\"url\":\"https:\\\/\\\/www.bellunopress.it\\\/\",\"name\":\"Bellunopress - Dolomiti\",\"description\":\"e-mail: redazione@bellunopress.it\",\"publisher\":{\"@id\":\"https:\\\/\\\/www.bellunopress.it\\\/#organization\"},\"potentialAction\":[{\"@type\":\"SearchAction\",\"target\":{\"@type\":\"EntryPoint\",\"urlTemplate\":\"https:\\\/\\\/www.bellunopress.it\\\/?s={search_term_string}\"},\"query-input\":{\"@type\":\"PropertyValueSpecification\",\"valueRequired\":true,\"valueName\":\"search_term_string\"}}],\"inLanguage\":\"fr-FR\"},{\"@type\":\"Organization\",\"@id\":\"https:\\\/\\\/www.bellunopress.it\\\/#organization\",\"name\":\"Bellunopress\",\"url\":\"https:\\\/\\\/www.bellunopress.it\\\/\",\"logo\":{\"@type\":\"ImageObject\",\"inLanguage\":\"fr-FR\",\"@id\":\"https:\\\/\\\/www.bellunopress.it\\\/#\\\/schema\\\/logo\\\/image\\\/\",\"url\":\"https:\\\/\\\/www.bellunopress.it\\\/wp-content\\\/uploads\\\/2011\\\/05\\\/cropped-logo-bellunopress-.jpg\",\"contentUrl\":\"https:\\\/\\\/www.bellunopress.it\\\/wp-content\\\/uploads\\\/2011\\\/05\\\/cropped-logo-bellunopress-.jpg\",\"width\":512,\"height\":512,\"caption\":\"Bellunopress\"},\"image\":{\"@id\":\"https:\\\/\\\/www.bellunopress.it\\\/#\\\/schema\\\/logo\\\/image\\\/\"},\"sameAs\":[\"https:\\\/\\\/www.facebook.com\\\/profile.php?id=100008943462799\",\"https:\\\/\\\/x.com\\\/bellunopress\",\"https:\\\/\\\/www.linkedin.com\\\/hp\\\/?dnr=JBzUWaJfMUw8vbXJJ2tVW5-I3jZKvC4wsoxE&amp;amp;amp;amp;amp;amp;trk=nav_responsive_tab_home\",\"https:\\\/\\\/www.youtube.com\\\/channel\\\/UCxL0wu1uN0_3_7hGG0306cw\"]},{\"@type\":\"Person\",\"@id\":\"https:\\\/\\\/www.bellunopress.it\\\/#\\\/schema\\\/person\\\/79bb06722b37ece1c03d3e94beb30d73\",\"name\":\"redazione\",\"image\":{\"@type\":\"ImageObject\",\"inLanguage\":\"fr-FR\",\"@id\":\"https:\\\/\\\/secure.gravatar.com\\\/avatar\\\/37d968a2e67a6fd04c169c4bdef102d0bc5d31b2546345219e348575eb80e9a0?s=96&d=mm&r=g\",\"url\":\"https:\\\/\\\/secure.gravatar.com\\\/avatar\\\/37d968a2e67a6fd04c169c4bdef102d0bc5d31b2546345219e348575eb80e9a0?s=96&d=mm&r=g\",\"contentUrl\":\"https:\\\/\\\/secure.gravatar.com\\\/avatar\\\/37d968a2e67a6fd04c169c4bdef102d0bc5d31b2546345219e348575eb80e9a0?s=96&d=mm&r=g\",\"caption\":\"redazione\"},\"sameAs\":[\"http:\\\/\\\/www.bellunopress.it\",\"https:\\\/\\\/x.com\\\/bellunopress\"],\"url\":\"https:\\\/\\\/www.bellunopress.it\\\/fr\\\/author\\\/redazione\\\/\"}]}<\/script>\n<!-- \/ Yoast SEO plugin. -->","yoast_head_json":{"title":"Belluno Volley: la prima trasferta di campionato \u00e8 amara - Bellunopress - Dolomiti","robots":{"index":"index","follow":"follow","max-snippet":"max-snippet:-1","max-image-preview":"max-image-preview:large","max-video-preview":"max-video-preview:-1"},"canonical":"https:\/\/www.bellunopress.it\/fr\/2023\/10\/22\/belluno-volley-la-prima-trasferta-di-campionato-e-amara\/","og_locale":"fr_FR","og_type":"article","og_title":"Belluno Volley: la prima trasferta di campionato \u00e8 amara - Bellunopress - Dolomiti","og_description":"Pavia \u00e8 amara per il Belluno Volley: il bottino pieno va alla Moyashi MOYASHI GARLASCO-BELLUNO VOLLEY 3-1 PARZIALI: 28-30, 25-22, 25-19, 25-22. MOYASHI GARLASCO: Peslac 11, Cavalcanti 10, J. Martinez 11, Biasotto 11, Boscardini 6, Puliti 16; Accorsi (L), Tomassini, Chatdchyn. N.e. Pedroni, Vattovaz, Calitri (L), Colella. Allenatore: V. Bertini. BELLUNO VOLLEY: Maccabruni 8, Bisi [&hellip;]","og_url":"https:\/\/www.bellunopress.it\/fr\/2023\/10\/22\/belluno-volley-la-prima-trasferta-di-campionato-e-amara\/","og_site_name":"Bellunopress - Dolomiti","article_publisher":"https:\/\/www.facebook.com\/profile.php?id=100008943462799","article_published_time":"2023-10-22T20:28:06+00:00","og_image":[{"width":737,"height":397,"url":"https:\/\/www.bellunopress.it\/wp-content\/uploads\/2023\/10\/belluno-volley.jpg","type":"image\/jpeg"}],"author":"redazione","twitter_card":"summary_large_image","twitter_creator":"@bellunopress","twitter_site":"@bellunopress","twitter_misc":{"\u00c9crit par":"redazione","Dur\u00e9e de lecture estim\u00e9e":"3 minutes"},"schema":{"@context":"https:\/\/schema.org","@graph":[{"@type":"Article","@id":"https:\/\/www.bellunopress.it\/2023\/10\/22\/belluno-volley-la-prima-trasferta-di-campionato-e-amara\/#article","isPartOf":{"@id":"https:\/\/www.bellunopress.it\/2023\/10\/22\/belluno-volley-la-prima-trasferta-di-campionato-e-amara\/"},"author":{"name":"redazione","@id":"https:\/\/www.bellunopress.it\/#\/schema\/person\/79bb06722b37ece1c03d3e94beb30d73"},"headline":"Belluno Volley: la prima trasferta di campionato \u00e8 amara","datePublished":"2023-10-22T20:28:06+00:00","mainEntityOfPage":{"@id":"https:\/\/www.bellunopress.it\/2023\/10\/22\/belluno-volley-la-prima-trasferta-di-campionato-e-amara\/"},"wordCount":552,"publisher":{"@id":"https:\/\/www.bellunopress.it\/#organization"},"image":{"@id":"https:\/\/www.bellunopress.it\/2023\/10\/22\/belluno-volley-la-prima-trasferta-di-campionato-e-amara\/#primaryimage"},"thumbnailUrl":"https:\/\/www.bellunopress.it\/wp-content\/uploads\/2023\/10\/belluno-volley.jpg","articleSection":["Sport, tempo libero"],"inLanguage":"fr-FR"},{"@type":"WebPage","@id":"https:\/\/www.bellunopress.it\/2023\/10\/22\/belluno-volley-la-prima-trasferta-di-campionato-e-amara\/","url":"https:\/\/www.bellunopress.it\/2023\/10\/22\/belluno-volley-la-prima-trasferta-di-campionato-e-amara\/","name":"Belluno Volley: la prima trasferta di campionato \u00e8 amara - Bellunopress - Dolomiti","isPartOf":{"@id":"https:\/\/www.bellunopress.it\/#website"},"primaryImageOfPage":{"@id":"https:\/\/www.bellunopress.it\/2023\/10\/22\/belluno-volley-la-prima-trasferta-di-campionato-e-amara\/#primaryimage"},"image":{"@id":"https:\/\/www.bellunopress.it\/2023\/10\/22\/belluno-volley-la-prima-trasferta-di-campionato-e-amara\/#primaryimage"},"thumbnailUrl":"https:\/\/www.bellunopress.it\/wp-content\/uploads\/2023\/10\/belluno-volley.jpg","datePublished":"2023-10-22T20:28:06+00:00","breadcrumb":{"@id":"https:\/\/www.bellunopress.it\/2023\/10\/22\/belluno-volley-la-prima-trasferta-di-campionato-e-amara\/#breadcrumb"},"inLanguage":"fr-FR","potentialAction":[{"@type":"ReadAction","target":["https:\/\/www.bellunopress.it\/2023\/10\/22\/belluno-volley-la-prima-trasferta-di-campionato-e-amara\/"]}]},{"@type":"ImageObject","inLanguage":"fr-FR","@id":"https:\/\/www.bellunopress.it\/2023\/10\/22\/belluno-volley-la-prima-trasferta-di-campionato-e-amara\/#primaryimage","url":"https:\/\/www.bellunopress.it\/wp-content\/uploads\/2023\/10\/belluno-volley.jpg","contentUrl":"https:\/\/www.bellunopress.it\/wp-content\/uploads\/2023\/10\/belluno-volley.jpg","width":737,"height":397},{"@type":"BreadcrumbList","@id":"https:\/\/www.bellunopress.it\/2023\/10\/22\/belluno-volley-la-prima-trasferta-di-campionato-e-amara\/#breadcrumb","itemListElement":[{"@type":"ListItem","position":1,"name":"Home","item":"https:\/\/www.bellunopress.it\/"},{"@type":"ListItem","position":2,"name":"Belluno Volley: la prima trasferta di campionato \u00e8 amara"}]},{"@type":"WebSite","@id":"https:\/\/www.bellunopress.it\/#website","url":"https:\/\/www.bellunopress.it\/","name":"Bellunopress - Dolomiti","description":"e-mail: redazione@bellunopress.it","publisher":{"@id":"https:\/\/www.bellunopress.it\/#organization"},"potentialAction":[{"@type":"SearchAction","target":{"@type":"EntryPoint","urlTemplate":"https:\/\/www.bellunopress.it\/?s={search_term_string}"},"query-input":{"@type":"PropertyValueSpecification","valueRequired":true,"valueName":"search_term_string"}}],"inLanguage":"fr-FR"},{"@type":"Organization","@id":"https:\/\/www.bellunopress.it\/#organization","name":"Bellunopress","url":"https:\/\/www.bellunopress.it\/","logo":{"@type":"ImageObject","inLanguage":"fr-FR","@id":"https:\/\/www.bellunopress.it\/#\/schema\/logo\/image\/","url":"https:\/\/www.bellunopress.it\/wp-content\/uploads\/2011\/05\/cropped-logo-bellunopress-.jpg","contentUrl":"https:\/\/www.bellunopress.it\/wp-content\/uploads\/2011\/05\/cropped-logo-bellunopress-.jpg","width":512,"height":512,"caption":"Bellunopress"},"image":{"@id":"https:\/\/www.bellunopress.it\/#\/schema\/logo\/image\/"},"sameAs":["https:\/\/www.facebook.com\/profile.php?id=100008943462799","https:\/\/x.com\/bellunopress","https:\/\/www.linkedin.com\/hp\/?dnr=JBzUWaJfMUw8vbXJJ2tVW5-I3jZKvC4wsoxE&amp;amp;amp;amp;amp;amp;trk=nav_responsive_tab_home","https:\/\/www.youtube.com\/channel\/UCxL0wu1uN0_3_7hGG0306cw"]},{"@type":"Person","@id":"https:\/\/www.bellunopress.it\/#\/schema\/person\/79bb06722b37ece1c03d3e94beb30d73","name":"r\u00e9daction","image":{"@type":"ImageObject","inLanguage":"fr-FR","@id":"https:\/\/secure.gravatar.com\/avatar\/37d968a2e67a6fd04c169c4bdef102d0bc5d31b2546345219e348575eb80e9a0?s=96&d=mm&r=g","url":"https:\/\/secure.gravatar.com\/avatar\/37d968a2e67a6fd04c169c4bdef102d0bc5d31b2546345219e348575eb80e9a0?s=96&d=mm&r=g","contentUrl":"https:\/\/secure.gravatar.com\/avatar\/37d968a2e67a6fd04c169c4bdef102d0bc5d31b2546345219e348575eb80e9a0?s=96&d=mm&r=g","caption":"redazione"},"sameAs":["http:\/\/www.bellunopress.it","https:\/\/x.com\/bellunopress"],"url":"https:\/\/www.bellunopress.it\/fr\/author\/redazione\/"}]}},"_links":{"self":[{"href":"https:\/\/www.bellunopress.it\/fr\/wp-json\/wp\/v2\/posts\/145232","targetHints":{"allow":["GET"]}}],"collection":[{"href":"https:\/\/www.bellunopress.it\/fr\/wp-json\/wp\/v2\/posts"}],"about":[{"href":"https:\/\/www.bellunopress.it\/fr\/wp-json\/wp\/v2\/types\/post"}],"author":[{"embeddable":true,"href":"https:\/\/www.bellunopress.it\/fr\/wp-json\/wp\/v2\/users\/2"}],"replies":[{"embeddable":true,"href":"https:\/\/www.bellunopress.it\/fr\/wp-json\/wp\/v2\/comments?post=145232"}],"version-history":[{"count":1,"href":"https:\/\/www.bellunopress.it\/fr\/wp-json\/wp\/v2\/posts\/145232\/revisions"}],"predecessor-version":[{"id":145234,"href":"https:\/\/www.bellunopress.it\/fr\/wp-json\/wp\/v2\/posts\/145232\/revisions\/145234"}],"wp:featuredmedia":[{"embeddable":true,"href":"https:\/\/www.bellunopress.it\/fr\/wp-json\/wp\/v2\/media\/145233"}],"wp:attachment":[{"href":"https:\/\/www.bellunopress.it\/fr\/wp-json\/wp\/v2\/media?parent=145232"}],"wp:term":[{"taxonomy":"category","embeddable":true,"href":"https:\/\/www.bellunopress.it\/fr\/wp-json\/wp\/v2\/categories?post=145232"},{"taxonomy":"post_tag","embeddable":true,"href":"https:\/\/www.bellunopress.it\/fr\/wp-json\/wp\/v2\/tags?post=145232"}],"curies":[{"name":"wp","href":"https:\/\/api.w.org\/{rel}","templated":true}]}}