{"id":14514,"date":"2010-04-17T16:24:50","date_gmt":"2010-04-17T15:24:50","guid":{"rendered":"http:\/\/www.bellunopress.it\/?p=14514"},"modified":"2010-04-17T16:27:17","modified_gmt":"2010-04-17T15:27:17","slug":"l%e2%80%99amministrazione-prade-rinvia-lodg-del-pd-e-sventola-bandiera-bianca-intervento-di-irma-visalli-segretario-dell%e2%80%99unione-comunale-del-partito-democratico","status":"publish","type":"post","link":"https:\/\/www.bellunopress.it\/fr\/2010\/04\/17\/l%e2%80%99amministrazione-prade-rinvia-lodg-del-pd-e-sventola-bandiera-bianca-intervento-di-irma-visalli-segretario-dell%e2%80%99unione-comunale-del-partito-democratico\/","title":{"rendered":"L\u2019amministrazione Prade rinvia l&#8217;Odg del Pd e sventola bandiera bianca. Intervento di Irma Visalli,  segretario dell\u2019Unione comunale del Partito democratico"},"content":{"rendered":"<figure id=\"attachment_8677\" aria-describedby=\"caption-attachment-8677\" style=\"width: 226px\" class=\"wp-caption alignleft\"><a href=\"http:\/\/www.bellunopress.it\/wp-content\/uploads\/2009\/10\/irma-visalli-pd.jpg\"><img loading=\"lazy\" decoding=\"async\" class=\"size-medium wp-image-8677\" title=\"irma-visalli-pd\" src=\"http:\/\/www.bellunopress.it\/wp-content\/uploads\/2009\/10\/irma-visalli-pd.jpg\" alt=\"Irma Visalli\" width=\"226\" height=\"290\" \/><\/a><figcaption id=\"caption-attachment-8677\" class=\"wp-caption-text\">Irma Visalli<\/figcaption><\/figure>\n<p>L&#8217;amministrazione Prade, rimanda l\u2019ordine del giorno del Pd perch\u00e9 il capoluogo \u201cnon ha competenza\u201d e,\u00a0 contestualmente, attraverso le parole del vicesindaco Colle, si dice pronta a bussare alla porta di Zaia per portare a casa i soldi per due o tre cose strategiche per il capoluogo come la grigliata in piazza. Vi \u00e8 tra queste posizioni l\u2019incoerenza pi\u00f9 profonda, quella che allontana sempre pi\u00f9 gli elettori dalle urne. Prima si chiede il voto e poi, riconosciuti \u201ca peso territoriale e politico uguale a zero\u201d dalla propria parte politica, si rimpallano le responsabilit\u00e0\u00a0 dei partiti e non si e pi\u00f9 \u201ccompetenti\u201d per difendere la comunit\u00e0 che si rappresenta. Anche Bottacin si \u00e8 detto \u201cincompetente\u201d ad agire politicamente nei confronti di Zaia. Bisogna essere seduti nelle poltrone alte degli organismi di partito per difendere le ragioni e la dignit\u00e0 dei bellunesi? Non basta essere il Presidente della Provincia? Non basta essere Sindaco? Non c\u2019\u00e8 da stupirsi se poi il resto della provincia non riconosca Belluno come suo capoluogo: dovrebbe essere la capofila di una battaglia civile per la dignit\u00e0 di questo territorio invece, dopo l\u2019indignazione, all\u2019azione politica della maggioranza si sostituisce la soluzione del cappello in mano e dei piccoli accordi tra amici di cordata. Magari un posto riparatore in consiglio regionale e nelle commissioni. Il Partito Democratico crede invece che in questa incresciosa vicenda vi sia un\u2019opportunit\u00e0 , l\u2019unica: fare sponda comune, rafforzare la massa critica della politica bellunese, superando le parti. Presentarsi INSIEME a Venezia per richiedere l\u2019autonomia della provincia .In questo il Comune di Belluno deve avere un ruolo primario nell\u2019esprimere che i bellunesi vogliono essere protagonisti del loro futuro senza attendere il piano che Zaia ha in mente per loro. L\u2019assenza di assessori in giunta non pu\u00f2 tradursi a questo spettacolo di rimpallo di colpe interne a Lega e Pdl.\u00a0 Ai bellunesi ora serve altro,\u00a0\u00a0 nessun piagnisteo sterile e nessuna caduta al servilismo e alla subalternit\u00e0 ai pesi\u00a0 della politica veneziana. Serve\u00a0 fare emergere le domande del bellunese alla Regione ma anche la sua forza , il suo peso\u00a0 (non quello di una testa un voto) per il futuro di tutto il Veneto. .. Come ha gi\u00e0 proposto da Sergio Reolon\u00a0 agli altri neo eletti consiglieri Bond e Toscani, \u00e8 ora di fare FORZA COMUNE. Immediatamente\u00a0 e trasversalmente chiedere\u00a0 che sia approvato il disegno di legge regionale per l\u2019autonomia della Provincia di Belluno,\u00a0 che anche il Comune di\u00a0 Belluno ha firmato nel 2006 con\u00a0 tutti gli stati generali della provincia . E\u2019 l\u00ec. E\u2019 pronto. E\u2019 fattibile.\u00a0 Subito.<br \/>\nIrma Visalli<br \/>\nSegretario dell\u2019Unione Comunale del partito Democratico<\/p>","protected":false},"excerpt":{"rendered":"<p>L&#8217;amministrazione Prade, rimanda l\u2019ordine del giorno del Pd perch\u00e9 il capoluogo \u201cnon ha competenza\u201d e,\u00a0 contestualmente, attraverso le parole del vicesindaco Colle, si dice pronta a bussare alla porta di Zaia per portare a casa i soldi per due o tre cose strategiche per il capoluogo come la grigliata in piazza. Vi \u00e8 tra queste [&hellip;]<\/p>\n","protected":false},"author":2,"featured_media":0,"comment_status":"closed","ping_status":"open","sticky":false,"template":"","format":"standard","meta":{"footnotes":""},"categories":[5],"tags":[1264,628],"class_list":["post-14514","post","type-post","status-publish","format-standard","category-cronaca","tag-disegno-di-legge-per-lautonomia-di-belluno","tag-irma-visalli"],"yoast_head":"<!-- This site is optimized with the Yoast SEO plugin v28.4 - https:\/\/yoast.com\/product\/yoast-seo-wordpress\/ -->\n<title>L\u2019amministrazione Prade rinvia l&#039;Odg del Pd e sventola bandiera bianca. Intervento di Irma Visalli, segretario dell\u2019Unione comunale del Partito democratico - Bellunopress - Dolomiti<\/title>\n<meta name=\"robots\" content=\"index, follow, max-snippet:-1, max-image-preview:large, max-video-preview:-1\" \/>\n<link rel=\"canonical\" href=\"https:\/\/www.bellunopress.it\/fr\/2010\/04\/17\/l\u2019amministrazione-prade-rinvia-lodg-del-pd-e-sventola-bandiera-bianca-intervento-di-irma-visalli-segretario-dell\u2019unione-comunale-del-partito-democratico\/\" \/>\n<meta property=\"og:locale\" content=\"fr_FR\" \/>\n<meta property=\"og:type\" content=\"article\" \/>\n<meta property=\"og:title\" content=\"L\u2019amministrazione Prade rinvia l&#039;Odg del Pd e sventola bandiera bianca. Intervento di Irma Visalli, segretario dell\u2019Unione comunale del Partito democratico - Bellunopress - Dolomiti\" \/>\n<meta property=\"og:description\" content=\"L&#8217;amministrazione Prade, rimanda l\u2019ordine del giorno del Pd perch\u00e9 il capoluogo \u201cnon ha competenza\u201d e,\u00a0 contestualmente, attraverso le parole del vicesindaco Colle, si dice pronta a bussare alla porta di Zaia per portare a casa i soldi per due o tre cose strategiche per il capoluogo come la grigliata in piazza. Vi \u00e8 tra queste [&hellip;]\" \/>\n<meta property=\"og:url\" content=\"https:\/\/www.bellunopress.it\/fr\/2010\/04\/17\/l\u2019amministrazione-prade-rinvia-lodg-del-pd-e-sventola-bandiera-bianca-intervento-di-irma-visalli-segretario-dell\u2019unione-comunale-del-partito-democratico\/\" \/>\n<meta property=\"og:site_name\" content=\"Bellunopress - Dolomiti\" \/>\n<meta property=\"article:publisher\" content=\"https:\/\/www.facebook.com\/profile.php?id=100008943462799\" \/>\n<meta property=\"article:published_time\" content=\"2010-04-17T15:24:50+00:00\" \/>\n<meta property=\"article:modified_time\" content=\"2010-04-17T15:27:17+00:00\" \/>\n<meta property=\"og:image\" content=\"http:\/\/www.bellunopress.it\/wp-content\/uploads\/2009\/10\/irma-visalli-pd.jpg\" \/>\n<meta name=\"author\" content=\"redazione\" \/>\n<meta name=\"twitter:card\" content=\"summary_large_image\" \/>\n<meta name=\"twitter:creator\" content=\"@bellunopress\" \/>\n<meta name=\"twitter:site\" content=\"@bellunopress\" \/>\n<meta name=\"twitter:label1\" content=\"\u00c9crit par\" \/>\n\t<meta name=\"twitter:data1\" content=\"redazione\" \/>\n\t<meta name=\"twitter:label2\" content=\"Dur\u00e9e de lecture estim\u00e9e\" \/>\n\t<meta name=\"twitter:data2\" content=\"2 minutes\" \/>\n<script type=\"application\/ld+json\" class=\"yoast-schema-graph\">{\"@context\":\"https:\\\/\\\/schema.org\",\"@graph\":[{\"@type\":\"Article\",\"@id\":\"https:\\\/\\\/www.bellunopress.it\\\/2010\\\/04\\\/17\\\/l%e2%80%99amministrazione-prade-rinvia-lodg-del-pd-e-sventola-bandiera-bianca-intervento-di-irma-visalli-segretario-dell%e2%80%99unione-comunale-del-partito-democratico\\\/#article\",\"isPartOf\":{\"@id\":\"https:\\\/\\\/www.bellunopress.it\\\/2010\\\/04\\\/17\\\/l%e2%80%99amministrazione-prade-rinvia-lodg-del-pd-e-sventola-bandiera-bianca-intervento-di-irma-visalli-segretario-dell%e2%80%99unione-comunale-del-partito-democratico\\\/\"},\"author\":{\"name\":\"redazione\",\"@id\":\"https:\\\/\\\/www.bellunopress.it\\\/#\\\/schema\\\/person\\\/79bb06722b37ece1c03d3e94beb30d73\"},\"headline\":\"L\u2019amministrazione Prade rinvia l&#8217;Odg del Pd e sventola bandiera bianca. Intervento di Irma Visalli, segretario dell\u2019Unione comunale del Partito democratico\",\"datePublished\":\"2010-04-17T15:24:50+00:00\",\"dateModified\":\"2010-04-17T15:27:17+00:00\",\"mainEntityOfPage\":{\"@id\":\"https:\\\/\\\/www.bellunopress.it\\\/2010\\\/04\\\/17\\\/l%e2%80%99amministrazione-prade-rinvia-lodg-del-pd-e-sventola-bandiera-bianca-intervento-di-irma-visalli-segretario-dell%e2%80%99unione-comunale-del-partito-democratico\\\/\"},\"wordCount\":465,\"publisher\":{\"@id\":\"https:\\\/\\\/www.bellunopress.it\\\/#organization\"},\"image\":{\"@id\":\"https:\\\/\\\/www.bellunopress.it\\\/2010\\\/04\\\/17\\\/l%e2%80%99amministrazione-prade-rinvia-lodg-del-pd-e-sventola-bandiera-bianca-intervento-di-irma-visalli-segretario-dell%e2%80%99unione-comunale-del-partito-democratico\\\/#primaryimage\"},\"thumbnailUrl\":\"http:\\\/\\\/www.bellunopress.it\\\/wp-content\\\/uploads\\\/2009\\\/10\\\/irma-visalli-pd.jpg\",\"keywords\":[\"disegno di legge per l'autonomia di Belluno\",\"Irma Visalli\"],\"articleSection\":[\"Cronaca\\\/Politica\"],\"inLanguage\":\"fr-FR\"},{\"@type\":\"WebPage\",\"@id\":\"https:\\\/\\\/www.bellunopress.it\\\/2010\\\/04\\\/17\\\/l%e2%80%99amministrazione-prade-rinvia-lodg-del-pd-e-sventola-bandiera-bianca-intervento-di-irma-visalli-segretario-dell%e2%80%99unione-comunale-del-partito-democratico\\\/\",\"url\":\"https:\\\/\\\/www.bellunopress.it\\\/2010\\\/04\\\/17\\\/l%e2%80%99amministrazione-prade-rinvia-lodg-del-pd-e-sventola-bandiera-bianca-intervento-di-irma-visalli-segretario-dell%e2%80%99unione-comunale-del-partito-democratico\\\/\",\"name\":\"L\u2019amministrazione Prade rinvia l'Odg del Pd e sventola bandiera bianca. Intervento di Irma Visalli, segretario dell\u2019Unione comunale del Partito democratico - Bellunopress - Dolomiti\",\"isPartOf\":{\"@id\":\"https:\\\/\\\/www.bellunopress.it\\\/#website\"},\"primaryImageOfPage\":{\"@id\":\"https:\\\/\\\/www.bellunopress.it\\\/2010\\\/04\\\/17\\\/l%e2%80%99amministrazione-prade-rinvia-lodg-del-pd-e-sventola-bandiera-bianca-intervento-di-irma-visalli-segretario-dell%e2%80%99unione-comunale-del-partito-democratico\\\/#primaryimage\"},\"image\":{\"@id\":\"https:\\\/\\\/www.bellunopress.it\\\/2010\\\/04\\\/17\\\/l%e2%80%99amministrazione-prade-rinvia-lodg-del-pd-e-sventola-bandiera-bianca-intervento-di-irma-visalli-segretario-dell%e2%80%99unione-comunale-del-partito-democratico\\\/#primaryimage\"},\"thumbnailUrl\":\"http:\\\/\\\/www.bellunopress.it\\\/wp-content\\\/uploads\\\/2009\\\/10\\\/irma-visalli-pd.jpg\",\"datePublished\":\"2010-04-17T15:24:50+00:00\",\"dateModified\":\"2010-04-17T15:27:17+00:00\",\"breadcrumb\":{\"@id\":\"https:\\\/\\\/www.bellunopress.it\\\/2010\\\/04\\\/17\\\/l%e2%80%99amministrazione-prade-rinvia-lodg-del-pd-e-sventola-bandiera-bianca-intervento-di-irma-visalli-segretario-dell%e2%80%99unione-comunale-del-partito-democratico\\\/#breadcrumb\"},\"inLanguage\":\"fr-FR\",\"potentialAction\":[{\"@type\":\"ReadAction\",\"target\":[\"https:\\\/\\\/www.bellunopress.it\\\/2010\\\/04\\\/17\\\/l%e2%80%99amministrazione-prade-rinvia-lodg-del-pd-e-sventola-bandiera-bianca-intervento-di-irma-visalli-segretario-dell%e2%80%99unione-comunale-del-partito-democratico\\\/\"]}]},{\"@type\":\"ImageObject\",\"inLanguage\":\"fr-FR\",\"@id\":\"https:\\\/\\\/www.bellunopress.it\\\/2010\\\/04\\\/17\\\/l%e2%80%99amministrazione-prade-rinvia-lodg-del-pd-e-sventola-bandiera-bianca-intervento-di-irma-visalli-segretario-dell%e2%80%99unione-comunale-del-partito-democratico\\\/#primaryimage\",\"url\":\"http:\\\/\\\/www.bellunopress.it\\\/wp-content\\\/uploads\\\/2009\\\/10\\\/irma-visalli-pd.jpg\",\"contentUrl\":\"http:\\\/\\\/www.bellunopress.it\\\/wp-content\\\/uploads\\\/2009\\\/10\\\/irma-visalli-pd.jpg\"},{\"@type\":\"BreadcrumbList\",\"@id\":\"https:\\\/\\\/www.bellunopress.it\\\/2010\\\/04\\\/17\\\/l%e2%80%99amministrazione-prade-rinvia-lodg-del-pd-e-sventola-bandiera-bianca-intervento-di-irma-visalli-segretario-dell%e2%80%99unione-comunale-del-partito-democratico\\\/#breadcrumb\",\"itemListElement\":[{\"@type\":\"ListItem\",\"position\":1,\"name\":\"Home\",\"item\":\"https:\\\/\\\/www.bellunopress.it\\\/\"},{\"@type\":\"ListItem\",\"position\":2,\"name\":\"L\u2019amministrazione Prade rinvia l&#8217;Odg del Pd e sventola bandiera bianca. Intervento di Irma Visalli, segretario dell\u2019Unione comunale del Partito democratico\"}]},{\"@type\":\"WebSite\",\"@id\":\"https:\\\/\\\/www.bellunopress.it\\\/#website\",\"url\":\"https:\\\/\\\/www.bellunopress.it\\\/\",\"name\":\"Bellunopress - Dolomiti\",\"description\":\"e-mail: redazione@bellunopress.it\",\"publisher\":{\"@id\":\"https:\\\/\\\/www.bellunopress.it\\\/#organization\"},\"potentialAction\":[{\"@type\":\"SearchAction\",\"target\":{\"@type\":\"EntryPoint\",\"urlTemplate\":\"https:\\\/\\\/www.bellunopress.it\\\/?s={search_term_string}\"},\"query-input\":{\"@type\":\"PropertyValueSpecification\",\"valueRequired\":true,\"valueName\":\"search_term_string\"}}],\"inLanguage\":\"fr-FR\"},{\"@type\":\"Organization\",\"@id\":\"https:\\\/\\\/www.bellunopress.it\\\/#organization\",\"name\":\"Bellunopress\",\"url\":\"https:\\\/\\\/www.bellunopress.it\\\/\",\"logo\":{\"@type\":\"ImageObject\",\"inLanguage\":\"fr-FR\",\"@id\":\"https:\\\/\\\/www.bellunopress.it\\\/#\\\/schema\\\/logo\\\/image\\\/\",\"url\":\"https:\\\/\\\/www.bellunopress.it\\\/wp-content\\\/uploads\\\/2011\\\/05\\\/cropped-logo-bellunopress-.jpg\",\"contentUrl\":\"https:\\\/\\\/www.bellunopress.it\\\/wp-content\\\/uploads\\\/2011\\\/05\\\/cropped-logo-bellunopress-.jpg\",\"width\":512,\"height\":512,\"caption\":\"Bellunopress\"},\"image\":{\"@id\":\"https:\\\/\\\/www.bellunopress.it\\\/#\\\/schema\\\/logo\\\/image\\\/\"},\"sameAs\":[\"https:\\\/\\\/www.facebook.com\\\/profile.php?id=100008943462799\",\"https:\\\/\\\/x.com\\\/bellunopress\",\"https:\\\/\\\/www.linkedin.com\\\/hp\\\/?dnr=JBzUWaJfMUw8vbXJJ2tVW5-I3jZKvC4wsoxE&amp;amp;amp;amp;amp;amp;trk=nav_responsive_tab_home\",\"https:\\\/\\\/www.youtube.com\\\/channel\\\/UCxL0wu1uN0_3_7hGG0306cw\"]},{\"@type\":\"Person\",\"@id\":\"https:\\\/\\\/www.bellunopress.it\\\/#\\\/schema\\\/person\\\/79bb06722b37ece1c03d3e94beb30d73\",\"name\":\"redazione\",\"image\":{\"@type\":\"ImageObject\",\"inLanguage\":\"fr-FR\",\"@id\":\"https:\\\/\\\/secure.gravatar.com\\\/avatar\\\/37d968a2e67a6fd04c169c4bdef102d0bc5d31b2546345219e348575eb80e9a0?s=96&d=mm&r=g\",\"url\":\"https:\\\/\\\/secure.gravatar.com\\\/avatar\\\/37d968a2e67a6fd04c169c4bdef102d0bc5d31b2546345219e348575eb80e9a0?s=96&d=mm&r=g\",\"contentUrl\":\"https:\\\/\\\/secure.gravatar.com\\\/avatar\\\/37d968a2e67a6fd04c169c4bdef102d0bc5d31b2546345219e348575eb80e9a0?s=96&d=mm&r=g\",\"caption\":\"redazione\"},\"sameAs\":[\"http:\\\/\\\/www.bellunopress.it\",\"https:\\\/\\\/x.com\\\/bellunopress\"],\"url\":\"https:\\\/\\\/www.bellunopress.it\\\/fr\\\/author\\\/redazione\\\/\"}]}<\/script>\n<!-- \/ Yoast SEO plugin. -->","yoast_head_json":{"title":"L\u2019amministrazione Prade rinvia l'Odg del Pd e sventola bandiera bianca. Intervento di Irma Visalli, segretario dell\u2019Unione comunale del Partito democratico - Bellunopress - Dolomiti","robots":{"index":"index","follow":"follow","max-snippet":"max-snippet:-1","max-image-preview":"max-image-preview:large","max-video-preview":"max-video-preview:-1"},"canonical":"https:\/\/www.bellunopress.it\/fr\/2010\/04\/17\/l\u2019amministrazione-prade-rinvia-lodg-del-pd-e-sventola-bandiera-bianca-intervento-di-irma-visalli-segretario-dell\u2019unione-comunale-del-partito-democratico\/","og_locale":"fr_FR","og_type":"article","og_title":"L\u2019amministrazione Prade rinvia l'Odg del Pd e sventola bandiera bianca. Intervento di Irma Visalli, segretario dell\u2019Unione comunale del Partito democratico - Bellunopress - Dolomiti","og_description":"L&#8217;amministrazione Prade, rimanda l\u2019ordine del giorno del Pd perch\u00e9 il capoluogo \u201cnon ha competenza\u201d e,\u00a0 contestualmente, attraverso le parole del vicesindaco Colle, si dice pronta a bussare alla porta di Zaia per portare a casa i soldi per due o tre cose strategiche per il capoluogo come la grigliata in piazza. Vi \u00e8 tra queste [&hellip;]","og_url":"https:\/\/www.bellunopress.it\/fr\/2010\/04\/17\/l\u2019amministrazione-prade-rinvia-lodg-del-pd-e-sventola-bandiera-bianca-intervento-di-irma-visalli-segretario-dell\u2019unione-comunale-del-partito-democratico\/","og_site_name":"Bellunopress - Dolomiti","article_publisher":"https:\/\/www.facebook.com\/profile.php?id=100008943462799","article_published_time":"2010-04-17T15:24:50+00:00","article_modified_time":"2010-04-17T15:27:17+00:00","og_image":[{"url":"http:\/\/www.bellunopress.it\/wp-content\/uploads\/2009\/10\/irma-visalli-pd.jpg","type":"","width":"","height":""}],"author":"redazione","twitter_card":"summary_large_image","twitter_creator":"@bellunopress","twitter_site":"@bellunopress","twitter_misc":{"\u00c9crit par":"redazione","Dur\u00e9e de lecture estim\u00e9e":"2 minutes"},"schema":{"@context":"https:\/\/schema.org","@graph":[{"@type":"Article","@id":"https:\/\/www.bellunopress.it\/2010\/04\/17\/l%e2%80%99amministrazione-prade-rinvia-lodg-del-pd-e-sventola-bandiera-bianca-intervento-di-irma-visalli-segretario-dell%e2%80%99unione-comunale-del-partito-democratico\/#article","isPartOf":{"@id":"https:\/\/www.bellunopress.it\/2010\/04\/17\/l%e2%80%99amministrazione-prade-rinvia-lodg-del-pd-e-sventola-bandiera-bianca-intervento-di-irma-visalli-segretario-dell%e2%80%99unione-comunale-del-partito-democratico\/"},"author":{"name":"redazione","@id":"https:\/\/www.bellunopress.it\/#\/schema\/person\/79bb06722b37ece1c03d3e94beb30d73"},"headline":"L\u2019amministrazione Prade rinvia l&#8217;Odg del Pd e sventola bandiera bianca. Intervento di Irma Visalli, segretario dell\u2019Unione comunale del Partito democratico","datePublished":"2010-04-17T15:24:50+00:00","dateModified":"2010-04-17T15:27:17+00:00","mainEntityOfPage":{"@id":"https:\/\/www.bellunopress.it\/2010\/04\/17\/l%e2%80%99amministrazione-prade-rinvia-lodg-del-pd-e-sventola-bandiera-bianca-intervento-di-irma-visalli-segretario-dell%e2%80%99unione-comunale-del-partito-democratico\/"},"wordCount":465,"publisher":{"@id":"https:\/\/www.bellunopress.it\/#organization"},"image":{"@id":"https:\/\/www.bellunopress.it\/2010\/04\/17\/l%e2%80%99amministrazione-prade-rinvia-lodg-del-pd-e-sventola-bandiera-bianca-intervento-di-irma-visalli-segretario-dell%e2%80%99unione-comunale-del-partito-democratico\/#primaryimage"},"thumbnailUrl":"http:\/\/www.bellunopress.it\/wp-content\/uploads\/2009\/10\/irma-visalli-pd.jpg","keywords":["disegno di legge per l'autonomia di Belluno","Irma Visalli"],"articleSection":["Cronaca\/Politica"],"inLanguage":"fr-FR"},{"@type":"WebPage","@id":"https:\/\/www.bellunopress.it\/2010\/04\/17\/l%e2%80%99amministrazione-prade-rinvia-lodg-del-pd-e-sventola-bandiera-bianca-intervento-di-irma-visalli-segretario-dell%e2%80%99unione-comunale-del-partito-democratico\/","url":"https:\/\/www.bellunopress.it\/2010\/04\/17\/l%e2%80%99amministrazione-prade-rinvia-lodg-del-pd-e-sventola-bandiera-bianca-intervento-di-irma-visalli-segretario-dell%e2%80%99unione-comunale-del-partito-democratico\/","name":"L\u2019amministrazione Prade rinvia l'Odg del Pd e sventola bandiera bianca. Intervento di Irma Visalli, segretario dell\u2019Unione comunale del Partito democratico - Bellunopress - Dolomiti","isPartOf":{"@id":"https:\/\/www.bellunopress.it\/#website"},"primaryImageOfPage":{"@id":"https:\/\/www.bellunopress.it\/2010\/04\/17\/l%e2%80%99amministrazione-prade-rinvia-lodg-del-pd-e-sventola-bandiera-bianca-intervento-di-irma-visalli-segretario-dell%e2%80%99unione-comunale-del-partito-democratico\/#primaryimage"},"image":{"@id":"https:\/\/www.bellunopress.it\/2010\/04\/17\/l%e2%80%99amministrazione-prade-rinvia-lodg-del-pd-e-sventola-bandiera-bianca-intervento-di-irma-visalli-segretario-dell%e2%80%99unione-comunale-del-partito-democratico\/#primaryimage"},"thumbnailUrl":"http:\/\/www.bellunopress.it\/wp-content\/uploads\/2009\/10\/irma-visalli-pd.jpg","datePublished":"2010-04-17T15:24:50+00:00","dateModified":"2010-04-17T15:27:17+00:00","breadcrumb":{"@id":"https:\/\/www.bellunopress.it\/2010\/04\/17\/l%e2%80%99amministrazione-prade-rinvia-lodg-del-pd-e-sventola-bandiera-bianca-intervento-di-irma-visalli-segretario-dell%e2%80%99unione-comunale-del-partito-democratico\/#breadcrumb"},"inLanguage":"fr-FR","potentialAction":[{"@type":"ReadAction","target":["https:\/\/www.bellunopress.it\/2010\/04\/17\/l%e2%80%99amministrazione-prade-rinvia-lodg-del-pd-e-sventola-bandiera-bianca-intervento-di-irma-visalli-segretario-dell%e2%80%99unione-comunale-del-partito-democratico\/"]}]},{"@type":"ImageObject","inLanguage":"fr-FR","@id":"https:\/\/www.bellunopress.it\/2010\/04\/17\/l%e2%80%99amministrazione-prade-rinvia-lodg-del-pd-e-sventola-bandiera-bianca-intervento-di-irma-visalli-segretario-dell%e2%80%99unione-comunale-del-partito-democratico\/#primaryimage","url":"http:\/\/www.bellunopress.it\/wp-content\/uploads\/2009\/10\/irma-visalli-pd.jpg","contentUrl":"http:\/\/www.bellunopress.it\/wp-content\/uploads\/2009\/10\/irma-visalli-pd.jpg"},{"@type":"BreadcrumbList","@id":"https:\/\/www.bellunopress.it\/2010\/04\/17\/l%e2%80%99amministrazione-prade-rinvia-lodg-del-pd-e-sventola-bandiera-bianca-intervento-di-irma-visalli-segretario-dell%e2%80%99unione-comunale-del-partito-democratico\/#breadcrumb","itemListElement":[{"@type":"ListItem","position":1,"name":"Home","item":"https:\/\/www.bellunopress.it\/"},{"@type":"ListItem","position":2,"name":"L\u2019amministrazione Prade rinvia l&#8217;Odg del Pd e sventola bandiera bianca. Intervento di Irma Visalli, segretario dell\u2019Unione comunale del Partito democratico"}]},{"@type":"WebSite","@id":"https:\/\/www.bellunopress.it\/#website","url":"https:\/\/www.bellunopress.it\/","name":"Bellunopress - Dolomiti","description":"e-mail: redazione@bellunopress.it","publisher":{"@id":"https:\/\/www.bellunopress.it\/#organization"},"potentialAction":[{"@type":"SearchAction","target":{"@type":"EntryPoint","urlTemplate":"https:\/\/www.bellunopress.it\/?s={search_term_string}"},"query-input":{"@type":"PropertyValueSpecification","valueRequired":true,"valueName":"search_term_string"}}],"inLanguage":"fr-FR"},{"@type":"Organization","@id":"https:\/\/www.bellunopress.it\/#organization","name":"Bellunopress","url":"https:\/\/www.bellunopress.it\/","logo":{"@type":"ImageObject","inLanguage":"fr-FR","@id":"https:\/\/www.bellunopress.it\/#\/schema\/logo\/image\/","url":"https:\/\/www.bellunopress.it\/wp-content\/uploads\/2011\/05\/cropped-logo-bellunopress-.jpg","contentUrl":"https:\/\/www.bellunopress.it\/wp-content\/uploads\/2011\/05\/cropped-logo-bellunopress-.jpg","width":512,"height":512,"caption":"Bellunopress"},"image":{"@id":"https:\/\/www.bellunopress.it\/#\/schema\/logo\/image\/"},"sameAs":["https:\/\/www.facebook.com\/profile.php?id=100008943462799","https:\/\/x.com\/bellunopress","https:\/\/www.linkedin.com\/hp\/?dnr=JBzUWaJfMUw8vbXJJ2tVW5-I3jZKvC4wsoxE&amp;amp;amp;amp;amp;amp;trk=nav_responsive_tab_home","https:\/\/www.youtube.com\/channel\/UCxL0wu1uN0_3_7hGG0306cw"]},{"@type":"Person","@id":"https:\/\/www.bellunopress.it\/#\/schema\/person\/79bb06722b37ece1c03d3e94beb30d73","name":"r\u00e9daction","image":{"@type":"ImageObject","inLanguage":"fr-FR","@id":"https:\/\/secure.gravatar.com\/avatar\/37d968a2e67a6fd04c169c4bdef102d0bc5d31b2546345219e348575eb80e9a0?s=96&d=mm&r=g","url":"https:\/\/secure.gravatar.com\/avatar\/37d968a2e67a6fd04c169c4bdef102d0bc5d31b2546345219e348575eb80e9a0?s=96&d=mm&r=g","contentUrl":"https:\/\/secure.gravatar.com\/avatar\/37d968a2e67a6fd04c169c4bdef102d0bc5d31b2546345219e348575eb80e9a0?s=96&d=mm&r=g","caption":"redazione"},"sameAs":["http:\/\/www.bellunopress.it","https:\/\/x.com\/bellunopress"],"url":"https:\/\/www.bellunopress.it\/fr\/author\/redazione\/"}]}},"_links":{"self":[{"href":"https:\/\/www.bellunopress.it\/fr\/wp-json\/wp\/v2\/posts\/14514","targetHints":{"allow":["GET"]}}],"collection":[{"href":"https:\/\/www.bellunopress.it\/fr\/wp-json\/wp\/v2\/posts"}],"about":[{"href":"https:\/\/www.bellunopress.it\/fr\/wp-json\/wp\/v2\/types\/post"}],"author":[{"embeddable":true,"href":"https:\/\/www.bellunopress.it\/fr\/wp-json\/wp\/v2\/users\/2"}],"replies":[{"embeddable":true,"href":"https:\/\/www.bellunopress.it\/fr\/wp-json\/wp\/v2\/comments?post=14514"}],"version-history":[{"count":2,"href":"https:\/\/www.bellunopress.it\/fr\/wp-json\/wp\/v2\/posts\/14514\/revisions"}],"predecessor-version":[{"id":14516,"href":"https:\/\/www.bellunopress.it\/fr\/wp-json\/wp\/v2\/posts\/14514\/revisions\/14516"}],"wp:attachment":[{"href":"https:\/\/www.bellunopress.it\/fr\/wp-json\/wp\/v2\/media?parent=14514"}],"wp:term":[{"taxonomy":"category","embeddable":true,"href":"https:\/\/www.bellunopress.it\/fr\/wp-json\/wp\/v2\/categories?post=14514"},{"taxonomy":"post_tag","embeddable":true,"href":"https:\/\/www.bellunopress.it\/fr\/wp-json\/wp\/v2\/tags?post=14514"}],"curies":[{"name":"wp","href":"https:\/\/api.w.org\/{rel}","templated":true}]}}