{"id":14512,"date":"2010-04-17T14:36:51","date_gmt":"2010-04-17T13:36:51","guid":{"rendered":"http:\/\/www.bellunopress.it\/?p=14512"},"modified":"2010-04-17T14:36:51","modified_gmt":"2010-04-17T13:36:51","slug":"un-corso-di-training-autogeno-incontro-di-presentazione-il-21-aprile-a-belluno","status":"publish","type":"post","link":"https:\/\/www.bellunopress.it\/fr\/2010\/04\/17\/un-corso-di-training-autogeno-incontro-di-presentazione-il-21-aprile-a-belluno\/","title":{"rendered":"Un corso di Training autogeno, incontro di presentazione il 21 aprile a Belluno"},"content":{"rendered":"<p>Quando si pensa ad una modalit\u00e0 per disgregare le tensioni, lo stress fisico e psicologico, le difficolt\u00e0 di vario tipo che condizionano il nostro quotidiano, \u00e8 facile fare l\u2019associazione con il Training Autogeno, la prima disciplina che gi\u00e0 dai primi \u2018900 si \u00e8 occupata di questi argomenti per offrire una modalit\u00e0 di risposta non intrusiva, piacevole e facilmente assimilabile, oltre che utilizzabile nei pi\u00f9 svariati contesti di vita. Varie tecniche sono state messe a punto ed applicate nel frattempo, ma quella ideata dal dott. Johannes Heinrich Schultz resta un punto di riferimento per chi desidera avvicinarsi a queste metodologie. La dott.ssa Valentina Partenio, coordinatrice del gruppo di Psicologia del Lavoro e Psicologia dello sport dell\u2019Ordine degli Psicologi di Bolzano, propone un corso in modalit\u00e0 \u201centry level\u201d, per chi vuole verificare la potenzialit\u00e0 della disciplina senza particolare impegno e proseguire poi, se riterr\u00e0 i risultati apprezzabili, in un successivo corso \u201cintegrato\u201d, in cui alle tecniche base del Training Autogeno verranno applicate anche metodologie pi\u00f9 attuali che provengono dalla Programmazione Neurolinguistica, dalla Psicologia dello Sport (rilassamento distensivo progressivo e visualizzazione) e che trovano applicazione favorevole sia nel campo del lavoro, dello studio, dello sport e in tutte le situazioni quotidiane in cui l\u2019ansia e la tensione psico-fisica rischiano di condizionarci. L\u2019incontro di presentazione \u00e8 gratuito, ed \u00e8 programmato per il giorno 21 aprile alle ore 19 e 20.15 presso la sede di StudiAssociati in via Mezzaterra, 71 a Belluno. Informazioni e conferma di partecipazione ai n. tel. 0437 380239 cell. 333 9430815.<\/p>","protected":false},"excerpt":{"rendered":"<p>Quando si pensa ad una modalit\u00e0 per disgregare le tensioni, lo stress fisico e psicologico, le difficolt\u00e0 di vario tipo che condizionano il nostro quotidiano, \u00e8 facile fare l\u2019associazione con il Training Autogeno, la prima disciplina che gi\u00e0 dai primi \u2018900 si \u00e8 occupata di questi argomenti per offrire una modalit\u00e0 di risposta non intrusiva, [&hellip;]<\/p>\n","protected":false},"author":2,"featured_media":0,"comment_status":"closed","ping_status":"open","sticky":false,"template":"","format":"standard","meta":{"footnotes":""},"categories":[27,25,8],"tags":[1263],"class_list":["post-14512","post","type-post","status-publish","format-standard","category-appuntamenti","category-pausa-caffe","category-societa-istituzioni","tag-training-autogeno"],"yoast_head":"<!-- This site is optimized with the Yoast SEO plugin v28.4 - https:\/\/yoast.com\/product\/yoast-seo-wordpress\/ -->\n<title>Un corso di Training autogeno, incontro di presentazione il 21 aprile a Belluno - Bellunopress - Dolomiti<\/title>\n<meta name=\"robots\" content=\"index, follow, max-snippet:-1, max-image-preview:large, max-video-preview:-1\" \/>\n<link rel=\"canonical\" href=\"https:\/\/www.bellunopress.it\/fr\/2010\/04\/17\/un-corso-di-training-autogeno-incontro-di-presentazione-il-21-aprile-a-belluno\/\" \/>\n<meta property=\"og:locale\" content=\"fr_FR\" \/>\n<meta property=\"og:type\" content=\"article\" \/>\n<meta property=\"og:title\" content=\"Un corso di Training autogeno, incontro di presentazione il 21 aprile a Belluno - Bellunopress - Dolomiti\" \/>\n<meta property=\"og:description\" content=\"Quando si pensa ad una modalit\u00e0 per disgregare le tensioni, lo stress fisico e psicologico, le difficolt\u00e0 di vario tipo che condizionano il nostro quotidiano, \u00e8 facile fare l\u2019associazione con il Training Autogeno, la prima disciplina che gi\u00e0 dai primi \u2018900 si \u00e8 occupata di questi argomenti per offrire una modalit\u00e0 di risposta non intrusiva, [&hellip;]\" \/>\n<meta property=\"og:url\" content=\"https:\/\/www.bellunopress.it\/fr\/2010\/04\/17\/un-corso-di-training-autogeno-incontro-di-presentazione-il-21-aprile-a-belluno\/\" \/>\n<meta property=\"og:site_name\" content=\"Bellunopress - Dolomiti\" \/>\n<meta property=\"article:publisher\" content=\"https:\/\/www.facebook.com\/profile.php?id=100008943462799\" \/>\n<meta property=\"article:published_time\" content=\"2010-04-17T13:36:51+00:00\" \/>\n<meta property=\"og:image\" content=\"http:\/\/www.bellunopress.it\/wp-content\/uploads\/2012\/07\/logo-bellunopress-250x250-2012.jpg\" \/>\n<meta name=\"author\" content=\"redazione\" \/>\n<meta name=\"twitter:card\" content=\"summary_large_image\" \/>\n<meta name=\"twitter:creator\" content=\"@bellunopress\" \/>\n<meta name=\"twitter:site\" content=\"@bellunopress\" \/>\n<meta name=\"twitter:label1\" content=\"\u00c9crit par\" \/>\n\t<meta name=\"twitter:data1\" content=\"redazione\" \/>\n\t<meta name=\"twitter:label2\" content=\"Dur\u00e9e de lecture estim\u00e9e\" \/>\n\t<meta name=\"twitter:data2\" content=\"1 minute\" \/>\n<script type=\"application\/ld+json\" class=\"yoast-schema-graph\">{\"@context\":\"https:\\\/\\\/schema.org\",\"@graph\":[{\"@type\":\"Article\",\"@id\":\"https:\\\/\\\/www.bellunopress.it\\\/2010\\\/04\\\/17\\\/un-corso-di-training-autogeno-incontro-di-presentazione-il-21-aprile-a-belluno\\\/#article\",\"isPartOf\":{\"@id\":\"https:\\\/\\\/www.bellunopress.it\\\/2010\\\/04\\\/17\\\/un-corso-di-training-autogeno-incontro-di-presentazione-il-21-aprile-a-belluno\\\/\"},\"author\":{\"name\":\"redazione\",\"@id\":\"https:\\\/\\\/www.bellunopress.it\\\/#\\\/schema\\\/person\\\/79bb06722b37ece1c03d3e94beb30d73\"},\"headline\":\"Un corso di Training autogeno, incontro di presentazione il 21 aprile a Belluno\",\"datePublished\":\"2010-04-17T13:36:51+00:00\",\"mainEntityOfPage\":{\"@id\":\"https:\\\/\\\/www.bellunopress.it\\\/2010\\\/04\\\/17\\\/un-corso-di-training-autogeno-incontro-di-presentazione-il-21-aprile-a-belluno\\\/\"},\"wordCount\":254,\"publisher\":{\"@id\":\"https:\\\/\\\/www.bellunopress.it\\\/#organization\"},\"keywords\":[\"training autogeno\"],\"articleSection\":[\"Appuntamenti, Eventi\",\"Pausa Caff\u00e8\",\"Societ\u00e0, Associazioni, Istituzioni\"],\"inLanguage\":\"fr-FR\"},{\"@type\":\"WebPage\",\"@id\":\"https:\\\/\\\/www.bellunopress.it\\\/2010\\\/04\\\/17\\\/un-corso-di-training-autogeno-incontro-di-presentazione-il-21-aprile-a-belluno\\\/\",\"url\":\"https:\\\/\\\/www.bellunopress.it\\\/2010\\\/04\\\/17\\\/un-corso-di-training-autogeno-incontro-di-presentazione-il-21-aprile-a-belluno\\\/\",\"name\":\"Un corso di Training autogeno, incontro di presentazione il 21 aprile a Belluno - Bellunopress - Dolomiti\",\"isPartOf\":{\"@id\":\"https:\\\/\\\/www.bellunopress.it\\\/#website\"},\"datePublished\":\"2010-04-17T13:36:51+00:00\",\"breadcrumb\":{\"@id\":\"https:\\\/\\\/www.bellunopress.it\\\/2010\\\/04\\\/17\\\/un-corso-di-training-autogeno-incontro-di-presentazione-il-21-aprile-a-belluno\\\/#breadcrumb\"},\"inLanguage\":\"fr-FR\",\"potentialAction\":[{\"@type\":\"ReadAction\",\"target\":[\"https:\\\/\\\/www.bellunopress.it\\\/2010\\\/04\\\/17\\\/un-corso-di-training-autogeno-incontro-di-presentazione-il-21-aprile-a-belluno\\\/\"]}]},{\"@type\":\"BreadcrumbList\",\"@id\":\"https:\\\/\\\/www.bellunopress.it\\\/2010\\\/04\\\/17\\\/un-corso-di-training-autogeno-incontro-di-presentazione-il-21-aprile-a-belluno\\\/#breadcrumb\",\"itemListElement\":[{\"@type\":\"ListItem\",\"position\":1,\"name\":\"Home\",\"item\":\"https:\\\/\\\/www.bellunopress.it\\\/\"},{\"@type\":\"ListItem\",\"position\":2,\"name\":\"Un corso di Training autogeno, incontro di presentazione il 21 aprile a Belluno\"}]},{\"@type\":\"WebSite\",\"@id\":\"https:\\\/\\\/www.bellunopress.it\\\/#website\",\"url\":\"https:\\\/\\\/www.bellunopress.it\\\/\",\"name\":\"Bellunopress - Dolomiti\",\"description\":\"e-mail: redazione@bellunopress.it\",\"publisher\":{\"@id\":\"https:\\\/\\\/www.bellunopress.it\\\/#organization\"},\"potentialAction\":[{\"@type\":\"SearchAction\",\"target\":{\"@type\":\"EntryPoint\",\"urlTemplate\":\"https:\\\/\\\/www.bellunopress.it\\\/?s={search_term_string}\"},\"query-input\":{\"@type\":\"PropertyValueSpecification\",\"valueRequired\":true,\"valueName\":\"search_term_string\"}}],\"inLanguage\":\"fr-FR\"},{\"@type\":\"Organization\",\"@id\":\"https:\\\/\\\/www.bellunopress.it\\\/#organization\",\"name\":\"Bellunopress\",\"url\":\"https:\\\/\\\/www.bellunopress.it\\\/\",\"logo\":{\"@type\":\"ImageObject\",\"inLanguage\":\"fr-FR\",\"@id\":\"https:\\\/\\\/www.bellunopress.it\\\/#\\\/schema\\\/logo\\\/image\\\/\",\"url\":\"https:\\\/\\\/www.bellunopress.it\\\/wp-content\\\/uploads\\\/2011\\\/05\\\/cropped-logo-bellunopress-.jpg\",\"contentUrl\":\"https:\\\/\\\/www.bellunopress.it\\\/wp-content\\\/uploads\\\/2011\\\/05\\\/cropped-logo-bellunopress-.jpg\",\"width\":512,\"height\":512,\"caption\":\"Bellunopress\"},\"image\":{\"@id\":\"https:\\\/\\\/www.bellunopress.it\\\/#\\\/schema\\\/logo\\\/image\\\/\"},\"sameAs\":[\"https:\\\/\\\/www.facebook.com\\\/profile.php?id=100008943462799\",\"https:\\\/\\\/x.com\\\/bellunopress\",\"https:\\\/\\\/www.linkedin.com\\\/hp\\\/?dnr=JBzUWaJfMUw8vbXJJ2tVW5-I3jZKvC4wsoxE&amp;amp;amp;amp;amp;amp;trk=nav_responsive_tab_home\",\"https:\\\/\\\/www.youtube.com\\\/channel\\\/UCxL0wu1uN0_3_7hGG0306cw\"]},{\"@type\":\"Person\",\"@id\":\"https:\\\/\\\/www.bellunopress.it\\\/#\\\/schema\\\/person\\\/79bb06722b37ece1c03d3e94beb30d73\",\"name\":\"redazione\",\"image\":{\"@type\":\"ImageObject\",\"inLanguage\":\"fr-FR\",\"@id\":\"https:\\\/\\\/secure.gravatar.com\\\/avatar\\\/37d968a2e67a6fd04c169c4bdef102d0bc5d31b2546345219e348575eb80e9a0?s=96&d=mm&r=g\",\"url\":\"https:\\\/\\\/secure.gravatar.com\\\/avatar\\\/37d968a2e67a6fd04c169c4bdef102d0bc5d31b2546345219e348575eb80e9a0?s=96&d=mm&r=g\",\"contentUrl\":\"https:\\\/\\\/secure.gravatar.com\\\/avatar\\\/37d968a2e67a6fd04c169c4bdef102d0bc5d31b2546345219e348575eb80e9a0?s=96&d=mm&r=g\",\"caption\":\"redazione\"},\"sameAs\":[\"http:\\\/\\\/www.bellunopress.it\",\"https:\\\/\\\/x.com\\\/bellunopress\"],\"url\":\"https:\\\/\\\/www.bellunopress.it\\\/fr\\\/author\\\/redazione\\\/\"}]}<\/script>\n<!-- \/ Yoast SEO plugin. -->","yoast_head_json":{"title":"Un corso di Training autogeno, incontro di presentazione il 21 aprile a Belluno - Bellunopress - Dolomiti","robots":{"index":"index","follow":"follow","max-snippet":"max-snippet:-1","max-image-preview":"max-image-preview:large","max-video-preview":"max-video-preview:-1"},"canonical":"https:\/\/www.bellunopress.it\/fr\/2010\/04\/17\/un-corso-di-training-autogeno-incontro-di-presentazione-il-21-aprile-a-belluno\/","og_locale":"fr_FR","og_type":"article","og_title":"Un corso di Training autogeno, incontro di presentazione il 21 aprile a Belluno - Bellunopress - Dolomiti","og_description":"Quando si pensa ad una modalit\u00e0 per disgregare le tensioni, lo stress fisico e psicologico, le difficolt\u00e0 di vario tipo che condizionano il nostro quotidiano, \u00e8 facile fare l\u2019associazione con il Training Autogeno, la prima disciplina che gi\u00e0 dai primi \u2018900 si \u00e8 occupata di questi argomenti per offrire una modalit\u00e0 di risposta non intrusiva, [&hellip;]","og_url":"https:\/\/www.bellunopress.it\/fr\/2010\/04\/17\/un-corso-di-training-autogeno-incontro-di-presentazione-il-21-aprile-a-belluno\/","og_site_name":"Bellunopress - Dolomiti","article_publisher":"https:\/\/www.facebook.com\/profile.php?id=100008943462799","article_published_time":"2010-04-17T13:36:51+00:00","og_image":[{"url":"http:\/\/www.bellunopress.it\/wp-content\/uploads\/2012\/07\/logo-bellunopress-250x250-2012.jpg","type":"","width":"","height":""}],"author":"redazione","twitter_card":"summary_large_image","twitter_creator":"@bellunopress","twitter_site":"@bellunopress","twitter_misc":{"\u00c9crit par":"redazione","Dur\u00e9e de lecture estim\u00e9e":"1 minute"},"schema":{"@context":"https:\/\/schema.org","@graph":[{"@type":"Article","@id":"https:\/\/www.bellunopress.it\/2010\/04\/17\/un-corso-di-training-autogeno-incontro-di-presentazione-il-21-aprile-a-belluno\/#article","isPartOf":{"@id":"https:\/\/www.bellunopress.it\/2010\/04\/17\/un-corso-di-training-autogeno-incontro-di-presentazione-il-21-aprile-a-belluno\/"},"author":{"name":"redazione","@id":"https:\/\/www.bellunopress.it\/#\/schema\/person\/79bb06722b37ece1c03d3e94beb30d73"},"headline":"Un corso di Training autogeno, incontro di presentazione il 21 aprile a Belluno","datePublished":"2010-04-17T13:36:51+00:00","mainEntityOfPage":{"@id":"https:\/\/www.bellunopress.it\/2010\/04\/17\/un-corso-di-training-autogeno-incontro-di-presentazione-il-21-aprile-a-belluno\/"},"wordCount":254,"publisher":{"@id":"https:\/\/www.bellunopress.it\/#organization"},"keywords":["training autogeno"],"articleSection":["Appuntamenti, Eventi","Pausa Caff\u00e8","Societ\u00e0, Associazioni, Istituzioni"],"inLanguage":"fr-FR"},{"@type":"WebPage","@id":"https:\/\/www.bellunopress.it\/2010\/04\/17\/un-corso-di-training-autogeno-incontro-di-presentazione-il-21-aprile-a-belluno\/","url":"https:\/\/www.bellunopress.it\/2010\/04\/17\/un-corso-di-training-autogeno-incontro-di-presentazione-il-21-aprile-a-belluno\/","name":"Un corso di Training autogeno, incontro di presentazione il 21 aprile a Belluno - Bellunopress - Dolomiti","isPartOf":{"@id":"https:\/\/www.bellunopress.it\/#website"},"datePublished":"2010-04-17T13:36:51+00:00","breadcrumb":{"@id":"https:\/\/www.bellunopress.it\/2010\/04\/17\/un-corso-di-training-autogeno-incontro-di-presentazione-il-21-aprile-a-belluno\/#breadcrumb"},"inLanguage":"fr-FR","potentialAction":[{"@type":"ReadAction","target":["https:\/\/www.bellunopress.it\/2010\/04\/17\/un-corso-di-training-autogeno-incontro-di-presentazione-il-21-aprile-a-belluno\/"]}]},{"@type":"BreadcrumbList","@id":"https:\/\/www.bellunopress.it\/2010\/04\/17\/un-corso-di-training-autogeno-incontro-di-presentazione-il-21-aprile-a-belluno\/#breadcrumb","itemListElement":[{"@type":"ListItem","position":1,"name":"Home","item":"https:\/\/www.bellunopress.it\/"},{"@type":"ListItem","position":2,"name":"Un corso di Training autogeno, incontro di presentazione il 21 aprile a Belluno"}]},{"@type":"WebSite","@id":"https:\/\/www.bellunopress.it\/#website","url":"https:\/\/www.bellunopress.it\/","name":"Bellunopress - Dolomiti","description":"e-mail: redazione@bellunopress.it","publisher":{"@id":"https:\/\/www.bellunopress.it\/#organization"},"potentialAction":[{"@type":"SearchAction","target":{"@type":"EntryPoint","urlTemplate":"https:\/\/www.bellunopress.it\/?s={search_term_string}"},"query-input":{"@type":"PropertyValueSpecification","valueRequired":true,"valueName":"search_term_string"}}],"inLanguage":"fr-FR"},{"@type":"Organization","@id":"https:\/\/www.bellunopress.it\/#organization","name":"Bellunopress","url":"https:\/\/www.bellunopress.it\/","logo":{"@type":"ImageObject","inLanguage":"fr-FR","@id":"https:\/\/www.bellunopress.it\/#\/schema\/logo\/image\/","url":"https:\/\/www.bellunopress.it\/wp-content\/uploads\/2011\/05\/cropped-logo-bellunopress-.jpg","contentUrl":"https:\/\/www.bellunopress.it\/wp-content\/uploads\/2011\/05\/cropped-logo-bellunopress-.jpg","width":512,"height":512,"caption":"Bellunopress"},"image":{"@id":"https:\/\/www.bellunopress.it\/#\/schema\/logo\/image\/"},"sameAs":["https:\/\/www.facebook.com\/profile.php?id=100008943462799","https:\/\/x.com\/bellunopress","https:\/\/www.linkedin.com\/hp\/?dnr=JBzUWaJfMUw8vbXJJ2tVW5-I3jZKvC4wsoxE&amp;amp;amp;amp;amp;amp;trk=nav_responsive_tab_home","https:\/\/www.youtube.com\/channel\/UCxL0wu1uN0_3_7hGG0306cw"]},{"@type":"Person","@id":"https:\/\/www.bellunopress.it\/#\/schema\/person\/79bb06722b37ece1c03d3e94beb30d73","name":"r\u00e9daction","image":{"@type":"ImageObject","inLanguage":"fr-FR","@id":"https:\/\/secure.gravatar.com\/avatar\/37d968a2e67a6fd04c169c4bdef102d0bc5d31b2546345219e348575eb80e9a0?s=96&d=mm&r=g","url":"https:\/\/secure.gravatar.com\/avatar\/37d968a2e67a6fd04c169c4bdef102d0bc5d31b2546345219e348575eb80e9a0?s=96&d=mm&r=g","contentUrl":"https:\/\/secure.gravatar.com\/avatar\/37d968a2e67a6fd04c169c4bdef102d0bc5d31b2546345219e348575eb80e9a0?s=96&d=mm&r=g","caption":"redazione"},"sameAs":["http:\/\/www.bellunopress.it","https:\/\/x.com\/bellunopress"],"url":"https:\/\/www.bellunopress.it\/fr\/author\/redazione\/"}]}},"_links":{"self":[{"href":"https:\/\/www.bellunopress.it\/fr\/wp-json\/wp\/v2\/posts\/14512","targetHints":{"allow":["GET"]}}],"collection":[{"href":"https:\/\/www.bellunopress.it\/fr\/wp-json\/wp\/v2\/posts"}],"about":[{"href":"https:\/\/www.bellunopress.it\/fr\/wp-json\/wp\/v2\/types\/post"}],"author":[{"embeddable":true,"href":"https:\/\/www.bellunopress.it\/fr\/wp-json\/wp\/v2\/users\/2"}],"replies":[{"embeddable":true,"href":"https:\/\/www.bellunopress.it\/fr\/wp-json\/wp\/v2\/comments?post=14512"}],"version-history":[{"count":1,"href":"https:\/\/www.bellunopress.it\/fr\/wp-json\/wp\/v2\/posts\/14512\/revisions"}],"predecessor-version":[{"id":14513,"href":"https:\/\/www.bellunopress.it\/fr\/wp-json\/wp\/v2\/posts\/14512\/revisions\/14513"}],"wp:attachment":[{"href":"https:\/\/www.bellunopress.it\/fr\/wp-json\/wp\/v2\/media?parent=14512"}],"wp:term":[{"taxonomy":"category","embeddable":true,"href":"https:\/\/www.bellunopress.it\/fr\/wp-json\/wp\/v2\/categories?post=14512"},{"taxonomy":"post_tag","embeddable":true,"href":"https:\/\/www.bellunopress.it\/fr\/wp-json\/wp\/v2\/tags?post=14512"}],"curies":[{"name":"wp","href":"https:\/\/api.w.org\/{rel}","templated":true}]}}