{"id":14510,"date":"2010-04-17T14:22:33","date_gmt":"2010-04-17T13:22:33","guid":{"rendered":"http:\/\/www.bellunopress.it\/?p=14510"},"modified":"2010-04-17T14:22:33","modified_gmt":"2010-04-17T13:22:33","slug":"polizia-di-stato-rintraccia-due-minorenni-fuggiti-da-una-comunita-di-padova","status":"publish","type":"post","link":"https:\/\/www.bellunopress.it\/fr\/2010\/04\/17\/polizia-di-stato-rintraccia-due-minorenni-fuggiti-da-una-comunita-di-padova\/","title":{"rendered":"Polizia di Stato rintraccia due minorenni fuggiti da una comunit\u00e0 di Padova"},"content":{"rendered":"<p><a href=\"http:\/\/www.bellunopress.it\/wp-content\/uploads\/2009\/02\/polizia-di-stato.jpg\"><img loading=\"lazy\" decoding=\"async\" class=\"alignleft size-medium wp-image-511\" title=\"polizia-di-stato\" src=\"http:\/\/www.bellunopress.it\/wp-content\/uploads\/2009\/02\/polizia-di-stato.jpg\" alt=\"\" width=\"90\" height=\"80\" \/><\/a>Ieri un equipaggio della squadra volante rintracciava due minori che erano stati segnalati nel piazzale della chiesa parrocchiale di Santa Giustina.\u00a0 Accompagnati in Questura, emergeva che l\u2019adolescente C.S.,temporaneamente ospitato per problematiche varie presso la comunit\u00e0 \u201cAmicizia\u201d di Padova, seppur autorizzato ad una visita esterna con un accompagnatore, alla stazione ferroviaria di Padova eludeva l\u2019operatore di sorveglianza, imbarcandosi su un treno, con l\u2019amico F.H., che non godeva dello stesso permesso. Insieme raggiungevano la provincia di Belluno per incontrare un&#8217;amica comune. Trovatisi senza soldi, C.S. contattava l\u2019attuale compagno della madre, che dava immediata notizia dell\u2019allontanamento alla Questura di Verona che a sua volta girava la nota alla Questura di Belluno. Conclusi gli accertamenti, i due ragazzi sono stati riportati alla comunit\u00e0 protetta \u201cAmicizia\u201d di Padova. E dati in consegna al responsabile del centro, che esprimeva un giudizio complessivamente positivo su di essi, anche se restii a seguire le regole.<\/p>","protected":false},"excerpt":{"rendered":"<p>Ieri un equipaggio della squadra volante rintracciava due minori che erano stati segnalati nel piazzale della chiesa parrocchiale di Santa Giustina.\u00a0 Accompagnati in Questura, emergeva che l\u2019adolescente C.S.,temporaneamente ospitato per problematiche varie presso la comunit\u00e0 \u201cAmicizia\u201d di Padova, seppur autorizzato ad una visita esterna con un accompagnatore, alla stazione ferroviaria di Padova eludeva l\u2019operatore di [&hellip;]<\/p>\n","protected":false},"author":2,"featured_media":0,"comment_status":"closed","ping_status":"open","sticky":false,"template":"","format":"standard","meta":{"footnotes":""},"categories":[5,26],"tags":[1262],"class_list":["post-14510","post","type-post","status-publish","format-standard","category-cronaca","category-prima-pagina","tag-fuggiti-dalla-comunita-protetta-amicizia-di-padova"],"yoast_head":"<!-- This site is optimized with the Yoast SEO plugin v28.4 - https:\/\/yoast.com\/product\/yoast-seo-wordpress\/ -->\n<title>Polizia di Stato rintraccia due minorenni fuggiti da una comunit\u00e0 di Padova  - Bellunopress - Dolomiti<\/title>\n<meta name=\"robots\" content=\"index, follow, max-snippet:-1, max-image-preview:large, max-video-preview:-1\" \/>\n<link rel=\"canonical\" href=\"https:\/\/www.bellunopress.it\/fr\/2010\/04\/17\/polizia-di-stato-rintraccia-due-minorenni-fuggiti-da-una-comunita-di-padova\/\" \/>\n<meta property=\"og:locale\" content=\"fr_FR\" \/>\n<meta property=\"og:type\" content=\"article\" \/>\n<meta property=\"og:title\" content=\"Polizia di Stato rintraccia due minorenni fuggiti da una comunit\u00e0 di Padova  - Bellunopress - Dolomiti\" \/>\n<meta property=\"og:description\" content=\"Ieri un equipaggio della squadra volante rintracciava due minori che erano stati segnalati nel piazzale della chiesa parrocchiale di Santa Giustina.\u00a0 Accompagnati in Questura, emergeva che l\u2019adolescente C.S.,temporaneamente ospitato per problematiche varie presso la comunit\u00e0 \u201cAmicizia\u201d di Padova, seppur autorizzato ad una visita esterna con un accompagnatore, alla stazione ferroviaria di Padova eludeva l\u2019operatore di [&hellip;]\" \/>\n<meta property=\"og:url\" content=\"https:\/\/www.bellunopress.it\/fr\/2010\/04\/17\/polizia-di-stato-rintraccia-due-minorenni-fuggiti-da-una-comunita-di-padova\/\" \/>\n<meta property=\"og:site_name\" content=\"Bellunopress - Dolomiti\" \/>\n<meta property=\"article:publisher\" content=\"https:\/\/www.facebook.com\/profile.php?id=100008943462799\" \/>\n<meta property=\"article:published_time\" content=\"2010-04-17T13:22:33+00:00\" \/>\n<meta property=\"og:image\" content=\"http:\/\/www.bellunopress.it\/wp-content\/uploads\/2009\/02\/polizia-di-stato.jpg\" \/>\n<meta name=\"author\" content=\"redazione\" \/>\n<meta name=\"twitter:card\" content=\"summary_large_image\" \/>\n<meta name=\"twitter:creator\" content=\"@bellunopress\" \/>\n<meta name=\"twitter:site\" content=\"@bellunopress\" \/>\n<meta name=\"twitter:label1\" content=\"\u00c9crit par\" \/>\n\t<meta name=\"twitter:data1\" content=\"redazione\" \/>\n\t<meta name=\"twitter:label2\" content=\"Dur\u00e9e de lecture estim\u00e9e\" \/>\n\t<meta name=\"twitter:data2\" content=\"1 minute\" \/>\n<script type=\"application\/ld+json\" class=\"yoast-schema-graph\">{\"@context\":\"https:\\\/\\\/schema.org\",\"@graph\":[{\"@type\":\"Article\",\"@id\":\"https:\\\/\\\/www.bellunopress.it\\\/2010\\\/04\\\/17\\\/polizia-di-stato-rintraccia-due-minorenni-fuggiti-da-una-comunita-di-padova\\\/#article\",\"isPartOf\":{\"@id\":\"https:\\\/\\\/www.bellunopress.it\\\/2010\\\/04\\\/17\\\/polizia-di-stato-rintraccia-due-minorenni-fuggiti-da-una-comunita-di-padova\\\/\"},\"author\":{\"name\":\"redazione\",\"@id\":\"https:\\\/\\\/www.bellunopress.it\\\/#\\\/schema\\\/person\\\/79bb06722b37ece1c03d3e94beb30d73\"},\"headline\":\"Polizia di Stato rintraccia due minorenni fuggiti da una comunit\u00e0 di Padova\",\"datePublished\":\"2010-04-17T13:22:33+00:00\",\"mainEntityOfPage\":{\"@id\":\"https:\\\/\\\/www.bellunopress.it\\\/2010\\\/04\\\/17\\\/polizia-di-stato-rintraccia-due-minorenni-fuggiti-da-una-comunita-di-padova\\\/\"},\"wordCount\":169,\"publisher\":{\"@id\":\"https:\\\/\\\/www.bellunopress.it\\\/#organization\"},\"image\":{\"@id\":\"https:\\\/\\\/www.bellunopress.it\\\/2010\\\/04\\\/17\\\/polizia-di-stato-rintraccia-due-minorenni-fuggiti-da-una-comunita-di-padova\\\/#primaryimage\"},\"thumbnailUrl\":\"http:\\\/\\\/www.bellunopress.it\\\/wp-content\\\/uploads\\\/2009\\\/02\\\/polizia-di-stato.jpg\",\"keywords\":[\"fuggiti dalla comunit\u00e0 protetta \\\"Amicizia\\\" di Padova\"],\"articleSection\":[\"Cronaca\\\/Politica\",\"Prima Pagina\"],\"inLanguage\":\"fr-FR\"},{\"@type\":\"WebPage\",\"@id\":\"https:\\\/\\\/www.bellunopress.it\\\/2010\\\/04\\\/17\\\/polizia-di-stato-rintraccia-due-minorenni-fuggiti-da-una-comunita-di-padova\\\/\",\"url\":\"https:\\\/\\\/www.bellunopress.it\\\/2010\\\/04\\\/17\\\/polizia-di-stato-rintraccia-due-minorenni-fuggiti-da-una-comunita-di-padova\\\/\",\"name\":\"Polizia di Stato rintraccia due minorenni fuggiti da una comunit\u00e0 di Padova - Bellunopress - Dolomiti\",\"isPartOf\":{\"@id\":\"https:\\\/\\\/www.bellunopress.it\\\/#website\"},\"primaryImageOfPage\":{\"@id\":\"https:\\\/\\\/www.bellunopress.it\\\/2010\\\/04\\\/17\\\/polizia-di-stato-rintraccia-due-minorenni-fuggiti-da-una-comunita-di-padova\\\/#primaryimage\"},\"image\":{\"@id\":\"https:\\\/\\\/www.bellunopress.it\\\/2010\\\/04\\\/17\\\/polizia-di-stato-rintraccia-due-minorenni-fuggiti-da-una-comunita-di-padova\\\/#primaryimage\"},\"thumbnailUrl\":\"http:\\\/\\\/www.bellunopress.it\\\/wp-content\\\/uploads\\\/2009\\\/02\\\/polizia-di-stato.jpg\",\"datePublished\":\"2010-04-17T13:22:33+00:00\",\"breadcrumb\":{\"@id\":\"https:\\\/\\\/www.bellunopress.it\\\/2010\\\/04\\\/17\\\/polizia-di-stato-rintraccia-due-minorenni-fuggiti-da-una-comunita-di-padova\\\/#breadcrumb\"},\"inLanguage\":\"fr-FR\",\"potentialAction\":[{\"@type\":\"ReadAction\",\"target\":[\"https:\\\/\\\/www.bellunopress.it\\\/2010\\\/04\\\/17\\\/polizia-di-stato-rintraccia-due-minorenni-fuggiti-da-una-comunita-di-padova\\\/\"]}]},{\"@type\":\"ImageObject\",\"inLanguage\":\"fr-FR\",\"@id\":\"https:\\\/\\\/www.bellunopress.it\\\/2010\\\/04\\\/17\\\/polizia-di-stato-rintraccia-due-minorenni-fuggiti-da-una-comunita-di-padova\\\/#primaryimage\",\"url\":\"http:\\\/\\\/www.bellunopress.it\\\/wp-content\\\/uploads\\\/2009\\\/02\\\/polizia-di-stato.jpg\",\"contentUrl\":\"http:\\\/\\\/www.bellunopress.it\\\/wp-content\\\/uploads\\\/2009\\\/02\\\/polizia-di-stato.jpg\"},{\"@type\":\"BreadcrumbList\",\"@id\":\"https:\\\/\\\/www.bellunopress.it\\\/2010\\\/04\\\/17\\\/polizia-di-stato-rintraccia-due-minorenni-fuggiti-da-una-comunita-di-padova\\\/#breadcrumb\",\"itemListElement\":[{\"@type\":\"ListItem\",\"position\":1,\"name\":\"Home\",\"item\":\"https:\\\/\\\/www.bellunopress.it\\\/\"},{\"@type\":\"ListItem\",\"position\":2,\"name\":\"Polizia di Stato rintraccia due minorenni fuggiti da una comunit\u00e0 di Padova\"}]},{\"@type\":\"WebSite\",\"@id\":\"https:\\\/\\\/www.bellunopress.it\\\/#website\",\"url\":\"https:\\\/\\\/www.bellunopress.it\\\/\",\"name\":\"Bellunopress - Dolomiti\",\"description\":\"e-mail: redazione@bellunopress.it\",\"publisher\":{\"@id\":\"https:\\\/\\\/www.bellunopress.it\\\/#organization\"},\"potentialAction\":[{\"@type\":\"SearchAction\",\"target\":{\"@type\":\"EntryPoint\",\"urlTemplate\":\"https:\\\/\\\/www.bellunopress.it\\\/?s={search_term_string}\"},\"query-input\":{\"@type\":\"PropertyValueSpecification\",\"valueRequired\":true,\"valueName\":\"search_term_string\"}}],\"inLanguage\":\"fr-FR\"},{\"@type\":\"Organization\",\"@id\":\"https:\\\/\\\/www.bellunopress.it\\\/#organization\",\"name\":\"Bellunopress\",\"url\":\"https:\\\/\\\/www.bellunopress.it\\\/\",\"logo\":{\"@type\":\"ImageObject\",\"inLanguage\":\"fr-FR\",\"@id\":\"https:\\\/\\\/www.bellunopress.it\\\/#\\\/schema\\\/logo\\\/image\\\/\",\"url\":\"https:\\\/\\\/www.bellunopress.it\\\/wp-content\\\/uploads\\\/2011\\\/05\\\/cropped-logo-bellunopress-.jpg\",\"contentUrl\":\"https:\\\/\\\/www.bellunopress.it\\\/wp-content\\\/uploads\\\/2011\\\/05\\\/cropped-logo-bellunopress-.jpg\",\"width\":512,\"height\":512,\"caption\":\"Bellunopress\"},\"image\":{\"@id\":\"https:\\\/\\\/www.bellunopress.it\\\/#\\\/schema\\\/logo\\\/image\\\/\"},\"sameAs\":[\"https:\\\/\\\/www.facebook.com\\\/profile.php?id=100008943462799\",\"https:\\\/\\\/x.com\\\/bellunopress\",\"https:\\\/\\\/www.linkedin.com\\\/hp\\\/?dnr=JBzUWaJfMUw8vbXJJ2tVW5-I3jZKvC4wsoxE&amp;amp;amp;amp;amp;amp;trk=nav_responsive_tab_home\",\"https:\\\/\\\/www.youtube.com\\\/channel\\\/UCxL0wu1uN0_3_7hGG0306cw\"]},{\"@type\":\"Person\",\"@id\":\"https:\\\/\\\/www.bellunopress.it\\\/#\\\/schema\\\/person\\\/79bb06722b37ece1c03d3e94beb30d73\",\"name\":\"redazione\",\"image\":{\"@type\":\"ImageObject\",\"inLanguage\":\"fr-FR\",\"@id\":\"https:\\\/\\\/secure.gravatar.com\\\/avatar\\\/37d968a2e67a6fd04c169c4bdef102d0bc5d31b2546345219e348575eb80e9a0?s=96&d=mm&r=g\",\"url\":\"https:\\\/\\\/secure.gravatar.com\\\/avatar\\\/37d968a2e67a6fd04c169c4bdef102d0bc5d31b2546345219e348575eb80e9a0?s=96&d=mm&r=g\",\"contentUrl\":\"https:\\\/\\\/secure.gravatar.com\\\/avatar\\\/37d968a2e67a6fd04c169c4bdef102d0bc5d31b2546345219e348575eb80e9a0?s=96&d=mm&r=g\",\"caption\":\"redazione\"},\"sameAs\":[\"http:\\\/\\\/www.bellunopress.it\",\"https:\\\/\\\/x.com\\\/bellunopress\"],\"url\":\"https:\\\/\\\/www.bellunopress.it\\\/fr\\\/author\\\/redazione\\\/\"}]}<\/script>\n<!-- \/ Yoast SEO plugin. -->","yoast_head_json":{"title":"Polizia di Stato rintraccia due minorenni fuggiti da una comunit\u00e0 di Padova  - Bellunopress - Dolomiti","robots":{"index":"index","follow":"follow","max-snippet":"max-snippet:-1","max-image-preview":"max-image-preview:large","max-video-preview":"max-video-preview:-1"},"canonical":"https:\/\/www.bellunopress.it\/fr\/2010\/04\/17\/polizia-di-stato-rintraccia-due-minorenni-fuggiti-da-una-comunita-di-padova\/","og_locale":"fr_FR","og_type":"article","og_title":"Polizia di Stato rintraccia due minorenni fuggiti da una comunit\u00e0 di Padova  - Bellunopress - Dolomiti","og_description":"Ieri un equipaggio della squadra volante rintracciava due minori che erano stati segnalati nel piazzale della chiesa parrocchiale di Santa Giustina.\u00a0 Accompagnati in Questura, emergeva che l\u2019adolescente C.S.,temporaneamente ospitato per problematiche varie presso la comunit\u00e0 \u201cAmicizia\u201d di Padova, seppur autorizzato ad una visita esterna con un accompagnatore, alla stazione ferroviaria di Padova eludeva l\u2019operatore di [&hellip;]","og_url":"https:\/\/www.bellunopress.it\/fr\/2010\/04\/17\/polizia-di-stato-rintraccia-due-minorenni-fuggiti-da-una-comunita-di-padova\/","og_site_name":"Bellunopress - Dolomiti","article_publisher":"https:\/\/www.facebook.com\/profile.php?id=100008943462799","article_published_time":"2010-04-17T13:22:33+00:00","og_image":[{"url":"http:\/\/www.bellunopress.it\/wp-content\/uploads\/2009\/02\/polizia-di-stato.jpg","type":"","width":"","height":""}],"author":"redazione","twitter_card":"summary_large_image","twitter_creator":"@bellunopress","twitter_site":"@bellunopress","twitter_misc":{"\u00c9crit par":"redazione","Dur\u00e9e de lecture estim\u00e9e":"1 minute"},"schema":{"@context":"https:\/\/schema.org","@graph":[{"@type":"Article","@id":"https:\/\/www.bellunopress.it\/2010\/04\/17\/polizia-di-stato-rintraccia-due-minorenni-fuggiti-da-una-comunita-di-padova\/#article","isPartOf":{"@id":"https:\/\/www.bellunopress.it\/2010\/04\/17\/polizia-di-stato-rintraccia-due-minorenni-fuggiti-da-una-comunita-di-padova\/"},"author":{"name":"redazione","@id":"https:\/\/www.bellunopress.it\/#\/schema\/person\/79bb06722b37ece1c03d3e94beb30d73"},"headline":"Polizia di Stato rintraccia due minorenni fuggiti da una comunit\u00e0 di Padova","datePublished":"2010-04-17T13:22:33+00:00","mainEntityOfPage":{"@id":"https:\/\/www.bellunopress.it\/2010\/04\/17\/polizia-di-stato-rintraccia-due-minorenni-fuggiti-da-una-comunita-di-padova\/"},"wordCount":169,"publisher":{"@id":"https:\/\/www.bellunopress.it\/#organization"},"image":{"@id":"https:\/\/www.bellunopress.it\/2010\/04\/17\/polizia-di-stato-rintraccia-due-minorenni-fuggiti-da-una-comunita-di-padova\/#primaryimage"},"thumbnailUrl":"http:\/\/www.bellunopress.it\/wp-content\/uploads\/2009\/02\/polizia-di-stato.jpg","keywords":["fuggiti dalla comunit\u00e0 protetta \"Amicizia\" di Padova"],"articleSection":["Cronaca\/Politica","Prima Pagina"],"inLanguage":"fr-FR"},{"@type":"WebPage","@id":"https:\/\/www.bellunopress.it\/2010\/04\/17\/polizia-di-stato-rintraccia-due-minorenni-fuggiti-da-una-comunita-di-padova\/","url":"https:\/\/www.bellunopress.it\/2010\/04\/17\/polizia-di-stato-rintraccia-due-minorenni-fuggiti-da-una-comunita-di-padova\/","name":"Polizia di Stato rintraccia due minorenni fuggiti da una comunit\u00e0 di Padova - Bellunopress - Dolomiti","isPartOf":{"@id":"https:\/\/www.bellunopress.it\/#website"},"primaryImageOfPage":{"@id":"https:\/\/www.bellunopress.it\/2010\/04\/17\/polizia-di-stato-rintraccia-due-minorenni-fuggiti-da-una-comunita-di-padova\/#primaryimage"},"image":{"@id":"https:\/\/www.bellunopress.it\/2010\/04\/17\/polizia-di-stato-rintraccia-due-minorenni-fuggiti-da-una-comunita-di-padova\/#primaryimage"},"thumbnailUrl":"http:\/\/www.bellunopress.it\/wp-content\/uploads\/2009\/02\/polizia-di-stato.jpg","datePublished":"2010-04-17T13:22:33+00:00","breadcrumb":{"@id":"https:\/\/www.bellunopress.it\/2010\/04\/17\/polizia-di-stato-rintraccia-due-minorenni-fuggiti-da-una-comunita-di-padova\/#breadcrumb"},"inLanguage":"fr-FR","potentialAction":[{"@type":"ReadAction","target":["https:\/\/www.bellunopress.it\/2010\/04\/17\/polizia-di-stato-rintraccia-due-minorenni-fuggiti-da-una-comunita-di-padova\/"]}]},{"@type":"ImageObject","inLanguage":"fr-FR","@id":"https:\/\/www.bellunopress.it\/2010\/04\/17\/polizia-di-stato-rintraccia-due-minorenni-fuggiti-da-una-comunita-di-padova\/#primaryimage","url":"http:\/\/www.bellunopress.it\/wp-content\/uploads\/2009\/02\/polizia-di-stato.jpg","contentUrl":"http:\/\/www.bellunopress.it\/wp-content\/uploads\/2009\/02\/polizia-di-stato.jpg"},{"@type":"BreadcrumbList","@id":"https:\/\/www.bellunopress.it\/2010\/04\/17\/polizia-di-stato-rintraccia-due-minorenni-fuggiti-da-una-comunita-di-padova\/#breadcrumb","itemListElement":[{"@type":"ListItem","position":1,"name":"Home","item":"https:\/\/www.bellunopress.it\/"},{"@type":"ListItem","position":2,"name":"Polizia di Stato rintraccia due minorenni fuggiti da una comunit\u00e0 di Padova"}]},{"@type":"WebSite","@id":"https:\/\/www.bellunopress.it\/#website","url":"https:\/\/www.bellunopress.it\/","name":"Bellunopress - Dolomiti","description":"e-mail: redazione@bellunopress.it","publisher":{"@id":"https:\/\/www.bellunopress.it\/#organization"},"potentialAction":[{"@type":"SearchAction","target":{"@type":"EntryPoint","urlTemplate":"https:\/\/www.bellunopress.it\/?s={search_term_string}"},"query-input":{"@type":"PropertyValueSpecification","valueRequired":true,"valueName":"search_term_string"}}],"inLanguage":"fr-FR"},{"@type":"Organization","@id":"https:\/\/www.bellunopress.it\/#organization","name":"Bellunopress","url":"https:\/\/www.bellunopress.it\/","logo":{"@type":"ImageObject","inLanguage":"fr-FR","@id":"https:\/\/www.bellunopress.it\/#\/schema\/logo\/image\/","url":"https:\/\/www.bellunopress.it\/wp-content\/uploads\/2011\/05\/cropped-logo-bellunopress-.jpg","contentUrl":"https:\/\/www.bellunopress.it\/wp-content\/uploads\/2011\/05\/cropped-logo-bellunopress-.jpg","width":512,"height":512,"caption":"Bellunopress"},"image":{"@id":"https:\/\/www.bellunopress.it\/#\/schema\/logo\/image\/"},"sameAs":["https:\/\/www.facebook.com\/profile.php?id=100008943462799","https:\/\/x.com\/bellunopress","https:\/\/www.linkedin.com\/hp\/?dnr=JBzUWaJfMUw8vbXJJ2tVW5-I3jZKvC4wsoxE&amp;amp;amp;amp;amp;amp;trk=nav_responsive_tab_home","https:\/\/www.youtube.com\/channel\/UCxL0wu1uN0_3_7hGG0306cw"]},{"@type":"Person","@id":"https:\/\/www.bellunopress.it\/#\/schema\/person\/79bb06722b37ece1c03d3e94beb30d73","name":"r\u00e9daction","image":{"@type":"ImageObject","inLanguage":"fr-FR","@id":"https:\/\/secure.gravatar.com\/avatar\/37d968a2e67a6fd04c169c4bdef102d0bc5d31b2546345219e348575eb80e9a0?s=96&d=mm&r=g","url":"https:\/\/secure.gravatar.com\/avatar\/37d968a2e67a6fd04c169c4bdef102d0bc5d31b2546345219e348575eb80e9a0?s=96&d=mm&r=g","contentUrl":"https:\/\/secure.gravatar.com\/avatar\/37d968a2e67a6fd04c169c4bdef102d0bc5d31b2546345219e348575eb80e9a0?s=96&d=mm&r=g","caption":"redazione"},"sameAs":["http:\/\/www.bellunopress.it","https:\/\/x.com\/bellunopress"],"url":"https:\/\/www.bellunopress.it\/fr\/author\/redazione\/"}]}},"_links":{"self":[{"href":"https:\/\/www.bellunopress.it\/fr\/wp-json\/wp\/v2\/posts\/14510","targetHints":{"allow":["GET"]}}],"collection":[{"href":"https:\/\/www.bellunopress.it\/fr\/wp-json\/wp\/v2\/posts"}],"about":[{"href":"https:\/\/www.bellunopress.it\/fr\/wp-json\/wp\/v2\/types\/post"}],"author":[{"embeddable":true,"href":"https:\/\/www.bellunopress.it\/fr\/wp-json\/wp\/v2\/users\/2"}],"replies":[{"embeddable":true,"href":"https:\/\/www.bellunopress.it\/fr\/wp-json\/wp\/v2\/comments?post=14510"}],"version-history":[{"count":1,"href":"https:\/\/www.bellunopress.it\/fr\/wp-json\/wp\/v2\/posts\/14510\/revisions"}],"predecessor-version":[{"id":14511,"href":"https:\/\/www.bellunopress.it\/fr\/wp-json\/wp\/v2\/posts\/14510\/revisions\/14511"}],"wp:attachment":[{"href":"https:\/\/www.bellunopress.it\/fr\/wp-json\/wp\/v2\/media?parent=14510"}],"wp:term":[{"taxonomy":"category","embeddable":true,"href":"https:\/\/www.bellunopress.it\/fr\/wp-json\/wp\/v2\/categories?post=14510"},{"taxonomy":"post_tag","embeddable":true,"href":"https:\/\/www.bellunopress.it\/fr\/wp-json\/wp\/v2\/tags?post=14510"}],"curies":[{"name":"wp","href":"https:\/\/api.w.org\/{rel}","templated":true}]}}