{"id":144905,"date":"2023-10-12T07:38:24","date_gmt":"2023-10-12T05:38:24","guid":{"rendered":"https:\/\/www.bellunopress.it\/?p=144905"},"modified":"2023-10-12T07:38:24","modified_gmt":"2023-10-12T05:38:24","slug":"conferimento-della-cittadinanza-onoraria-alla-croce-rossa-italiana","status":"publish","type":"post","link":"https:\/\/www.bellunopress.it\/fr\/2023\/10\/12\/conferimento-della-cittadinanza-onoraria-alla-croce-rossa-italiana\/","title":{"rendered":"Conferimento della Cittadinanza onoraria alla Croce Rossa Italiana"},"content":{"rendered":"<figure id=\"attachment_113957\" aria-describedby=\"caption-attachment-113957\" style=\"width: 378px\" class=\"wp-caption alignleft\"><img loading=\"lazy\" decoding=\"async\" class=\"size-full wp-image-113957\" src=\"https:\/\/www.bellunopress.it\/wp-content\/uploads\/2020\/04\/Municipio-Longarone.jpg\" alt=\"\" width=\"378\" height=\"236\" \/><figcaption id=\"caption-attachment-113957\" class=\"wp-caption-text\">Municipio di Longarone<\/figcaption><\/figure>\n<p>La cerimonia di conferimento della Cittadinanza onoraria alla Croce Rossa Italiana si terr\u00e0 il 15 ottobre alle ore 10:00 in piazza Mazzol\u00e0 dinanzi al Municipio di Longarone.<\/p>\n<p>&nbsp;<\/p>\n<p>&nbsp;<\/p>\n<p><strong><img loading=\"lazy\" decoding=\"async\" class=\"alignleft size-full wp-image-144906\" src=\"https:\/\/www.bellunopress.it\/wp-content\/uploads\/2023\/10\/Vajont-anniversario_edited.jpg\" alt=\"\" width=\"420\" height=\"1000\" srcset=\"https:\/\/www.bellunopress.it\/wp-content\/uploads\/2023\/10\/Vajont-anniversario_edited.jpg 420w, https:\/\/www.bellunopress.it\/wp-content\/uploads\/2023\/10\/Vajont-anniversario_edited-210x500.jpg 210w\" sizes=\"auto, (max-width: 420px) 100vw, 420px\" \/>Il programma<\/strong><\/p>\n<p>Esecuzione degli inni da parte della Fanfara Nazionale Croce Rossa Italiana<br \/>\nCanto degli Italiani, Inno alla Goia, Di fiamma viva di sangue vivo<br \/>\nPalazzo Municipale, Aula Consiglio Comunale<br \/>\nore 10:15<br \/>\nSaluti istituzionali<br \/>\nRoberto Padrin Sindaco di Longarone<br \/>\nMariano Savastano, Prefetto di Belluno<br \/>\nore 10:30<br \/>\nTestimonianze storiche<br \/>\nS.lla Italia Luigia De Zorzi, Infermiera Volontaria<br \/>\nS.lla Domenica Garimberti, Ispettrice Infermiere Volontarie CRI di Belluno<br \/>\nS.lla Emilia Bruna Scarcella, Ispettrice Nazionale Infermiere Volontarie CRI<br \/>\nore 11:00<br \/>\nRosario Maria Gianluca Valastro, Presidente Nazionale Croce Rossa Italiana<br \/>\nore 11:15<br \/>\nConferimento della Cittadinanza Onoraria, consegna della pergamena,<br \/>\nregistrazione nell&#8217;Albo Comunale dei Cittadini Onorari<br \/>\nore 11:30<br \/>\nCorteo da Piazza Mazzol\u00e0 a Piazza Jacopo Tasso<br \/>\nPiazza Jacopo Tasso, Aiuola Monumento della Solidariet\u00e0<br \/>\nore 11:45<br \/>\nDeposizione di un omaggio floreale alle vittime della frana del Vajont<br \/>\nDeposizione di una zolla di terra del Memoriale della Croce Rossa Italiana a Solferino (MN)<br \/>\nA seguire<br \/>\nRinfresco presso il Palazzo Municipale<\/p>","protected":false},"excerpt":{"rendered":"<p>La cerimonia di conferimento della Cittadinanza onoraria alla Croce Rossa Italiana si terr\u00e0 il 15 ottobre alle ore 10:00 in piazza Mazzol\u00e0 dinanzi al Municipio di Longarone. &nbsp; &nbsp; Il programma Esecuzione degli inni da parte della Fanfara Nazionale Croce Rossa Italiana Canto degli Italiani, Inno alla Goia, Di fiamma viva di sangue vivo Palazzo [&hellip;]<\/p>\n","protected":false},"author":2,"featured_media":144906,"comment_status":"closed","ping_status":"open","sticky":false,"template":"","format":"standard","meta":{"footnotes":""},"categories":[8],"tags":[],"class_list":["post-144905","post","type-post","status-publish","format-standard","has-post-thumbnail","category-societa-istituzioni"],"yoast_head":"<!-- This site is optimized with the Yoast SEO plugin v28.4 - https:\/\/yoast.com\/product\/yoast-seo-wordpress\/ -->\n<title>Conferimento della Cittadinanza onoraria alla Croce Rossa Italiana - Bellunopress - Dolomiti<\/title>\n<meta name=\"robots\" content=\"index, follow, max-snippet:-1, max-image-preview:large, max-video-preview:-1\" \/>\n<link rel=\"canonical\" href=\"https:\/\/www.bellunopress.it\/fr\/2023\/10\/12\/conferimento-della-cittadinanza-onoraria-alla-croce-rossa-italiana\/\" \/>\n<meta property=\"og:locale\" content=\"fr_FR\" \/>\n<meta property=\"og:type\" content=\"article\" \/>\n<meta property=\"og:title\" content=\"Conferimento della Cittadinanza onoraria alla Croce Rossa Italiana - Bellunopress - Dolomiti\" \/>\n<meta property=\"og:description\" content=\"La cerimonia di conferimento della Cittadinanza onoraria alla Croce Rossa Italiana si terr\u00e0 il 15 ottobre alle ore 10:00 in piazza Mazzol\u00e0 dinanzi al Municipio di Longarone. &nbsp; &nbsp; Il programma Esecuzione degli inni da parte della Fanfara Nazionale Croce Rossa Italiana Canto degli Italiani, Inno alla Goia, Di fiamma viva di sangue vivo Palazzo [&hellip;]\" \/>\n<meta property=\"og:url\" content=\"https:\/\/www.bellunopress.it\/fr\/2023\/10\/12\/conferimento-della-cittadinanza-onoraria-alla-croce-rossa-italiana\/\" \/>\n<meta property=\"og:site_name\" content=\"Bellunopress - Dolomiti\" \/>\n<meta property=\"article:publisher\" content=\"https:\/\/www.facebook.com\/profile.php?id=100008943462799\" \/>\n<meta property=\"article:published_time\" content=\"2023-10-12T05:38:24+00:00\" \/>\n<meta property=\"og:image\" content=\"https:\/\/www.bellunopress.it\/wp-content\/uploads\/2023\/10\/Vajont-anniversario_edited.jpg\" \/>\n\t<meta property=\"og:image:width\" content=\"420\" \/>\n\t<meta property=\"og:image:height\" content=\"1000\" \/>\n\t<meta property=\"og:image:type\" content=\"image\/jpeg\" \/>\n<meta name=\"author\" content=\"redazione\" \/>\n<meta name=\"twitter:card\" content=\"summary_large_image\" \/>\n<meta name=\"twitter:creator\" content=\"@bellunopress\" \/>\n<meta name=\"twitter:site\" content=\"@bellunopress\" \/>\n<meta name=\"twitter:label1\" content=\"\u00c9crit par\" \/>\n\t<meta name=\"twitter:data1\" content=\"redazione\" \/>\n\t<meta name=\"twitter:label2\" content=\"Dur\u00e9e de lecture estim\u00e9e\" \/>\n\t<meta name=\"twitter:data2\" content=\"1 minute\" \/>\n<script type=\"application\/ld+json\" class=\"yoast-schema-graph\">{\"@context\":\"https:\\\/\\\/schema.org\",\"@graph\":[{\"@type\":\"Article\",\"@id\":\"https:\\\/\\\/www.bellunopress.it\\\/2023\\\/10\\\/12\\\/conferimento-della-cittadinanza-onoraria-alla-croce-rossa-italiana\\\/#article\",\"isPartOf\":{\"@id\":\"https:\\\/\\\/www.bellunopress.it\\\/2023\\\/10\\\/12\\\/conferimento-della-cittadinanza-onoraria-alla-croce-rossa-italiana\\\/\"},\"author\":{\"name\":\"redazione\",\"@id\":\"https:\\\/\\\/www.bellunopress.it\\\/#\\\/schema\\\/person\\\/79bb06722b37ece1c03d3e94beb30d73\"},\"headline\":\"Conferimento della Cittadinanza onoraria alla Croce Rossa Italiana\",\"datePublished\":\"2023-10-12T05:38:24+00:00\",\"mainEntityOfPage\":{\"@id\":\"https:\\\/\\\/www.bellunopress.it\\\/2023\\\/10\\\/12\\\/conferimento-della-cittadinanza-onoraria-alla-croce-rossa-italiana\\\/\"},\"wordCount\":194,\"publisher\":{\"@id\":\"https:\\\/\\\/www.bellunopress.it\\\/#organization\"},\"image\":{\"@id\":\"https:\\\/\\\/www.bellunopress.it\\\/2023\\\/10\\\/12\\\/conferimento-della-cittadinanza-onoraria-alla-croce-rossa-italiana\\\/#primaryimage\"},\"thumbnailUrl\":\"https:\\\/\\\/www.bellunopress.it\\\/wp-content\\\/uploads\\\/2023\\\/10\\\/Vajont-anniversario_edited.jpg\",\"articleSection\":[\"Societ\u00e0, Associazioni, Istituzioni\"],\"inLanguage\":\"fr-FR\"},{\"@type\":\"WebPage\",\"@id\":\"https:\\\/\\\/www.bellunopress.it\\\/2023\\\/10\\\/12\\\/conferimento-della-cittadinanza-onoraria-alla-croce-rossa-italiana\\\/\",\"url\":\"https:\\\/\\\/www.bellunopress.it\\\/2023\\\/10\\\/12\\\/conferimento-della-cittadinanza-onoraria-alla-croce-rossa-italiana\\\/\",\"name\":\"Conferimento della Cittadinanza onoraria alla Croce Rossa Italiana - Bellunopress - Dolomiti\",\"isPartOf\":{\"@id\":\"https:\\\/\\\/www.bellunopress.it\\\/#website\"},\"primaryImageOfPage\":{\"@id\":\"https:\\\/\\\/www.bellunopress.it\\\/2023\\\/10\\\/12\\\/conferimento-della-cittadinanza-onoraria-alla-croce-rossa-italiana\\\/#primaryimage\"},\"image\":{\"@id\":\"https:\\\/\\\/www.bellunopress.it\\\/2023\\\/10\\\/12\\\/conferimento-della-cittadinanza-onoraria-alla-croce-rossa-italiana\\\/#primaryimage\"},\"thumbnailUrl\":\"https:\\\/\\\/www.bellunopress.it\\\/wp-content\\\/uploads\\\/2023\\\/10\\\/Vajont-anniversario_edited.jpg\",\"datePublished\":\"2023-10-12T05:38:24+00:00\",\"breadcrumb\":{\"@id\":\"https:\\\/\\\/www.bellunopress.it\\\/2023\\\/10\\\/12\\\/conferimento-della-cittadinanza-onoraria-alla-croce-rossa-italiana\\\/#breadcrumb\"},\"inLanguage\":\"fr-FR\",\"potentialAction\":[{\"@type\":\"ReadAction\",\"target\":[\"https:\\\/\\\/www.bellunopress.it\\\/2023\\\/10\\\/12\\\/conferimento-della-cittadinanza-onoraria-alla-croce-rossa-italiana\\\/\"]}]},{\"@type\":\"ImageObject\",\"inLanguage\":\"fr-FR\",\"@id\":\"https:\\\/\\\/www.bellunopress.it\\\/2023\\\/10\\\/12\\\/conferimento-della-cittadinanza-onoraria-alla-croce-rossa-italiana\\\/#primaryimage\",\"url\":\"https:\\\/\\\/www.bellunopress.it\\\/wp-content\\\/uploads\\\/2023\\\/10\\\/Vajont-anniversario_edited.jpg\",\"contentUrl\":\"https:\\\/\\\/www.bellunopress.it\\\/wp-content\\\/uploads\\\/2023\\\/10\\\/Vajont-anniversario_edited.jpg\",\"width\":420,\"height\":1000},{\"@type\":\"BreadcrumbList\",\"@id\":\"https:\\\/\\\/www.bellunopress.it\\\/2023\\\/10\\\/12\\\/conferimento-della-cittadinanza-onoraria-alla-croce-rossa-italiana\\\/#breadcrumb\",\"itemListElement\":[{\"@type\":\"ListItem\",\"position\":1,\"name\":\"Home\",\"item\":\"https:\\\/\\\/www.bellunopress.it\\\/\"},{\"@type\":\"ListItem\",\"position\":2,\"name\":\"Conferimento della Cittadinanza onoraria alla Croce Rossa Italiana\"}]},{\"@type\":\"WebSite\",\"@id\":\"https:\\\/\\\/www.bellunopress.it\\\/#website\",\"url\":\"https:\\\/\\\/www.bellunopress.it\\\/\",\"name\":\"Bellunopress - Dolomiti\",\"description\":\"e-mail: redazione@bellunopress.it\",\"publisher\":{\"@id\":\"https:\\\/\\\/www.bellunopress.it\\\/#organization\"},\"potentialAction\":[{\"@type\":\"SearchAction\",\"target\":{\"@type\":\"EntryPoint\",\"urlTemplate\":\"https:\\\/\\\/www.bellunopress.it\\\/?s={search_term_string}\"},\"query-input\":{\"@type\":\"PropertyValueSpecification\",\"valueRequired\":true,\"valueName\":\"search_term_string\"}}],\"inLanguage\":\"fr-FR\"},{\"@type\":\"Organization\",\"@id\":\"https:\\\/\\\/www.bellunopress.it\\\/#organization\",\"name\":\"Bellunopress\",\"url\":\"https:\\\/\\\/www.bellunopress.it\\\/\",\"logo\":{\"@type\":\"ImageObject\",\"inLanguage\":\"fr-FR\",\"@id\":\"https:\\\/\\\/www.bellunopress.it\\\/#\\\/schema\\\/logo\\\/image\\\/\",\"url\":\"https:\\\/\\\/www.bellunopress.it\\\/wp-content\\\/uploads\\\/2011\\\/05\\\/cropped-logo-bellunopress-.jpg\",\"contentUrl\":\"https:\\\/\\\/www.bellunopress.it\\\/wp-content\\\/uploads\\\/2011\\\/05\\\/cropped-logo-bellunopress-.jpg\",\"width\":512,\"height\":512,\"caption\":\"Bellunopress\"},\"image\":{\"@id\":\"https:\\\/\\\/www.bellunopress.it\\\/#\\\/schema\\\/logo\\\/image\\\/\"},\"sameAs\":[\"https:\\\/\\\/www.facebook.com\\\/profile.php?id=100008943462799\",\"https:\\\/\\\/x.com\\\/bellunopress\",\"https:\\\/\\\/www.linkedin.com\\\/hp\\\/?dnr=JBzUWaJfMUw8vbXJJ2tVW5-I3jZKvC4wsoxE&amp;amp;amp;amp;amp;amp;trk=nav_responsive_tab_home\",\"https:\\\/\\\/www.youtube.com\\\/channel\\\/UCxL0wu1uN0_3_7hGG0306cw\"]},{\"@type\":\"Person\",\"@id\":\"https:\\\/\\\/www.bellunopress.it\\\/#\\\/schema\\\/person\\\/79bb06722b37ece1c03d3e94beb30d73\",\"name\":\"redazione\",\"image\":{\"@type\":\"ImageObject\",\"inLanguage\":\"fr-FR\",\"@id\":\"https:\\\/\\\/secure.gravatar.com\\\/avatar\\\/37d968a2e67a6fd04c169c4bdef102d0bc5d31b2546345219e348575eb80e9a0?s=96&d=mm&r=g\",\"url\":\"https:\\\/\\\/secure.gravatar.com\\\/avatar\\\/37d968a2e67a6fd04c169c4bdef102d0bc5d31b2546345219e348575eb80e9a0?s=96&d=mm&r=g\",\"contentUrl\":\"https:\\\/\\\/secure.gravatar.com\\\/avatar\\\/37d968a2e67a6fd04c169c4bdef102d0bc5d31b2546345219e348575eb80e9a0?s=96&d=mm&r=g\",\"caption\":\"redazione\"},\"sameAs\":[\"http:\\\/\\\/www.bellunopress.it\",\"https:\\\/\\\/x.com\\\/bellunopress\"],\"url\":\"https:\\\/\\\/www.bellunopress.it\\\/fr\\\/author\\\/redazione\\\/\"}]}<\/script>\n<!-- \/ Yoast SEO plugin. -->","yoast_head_json":{"title":"Conferimento della Cittadinanza onoraria alla Croce Rossa Italiana - Bellunopress - Dolomiti","robots":{"index":"index","follow":"follow","max-snippet":"max-snippet:-1","max-image-preview":"max-image-preview:large","max-video-preview":"max-video-preview:-1"},"canonical":"https:\/\/www.bellunopress.it\/fr\/2023\/10\/12\/conferimento-della-cittadinanza-onoraria-alla-croce-rossa-italiana\/","og_locale":"fr_FR","og_type":"article","og_title":"Conferimento della Cittadinanza onoraria alla Croce Rossa Italiana - Bellunopress - Dolomiti","og_description":"La cerimonia di conferimento della Cittadinanza onoraria alla Croce Rossa Italiana si terr\u00e0 il 15 ottobre alle ore 10:00 in piazza Mazzol\u00e0 dinanzi al Municipio di Longarone. &nbsp; &nbsp; Il programma Esecuzione degli inni da parte della Fanfara Nazionale Croce Rossa Italiana Canto degli Italiani, Inno alla Goia, Di fiamma viva di sangue vivo Palazzo [&hellip;]","og_url":"https:\/\/www.bellunopress.it\/fr\/2023\/10\/12\/conferimento-della-cittadinanza-onoraria-alla-croce-rossa-italiana\/","og_site_name":"Bellunopress - Dolomiti","article_publisher":"https:\/\/www.facebook.com\/profile.php?id=100008943462799","article_published_time":"2023-10-12T05:38:24+00:00","og_image":[{"width":420,"height":1000,"url":"https:\/\/www.bellunopress.it\/wp-content\/uploads\/2023\/10\/Vajont-anniversario_edited.jpg","type":"image\/jpeg"}],"author":"redazione","twitter_card":"summary_large_image","twitter_creator":"@bellunopress","twitter_site":"@bellunopress","twitter_misc":{"\u00c9crit par":"redazione","Dur\u00e9e de lecture estim\u00e9e":"1 minute"},"schema":{"@context":"https:\/\/schema.org","@graph":[{"@type":"Article","@id":"https:\/\/www.bellunopress.it\/2023\/10\/12\/conferimento-della-cittadinanza-onoraria-alla-croce-rossa-italiana\/#article","isPartOf":{"@id":"https:\/\/www.bellunopress.it\/2023\/10\/12\/conferimento-della-cittadinanza-onoraria-alla-croce-rossa-italiana\/"},"author":{"name":"redazione","@id":"https:\/\/www.bellunopress.it\/#\/schema\/person\/79bb06722b37ece1c03d3e94beb30d73"},"headline":"Conferimento della Cittadinanza onoraria alla Croce Rossa Italiana","datePublished":"2023-10-12T05:38:24+00:00","mainEntityOfPage":{"@id":"https:\/\/www.bellunopress.it\/2023\/10\/12\/conferimento-della-cittadinanza-onoraria-alla-croce-rossa-italiana\/"},"wordCount":194,"publisher":{"@id":"https:\/\/www.bellunopress.it\/#organization"},"image":{"@id":"https:\/\/www.bellunopress.it\/2023\/10\/12\/conferimento-della-cittadinanza-onoraria-alla-croce-rossa-italiana\/#primaryimage"},"thumbnailUrl":"https:\/\/www.bellunopress.it\/wp-content\/uploads\/2023\/10\/Vajont-anniversario_edited.jpg","articleSection":["Societ\u00e0, Associazioni, Istituzioni"],"inLanguage":"fr-FR"},{"@type":"WebPage","@id":"https:\/\/www.bellunopress.it\/2023\/10\/12\/conferimento-della-cittadinanza-onoraria-alla-croce-rossa-italiana\/","url":"https:\/\/www.bellunopress.it\/2023\/10\/12\/conferimento-della-cittadinanza-onoraria-alla-croce-rossa-italiana\/","name":"Conferimento della Cittadinanza onoraria alla Croce Rossa Italiana - Bellunopress - Dolomiti","isPartOf":{"@id":"https:\/\/www.bellunopress.it\/#website"},"primaryImageOfPage":{"@id":"https:\/\/www.bellunopress.it\/2023\/10\/12\/conferimento-della-cittadinanza-onoraria-alla-croce-rossa-italiana\/#primaryimage"},"image":{"@id":"https:\/\/www.bellunopress.it\/2023\/10\/12\/conferimento-della-cittadinanza-onoraria-alla-croce-rossa-italiana\/#primaryimage"},"thumbnailUrl":"https:\/\/www.bellunopress.it\/wp-content\/uploads\/2023\/10\/Vajont-anniversario_edited.jpg","datePublished":"2023-10-12T05:38:24+00:00","breadcrumb":{"@id":"https:\/\/www.bellunopress.it\/2023\/10\/12\/conferimento-della-cittadinanza-onoraria-alla-croce-rossa-italiana\/#breadcrumb"},"inLanguage":"fr-FR","potentialAction":[{"@type":"ReadAction","target":["https:\/\/www.bellunopress.it\/2023\/10\/12\/conferimento-della-cittadinanza-onoraria-alla-croce-rossa-italiana\/"]}]},{"@type":"ImageObject","inLanguage":"fr-FR","@id":"https:\/\/www.bellunopress.it\/2023\/10\/12\/conferimento-della-cittadinanza-onoraria-alla-croce-rossa-italiana\/#primaryimage","url":"https:\/\/www.bellunopress.it\/wp-content\/uploads\/2023\/10\/Vajont-anniversario_edited.jpg","contentUrl":"https:\/\/www.bellunopress.it\/wp-content\/uploads\/2023\/10\/Vajont-anniversario_edited.jpg","width":420,"height":1000},{"@type":"BreadcrumbList","@id":"https:\/\/www.bellunopress.it\/2023\/10\/12\/conferimento-della-cittadinanza-onoraria-alla-croce-rossa-italiana\/#breadcrumb","itemListElement":[{"@type":"ListItem","position":1,"name":"Home","item":"https:\/\/www.bellunopress.it\/"},{"@type":"ListItem","position":2,"name":"Conferimento della Cittadinanza onoraria alla Croce Rossa Italiana"}]},{"@type":"WebSite","@id":"https:\/\/www.bellunopress.it\/#website","url":"https:\/\/www.bellunopress.it\/","name":"Bellunopress - Dolomiti","description":"e-mail: redazione@bellunopress.it","publisher":{"@id":"https:\/\/www.bellunopress.it\/#organization"},"potentialAction":[{"@type":"SearchAction","target":{"@type":"EntryPoint","urlTemplate":"https:\/\/www.bellunopress.it\/?s={search_term_string}"},"query-input":{"@type":"PropertyValueSpecification","valueRequired":true,"valueName":"search_term_string"}}],"inLanguage":"fr-FR"},{"@type":"Organization","@id":"https:\/\/www.bellunopress.it\/#organization","name":"Bellunopress","url":"https:\/\/www.bellunopress.it\/","logo":{"@type":"ImageObject","inLanguage":"fr-FR","@id":"https:\/\/www.bellunopress.it\/#\/schema\/logo\/image\/","url":"https:\/\/www.bellunopress.it\/wp-content\/uploads\/2011\/05\/cropped-logo-bellunopress-.jpg","contentUrl":"https:\/\/www.bellunopress.it\/wp-content\/uploads\/2011\/05\/cropped-logo-bellunopress-.jpg","width":512,"height":512,"caption":"Bellunopress"},"image":{"@id":"https:\/\/www.bellunopress.it\/#\/schema\/logo\/image\/"},"sameAs":["https:\/\/www.facebook.com\/profile.php?id=100008943462799","https:\/\/x.com\/bellunopress","https:\/\/www.linkedin.com\/hp\/?dnr=JBzUWaJfMUw8vbXJJ2tVW5-I3jZKvC4wsoxE&amp;amp;amp;amp;amp;amp;trk=nav_responsive_tab_home","https:\/\/www.youtube.com\/channel\/UCxL0wu1uN0_3_7hGG0306cw"]},{"@type":"Person","@id":"https:\/\/www.bellunopress.it\/#\/schema\/person\/79bb06722b37ece1c03d3e94beb30d73","name":"r\u00e9daction","image":{"@type":"ImageObject","inLanguage":"fr-FR","@id":"https:\/\/secure.gravatar.com\/avatar\/37d968a2e67a6fd04c169c4bdef102d0bc5d31b2546345219e348575eb80e9a0?s=96&d=mm&r=g","url":"https:\/\/secure.gravatar.com\/avatar\/37d968a2e67a6fd04c169c4bdef102d0bc5d31b2546345219e348575eb80e9a0?s=96&d=mm&r=g","contentUrl":"https:\/\/secure.gravatar.com\/avatar\/37d968a2e67a6fd04c169c4bdef102d0bc5d31b2546345219e348575eb80e9a0?s=96&d=mm&r=g","caption":"redazione"},"sameAs":["http:\/\/www.bellunopress.it","https:\/\/x.com\/bellunopress"],"url":"https:\/\/www.bellunopress.it\/fr\/author\/redazione\/"}]}},"_links":{"self":[{"href":"https:\/\/www.bellunopress.it\/fr\/wp-json\/wp\/v2\/posts\/144905","targetHints":{"allow":["GET"]}}],"collection":[{"href":"https:\/\/www.bellunopress.it\/fr\/wp-json\/wp\/v2\/posts"}],"about":[{"href":"https:\/\/www.bellunopress.it\/fr\/wp-json\/wp\/v2\/types\/post"}],"author":[{"embeddable":true,"href":"https:\/\/www.bellunopress.it\/fr\/wp-json\/wp\/v2\/users\/2"}],"replies":[{"embeddable":true,"href":"https:\/\/www.bellunopress.it\/fr\/wp-json\/wp\/v2\/comments?post=144905"}],"version-history":[{"count":1,"href":"https:\/\/www.bellunopress.it\/fr\/wp-json\/wp\/v2\/posts\/144905\/revisions"}],"predecessor-version":[{"id":144907,"href":"https:\/\/www.bellunopress.it\/fr\/wp-json\/wp\/v2\/posts\/144905\/revisions\/144907"}],"wp:featuredmedia":[{"embeddable":true,"href":"https:\/\/www.bellunopress.it\/fr\/wp-json\/wp\/v2\/media\/144906"}],"wp:attachment":[{"href":"https:\/\/www.bellunopress.it\/fr\/wp-json\/wp\/v2\/media?parent=144905"}],"wp:term":[{"taxonomy":"category","embeddable":true,"href":"https:\/\/www.bellunopress.it\/fr\/wp-json\/wp\/v2\/categories?post=144905"},{"taxonomy":"post_tag","embeddable":true,"href":"https:\/\/www.bellunopress.it\/fr\/wp-json\/wp\/v2\/tags?post=144905"}],"curies":[{"name":"wp","href":"https:\/\/api.w.org\/{rel}","templated":true}]}}