{"id":144894,"date":"2023-10-11T18:18:45","date_gmt":"2023-10-11T16:18:45","guid":{"rendered":"https:\/\/www.bellunopress.it\/?p=144894"},"modified":"2023-10-11T19:49:28","modified_gmt":"2023-10-11T17:49:28","slug":"assemblea-upi-il-sistema-paese-non-puo-prescindere-dalle-province","status":"publish","type":"post","link":"https:\/\/www.bellunopress.it\/fr\/2023\/10\/11\/assemblea-upi-il-sistema-paese-non-puo-prescindere-dalle-province\/","title":{"rendered":"Assemblea Upi: il sistema Paese non pu\u00f2 prescindere dalle Province"},"content":{"rendered":"<p><em><strong><img loading=\"lazy\" decoding=\"async\" class=\"alignleft size-full wp-image-144900\" src=\"https:\/\/www.bellunopress.it\/wp-content\/uploads\/2023\/10\/Roberto-Padrin.jpg\" alt=\"\" width=\"893\" height=\"1000\" srcset=\"https:\/\/www.bellunopress.it\/wp-content\/uploads\/2023\/10\/Roberto-Padrin.jpg 893w, https:\/\/www.bellunopress.it\/wp-content\/uploads\/2023\/10\/Roberto-Padrin-447x500.jpg 447w, https:\/\/www.bellunopress.it\/wp-content\/uploads\/2023\/10\/Roberto-Padrin-696x779.jpg 696w\" sizes=\"auto, (max-width: 893px) 100vw, 893px\" \/>Belluno ha presentato la situazione e le esigenze dei territori montani<\/strong><\/em><\/p>\n<p><em><strong>Padrin: \u00abLa riforma \u00e8 necessit\u00e0 condivisa, sia inserita nel ridisegno dell&#8217;architettura degli enti locali\u00bb<\/strong><\/em><\/p>\n<p>\u00abDefinizione certa di risorse, personali e compiti. Se &#8211; come hanno detto in pi\u00f9 occasioni gli esponenti del Governo e il presidente Mattarella &#8211; le Province sono una componente fondamentale del sistema Paese, allora siano messe in condizioni di svolgere al meglio i compiti loro affidati\u00bb. Sono le parole del presidente della Provincia di Belluno, Roberto Padrin, intervenuto oggi, 11 ottobre, all&#8217;assemblea Upi nazionale all&#8217;Aquila. Un&#8217;assemblea che ha messo sotto la lente la situazione attuale delle Province italiane, nel limbo tra una riforma monca &#8211; quella del 2014, normata dalla legge Delrio &#8211; e una riforma in fase embrionale &#8211; quella che \u00e8 al momento sul tavolo, ipotizzata dall&#8217;Esecutivo per ripristinare l&#8217;elettivit\u00e0 e le funzioni degli enti di area vasta.<\/p>\n<p>Molti degli interventi istituzionali hanno sottolineato proprio questa situazione di ibridismo. In un messaggio la premier Meloni ha affermato che \u00abnei prossimi mesi va definito un quadro attraverso il quale si possano reintrodurre modalit\u00e0 organizzative, competenze, il perimetro di operativit\u00e0 delle nuove Province, dare possibilit\u00e0 di assumere, e garantire risorse finanziarie\u00bb. Il presidente della Repubblica Sergio Mattarella, nella giornata di apertura dell&#8217;assemblea Upi, aveva sostenuto la necessit\u00e0 di una riforma delle Province, a favore di un loro ripotenziamento e nuovo protagonismo. E il ministro delle infrastrutture e dei trasporti Matteo Salvini oggi ha ribadito che \u00aboccorre ridare alle Province la &#8216;P&#8217; maiuscola e le piene competenze su alcuni temi. Occorre dire agli italiani che reintrodurre le Province a pieno regime non rappresenta un costo, ma un beneficio\u00bb. \u00abRitengo possibile &#8211; ha aggiunto Salvini &#8211; tornare a eleggere direttamente i presidenti delle Province con piene funzioni, gi\u00e0 dalla primavera 2024\u00bb.<\/p>\n<p>\u00abQuelle ascoltate all&#8217;Aquila sono dichiarazioni importanti, a cui ci auguriamo possano seguire atti concreti: in dieci anni la legge Delrio ha mostrato tutti i suoi limiti e oggi \u00e8 riconosciuto che le Province sono l&#8217;unico nucleo di coesione sociale possibile tra le aree metropolitane e le aree interne e periferiche. Per questo \u00e8 necessario che il ritorno all&#8217;elettivit\u00e0 rientri nel ridisegno complessivo dell&#8217;architettura degli enti locali e sia accompagnato dalla definizione di un perimetro di competenze chiaro. Bisogna insomma che lo Stato decida chi fa cosa, con quali risorse e con quale personale, in modo da dare risposte certe ed efficienti ai cittadini e ai territori. Ad oggi, nel conto dare-avere, le Province hanno perso 800 milioni contribuendo con lacrime e sangue alle economie della macchina pubblica. Quindi servono basi solide per il futuro, sia sul fronte economico sia sul fronte del personale\u00bb commenta il presidente Padrin, che all&#8217;assemblea \u00e8 intervenuto in un panel intitolato &#8220;La nuova Provincia per la PA del futuro&#8221;, presentando un documento sulle Province di montagna. Con lui anche il consigliere provinciale Danilo De Toni.<\/p>\n<p><em><strong>DIFFERENZIALE MONTAGNA<\/strong><\/em><\/p>\n<p>\u00abServe un cambio di passo, che non dipende solo ed esclusivamente dal ripristino dell&#8217;elettivit\u00e0, ma dall&#8217;intera impostazione che si vuole dare alle Province. E questo vale ancora di pi\u00f9 in montagna dove la perifericit\u00e0 dei piccoli Comuni rispetto ai centri pu\u00f2 essere attutita solo dalla presenza di una Provincia forte e in grado di essere aggreditrice di servizi e garanzia di coesione sociale\u00bb ha detto il presidente Padrin nell&#8217;introdurre il documento, puntando l&#8217;attenzione su due punti: la funzione di aggregatore di servizi che la Provincia montana pu\u00f2 svolgere; e il tema del differenziale montagna.<\/p>\n<p>Sul primo punto, Belluno pu\u00f2 fare scuola, dato che in questi anni \u00e8 stata centro servizi per i Comuni per quanto riguarda la Stazione Unica Appaltante, e ha svolto questo compito anche per la struttura commissariale per i Mondiali di Sci di Cortina 2021. \u00abLa Provincia come centro servizi aggregati \u00e8 una via percorribile, a patto che vengano rafforzate le componenti del personale e delle risorse\u00bb ha sottolineato il presidente Padrin. \u00abL&#8217;ambito territoriale ottimale per i territori di montagna \u00e8 quello provinciale. \u00c8 cos\u00ec per effetto della distanza dal capoluogo di regione e anche per effetto della morfologia, che vede piccoli e piccolissimi Comuni dislocati in aree periferiche, talvolta privi anche dei servizi essenziali e costretti a ricorrere ai Comuni limitrofi\u00bb.<\/p>\n<p>Sul fronte della specificit\u00e0 montana, il documento evidenzia come la vita in montagna costa di pi\u00f9. \u00abPer equilibrare le differenze, morfologiche ma anche sociali, sono necessari alcuni accorgimenti\u00bb ha sintetizzato il presidente Padrin. \u00abI fabbisogni standard non tengono conto di variabili che sono diverse per le aree montane e servono alcuni correttivi per rendere equa la ripartizione delle risorse. Inoltre, \u00e8 necessario garantire servizi ai cittadini che vivono nelle cosiddette aree a fallimento di mercato, dove cio\u00e8 la densit\u00e0 abitativa \u00e8 talmente scarsa da rendere poco remunerativa la presenza di un dato servizio. Ma il mantenimento dei servizi, anche di fronte a un bacino d&#8217;utenza limitato, \u00e8 fondamentale per contrastare lo spopolamento che investe tutte le aree montane a statuto ordinario\u00bb.<\/p>\n<p><em><strong>TEMA TPL<\/strong><\/em><\/p>\n<p>Il presidente Padrin ha portato all&#8217;attenzione dell&#8217;assemblea Upi anche un tema spinoso e quanto mai attuale, quello dell&#8217;emergenza del trasporto pubblico locale, incontrando l&#8217;interesse comune dei colleghi, dato che il problema \u00e8 condiviso da quasi tutti i territori.<\/p>\n<p>\u00abLa Provincia del futuro, qualunque essa sia, non pu\u00f2 prescindere dalla soluzione di alcune emergenze. Una delle pi\u00f9 stringenti &#8211; e che riguarda pi\u00f9 o meno tutto il Paese &#8211; \u00e8 quella del trasporto pubblico locale, sempre pi\u00f9 in affanno per la carenza di autisti e personale\u00bb ha detto il presidente Padrin. \u00abIn questo momento non ci sono ricette risolutive. Ma servono misure per attenuare l&#8217;emergenza, per dare risposte concrete ai cittadini. Solo facendo leva sulle risorse dei corrispettivi chilometrici Tpl \u00e8 possibile tamponare il problema. Servono poi scenari di medio-lungo periodo per programmare il futuro del trasporto pubblico nell&#8217;ottica della sostenibilit\u00e0 ambientale ed economica, e per garantire servizi ai territori\u00bb.<\/p>","protected":false},"excerpt":{"rendered":"<p>Belluno ha presentato la situazione e le esigenze dei territori montani Padrin: \u00abLa riforma \u00e8 necessit\u00e0 condivisa, sia inserita nel ridisegno dell&#8217;architettura degli enti locali\u00bb \u00abDefinizione certa di risorse, personali e compiti. Se &#8211; come hanno detto in pi\u00f9 occasioni gli esponenti del Governo e il presidente Mattarella &#8211; le Province sono una componente fondamentale [&hellip;]<\/p>\n","protected":false},"author":2,"featured_media":144900,"comment_status":"closed","ping_status":"open","sticky":false,"template":"","format":"standard","meta":{"footnotes":""},"categories":[5,8],"tags":[],"class_list":["post-144894","post","type-post","status-publish","format-standard","has-post-thumbnail","category-cronaca","category-societa-istituzioni"],"yoast_head":"<!-- This site is optimized with the Yoast SEO plugin v28.4 - https:\/\/yoast.com\/product\/yoast-seo-wordpress\/ -->\n<title>Assemblea Upi: il sistema Paese non pu\u00f2 prescindere dalle Province - Bellunopress - Dolomiti<\/title>\n<meta name=\"robots\" content=\"index, follow, max-snippet:-1, max-image-preview:large, max-video-preview:-1\" \/>\n<link rel=\"canonical\" href=\"https:\/\/www.bellunopress.it\/fr\/2023\/10\/11\/assemblea-upi-il-sistema-paese-non-puo-prescindere-dalle-province\/\" \/>\n<meta property=\"og:locale\" content=\"fr_FR\" \/>\n<meta property=\"og:type\" content=\"article\" \/>\n<meta property=\"og:title\" content=\"Assemblea Upi: il sistema Paese non pu\u00f2 prescindere dalle Province - Bellunopress - Dolomiti\" \/>\n<meta property=\"og:description\" content=\"Belluno ha presentato la situazione e le esigenze dei territori montani Padrin: \u00abLa riforma \u00e8 necessit\u00e0 condivisa, sia inserita nel ridisegno dell&#8217;architettura degli enti locali\u00bb \u00abDefinizione certa di risorse, personali e compiti. Se &#8211; come hanno detto in pi\u00f9 occasioni gli esponenti del Governo e il presidente Mattarella &#8211; le Province sono una componente fondamentale [&hellip;]\" \/>\n<meta property=\"og:url\" content=\"https:\/\/www.bellunopress.it\/fr\/2023\/10\/11\/assemblea-upi-il-sistema-paese-non-puo-prescindere-dalle-province\/\" \/>\n<meta property=\"og:site_name\" content=\"Bellunopress - Dolomiti\" \/>\n<meta property=\"article:publisher\" content=\"https:\/\/www.facebook.com\/profile.php?id=100008943462799\" \/>\n<meta property=\"article:published_time\" content=\"2023-10-11T16:18:45+00:00\" \/>\n<meta property=\"article:modified_time\" content=\"2023-10-11T17:49:28+00:00\" \/>\n<meta property=\"og:image\" content=\"https:\/\/www.bellunopress.it\/wp-content\/uploads\/2023\/10\/Roberto-Padrin.jpg\" \/>\n\t<meta property=\"og:image:width\" content=\"893\" \/>\n\t<meta property=\"og:image:height\" content=\"1000\" \/>\n\t<meta property=\"og:image:type\" content=\"image\/jpeg\" \/>\n<meta name=\"author\" content=\"redazione\" \/>\n<meta name=\"twitter:card\" content=\"summary_large_image\" \/>\n<meta name=\"twitter:creator\" content=\"@bellunopress\" \/>\n<meta name=\"twitter:site\" content=\"@bellunopress\" \/>\n<meta name=\"twitter:label1\" content=\"\u00c9crit par\" \/>\n\t<meta name=\"twitter:data1\" content=\"redazione\" \/>\n\t<meta name=\"twitter:label2\" content=\"Dur\u00e9e de lecture estim\u00e9e\" \/>\n\t<meta name=\"twitter:data2\" content=\"5 minutes\" \/>\n<script type=\"application\/ld+json\" class=\"yoast-schema-graph\">{\"@context\":\"https:\\\/\\\/schema.org\",\"@graph\":[{\"@type\":\"Article\",\"@id\":\"https:\\\/\\\/www.bellunopress.it\\\/2023\\\/10\\\/11\\\/assemblea-upi-il-sistema-paese-non-puo-prescindere-dalle-province\\\/#article\",\"isPartOf\":{\"@id\":\"https:\\\/\\\/www.bellunopress.it\\\/2023\\\/10\\\/11\\\/assemblea-upi-il-sistema-paese-non-puo-prescindere-dalle-province\\\/\"},\"author\":{\"name\":\"redazione\",\"@id\":\"https:\\\/\\\/www.bellunopress.it\\\/#\\\/schema\\\/person\\\/79bb06722b37ece1c03d3e94beb30d73\"},\"headline\":\"Assemblea Upi: il sistema Paese non pu\u00f2 prescindere dalle Province\",\"datePublished\":\"2023-10-11T16:18:45+00:00\",\"dateModified\":\"2023-10-11T17:49:28+00:00\",\"mainEntityOfPage\":{\"@id\":\"https:\\\/\\\/www.bellunopress.it\\\/2023\\\/10\\\/11\\\/assemblea-upi-il-sistema-paese-non-puo-prescindere-dalle-province\\\/\"},\"wordCount\":976,\"publisher\":{\"@id\":\"https:\\\/\\\/www.bellunopress.it\\\/#organization\"},\"image\":{\"@id\":\"https:\\\/\\\/www.bellunopress.it\\\/2023\\\/10\\\/11\\\/assemblea-upi-il-sistema-paese-non-puo-prescindere-dalle-province\\\/#primaryimage\"},\"thumbnailUrl\":\"https:\\\/\\\/www.bellunopress.it\\\/wp-content\\\/uploads\\\/2023\\\/10\\\/Roberto-Padrin.jpg\",\"articleSection\":[\"Cronaca\\\/Politica\",\"Societ\u00e0, Associazioni, Istituzioni\"],\"inLanguage\":\"fr-FR\"},{\"@type\":\"WebPage\",\"@id\":\"https:\\\/\\\/www.bellunopress.it\\\/2023\\\/10\\\/11\\\/assemblea-upi-il-sistema-paese-non-puo-prescindere-dalle-province\\\/\",\"url\":\"https:\\\/\\\/www.bellunopress.it\\\/2023\\\/10\\\/11\\\/assemblea-upi-il-sistema-paese-non-puo-prescindere-dalle-province\\\/\",\"name\":\"Assemblea Upi: il sistema Paese non pu\u00f2 prescindere dalle Province - Bellunopress - Dolomiti\",\"isPartOf\":{\"@id\":\"https:\\\/\\\/www.bellunopress.it\\\/#website\"},\"primaryImageOfPage\":{\"@id\":\"https:\\\/\\\/www.bellunopress.it\\\/2023\\\/10\\\/11\\\/assemblea-upi-il-sistema-paese-non-puo-prescindere-dalle-province\\\/#primaryimage\"},\"image\":{\"@id\":\"https:\\\/\\\/www.bellunopress.it\\\/2023\\\/10\\\/11\\\/assemblea-upi-il-sistema-paese-non-puo-prescindere-dalle-province\\\/#primaryimage\"},\"thumbnailUrl\":\"https:\\\/\\\/www.bellunopress.it\\\/wp-content\\\/uploads\\\/2023\\\/10\\\/Roberto-Padrin.jpg\",\"datePublished\":\"2023-10-11T16:18:45+00:00\",\"dateModified\":\"2023-10-11T17:49:28+00:00\",\"breadcrumb\":{\"@id\":\"https:\\\/\\\/www.bellunopress.it\\\/2023\\\/10\\\/11\\\/assemblea-upi-il-sistema-paese-non-puo-prescindere-dalle-province\\\/#breadcrumb\"},\"inLanguage\":\"fr-FR\",\"potentialAction\":[{\"@type\":\"ReadAction\",\"target\":[\"https:\\\/\\\/www.bellunopress.it\\\/2023\\\/10\\\/11\\\/assemblea-upi-il-sistema-paese-non-puo-prescindere-dalle-province\\\/\"]}]},{\"@type\":\"ImageObject\",\"inLanguage\":\"fr-FR\",\"@id\":\"https:\\\/\\\/www.bellunopress.it\\\/2023\\\/10\\\/11\\\/assemblea-upi-il-sistema-paese-non-puo-prescindere-dalle-province\\\/#primaryimage\",\"url\":\"https:\\\/\\\/www.bellunopress.it\\\/wp-content\\\/uploads\\\/2023\\\/10\\\/Roberto-Padrin.jpg\",\"contentUrl\":\"https:\\\/\\\/www.bellunopress.it\\\/wp-content\\\/uploads\\\/2023\\\/10\\\/Roberto-Padrin.jpg\",\"width\":893,\"height\":1000},{\"@type\":\"BreadcrumbList\",\"@id\":\"https:\\\/\\\/www.bellunopress.it\\\/2023\\\/10\\\/11\\\/assemblea-upi-il-sistema-paese-non-puo-prescindere-dalle-province\\\/#breadcrumb\",\"itemListElement\":[{\"@type\":\"ListItem\",\"position\":1,\"name\":\"Home\",\"item\":\"https:\\\/\\\/www.bellunopress.it\\\/\"},{\"@type\":\"ListItem\",\"position\":2,\"name\":\"Assemblea Upi: il sistema Paese non pu\u00f2 prescindere dalle Province\"}]},{\"@type\":\"WebSite\",\"@id\":\"https:\\\/\\\/www.bellunopress.it\\\/#website\",\"url\":\"https:\\\/\\\/www.bellunopress.it\\\/\",\"name\":\"Bellunopress - Dolomiti\",\"description\":\"e-mail: redazione@bellunopress.it\",\"publisher\":{\"@id\":\"https:\\\/\\\/www.bellunopress.it\\\/#organization\"},\"potentialAction\":[{\"@type\":\"SearchAction\",\"target\":{\"@type\":\"EntryPoint\",\"urlTemplate\":\"https:\\\/\\\/www.bellunopress.it\\\/?s={search_term_string}\"},\"query-input\":{\"@type\":\"PropertyValueSpecification\",\"valueRequired\":true,\"valueName\":\"search_term_string\"}}],\"inLanguage\":\"fr-FR\"},{\"@type\":\"Organization\",\"@id\":\"https:\\\/\\\/www.bellunopress.it\\\/#organization\",\"name\":\"Bellunopress\",\"url\":\"https:\\\/\\\/www.bellunopress.it\\\/\",\"logo\":{\"@type\":\"ImageObject\",\"inLanguage\":\"fr-FR\",\"@id\":\"https:\\\/\\\/www.bellunopress.it\\\/#\\\/schema\\\/logo\\\/image\\\/\",\"url\":\"https:\\\/\\\/www.bellunopress.it\\\/wp-content\\\/uploads\\\/2011\\\/05\\\/cropped-logo-bellunopress-.jpg\",\"contentUrl\":\"https:\\\/\\\/www.bellunopress.it\\\/wp-content\\\/uploads\\\/2011\\\/05\\\/cropped-logo-bellunopress-.jpg\",\"width\":512,\"height\":512,\"caption\":\"Bellunopress\"},\"image\":{\"@id\":\"https:\\\/\\\/www.bellunopress.it\\\/#\\\/schema\\\/logo\\\/image\\\/\"},\"sameAs\":[\"https:\\\/\\\/www.facebook.com\\\/profile.php?id=100008943462799\",\"https:\\\/\\\/x.com\\\/bellunopress\",\"https:\\\/\\\/www.linkedin.com\\\/hp\\\/?dnr=JBzUWaJfMUw8vbXJJ2tVW5-I3jZKvC4wsoxE&amp;amp;amp;amp;amp;amp;trk=nav_responsive_tab_home\",\"https:\\\/\\\/www.youtube.com\\\/channel\\\/UCxL0wu1uN0_3_7hGG0306cw\"]},{\"@type\":\"Person\",\"@id\":\"https:\\\/\\\/www.bellunopress.it\\\/#\\\/schema\\\/person\\\/79bb06722b37ece1c03d3e94beb30d73\",\"name\":\"redazione\",\"image\":{\"@type\":\"ImageObject\",\"inLanguage\":\"fr-FR\",\"@id\":\"https:\\\/\\\/secure.gravatar.com\\\/avatar\\\/37d968a2e67a6fd04c169c4bdef102d0bc5d31b2546345219e348575eb80e9a0?s=96&d=mm&r=g\",\"url\":\"https:\\\/\\\/secure.gravatar.com\\\/avatar\\\/37d968a2e67a6fd04c169c4bdef102d0bc5d31b2546345219e348575eb80e9a0?s=96&d=mm&r=g\",\"contentUrl\":\"https:\\\/\\\/secure.gravatar.com\\\/avatar\\\/37d968a2e67a6fd04c169c4bdef102d0bc5d31b2546345219e348575eb80e9a0?s=96&d=mm&r=g\",\"caption\":\"redazione\"},\"sameAs\":[\"http:\\\/\\\/www.bellunopress.it\",\"https:\\\/\\\/x.com\\\/bellunopress\"],\"url\":\"https:\\\/\\\/www.bellunopress.it\\\/fr\\\/author\\\/redazione\\\/\"}]}<\/script>\n<!-- \/ Yoast SEO plugin. -->","yoast_head_json":{"title":"Assemblea Upi: il sistema Paese non pu\u00f2 prescindere dalle Province - Bellunopress - Dolomiti","robots":{"index":"index","follow":"follow","max-snippet":"max-snippet:-1","max-image-preview":"max-image-preview:large","max-video-preview":"max-video-preview:-1"},"canonical":"https:\/\/www.bellunopress.it\/fr\/2023\/10\/11\/assemblea-upi-il-sistema-paese-non-puo-prescindere-dalle-province\/","og_locale":"fr_FR","og_type":"article","og_title":"Assemblea Upi: il sistema Paese non pu\u00f2 prescindere dalle Province - Bellunopress - Dolomiti","og_description":"Belluno ha presentato la situazione e le esigenze dei territori montani Padrin: \u00abLa riforma \u00e8 necessit\u00e0 condivisa, sia inserita nel ridisegno dell&#8217;architettura degli enti locali\u00bb \u00abDefinizione certa di risorse, personali e compiti. Se &#8211; come hanno detto in pi\u00f9 occasioni gli esponenti del Governo e il presidente Mattarella &#8211; le Province sono una componente fondamentale [&hellip;]","og_url":"https:\/\/www.bellunopress.it\/fr\/2023\/10\/11\/assemblea-upi-il-sistema-paese-non-puo-prescindere-dalle-province\/","og_site_name":"Bellunopress - Dolomiti","article_publisher":"https:\/\/www.facebook.com\/profile.php?id=100008943462799","article_published_time":"2023-10-11T16:18:45+00:00","article_modified_time":"2023-10-11T17:49:28+00:00","og_image":[{"width":893,"height":1000,"url":"https:\/\/www.bellunopress.it\/wp-content\/uploads\/2023\/10\/Roberto-Padrin.jpg","type":"image\/jpeg"}],"author":"redazione","twitter_card":"summary_large_image","twitter_creator":"@bellunopress","twitter_site":"@bellunopress","twitter_misc":{"\u00c9crit par":"redazione","Dur\u00e9e de lecture estim\u00e9e":"5 minutes"},"schema":{"@context":"https:\/\/schema.org","@graph":[{"@type":"Article","@id":"https:\/\/www.bellunopress.it\/2023\/10\/11\/assemblea-upi-il-sistema-paese-non-puo-prescindere-dalle-province\/#article","isPartOf":{"@id":"https:\/\/www.bellunopress.it\/2023\/10\/11\/assemblea-upi-il-sistema-paese-non-puo-prescindere-dalle-province\/"},"author":{"name":"redazione","@id":"https:\/\/www.bellunopress.it\/#\/schema\/person\/79bb06722b37ece1c03d3e94beb30d73"},"headline":"Assemblea Upi: il sistema Paese non pu\u00f2 prescindere dalle Province","datePublished":"2023-10-11T16:18:45+00:00","dateModified":"2023-10-11T17:49:28+00:00","mainEntityOfPage":{"@id":"https:\/\/www.bellunopress.it\/2023\/10\/11\/assemblea-upi-il-sistema-paese-non-puo-prescindere-dalle-province\/"},"wordCount":976,"publisher":{"@id":"https:\/\/www.bellunopress.it\/#organization"},"image":{"@id":"https:\/\/www.bellunopress.it\/2023\/10\/11\/assemblea-upi-il-sistema-paese-non-puo-prescindere-dalle-province\/#primaryimage"},"thumbnailUrl":"https:\/\/www.bellunopress.it\/wp-content\/uploads\/2023\/10\/Roberto-Padrin.jpg","articleSection":["Cronaca\/Politica","Societ\u00e0, Associazioni, Istituzioni"],"inLanguage":"fr-FR"},{"@type":"WebPage","@id":"https:\/\/www.bellunopress.it\/2023\/10\/11\/assemblea-upi-il-sistema-paese-non-puo-prescindere-dalle-province\/","url":"https:\/\/www.bellunopress.it\/2023\/10\/11\/assemblea-upi-il-sistema-paese-non-puo-prescindere-dalle-province\/","name":"Assemblea Upi: il sistema Paese non pu\u00f2 prescindere dalle Province - Bellunopress - Dolomiti","isPartOf":{"@id":"https:\/\/www.bellunopress.it\/#website"},"primaryImageOfPage":{"@id":"https:\/\/www.bellunopress.it\/2023\/10\/11\/assemblea-upi-il-sistema-paese-non-puo-prescindere-dalle-province\/#primaryimage"},"image":{"@id":"https:\/\/www.bellunopress.it\/2023\/10\/11\/assemblea-upi-il-sistema-paese-non-puo-prescindere-dalle-province\/#primaryimage"},"thumbnailUrl":"https:\/\/www.bellunopress.it\/wp-content\/uploads\/2023\/10\/Roberto-Padrin.jpg","datePublished":"2023-10-11T16:18:45+00:00","dateModified":"2023-10-11T17:49:28+00:00","breadcrumb":{"@id":"https:\/\/www.bellunopress.it\/2023\/10\/11\/assemblea-upi-il-sistema-paese-non-puo-prescindere-dalle-province\/#breadcrumb"},"inLanguage":"fr-FR","potentialAction":[{"@type":"ReadAction","target":["https:\/\/www.bellunopress.it\/2023\/10\/11\/assemblea-upi-il-sistema-paese-non-puo-prescindere-dalle-province\/"]}]},{"@type":"ImageObject","inLanguage":"fr-FR","@id":"https:\/\/www.bellunopress.it\/2023\/10\/11\/assemblea-upi-il-sistema-paese-non-puo-prescindere-dalle-province\/#primaryimage","url":"https:\/\/www.bellunopress.it\/wp-content\/uploads\/2023\/10\/Roberto-Padrin.jpg","contentUrl":"https:\/\/www.bellunopress.it\/wp-content\/uploads\/2023\/10\/Roberto-Padrin.jpg","width":893,"height":1000},{"@type":"BreadcrumbList","@id":"https:\/\/www.bellunopress.it\/2023\/10\/11\/assemblea-upi-il-sistema-paese-non-puo-prescindere-dalle-province\/#breadcrumb","itemListElement":[{"@type":"ListItem","position":1,"name":"Home","item":"https:\/\/www.bellunopress.it\/"},{"@type":"ListItem","position":2,"name":"Assemblea Upi: il sistema Paese non pu\u00f2 prescindere dalle Province"}]},{"@type":"WebSite","@id":"https:\/\/www.bellunopress.it\/#website","url":"https:\/\/www.bellunopress.it\/","name":"Bellunopress - Dolomiti","description":"e-mail: redazione@bellunopress.it","publisher":{"@id":"https:\/\/www.bellunopress.it\/#organization"},"potentialAction":[{"@type":"SearchAction","target":{"@type":"EntryPoint","urlTemplate":"https:\/\/www.bellunopress.it\/?s={search_term_string}"},"query-input":{"@type":"PropertyValueSpecification","valueRequired":true,"valueName":"search_term_string"}}],"inLanguage":"fr-FR"},{"@type":"Organization","@id":"https:\/\/www.bellunopress.it\/#organization","name":"Bellunopress","url":"https:\/\/www.bellunopress.it\/","logo":{"@type":"ImageObject","inLanguage":"fr-FR","@id":"https:\/\/www.bellunopress.it\/#\/schema\/logo\/image\/","url":"https:\/\/www.bellunopress.it\/wp-content\/uploads\/2011\/05\/cropped-logo-bellunopress-.jpg","contentUrl":"https:\/\/www.bellunopress.it\/wp-content\/uploads\/2011\/05\/cropped-logo-bellunopress-.jpg","width":512,"height":512,"caption":"Bellunopress"},"image":{"@id":"https:\/\/www.bellunopress.it\/#\/schema\/logo\/image\/"},"sameAs":["https:\/\/www.facebook.com\/profile.php?id=100008943462799","https:\/\/x.com\/bellunopress","https:\/\/www.linkedin.com\/hp\/?dnr=JBzUWaJfMUw8vbXJJ2tVW5-I3jZKvC4wsoxE&amp;amp;amp;amp;amp;amp;trk=nav_responsive_tab_home","https:\/\/www.youtube.com\/channel\/UCxL0wu1uN0_3_7hGG0306cw"]},{"@type":"Person","@id":"https:\/\/www.bellunopress.it\/#\/schema\/person\/79bb06722b37ece1c03d3e94beb30d73","name":"r\u00e9daction","image":{"@type":"ImageObject","inLanguage":"fr-FR","@id":"https:\/\/secure.gravatar.com\/avatar\/37d968a2e67a6fd04c169c4bdef102d0bc5d31b2546345219e348575eb80e9a0?s=96&d=mm&r=g","url":"https:\/\/secure.gravatar.com\/avatar\/37d968a2e67a6fd04c169c4bdef102d0bc5d31b2546345219e348575eb80e9a0?s=96&d=mm&r=g","contentUrl":"https:\/\/secure.gravatar.com\/avatar\/37d968a2e67a6fd04c169c4bdef102d0bc5d31b2546345219e348575eb80e9a0?s=96&d=mm&r=g","caption":"redazione"},"sameAs":["http:\/\/www.bellunopress.it","https:\/\/x.com\/bellunopress"],"url":"https:\/\/www.bellunopress.it\/fr\/author\/redazione\/"}]}},"_links":{"self":[{"href":"https:\/\/www.bellunopress.it\/fr\/wp-json\/wp\/v2\/posts\/144894","targetHints":{"allow":["GET"]}}],"collection":[{"href":"https:\/\/www.bellunopress.it\/fr\/wp-json\/wp\/v2\/posts"}],"about":[{"href":"https:\/\/www.bellunopress.it\/fr\/wp-json\/wp\/v2\/types\/post"}],"author":[{"embeddable":true,"href":"https:\/\/www.bellunopress.it\/fr\/wp-json\/wp\/v2\/users\/2"}],"replies":[{"embeddable":true,"href":"https:\/\/www.bellunopress.it\/fr\/wp-json\/wp\/v2\/comments?post=144894"}],"version-history":[{"count":2,"href":"https:\/\/www.bellunopress.it\/fr\/wp-json\/wp\/v2\/posts\/144894\/revisions"}],"predecessor-version":[{"id":144901,"href":"https:\/\/www.bellunopress.it\/fr\/wp-json\/wp\/v2\/posts\/144894\/revisions\/144901"}],"wp:featuredmedia":[{"embeddable":true,"href":"https:\/\/www.bellunopress.it\/fr\/wp-json\/wp\/v2\/media\/144900"}],"wp:attachment":[{"href":"https:\/\/www.bellunopress.it\/fr\/wp-json\/wp\/v2\/media?parent=144894"}],"wp:term":[{"taxonomy":"category","embeddable":true,"href":"https:\/\/www.bellunopress.it\/fr\/wp-json\/wp\/v2\/categories?post=144894"},{"taxonomy":"post_tag","embeddable":true,"href":"https:\/\/www.bellunopress.it\/fr\/wp-json\/wp\/v2\/tags?post=144894"}],"curies":[{"name":"wp","href":"https:\/\/api.w.org\/{rel}","templated":true}]}}