{"id":144891,"date":"2023-10-11T18:03:55","date_gmt":"2023-10-11T16:03:55","guid":{"rendered":"https:\/\/www.bellunopress.it\/?p=144891"},"modified":"2023-10-11T18:03:55","modified_gmt":"2023-10-11T16:03:55","slug":"lo-spettacolo-lo-sanno-loro-per-il-60mo-del-vajont-unemozionante-serata-di-riflessione-e-condivisione","status":"publish","type":"post","link":"https:\/\/www.bellunopress.it\/fr\/2023\/10\/11\/lo-spettacolo-lo-sanno-loro-per-il-60mo-del-vajont-unemozionante-serata-di-riflessione-e-condivisione\/","title":{"rendered":"Lo spettacolo &#8216;Lo sanno loro&#8217; per il 60mo del Vajont: un&#8217;emozionante serata di riflessione e condivisione"},"content":{"rendered":"<p><img loading=\"lazy\" decoding=\"async\" class=\"alignleft size-full wp-image-144892\" src=\"https:\/\/www.bellunopress.it\/wp-content\/uploads\/2023\/10\/Vajont-60mo-Comunale_edited.jpg\" alt=\"\" width=\"1000\" height=\"705\" srcset=\"https:\/\/www.bellunopress.it\/wp-content\/uploads\/2023\/10\/Vajont-60mo-Comunale_edited.jpg 1000w, https:\/\/www.bellunopress.it\/wp-content\/uploads\/2023\/10\/Vajont-60mo-Comunale_edited-500x353.jpg 500w, https:\/\/www.bellunopress.it\/wp-content\/uploads\/2023\/10\/Vajont-60mo-Comunale_edited-696x491.jpg 696w\" sizes=\"auto, (max-width: 1000px) 100vw, 1000px\" \/>Una straordinaria performance teatrale ha scosso il pubblico e la critica nella serata di luned\u00ec 9 ottobre al Teatro Comunale di Belluno, per il 60mo anniversario del disastro del Vajont. Il palco \u00e8 stato il luogo in cui si \u00e8 rinnovato il ricordo e la consapevolezza collettiva, grazie allo spettacolo &#8220;Lo sanno loro&#8221; prodotto dalla Fondazione Teatri delle Dolomiti.<\/p>\n<p>Questo straordinario evento ha unito arte e memoria in una serata emozionante, coinvolgente e indimenticabile. Pi\u00f9 di 640 spettatori si sono radunati al Teatro Comunale di Belluno, creando un&#8217;atmosfera carica di aspettativa e solennit\u00e0. Oltre a un pubblico entusiasta, le prime file erano riservate a numerose autorit\u00e0, dimostrando l&#8217;importanza e la risonanza dell&#8217;evento. Lo spettacolo, basato sull&#8217;orazione corale &#8220;VajontS 23&#8221; scritta da Marco Paolini e Marco Martinelli, ha superato le aspettative del pubblico. Ha saputo catturare l&#8217;attenzione e l&#8217;emozione di tutti presenti, combinando abilmente danza, canto, immagini, suoni e musica. \u00c8 stato molto pi\u00f9 di un semplice omaggio al passato; ha affrontato anche il presente e il futuro, cercando di condividere non solo il dolore e la rabbia, ma anche di promuovere una consapevolezza collettiva e una responsabilit\u00e0 condivisa per il futuro, senza cadere in facili retoriche. La Fondazione Teatri delle Dolomiti, insieme a numerose associazioni locali come Teatro del Cuore, Bretelle Lasche, Danzaoltre, Lavori in Corso e Compagnia del Moccolo, ha reso possibile questo evento straordinario.<\/p>\n<p>La regia \u00e8 stata affidata a Roberto Faoro mentre il cast \u00e8 stato eccezionale, con interpreti di grande talento. Tra i lettori: Giorgia Sonego, Nanni Dorigo, Laura Faoro, Daniela Roman, Laura Portunato, Federico Ticchi, Carla Pompanin, Marianna Negretto, Michele Firpo, Paola Giacchetti, Mattia Gosetti, Elena Tormen e Piero Bolzan hanno dato voce al testo con intensit\u00e0 e passione. Gli ensemble dei ballerini, diretti da Elena Posocco, e le cantanti Jessica Da Re e Giorgia Canton, accompagnate alla chitarra da Filippo Viel, hanno reso l&#8217;interpretazione ancora pi\u00f9 coinvolgente.<\/p>\n<p>La componente tecnica e l&#8217;assistenza alla regia hanno giocato un ruolo fondamentale nella realizzazione di questa performance indimenticabile. Il prezioso contributo di Emanuela Licciardelli, Eros De Bona, Patrick Olivotti, Fabio Dal Borgo, Gino Marchetti e Alessandro De Pellegrin ha contribuito a creare un&#8217;atmosfera straordinaria che ha coinvolto tutti i presenti. In conclusione, &#8220;Lo sanno loro&#8221; \u00e8 stato un evento eccezionale che ha toccato profondamente il cuore e la mente del pubblico. \u00c8 stato un omaggio alle vittime del Vajont e, allo stesso tempo, un messaggio di speranza e responsabilit\u00e0 verso il futuro. Grazie alla Fondazione Teatri delle Dolomiti e a tutte le associazioni coinvolte, questa serata di riflessione e condivisione rimarr\u00e0 scolpita nella memoria di tutti coloro che vi hanno partecipato.<\/p>","protected":false},"excerpt":{"rendered":"<p>Una straordinaria performance teatrale ha scosso il pubblico e la critica nella serata di luned\u00ec 9 ottobre al Teatro Comunale di Belluno, per il 60mo anniversario del disastro del Vajont. Il palco \u00e8 stato il luogo in cui si \u00e8 rinnovato il ricordo e la consapevolezza collettiva, grazie allo spettacolo &#8220;Lo sanno loro&#8221; prodotto dalla [&hellip;]<\/p>\n","protected":false},"author":2,"featured_media":144892,"comment_status":"closed","ping_status":"open","sticky":false,"template":"","format":"standard","meta":{"footnotes":""},"categories":[3,26],"tags":[],"class_list":["post-144891","post","type-post","status-publish","format-standard","has-post-thumbnail","category-arte-cultura-spettacoli-scienza-archivi","category-prima-pagina"],"yoast_head":"<!-- This site is optimized with the Yoast SEO plugin v28.4 - https:\/\/yoast.com\/product\/yoast-seo-wordpress\/ -->\n<title>Lo spettacolo &#039;Lo sanno loro&#039; per il 60mo del Vajont: un&#039;emozionante serata di riflessione e condivisione - Bellunopress - Dolomiti<\/title>\n<meta name=\"robots\" content=\"index, follow, max-snippet:-1, max-image-preview:large, max-video-preview:-1\" \/>\n<link rel=\"canonical\" href=\"https:\/\/www.bellunopress.it\/fr\/2023\/10\/11\/lo-spettacolo-lo-sanno-loro-per-il-60mo-del-vajont-unemozionante-serata-di-riflessione-e-condivisione\/\" \/>\n<meta property=\"og:locale\" content=\"fr_FR\" \/>\n<meta property=\"og:type\" content=\"article\" \/>\n<meta property=\"og:title\" content=\"Lo spettacolo &#039;Lo sanno loro&#039; per il 60mo del Vajont: un&#039;emozionante serata di riflessione e condivisione - Bellunopress - Dolomiti\" \/>\n<meta property=\"og:description\" content=\"Una straordinaria performance teatrale ha scosso il pubblico e la critica nella serata di luned\u00ec 9 ottobre al Teatro Comunale di Belluno, per il 60mo anniversario del disastro del Vajont. Il palco \u00e8 stato il luogo in cui si \u00e8 rinnovato il ricordo e la consapevolezza collettiva, grazie allo spettacolo &#8220;Lo sanno loro&#8221; prodotto dalla [&hellip;]\" \/>\n<meta property=\"og:url\" content=\"https:\/\/www.bellunopress.it\/fr\/2023\/10\/11\/lo-spettacolo-lo-sanno-loro-per-il-60mo-del-vajont-unemozionante-serata-di-riflessione-e-condivisione\/\" \/>\n<meta property=\"og:site_name\" content=\"Bellunopress - Dolomiti\" \/>\n<meta property=\"article:publisher\" content=\"https:\/\/www.facebook.com\/profile.php?id=100008943462799\" \/>\n<meta property=\"article:published_time\" content=\"2023-10-11T16:03:55+00:00\" \/>\n<meta property=\"og:image\" content=\"https:\/\/www.bellunopress.it\/wp-content\/uploads\/2023\/10\/Vajont-60mo-Comunale_edited.jpg\" \/>\n\t<meta property=\"og:image:width\" content=\"1000\" \/>\n\t<meta property=\"og:image:height\" content=\"705\" \/>\n\t<meta property=\"og:image:type\" content=\"image\/jpeg\" \/>\n<meta name=\"author\" content=\"redazione\" \/>\n<meta name=\"twitter:card\" content=\"summary_large_image\" \/>\n<meta name=\"twitter:creator\" content=\"@bellunopress\" \/>\n<meta name=\"twitter:site\" content=\"@bellunopress\" \/>\n<meta name=\"twitter:label1\" content=\"\u00c9crit par\" \/>\n\t<meta name=\"twitter:data1\" content=\"redazione\" \/>\n\t<meta name=\"twitter:label2\" content=\"Dur\u00e9e de lecture estim\u00e9e\" \/>\n\t<meta name=\"twitter:data2\" content=\"2 minutes\" \/>\n<script type=\"application\/ld+json\" class=\"yoast-schema-graph\">{\"@context\":\"https:\\\/\\\/schema.org\",\"@graph\":[{\"@type\":\"Article\",\"@id\":\"https:\\\/\\\/www.bellunopress.it\\\/2023\\\/10\\\/11\\\/lo-spettacolo-lo-sanno-loro-per-il-60mo-del-vajont-unemozionante-serata-di-riflessione-e-condivisione\\\/#article\",\"isPartOf\":{\"@id\":\"https:\\\/\\\/www.bellunopress.it\\\/2023\\\/10\\\/11\\\/lo-spettacolo-lo-sanno-loro-per-il-60mo-del-vajont-unemozionante-serata-di-riflessione-e-condivisione\\\/\"},\"author\":{\"name\":\"redazione\",\"@id\":\"https:\\\/\\\/www.bellunopress.it\\\/#\\\/schema\\\/person\\\/79bb06722b37ece1c03d3e94beb30d73\"},\"headline\":\"Lo spettacolo &#8216;Lo sanno loro&#8217; per il 60mo del Vajont: un&#8217;emozionante serata di riflessione e condivisione\",\"datePublished\":\"2023-10-11T16:03:55+00:00\",\"mainEntityOfPage\":{\"@id\":\"https:\\\/\\\/www.bellunopress.it\\\/2023\\\/10\\\/11\\\/lo-spettacolo-lo-sanno-loro-per-il-60mo-del-vajont-unemozionante-serata-di-riflessione-e-condivisione\\\/\"},\"wordCount\":450,\"publisher\":{\"@id\":\"https:\\\/\\\/www.bellunopress.it\\\/#organization\"},\"image\":{\"@id\":\"https:\\\/\\\/www.bellunopress.it\\\/2023\\\/10\\\/11\\\/lo-spettacolo-lo-sanno-loro-per-il-60mo-del-vajont-unemozionante-serata-di-riflessione-e-condivisione\\\/#primaryimage\"},\"thumbnailUrl\":\"https:\\\/\\\/www.bellunopress.it\\\/wp-content\\\/uploads\\\/2023\\\/10\\\/Vajont-60mo-Comunale_edited.jpg\",\"articleSection\":[\"Arte, Cultura, Spettacoli, Scienza\",\"Prima Pagina\"],\"inLanguage\":\"fr-FR\"},{\"@type\":\"WebPage\",\"@id\":\"https:\\\/\\\/www.bellunopress.it\\\/2023\\\/10\\\/11\\\/lo-spettacolo-lo-sanno-loro-per-il-60mo-del-vajont-unemozionante-serata-di-riflessione-e-condivisione\\\/\",\"url\":\"https:\\\/\\\/www.bellunopress.it\\\/2023\\\/10\\\/11\\\/lo-spettacolo-lo-sanno-loro-per-il-60mo-del-vajont-unemozionante-serata-di-riflessione-e-condivisione\\\/\",\"name\":\"Lo spettacolo 'Lo sanno loro' per il 60mo del Vajont: un'emozionante serata di riflessione e condivisione - Bellunopress - Dolomiti\",\"isPartOf\":{\"@id\":\"https:\\\/\\\/www.bellunopress.it\\\/#website\"},\"primaryImageOfPage\":{\"@id\":\"https:\\\/\\\/www.bellunopress.it\\\/2023\\\/10\\\/11\\\/lo-spettacolo-lo-sanno-loro-per-il-60mo-del-vajont-unemozionante-serata-di-riflessione-e-condivisione\\\/#primaryimage\"},\"image\":{\"@id\":\"https:\\\/\\\/www.bellunopress.it\\\/2023\\\/10\\\/11\\\/lo-spettacolo-lo-sanno-loro-per-il-60mo-del-vajont-unemozionante-serata-di-riflessione-e-condivisione\\\/#primaryimage\"},\"thumbnailUrl\":\"https:\\\/\\\/www.bellunopress.it\\\/wp-content\\\/uploads\\\/2023\\\/10\\\/Vajont-60mo-Comunale_edited.jpg\",\"datePublished\":\"2023-10-11T16:03:55+00:00\",\"breadcrumb\":{\"@id\":\"https:\\\/\\\/www.bellunopress.it\\\/2023\\\/10\\\/11\\\/lo-spettacolo-lo-sanno-loro-per-il-60mo-del-vajont-unemozionante-serata-di-riflessione-e-condivisione\\\/#breadcrumb\"},\"inLanguage\":\"fr-FR\",\"potentialAction\":[{\"@type\":\"ReadAction\",\"target\":[\"https:\\\/\\\/www.bellunopress.it\\\/2023\\\/10\\\/11\\\/lo-spettacolo-lo-sanno-loro-per-il-60mo-del-vajont-unemozionante-serata-di-riflessione-e-condivisione\\\/\"]}]},{\"@type\":\"ImageObject\",\"inLanguage\":\"fr-FR\",\"@id\":\"https:\\\/\\\/www.bellunopress.it\\\/2023\\\/10\\\/11\\\/lo-spettacolo-lo-sanno-loro-per-il-60mo-del-vajont-unemozionante-serata-di-riflessione-e-condivisione\\\/#primaryimage\",\"url\":\"https:\\\/\\\/www.bellunopress.it\\\/wp-content\\\/uploads\\\/2023\\\/10\\\/Vajont-60mo-Comunale_edited.jpg\",\"contentUrl\":\"https:\\\/\\\/www.bellunopress.it\\\/wp-content\\\/uploads\\\/2023\\\/10\\\/Vajont-60mo-Comunale_edited.jpg\",\"width\":1000,\"height\":705},{\"@type\":\"BreadcrumbList\",\"@id\":\"https:\\\/\\\/www.bellunopress.it\\\/2023\\\/10\\\/11\\\/lo-spettacolo-lo-sanno-loro-per-il-60mo-del-vajont-unemozionante-serata-di-riflessione-e-condivisione\\\/#breadcrumb\",\"itemListElement\":[{\"@type\":\"ListItem\",\"position\":1,\"name\":\"Home\",\"item\":\"https:\\\/\\\/www.bellunopress.it\\\/\"},{\"@type\":\"ListItem\",\"position\":2,\"name\":\"Lo spettacolo &#8216;Lo sanno loro&#8217; per il 60mo del Vajont: un&#8217;emozionante serata di riflessione e condivisione\"}]},{\"@type\":\"WebSite\",\"@id\":\"https:\\\/\\\/www.bellunopress.it\\\/#website\",\"url\":\"https:\\\/\\\/www.bellunopress.it\\\/\",\"name\":\"Bellunopress - Dolomiti\",\"description\":\"e-mail: redazione@bellunopress.it\",\"publisher\":{\"@id\":\"https:\\\/\\\/www.bellunopress.it\\\/#organization\"},\"potentialAction\":[{\"@type\":\"SearchAction\",\"target\":{\"@type\":\"EntryPoint\",\"urlTemplate\":\"https:\\\/\\\/www.bellunopress.it\\\/?s={search_term_string}\"},\"query-input\":{\"@type\":\"PropertyValueSpecification\",\"valueRequired\":true,\"valueName\":\"search_term_string\"}}],\"inLanguage\":\"fr-FR\"},{\"@type\":\"Organization\",\"@id\":\"https:\\\/\\\/www.bellunopress.it\\\/#organization\",\"name\":\"Bellunopress\",\"url\":\"https:\\\/\\\/www.bellunopress.it\\\/\",\"logo\":{\"@type\":\"ImageObject\",\"inLanguage\":\"fr-FR\",\"@id\":\"https:\\\/\\\/www.bellunopress.it\\\/#\\\/schema\\\/logo\\\/image\\\/\",\"url\":\"https:\\\/\\\/www.bellunopress.it\\\/wp-content\\\/uploads\\\/2011\\\/05\\\/cropped-logo-bellunopress-.jpg\",\"contentUrl\":\"https:\\\/\\\/www.bellunopress.it\\\/wp-content\\\/uploads\\\/2011\\\/05\\\/cropped-logo-bellunopress-.jpg\",\"width\":512,\"height\":512,\"caption\":\"Bellunopress\"},\"image\":{\"@id\":\"https:\\\/\\\/www.bellunopress.it\\\/#\\\/schema\\\/logo\\\/image\\\/\"},\"sameAs\":[\"https:\\\/\\\/www.facebook.com\\\/profile.php?id=100008943462799\",\"https:\\\/\\\/x.com\\\/bellunopress\",\"https:\\\/\\\/www.linkedin.com\\\/hp\\\/?dnr=JBzUWaJfMUw8vbXJJ2tVW5-I3jZKvC4wsoxE&amp;amp;amp;amp;amp;amp;trk=nav_responsive_tab_home\",\"https:\\\/\\\/www.youtube.com\\\/channel\\\/UCxL0wu1uN0_3_7hGG0306cw\"]},{\"@type\":\"Person\",\"@id\":\"https:\\\/\\\/www.bellunopress.it\\\/#\\\/schema\\\/person\\\/79bb06722b37ece1c03d3e94beb30d73\",\"name\":\"redazione\",\"image\":{\"@type\":\"ImageObject\",\"inLanguage\":\"fr-FR\",\"@id\":\"https:\\\/\\\/secure.gravatar.com\\\/avatar\\\/37d968a2e67a6fd04c169c4bdef102d0bc5d31b2546345219e348575eb80e9a0?s=96&d=mm&r=g\",\"url\":\"https:\\\/\\\/secure.gravatar.com\\\/avatar\\\/37d968a2e67a6fd04c169c4bdef102d0bc5d31b2546345219e348575eb80e9a0?s=96&d=mm&r=g\",\"contentUrl\":\"https:\\\/\\\/secure.gravatar.com\\\/avatar\\\/37d968a2e67a6fd04c169c4bdef102d0bc5d31b2546345219e348575eb80e9a0?s=96&d=mm&r=g\",\"caption\":\"redazione\"},\"sameAs\":[\"http:\\\/\\\/www.bellunopress.it\",\"https:\\\/\\\/x.com\\\/bellunopress\"],\"url\":\"https:\\\/\\\/www.bellunopress.it\\\/fr\\\/author\\\/redazione\\\/\"}]}<\/script>\n<!-- \/ Yoast SEO plugin. -->","yoast_head_json":{"title":"Lo spettacolo 'Lo sanno loro' per il 60mo del Vajont: un'emozionante serata di riflessione e condivisione - Bellunopress - Dolomiti","robots":{"index":"index","follow":"follow","max-snippet":"max-snippet:-1","max-image-preview":"max-image-preview:large","max-video-preview":"max-video-preview:-1"},"canonical":"https:\/\/www.bellunopress.it\/fr\/2023\/10\/11\/lo-spettacolo-lo-sanno-loro-per-il-60mo-del-vajont-unemozionante-serata-di-riflessione-e-condivisione\/","og_locale":"fr_FR","og_type":"article","og_title":"Lo spettacolo 'Lo sanno loro' per il 60mo del Vajont: un'emozionante serata di riflessione e condivisione - Bellunopress - Dolomiti","og_description":"Una straordinaria performance teatrale ha scosso il pubblico e la critica nella serata di luned\u00ec 9 ottobre al Teatro Comunale di Belluno, per il 60mo anniversario del disastro del Vajont. Il palco \u00e8 stato il luogo in cui si \u00e8 rinnovato il ricordo e la consapevolezza collettiva, grazie allo spettacolo &#8220;Lo sanno loro&#8221; prodotto dalla [&hellip;]","og_url":"https:\/\/www.bellunopress.it\/fr\/2023\/10\/11\/lo-spettacolo-lo-sanno-loro-per-il-60mo-del-vajont-unemozionante-serata-di-riflessione-e-condivisione\/","og_site_name":"Bellunopress - Dolomiti","article_publisher":"https:\/\/www.facebook.com\/profile.php?id=100008943462799","article_published_time":"2023-10-11T16:03:55+00:00","og_image":[{"width":1000,"height":705,"url":"https:\/\/www.bellunopress.it\/wp-content\/uploads\/2023\/10\/Vajont-60mo-Comunale_edited.jpg","type":"image\/jpeg"}],"author":"redazione","twitter_card":"summary_large_image","twitter_creator":"@bellunopress","twitter_site":"@bellunopress","twitter_misc":{"\u00c9crit par":"redazione","Dur\u00e9e de lecture estim\u00e9e":"2 minutes"},"schema":{"@context":"https:\/\/schema.org","@graph":[{"@type":"Article","@id":"https:\/\/www.bellunopress.it\/2023\/10\/11\/lo-spettacolo-lo-sanno-loro-per-il-60mo-del-vajont-unemozionante-serata-di-riflessione-e-condivisione\/#article","isPartOf":{"@id":"https:\/\/www.bellunopress.it\/2023\/10\/11\/lo-spettacolo-lo-sanno-loro-per-il-60mo-del-vajont-unemozionante-serata-di-riflessione-e-condivisione\/"},"author":{"name":"redazione","@id":"https:\/\/www.bellunopress.it\/#\/schema\/person\/79bb06722b37ece1c03d3e94beb30d73"},"headline":"Lo spettacolo &#8216;Lo sanno loro&#8217; per il 60mo del Vajont: un&#8217;emozionante serata di riflessione e condivisione","datePublished":"2023-10-11T16:03:55+00:00","mainEntityOfPage":{"@id":"https:\/\/www.bellunopress.it\/2023\/10\/11\/lo-spettacolo-lo-sanno-loro-per-il-60mo-del-vajont-unemozionante-serata-di-riflessione-e-condivisione\/"},"wordCount":450,"publisher":{"@id":"https:\/\/www.bellunopress.it\/#organization"},"image":{"@id":"https:\/\/www.bellunopress.it\/2023\/10\/11\/lo-spettacolo-lo-sanno-loro-per-il-60mo-del-vajont-unemozionante-serata-di-riflessione-e-condivisione\/#primaryimage"},"thumbnailUrl":"https:\/\/www.bellunopress.it\/wp-content\/uploads\/2023\/10\/Vajont-60mo-Comunale_edited.jpg","articleSection":["Arte, Cultura, Spettacoli, Scienza","Prima Pagina"],"inLanguage":"fr-FR"},{"@type":"WebPage","@id":"https:\/\/www.bellunopress.it\/2023\/10\/11\/lo-spettacolo-lo-sanno-loro-per-il-60mo-del-vajont-unemozionante-serata-di-riflessione-e-condivisione\/","url":"https:\/\/www.bellunopress.it\/2023\/10\/11\/lo-spettacolo-lo-sanno-loro-per-il-60mo-del-vajont-unemozionante-serata-di-riflessione-e-condivisione\/","name":"Lo spettacolo 'Lo sanno loro' per il 60mo del Vajont: un'emozionante serata di riflessione e condivisione - Bellunopress - Dolomiti","isPartOf":{"@id":"https:\/\/www.bellunopress.it\/#website"},"primaryImageOfPage":{"@id":"https:\/\/www.bellunopress.it\/2023\/10\/11\/lo-spettacolo-lo-sanno-loro-per-il-60mo-del-vajont-unemozionante-serata-di-riflessione-e-condivisione\/#primaryimage"},"image":{"@id":"https:\/\/www.bellunopress.it\/2023\/10\/11\/lo-spettacolo-lo-sanno-loro-per-il-60mo-del-vajont-unemozionante-serata-di-riflessione-e-condivisione\/#primaryimage"},"thumbnailUrl":"https:\/\/www.bellunopress.it\/wp-content\/uploads\/2023\/10\/Vajont-60mo-Comunale_edited.jpg","datePublished":"2023-10-11T16:03:55+00:00","breadcrumb":{"@id":"https:\/\/www.bellunopress.it\/2023\/10\/11\/lo-spettacolo-lo-sanno-loro-per-il-60mo-del-vajont-unemozionante-serata-di-riflessione-e-condivisione\/#breadcrumb"},"inLanguage":"fr-FR","potentialAction":[{"@type":"ReadAction","target":["https:\/\/www.bellunopress.it\/2023\/10\/11\/lo-spettacolo-lo-sanno-loro-per-il-60mo-del-vajont-unemozionante-serata-di-riflessione-e-condivisione\/"]}]},{"@type":"ImageObject","inLanguage":"fr-FR","@id":"https:\/\/www.bellunopress.it\/2023\/10\/11\/lo-spettacolo-lo-sanno-loro-per-il-60mo-del-vajont-unemozionante-serata-di-riflessione-e-condivisione\/#primaryimage","url":"https:\/\/www.bellunopress.it\/wp-content\/uploads\/2023\/10\/Vajont-60mo-Comunale_edited.jpg","contentUrl":"https:\/\/www.bellunopress.it\/wp-content\/uploads\/2023\/10\/Vajont-60mo-Comunale_edited.jpg","width":1000,"height":705},{"@type":"BreadcrumbList","@id":"https:\/\/www.bellunopress.it\/2023\/10\/11\/lo-spettacolo-lo-sanno-loro-per-il-60mo-del-vajont-unemozionante-serata-di-riflessione-e-condivisione\/#breadcrumb","itemListElement":[{"@type":"ListItem","position":1,"name":"Home","item":"https:\/\/www.bellunopress.it\/"},{"@type":"ListItem","position":2,"name":"Lo spettacolo &#8216;Lo sanno loro&#8217; per il 60mo del Vajont: un&#8217;emozionante serata di riflessione e condivisione"}]},{"@type":"WebSite","@id":"https:\/\/www.bellunopress.it\/#website","url":"https:\/\/www.bellunopress.it\/","name":"Bellunopress - Dolomiti","description":"e-mail: redazione@bellunopress.it","publisher":{"@id":"https:\/\/www.bellunopress.it\/#organization"},"potentialAction":[{"@type":"SearchAction","target":{"@type":"EntryPoint","urlTemplate":"https:\/\/www.bellunopress.it\/?s={search_term_string}"},"query-input":{"@type":"PropertyValueSpecification","valueRequired":true,"valueName":"search_term_string"}}],"inLanguage":"fr-FR"},{"@type":"Organization","@id":"https:\/\/www.bellunopress.it\/#organization","name":"Bellunopress","url":"https:\/\/www.bellunopress.it\/","logo":{"@type":"ImageObject","inLanguage":"fr-FR","@id":"https:\/\/www.bellunopress.it\/#\/schema\/logo\/image\/","url":"https:\/\/www.bellunopress.it\/wp-content\/uploads\/2011\/05\/cropped-logo-bellunopress-.jpg","contentUrl":"https:\/\/www.bellunopress.it\/wp-content\/uploads\/2011\/05\/cropped-logo-bellunopress-.jpg","width":512,"height":512,"caption":"Bellunopress"},"image":{"@id":"https:\/\/www.bellunopress.it\/#\/schema\/logo\/image\/"},"sameAs":["https:\/\/www.facebook.com\/profile.php?id=100008943462799","https:\/\/x.com\/bellunopress","https:\/\/www.linkedin.com\/hp\/?dnr=JBzUWaJfMUw8vbXJJ2tVW5-I3jZKvC4wsoxE&amp;amp;amp;amp;amp;amp;trk=nav_responsive_tab_home","https:\/\/www.youtube.com\/channel\/UCxL0wu1uN0_3_7hGG0306cw"]},{"@type":"Person","@id":"https:\/\/www.bellunopress.it\/#\/schema\/person\/79bb06722b37ece1c03d3e94beb30d73","name":"r\u00e9daction","image":{"@type":"ImageObject","inLanguage":"fr-FR","@id":"https:\/\/secure.gravatar.com\/avatar\/37d968a2e67a6fd04c169c4bdef102d0bc5d31b2546345219e348575eb80e9a0?s=96&d=mm&r=g","url":"https:\/\/secure.gravatar.com\/avatar\/37d968a2e67a6fd04c169c4bdef102d0bc5d31b2546345219e348575eb80e9a0?s=96&d=mm&r=g","contentUrl":"https:\/\/secure.gravatar.com\/avatar\/37d968a2e67a6fd04c169c4bdef102d0bc5d31b2546345219e348575eb80e9a0?s=96&d=mm&r=g","caption":"redazione"},"sameAs":["http:\/\/www.bellunopress.it","https:\/\/x.com\/bellunopress"],"url":"https:\/\/www.bellunopress.it\/fr\/author\/redazione\/"}]}},"_links":{"self":[{"href":"https:\/\/www.bellunopress.it\/fr\/wp-json\/wp\/v2\/posts\/144891","targetHints":{"allow":["GET"]}}],"collection":[{"href":"https:\/\/www.bellunopress.it\/fr\/wp-json\/wp\/v2\/posts"}],"about":[{"href":"https:\/\/www.bellunopress.it\/fr\/wp-json\/wp\/v2\/types\/post"}],"author":[{"embeddable":true,"href":"https:\/\/www.bellunopress.it\/fr\/wp-json\/wp\/v2\/users\/2"}],"replies":[{"embeddable":true,"href":"https:\/\/www.bellunopress.it\/fr\/wp-json\/wp\/v2\/comments?post=144891"}],"version-history":[{"count":1,"href":"https:\/\/www.bellunopress.it\/fr\/wp-json\/wp\/v2\/posts\/144891\/revisions"}],"predecessor-version":[{"id":144893,"href":"https:\/\/www.bellunopress.it\/fr\/wp-json\/wp\/v2\/posts\/144891\/revisions\/144893"}],"wp:featuredmedia":[{"embeddable":true,"href":"https:\/\/www.bellunopress.it\/fr\/wp-json\/wp\/v2\/media\/144892"}],"wp:attachment":[{"href":"https:\/\/www.bellunopress.it\/fr\/wp-json\/wp\/v2\/media?parent=144891"}],"wp:term":[{"taxonomy":"category","embeddable":true,"href":"https:\/\/www.bellunopress.it\/fr\/wp-json\/wp\/v2\/categories?post=144891"},{"taxonomy":"post_tag","embeddable":true,"href":"https:\/\/www.bellunopress.it\/fr\/wp-json\/wp\/v2\/tags?post=144891"}],"curies":[{"name":"wp","href":"https:\/\/api.w.org\/{rel}","templated":true}]}}