{"id":144889,"date":"2023-10-11T15:29:16","date_gmt":"2023-10-11T13:29:16","guid":{"rendered":"https:\/\/www.bellunopress.it\/?p=144889"},"modified":"2023-10-11T15:29:16","modified_gmt":"2023-10-11T13:29:16","slug":"ancora-un-successo-di-tib-teatro-lo-spettacolo-perfetta-selezionato-al-41mo-festival-nazionale-del-teatro-per-ragazzi","status":"publish","type":"post","link":"https:\/\/www.bellunopress.it\/fr\/2023\/10\/11\/ancora-un-successo-di-tib-teatro-lo-spettacolo-perfetta-selezionato-al-41mo-festival-nazionale-del-teatro-per-ragazzi\/","title":{"rendered":"Ancora un successo di Tib Teatro. Lo spettacolo &#8220;Perfetta&#8221; selezionato al 41mo Festival nazionale del Teatro per ragazzi"},"content":{"rendered":"<figure id=\"attachment_142493\" aria-describedby=\"caption-attachment-142493\" style=\"width: 1000px\" class=\"wp-caption alignleft\"><img loading=\"lazy\" decoding=\"async\" class=\"size-full wp-image-142493\" src=\"https:\/\/www.bellunopress.it\/wp-content\/uploads\/2023\/07\/Grazia-Capraro-in-Perfetta-spettacolo-Tib-teatro.jpg\" alt=\"\" width=\"1000\" height=\"627\" srcset=\"https:\/\/www.bellunopress.it\/wp-content\/uploads\/2023\/07\/Grazia-Capraro-in-Perfetta-spettacolo-Tib-teatro.jpg 1000w, https:\/\/www.bellunopress.it\/wp-content\/uploads\/2023\/07\/Grazia-Capraro-in-Perfetta-spettacolo-Tib-teatro-500x314.jpg 500w, https:\/\/www.bellunopress.it\/wp-content\/uploads\/2023\/07\/Grazia-Capraro-in-Perfetta-spettacolo-Tib-teatro-696x436.jpg 696w, https:\/\/www.bellunopress.it\/wp-content\/uploads\/2023\/07\/Grazia-Capraro-in-Perfetta-spettacolo-Tib-teatro-670x420.jpg 670w\" sizes=\"auto, (max-width: 1000px) 100vw, 1000px\" \/><figcaption id=\"caption-attachment-142493\" class=\"wp-caption-text\">Grazia Capraro in &#8220;Perfetta&#8221;, spettacolo Tib Teatro<\/figcaption><\/figure>\n<p><em><strong>Il 14 ottobre alle ore 16.00 e 15 ottobre alle\u00a0 ore 10.30 e 16.00 al Piccolo Teatro Don Bosco di Padova<\/strong><\/em><\/p>\n<p>Perfetta, produzione Tib Teatro, di Grazia Capraro, che ne \u00e8 anche interprete, e Daniela Nicosia che ne ha curato anche la regia, dopo la prestigiosa partecipazione al Festival Nazionale di Perugia \u2013 Gelatine\/Palla al Centro, dove ha debuttato in prima nazionale lo scorso luglio presso il Teatro degli Avvaloranti di Citt\u00e0 della Pieve, si aggiudica un\u2019ulteriore partecipazione in un festival nazionale &#8211; il Festival Nazionale del Teatro per i Ragazzi di Padova, giunto quest\u2019anno alla sua 41esima edizione. Perfetta andr\u00e0 in scena al Piccolo Teatro Don Bosco di Padova sabato 14 ottobre alle ore 16.00 e domenica 15 ottobre alle 10.30 e alle 16.00. Dopo il festival, Perfetta continuer\u00e0 il suo viaggio nei teatri italiani, in importanti citt\u00e0 come Roma e Torino.<\/p>\n<p>Perfetta \u00e8 la storia di una piccola anima alla scoperta di una differente percezione di s\u00e9 e del mondo, e costituisce una significativa riflessione sul tema, cos\u00ec sentito dai giovani, della perfezione e dell\u2019accettazione di se stessi e degli altri. Da un\u2019eccezione, da un istante di coraggio, in un giorno di particolare solitudine, prende il via il magico viaggio della protagonista nel paese pi\u00f9 strano del mondo, nel quale imparer\u00e0 la misteriosa forza dell\u2019autoironia, la bellezza d\u2019essere buffi, la capacit\u00e0 di amarsi e amare tutte le imperfezioni che ci fanno umani. Lasciarsi andare, abbandonarsi alla musica del mondo, agli sguardi, agli incontri, alle danze, alle fragilit\u00e0, a tutte quelle cose che non possiamo controllare: questo ci rende pi\u00f9 forte, questo ci rende migliori, permettendoci di gustare le meraviglie dell\u2019esistere.<\/p>\n<p>\u201c\u00c8 proprio nel caos, che ci scopriamo vivi. \u00c8 uscendo da noi che possiamo incontrarci.<br \/>\n\u00c8 danzando goffamente, che ci scopriamo belli. E capaci di volare. Questo spettacolo \u00e8 nato durante la pandemia, nell\u2019arco di un anno e mezzo in cui abbiamo attraversato montagne russe di emozioni, rivisto e rivisitato priorit\u00e0, perso qualcuno, o qualcosa, o semplicemente perso la bussola, il Senso. Nasce in un periodo in cui qualcosa abbiamo trovato, a prescindere da noi, a prescindere dalla nostra continua voglia di controllare, dirigere, organizzare. Nasce come risposta al vuoto e come scoperta. Nasce come nasce un amore.\u201d Cos\u00ec afferma l\u2019interprete e co-autrice del testo Grazia Capraro, giovane talento artistico bellunese che nel Tib, dopo il percorso di studi a Roma presso l\u2019Accademia d\u2019Arte Drammatica Silvio D\u2019Amico, ha trovato svariate opportunit\u00e0 di lavoro: oltre allo spettacolo Perfetta \u00e8 stata nel cast de Il Teatro Comico di Carlo Goldoni \u2013 coproduzione Tib-PPTV e Stabile del Veneto \u2013 al fianco di Giulio Scarpati e di altri sette attori, ha fatto parte dello spettacolo \u201cQualcuno cantava&#8230;\u201d per il progetto Vajonts 23 nel sessantesimo anniversario del disastro del Vajont , ed \u00e8 tra i formatori di ATTOZERO prima scuola di Teatro a Belluno, realizzato negli spazi della Casa delle Arti-Spazio Ex, giunta al suo secondo anno con grande entusiasmo da parte dei vecchi e nuovi iscritti.<br \/>\n\u201cE\u2019 questo che desideriamo per la nostra struttura, questa la vocazione di Tib Teatro, essere una casa per i talenti bellunesi, una casa in cui possano trovare lavoro e approfondire la propria formazione, lavorando, come accaduto a Grazia, sotto la guida di professionisti di rilievo delle diverse discipline e potendo anche proporre proprie progettualit\u00e0. E\u2019 questo il caso di Perfetta, un testo scritto da lei, che Tib ha scelto di produrre, cui ho dato volentieri il mio contributo drammaturgico e artistico curandone la regia e coinvolgendo un team di professionisti di prim\u2019ordine quali Mirto Baliani video, light and sound design, Patrizio Dall\u2019Argine trainer animazioni burattini, Elisabetta da Rold e Clara Libertini per le coreografie, Francesco Manzoni quale tecnico luci e suono, un altro talento della nostra provincia entrato a far parte del nostro team.\u201d<\/p>\n<p>&nbsp;<\/p>","protected":false},"excerpt":{"rendered":"<p>Il 14 ottobre alle ore 16.00 e 15 ottobre alle\u00a0 ore 10.30 e 16.00 al Piccolo Teatro Don Bosco di Padova Perfetta, produzione Tib Teatro, di Grazia Capraro, che ne \u00e8 anche interprete, e Daniela Nicosia che ne ha curato anche la regia, dopo la prestigiosa partecipazione al Festival Nazionale di Perugia \u2013 Gelatine\/Palla al [&hellip;]<\/p>\n","protected":false},"author":2,"featured_media":142493,"comment_status":"closed","ping_status":"open","sticky":false,"template":"","format":"standard","meta":{"footnotes":""},"categories":[3,25],"tags":[],"class_list":["post-144889","post","type-post","status-publish","format-standard","has-post-thumbnail","category-arte-cultura-spettacoli-scienza-archivi","category-pausa-caffe"],"yoast_head":"<!-- This site is optimized with the Yoast SEO plugin v28.4 - https:\/\/yoast.com\/product\/yoast-seo-wordpress\/ -->\n<title>Ancora un successo di Tib Teatro. Lo spettacolo &quot;Perfetta&quot; selezionato al 41mo Festival nazionale del Teatro per ragazzi - Bellunopress - Dolomiti<\/title>\n<meta name=\"robots\" content=\"index, follow, max-snippet:-1, max-image-preview:large, max-video-preview:-1\" \/>\n<link rel=\"canonical\" href=\"https:\/\/www.bellunopress.it\/fr\/2023\/10\/11\/ancora-un-successo-di-tib-teatro-lo-spettacolo-perfetta-selezionato-al-41mo-festival-nazionale-del-teatro-per-ragazzi\/\" \/>\n<meta property=\"og:locale\" content=\"fr_FR\" \/>\n<meta property=\"og:type\" content=\"article\" \/>\n<meta property=\"og:title\" content=\"Ancora un successo di Tib Teatro. Lo spettacolo &quot;Perfetta&quot; selezionato al 41mo Festival nazionale del Teatro per ragazzi - Bellunopress - Dolomiti\" \/>\n<meta property=\"og:description\" content=\"Il 14 ottobre alle ore 16.00 e 15 ottobre alle\u00a0 ore 10.30 e 16.00 al Piccolo Teatro Don Bosco di Padova Perfetta, produzione Tib Teatro, di Grazia Capraro, che ne \u00e8 anche interprete, e Daniela Nicosia che ne ha curato anche la regia, dopo la prestigiosa partecipazione al Festival Nazionale di Perugia \u2013 Gelatine\/Palla al [&hellip;]\" \/>\n<meta property=\"og:url\" content=\"https:\/\/www.bellunopress.it\/fr\/2023\/10\/11\/ancora-un-successo-di-tib-teatro-lo-spettacolo-perfetta-selezionato-al-41mo-festival-nazionale-del-teatro-per-ragazzi\/\" \/>\n<meta property=\"og:site_name\" content=\"Bellunopress - Dolomiti\" \/>\n<meta property=\"article:publisher\" content=\"https:\/\/www.facebook.com\/profile.php?id=100008943462799\" \/>\n<meta property=\"article:published_time\" content=\"2023-10-11T13:29:16+00:00\" \/>\n<meta property=\"og:image\" content=\"https:\/\/www.bellunopress.it\/wp-content\/uploads\/2023\/07\/Grazia-Capraro-in-Perfetta-spettacolo-Tib-teatro.jpg\" \/>\n\t<meta property=\"og:image:width\" content=\"1000\" \/>\n\t<meta property=\"og:image:height\" content=\"627\" \/>\n\t<meta property=\"og:image:type\" content=\"image\/jpeg\" \/>\n<meta name=\"author\" content=\"redazione\" \/>\n<meta name=\"twitter:card\" content=\"summary_large_image\" \/>\n<meta name=\"twitter:creator\" content=\"@bellunopress\" \/>\n<meta name=\"twitter:site\" content=\"@bellunopress\" \/>\n<meta name=\"twitter:label1\" content=\"\u00c9crit par\" \/>\n\t<meta name=\"twitter:data1\" content=\"redazione\" \/>\n\t<meta name=\"twitter:label2\" content=\"Dur\u00e9e de lecture estim\u00e9e\" \/>\n\t<meta name=\"twitter:data2\" content=\"3 minutes\" \/>\n<script type=\"application\/ld+json\" class=\"yoast-schema-graph\">{\"@context\":\"https:\\\/\\\/schema.org\",\"@graph\":[{\"@type\":\"Article\",\"@id\":\"https:\\\/\\\/www.bellunopress.it\\\/2023\\\/10\\\/11\\\/ancora-un-successo-di-tib-teatro-lo-spettacolo-perfetta-selezionato-al-41mo-festival-nazionale-del-teatro-per-ragazzi\\\/#article\",\"isPartOf\":{\"@id\":\"https:\\\/\\\/www.bellunopress.it\\\/2023\\\/10\\\/11\\\/ancora-un-successo-di-tib-teatro-lo-spettacolo-perfetta-selezionato-al-41mo-festival-nazionale-del-teatro-per-ragazzi\\\/\"},\"author\":{\"name\":\"redazione\",\"@id\":\"https:\\\/\\\/www.bellunopress.it\\\/#\\\/schema\\\/person\\\/79bb06722b37ece1c03d3e94beb30d73\"},\"headline\":\"Ancora un successo di Tib Teatro. Lo spettacolo &#8220;Perfetta&#8221; selezionato al 41mo Festival nazionale del Teatro per ragazzi\",\"datePublished\":\"2023-10-11T13:29:16+00:00\",\"mainEntityOfPage\":{\"@id\":\"https:\\\/\\\/www.bellunopress.it\\\/2023\\\/10\\\/11\\\/ancora-un-successo-di-tib-teatro-lo-spettacolo-perfetta-selezionato-al-41mo-festival-nazionale-del-teatro-per-ragazzi\\\/\"},\"wordCount\":653,\"publisher\":{\"@id\":\"https:\\\/\\\/www.bellunopress.it\\\/#organization\"},\"image\":{\"@id\":\"https:\\\/\\\/www.bellunopress.it\\\/2023\\\/10\\\/11\\\/ancora-un-successo-di-tib-teatro-lo-spettacolo-perfetta-selezionato-al-41mo-festival-nazionale-del-teatro-per-ragazzi\\\/#primaryimage\"},\"thumbnailUrl\":\"https:\\\/\\\/www.bellunopress.it\\\/wp-content\\\/uploads\\\/2023\\\/07\\\/Grazia-Capraro-in-Perfetta-spettacolo-Tib-teatro.jpg\",\"articleSection\":[\"Arte, Cultura, Spettacoli, Scienza\",\"Pausa Caff\u00e8\"],\"inLanguage\":\"fr-FR\"},{\"@type\":\"WebPage\",\"@id\":\"https:\\\/\\\/www.bellunopress.it\\\/2023\\\/10\\\/11\\\/ancora-un-successo-di-tib-teatro-lo-spettacolo-perfetta-selezionato-al-41mo-festival-nazionale-del-teatro-per-ragazzi\\\/\",\"url\":\"https:\\\/\\\/www.bellunopress.it\\\/2023\\\/10\\\/11\\\/ancora-un-successo-di-tib-teatro-lo-spettacolo-perfetta-selezionato-al-41mo-festival-nazionale-del-teatro-per-ragazzi\\\/\",\"name\":\"Ancora un successo di Tib Teatro. Lo spettacolo \\\"Perfetta\\\" selezionato al 41mo Festival nazionale del Teatro per ragazzi - Bellunopress - Dolomiti\",\"isPartOf\":{\"@id\":\"https:\\\/\\\/www.bellunopress.it\\\/#website\"},\"primaryImageOfPage\":{\"@id\":\"https:\\\/\\\/www.bellunopress.it\\\/2023\\\/10\\\/11\\\/ancora-un-successo-di-tib-teatro-lo-spettacolo-perfetta-selezionato-al-41mo-festival-nazionale-del-teatro-per-ragazzi\\\/#primaryimage\"},\"image\":{\"@id\":\"https:\\\/\\\/www.bellunopress.it\\\/2023\\\/10\\\/11\\\/ancora-un-successo-di-tib-teatro-lo-spettacolo-perfetta-selezionato-al-41mo-festival-nazionale-del-teatro-per-ragazzi\\\/#primaryimage\"},\"thumbnailUrl\":\"https:\\\/\\\/www.bellunopress.it\\\/wp-content\\\/uploads\\\/2023\\\/07\\\/Grazia-Capraro-in-Perfetta-spettacolo-Tib-teatro.jpg\",\"datePublished\":\"2023-10-11T13:29:16+00:00\",\"breadcrumb\":{\"@id\":\"https:\\\/\\\/www.bellunopress.it\\\/2023\\\/10\\\/11\\\/ancora-un-successo-di-tib-teatro-lo-spettacolo-perfetta-selezionato-al-41mo-festival-nazionale-del-teatro-per-ragazzi\\\/#breadcrumb\"},\"inLanguage\":\"fr-FR\",\"potentialAction\":[{\"@type\":\"ReadAction\",\"target\":[\"https:\\\/\\\/www.bellunopress.it\\\/2023\\\/10\\\/11\\\/ancora-un-successo-di-tib-teatro-lo-spettacolo-perfetta-selezionato-al-41mo-festival-nazionale-del-teatro-per-ragazzi\\\/\"]}]},{\"@type\":\"ImageObject\",\"inLanguage\":\"fr-FR\",\"@id\":\"https:\\\/\\\/www.bellunopress.it\\\/2023\\\/10\\\/11\\\/ancora-un-successo-di-tib-teatro-lo-spettacolo-perfetta-selezionato-al-41mo-festival-nazionale-del-teatro-per-ragazzi\\\/#primaryimage\",\"url\":\"https:\\\/\\\/www.bellunopress.it\\\/wp-content\\\/uploads\\\/2023\\\/07\\\/Grazia-Capraro-in-Perfetta-spettacolo-Tib-teatro.jpg\",\"contentUrl\":\"https:\\\/\\\/www.bellunopress.it\\\/wp-content\\\/uploads\\\/2023\\\/07\\\/Grazia-Capraro-in-Perfetta-spettacolo-Tib-teatro.jpg\",\"width\":1000,\"height\":627,\"caption\":\"Grazia Capraro in \\\"Perfetta\\\", spettacolo Tib Teatro\"},{\"@type\":\"BreadcrumbList\",\"@id\":\"https:\\\/\\\/www.bellunopress.it\\\/2023\\\/10\\\/11\\\/ancora-un-successo-di-tib-teatro-lo-spettacolo-perfetta-selezionato-al-41mo-festival-nazionale-del-teatro-per-ragazzi\\\/#breadcrumb\",\"itemListElement\":[{\"@type\":\"ListItem\",\"position\":1,\"name\":\"Home\",\"item\":\"https:\\\/\\\/www.bellunopress.it\\\/\"},{\"@type\":\"ListItem\",\"position\":2,\"name\":\"Ancora un successo di Tib Teatro. Lo spettacolo &#8220;Perfetta&#8221; selezionato al 41mo Festival nazionale del Teatro per ragazzi\"}]},{\"@type\":\"WebSite\",\"@id\":\"https:\\\/\\\/www.bellunopress.it\\\/#website\",\"url\":\"https:\\\/\\\/www.bellunopress.it\\\/\",\"name\":\"Bellunopress - Dolomiti\",\"description\":\"e-mail: redazione@bellunopress.it\",\"publisher\":{\"@id\":\"https:\\\/\\\/www.bellunopress.it\\\/#organization\"},\"potentialAction\":[{\"@type\":\"SearchAction\",\"target\":{\"@type\":\"EntryPoint\",\"urlTemplate\":\"https:\\\/\\\/www.bellunopress.it\\\/?s={search_term_string}\"},\"query-input\":{\"@type\":\"PropertyValueSpecification\",\"valueRequired\":true,\"valueName\":\"search_term_string\"}}],\"inLanguage\":\"fr-FR\"},{\"@type\":\"Organization\",\"@id\":\"https:\\\/\\\/www.bellunopress.it\\\/#organization\",\"name\":\"Bellunopress\",\"url\":\"https:\\\/\\\/www.bellunopress.it\\\/\",\"logo\":{\"@type\":\"ImageObject\",\"inLanguage\":\"fr-FR\",\"@id\":\"https:\\\/\\\/www.bellunopress.it\\\/#\\\/schema\\\/logo\\\/image\\\/\",\"url\":\"https:\\\/\\\/www.bellunopress.it\\\/wp-content\\\/uploads\\\/2011\\\/05\\\/cropped-logo-bellunopress-.jpg\",\"contentUrl\":\"https:\\\/\\\/www.bellunopress.it\\\/wp-content\\\/uploads\\\/2011\\\/05\\\/cropped-logo-bellunopress-.jpg\",\"width\":512,\"height\":512,\"caption\":\"Bellunopress\"},\"image\":{\"@id\":\"https:\\\/\\\/www.bellunopress.it\\\/#\\\/schema\\\/logo\\\/image\\\/\"},\"sameAs\":[\"https:\\\/\\\/www.facebook.com\\\/profile.php?id=100008943462799\",\"https:\\\/\\\/x.com\\\/bellunopress\",\"https:\\\/\\\/www.linkedin.com\\\/hp\\\/?dnr=JBzUWaJfMUw8vbXJJ2tVW5-I3jZKvC4wsoxE&amp;amp;amp;amp;amp;amp;trk=nav_responsive_tab_home\",\"https:\\\/\\\/www.youtube.com\\\/channel\\\/UCxL0wu1uN0_3_7hGG0306cw\"]},{\"@type\":\"Person\",\"@id\":\"https:\\\/\\\/www.bellunopress.it\\\/#\\\/schema\\\/person\\\/79bb06722b37ece1c03d3e94beb30d73\",\"name\":\"redazione\",\"image\":{\"@type\":\"ImageObject\",\"inLanguage\":\"fr-FR\",\"@id\":\"https:\\\/\\\/secure.gravatar.com\\\/avatar\\\/37d968a2e67a6fd04c169c4bdef102d0bc5d31b2546345219e348575eb80e9a0?s=96&d=mm&r=g\",\"url\":\"https:\\\/\\\/secure.gravatar.com\\\/avatar\\\/37d968a2e67a6fd04c169c4bdef102d0bc5d31b2546345219e348575eb80e9a0?s=96&d=mm&r=g\",\"contentUrl\":\"https:\\\/\\\/secure.gravatar.com\\\/avatar\\\/37d968a2e67a6fd04c169c4bdef102d0bc5d31b2546345219e348575eb80e9a0?s=96&d=mm&r=g\",\"caption\":\"redazione\"},\"sameAs\":[\"http:\\\/\\\/www.bellunopress.it\",\"https:\\\/\\\/x.com\\\/bellunopress\"],\"url\":\"https:\\\/\\\/www.bellunopress.it\\\/fr\\\/author\\\/redazione\\\/\"}]}<\/script>\n<!-- \/ Yoast SEO plugin. -->","yoast_head_json":{"title":"Ancora un successo di Tib Teatro. Lo spettacolo \"Perfetta\" selezionato al 41mo Festival nazionale del Teatro per ragazzi - Bellunopress - Dolomiti","robots":{"index":"index","follow":"follow","max-snippet":"max-snippet:-1","max-image-preview":"max-image-preview:large","max-video-preview":"max-video-preview:-1"},"canonical":"https:\/\/www.bellunopress.it\/fr\/2023\/10\/11\/ancora-un-successo-di-tib-teatro-lo-spettacolo-perfetta-selezionato-al-41mo-festival-nazionale-del-teatro-per-ragazzi\/","og_locale":"fr_FR","og_type":"article","og_title":"Ancora un successo di Tib Teatro. Lo spettacolo \"Perfetta\" selezionato al 41mo Festival nazionale del Teatro per ragazzi - Bellunopress - Dolomiti","og_description":"Il 14 ottobre alle ore 16.00 e 15 ottobre alle\u00a0 ore 10.30 e 16.00 al Piccolo Teatro Don Bosco di Padova Perfetta, produzione Tib Teatro, di Grazia Capraro, che ne \u00e8 anche interprete, e Daniela Nicosia che ne ha curato anche la regia, dopo la prestigiosa partecipazione al Festival Nazionale di Perugia \u2013 Gelatine\/Palla al [&hellip;]","og_url":"https:\/\/www.bellunopress.it\/fr\/2023\/10\/11\/ancora-un-successo-di-tib-teatro-lo-spettacolo-perfetta-selezionato-al-41mo-festival-nazionale-del-teatro-per-ragazzi\/","og_site_name":"Bellunopress - Dolomiti","article_publisher":"https:\/\/www.facebook.com\/profile.php?id=100008943462799","article_published_time":"2023-10-11T13:29:16+00:00","og_image":[{"width":1000,"height":627,"url":"https:\/\/www.bellunopress.it\/wp-content\/uploads\/2023\/07\/Grazia-Capraro-in-Perfetta-spettacolo-Tib-teatro.jpg","type":"image\/jpeg"}],"author":"redazione","twitter_card":"summary_large_image","twitter_creator":"@bellunopress","twitter_site":"@bellunopress","twitter_misc":{"\u00c9crit par":"redazione","Dur\u00e9e de lecture estim\u00e9e":"3 minutes"},"schema":{"@context":"https:\/\/schema.org","@graph":[{"@type":"Article","@id":"https:\/\/www.bellunopress.it\/2023\/10\/11\/ancora-un-successo-di-tib-teatro-lo-spettacolo-perfetta-selezionato-al-41mo-festival-nazionale-del-teatro-per-ragazzi\/#article","isPartOf":{"@id":"https:\/\/www.bellunopress.it\/2023\/10\/11\/ancora-un-successo-di-tib-teatro-lo-spettacolo-perfetta-selezionato-al-41mo-festival-nazionale-del-teatro-per-ragazzi\/"},"author":{"name":"redazione","@id":"https:\/\/www.bellunopress.it\/#\/schema\/person\/79bb06722b37ece1c03d3e94beb30d73"},"headline":"Ancora un successo di Tib Teatro. Lo spettacolo &#8220;Perfetta&#8221; selezionato al 41mo Festival nazionale del Teatro per ragazzi","datePublished":"2023-10-11T13:29:16+00:00","mainEntityOfPage":{"@id":"https:\/\/www.bellunopress.it\/2023\/10\/11\/ancora-un-successo-di-tib-teatro-lo-spettacolo-perfetta-selezionato-al-41mo-festival-nazionale-del-teatro-per-ragazzi\/"},"wordCount":653,"publisher":{"@id":"https:\/\/www.bellunopress.it\/#organization"},"image":{"@id":"https:\/\/www.bellunopress.it\/2023\/10\/11\/ancora-un-successo-di-tib-teatro-lo-spettacolo-perfetta-selezionato-al-41mo-festival-nazionale-del-teatro-per-ragazzi\/#primaryimage"},"thumbnailUrl":"https:\/\/www.bellunopress.it\/wp-content\/uploads\/2023\/07\/Grazia-Capraro-in-Perfetta-spettacolo-Tib-teatro.jpg","articleSection":["Arte, Cultura, Spettacoli, Scienza","Pausa Caff\u00e8"],"inLanguage":"fr-FR"},{"@type":"WebPage","@id":"https:\/\/www.bellunopress.it\/2023\/10\/11\/ancora-un-successo-di-tib-teatro-lo-spettacolo-perfetta-selezionato-al-41mo-festival-nazionale-del-teatro-per-ragazzi\/","url":"https:\/\/www.bellunopress.it\/2023\/10\/11\/ancora-un-successo-di-tib-teatro-lo-spettacolo-perfetta-selezionato-al-41mo-festival-nazionale-del-teatro-per-ragazzi\/","name":"Ancora un successo di Tib Teatro. Lo spettacolo \"Perfetta\" selezionato al 41mo Festival nazionale del Teatro per ragazzi - Bellunopress - Dolomiti","isPartOf":{"@id":"https:\/\/www.bellunopress.it\/#website"},"primaryImageOfPage":{"@id":"https:\/\/www.bellunopress.it\/2023\/10\/11\/ancora-un-successo-di-tib-teatro-lo-spettacolo-perfetta-selezionato-al-41mo-festival-nazionale-del-teatro-per-ragazzi\/#primaryimage"},"image":{"@id":"https:\/\/www.bellunopress.it\/2023\/10\/11\/ancora-un-successo-di-tib-teatro-lo-spettacolo-perfetta-selezionato-al-41mo-festival-nazionale-del-teatro-per-ragazzi\/#primaryimage"},"thumbnailUrl":"https:\/\/www.bellunopress.it\/wp-content\/uploads\/2023\/07\/Grazia-Capraro-in-Perfetta-spettacolo-Tib-teatro.jpg","datePublished":"2023-10-11T13:29:16+00:00","breadcrumb":{"@id":"https:\/\/www.bellunopress.it\/2023\/10\/11\/ancora-un-successo-di-tib-teatro-lo-spettacolo-perfetta-selezionato-al-41mo-festival-nazionale-del-teatro-per-ragazzi\/#breadcrumb"},"inLanguage":"fr-FR","potentialAction":[{"@type":"ReadAction","target":["https:\/\/www.bellunopress.it\/2023\/10\/11\/ancora-un-successo-di-tib-teatro-lo-spettacolo-perfetta-selezionato-al-41mo-festival-nazionale-del-teatro-per-ragazzi\/"]}]},{"@type":"ImageObject","inLanguage":"fr-FR","@id":"https:\/\/www.bellunopress.it\/2023\/10\/11\/ancora-un-successo-di-tib-teatro-lo-spettacolo-perfetta-selezionato-al-41mo-festival-nazionale-del-teatro-per-ragazzi\/#primaryimage","url":"https:\/\/www.bellunopress.it\/wp-content\/uploads\/2023\/07\/Grazia-Capraro-in-Perfetta-spettacolo-Tib-teatro.jpg","contentUrl":"https:\/\/www.bellunopress.it\/wp-content\/uploads\/2023\/07\/Grazia-Capraro-in-Perfetta-spettacolo-Tib-teatro.jpg","width":1000,"height":627,"caption":"Grazia Capraro in \"Perfetta\", spettacolo Tib Teatro"},{"@type":"BreadcrumbList","@id":"https:\/\/www.bellunopress.it\/2023\/10\/11\/ancora-un-successo-di-tib-teatro-lo-spettacolo-perfetta-selezionato-al-41mo-festival-nazionale-del-teatro-per-ragazzi\/#breadcrumb","itemListElement":[{"@type":"ListItem","position":1,"name":"Home","item":"https:\/\/www.bellunopress.it\/"},{"@type":"ListItem","position":2,"name":"Ancora un successo di Tib Teatro. Lo spettacolo &#8220;Perfetta&#8221; selezionato al 41mo Festival nazionale del Teatro per ragazzi"}]},{"@type":"WebSite","@id":"https:\/\/www.bellunopress.it\/#website","url":"https:\/\/www.bellunopress.it\/","name":"Bellunopress - Dolomiti","description":"e-mail: redazione@bellunopress.it","publisher":{"@id":"https:\/\/www.bellunopress.it\/#organization"},"potentialAction":[{"@type":"SearchAction","target":{"@type":"EntryPoint","urlTemplate":"https:\/\/www.bellunopress.it\/?s={search_term_string}"},"query-input":{"@type":"PropertyValueSpecification","valueRequired":true,"valueName":"search_term_string"}}],"inLanguage":"fr-FR"},{"@type":"Organization","@id":"https:\/\/www.bellunopress.it\/#organization","name":"Bellunopress","url":"https:\/\/www.bellunopress.it\/","logo":{"@type":"ImageObject","inLanguage":"fr-FR","@id":"https:\/\/www.bellunopress.it\/#\/schema\/logo\/image\/","url":"https:\/\/www.bellunopress.it\/wp-content\/uploads\/2011\/05\/cropped-logo-bellunopress-.jpg","contentUrl":"https:\/\/www.bellunopress.it\/wp-content\/uploads\/2011\/05\/cropped-logo-bellunopress-.jpg","width":512,"height":512,"caption":"Bellunopress"},"image":{"@id":"https:\/\/www.bellunopress.it\/#\/schema\/logo\/image\/"},"sameAs":["https:\/\/www.facebook.com\/profile.php?id=100008943462799","https:\/\/x.com\/bellunopress","https:\/\/www.linkedin.com\/hp\/?dnr=JBzUWaJfMUw8vbXJJ2tVW5-I3jZKvC4wsoxE&amp;amp;amp;amp;amp;amp;trk=nav_responsive_tab_home","https:\/\/www.youtube.com\/channel\/UCxL0wu1uN0_3_7hGG0306cw"]},{"@type":"Person","@id":"https:\/\/www.bellunopress.it\/#\/schema\/person\/79bb06722b37ece1c03d3e94beb30d73","name":"r\u00e9daction","image":{"@type":"ImageObject","inLanguage":"fr-FR","@id":"https:\/\/secure.gravatar.com\/avatar\/37d968a2e67a6fd04c169c4bdef102d0bc5d31b2546345219e348575eb80e9a0?s=96&d=mm&r=g","url":"https:\/\/secure.gravatar.com\/avatar\/37d968a2e67a6fd04c169c4bdef102d0bc5d31b2546345219e348575eb80e9a0?s=96&d=mm&r=g","contentUrl":"https:\/\/secure.gravatar.com\/avatar\/37d968a2e67a6fd04c169c4bdef102d0bc5d31b2546345219e348575eb80e9a0?s=96&d=mm&r=g","caption":"redazione"},"sameAs":["http:\/\/www.bellunopress.it","https:\/\/x.com\/bellunopress"],"url":"https:\/\/www.bellunopress.it\/fr\/author\/redazione\/"}]}},"_links":{"self":[{"href":"https:\/\/www.bellunopress.it\/fr\/wp-json\/wp\/v2\/posts\/144889","targetHints":{"allow":["GET"]}}],"collection":[{"href":"https:\/\/www.bellunopress.it\/fr\/wp-json\/wp\/v2\/posts"}],"about":[{"href":"https:\/\/www.bellunopress.it\/fr\/wp-json\/wp\/v2\/types\/post"}],"author":[{"embeddable":true,"href":"https:\/\/www.bellunopress.it\/fr\/wp-json\/wp\/v2\/users\/2"}],"replies":[{"embeddable":true,"href":"https:\/\/www.bellunopress.it\/fr\/wp-json\/wp\/v2\/comments?post=144889"}],"version-history":[{"count":1,"href":"https:\/\/www.bellunopress.it\/fr\/wp-json\/wp\/v2\/posts\/144889\/revisions"}],"predecessor-version":[{"id":144890,"href":"https:\/\/www.bellunopress.it\/fr\/wp-json\/wp\/v2\/posts\/144889\/revisions\/144890"}],"wp:featuredmedia":[{"embeddable":true,"href":"https:\/\/www.bellunopress.it\/fr\/wp-json\/wp\/v2\/media\/142493"}],"wp:attachment":[{"href":"https:\/\/www.bellunopress.it\/fr\/wp-json\/wp\/v2\/media?parent=144889"}],"wp:term":[{"taxonomy":"category","embeddable":true,"href":"https:\/\/www.bellunopress.it\/fr\/wp-json\/wp\/v2\/categories?post=144889"},{"taxonomy":"post_tag","embeddable":true,"href":"https:\/\/www.bellunopress.it\/fr\/wp-json\/wp\/v2\/tags?post=144889"}],"curies":[{"name":"wp","href":"https:\/\/api.w.org\/{rel}","templated":true}]}}