{"id":144887,"date":"2023-10-11T14:50:30","date_gmt":"2023-10-11T12:50:30","guid":{"rendered":"https:\/\/www.bellunopress.it\/?p=144887"},"modified":"2023-10-11T14:50:30","modified_gmt":"2023-10-11T12:50:30","slug":"oltre-le-vette-il-programma-di-giovedi","status":"publish","type":"post","link":"https:\/\/www.bellunopress.it\/fr\/2023\/10\/11\/oltre-le-vette-il-programma-di-giovedi\/","title":{"rendered":"Oltre le Vette. Il programma di gioved\u00ec"},"content":{"rendered":"<p><strong><img loading=\"lazy\" decoding=\"async\" class=\"alignleft size-full wp-image-136180\" src=\"https:\/\/www.bellunopress.it\/wp-content\/uploads\/2022\/09\/Oltre-le-vette-2022.jpg\" alt=\"\" width=\"1000\" height=\"714\" srcset=\"https:\/\/www.bellunopress.it\/wp-content\/uploads\/2022\/09\/Oltre-le-vette-2022.jpg 1000w, https:\/\/www.bellunopress.it\/wp-content\/uploads\/2022\/09\/Oltre-le-vette-2022-500x357.jpg 500w, https:\/\/www.bellunopress.it\/wp-content\/uploads\/2022\/09\/Oltre-le-vette-2022-696x497.jpg 696w, https:\/\/www.bellunopress.it\/wp-content\/uploads\/2022\/09\/Oltre-le-vette-2022-588x420.jpg 588w, https:\/\/www.bellunopress.it\/wp-content\/uploads\/2022\/09\/Oltre-le-vette-2022-100x70.jpg 100w\" sizes=\"auto, (max-width: 1000px) 100vw, 1000px\" \/>Gioved\u00ec 12 ottobre, Oltre le vette propone due eventi a Palazzo Bembo tra squilibri dell\u2019antropocene e esplorazioni speleologiche<\/strong><\/p>\n<p>Alle 18, presentazione del nuovo libro di Paola Favero con interventi musicali di Nelso<br \/>\nSalton. Alle 21, incontro con lo speleologo Filippo Felici, protagonista di sensazionali<br \/>\nscoperte e operazioni di soccorso negli abissi della terra Gioved\u00ec 12 ottobre sar\u00e0 la Sala Affresco di Palazzo Bembo ad ospitare due eventi inseriti nel programma del festival Oltre le vette, alle ore 18 e alle 21.<\/p>\n<p>Parole di carta e di montagna \u2013 Presentazione del libro di Paola Favero Si inizier\u00e0 alle ore 18 con la presentazione del libro Perdere l\u2019equilibrio \u2013 Viaggio attraverso gli squilibri dell\u2019Antropocene, di Paola Favero, editore Cierre. Qual \u00e8 l\u2019equilibrio della cui perdita si parla in questo libro? Rispondere \u00e8 molto facile e molto difficile. Facile perch\u00e9 avvertiamo tutti, abitanti delle citt\u00e0 e delle montagne, come per molti versi l\u2019equilibrio tra noi e l\u2019ambiente che ci circonda sia, per essere ottimisti, in difficolt\u00e0. Riscaldamento globale, eventi atmosferici estremi, siccit\u00e0, ma anche consumo delle risorse, sovrappopolazione e, paradossalmente, spopolamento in altre aree, conflitti e migrazioni di portata non immaginabile. E purtroppo molto, molto altro ancora. Ma \u00e8 anche difficile andare al di l\u00e0 della singola notizia, del fatto di cronaca, del post sui social, dell\u2019evento vicino a noi e dunque, pensiamo, globale. E\u2019 un tema, quello del rapporto tra noi e il nostro ambiente di vita, di cui tutti ci sentiamo un po\u2019 esperti, tutti pensiamo di avere una qualche soluzione, anche se molti, a dire il vero, tirano dritto senza curarsi del problema.<br \/>\nIn realt\u00e0 stiamo gi\u00e0 facendo i conti, modificando abitudini, vivendo nuove preoccupazioni<br \/>\ne, forse, nuove opportunit\u00e0.<br \/>\nPer contribuire ad affrontare il tema con un bagaglio di informazioni ricco, documentato e<br \/>\nautorevole, Paola Favero ci propone questo bel volume, riccamente illustrato, e pieno di<br \/>\ncontributi davvero importanti. Glaciologi, climatologi, esperti forestali, oceaonologi, zoologi<br \/>\ne tanti altri affermati studiosi arricchiscono il libro con il loro contributo, realizzando un<br \/>\nvero mosaico della situazione esistente. Qualche nome? Luca Mercalli, Anselmo Cagnati<br \/>\n(che parteciper\u00e0 all\u2019incontro), Sandro Carniel, Maurizio Ferneglia, Patrizia Gentilini e molti<br \/>\naltri. La presentazione dell\u2019opera \u00e8 di Ferdinando Boero, mentre la postfazione \u00e8 di Sara<br \/>\nSegantin. Nel libro non mancano i grafici, i dati, le fotografie esemplificative, e molte<br \/>\nsaranno proiettate in sala. Insomma, \u00e8 tempo di preoccuparci e di agire \u2013 sembra dire<br \/>\nPaola Favero \u2013 finch\u00e9 ci sono ancora possibilit\u00e0 di intervento. E chi vuole informarsi,<br \/>\nsapere e riflettere, in questo libro trova gli strumenti giusti.<br \/>\nL\u2019incontro sar\u00e0 arricchito da interventi musicali di Nelso Salton, che con il suo<br \/>\ncontrabbasso sottolineer\u00e0, come sa ben fare, i passaggi salienti della presentazione.<br \/>\nLa scrittura delle rocce &#8211; Incontro con lo speleologo Filippo Felici<\/p>\n<p>Alle ore 21, a Palazzo Bembo (e non al Teatro Comunale, come indicato inizialmente nel<br \/>\nprogramma) si parler\u00e0 di esplorazioni speleologiche con Filippo Felici, membro del Corpo<br \/>\nNazionale Soccorso Alpino e Speleologico nel quale svolge attivit\u00e0 ininterrotta da oltre 25<br \/>\nanni. Istruttore di Speleologia della Societ\u00e0 Speleologica italiana dal 1998, \u00e8 considerato<br \/>\nuno dei pi\u00f9 forti esploratori speleo d\u2019Italia e svolge principalmente la sua attivit\u00e0 di ricerca<br \/>\nnella provincia di Pordenone, in particolare nell\u2019area del Cansiglio \u2013 monte Cavallo, l\u2019area<br \/>\ndel monte Resettum\/ Colciavath e del monte Lodina nelle quali ha mappato, negli ultimi<br \/>\nanni, alcune decine di km di grotta.<br \/>\nFelici, del Gruppo Speleologico Sacile, \u00e8 stato tra i protagonisti di quello che e\u0300 stato<br \/>\ndefinito \u201cil piu\u0300 grande intervento di soccorso in grotta mai effettuato al mondo\u201d.<br \/>\nEcco i fatti: all\u2019una e trenta della notte di domenica 8 giugno 2014, lo speleologo tedesco<br \/>\ndi 52 anni Johann Westhauser veniva colpito da un masso in uno dei punti piu\u0300 remoti della<br \/>\ngrotta piu\u0300 profonda della Germania, la Riesending-Schactho\u0308le, sulle montagne bavaresi,<br \/>\nche raggiunge i 1.148 metri di profondit\u00e0 per 19 chilometri di sviluppo. La gravit\u00e0<br \/>\ndell\u2019evento e la difficolt\u00e0 dei soccorsi chiamati a superare anfratti, strettoie, torrenti e pozzi<br \/>\ngonfiati dalla pioggia, spingevano il Soccorso Alpino Bavarese a chiedere aiuto ai colleghi<br \/>\nitaliani del Soccorso Alpino e Speleologico. Tra i primi a giungere sul posto, assieme ad<br \/>\naltri colleghi a ad un medico e\u0300 stato Filippo Felici. Assieme ad altri 108 italiani e 90 tra<br \/>\ntedeschi ed austriaci Johann ha rivisto la luce, vivo, ben 11 giorni dopo l\u2019incidente, il 18<br \/>\ngiugno.<br \/>\nNel suo curriculum, Filippo Felici vanta esplorazioni speleologiche in quasi tutte le regioni<br \/>\nd\u2019Italia, dal Piemonte alla Puglia, dalle Marche al Lazio, ma anche all\u2019estero, con spedizioni<br \/>\nin Montenegro e in Patagonia. La sua vera passione resta per\u00f2 la ricerca speleologica nelle<br \/>\nmontagne del Veneto e del Friuli Venezia Giulia.<br \/>\nNegli ultimi anni ha partecipato a varie esplorazioni nelle regioni pi\u00f9 remote del complesso<br \/>\ndei Piani Eterni, all\u2019interno del Parco Nazionale Dolomiti Bellunesi, rilevando svariati<br \/>\nchilometri di grotta nuova. Nel massiccio del Cansiglio &#8211; Cavallo \u00e8 attualmente il<br \/>\nprotagonista indiscusso dell\u2019attivit\u00e0 esplorativa dei principali abissi: ha esplorato la grotta<br \/>\npi\u00f9 profonda del Cansiglio, il Col della Rizza, fino a circa 800 metri di profondit\u00e0 nonch\u00e9 il<br \/>\nBus de la Genziana, scoprendo nuovi percorsi, laghi e fiumi. Nello scorso mese di luglio,<br \/>\ndopo tanti anni di scavo ha finalmente trovato, assieme ai suoi compagni, una nuova<br \/>\npotenziale via verso la sorgente del Gorgazzo, in una grotta nota da sempre, dal nome<br \/>\nevocativo: \u201cBuselonghe\u201d.<br \/>\nNegli ultimi anni, nella zona del Monte Resettum, in Dolomiti Friulane, ha trovato, mappato<br \/>\ned esplorato oltre 400 nuove grotte per oltre 10 chilometri di sviluppo complessivo e<br \/>\nprosegue tutt\u2019ora nelle sue ricerche.<\/p>\n<p>L\u2019ingresso agli eventi di Oltre le vette \u00e8 libero fino ad esaurimento dei posti a disposizione.<br \/>\n\u00c8 sempre consigliata la prenotazione online. Per ogni informazione, consultare il sito<br \/>\nwww.oltrelevette.it e i social del festival.<\/p>","protected":false},"excerpt":{"rendered":"<p>Gioved\u00ec 12 ottobre, Oltre le vette propone due eventi a Palazzo Bembo tra squilibri dell\u2019antropocene e esplorazioni speleologiche Alle 18, presentazione del nuovo libro di Paola Favero con interventi musicali di Nelso Salton. Alle 21, incontro con lo speleologo Filippo Felici, protagonista di sensazionali scoperte e operazioni di soccorso negli abissi della terra Gioved\u00ec 12 [&hellip;]<\/p>\n","protected":false},"author":2,"featured_media":136180,"comment_status":"closed","ping_status":"open","sticky":false,"template":"","format":"standard","meta":{"footnotes":""},"categories":[27,3,25],"tags":[],"class_list":["post-144887","post","type-post","status-publish","format-standard","has-post-thumbnail","category-appuntamenti","category-arte-cultura-spettacoli-scienza-archivi","category-pausa-caffe"],"yoast_head":"<!-- This site is optimized with the Yoast SEO plugin v28.4 - https:\/\/yoast.com\/product\/yoast-seo-wordpress\/ -->\n<title>Oltre le Vette. Il programma di gioved\u00ec - Bellunopress - Dolomiti<\/title>\n<meta name=\"robots\" content=\"index, follow, max-snippet:-1, max-image-preview:large, max-video-preview:-1\" \/>\n<link rel=\"canonical\" href=\"https:\/\/www.bellunopress.it\/fr\/2023\/10\/11\/oltre-le-vette-il-programma-di-giovedi\/\" \/>\n<meta property=\"og:locale\" content=\"fr_FR\" \/>\n<meta property=\"og:type\" content=\"article\" \/>\n<meta property=\"og:title\" content=\"Oltre le Vette. Il programma di gioved\u00ec - Bellunopress - Dolomiti\" \/>\n<meta property=\"og:description\" content=\"Gioved\u00ec 12 ottobre, Oltre le vette propone due eventi a Palazzo Bembo tra squilibri dell\u2019antropocene e esplorazioni speleologiche Alle 18, presentazione del nuovo libro di Paola Favero con interventi musicali di Nelso Salton. Alle 21, incontro con lo speleologo Filippo Felici, protagonista di sensazionali scoperte e operazioni di soccorso negli abissi della terra Gioved\u00ec 12 [&hellip;]\" \/>\n<meta property=\"og:url\" content=\"https:\/\/www.bellunopress.it\/fr\/2023\/10\/11\/oltre-le-vette-il-programma-di-giovedi\/\" \/>\n<meta property=\"og:site_name\" content=\"Bellunopress - Dolomiti\" \/>\n<meta property=\"article:publisher\" content=\"https:\/\/www.facebook.com\/profile.php?id=100008943462799\" \/>\n<meta property=\"article:published_time\" content=\"2023-10-11T12:50:30+00:00\" \/>\n<meta property=\"og:image\" content=\"https:\/\/www.bellunopress.it\/wp-content\/uploads\/2022\/09\/Oltre-le-vette-2022.jpg\" \/>\n\t<meta property=\"og:image:width\" content=\"1000\" \/>\n\t<meta property=\"og:image:height\" content=\"714\" \/>\n\t<meta property=\"og:image:type\" content=\"image\/jpeg\" \/>\n<meta name=\"author\" content=\"redazione\" \/>\n<meta name=\"twitter:card\" content=\"summary_large_image\" \/>\n<meta name=\"twitter:creator\" content=\"@bellunopress\" \/>\n<meta name=\"twitter:site\" content=\"@bellunopress\" \/>\n<meta name=\"twitter:label1\" content=\"\u00c9crit par\" \/>\n\t<meta name=\"twitter:data1\" content=\"redazione\" \/>\n\t<meta name=\"twitter:label2\" content=\"Dur\u00e9e de lecture estim\u00e9e\" \/>\n\t<meta name=\"twitter:data2\" content=\"5 minutes\" \/>\n<script type=\"application\/ld+json\" class=\"yoast-schema-graph\">{\"@context\":\"https:\\\/\\\/schema.org\",\"@graph\":[{\"@type\":\"Article\",\"@id\":\"https:\\\/\\\/www.bellunopress.it\\\/2023\\\/10\\\/11\\\/oltre-le-vette-il-programma-di-giovedi\\\/#article\",\"isPartOf\":{\"@id\":\"https:\\\/\\\/www.bellunopress.it\\\/2023\\\/10\\\/11\\\/oltre-le-vette-il-programma-di-giovedi\\\/\"},\"author\":{\"name\":\"redazione\",\"@id\":\"https:\\\/\\\/www.bellunopress.it\\\/#\\\/schema\\\/person\\\/79bb06722b37ece1c03d3e94beb30d73\"},\"headline\":\"Oltre le Vette. Il programma di gioved\u00ec\",\"datePublished\":\"2023-10-11T12:50:30+00:00\",\"mainEntityOfPage\":{\"@id\":\"https:\\\/\\\/www.bellunopress.it\\\/2023\\\/10\\\/11\\\/oltre-le-vette-il-programma-di-giovedi\\\/\"},\"wordCount\":939,\"publisher\":{\"@id\":\"https:\\\/\\\/www.bellunopress.it\\\/#organization\"},\"image\":{\"@id\":\"https:\\\/\\\/www.bellunopress.it\\\/2023\\\/10\\\/11\\\/oltre-le-vette-il-programma-di-giovedi\\\/#primaryimage\"},\"thumbnailUrl\":\"https:\\\/\\\/www.bellunopress.it\\\/wp-content\\\/uploads\\\/2022\\\/09\\\/Oltre-le-vette-2022.jpg\",\"articleSection\":[\"Appuntamenti, Eventi\",\"Arte, Cultura, Spettacoli, Scienza\",\"Pausa Caff\u00e8\"],\"inLanguage\":\"fr-FR\"},{\"@type\":\"WebPage\",\"@id\":\"https:\\\/\\\/www.bellunopress.it\\\/2023\\\/10\\\/11\\\/oltre-le-vette-il-programma-di-giovedi\\\/\",\"url\":\"https:\\\/\\\/www.bellunopress.it\\\/2023\\\/10\\\/11\\\/oltre-le-vette-il-programma-di-giovedi\\\/\",\"name\":\"Oltre le Vette. Il programma di gioved\u00ec - Bellunopress - Dolomiti\",\"isPartOf\":{\"@id\":\"https:\\\/\\\/www.bellunopress.it\\\/#website\"},\"primaryImageOfPage\":{\"@id\":\"https:\\\/\\\/www.bellunopress.it\\\/2023\\\/10\\\/11\\\/oltre-le-vette-il-programma-di-giovedi\\\/#primaryimage\"},\"image\":{\"@id\":\"https:\\\/\\\/www.bellunopress.it\\\/2023\\\/10\\\/11\\\/oltre-le-vette-il-programma-di-giovedi\\\/#primaryimage\"},\"thumbnailUrl\":\"https:\\\/\\\/www.bellunopress.it\\\/wp-content\\\/uploads\\\/2022\\\/09\\\/Oltre-le-vette-2022.jpg\",\"datePublished\":\"2023-10-11T12:50:30+00:00\",\"breadcrumb\":{\"@id\":\"https:\\\/\\\/www.bellunopress.it\\\/2023\\\/10\\\/11\\\/oltre-le-vette-il-programma-di-giovedi\\\/#breadcrumb\"},\"inLanguage\":\"fr-FR\",\"potentialAction\":[{\"@type\":\"ReadAction\",\"target\":[\"https:\\\/\\\/www.bellunopress.it\\\/2023\\\/10\\\/11\\\/oltre-le-vette-il-programma-di-giovedi\\\/\"]}]},{\"@type\":\"ImageObject\",\"inLanguage\":\"fr-FR\",\"@id\":\"https:\\\/\\\/www.bellunopress.it\\\/2023\\\/10\\\/11\\\/oltre-le-vette-il-programma-di-giovedi\\\/#primaryimage\",\"url\":\"https:\\\/\\\/www.bellunopress.it\\\/wp-content\\\/uploads\\\/2022\\\/09\\\/Oltre-le-vette-2022.jpg\",\"contentUrl\":\"https:\\\/\\\/www.bellunopress.it\\\/wp-content\\\/uploads\\\/2022\\\/09\\\/Oltre-le-vette-2022.jpg\",\"width\":1000,\"height\":714},{\"@type\":\"BreadcrumbList\",\"@id\":\"https:\\\/\\\/www.bellunopress.it\\\/2023\\\/10\\\/11\\\/oltre-le-vette-il-programma-di-giovedi\\\/#breadcrumb\",\"itemListElement\":[{\"@type\":\"ListItem\",\"position\":1,\"name\":\"Home\",\"item\":\"https:\\\/\\\/www.bellunopress.it\\\/\"},{\"@type\":\"ListItem\",\"position\":2,\"name\":\"Oltre le Vette. Il programma di gioved\u00ec\"}]},{\"@type\":\"WebSite\",\"@id\":\"https:\\\/\\\/www.bellunopress.it\\\/#website\",\"url\":\"https:\\\/\\\/www.bellunopress.it\\\/\",\"name\":\"Bellunopress - Dolomiti\",\"description\":\"e-mail: redazione@bellunopress.it\",\"publisher\":{\"@id\":\"https:\\\/\\\/www.bellunopress.it\\\/#organization\"},\"potentialAction\":[{\"@type\":\"SearchAction\",\"target\":{\"@type\":\"EntryPoint\",\"urlTemplate\":\"https:\\\/\\\/www.bellunopress.it\\\/?s={search_term_string}\"},\"query-input\":{\"@type\":\"PropertyValueSpecification\",\"valueRequired\":true,\"valueName\":\"search_term_string\"}}],\"inLanguage\":\"fr-FR\"},{\"@type\":\"Organization\",\"@id\":\"https:\\\/\\\/www.bellunopress.it\\\/#organization\",\"name\":\"Bellunopress\",\"url\":\"https:\\\/\\\/www.bellunopress.it\\\/\",\"logo\":{\"@type\":\"ImageObject\",\"inLanguage\":\"fr-FR\",\"@id\":\"https:\\\/\\\/www.bellunopress.it\\\/#\\\/schema\\\/logo\\\/image\\\/\",\"url\":\"https:\\\/\\\/www.bellunopress.it\\\/wp-content\\\/uploads\\\/2011\\\/05\\\/cropped-logo-bellunopress-.jpg\",\"contentUrl\":\"https:\\\/\\\/www.bellunopress.it\\\/wp-content\\\/uploads\\\/2011\\\/05\\\/cropped-logo-bellunopress-.jpg\",\"width\":512,\"height\":512,\"caption\":\"Bellunopress\"},\"image\":{\"@id\":\"https:\\\/\\\/www.bellunopress.it\\\/#\\\/schema\\\/logo\\\/image\\\/\"},\"sameAs\":[\"https:\\\/\\\/www.facebook.com\\\/profile.php?id=100008943462799\",\"https:\\\/\\\/x.com\\\/bellunopress\",\"https:\\\/\\\/www.linkedin.com\\\/hp\\\/?dnr=JBzUWaJfMUw8vbXJJ2tVW5-I3jZKvC4wsoxE&amp;amp;amp;amp;amp;amp;trk=nav_responsive_tab_home\",\"https:\\\/\\\/www.youtube.com\\\/channel\\\/UCxL0wu1uN0_3_7hGG0306cw\"]},{\"@type\":\"Person\",\"@id\":\"https:\\\/\\\/www.bellunopress.it\\\/#\\\/schema\\\/person\\\/79bb06722b37ece1c03d3e94beb30d73\",\"name\":\"redazione\",\"image\":{\"@type\":\"ImageObject\",\"inLanguage\":\"fr-FR\",\"@id\":\"https:\\\/\\\/secure.gravatar.com\\\/avatar\\\/37d968a2e67a6fd04c169c4bdef102d0bc5d31b2546345219e348575eb80e9a0?s=96&d=mm&r=g\",\"url\":\"https:\\\/\\\/secure.gravatar.com\\\/avatar\\\/37d968a2e67a6fd04c169c4bdef102d0bc5d31b2546345219e348575eb80e9a0?s=96&d=mm&r=g\",\"contentUrl\":\"https:\\\/\\\/secure.gravatar.com\\\/avatar\\\/37d968a2e67a6fd04c169c4bdef102d0bc5d31b2546345219e348575eb80e9a0?s=96&d=mm&r=g\",\"caption\":\"redazione\"},\"sameAs\":[\"http:\\\/\\\/www.bellunopress.it\",\"https:\\\/\\\/x.com\\\/bellunopress\"],\"url\":\"https:\\\/\\\/www.bellunopress.it\\\/fr\\\/author\\\/redazione\\\/\"}]}<\/script>\n<!-- \/ Yoast SEO plugin. -->","yoast_head_json":{"title":"Oltre le Vette. Il programma di gioved\u00ec - Bellunopress - Dolomiti","robots":{"index":"index","follow":"follow","max-snippet":"max-snippet:-1","max-image-preview":"max-image-preview:large","max-video-preview":"max-video-preview:-1"},"canonical":"https:\/\/www.bellunopress.it\/fr\/2023\/10\/11\/oltre-le-vette-il-programma-di-giovedi\/","og_locale":"fr_FR","og_type":"article","og_title":"Oltre le Vette. Il programma di gioved\u00ec - Bellunopress - Dolomiti","og_description":"Gioved\u00ec 12 ottobre, Oltre le vette propone due eventi a Palazzo Bembo tra squilibri dell\u2019antropocene e esplorazioni speleologiche Alle 18, presentazione del nuovo libro di Paola Favero con interventi musicali di Nelso Salton. Alle 21, incontro con lo speleologo Filippo Felici, protagonista di sensazionali scoperte e operazioni di soccorso negli abissi della terra Gioved\u00ec 12 [&hellip;]","og_url":"https:\/\/www.bellunopress.it\/fr\/2023\/10\/11\/oltre-le-vette-il-programma-di-giovedi\/","og_site_name":"Bellunopress - Dolomiti","article_publisher":"https:\/\/www.facebook.com\/profile.php?id=100008943462799","article_published_time":"2023-10-11T12:50:30+00:00","og_image":[{"width":1000,"height":714,"url":"https:\/\/www.bellunopress.it\/wp-content\/uploads\/2022\/09\/Oltre-le-vette-2022.jpg","type":"image\/jpeg"}],"author":"redazione","twitter_card":"summary_large_image","twitter_creator":"@bellunopress","twitter_site":"@bellunopress","twitter_misc":{"\u00c9crit par":"redazione","Dur\u00e9e de lecture estim\u00e9e":"5 minutes"},"schema":{"@context":"https:\/\/schema.org","@graph":[{"@type":"Article","@id":"https:\/\/www.bellunopress.it\/2023\/10\/11\/oltre-le-vette-il-programma-di-giovedi\/#article","isPartOf":{"@id":"https:\/\/www.bellunopress.it\/2023\/10\/11\/oltre-le-vette-il-programma-di-giovedi\/"},"author":{"name":"redazione","@id":"https:\/\/www.bellunopress.it\/#\/schema\/person\/79bb06722b37ece1c03d3e94beb30d73"},"headline":"Oltre le Vette. Il programma di gioved\u00ec","datePublished":"2023-10-11T12:50:30+00:00","mainEntityOfPage":{"@id":"https:\/\/www.bellunopress.it\/2023\/10\/11\/oltre-le-vette-il-programma-di-giovedi\/"},"wordCount":939,"publisher":{"@id":"https:\/\/www.bellunopress.it\/#organization"},"image":{"@id":"https:\/\/www.bellunopress.it\/2023\/10\/11\/oltre-le-vette-il-programma-di-giovedi\/#primaryimage"},"thumbnailUrl":"https:\/\/www.bellunopress.it\/wp-content\/uploads\/2022\/09\/Oltre-le-vette-2022.jpg","articleSection":["Appuntamenti, Eventi","Arte, Cultura, Spettacoli, Scienza","Pausa Caff\u00e8"],"inLanguage":"fr-FR"},{"@type":"WebPage","@id":"https:\/\/www.bellunopress.it\/2023\/10\/11\/oltre-le-vette-il-programma-di-giovedi\/","url":"https:\/\/www.bellunopress.it\/2023\/10\/11\/oltre-le-vette-il-programma-di-giovedi\/","name":"Oltre le Vette. Il programma di gioved\u00ec - Bellunopress - Dolomiti","isPartOf":{"@id":"https:\/\/www.bellunopress.it\/#website"},"primaryImageOfPage":{"@id":"https:\/\/www.bellunopress.it\/2023\/10\/11\/oltre-le-vette-il-programma-di-giovedi\/#primaryimage"},"image":{"@id":"https:\/\/www.bellunopress.it\/2023\/10\/11\/oltre-le-vette-il-programma-di-giovedi\/#primaryimage"},"thumbnailUrl":"https:\/\/www.bellunopress.it\/wp-content\/uploads\/2022\/09\/Oltre-le-vette-2022.jpg","datePublished":"2023-10-11T12:50:30+00:00","breadcrumb":{"@id":"https:\/\/www.bellunopress.it\/2023\/10\/11\/oltre-le-vette-il-programma-di-giovedi\/#breadcrumb"},"inLanguage":"fr-FR","potentialAction":[{"@type":"ReadAction","target":["https:\/\/www.bellunopress.it\/2023\/10\/11\/oltre-le-vette-il-programma-di-giovedi\/"]}]},{"@type":"ImageObject","inLanguage":"fr-FR","@id":"https:\/\/www.bellunopress.it\/2023\/10\/11\/oltre-le-vette-il-programma-di-giovedi\/#primaryimage","url":"https:\/\/www.bellunopress.it\/wp-content\/uploads\/2022\/09\/Oltre-le-vette-2022.jpg","contentUrl":"https:\/\/www.bellunopress.it\/wp-content\/uploads\/2022\/09\/Oltre-le-vette-2022.jpg","width":1000,"height":714},{"@type":"BreadcrumbList","@id":"https:\/\/www.bellunopress.it\/2023\/10\/11\/oltre-le-vette-il-programma-di-giovedi\/#breadcrumb","itemListElement":[{"@type":"ListItem","position":1,"name":"Home","item":"https:\/\/www.bellunopress.it\/"},{"@type":"ListItem","position":2,"name":"Oltre le Vette. Il programma di gioved\u00ec"}]},{"@type":"WebSite","@id":"https:\/\/www.bellunopress.it\/#website","url":"https:\/\/www.bellunopress.it\/","name":"Bellunopress - Dolomiti","description":"e-mail: redazione@bellunopress.it","publisher":{"@id":"https:\/\/www.bellunopress.it\/#organization"},"potentialAction":[{"@type":"SearchAction","target":{"@type":"EntryPoint","urlTemplate":"https:\/\/www.bellunopress.it\/?s={search_term_string}"},"query-input":{"@type":"PropertyValueSpecification","valueRequired":true,"valueName":"search_term_string"}}],"inLanguage":"fr-FR"},{"@type":"Organization","@id":"https:\/\/www.bellunopress.it\/#organization","name":"Bellunopress","url":"https:\/\/www.bellunopress.it\/","logo":{"@type":"ImageObject","inLanguage":"fr-FR","@id":"https:\/\/www.bellunopress.it\/#\/schema\/logo\/image\/","url":"https:\/\/www.bellunopress.it\/wp-content\/uploads\/2011\/05\/cropped-logo-bellunopress-.jpg","contentUrl":"https:\/\/www.bellunopress.it\/wp-content\/uploads\/2011\/05\/cropped-logo-bellunopress-.jpg","width":512,"height":512,"caption":"Bellunopress"},"image":{"@id":"https:\/\/www.bellunopress.it\/#\/schema\/logo\/image\/"},"sameAs":["https:\/\/www.facebook.com\/profile.php?id=100008943462799","https:\/\/x.com\/bellunopress","https:\/\/www.linkedin.com\/hp\/?dnr=JBzUWaJfMUw8vbXJJ2tVW5-I3jZKvC4wsoxE&amp;amp;amp;amp;amp;amp;trk=nav_responsive_tab_home","https:\/\/www.youtube.com\/channel\/UCxL0wu1uN0_3_7hGG0306cw"]},{"@type":"Person","@id":"https:\/\/www.bellunopress.it\/#\/schema\/person\/79bb06722b37ece1c03d3e94beb30d73","name":"r\u00e9daction","image":{"@type":"ImageObject","inLanguage":"fr-FR","@id":"https:\/\/secure.gravatar.com\/avatar\/37d968a2e67a6fd04c169c4bdef102d0bc5d31b2546345219e348575eb80e9a0?s=96&d=mm&r=g","url":"https:\/\/secure.gravatar.com\/avatar\/37d968a2e67a6fd04c169c4bdef102d0bc5d31b2546345219e348575eb80e9a0?s=96&d=mm&r=g","contentUrl":"https:\/\/secure.gravatar.com\/avatar\/37d968a2e67a6fd04c169c4bdef102d0bc5d31b2546345219e348575eb80e9a0?s=96&d=mm&r=g","caption":"redazione"},"sameAs":["http:\/\/www.bellunopress.it","https:\/\/x.com\/bellunopress"],"url":"https:\/\/www.bellunopress.it\/fr\/author\/redazione\/"}]}},"_links":{"self":[{"href":"https:\/\/www.bellunopress.it\/fr\/wp-json\/wp\/v2\/posts\/144887","targetHints":{"allow":["GET"]}}],"collection":[{"href":"https:\/\/www.bellunopress.it\/fr\/wp-json\/wp\/v2\/posts"}],"about":[{"href":"https:\/\/www.bellunopress.it\/fr\/wp-json\/wp\/v2\/types\/post"}],"author":[{"embeddable":true,"href":"https:\/\/www.bellunopress.it\/fr\/wp-json\/wp\/v2\/users\/2"}],"replies":[{"embeddable":true,"href":"https:\/\/www.bellunopress.it\/fr\/wp-json\/wp\/v2\/comments?post=144887"}],"version-history":[{"count":1,"href":"https:\/\/www.bellunopress.it\/fr\/wp-json\/wp\/v2\/posts\/144887\/revisions"}],"predecessor-version":[{"id":144888,"href":"https:\/\/www.bellunopress.it\/fr\/wp-json\/wp\/v2\/posts\/144887\/revisions\/144888"}],"wp:featuredmedia":[{"embeddable":true,"href":"https:\/\/www.bellunopress.it\/fr\/wp-json\/wp\/v2\/media\/136180"}],"wp:attachment":[{"href":"https:\/\/www.bellunopress.it\/fr\/wp-json\/wp\/v2\/media?parent=144887"}],"wp:term":[{"taxonomy":"category","embeddable":true,"href":"https:\/\/www.bellunopress.it\/fr\/wp-json\/wp\/v2\/categories?post=144887"},{"taxonomy":"post_tag","embeddable":true,"href":"https:\/\/www.bellunopress.it\/fr\/wp-json\/wp\/v2\/tags?post=144887"}],"curies":[{"name":"wp","href":"https:\/\/api.w.org\/{rel}","templated":true}]}}