{"id":144885,"date":"2023-10-11T14:23:27","date_gmt":"2023-10-11T12:23:27","guid":{"rendered":"https:\/\/www.bellunopress.it\/?p=144885"},"modified":"2023-10-11T14:23:27","modified_gmt":"2023-10-11T12:23:27","slug":"ultimo-evento-per-vertigini-2023-libellula-panegirico-della-liberta","status":"publish","type":"post","link":"https:\/\/www.bellunopress.it\/fr\/2023\/10\/11\/ultimo-evento-per-vertigini-2023-libellula-panegirico-della-liberta\/","title":{"rendered":"Ultimo evento per Vertigini 2023: \u201cLibellula. Panegirico della libert\u00e0\u201d"},"content":{"rendered":"<figure id=\"attachment_136334\" aria-describedby=\"caption-attachment-136334\" style=\"width: 1000px\" class=\"wp-caption alignleft\"><img loading=\"lazy\" decoding=\"async\" class=\"size-full wp-image-136334\" src=\"https:\/\/www.bellunopress.it\/wp-content\/uploads\/2022\/09\/Hangar11-Residenze-per-il-futuro_edited.jpg\" alt=\"\" width=\"1000\" height=\"667\" srcset=\"https:\/\/www.bellunopress.it\/wp-content\/uploads\/2022\/09\/Hangar11-Residenze-per-il-futuro_edited.jpg 1000w, https:\/\/www.bellunopress.it\/wp-content\/uploads\/2022\/09\/Hangar11-Residenze-per-il-futuro_edited-500x334.jpg 500w, https:\/\/www.bellunopress.it\/wp-content\/uploads\/2022\/09\/Hangar11-Residenze-per-il-futuro_edited-696x464.jpg 696w, https:\/\/www.bellunopress.it\/wp-content\/uploads\/2022\/09\/Hangar11-Residenze-per-il-futuro_edited-630x420.jpg 630w\" sizes=\"auto, (max-width: 1000px) 100vw, 1000px\" \/><figcaption id=\"caption-attachment-136334\" class=\"wp-caption-text\">Hangar 11 &#8211; via Tiziano Vecellio 82\/N, Belluno<\/figcaption><\/figure>\n<p>Dopo il successo del toccante progetto VajontS 23 presentato da SlowMachine all\u2019interno dell\u2019Hangar11 il 9 ottobre, chiude la V edizione del festival di arti performative Vertigini, venerd\u00ec 13 ottobre alle 21:00 all\u2019Hangar11 di Belluno, con un progetto intimo e profondo, \u201cLibellula. Panegirico della libert\u00e0\u201d dell\u2019attrice e regista Irene Curto e con la musica originale in Live Set del compositore Joe Schievano.<\/p>\n<p>Progetto tra teatro e musica a partire dal lavoro centrale e pi\u00f9 rivoluzionario dell\u2019opera poetica di Amelia Rosselli, un canto d\u2019amore in bilico fra lo spavento della ragione e il fascino della follia.<\/p>\n<p>\u201cCos\u2019\u00e8 la poesia? E perch\u00e9 metterla in scena? \u2013 si chiede l\u2019ideatrice e attrice del progetto Irene Curto &#8211; Generare domande \u00e8 sicuramente il nostro lavoro, e la parola della Rosselli ne genera talmente tante da portare la mente alla resa. Questo ci interessa forse, la resa della ragione, purtuttavia delineando un percorso logico, teatrale, concreto, deflagrare nella musica, nel limite assoluto del linguaggio, fare della mancanza di senso un vanto, uno scopo. Nel mettere in scena questi versi cos\u00ec spiccatamente lirici, visionari ed emotivamente struggenti \u00e8 emersa una donna \u201cgrande e piccola insieme\u201d, un esempio di rivoluzione e forza femminile, ma anche di fragilit\u00e0 e di dolcissima umanit\u00e0 in precario equilibrio fra ragione e visione, tra desiderio e rifiuto, delirio ed erotismo, amore e odio, canto e urlo, rabbia e dolcezza. L\u2019interlocutore a cui si rivolge \u00e8 sempre un TU, un tu amante, Dio, nemico, pubblico&#8230; La ricerca dell\u2019Altro da s\u00e9 verso cui tendere e nei confronti del quale si sente sempre una straziante distanza, \u00e8 per\u00f2 irraggiungibile e inconoscibile. L\u2019unione verso la quale la poesia tende \u00e8 l\u2019unione di ogni cosa, non solo dell\u2019amante con l\u2019amato, ma il ritorno ad uno stato di grazia primeva e mistica, dove ogni cosa \u00e8 insieme luce e miseria\u201d.<\/p>\n<p>Libellula \u00e8 un inno che ci spinge ad accettare le innumerevoli sfaccettature del nostro essere emotivi, irrazionali, umani e per natura fragili, spaccati in due. I suoi versi ci mettono faccia a faccia con la ferita, l\u2019abbandono primordiale, in sostanza con il nostro essere umani, forse bisognosi di piet\u00e0, pi\u00f9 che di ragione.<\/p>\n<p><strong>Libellula<\/strong><br \/>\nda un\u2019idea di Irene Curto<br \/>\ntesto tratto da: \u201cLibellula\u201d di Amelia Rosselli<br \/>\ncon: Irene Curto<br \/>\nmusica originale, soundart: Joe Schievano<br \/>\nregia: Irene Curto<br \/>\nocchio esterno\\acting: Milena Costanzo<br \/>\nconsulenza artistica: Gianmarco Busetto<br \/>\nproduzione: Kaliscopio Teatro Off \\ Sundrivemotion<\/p>\n<p><strong>Info e prenotazioni<\/strong><br \/>\nPer tutti gli eventi del festival Vertigini \u00e8 consigliata la prenotazione scrivendo a biglietteria@slowmachine.org o telefonando al 328 9252116.<br \/>\nPer maggiori informazioni sugli eventi consultare il sito www.slowmachine.org<br \/>\nI biglietti saranno acquistabili nel luogo dell\u2019evento a partire da mezz\u2019ora prima dell\u2019inizio.<\/p>\n<p>Hangar11 \u2013 Via Tiziano Vecellio 82\/N, Belluno<\/p>\n<p>&nbsp;<\/p>","protected":false},"excerpt":{"rendered":"<p>Dopo il successo del toccante progetto VajontS 23 presentato da SlowMachine all\u2019interno dell\u2019Hangar11 il 9 ottobre, chiude la V edizione del festival di arti performative Vertigini, venerd\u00ec 13 ottobre alle 21:00 all\u2019Hangar11 di Belluno, con un progetto intimo e profondo, \u201cLibellula. Panegirico della libert\u00e0\u201d dell\u2019attrice e regista Irene Curto e con la musica originale in [&hellip;]<\/p>\n","protected":false},"author":2,"featured_media":136334,"comment_status":"closed","ping_status":"open","sticky":false,"template":"","format":"standard","meta":{"footnotes":""},"categories":[27,3,25],"tags":[],"class_list":["post-144885","post","type-post","status-publish","format-standard","has-post-thumbnail","category-appuntamenti","category-arte-cultura-spettacoli-scienza-archivi","category-pausa-caffe"],"yoast_head":"<!-- This site is optimized with the Yoast SEO plugin v28.4 - https:\/\/yoast.com\/product\/yoast-seo-wordpress\/ -->\n<title>Ultimo evento per Vertigini 2023: \u201cLibellula. Panegirico della libert\u00e0\u201d - Bellunopress - Dolomiti<\/title>\n<meta name=\"robots\" content=\"index, follow, max-snippet:-1, max-image-preview:large, max-video-preview:-1\" \/>\n<link rel=\"canonical\" href=\"https:\/\/www.bellunopress.it\/fr\/2023\/10\/11\/ultimo-evento-per-vertigini-2023-libellula-panegirico-della-liberta\/\" \/>\n<meta property=\"og:locale\" content=\"fr_FR\" \/>\n<meta property=\"og:type\" content=\"article\" \/>\n<meta property=\"og:title\" content=\"Ultimo evento per Vertigini 2023: \u201cLibellula. Panegirico della libert\u00e0\u201d - Bellunopress - Dolomiti\" \/>\n<meta property=\"og:description\" content=\"Dopo il successo del toccante progetto VajontS 23 presentato da SlowMachine all\u2019interno dell\u2019Hangar11 il 9 ottobre, chiude la V edizione del festival di arti performative Vertigini, venerd\u00ec 13 ottobre alle 21:00 all\u2019Hangar11 di Belluno, con un progetto intimo e profondo, \u201cLibellula. Panegirico della libert\u00e0\u201d dell\u2019attrice e regista Irene Curto e con la musica originale in [&hellip;]\" \/>\n<meta property=\"og:url\" content=\"https:\/\/www.bellunopress.it\/fr\/2023\/10\/11\/ultimo-evento-per-vertigini-2023-libellula-panegirico-della-liberta\/\" \/>\n<meta property=\"og:site_name\" content=\"Bellunopress - Dolomiti\" \/>\n<meta property=\"article:publisher\" content=\"https:\/\/www.facebook.com\/profile.php?id=100008943462799\" \/>\n<meta property=\"article:published_time\" content=\"2023-10-11T12:23:27+00:00\" \/>\n<meta property=\"og:image\" content=\"https:\/\/www.bellunopress.it\/wp-content\/uploads\/2022\/09\/Hangar11-Residenze-per-il-futuro_edited.jpg\" \/>\n\t<meta property=\"og:image:width\" content=\"1000\" \/>\n\t<meta property=\"og:image:height\" content=\"667\" \/>\n\t<meta property=\"og:image:type\" content=\"image\/jpeg\" \/>\n<meta name=\"author\" content=\"redazione\" \/>\n<meta name=\"twitter:card\" content=\"summary_large_image\" \/>\n<meta name=\"twitter:creator\" content=\"@bellunopress\" \/>\n<meta name=\"twitter:site\" content=\"@bellunopress\" \/>\n<meta name=\"twitter:label1\" content=\"Written by\" \/>\n\t<meta name=\"twitter:data1\" content=\"redazione\" \/>\n\t<meta name=\"twitter:label2\" content=\"Est. reading time\" \/>\n\t<meta name=\"twitter:data2\" content=\"2 minutes\" \/>\n<script type=\"application\/ld+json\" class=\"yoast-schema-graph\">{\"@context\":\"https:\\\/\\\/schema.org\",\"@graph\":[{\"@type\":\"Article\",\"@id\":\"https:\\\/\\\/www.bellunopress.it\\\/2023\\\/10\\\/11\\\/ultimo-evento-per-vertigini-2023-libellula-panegirico-della-liberta\\\/#article\",\"isPartOf\":{\"@id\":\"https:\\\/\\\/www.bellunopress.it\\\/2023\\\/10\\\/11\\\/ultimo-evento-per-vertigini-2023-libellula-panegirico-della-liberta\\\/\"},\"author\":{\"name\":\"redazione\",\"@id\":\"https:\\\/\\\/www.bellunopress.it\\\/#\\\/schema\\\/person\\\/79bb06722b37ece1c03d3e94beb30d73\"},\"headline\":\"Ultimo evento per Vertigini 2023: \u201cLibellula. Panegirico della libert\u00e0\u201d\",\"datePublished\":\"2023-10-11T12:23:27+00:00\",\"mainEntityOfPage\":{\"@id\":\"https:\\\/\\\/www.bellunopress.it\\\/2023\\\/10\\\/11\\\/ultimo-evento-per-vertigini-2023-libellula-panegirico-della-liberta\\\/\"},\"wordCount\":472,\"publisher\":{\"@id\":\"https:\\\/\\\/www.bellunopress.it\\\/#organization\"},\"image\":{\"@id\":\"https:\\\/\\\/www.bellunopress.it\\\/2023\\\/10\\\/11\\\/ultimo-evento-per-vertigini-2023-libellula-panegirico-della-liberta\\\/#primaryimage\"},\"thumbnailUrl\":\"https:\\\/\\\/www.bellunopress.it\\\/wp-content\\\/uploads\\\/2022\\\/09\\\/Hangar11-Residenze-per-il-futuro_edited.jpg\",\"articleSection\":[\"Appuntamenti, Eventi\",\"Arte, Cultura, Spettacoli, Scienza\",\"Pausa Caff\u00e8\"],\"inLanguage\":\"fr-FR\"},{\"@type\":\"WebPage\",\"@id\":\"https:\\\/\\\/www.bellunopress.it\\\/2023\\\/10\\\/11\\\/ultimo-evento-per-vertigini-2023-libellula-panegirico-della-liberta\\\/\",\"url\":\"https:\\\/\\\/www.bellunopress.it\\\/2023\\\/10\\\/11\\\/ultimo-evento-per-vertigini-2023-libellula-panegirico-della-liberta\\\/\",\"name\":\"Ultimo evento per Vertigini 2023: \u201cLibellula. Panegirico della libert\u00e0\u201d - Bellunopress - Dolomiti\",\"isPartOf\":{\"@id\":\"https:\\\/\\\/www.bellunopress.it\\\/#website\"},\"primaryImageOfPage\":{\"@id\":\"https:\\\/\\\/www.bellunopress.it\\\/2023\\\/10\\\/11\\\/ultimo-evento-per-vertigini-2023-libellula-panegirico-della-liberta\\\/#primaryimage\"},\"image\":{\"@id\":\"https:\\\/\\\/www.bellunopress.it\\\/2023\\\/10\\\/11\\\/ultimo-evento-per-vertigini-2023-libellula-panegirico-della-liberta\\\/#primaryimage\"},\"thumbnailUrl\":\"https:\\\/\\\/www.bellunopress.it\\\/wp-content\\\/uploads\\\/2022\\\/09\\\/Hangar11-Residenze-per-il-futuro_edited.jpg\",\"datePublished\":\"2023-10-11T12:23:27+00:00\",\"breadcrumb\":{\"@id\":\"https:\\\/\\\/www.bellunopress.it\\\/2023\\\/10\\\/11\\\/ultimo-evento-per-vertigini-2023-libellula-panegirico-della-liberta\\\/#breadcrumb\"},\"inLanguage\":\"fr-FR\",\"potentialAction\":[{\"@type\":\"ReadAction\",\"target\":[\"https:\\\/\\\/www.bellunopress.it\\\/2023\\\/10\\\/11\\\/ultimo-evento-per-vertigini-2023-libellula-panegirico-della-liberta\\\/\"]}]},{\"@type\":\"ImageObject\",\"inLanguage\":\"fr-FR\",\"@id\":\"https:\\\/\\\/www.bellunopress.it\\\/2023\\\/10\\\/11\\\/ultimo-evento-per-vertigini-2023-libellula-panegirico-della-liberta\\\/#primaryimage\",\"url\":\"https:\\\/\\\/www.bellunopress.it\\\/wp-content\\\/uploads\\\/2022\\\/09\\\/Hangar11-Residenze-per-il-futuro_edited.jpg\",\"contentUrl\":\"https:\\\/\\\/www.bellunopress.it\\\/wp-content\\\/uploads\\\/2022\\\/09\\\/Hangar11-Residenze-per-il-futuro_edited.jpg\",\"width\":1000,\"height\":667,\"caption\":\"Hangar 11 - via Tiziano Vecellio 82\\\/N, Belluno\"},{\"@type\":\"BreadcrumbList\",\"@id\":\"https:\\\/\\\/www.bellunopress.it\\\/2023\\\/10\\\/11\\\/ultimo-evento-per-vertigini-2023-libellula-panegirico-della-liberta\\\/#breadcrumb\",\"itemListElement\":[{\"@type\":\"ListItem\",\"position\":1,\"name\":\"Home\",\"item\":\"https:\\\/\\\/www.bellunopress.it\\\/\"},{\"@type\":\"ListItem\",\"position\":2,\"name\":\"Ultimo evento per Vertigini 2023: \u201cLibellula. Panegirico della libert\u00e0\u201d\"}]},{\"@type\":\"WebSite\",\"@id\":\"https:\\\/\\\/www.bellunopress.it\\\/#website\",\"url\":\"https:\\\/\\\/www.bellunopress.it\\\/\",\"name\":\"Bellunopress - Dolomiti\",\"description\":\"e-mail: redazione@bellunopress.it\",\"publisher\":{\"@id\":\"https:\\\/\\\/www.bellunopress.it\\\/#organization\"},\"potentialAction\":[{\"@type\":\"SearchAction\",\"target\":{\"@type\":\"EntryPoint\",\"urlTemplate\":\"https:\\\/\\\/www.bellunopress.it\\\/?s={search_term_string}\"},\"query-input\":{\"@type\":\"PropertyValueSpecification\",\"valueRequired\":true,\"valueName\":\"search_term_string\"}}],\"inLanguage\":\"fr-FR\"},{\"@type\":\"Organization\",\"@id\":\"https:\\\/\\\/www.bellunopress.it\\\/#organization\",\"name\":\"Bellunopress\",\"url\":\"https:\\\/\\\/www.bellunopress.it\\\/\",\"logo\":{\"@type\":\"ImageObject\",\"inLanguage\":\"fr-FR\",\"@id\":\"https:\\\/\\\/www.bellunopress.it\\\/#\\\/schema\\\/logo\\\/image\\\/\",\"url\":\"https:\\\/\\\/www.bellunopress.it\\\/wp-content\\\/uploads\\\/2011\\\/05\\\/cropped-logo-bellunopress-.jpg\",\"contentUrl\":\"https:\\\/\\\/www.bellunopress.it\\\/wp-content\\\/uploads\\\/2011\\\/05\\\/cropped-logo-bellunopress-.jpg\",\"width\":512,\"height\":512,\"caption\":\"Bellunopress\"},\"image\":{\"@id\":\"https:\\\/\\\/www.bellunopress.it\\\/#\\\/schema\\\/logo\\\/image\\\/\"},\"sameAs\":[\"https:\\\/\\\/www.facebook.com\\\/profile.php?id=100008943462799\",\"https:\\\/\\\/x.com\\\/bellunopress\",\"https:\\\/\\\/www.linkedin.com\\\/hp\\\/?dnr=JBzUWaJfMUw8vbXJJ2tVW5-I3jZKvC4wsoxE&amp;amp;amp;amp;amp;amp;trk=nav_responsive_tab_home\",\"https:\\\/\\\/www.youtube.com\\\/channel\\\/UCxL0wu1uN0_3_7hGG0306cw\"]},{\"@type\":\"Person\",\"@id\":\"https:\\\/\\\/www.bellunopress.it\\\/#\\\/schema\\\/person\\\/79bb06722b37ece1c03d3e94beb30d73\",\"name\":\"redazione\",\"image\":{\"@type\":\"ImageObject\",\"inLanguage\":\"fr-FR\",\"@id\":\"https:\\\/\\\/secure.gravatar.com\\\/avatar\\\/37d968a2e67a6fd04c169c4bdef102d0bc5d31b2546345219e348575eb80e9a0?s=96&d=mm&r=g\",\"url\":\"https:\\\/\\\/secure.gravatar.com\\\/avatar\\\/37d968a2e67a6fd04c169c4bdef102d0bc5d31b2546345219e348575eb80e9a0?s=96&d=mm&r=g\",\"contentUrl\":\"https:\\\/\\\/secure.gravatar.com\\\/avatar\\\/37d968a2e67a6fd04c169c4bdef102d0bc5d31b2546345219e348575eb80e9a0?s=96&d=mm&r=g\",\"caption\":\"redazione\"},\"sameAs\":[\"http:\\\/\\\/www.bellunopress.it\",\"https:\\\/\\\/x.com\\\/bellunopress\"],\"url\":\"https:\\\/\\\/www.bellunopress.it\\\/fr\\\/author\\\/redazione\\\/\"}]}<\/script>\n<!-- \/ Yoast SEO plugin. -->","yoast_head_json":{"title":"Ultimo evento per Vertigini 2023: \u201cLibellula. Panegirico della libert\u00e0\u201d - Bellunopress - Dolomiti","robots":{"index":"index","follow":"follow","max-snippet":"max-snippet:-1","max-image-preview":"max-image-preview:large","max-video-preview":"max-video-preview:-1"},"canonical":"https:\/\/www.bellunopress.it\/fr\/2023\/10\/11\/ultimo-evento-per-vertigini-2023-libellula-panegirico-della-liberta\/","og_locale":"fr_FR","og_type":"article","og_title":"Ultimo evento per Vertigini 2023: \u201cLibellula. Panegirico della libert\u00e0\u201d - Bellunopress - Dolomiti","og_description":"Dopo il successo del toccante progetto VajontS 23 presentato da SlowMachine all\u2019interno dell\u2019Hangar11 il 9 ottobre, chiude la V edizione del festival di arti performative Vertigini, venerd\u00ec 13 ottobre alle 21:00 all\u2019Hangar11 di Belluno, con un progetto intimo e profondo, \u201cLibellula. Panegirico della libert\u00e0\u201d dell\u2019attrice e regista Irene Curto e con la musica originale in [&hellip;]","og_url":"https:\/\/www.bellunopress.it\/fr\/2023\/10\/11\/ultimo-evento-per-vertigini-2023-libellula-panegirico-della-liberta\/","og_site_name":"Bellunopress - Dolomiti","article_publisher":"https:\/\/www.facebook.com\/profile.php?id=100008943462799","article_published_time":"2023-10-11T12:23:27+00:00","og_image":[{"width":1000,"height":667,"url":"https:\/\/www.bellunopress.it\/wp-content\/uploads\/2022\/09\/Hangar11-Residenze-per-il-futuro_edited.jpg","type":"image\/jpeg"}],"author":"redazione","twitter_card":"summary_large_image","twitter_creator":"@bellunopress","twitter_site":"@bellunopress","twitter_misc":{"Written by":"redazione","Est. reading time":"2 minutes"},"schema":{"@context":"https:\/\/schema.org","@graph":[{"@type":"Article","@id":"https:\/\/www.bellunopress.it\/2023\/10\/11\/ultimo-evento-per-vertigini-2023-libellula-panegirico-della-liberta\/#article","isPartOf":{"@id":"https:\/\/www.bellunopress.it\/2023\/10\/11\/ultimo-evento-per-vertigini-2023-libellula-panegirico-della-liberta\/"},"author":{"name":"redazione","@id":"https:\/\/www.bellunopress.it\/#\/schema\/person\/79bb06722b37ece1c03d3e94beb30d73"},"headline":"Ultimo evento per Vertigini 2023: \u201cLibellula. Panegirico della libert\u00e0\u201d","datePublished":"2023-10-11T12:23:27+00:00","mainEntityOfPage":{"@id":"https:\/\/www.bellunopress.it\/2023\/10\/11\/ultimo-evento-per-vertigini-2023-libellula-panegirico-della-liberta\/"},"wordCount":472,"publisher":{"@id":"https:\/\/www.bellunopress.it\/#organization"},"image":{"@id":"https:\/\/www.bellunopress.it\/2023\/10\/11\/ultimo-evento-per-vertigini-2023-libellula-panegirico-della-liberta\/#primaryimage"},"thumbnailUrl":"https:\/\/www.bellunopress.it\/wp-content\/uploads\/2022\/09\/Hangar11-Residenze-per-il-futuro_edited.jpg","articleSection":["Appuntamenti, Eventi","Arte, Cultura, Spettacoli, Scienza","Pausa Caff\u00e8"],"inLanguage":"fr-FR"},{"@type":"WebPage","@id":"https:\/\/www.bellunopress.it\/2023\/10\/11\/ultimo-evento-per-vertigini-2023-libellula-panegirico-della-liberta\/","url":"https:\/\/www.bellunopress.it\/2023\/10\/11\/ultimo-evento-per-vertigini-2023-libellula-panegirico-della-liberta\/","name":"Ultimo evento per Vertigini 2023: \u201cLibellula. Panegirico della libert\u00e0\u201d - Bellunopress - Dolomiti","isPartOf":{"@id":"https:\/\/www.bellunopress.it\/#website"},"primaryImageOfPage":{"@id":"https:\/\/www.bellunopress.it\/2023\/10\/11\/ultimo-evento-per-vertigini-2023-libellula-panegirico-della-liberta\/#primaryimage"},"image":{"@id":"https:\/\/www.bellunopress.it\/2023\/10\/11\/ultimo-evento-per-vertigini-2023-libellula-panegirico-della-liberta\/#primaryimage"},"thumbnailUrl":"https:\/\/www.bellunopress.it\/wp-content\/uploads\/2022\/09\/Hangar11-Residenze-per-il-futuro_edited.jpg","datePublished":"2023-10-11T12:23:27+00:00","breadcrumb":{"@id":"https:\/\/www.bellunopress.it\/2023\/10\/11\/ultimo-evento-per-vertigini-2023-libellula-panegirico-della-liberta\/#breadcrumb"},"inLanguage":"fr-FR","potentialAction":[{"@type":"ReadAction","target":["https:\/\/www.bellunopress.it\/2023\/10\/11\/ultimo-evento-per-vertigini-2023-libellula-panegirico-della-liberta\/"]}]},{"@type":"ImageObject","inLanguage":"fr-FR","@id":"https:\/\/www.bellunopress.it\/2023\/10\/11\/ultimo-evento-per-vertigini-2023-libellula-panegirico-della-liberta\/#primaryimage","url":"https:\/\/www.bellunopress.it\/wp-content\/uploads\/2022\/09\/Hangar11-Residenze-per-il-futuro_edited.jpg","contentUrl":"https:\/\/www.bellunopress.it\/wp-content\/uploads\/2022\/09\/Hangar11-Residenze-per-il-futuro_edited.jpg","width":1000,"height":667,"caption":"Hangar 11 - via Tiziano Vecellio 82\/N, Belluno"},{"@type":"BreadcrumbList","@id":"https:\/\/www.bellunopress.it\/2023\/10\/11\/ultimo-evento-per-vertigini-2023-libellula-panegirico-della-liberta\/#breadcrumb","itemListElement":[{"@type":"ListItem","position":1,"name":"Home","item":"https:\/\/www.bellunopress.it\/"},{"@type":"ListItem","position":2,"name":"Ultimo evento per Vertigini 2023: \u201cLibellula. Panegirico della libert\u00e0\u201d"}]},{"@type":"WebSite","@id":"https:\/\/www.bellunopress.it\/#website","url":"https:\/\/www.bellunopress.it\/","name":"Bellunopress - Dolomiti","description":"e-mail: redazione@bellunopress.it","publisher":{"@id":"https:\/\/www.bellunopress.it\/#organization"},"potentialAction":[{"@type":"SearchAction","target":{"@type":"EntryPoint","urlTemplate":"https:\/\/www.bellunopress.it\/?s={search_term_string}"},"query-input":{"@type":"PropertyValueSpecification","valueRequired":true,"valueName":"search_term_string"}}],"inLanguage":"fr-FR"},{"@type":"Organization","@id":"https:\/\/www.bellunopress.it\/#organization","name":"Bellunopress","url":"https:\/\/www.bellunopress.it\/","logo":{"@type":"ImageObject","inLanguage":"fr-FR","@id":"https:\/\/www.bellunopress.it\/#\/schema\/logo\/image\/","url":"https:\/\/www.bellunopress.it\/wp-content\/uploads\/2011\/05\/cropped-logo-bellunopress-.jpg","contentUrl":"https:\/\/www.bellunopress.it\/wp-content\/uploads\/2011\/05\/cropped-logo-bellunopress-.jpg","width":512,"height":512,"caption":"Bellunopress"},"image":{"@id":"https:\/\/www.bellunopress.it\/#\/schema\/logo\/image\/"},"sameAs":["https:\/\/www.facebook.com\/profile.php?id=100008943462799","https:\/\/x.com\/bellunopress","https:\/\/www.linkedin.com\/hp\/?dnr=JBzUWaJfMUw8vbXJJ2tVW5-I3jZKvC4wsoxE&amp;amp;amp;amp;amp;amp;trk=nav_responsive_tab_home","https:\/\/www.youtube.com\/channel\/UCxL0wu1uN0_3_7hGG0306cw"]},{"@type":"Person","@id":"https:\/\/www.bellunopress.it\/#\/schema\/person\/79bb06722b37ece1c03d3e94beb30d73","name":"r\u00e9daction","image":{"@type":"ImageObject","inLanguage":"fr-FR","@id":"https:\/\/secure.gravatar.com\/avatar\/37d968a2e67a6fd04c169c4bdef102d0bc5d31b2546345219e348575eb80e9a0?s=96&d=mm&r=g","url":"https:\/\/secure.gravatar.com\/avatar\/37d968a2e67a6fd04c169c4bdef102d0bc5d31b2546345219e348575eb80e9a0?s=96&d=mm&r=g","contentUrl":"https:\/\/secure.gravatar.com\/avatar\/37d968a2e67a6fd04c169c4bdef102d0bc5d31b2546345219e348575eb80e9a0?s=96&d=mm&r=g","caption":"redazione"},"sameAs":["http:\/\/www.bellunopress.it","https:\/\/x.com\/bellunopress"],"url":"https:\/\/www.bellunopress.it\/fr\/author\/redazione\/"}]}},"_links":{"self":[{"href":"https:\/\/www.bellunopress.it\/fr\/wp-json\/wp\/v2\/posts\/144885","targetHints":{"allow":["GET"]}}],"collection":[{"href":"https:\/\/www.bellunopress.it\/fr\/wp-json\/wp\/v2\/posts"}],"about":[{"href":"https:\/\/www.bellunopress.it\/fr\/wp-json\/wp\/v2\/types\/post"}],"author":[{"embeddable":true,"href":"https:\/\/www.bellunopress.it\/fr\/wp-json\/wp\/v2\/users\/2"}],"replies":[{"embeddable":true,"href":"https:\/\/www.bellunopress.it\/fr\/wp-json\/wp\/v2\/comments?post=144885"}],"version-history":[{"count":1,"href":"https:\/\/www.bellunopress.it\/fr\/wp-json\/wp\/v2\/posts\/144885\/revisions"}],"predecessor-version":[{"id":144886,"href":"https:\/\/www.bellunopress.it\/fr\/wp-json\/wp\/v2\/posts\/144885\/revisions\/144886"}],"wp:featuredmedia":[{"embeddable":true,"href":"https:\/\/www.bellunopress.it\/fr\/wp-json\/wp\/v2\/media\/136334"}],"wp:attachment":[{"href":"https:\/\/www.bellunopress.it\/fr\/wp-json\/wp\/v2\/media?parent=144885"}],"wp:term":[{"taxonomy":"category","embeddable":true,"href":"https:\/\/www.bellunopress.it\/fr\/wp-json\/wp\/v2\/categories?post=144885"},{"taxonomy":"post_tag","embeddable":true,"href":"https:\/\/www.bellunopress.it\/fr\/wp-json\/wp\/v2\/tags?post=144885"}],"curies":[{"name":"wp","href":"https:\/\/api.w.org\/{rel}","templated":true}]}}