{"id":144883,"date":"2023-10-11T11:39:14","date_gmt":"2023-10-11T09:39:14","guid":{"rendered":"https:\/\/www.bellunopress.it\/?p=144883"},"modified":"2023-10-11T11:39:14","modified_gmt":"2023-10-11T09:39:14","slug":"disastro-di-mestre-gli-interventi-al-cavalcavia-programmati-dal-2017-lapprofondimento-dellarchitetto-marco-zanetti","status":"publish","type":"post","link":"https:\/\/www.bellunopress.it\/fr\/2023\/10\/11\/disastro-di-mestre-gli-interventi-al-cavalcavia-programmati-dal-2017-lapprofondimento-dellarchitetto-marco-zanetti\/","title":{"rendered":"Disastro di Mestre, gli interventi al cavalcavia programmati dal 2017\u00a0 * l&#8217;approfondimento dell&#8217;architetto Marco Zanetti\u00a0"},"content":{"rendered":"<p><img loading=\"lazy\" decoding=\"async\" class=\"alignleft size-full wp-image-144661\" src=\"https:\/\/www.bellunopress.it\/wp-content\/uploads\/2023\/10\/Autobus-Mestre-cavalcavia_edited.jpg\" alt=\"\" width=\"488\" height=\"700\" srcset=\"https:\/\/www.bellunopress.it\/wp-content\/uploads\/2023\/10\/Autobus-Mestre-cavalcavia_edited.jpg 488w, https:\/\/www.bellunopress.it\/wp-content\/uploads\/2023\/10\/Autobus-Mestre-cavalcavia_edited-349x500.jpg 349w\" sizes=\"auto, (max-width: 488px) 100vw, 488px\" \/>\u00c8 successo anche questo a Mestre, comune di Venezia, per un autobus-navetta che portava decine di turisti al loro alloggio a buon mercato a Marghera: 21 morti e decine di feriti gravissimi.<\/p>\n<p>La Magistratura ci dir\u00e0 perch\u00e9. Probabilmente dovr\u00e0 mettere in fila diverse concause: cosa pu\u00f2 essere successo all&#8217;autista (e perch\u00e9), cosa pu\u00f2 esser successo all&#8217;autobus (anche verificando la specifica qualit\u00e0 di quel modello di autobus) e anche perch\u00e9 non ci sia stata una protezione buona ad evitare che l&#8217;autobus precipitasse di sotto.<br \/>\nLo sgomento generale deriva dall&#8217;inaudita gravit\u00e0 dell&#8217;accaduto e anche dal fatto di trovarsi di fronte ad una evidente inadeguatezza di guardrail e ringhiera scoprendo che proprio da pochi giorni per quel cavalcavia erano partiti lavori di straordinaria manutenzione, finanziati con sei milioni di euro del PNRR, mentre ormai gi\u00e0 percorriamo da diversi giorni, solo qualche centinaia di metri pi\u00f9 in l\u00e0, la nuovissima super rotatoria di collegamento tra la direttrice per Venezia e via Torino e ex Prima Zona Industriale.<br \/>\nI giornalisti stanno facendo un buon lavoro tenendo conto della delicatezza della ricerca delle responsabilit\u00e0, tuttavia qualcosa \u00e8 anche semplicemente alla portata del cittadino appena un po&#8217; curioso.<\/p>\n<p>&nbsp;<\/p>\n<p><strong>Gli interventi programmati al cavalcavia dal 2017<\/strong><\/p>\n<p>Nel sito istituzionale del Comune, nella &#8220;Sezione trasparenza&#8221; che permette di accedere facilmente agli atti amministrativi (effetto di una delle ultime grandi riforme della pubblica amministrazione), si trovano anche i provvedimenti relativi alle &#8220;opere pubbliche&#8221; e ai relativi &#8220;atti di programmazione&#8221;: tra questi troviamo il Programma Triennale delle Opere Pubbliche 2018-20 approvato dal Consiglio Comunale nel lontano 21 dicembre 2017.<\/p>\n<p>Vi compare l\u2019intervento n. 14167 \u201cAdeguamento normativo e consolidamento nuovo cavalcavia superiore di Marghera\u201d con allocati 3.000.000 di euro per il 2018, con priorit\u00e0 \u201c1\u201d che sta ad indicare l&#8217;urgente necessit\u00e0 in linea tecnica di quest&#8217;opera di straordinaria manutenzione sul viadotto degli anni &#8217;60.<\/p>\n<p>C\u2019\u00e8 pure l\u2019intervento n. 13902 \u201cAdeguamento normativo barriere di sicurezza cavalcaferrovia di Mestre&#8221;, con priorit\u00e0 \u201c2\u201d e allocati 1.000.000 di euro per il 2019. Questa irrinunciabile esigenza veniva certificata dalle prime indagini sulle condizioni del viadotto, nel 2017.<\/p>\n<p>Successivamente si doveva infatti rivedere il quadro di spesa in considerazione delle maggiori riscontrate necessit\u00e0 di intervento: la giunta comunale approvava infatti (il 23 settembre 2018) il progetto di fattibilit\u00e0 comprendente due stralci di lavori aggiuntivi: il secondo da 918.600 euro ed il terzo da 2.414.000 euro che troviamo riportati nel Piano Triennale 2019-21 approvato dal Consiglio comunale il 26 settembre 2018.<\/p>\n<p>Non \u00e8 facile per chi non ha dimestichezza con bilanci pubblici e programmazione di opere pubbliche seguire poi le diverse tappe di questo importante intervento. Sappiamo per\u00f2 dagli avvisi pubblicati il 6 giugno 2023 sull&#8217;esito della gara d&#8217;appalto (ci si arriva magicamente digitando il numero &#8220;14167&#8221; che \u00e8 il codice dell&#8217;intervento) che questa \u00e8 aggiudicata per l&#8217;importo di euro 5.718.475,92 comprensivo del 1\u00b0 stralcio (c.i. 14167) e del 2\u00b0 e 3\u00b0 stralcio (c.i. 14417).<\/p>\n<p>Qualche notizia dalla stampa nel corso degli anni era per\u00f2 rassicurante: Metropolitano.it del 3 luglio 2020 specificava che i cantieri si sarebbero aperti ad inizio 2021 e che con il primo lotto si sarebbe messa mano ai cordoli laterali e alle barriere di sicurezza, VeneziaToday del 25 ottobre 2022 annunciava il finanziamento dell&#8217;opera a valere su fondi ministeriali del programma &#8220;ponti sicuri&#8221;.<\/p>\n<p>Ora invece risulta che il finanziamento avverr\u00e0 a carico del PNRR e che i lavori cominceranno ora, dopo sei anni dall&#8217;acclarata &#8220;priorit\u00e0&#8221; (assoluta necessit\u00e0 ed urgenza) dell&#8217;intervento.<\/p>\n<p>&nbsp;<\/p>\n<p><strong>Piste ciclabili e sicurezza, quali priorit\u00e0<\/strong><\/p>\n<p>Ma, quale davvero la priorit\u00e0? Forse bisogner\u00e0 distinguere la &#8220;priorit\u00e0 tecnica&#8221;, la cui definizione spetta alla discrezionalit\u00e0 tecnica degli esperti (funzionari e professionisti incaricati), dalla &#8220;priorit\u00e0 amministrativa&#8221; riconosciuta dagli amministratori pro tempore con la discrezionalit\u00e0 ed essi riservata. E dunque piuttosto che metter mano ad un cavalcavia, disturbando certamente con i lavori la circolazione veicolare, pu\u00f2 risultare &#8220;prioritario&#8221; fare, ad esempio, nuove piste ciclabili magari ad alto gradimento di cittadini-elettori. L&#8217;equilibrio nelle scelte di spesa, su linee di obiettivi anche assai diverse (sociale, edilizia, cultura, ecc.) \u00e8 in realt\u00e0 una ipocrita convenienza che si scarica sulla regola di azione del buon padre di famiglia &#8230; ma come effettivamente pesare\/confrontare l&#8217;obbligo di spesa per fare manutenzione ad un ponte con l&#8217;obbligo di spesa per i festeggiamenti annuali del santo patrono? Si aggiunga che l&#8217;attuale dipendenza dei dirigenti pubblici (anche quelli che devono badare alle necessit\u00e0 dei ponti) dalla loro nomina (scelta) diretta da parte dei pubblici amministratori rende pi\u00f9 problematico l&#8217;esercizio dell&#8217;autonomia tecnica. Dovrebbe dunque porsi la questione se per taluni generi di intervento la dirigenza tecnica possa rivendicare una maggiore autonomia esecutiva sino a poter disporre delle risorse finanziarie necessarie per interventi irrinunciabili come ad esempio la messa a norma degli edifici scolastici o altri interventi che riguardino in generale la sicurezza. Esiste a ben vedere almeno un precedente, usato ormai da molti anni: si tratta del &#8220;TSO&#8221;, il Trattamento Sanitario Obbligatorio per il ricovero, per motivi di assoluta necessit\u00e0 ed urgenza, anche contro la volont\u00e0 dell&#8217;interessato. Esso \u00e8 demandato alla motivazione sottoscritta da due medici, controfirmata dal sindaco in qualit\u00e0 di massima autorit\u00e0 sanitaria nel comune, il quale certamente non si perita di entrare nel merito della diagnosi tecnica ma in realt\u00e0 la suggella rendendone esecutive le prescrizioni. &#8230; Ecco, manca qualcosa del genere &#8211; un Trattamento Manutentorio Obbligatorio &#8211; per mettere su una pista ben scorrevole e privilegiata gli interventi urgenti per la sicurezza!<br \/>\nL&#8217;alternativa odierna sta invece sulle ginocchia di Giove, anzi dei consiglieri comunali che dovrebbero interpretare correttamente le proposte e le variazioni di bilancio, monitorando e valutando il funzionamento della macchina comunale in una corretta prospettiva strategica delle priorit\u00e0: a Venezia, nel 2017 \u00e8 stata individuata una &#8220;infrastruttura degradata&#8221; (un viadotto trafficatissimo) e nel 2023 un'&#8221;area degradata&#8221; (l&#8217;area agricola di Tessera) per ricavarne una infrastruttura sportiva con una spesa da centinaia di milioni di euro, sul finire di questo stesso anno partono pure i lavori per il risanamento di quella prima infrastruttura viaria degradata, ma in tutto questo lungo periodo nessuno ha posto in essere una qualche misura cautelativa, sul traffico e sulle barriere&#8230;<\/p>\n<p><strong>Marco Zanetti<\/strong><\/p>","protected":false},"excerpt":{"rendered":"<p>\u00c8 successo anche questo a Mestre, comune di Venezia, per un autobus-navetta che portava decine di turisti al loro alloggio a buon mercato a Marghera: 21 morti e decine di feriti gravissimi. La Magistratura ci dir\u00e0 perch\u00e9. Probabilmente dovr\u00e0 mettere in fila diverse concause: cosa pu\u00f2 essere successo all&#8217;autista (e perch\u00e9), cosa pu\u00f2 esser successo [&hellip;]<\/p>\n","protected":false},"author":2,"featured_media":144661,"comment_status":"closed","ping_status":"open","sticky":false,"template":"","format":"standard","meta":{"footnotes":""},"categories":[5,3446,49,26],"tags":[],"class_list":["post-144883","post","type-post","status-publish","format-standard","has-post-thumbnail","category-cronaca","category-featured","category-speciali","category-prima-pagina"],"yoast_head":"<!-- This site is optimized with the Yoast SEO plugin v28.4 - https:\/\/yoast.com\/product\/yoast-seo-wordpress\/ -->\n<title>Disastro di Mestre, gli interventi al cavalcavia programmati dal 2017\u00a0 * l&#039;approfondimento dell&#039;architetto Marco Zanetti\u00a0 - Bellunopress - Dolomiti<\/title>\n<meta name=\"robots\" content=\"index, follow, max-snippet:-1, max-image-preview:large, max-video-preview:-1\" \/>\n<link rel=\"canonical\" href=\"https:\/\/www.bellunopress.it\/fr\/2023\/10\/11\/disastro-di-mestre-gli-interventi-al-cavalcavia-programmati-dal-2017-lapprofondimento-dellarchitetto-marco-zanetti\/\" \/>\n<meta property=\"og:locale\" content=\"fr_FR\" \/>\n<meta property=\"og:type\" content=\"article\" \/>\n<meta property=\"og:title\" content=\"Disastro di Mestre, gli interventi al cavalcavia programmati dal 2017\u00a0 * l&#039;approfondimento dell&#039;architetto Marco Zanetti\u00a0 - Bellunopress - Dolomiti\" \/>\n<meta property=\"og:description\" content=\"\u00c8 successo anche questo a Mestre, comune di Venezia, per un autobus-navetta che portava decine di turisti al loro alloggio a buon mercato a Marghera: 21 morti e decine di feriti gravissimi. La Magistratura ci dir\u00e0 perch\u00e9. Probabilmente dovr\u00e0 mettere in fila diverse concause: cosa pu\u00f2 essere successo all&#8217;autista (e perch\u00e9), cosa pu\u00f2 esser successo [&hellip;]\" \/>\n<meta property=\"og:url\" content=\"https:\/\/www.bellunopress.it\/fr\/2023\/10\/11\/disastro-di-mestre-gli-interventi-al-cavalcavia-programmati-dal-2017-lapprofondimento-dellarchitetto-marco-zanetti\/\" \/>\n<meta property=\"og:site_name\" content=\"Bellunopress - Dolomiti\" \/>\n<meta property=\"article:publisher\" content=\"https:\/\/www.facebook.com\/profile.php?id=100008943462799\" \/>\n<meta property=\"article:published_time\" content=\"2023-10-11T09:39:14+00:00\" \/>\n<meta property=\"og:image\" content=\"https:\/\/www.bellunopress.it\/wp-content\/uploads\/2023\/10\/Autobus-Mestre-cavalcavia_edited.jpg\" \/>\n\t<meta property=\"og:image:width\" content=\"488\" \/>\n\t<meta property=\"og:image:height\" content=\"700\" \/>\n\t<meta property=\"og:image:type\" content=\"image\/jpeg\" \/>\n<meta name=\"author\" content=\"redazione\" \/>\n<meta name=\"twitter:card\" content=\"summary_large_image\" \/>\n<meta name=\"twitter:creator\" content=\"@bellunopress\" \/>\n<meta name=\"twitter:site\" content=\"@bellunopress\" \/>\n<meta name=\"twitter:label1\" content=\"Written by\" \/>\n\t<meta name=\"twitter:data1\" content=\"redazione\" \/>\n\t<meta name=\"twitter:label2\" content=\"Est. reading time\" \/>\n\t<meta name=\"twitter:data2\" content=\"5 minutes\" \/>\n<script type=\"application\/ld+json\" class=\"yoast-schema-graph\">{\"@context\":\"https:\\\/\\\/schema.org\",\"@graph\":[{\"@type\":\"Article\",\"@id\":\"https:\\\/\\\/www.bellunopress.it\\\/2023\\\/10\\\/11\\\/disastro-di-mestre-gli-interventi-al-cavalcavia-programmati-dal-2017-lapprofondimento-dellarchitetto-marco-zanetti\\\/#article\",\"isPartOf\":{\"@id\":\"https:\\\/\\\/www.bellunopress.it\\\/2023\\\/10\\\/11\\\/disastro-di-mestre-gli-interventi-al-cavalcavia-programmati-dal-2017-lapprofondimento-dellarchitetto-marco-zanetti\\\/\"},\"author\":{\"name\":\"redazione\",\"@id\":\"https:\\\/\\\/www.bellunopress.it\\\/#\\\/schema\\\/person\\\/79bb06722b37ece1c03d3e94beb30d73\"},\"headline\":\"Disastro di Mestre, gli interventi al cavalcavia programmati dal 2017\u00a0 * l&#8217;approfondimento dell&#8217;architetto Marco Zanetti\u00a0\",\"datePublished\":\"2023-10-11T09:39:14+00:00\",\"mainEntityOfPage\":{\"@id\":\"https:\\\/\\\/www.bellunopress.it\\\/2023\\\/10\\\/11\\\/disastro-di-mestre-gli-interventi-al-cavalcavia-programmati-dal-2017-lapprofondimento-dellarchitetto-marco-zanetti\\\/\"},\"wordCount\":1003,\"publisher\":{\"@id\":\"https:\\\/\\\/www.bellunopress.it\\\/#organization\"},\"image\":{\"@id\":\"https:\\\/\\\/www.bellunopress.it\\\/2023\\\/10\\\/11\\\/disastro-di-mestre-gli-interventi-al-cavalcavia-programmati-dal-2017-lapprofondimento-dellarchitetto-marco-zanetti\\\/#primaryimage\"},\"thumbnailUrl\":\"https:\\\/\\\/www.bellunopress.it\\\/wp-content\\\/uploads\\\/2023\\\/10\\\/Autobus-Mestre-cavalcavia_edited.jpg\",\"articleSection\":[\"Cronaca\\\/Politica\",\"Featured\",\"Gli speciali di Bellunopress\",\"Prima Pagina\"],\"inLanguage\":\"fr-FR\"},{\"@type\":\"WebPage\",\"@id\":\"https:\\\/\\\/www.bellunopress.it\\\/2023\\\/10\\\/11\\\/disastro-di-mestre-gli-interventi-al-cavalcavia-programmati-dal-2017-lapprofondimento-dellarchitetto-marco-zanetti\\\/\",\"url\":\"https:\\\/\\\/www.bellunopress.it\\\/2023\\\/10\\\/11\\\/disastro-di-mestre-gli-interventi-al-cavalcavia-programmati-dal-2017-lapprofondimento-dellarchitetto-marco-zanetti\\\/\",\"name\":\"Disastro di Mestre, gli interventi al cavalcavia programmati dal 2017\u00a0 * l'approfondimento dell'architetto Marco Zanetti\u00a0 - Bellunopress - Dolomiti\",\"isPartOf\":{\"@id\":\"https:\\\/\\\/www.bellunopress.it\\\/#website\"},\"primaryImageOfPage\":{\"@id\":\"https:\\\/\\\/www.bellunopress.it\\\/2023\\\/10\\\/11\\\/disastro-di-mestre-gli-interventi-al-cavalcavia-programmati-dal-2017-lapprofondimento-dellarchitetto-marco-zanetti\\\/#primaryimage\"},\"image\":{\"@id\":\"https:\\\/\\\/www.bellunopress.it\\\/2023\\\/10\\\/11\\\/disastro-di-mestre-gli-interventi-al-cavalcavia-programmati-dal-2017-lapprofondimento-dellarchitetto-marco-zanetti\\\/#primaryimage\"},\"thumbnailUrl\":\"https:\\\/\\\/www.bellunopress.it\\\/wp-content\\\/uploads\\\/2023\\\/10\\\/Autobus-Mestre-cavalcavia_edited.jpg\",\"datePublished\":\"2023-10-11T09:39:14+00:00\",\"breadcrumb\":{\"@id\":\"https:\\\/\\\/www.bellunopress.it\\\/2023\\\/10\\\/11\\\/disastro-di-mestre-gli-interventi-al-cavalcavia-programmati-dal-2017-lapprofondimento-dellarchitetto-marco-zanetti\\\/#breadcrumb\"},\"inLanguage\":\"fr-FR\",\"potentialAction\":[{\"@type\":\"ReadAction\",\"target\":[\"https:\\\/\\\/www.bellunopress.it\\\/2023\\\/10\\\/11\\\/disastro-di-mestre-gli-interventi-al-cavalcavia-programmati-dal-2017-lapprofondimento-dellarchitetto-marco-zanetti\\\/\"]}]},{\"@type\":\"ImageObject\",\"inLanguage\":\"fr-FR\",\"@id\":\"https:\\\/\\\/www.bellunopress.it\\\/2023\\\/10\\\/11\\\/disastro-di-mestre-gli-interventi-al-cavalcavia-programmati-dal-2017-lapprofondimento-dellarchitetto-marco-zanetti\\\/#primaryimage\",\"url\":\"https:\\\/\\\/www.bellunopress.it\\\/wp-content\\\/uploads\\\/2023\\\/10\\\/Autobus-Mestre-cavalcavia_edited.jpg\",\"contentUrl\":\"https:\\\/\\\/www.bellunopress.it\\\/wp-content\\\/uploads\\\/2023\\\/10\\\/Autobus-Mestre-cavalcavia_edited.jpg\",\"width\":488,\"height\":700},{\"@type\":\"BreadcrumbList\",\"@id\":\"https:\\\/\\\/www.bellunopress.it\\\/2023\\\/10\\\/11\\\/disastro-di-mestre-gli-interventi-al-cavalcavia-programmati-dal-2017-lapprofondimento-dellarchitetto-marco-zanetti\\\/#breadcrumb\",\"itemListElement\":[{\"@type\":\"ListItem\",\"position\":1,\"name\":\"Home\",\"item\":\"https:\\\/\\\/www.bellunopress.it\\\/\"},{\"@type\":\"ListItem\",\"position\":2,\"name\":\"Disastro di Mestre, gli interventi al cavalcavia programmati dal 2017\u00a0 * l&#8217;approfondimento dell&#8217;architetto Marco Zanetti\u00a0\"}]},{\"@type\":\"WebSite\",\"@id\":\"https:\\\/\\\/www.bellunopress.it\\\/#website\",\"url\":\"https:\\\/\\\/www.bellunopress.it\\\/\",\"name\":\"Bellunopress - Dolomiti\",\"description\":\"e-mail: redazione@bellunopress.it\",\"publisher\":{\"@id\":\"https:\\\/\\\/www.bellunopress.it\\\/#organization\"},\"potentialAction\":[{\"@type\":\"SearchAction\",\"target\":{\"@type\":\"EntryPoint\",\"urlTemplate\":\"https:\\\/\\\/www.bellunopress.it\\\/?s={search_term_string}\"},\"query-input\":{\"@type\":\"PropertyValueSpecification\",\"valueRequired\":true,\"valueName\":\"search_term_string\"}}],\"inLanguage\":\"fr-FR\"},{\"@type\":\"Organization\",\"@id\":\"https:\\\/\\\/www.bellunopress.it\\\/#organization\",\"name\":\"Bellunopress\",\"url\":\"https:\\\/\\\/www.bellunopress.it\\\/\",\"logo\":{\"@type\":\"ImageObject\",\"inLanguage\":\"fr-FR\",\"@id\":\"https:\\\/\\\/www.bellunopress.it\\\/#\\\/schema\\\/logo\\\/image\\\/\",\"url\":\"https:\\\/\\\/www.bellunopress.it\\\/wp-content\\\/uploads\\\/2011\\\/05\\\/cropped-logo-bellunopress-.jpg\",\"contentUrl\":\"https:\\\/\\\/www.bellunopress.it\\\/wp-content\\\/uploads\\\/2011\\\/05\\\/cropped-logo-bellunopress-.jpg\",\"width\":512,\"height\":512,\"caption\":\"Bellunopress\"},\"image\":{\"@id\":\"https:\\\/\\\/www.bellunopress.it\\\/#\\\/schema\\\/logo\\\/image\\\/\"},\"sameAs\":[\"https:\\\/\\\/www.facebook.com\\\/profile.php?id=100008943462799\",\"https:\\\/\\\/x.com\\\/bellunopress\",\"https:\\\/\\\/www.linkedin.com\\\/hp\\\/?dnr=JBzUWaJfMUw8vbXJJ2tVW5-I3jZKvC4wsoxE&amp;amp;amp;amp;amp;amp;trk=nav_responsive_tab_home\",\"https:\\\/\\\/www.youtube.com\\\/channel\\\/UCxL0wu1uN0_3_7hGG0306cw\"]},{\"@type\":\"Person\",\"@id\":\"https:\\\/\\\/www.bellunopress.it\\\/#\\\/schema\\\/person\\\/79bb06722b37ece1c03d3e94beb30d73\",\"name\":\"redazione\",\"image\":{\"@type\":\"ImageObject\",\"inLanguage\":\"fr-FR\",\"@id\":\"https:\\\/\\\/secure.gravatar.com\\\/avatar\\\/37d968a2e67a6fd04c169c4bdef102d0bc5d31b2546345219e348575eb80e9a0?s=96&d=mm&r=g\",\"url\":\"https:\\\/\\\/secure.gravatar.com\\\/avatar\\\/37d968a2e67a6fd04c169c4bdef102d0bc5d31b2546345219e348575eb80e9a0?s=96&d=mm&r=g\",\"contentUrl\":\"https:\\\/\\\/secure.gravatar.com\\\/avatar\\\/37d968a2e67a6fd04c169c4bdef102d0bc5d31b2546345219e348575eb80e9a0?s=96&d=mm&r=g\",\"caption\":\"redazione\"},\"sameAs\":[\"http:\\\/\\\/www.bellunopress.it\",\"https:\\\/\\\/x.com\\\/bellunopress\"],\"url\":\"https:\\\/\\\/www.bellunopress.it\\\/fr\\\/author\\\/redazione\\\/\"}]}<\/script>\n<!-- \/ Yoast SEO plugin. -->","yoast_head_json":{"title":"Disastro di Mestre, gli interventi al cavalcavia programmati dal 2017\u00a0 * l'approfondimento dell'architetto Marco Zanetti\u00a0 - Bellunopress - Dolomiti","robots":{"index":"index","follow":"follow","max-snippet":"max-snippet:-1","max-image-preview":"max-image-preview:large","max-video-preview":"max-video-preview:-1"},"canonical":"https:\/\/www.bellunopress.it\/fr\/2023\/10\/11\/disastro-di-mestre-gli-interventi-al-cavalcavia-programmati-dal-2017-lapprofondimento-dellarchitetto-marco-zanetti\/","og_locale":"fr_FR","og_type":"article","og_title":"Disastro di Mestre, gli interventi al cavalcavia programmati dal 2017\u00a0 * l'approfondimento dell'architetto Marco Zanetti\u00a0 - Bellunopress - Dolomiti","og_description":"\u00c8 successo anche questo a Mestre, comune di Venezia, per un autobus-navetta che portava decine di turisti al loro alloggio a buon mercato a Marghera: 21 morti e decine di feriti gravissimi. La Magistratura ci dir\u00e0 perch\u00e9. Probabilmente dovr\u00e0 mettere in fila diverse concause: cosa pu\u00f2 essere successo all&#8217;autista (e perch\u00e9), cosa pu\u00f2 esser successo [&hellip;]","og_url":"https:\/\/www.bellunopress.it\/fr\/2023\/10\/11\/disastro-di-mestre-gli-interventi-al-cavalcavia-programmati-dal-2017-lapprofondimento-dellarchitetto-marco-zanetti\/","og_site_name":"Bellunopress - Dolomiti","article_publisher":"https:\/\/www.facebook.com\/profile.php?id=100008943462799","article_published_time":"2023-10-11T09:39:14+00:00","og_image":[{"width":488,"height":700,"url":"https:\/\/www.bellunopress.it\/wp-content\/uploads\/2023\/10\/Autobus-Mestre-cavalcavia_edited.jpg","type":"image\/jpeg"}],"author":"redazione","twitter_card":"summary_large_image","twitter_creator":"@bellunopress","twitter_site":"@bellunopress","twitter_misc":{"Written by":"redazione","Est. reading time":"5 minutes"},"schema":{"@context":"https:\/\/schema.org","@graph":[{"@type":"Article","@id":"https:\/\/www.bellunopress.it\/2023\/10\/11\/disastro-di-mestre-gli-interventi-al-cavalcavia-programmati-dal-2017-lapprofondimento-dellarchitetto-marco-zanetti\/#article","isPartOf":{"@id":"https:\/\/www.bellunopress.it\/2023\/10\/11\/disastro-di-mestre-gli-interventi-al-cavalcavia-programmati-dal-2017-lapprofondimento-dellarchitetto-marco-zanetti\/"},"author":{"name":"redazione","@id":"https:\/\/www.bellunopress.it\/#\/schema\/person\/79bb06722b37ece1c03d3e94beb30d73"},"headline":"Disastro di Mestre, gli interventi al cavalcavia programmati dal 2017\u00a0 * l&#8217;approfondimento dell&#8217;architetto Marco Zanetti\u00a0","datePublished":"2023-10-11T09:39:14+00:00","mainEntityOfPage":{"@id":"https:\/\/www.bellunopress.it\/2023\/10\/11\/disastro-di-mestre-gli-interventi-al-cavalcavia-programmati-dal-2017-lapprofondimento-dellarchitetto-marco-zanetti\/"},"wordCount":1003,"publisher":{"@id":"https:\/\/www.bellunopress.it\/#organization"},"image":{"@id":"https:\/\/www.bellunopress.it\/2023\/10\/11\/disastro-di-mestre-gli-interventi-al-cavalcavia-programmati-dal-2017-lapprofondimento-dellarchitetto-marco-zanetti\/#primaryimage"},"thumbnailUrl":"https:\/\/www.bellunopress.it\/wp-content\/uploads\/2023\/10\/Autobus-Mestre-cavalcavia_edited.jpg","articleSection":["Cronaca\/Politica","Featured","Gli speciali di Bellunopress","Prima Pagina"],"inLanguage":"fr-FR"},{"@type":"WebPage","@id":"https:\/\/www.bellunopress.it\/2023\/10\/11\/disastro-di-mestre-gli-interventi-al-cavalcavia-programmati-dal-2017-lapprofondimento-dellarchitetto-marco-zanetti\/","url":"https:\/\/www.bellunopress.it\/2023\/10\/11\/disastro-di-mestre-gli-interventi-al-cavalcavia-programmati-dal-2017-lapprofondimento-dellarchitetto-marco-zanetti\/","name":"Disastro di Mestre, gli interventi al cavalcavia programmati dal 2017\u00a0 * l'approfondimento dell'architetto Marco Zanetti\u00a0 - Bellunopress - Dolomiti","isPartOf":{"@id":"https:\/\/www.bellunopress.it\/#website"},"primaryImageOfPage":{"@id":"https:\/\/www.bellunopress.it\/2023\/10\/11\/disastro-di-mestre-gli-interventi-al-cavalcavia-programmati-dal-2017-lapprofondimento-dellarchitetto-marco-zanetti\/#primaryimage"},"image":{"@id":"https:\/\/www.bellunopress.it\/2023\/10\/11\/disastro-di-mestre-gli-interventi-al-cavalcavia-programmati-dal-2017-lapprofondimento-dellarchitetto-marco-zanetti\/#primaryimage"},"thumbnailUrl":"https:\/\/www.bellunopress.it\/wp-content\/uploads\/2023\/10\/Autobus-Mestre-cavalcavia_edited.jpg","datePublished":"2023-10-11T09:39:14+00:00","breadcrumb":{"@id":"https:\/\/www.bellunopress.it\/2023\/10\/11\/disastro-di-mestre-gli-interventi-al-cavalcavia-programmati-dal-2017-lapprofondimento-dellarchitetto-marco-zanetti\/#breadcrumb"},"inLanguage":"fr-FR","potentialAction":[{"@type":"ReadAction","target":["https:\/\/www.bellunopress.it\/2023\/10\/11\/disastro-di-mestre-gli-interventi-al-cavalcavia-programmati-dal-2017-lapprofondimento-dellarchitetto-marco-zanetti\/"]}]},{"@type":"ImageObject","inLanguage":"fr-FR","@id":"https:\/\/www.bellunopress.it\/2023\/10\/11\/disastro-di-mestre-gli-interventi-al-cavalcavia-programmati-dal-2017-lapprofondimento-dellarchitetto-marco-zanetti\/#primaryimage","url":"https:\/\/www.bellunopress.it\/wp-content\/uploads\/2023\/10\/Autobus-Mestre-cavalcavia_edited.jpg","contentUrl":"https:\/\/www.bellunopress.it\/wp-content\/uploads\/2023\/10\/Autobus-Mestre-cavalcavia_edited.jpg","width":488,"height":700},{"@type":"BreadcrumbList","@id":"https:\/\/www.bellunopress.it\/2023\/10\/11\/disastro-di-mestre-gli-interventi-al-cavalcavia-programmati-dal-2017-lapprofondimento-dellarchitetto-marco-zanetti\/#breadcrumb","itemListElement":[{"@type":"ListItem","position":1,"name":"Home","item":"https:\/\/www.bellunopress.it\/"},{"@type":"ListItem","position":2,"name":"Disastro di Mestre, gli interventi al cavalcavia programmati dal 2017\u00a0 * l&#8217;approfondimento dell&#8217;architetto Marco Zanetti\u00a0"}]},{"@type":"WebSite","@id":"https:\/\/www.bellunopress.it\/#website","url":"https:\/\/www.bellunopress.it\/","name":"Bellunopress - Dolomiti","description":"e-mail: redazione@bellunopress.it","publisher":{"@id":"https:\/\/www.bellunopress.it\/#organization"},"potentialAction":[{"@type":"SearchAction","target":{"@type":"EntryPoint","urlTemplate":"https:\/\/www.bellunopress.it\/?s={search_term_string}"},"query-input":{"@type":"PropertyValueSpecification","valueRequired":true,"valueName":"search_term_string"}}],"inLanguage":"fr-FR"},{"@type":"Organization","@id":"https:\/\/www.bellunopress.it\/#organization","name":"Bellunopress","url":"https:\/\/www.bellunopress.it\/","logo":{"@type":"ImageObject","inLanguage":"fr-FR","@id":"https:\/\/www.bellunopress.it\/#\/schema\/logo\/image\/","url":"https:\/\/www.bellunopress.it\/wp-content\/uploads\/2011\/05\/cropped-logo-bellunopress-.jpg","contentUrl":"https:\/\/www.bellunopress.it\/wp-content\/uploads\/2011\/05\/cropped-logo-bellunopress-.jpg","width":512,"height":512,"caption":"Bellunopress"},"image":{"@id":"https:\/\/www.bellunopress.it\/#\/schema\/logo\/image\/"},"sameAs":["https:\/\/www.facebook.com\/profile.php?id=100008943462799","https:\/\/x.com\/bellunopress","https:\/\/www.linkedin.com\/hp\/?dnr=JBzUWaJfMUw8vbXJJ2tVW5-I3jZKvC4wsoxE&amp;amp;amp;amp;amp;amp;trk=nav_responsive_tab_home","https:\/\/www.youtube.com\/channel\/UCxL0wu1uN0_3_7hGG0306cw"]},{"@type":"Person","@id":"https:\/\/www.bellunopress.it\/#\/schema\/person\/79bb06722b37ece1c03d3e94beb30d73","name":"r\u00e9daction","image":{"@type":"ImageObject","inLanguage":"fr-FR","@id":"https:\/\/secure.gravatar.com\/avatar\/37d968a2e67a6fd04c169c4bdef102d0bc5d31b2546345219e348575eb80e9a0?s=96&d=mm&r=g","url":"https:\/\/secure.gravatar.com\/avatar\/37d968a2e67a6fd04c169c4bdef102d0bc5d31b2546345219e348575eb80e9a0?s=96&d=mm&r=g","contentUrl":"https:\/\/secure.gravatar.com\/avatar\/37d968a2e67a6fd04c169c4bdef102d0bc5d31b2546345219e348575eb80e9a0?s=96&d=mm&r=g","caption":"redazione"},"sameAs":["http:\/\/www.bellunopress.it","https:\/\/x.com\/bellunopress"],"url":"https:\/\/www.bellunopress.it\/fr\/author\/redazione\/"}]}},"_links":{"self":[{"href":"https:\/\/www.bellunopress.it\/fr\/wp-json\/wp\/v2\/posts\/144883","targetHints":{"allow":["GET"]}}],"collection":[{"href":"https:\/\/www.bellunopress.it\/fr\/wp-json\/wp\/v2\/posts"}],"about":[{"href":"https:\/\/www.bellunopress.it\/fr\/wp-json\/wp\/v2\/types\/post"}],"author":[{"embeddable":true,"href":"https:\/\/www.bellunopress.it\/fr\/wp-json\/wp\/v2\/users\/2"}],"replies":[{"embeddable":true,"href":"https:\/\/www.bellunopress.it\/fr\/wp-json\/wp\/v2\/comments?post=144883"}],"version-history":[{"count":1,"href":"https:\/\/www.bellunopress.it\/fr\/wp-json\/wp\/v2\/posts\/144883\/revisions"}],"predecessor-version":[{"id":144884,"href":"https:\/\/www.bellunopress.it\/fr\/wp-json\/wp\/v2\/posts\/144883\/revisions\/144884"}],"wp:featuredmedia":[{"embeddable":true,"href":"https:\/\/www.bellunopress.it\/fr\/wp-json\/wp\/v2\/media\/144661"}],"wp:attachment":[{"href":"https:\/\/www.bellunopress.it\/fr\/wp-json\/wp\/v2\/media?parent=144883"}],"wp:term":[{"taxonomy":"category","embeddable":true,"href":"https:\/\/www.bellunopress.it\/fr\/wp-json\/wp\/v2\/categories?post=144883"},{"taxonomy":"post_tag","embeddable":true,"href":"https:\/\/www.bellunopress.it\/fr\/wp-json\/wp\/v2\/tags?post=144883"}],"curies":[{"name":"wp","href":"https:\/\/api.w.org\/{rel}","templated":true}]}}