{"id":144826,"date":"2023-10-09T13:04:32","date_gmt":"2023-10-09T11:04:32","guid":{"rendered":"https:\/\/www.bellunopress.it\/?p=144826"},"modified":"2023-10-09T17:19:46","modified_gmt":"2023-10-09T15:19:46","slug":"vajont-fontana-eco-del-disastro-ancora-viva-in-cuori-e-coscienze","status":"publish","type":"post","link":"https:\/\/www.bellunopress.it\/fr\/2023\/10\/09\/vajont-fontana-eco-del-disastro-ancora-viva-in-cuori-e-coscienze\/","title":{"rendered":"Vajont. Fontana: &#8220;Eco del disastro ancora viva in cuori e coscienze&#8221;"},"content":{"rendered":"<p><img loading=\"lazy\" decoding=\"async\" class=\"alignleft size-full wp-image-144827\" src=\"https:\/\/www.bellunopress.it\/wp-content\/uploads\/2023\/10\/cimitero-Fortogna-Mattarella_edited.jpg\" alt=\"\" width=\"673\" height=\"539\" srcset=\"https:\/\/www.bellunopress.it\/wp-content\/uploads\/2023\/10\/cimitero-Fortogna-Mattarella_edited.jpg 673w, https:\/\/www.bellunopress.it\/wp-content\/uploads\/2023\/10\/cimitero-Fortogna-Mattarella_edited-500x400.jpg 500w\" sizes=\"auto, (max-width: 673px) 100vw, 673px\" \/>Longarone (BL) &#8211; 9 ottobre 2023 &#8211; &#8220;A sessant&#8217;anni da quel tragico 9 ottobre, onoriamo la memoria delle 1910 vittime, tra cui 487 minori, che perirono nella tragedia del Vajont. Nonostante il tempo trascorso da quell&#8217;immane catastrofe, la sua eco risuona ancora oggi nei cuori e nelle coscienze di tutti noi. Al dolore straziante di chi perse i propri cari e delle comunit\u00e0 devastate del Veneto e del Friuli-Venezia Giulia segu\u00ec il dramma dei sopravvissuti, che portarono e portano con s\u00e9 il ricordo indelebile di quella ferita per tutta la vita.<br \/>\nAi familiari delle vittime, ai sopravvissuti e ai soccorritori, che in quei giorni si prodigarono instancabilmente nell&#8217;aiuto alle popolazioni stremate, rinnovo la vicinanza e mi unisco commosso a nome mio personale e della Camera dei deputati&#8221;.<\/p>\n<p>Lo dichiara il presidente della Camera dei deputati, Lorenzo Fontana, che stamattina ha partecipato alla cerimonia di commemorazione del 60\u00b0 anniversario della tragedia del Vajont, alla presenza del Presidente della Repubblica Sergio Mattarella, al cimitero Monumentale di Fortogna di Longarone.<\/p>\n<p>&nbsp;<\/p>","protected":false},"excerpt":{"rendered":"<p>Longarone (BL) &#8211; 9 ottobre 2023 &#8211; &#8220;A sessant&#8217;anni da quel tragico 9 ottobre, onoriamo la memoria delle 1910 vittime, tra cui 487 minori, che perirono nella tragedia del Vajont. Nonostante il tempo trascorso da quell&#8217;immane catastrofe, la sua eco risuona ancora oggi nei cuori e nelle coscienze di tutti noi. Al dolore straziante di [&hellip;]<\/p>\n","protected":false},"author":2,"featured_media":144827,"comment_status":"closed","ping_status":"open","sticky":false,"template":"","format":"standard","meta":{"footnotes":""},"categories":[5],"tags":[],"class_list":["post-144826","post","type-post","status-publish","format-standard","has-post-thumbnail","category-cronaca"],"yoast_head":"<!-- This site is optimized with the Yoast SEO plugin v28.4 - https:\/\/yoast.com\/product\/yoast-seo-wordpress\/ -->\n<title>Vajont. Fontana: &quot;Eco del disastro ancora viva in cuori e coscienze&quot; - Bellunopress - Dolomiti<\/title>\n<meta name=\"robots\" content=\"index, follow, max-snippet:-1, max-image-preview:large, max-video-preview:-1\" \/>\n<link rel=\"canonical\" href=\"https:\/\/www.bellunopress.it\/fr\/2023\/10\/09\/vajont-fontana-eco-del-disastro-ancora-viva-in-cuori-e-coscienze\/\" \/>\n<meta property=\"og:locale\" content=\"fr_FR\" \/>\n<meta property=\"og:type\" content=\"article\" \/>\n<meta property=\"og:title\" content=\"Vajont. Fontana: &quot;Eco del disastro ancora viva in cuori e coscienze&quot; - Bellunopress - Dolomiti\" \/>\n<meta property=\"og:description\" content=\"Longarone (BL) &#8211; 9 ottobre 2023 &#8211; &#8220;A sessant&#8217;anni da quel tragico 9 ottobre, onoriamo la memoria delle 1910 vittime, tra cui 487 minori, che perirono nella tragedia del Vajont. Nonostante il tempo trascorso da quell&#8217;immane catastrofe, la sua eco risuona ancora oggi nei cuori e nelle coscienze di tutti noi. Al dolore straziante di [&hellip;]\" \/>\n<meta property=\"og:url\" content=\"https:\/\/www.bellunopress.it\/fr\/2023\/10\/09\/vajont-fontana-eco-del-disastro-ancora-viva-in-cuori-e-coscienze\/\" \/>\n<meta property=\"og:site_name\" content=\"Bellunopress - Dolomiti\" \/>\n<meta property=\"article:publisher\" content=\"https:\/\/www.facebook.com\/profile.php?id=100008943462799\" \/>\n<meta property=\"article:published_time\" content=\"2023-10-09T11:04:32+00:00\" \/>\n<meta property=\"article:modified_time\" content=\"2023-10-09T15:19:46+00:00\" \/>\n<meta property=\"og:image\" content=\"https:\/\/www.bellunopress.it\/wp-content\/uploads\/2023\/10\/cimitero-Fortogna-Mattarella_edited.jpg\" \/>\n\t<meta property=\"og:image:width\" content=\"673\" \/>\n\t<meta property=\"og:image:height\" content=\"539\" \/>\n\t<meta property=\"og:image:type\" content=\"image\/jpeg\" \/>\n<meta name=\"author\" content=\"redazione\" \/>\n<meta name=\"twitter:card\" content=\"summary_large_image\" \/>\n<meta name=\"twitter:creator\" content=\"@bellunopress\" \/>\n<meta name=\"twitter:site\" content=\"@bellunopress\" \/>\n<meta name=\"twitter:label1\" content=\"Written by\" \/>\n\t<meta name=\"twitter:data1\" content=\"redazione\" \/>\n\t<meta name=\"twitter:label2\" content=\"Est. reading time\" \/>\n\t<meta name=\"twitter:data2\" content=\"1 minute\" \/>\n<script type=\"application\/ld+json\" class=\"yoast-schema-graph\">{\"@context\":\"https:\\\/\\\/schema.org\",\"@graph\":[{\"@type\":\"Article\",\"@id\":\"https:\\\/\\\/www.bellunopress.it\\\/2023\\\/10\\\/09\\\/vajont-fontana-eco-del-disastro-ancora-viva-in-cuori-e-coscienze\\\/#article\",\"isPartOf\":{\"@id\":\"https:\\\/\\\/www.bellunopress.it\\\/2023\\\/10\\\/09\\\/vajont-fontana-eco-del-disastro-ancora-viva-in-cuori-e-coscienze\\\/\"},\"author\":{\"name\":\"redazione\",\"@id\":\"https:\\\/\\\/www.bellunopress.it\\\/#\\\/schema\\\/person\\\/79bb06722b37ece1c03d3e94beb30d73\"},\"headline\":\"Vajont. Fontana: &#8220;Eco del disastro ancora viva in cuori e coscienze&#8221;\",\"datePublished\":\"2023-10-09T11:04:32+00:00\",\"dateModified\":\"2023-10-09T15:19:46+00:00\",\"mainEntityOfPage\":{\"@id\":\"https:\\\/\\\/www.bellunopress.it\\\/2023\\\/10\\\/09\\\/vajont-fontana-eco-del-disastro-ancora-viva-in-cuori-e-coscienze\\\/\"},\"wordCount\":176,\"publisher\":{\"@id\":\"https:\\\/\\\/www.bellunopress.it\\\/#organization\"},\"image\":{\"@id\":\"https:\\\/\\\/www.bellunopress.it\\\/2023\\\/10\\\/09\\\/vajont-fontana-eco-del-disastro-ancora-viva-in-cuori-e-coscienze\\\/#primaryimage\"},\"thumbnailUrl\":\"https:\\\/\\\/www.bellunopress.it\\\/wp-content\\\/uploads\\\/2023\\\/10\\\/cimitero-Fortogna-Mattarella_edited.jpg\",\"articleSection\":[\"Cronaca\\\/Politica\"],\"inLanguage\":\"fr-FR\"},{\"@type\":\"WebPage\",\"@id\":\"https:\\\/\\\/www.bellunopress.it\\\/2023\\\/10\\\/09\\\/vajont-fontana-eco-del-disastro-ancora-viva-in-cuori-e-coscienze\\\/\",\"url\":\"https:\\\/\\\/www.bellunopress.it\\\/2023\\\/10\\\/09\\\/vajont-fontana-eco-del-disastro-ancora-viva-in-cuori-e-coscienze\\\/\",\"name\":\"Vajont. Fontana: \\\"Eco del disastro ancora viva in cuori e coscienze\\\" - Bellunopress - Dolomiti\",\"isPartOf\":{\"@id\":\"https:\\\/\\\/www.bellunopress.it\\\/#website\"},\"primaryImageOfPage\":{\"@id\":\"https:\\\/\\\/www.bellunopress.it\\\/2023\\\/10\\\/09\\\/vajont-fontana-eco-del-disastro-ancora-viva-in-cuori-e-coscienze\\\/#primaryimage\"},\"image\":{\"@id\":\"https:\\\/\\\/www.bellunopress.it\\\/2023\\\/10\\\/09\\\/vajont-fontana-eco-del-disastro-ancora-viva-in-cuori-e-coscienze\\\/#primaryimage\"},\"thumbnailUrl\":\"https:\\\/\\\/www.bellunopress.it\\\/wp-content\\\/uploads\\\/2023\\\/10\\\/cimitero-Fortogna-Mattarella_edited.jpg\",\"datePublished\":\"2023-10-09T11:04:32+00:00\",\"dateModified\":\"2023-10-09T15:19:46+00:00\",\"breadcrumb\":{\"@id\":\"https:\\\/\\\/www.bellunopress.it\\\/2023\\\/10\\\/09\\\/vajont-fontana-eco-del-disastro-ancora-viva-in-cuori-e-coscienze\\\/#breadcrumb\"},\"inLanguage\":\"fr-FR\",\"potentialAction\":[{\"@type\":\"ReadAction\",\"target\":[\"https:\\\/\\\/www.bellunopress.it\\\/2023\\\/10\\\/09\\\/vajont-fontana-eco-del-disastro-ancora-viva-in-cuori-e-coscienze\\\/\"]}]},{\"@type\":\"ImageObject\",\"inLanguage\":\"fr-FR\",\"@id\":\"https:\\\/\\\/www.bellunopress.it\\\/2023\\\/10\\\/09\\\/vajont-fontana-eco-del-disastro-ancora-viva-in-cuori-e-coscienze\\\/#primaryimage\",\"url\":\"https:\\\/\\\/www.bellunopress.it\\\/wp-content\\\/uploads\\\/2023\\\/10\\\/cimitero-Fortogna-Mattarella_edited.jpg\",\"contentUrl\":\"https:\\\/\\\/www.bellunopress.it\\\/wp-content\\\/uploads\\\/2023\\\/10\\\/cimitero-Fortogna-Mattarella_edited.jpg\",\"width\":673,\"height\":539},{\"@type\":\"BreadcrumbList\",\"@id\":\"https:\\\/\\\/www.bellunopress.it\\\/2023\\\/10\\\/09\\\/vajont-fontana-eco-del-disastro-ancora-viva-in-cuori-e-coscienze\\\/#breadcrumb\",\"itemListElement\":[{\"@type\":\"ListItem\",\"position\":1,\"name\":\"Home\",\"item\":\"https:\\\/\\\/www.bellunopress.it\\\/\"},{\"@type\":\"ListItem\",\"position\":2,\"name\":\"Vajont. Fontana: &#8220;Eco del disastro ancora viva in cuori e coscienze&#8221;\"}]},{\"@type\":\"WebSite\",\"@id\":\"https:\\\/\\\/www.bellunopress.it\\\/#website\",\"url\":\"https:\\\/\\\/www.bellunopress.it\\\/\",\"name\":\"Bellunopress - Dolomiti\",\"description\":\"e-mail: redazione@bellunopress.it\",\"publisher\":{\"@id\":\"https:\\\/\\\/www.bellunopress.it\\\/#organization\"},\"potentialAction\":[{\"@type\":\"SearchAction\",\"target\":{\"@type\":\"EntryPoint\",\"urlTemplate\":\"https:\\\/\\\/www.bellunopress.it\\\/?s={search_term_string}\"},\"query-input\":{\"@type\":\"PropertyValueSpecification\",\"valueRequired\":true,\"valueName\":\"search_term_string\"}}],\"inLanguage\":\"fr-FR\"},{\"@type\":\"Organization\",\"@id\":\"https:\\\/\\\/www.bellunopress.it\\\/#organization\",\"name\":\"Bellunopress\",\"url\":\"https:\\\/\\\/www.bellunopress.it\\\/\",\"logo\":{\"@type\":\"ImageObject\",\"inLanguage\":\"fr-FR\",\"@id\":\"https:\\\/\\\/www.bellunopress.it\\\/#\\\/schema\\\/logo\\\/image\\\/\",\"url\":\"https:\\\/\\\/www.bellunopress.it\\\/wp-content\\\/uploads\\\/2011\\\/05\\\/cropped-logo-bellunopress-.jpg\",\"contentUrl\":\"https:\\\/\\\/www.bellunopress.it\\\/wp-content\\\/uploads\\\/2011\\\/05\\\/cropped-logo-bellunopress-.jpg\",\"width\":512,\"height\":512,\"caption\":\"Bellunopress\"},\"image\":{\"@id\":\"https:\\\/\\\/www.bellunopress.it\\\/#\\\/schema\\\/logo\\\/image\\\/\"},\"sameAs\":[\"https:\\\/\\\/www.facebook.com\\\/profile.php?id=100008943462799\",\"https:\\\/\\\/x.com\\\/bellunopress\",\"https:\\\/\\\/www.linkedin.com\\\/hp\\\/?dnr=JBzUWaJfMUw8vbXJJ2tVW5-I3jZKvC4wsoxE&amp;amp;amp;amp;amp;amp;trk=nav_responsive_tab_home\",\"https:\\\/\\\/www.youtube.com\\\/channel\\\/UCxL0wu1uN0_3_7hGG0306cw\"]},{\"@type\":\"Person\",\"@id\":\"https:\\\/\\\/www.bellunopress.it\\\/#\\\/schema\\\/person\\\/79bb06722b37ece1c03d3e94beb30d73\",\"name\":\"redazione\",\"image\":{\"@type\":\"ImageObject\",\"inLanguage\":\"fr-FR\",\"@id\":\"https:\\\/\\\/secure.gravatar.com\\\/avatar\\\/37d968a2e67a6fd04c169c4bdef102d0bc5d31b2546345219e348575eb80e9a0?s=96&d=mm&r=g\",\"url\":\"https:\\\/\\\/secure.gravatar.com\\\/avatar\\\/37d968a2e67a6fd04c169c4bdef102d0bc5d31b2546345219e348575eb80e9a0?s=96&d=mm&r=g\",\"contentUrl\":\"https:\\\/\\\/secure.gravatar.com\\\/avatar\\\/37d968a2e67a6fd04c169c4bdef102d0bc5d31b2546345219e348575eb80e9a0?s=96&d=mm&r=g\",\"caption\":\"redazione\"},\"sameAs\":[\"http:\\\/\\\/www.bellunopress.it\",\"https:\\\/\\\/x.com\\\/bellunopress\"],\"url\":\"https:\\\/\\\/www.bellunopress.it\\\/fr\\\/author\\\/redazione\\\/\"}]}<\/script>\n<!-- \/ Yoast SEO plugin. -->","yoast_head_json":{"title":"Vajont. Fontana: \"Eco del disastro ancora viva in cuori e coscienze\" - Bellunopress - Dolomiti","robots":{"index":"index","follow":"follow","max-snippet":"max-snippet:-1","max-image-preview":"max-image-preview:large","max-video-preview":"max-video-preview:-1"},"canonical":"https:\/\/www.bellunopress.it\/fr\/2023\/10\/09\/vajont-fontana-eco-del-disastro-ancora-viva-in-cuori-e-coscienze\/","og_locale":"fr_FR","og_type":"article","og_title":"Vajont. Fontana: \"Eco del disastro ancora viva in cuori e coscienze\" - Bellunopress - Dolomiti","og_description":"Longarone (BL) &#8211; 9 ottobre 2023 &#8211; &#8220;A sessant&#8217;anni da quel tragico 9 ottobre, onoriamo la memoria delle 1910 vittime, tra cui 487 minori, che perirono nella tragedia del Vajont. Nonostante il tempo trascorso da quell&#8217;immane catastrofe, la sua eco risuona ancora oggi nei cuori e nelle coscienze di tutti noi. Al dolore straziante di [&hellip;]","og_url":"https:\/\/www.bellunopress.it\/fr\/2023\/10\/09\/vajont-fontana-eco-del-disastro-ancora-viva-in-cuori-e-coscienze\/","og_site_name":"Bellunopress - Dolomiti","article_publisher":"https:\/\/www.facebook.com\/profile.php?id=100008943462799","article_published_time":"2023-10-09T11:04:32+00:00","article_modified_time":"2023-10-09T15:19:46+00:00","og_image":[{"width":673,"height":539,"url":"https:\/\/www.bellunopress.it\/wp-content\/uploads\/2023\/10\/cimitero-Fortogna-Mattarella_edited.jpg","type":"image\/jpeg"}],"author":"redazione","twitter_card":"summary_large_image","twitter_creator":"@bellunopress","twitter_site":"@bellunopress","twitter_misc":{"Written by":"redazione","Est. reading time":"1 minute"},"schema":{"@context":"https:\/\/schema.org","@graph":[{"@type":"Article","@id":"https:\/\/www.bellunopress.it\/2023\/10\/09\/vajont-fontana-eco-del-disastro-ancora-viva-in-cuori-e-coscienze\/#article","isPartOf":{"@id":"https:\/\/www.bellunopress.it\/2023\/10\/09\/vajont-fontana-eco-del-disastro-ancora-viva-in-cuori-e-coscienze\/"},"author":{"name":"redazione","@id":"https:\/\/www.bellunopress.it\/#\/schema\/person\/79bb06722b37ece1c03d3e94beb30d73"},"headline":"Vajont. Fontana: &#8220;Eco del disastro ancora viva in cuori e coscienze&#8221;","datePublished":"2023-10-09T11:04:32+00:00","dateModified":"2023-10-09T15:19:46+00:00","mainEntityOfPage":{"@id":"https:\/\/www.bellunopress.it\/2023\/10\/09\/vajont-fontana-eco-del-disastro-ancora-viva-in-cuori-e-coscienze\/"},"wordCount":176,"publisher":{"@id":"https:\/\/www.bellunopress.it\/#organization"},"image":{"@id":"https:\/\/www.bellunopress.it\/2023\/10\/09\/vajont-fontana-eco-del-disastro-ancora-viva-in-cuori-e-coscienze\/#primaryimage"},"thumbnailUrl":"https:\/\/www.bellunopress.it\/wp-content\/uploads\/2023\/10\/cimitero-Fortogna-Mattarella_edited.jpg","articleSection":["Cronaca\/Politica"],"inLanguage":"fr-FR"},{"@type":"WebPage","@id":"https:\/\/www.bellunopress.it\/2023\/10\/09\/vajont-fontana-eco-del-disastro-ancora-viva-in-cuori-e-coscienze\/","url":"https:\/\/www.bellunopress.it\/2023\/10\/09\/vajont-fontana-eco-del-disastro-ancora-viva-in-cuori-e-coscienze\/","name":"Vajont. Fontana: \"Eco del disastro ancora viva in cuori e coscienze\" - Bellunopress - Dolomiti","isPartOf":{"@id":"https:\/\/www.bellunopress.it\/#website"},"primaryImageOfPage":{"@id":"https:\/\/www.bellunopress.it\/2023\/10\/09\/vajont-fontana-eco-del-disastro-ancora-viva-in-cuori-e-coscienze\/#primaryimage"},"image":{"@id":"https:\/\/www.bellunopress.it\/2023\/10\/09\/vajont-fontana-eco-del-disastro-ancora-viva-in-cuori-e-coscienze\/#primaryimage"},"thumbnailUrl":"https:\/\/www.bellunopress.it\/wp-content\/uploads\/2023\/10\/cimitero-Fortogna-Mattarella_edited.jpg","datePublished":"2023-10-09T11:04:32+00:00","dateModified":"2023-10-09T15:19:46+00:00","breadcrumb":{"@id":"https:\/\/www.bellunopress.it\/2023\/10\/09\/vajont-fontana-eco-del-disastro-ancora-viva-in-cuori-e-coscienze\/#breadcrumb"},"inLanguage":"fr-FR","potentialAction":[{"@type":"ReadAction","target":["https:\/\/www.bellunopress.it\/2023\/10\/09\/vajont-fontana-eco-del-disastro-ancora-viva-in-cuori-e-coscienze\/"]}]},{"@type":"ImageObject","inLanguage":"fr-FR","@id":"https:\/\/www.bellunopress.it\/2023\/10\/09\/vajont-fontana-eco-del-disastro-ancora-viva-in-cuori-e-coscienze\/#primaryimage","url":"https:\/\/www.bellunopress.it\/wp-content\/uploads\/2023\/10\/cimitero-Fortogna-Mattarella_edited.jpg","contentUrl":"https:\/\/www.bellunopress.it\/wp-content\/uploads\/2023\/10\/cimitero-Fortogna-Mattarella_edited.jpg","width":673,"height":539},{"@type":"BreadcrumbList","@id":"https:\/\/www.bellunopress.it\/2023\/10\/09\/vajont-fontana-eco-del-disastro-ancora-viva-in-cuori-e-coscienze\/#breadcrumb","itemListElement":[{"@type":"ListItem","position":1,"name":"Home","item":"https:\/\/www.bellunopress.it\/"},{"@type":"ListItem","position":2,"name":"Vajont. Fontana: &#8220;Eco del disastro ancora viva in cuori e coscienze&#8221;"}]},{"@type":"WebSite","@id":"https:\/\/www.bellunopress.it\/#website","url":"https:\/\/www.bellunopress.it\/","name":"Bellunopress - Dolomiti","description":"e-mail: redazione@bellunopress.it","publisher":{"@id":"https:\/\/www.bellunopress.it\/#organization"},"potentialAction":[{"@type":"SearchAction","target":{"@type":"EntryPoint","urlTemplate":"https:\/\/www.bellunopress.it\/?s={search_term_string}"},"query-input":{"@type":"PropertyValueSpecification","valueRequired":true,"valueName":"search_term_string"}}],"inLanguage":"fr-FR"},{"@type":"Organization","@id":"https:\/\/www.bellunopress.it\/#organization","name":"Bellunopress","url":"https:\/\/www.bellunopress.it\/","logo":{"@type":"ImageObject","inLanguage":"fr-FR","@id":"https:\/\/www.bellunopress.it\/#\/schema\/logo\/image\/","url":"https:\/\/www.bellunopress.it\/wp-content\/uploads\/2011\/05\/cropped-logo-bellunopress-.jpg","contentUrl":"https:\/\/www.bellunopress.it\/wp-content\/uploads\/2011\/05\/cropped-logo-bellunopress-.jpg","width":512,"height":512,"caption":"Bellunopress"},"image":{"@id":"https:\/\/www.bellunopress.it\/#\/schema\/logo\/image\/"},"sameAs":["https:\/\/www.facebook.com\/profile.php?id=100008943462799","https:\/\/x.com\/bellunopress","https:\/\/www.linkedin.com\/hp\/?dnr=JBzUWaJfMUw8vbXJJ2tVW5-I3jZKvC4wsoxE&amp;amp;amp;amp;amp;amp;trk=nav_responsive_tab_home","https:\/\/www.youtube.com\/channel\/UCxL0wu1uN0_3_7hGG0306cw"]},{"@type":"Person","@id":"https:\/\/www.bellunopress.it\/#\/schema\/person\/79bb06722b37ece1c03d3e94beb30d73","name":"r\u00e9daction","image":{"@type":"ImageObject","inLanguage":"fr-FR","@id":"https:\/\/secure.gravatar.com\/avatar\/37d968a2e67a6fd04c169c4bdef102d0bc5d31b2546345219e348575eb80e9a0?s=96&d=mm&r=g","url":"https:\/\/secure.gravatar.com\/avatar\/37d968a2e67a6fd04c169c4bdef102d0bc5d31b2546345219e348575eb80e9a0?s=96&d=mm&r=g","contentUrl":"https:\/\/secure.gravatar.com\/avatar\/37d968a2e67a6fd04c169c4bdef102d0bc5d31b2546345219e348575eb80e9a0?s=96&d=mm&r=g","caption":"redazione"},"sameAs":["http:\/\/www.bellunopress.it","https:\/\/x.com\/bellunopress"],"url":"https:\/\/www.bellunopress.it\/fr\/author\/redazione\/"}]}},"_links":{"self":[{"href":"https:\/\/www.bellunopress.it\/fr\/wp-json\/wp\/v2\/posts\/144826","targetHints":{"allow":["GET"]}}],"collection":[{"href":"https:\/\/www.bellunopress.it\/fr\/wp-json\/wp\/v2\/posts"}],"about":[{"href":"https:\/\/www.bellunopress.it\/fr\/wp-json\/wp\/v2\/types\/post"}],"author":[{"embeddable":true,"href":"https:\/\/www.bellunopress.it\/fr\/wp-json\/wp\/v2\/users\/2"}],"replies":[{"embeddable":true,"href":"https:\/\/www.bellunopress.it\/fr\/wp-json\/wp\/v2\/comments?post=144826"}],"version-history":[{"count":1,"href":"https:\/\/www.bellunopress.it\/fr\/wp-json\/wp\/v2\/posts\/144826\/revisions"}],"predecessor-version":[{"id":144828,"href":"https:\/\/www.bellunopress.it\/fr\/wp-json\/wp\/v2\/posts\/144826\/revisions\/144828"}],"wp:featuredmedia":[{"embeddable":true,"href":"https:\/\/www.bellunopress.it\/fr\/wp-json\/wp\/v2\/media\/144827"}],"wp:attachment":[{"href":"https:\/\/www.bellunopress.it\/fr\/wp-json\/wp\/v2\/media?parent=144826"}],"wp:term":[{"taxonomy":"category","embeddable":true,"href":"https:\/\/www.bellunopress.it\/fr\/wp-json\/wp\/v2\/categories?post=144826"},{"taxonomy":"post_tag","embeddable":true,"href":"https:\/\/www.bellunopress.it\/fr\/wp-json\/wp\/v2\/tags?post=144826"}],"curies":[{"name":"wp","href":"https:\/\/api.w.org\/{rel}","templated":true}]}}