{"id":144824,"date":"2023-10-09T13:57:20","date_gmt":"2023-10-09T11:57:20","guid":{"rendered":"https:\/\/www.bellunopress.it\/?p=144824"},"modified":"2023-10-09T17:00:38","modified_gmt":"2023-10-09T15:00:38","slug":"vajont-luisetto-e-camani-pd-ferita-indelebile-monito-per-la-politica","status":"publish","type":"post","link":"https:\/\/www.bellunopress.it\/fr\/2023\/10\/09\/vajont-luisetto-e-camani-pd-ferita-indelebile-monito-per-la-politica\/","title":{"rendered":"Vajont. Luisetto e Camani (PD): &#8220;Ferita indelebile, monito per la politica&#8221;"},"content":{"rendered":"<figure id=\"attachment_129626\" aria-describedby=\"caption-attachment-129626\" style=\"width: 1000px\" class=\"wp-caption alignleft\"><img loading=\"lazy\" decoding=\"async\" class=\"size-full wp-image-129626\" src=\"https:\/\/www.bellunopress.it\/wp-content\/uploads\/2021\/11\/Camani_edited.jpg\" alt=\"\" width=\"1000\" height=\"667\" srcset=\"https:\/\/www.bellunopress.it\/wp-content\/uploads\/2021\/11\/Camani_edited.jpg 1000w, https:\/\/www.bellunopress.it\/wp-content\/uploads\/2021\/11\/Camani_edited-500x334.jpg 500w, https:\/\/www.bellunopress.it\/wp-content\/uploads\/2021\/11\/Camani_edited-696x464.jpg 696w, https:\/\/www.bellunopress.it\/wp-content\/uploads\/2021\/11\/Camani_edited-630x420.jpg 630w\" sizes=\"auto, (max-width: 1000px) 100vw, 1000px\" \/><figcaption id=\"caption-attachment-129626\" class=\"wp-caption-text\">Vanessa Camani &#8211; Consigliera regionale<\/figcaption><\/figure>\n<p>Oggi la consigliera Chiara Luisetto, in rappresentanza del gruppo PD Veneto, ha preso parte alla cerimonia di commemorazione a 60 anni dal disastro del Vajont.<\/p>\n<p>&#8220;Le 1.910 vittime, di cui 487 bambini, sono una ferita indelebile ed un monito costante alla politica, per non dimenticare il peso delle responsabilit\u00e0 che l&#8217;uomo ha avuto in questa tragedia. Ecco perch\u00e9 &#8211; sottolinea Luisetto &#8211; questa ricorrenza impone oggi pi\u00f9 che mai un impegno: quello di accompagnare lo sviluppo con la sostenibilit\u00e0, la tutela ambientale, i controlli. Per garantire la sicurezza delle nostre comunit\u00e0. Ci\u00f2 significa apprendere la lezione di questo disastro, come ha ricordato il Capo dello Stato&#8221;.<\/p>\n<p>Un richiamo condiviso anche dalla capogruppo dem Vanessa Camani: &#8220;Oggi sappiamo perch\u00e9 avvenne questa strage. Sappiamo che fu colpa dell&#8217;uomo, delle sottovalutazioni che anticiparono la tragedia, dell&#8217;uso irresponsabile del territorio che venne attuato, della ricerca del profitto come unico obiettivo. Il Presidente ci ha saggiamente richiamati a &#8216;saper governare, con lungimiranza, gli squilibri che ci interpellano&#8217;. Oggi serve impegnarsi affinch\u00e9 sempre l&#8217;uso sulla natura sia rispettoso, sempre si accudisca l&#8217;ambiente, sempre prevalga sull&#8217;interesse economico la cura del bene comune&#8221;.<\/p>\n<p>&nbsp;<\/p>","protected":false},"excerpt":{"rendered":"<p>Oggi la consigliera Chiara Luisetto, in rappresentanza del gruppo PD Veneto, ha preso parte alla cerimonia di commemorazione a 60 anni dal disastro del Vajont. &#8220;Le 1.910 vittime, di cui 487 bambini, sono una ferita indelebile ed un monito costante alla politica, per non dimenticare il peso delle responsabilit\u00e0 che l&#8217;uomo ha avuto in questa [&hellip;]<\/p>\n","protected":false},"author":2,"featured_media":129626,"comment_status":"closed","ping_status":"open","sticky":false,"template":"","format":"standard","meta":{"footnotes":""},"categories":[5],"tags":[],"class_list":["post-144824","post","type-post","status-publish","format-standard","has-post-thumbnail","category-cronaca"],"yoast_head":"<!-- This site is optimized with the Yoast SEO plugin v28.4 - https:\/\/yoast.com\/product\/yoast-seo-wordpress\/ -->\n<title>Vajont. Luisetto e Camani (PD): &quot;Ferita indelebile, monito per la politica&quot; - Bellunopress - Dolomiti<\/title>\n<meta name=\"robots\" content=\"index, follow, max-snippet:-1, max-image-preview:large, max-video-preview:-1\" \/>\n<link rel=\"canonical\" href=\"https:\/\/www.bellunopress.it\/fr\/2023\/10\/09\/vajont-luisetto-e-camani-pd-ferita-indelebile-monito-per-la-politica\/\" \/>\n<meta property=\"og:locale\" content=\"fr_FR\" \/>\n<meta property=\"og:type\" content=\"article\" \/>\n<meta property=\"og:title\" content=\"Vajont. Luisetto e Camani (PD): &quot;Ferita indelebile, monito per la politica&quot; - Bellunopress - Dolomiti\" \/>\n<meta property=\"og:description\" content=\"Oggi la consigliera Chiara Luisetto, in rappresentanza del gruppo PD Veneto, ha preso parte alla cerimonia di commemorazione a 60 anni dal disastro del Vajont. &#8220;Le 1.910 vittime, di cui 487 bambini, sono una ferita indelebile ed un monito costante alla politica, per non dimenticare il peso delle responsabilit\u00e0 che l&#8217;uomo ha avuto in questa [&hellip;]\" \/>\n<meta property=\"og:url\" content=\"https:\/\/www.bellunopress.it\/fr\/2023\/10\/09\/vajont-luisetto-e-camani-pd-ferita-indelebile-monito-per-la-politica\/\" \/>\n<meta property=\"og:site_name\" content=\"Bellunopress - Dolomiti\" \/>\n<meta property=\"article:publisher\" content=\"https:\/\/www.facebook.com\/profile.php?id=100008943462799\" \/>\n<meta property=\"article:published_time\" content=\"2023-10-09T11:57:20+00:00\" \/>\n<meta property=\"article:modified_time\" content=\"2023-10-09T15:00:38+00:00\" \/>\n<meta property=\"og:image\" content=\"https:\/\/www.bellunopress.it\/wp-content\/uploads\/2021\/11\/Camani_edited.jpg\" \/>\n\t<meta property=\"og:image:width\" content=\"1000\" \/>\n\t<meta property=\"og:image:height\" content=\"667\" \/>\n\t<meta property=\"og:image:type\" content=\"image\/jpeg\" \/>\n<meta name=\"author\" content=\"redazione\" \/>\n<meta name=\"twitter:card\" content=\"summary_large_image\" \/>\n<meta name=\"twitter:creator\" content=\"@bellunopress\" \/>\n<meta name=\"twitter:site\" content=\"@bellunopress\" \/>\n<meta name=\"twitter:label1\" content=\"\u00c9crit par\" \/>\n\t<meta name=\"twitter:data1\" content=\"redazione\" \/>\n\t<meta name=\"twitter:label2\" content=\"Dur\u00e9e de lecture estim\u00e9e\" \/>\n\t<meta name=\"twitter:data2\" content=\"1 minute\" \/>\n<script type=\"application\/ld+json\" class=\"yoast-schema-graph\">{\"@context\":\"https:\\\/\\\/schema.org\",\"@graph\":[{\"@type\":\"Article\",\"@id\":\"https:\\\/\\\/www.bellunopress.it\\\/2023\\\/10\\\/09\\\/vajont-luisetto-e-camani-pd-ferita-indelebile-monito-per-la-politica\\\/#article\",\"isPartOf\":{\"@id\":\"https:\\\/\\\/www.bellunopress.it\\\/2023\\\/10\\\/09\\\/vajont-luisetto-e-camani-pd-ferita-indelebile-monito-per-la-politica\\\/\"},\"author\":{\"name\":\"redazione\",\"@id\":\"https:\\\/\\\/www.bellunopress.it\\\/#\\\/schema\\\/person\\\/79bb06722b37ece1c03d3e94beb30d73\"},\"headline\":\"Vajont. Luisetto e Camani (PD): &#8220;Ferita indelebile, monito per la politica&#8221;\",\"datePublished\":\"2023-10-09T11:57:20+00:00\",\"dateModified\":\"2023-10-09T15:00:38+00:00\",\"mainEntityOfPage\":{\"@id\":\"https:\\\/\\\/www.bellunopress.it\\\/2023\\\/10\\\/09\\\/vajont-luisetto-e-camani-pd-ferita-indelebile-monito-per-la-politica\\\/\"},\"wordCount\":212,\"publisher\":{\"@id\":\"https:\\\/\\\/www.bellunopress.it\\\/#organization\"},\"image\":{\"@id\":\"https:\\\/\\\/www.bellunopress.it\\\/2023\\\/10\\\/09\\\/vajont-luisetto-e-camani-pd-ferita-indelebile-monito-per-la-politica\\\/#primaryimage\"},\"thumbnailUrl\":\"https:\\\/\\\/www.bellunopress.it\\\/wp-content\\\/uploads\\\/2021\\\/11\\\/Camani_edited.jpg\",\"articleSection\":[\"Cronaca\\\/Politica\"],\"inLanguage\":\"fr-FR\"},{\"@type\":\"WebPage\",\"@id\":\"https:\\\/\\\/www.bellunopress.it\\\/2023\\\/10\\\/09\\\/vajont-luisetto-e-camani-pd-ferita-indelebile-monito-per-la-politica\\\/\",\"url\":\"https:\\\/\\\/www.bellunopress.it\\\/2023\\\/10\\\/09\\\/vajont-luisetto-e-camani-pd-ferita-indelebile-monito-per-la-politica\\\/\",\"name\":\"Vajont. Luisetto e Camani (PD): \\\"Ferita indelebile, monito per la politica\\\" - Bellunopress - Dolomiti\",\"isPartOf\":{\"@id\":\"https:\\\/\\\/www.bellunopress.it\\\/#website\"},\"primaryImageOfPage\":{\"@id\":\"https:\\\/\\\/www.bellunopress.it\\\/2023\\\/10\\\/09\\\/vajont-luisetto-e-camani-pd-ferita-indelebile-monito-per-la-politica\\\/#primaryimage\"},\"image\":{\"@id\":\"https:\\\/\\\/www.bellunopress.it\\\/2023\\\/10\\\/09\\\/vajont-luisetto-e-camani-pd-ferita-indelebile-monito-per-la-politica\\\/#primaryimage\"},\"thumbnailUrl\":\"https:\\\/\\\/www.bellunopress.it\\\/wp-content\\\/uploads\\\/2021\\\/11\\\/Camani_edited.jpg\",\"datePublished\":\"2023-10-09T11:57:20+00:00\",\"dateModified\":\"2023-10-09T15:00:38+00:00\",\"breadcrumb\":{\"@id\":\"https:\\\/\\\/www.bellunopress.it\\\/2023\\\/10\\\/09\\\/vajont-luisetto-e-camani-pd-ferita-indelebile-monito-per-la-politica\\\/#breadcrumb\"},\"inLanguage\":\"fr-FR\",\"potentialAction\":[{\"@type\":\"ReadAction\",\"target\":[\"https:\\\/\\\/www.bellunopress.it\\\/2023\\\/10\\\/09\\\/vajont-luisetto-e-camani-pd-ferita-indelebile-monito-per-la-politica\\\/\"]}]},{\"@type\":\"ImageObject\",\"inLanguage\":\"fr-FR\",\"@id\":\"https:\\\/\\\/www.bellunopress.it\\\/2023\\\/10\\\/09\\\/vajont-luisetto-e-camani-pd-ferita-indelebile-monito-per-la-politica\\\/#primaryimage\",\"url\":\"https:\\\/\\\/www.bellunopress.it\\\/wp-content\\\/uploads\\\/2021\\\/11\\\/Camani_edited.jpg\",\"contentUrl\":\"https:\\\/\\\/www.bellunopress.it\\\/wp-content\\\/uploads\\\/2021\\\/11\\\/Camani_edited.jpg\",\"width\":1000,\"height\":667,\"caption\":\"Vanessa Camani - Capogruppo Pd in Consiglio regionale del Veneto\"},{\"@type\":\"BreadcrumbList\",\"@id\":\"https:\\\/\\\/www.bellunopress.it\\\/2023\\\/10\\\/09\\\/vajont-luisetto-e-camani-pd-ferita-indelebile-monito-per-la-politica\\\/#breadcrumb\",\"itemListElement\":[{\"@type\":\"ListItem\",\"position\":1,\"name\":\"Home\",\"item\":\"https:\\\/\\\/www.bellunopress.it\\\/\"},{\"@type\":\"ListItem\",\"position\":2,\"name\":\"Vajont. Luisetto e Camani (PD): &#8220;Ferita indelebile, monito per la politica&#8221;\"}]},{\"@type\":\"WebSite\",\"@id\":\"https:\\\/\\\/www.bellunopress.it\\\/#website\",\"url\":\"https:\\\/\\\/www.bellunopress.it\\\/\",\"name\":\"Bellunopress - Dolomiti\",\"description\":\"e-mail: redazione@bellunopress.it\",\"publisher\":{\"@id\":\"https:\\\/\\\/www.bellunopress.it\\\/#organization\"},\"potentialAction\":[{\"@type\":\"SearchAction\",\"target\":{\"@type\":\"EntryPoint\",\"urlTemplate\":\"https:\\\/\\\/www.bellunopress.it\\\/?s={search_term_string}\"},\"query-input\":{\"@type\":\"PropertyValueSpecification\",\"valueRequired\":true,\"valueName\":\"search_term_string\"}}],\"inLanguage\":\"fr-FR\"},{\"@type\":\"Organization\",\"@id\":\"https:\\\/\\\/www.bellunopress.it\\\/#organization\",\"name\":\"Bellunopress\",\"url\":\"https:\\\/\\\/www.bellunopress.it\\\/\",\"logo\":{\"@type\":\"ImageObject\",\"inLanguage\":\"fr-FR\",\"@id\":\"https:\\\/\\\/www.bellunopress.it\\\/#\\\/schema\\\/logo\\\/image\\\/\",\"url\":\"https:\\\/\\\/www.bellunopress.it\\\/wp-content\\\/uploads\\\/2011\\\/05\\\/cropped-logo-bellunopress-.jpg\",\"contentUrl\":\"https:\\\/\\\/www.bellunopress.it\\\/wp-content\\\/uploads\\\/2011\\\/05\\\/cropped-logo-bellunopress-.jpg\",\"width\":512,\"height\":512,\"caption\":\"Bellunopress\"},\"image\":{\"@id\":\"https:\\\/\\\/www.bellunopress.it\\\/#\\\/schema\\\/logo\\\/image\\\/\"},\"sameAs\":[\"https:\\\/\\\/www.facebook.com\\\/profile.php?id=100008943462799\",\"https:\\\/\\\/x.com\\\/bellunopress\",\"https:\\\/\\\/www.linkedin.com\\\/hp\\\/?dnr=JBzUWaJfMUw8vbXJJ2tVW5-I3jZKvC4wsoxE&amp;amp;amp;amp;amp;amp;trk=nav_responsive_tab_home\",\"https:\\\/\\\/www.youtube.com\\\/channel\\\/UCxL0wu1uN0_3_7hGG0306cw\"]},{\"@type\":\"Person\",\"@id\":\"https:\\\/\\\/www.bellunopress.it\\\/#\\\/schema\\\/person\\\/79bb06722b37ece1c03d3e94beb30d73\",\"name\":\"redazione\",\"image\":{\"@type\":\"ImageObject\",\"inLanguage\":\"fr-FR\",\"@id\":\"https:\\\/\\\/secure.gravatar.com\\\/avatar\\\/37d968a2e67a6fd04c169c4bdef102d0bc5d31b2546345219e348575eb80e9a0?s=96&d=mm&r=g\",\"url\":\"https:\\\/\\\/secure.gravatar.com\\\/avatar\\\/37d968a2e67a6fd04c169c4bdef102d0bc5d31b2546345219e348575eb80e9a0?s=96&d=mm&r=g\",\"contentUrl\":\"https:\\\/\\\/secure.gravatar.com\\\/avatar\\\/37d968a2e67a6fd04c169c4bdef102d0bc5d31b2546345219e348575eb80e9a0?s=96&d=mm&r=g\",\"caption\":\"redazione\"},\"sameAs\":[\"http:\\\/\\\/www.bellunopress.it\",\"https:\\\/\\\/x.com\\\/bellunopress\"],\"url\":\"https:\\\/\\\/www.bellunopress.it\\\/fr\\\/author\\\/redazione\\\/\"}]}<\/script>\n<!-- \/ Yoast SEO plugin. -->","yoast_head_json":{"title":"Vajont. Luisetto e Camani (PD): \"Ferita indelebile, monito per la politica\" - Bellunopress - Dolomiti","robots":{"index":"index","follow":"follow","max-snippet":"max-snippet:-1","max-image-preview":"max-image-preview:large","max-video-preview":"max-video-preview:-1"},"canonical":"https:\/\/www.bellunopress.it\/fr\/2023\/10\/09\/vajont-luisetto-e-camani-pd-ferita-indelebile-monito-per-la-politica\/","og_locale":"fr_FR","og_type":"article","og_title":"Vajont. Luisetto e Camani (PD): \"Ferita indelebile, monito per la politica\" - Bellunopress - Dolomiti","og_description":"Oggi la consigliera Chiara Luisetto, in rappresentanza del gruppo PD Veneto, ha preso parte alla cerimonia di commemorazione a 60 anni dal disastro del Vajont. &#8220;Le 1.910 vittime, di cui 487 bambini, sono una ferita indelebile ed un monito costante alla politica, per non dimenticare il peso delle responsabilit\u00e0 che l&#8217;uomo ha avuto in questa [&hellip;]","og_url":"https:\/\/www.bellunopress.it\/fr\/2023\/10\/09\/vajont-luisetto-e-camani-pd-ferita-indelebile-monito-per-la-politica\/","og_site_name":"Bellunopress - Dolomiti","article_publisher":"https:\/\/www.facebook.com\/profile.php?id=100008943462799","article_published_time":"2023-10-09T11:57:20+00:00","article_modified_time":"2023-10-09T15:00:38+00:00","og_image":[{"width":1000,"height":667,"url":"https:\/\/www.bellunopress.it\/wp-content\/uploads\/2021\/11\/Camani_edited.jpg","type":"image\/jpeg"}],"author":"redazione","twitter_card":"summary_large_image","twitter_creator":"@bellunopress","twitter_site":"@bellunopress","twitter_misc":{"\u00c9crit par":"redazione","Dur\u00e9e de lecture estim\u00e9e":"1 minute"},"schema":{"@context":"https:\/\/schema.org","@graph":[{"@type":"Article","@id":"https:\/\/www.bellunopress.it\/2023\/10\/09\/vajont-luisetto-e-camani-pd-ferita-indelebile-monito-per-la-politica\/#article","isPartOf":{"@id":"https:\/\/www.bellunopress.it\/2023\/10\/09\/vajont-luisetto-e-camani-pd-ferita-indelebile-monito-per-la-politica\/"},"author":{"name":"redazione","@id":"https:\/\/www.bellunopress.it\/#\/schema\/person\/79bb06722b37ece1c03d3e94beb30d73"},"headline":"Vajont. Luisetto e Camani (PD): &#8220;Ferita indelebile, monito per la politica&#8221;","datePublished":"2023-10-09T11:57:20+00:00","dateModified":"2023-10-09T15:00:38+00:00","mainEntityOfPage":{"@id":"https:\/\/www.bellunopress.it\/2023\/10\/09\/vajont-luisetto-e-camani-pd-ferita-indelebile-monito-per-la-politica\/"},"wordCount":212,"publisher":{"@id":"https:\/\/www.bellunopress.it\/#organization"},"image":{"@id":"https:\/\/www.bellunopress.it\/2023\/10\/09\/vajont-luisetto-e-camani-pd-ferita-indelebile-monito-per-la-politica\/#primaryimage"},"thumbnailUrl":"https:\/\/www.bellunopress.it\/wp-content\/uploads\/2021\/11\/Camani_edited.jpg","articleSection":["Cronaca\/Politica"],"inLanguage":"fr-FR"},{"@type":"WebPage","@id":"https:\/\/www.bellunopress.it\/2023\/10\/09\/vajont-luisetto-e-camani-pd-ferita-indelebile-monito-per-la-politica\/","url":"https:\/\/www.bellunopress.it\/2023\/10\/09\/vajont-luisetto-e-camani-pd-ferita-indelebile-monito-per-la-politica\/","name":"Vajont. Luisetto e Camani (PD): \"Ferita indelebile, monito per la politica\" - Bellunopress - Dolomiti","isPartOf":{"@id":"https:\/\/www.bellunopress.it\/#website"},"primaryImageOfPage":{"@id":"https:\/\/www.bellunopress.it\/2023\/10\/09\/vajont-luisetto-e-camani-pd-ferita-indelebile-monito-per-la-politica\/#primaryimage"},"image":{"@id":"https:\/\/www.bellunopress.it\/2023\/10\/09\/vajont-luisetto-e-camani-pd-ferita-indelebile-monito-per-la-politica\/#primaryimage"},"thumbnailUrl":"https:\/\/www.bellunopress.it\/wp-content\/uploads\/2021\/11\/Camani_edited.jpg","datePublished":"2023-10-09T11:57:20+00:00","dateModified":"2023-10-09T15:00:38+00:00","breadcrumb":{"@id":"https:\/\/www.bellunopress.it\/2023\/10\/09\/vajont-luisetto-e-camani-pd-ferita-indelebile-monito-per-la-politica\/#breadcrumb"},"inLanguage":"fr-FR","potentialAction":[{"@type":"ReadAction","target":["https:\/\/www.bellunopress.it\/2023\/10\/09\/vajont-luisetto-e-camani-pd-ferita-indelebile-monito-per-la-politica\/"]}]},{"@type":"ImageObject","inLanguage":"fr-FR","@id":"https:\/\/www.bellunopress.it\/2023\/10\/09\/vajont-luisetto-e-camani-pd-ferita-indelebile-monito-per-la-politica\/#primaryimage","url":"https:\/\/www.bellunopress.it\/wp-content\/uploads\/2021\/11\/Camani_edited.jpg","contentUrl":"https:\/\/www.bellunopress.it\/wp-content\/uploads\/2021\/11\/Camani_edited.jpg","width":1000,"height":667,"caption":"Vanessa Camani - Capogruppo Pd in Consiglio regionale del Veneto"},{"@type":"BreadcrumbList","@id":"https:\/\/www.bellunopress.it\/2023\/10\/09\/vajont-luisetto-e-camani-pd-ferita-indelebile-monito-per-la-politica\/#breadcrumb","itemListElement":[{"@type":"ListItem","position":1,"name":"Home","item":"https:\/\/www.bellunopress.it\/"},{"@type":"ListItem","position":2,"name":"Vajont. Luisetto e Camani (PD): &#8220;Ferita indelebile, monito per la politica&#8221;"}]},{"@type":"WebSite","@id":"https:\/\/www.bellunopress.it\/#website","url":"https:\/\/www.bellunopress.it\/","name":"Bellunopress - Dolomiti","description":"e-mail: redazione@bellunopress.it","publisher":{"@id":"https:\/\/www.bellunopress.it\/#organization"},"potentialAction":[{"@type":"SearchAction","target":{"@type":"EntryPoint","urlTemplate":"https:\/\/www.bellunopress.it\/?s={search_term_string}"},"query-input":{"@type":"PropertyValueSpecification","valueRequired":true,"valueName":"search_term_string"}}],"inLanguage":"fr-FR"},{"@type":"Organization","@id":"https:\/\/www.bellunopress.it\/#organization","name":"Bellunopress","url":"https:\/\/www.bellunopress.it\/","logo":{"@type":"ImageObject","inLanguage":"fr-FR","@id":"https:\/\/www.bellunopress.it\/#\/schema\/logo\/image\/","url":"https:\/\/www.bellunopress.it\/wp-content\/uploads\/2011\/05\/cropped-logo-bellunopress-.jpg","contentUrl":"https:\/\/www.bellunopress.it\/wp-content\/uploads\/2011\/05\/cropped-logo-bellunopress-.jpg","width":512,"height":512,"caption":"Bellunopress"},"image":{"@id":"https:\/\/www.bellunopress.it\/#\/schema\/logo\/image\/"},"sameAs":["https:\/\/www.facebook.com\/profile.php?id=100008943462799","https:\/\/x.com\/bellunopress","https:\/\/www.linkedin.com\/hp\/?dnr=JBzUWaJfMUw8vbXJJ2tVW5-I3jZKvC4wsoxE&amp;amp;amp;amp;amp;amp;trk=nav_responsive_tab_home","https:\/\/www.youtube.com\/channel\/UCxL0wu1uN0_3_7hGG0306cw"]},{"@type":"Person","@id":"https:\/\/www.bellunopress.it\/#\/schema\/person\/79bb06722b37ece1c03d3e94beb30d73","name":"r\u00e9daction","image":{"@type":"ImageObject","inLanguage":"fr-FR","@id":"https:\/\/secure.gravatar.com\/avatar\/37d968a2e67a6fd04c169c4bdef102d0bc5d31b2546345219e348575eb80e9a0?s=96&d=mm&r=g","url":"https:\/\/secure.gravatar.com\/avatar\/37d968a2e67a6fd04c169c4bdef102d0bc5d31b2546345219e348575eb80e9a0?s=96&d=mm&r=g","contentUrl":"https:\/\/secure.gravatar.com\/avatar\/37d968a2e67a6fd04c169c4bdef102d0bc5d31b2546345219e348575eb80e9a0?s=96&d=mm&r=g","caption":"redazione"},"sameAs":["http:\/\/www.bellunopress.it","https:\/\/x.com\/bellunopress"],"url":"https:\/\/www.bellunopress.it\/fr\/author\/redazione\/"}]}},"_links":{"self":[{"href":"https:\/\/www.bellunopress.it\/fr\/wp-json\/wp\/v2\/posts\/144824","targetHints":{"allow":["GET"]}}],"collection":[{"href":"https:\/\/www.bellunopress.it\/fr\/wp-json\/wp\/v2\/posts"}],"about":[{"href":"https:\/\/www.bellunopress.it\/fr\/wp-json\/wp\/v2\/types\/post"}],"author":[{"embeddable":true,"href":"https:\/\/www.bellunopress.it\/fr\/wp-json\/wp\/v2\/users\/2"}],"replies":[{"embeddable":true,"href":"https:\/\/www.bellunopress.it\/fr\/wp-json\/wp\/v2\/comments?post=144824"}],"version-history":[{"count":1,"href":"https:\/\/www.bellunopress.it\/fr\/wp-json\/wp\/v2\/posts\/144824\/revisions"}],"predecessor-version":[{"id":144825,"href":"https:\/\/www.bellunopress.it\/fr\/wp-json\/wp\/v2\/posts\/144824\/revisions\/144825"}],"wp:featuredmedia":[{"embeddable":true,"href":"https:\/\/www.bellunopress.it\/fr\/wp-json\/wp\/v2\/media\/129626"}],"wp:attachment":[{"href":"https:\/\/www.bellunopress.it\/fr\/wp-json\/wp\/v2\/media?parent=144824"}],"wp:term":[{"taxonomy":"category","embeddable":true,"href":"https:\/\/www.bellunopress.it\/fr\/wp-json\/wp\/v2\/categories?post=144824"},{"taxonomy":"post_tag","embeddable":true,"href":"https:\/\/www.bellunopress.it\/fr\/wp-json\/wp\/v2\/tags?post=144824"}],"curies":[{"name":"wp","href":"https:\/\/api.w.org\/{rel}","templated":true}]}}